{"id":10102,"date":"2022-10-05T12:25:36","date_gmt":"2022-10-05T10:25:36","guid":{"rendered":"https:\/\/www.clicars.com\/blog\/?p=10102"},"modified":"2022-12-05T17:32:09","modified_gmt":"2022-12-05T15:32:09","slug":"ocu-pide-la-retirada-de-la-etiqueta-cero-en-los-coches-hibridos-enchufables","status":"publish","type":"post","link":"https:\/\/www.clicars.com\/blog\/actualidad\/ocu-pide-la-retirada-de-la-etiqueta-cero-en-los-coches-hibridos-enchufables\/","title":{"rendered":"La OCU pide la retirada de la etiqueta CERO en los coches h\u00edbridos enchufables"},"content":{"rendered":"<p><span style=\"font-weight: 400;\">La <\/span><b>Organizaci\u00f3n de Consumidores y Usuarios<\/b><span style=\"font-weight: 400;\"> ha solicitado, bas\u00e1ndose en su informe, la <\/span><b>retirada de la etiqueta CERO en los coches h\u00edbridos enchufables<\/b><span style=\"font-weight: 400;\">. Dicho informe apunta que algunos de estos modelos contaminan m\u00e1s que otros di\u00e9sel o gasolina.\u00a0<\/span><\/p>\n<p><span style=\"font-weight: 400;\">Esta solicitud de la OCU no es algo nuevo, y es que desde que llegaron los distintivos medioambientales de la DGT no han dejado indiferente a nadie. As\u00ed mismo, la Organizaci\u00f3n de Consumidores y Usuarios ha desarrollado un informe en el que se han <\/span><b>analizado 147 modelos<\/b><span style=\"font-weight: 400;\"> y ha confirmado que \u201clas advertencias ya realizadas en los \u00faltimos a\u00f1os sobre las excesivas emisiones contaminantes que generan buena parte de este tipo de veh\u00edculos y los llamados mild-hybrid\u201d.\u00a0<\/span><\/p>\n<h2><b>Coches h\u00edbridos enchufables, en el ojo del hurac\u00e1n<\/b><\/h2>\n<p><span style=\"font-weight: 400;\">Los <\/span><a href=\"https:\/\/www.clicars.com\/coches-segunda-mano-ocasion\/hibrido-enchufable\"><span style=\"font-weight: 400;\">coches h\u00edbridos enchufables<\/span><\/a><span style=\"font-weight: 400;\"> tienen una autonom\u00eda el\u00e9ctrica de entre 40 y 60 kil\u00f3metros, pero, \u00bfqu\u00e9 sucede cuando se apaga el modo el\u00e9ctrico? El estudio de la OCU apunta a que contaminan lo mismo que un coche de combusti\u00f3n convencional. Por este motivo, el organismo solicita la retirada de la etiqueta CERO en los coches h\u00edbridos enchufables.\u00a0<\/span><\/p>\n<p><span style=\"font-weight: 400;\">Adem\u00e1s, la OCU va m\u00e1s all\u00e1 y es que asegura que un 38% de los modelos analizados \u201cgeneran excesivas emisiones y ni siquiera deber\u00edan llevar una <\/span><b>etiqueta ECO<\/b><span style=\"font-weight: 400;\"> porque apenas el 9% de los modelos con motor de combusti\u00f3n, sean di\u00e9sel o gasolina, resultan tan contaminantes\u201d.\u00a0<\/span><\/p>\n<p><span style=\"font-weight: 400;\">As\u00ed mismo, entre los h\u00edbridos enchufables existen modelos que tienen una muy buena valoraci\u00f3n como es el caso del <\/span><span style=\"font-weight: 400;\">Renault M\u00e9gane<\/span><span style=\"font-weight: 400;\">.<\/span><\/p>\n<p><img loading=\"lazy\" decoding=\"async\" class=\"aligncenter wp-image-10715 size-full\" src=\"https:\/\/www.clicars.com\/blog\/wp-content\/uploads\/2022\/10\/Enchufe-IONIQ-recortada-scaled-1.jpg\" alt=\"coche hibrido contaminacion\" width=\"907\" height=\"694\" srcset=\"https:\/\/www.clicars.com\/blog\/wp-content\/uploads\/2022\/10\/Enchufe-IONIQ-recortada-scaled-1.jpg 907w, https:\/\/www.clicars.com\/blog\/wp-content\/uploads\/2022\/10\/Enchufe-IONIQ-recortada-scaled-1-300x230.jpg 300w, https:\/\/www.clicars.com\/blog\/wp-content\/uploads\/2022\/10\/Enchufe-IONIQ-recortada-scaled-1-768x588.jpg 768w\" sizes=\"auto, (max-width: 907px) 100vw, 907px\" \/><\/p>\n<h2><b>Mild-Hybrid, \u00bfqu\u00e9 pasa con ellos?<\/b><\/h2>\n<p><span style=\"font-weight: 400;\">Los <\/span><a href=\"https:\/\/www.clicars.com\/coches-segunda-mano-ocasion\/mild-hybrid\"><span style=\"font-weight: 400;\">modelos mild-hybrid<\/span><\/a><span style=\"font-weight: 400;\"> tambi\u00e9n han sido analizados por la OCU y se\u00f1alan que el 25% tambi\u00e9n registran unas emisiones excesivas, seg\u00fan el an\u00e1lisis de emisiones realizado por el organismo.\u00a0<\/span><\/p>\n<p><span style=\"font-weight: 400;\">Por tanto, desde la OCU se considera que \u201cel actual sistema de concesi\u00f3n de etiquetas, aunque ha sido un buen paso inicial e importante para concienciar a los conductores, es un sistema injusto, pues est\u00e1 basado en las tecnolog\u00edas del motor y no en las emisiones reales de los veh\u00edculos\u201d.<\/span><\/p>\n<p><img loading=\"lazy\" decoding=\"async\" class=\"aligncenter wp-image-10105 size-full\" src=\"https:\/\/www.clicars.com\/blog\/wp-content\/uploads\/2022\/10\/coche-mild-hybrid.jpg\" alt=\"coche mild hybrid\" width=\"900\" height=\"600\" srcset=\"https:\/\/www.clicars.com\/blog\/wp-content\/uploads\/2022\/10\/coche-mild-hybrid.jpg 900w, https:\/\/www.clicars.com\/blog\/wp-content\/uploads\/2022\/10\/coche-mild-hybrid-300x200.jpg 300w, https:\/\/www.clicars.com\/blog\/wp-content\/uploads\/2022\/10\/coche-mild-hybrid-768x512.jpg 768w\" sizes=\"auto, (max-width: 900px) 100vw, 900px\" \/><\/p>\n<p><span style=\"font-weight: 400;\">Sea cual sea el tipo de coche que quieras conducir, est\u00e1 disponible en <\/span><b>Clicars<\/b><span style=\"font-weight: 400;\">. \u00bfTe apetece que demos una vuelta?<\/span><\/p>\n","protected":false},"excerpt":{"rendered":"<p>La Organizaci\u00f3n de Consumidores y Usuarios ha solicitado, bas\u00e1ndose en su informe, la retirada de&#8230;<\/p>\n","protected":false},"author":2,"featured_media":10714,"comment_status":"closed","ping_status":"closed","sticky":false,"template":"","format":"standard","meta":{"footnotes":""},"categories":[5],"tags":[],"class_list":{"0":"post-10102","1":"post","2":"type-post","3":"status-publish","4":"format-standard","5":"has-post-thumbnail","7":"category-actualidad"},"yoast_head":"<!-- This site is optimized with the Yoast SEO plugin v26.8 - https:\/\/yoast.com\/product\/yoast-seo-wordpress\/ -->\n<title>La retirada de la etiqueta CERO podr\u00eda darse, seg\u00fan OCU - Clicars Blog<\/title>\n<meta name=\"description\" content=\"La retirada de la etiqueta CERO de los coches enchufables y de los coches mild hybrid podr\u00eda ser una realidad seg\u00fan la OCU.\" \/>\n<meta name=\"robots\" content=\"index, follow, max-snippet:-1, max-image-preview:large, max-video-preview:-1\" \/>\n<link rel=\"canonical\" href=\"https:\/\/www.clicars.com\/blog\/actualidad\/ocu-pide-la-retirada-de-la-etiqueta-cero-en-los-coches-hibridos-enchufables\/\" \/>\n<meta property=\"og:locale\" content=\"es_ES\" \/>\n<meta property=\"og:type\" content=\"article\" \/>\n<meta property=\"og:title\" content=\"La retirada de la etiqueta CERO podr\u00eda darse, seg\u00fan OCU - Clicars Blog\" \/>\n<meta property=\"og:description\" content=\"La retirada de la etiqueta CERO de los coches enchufables y de los coches mild hybrid podr\u00eda ser una realidad seg\u00fan la OCU.\" \/>\n<meta property=\"og:url\" content=\"https:\/\/www.clicars.com\/blog\/actualidad\/ocu-pide-la-retirada-de-la-etiqueta-cero-en-los-coches-hibridos-enchufables\/\" \/>\n<meta property=\"og:site_name\" content=\"Clicars\" \/>\n<meta property=\"article:published_time\" content=\"2022-10-05T10:25:36+00:00\" \/>\n<meta property=\"article:modified_time\" content=\"2022-12-05T15:32:09+00:00\" \/>\n<meta property=\"og:image\" content=\"https:\/\/www.clicars.com\/blog\/wp-content\/uploads\/2022\/10\/zona-bajas-emisiones-1-scaled-1.jpg\" \/>\n\t<meta property=\"og:image:width\" content=\"907\" \/>\n\t<meta property=\"og:image:height\" content=\"605\" \/>\n\t<meta property=\"og:image:type\" content=\"image\/jpeg\" \/>\n<meta name=\"author\" content=\"Clicars\" \/>\n<meta name=\"twitter:card\" content=\"summary_large_image\" \/>\n<meta name=\"twitter:label1\" content=\"Escrito por\" \/>\n\t<meta name=\"twitter:data1\" content=\"Clicars\" \/>\n\t<meta name=\"twitter:label2\" content=\"Tiempo de lectura\" \/>\n\t<meta name=\"twitter:data2\" content=\"3 minutos\" \/>\n<script type=\"application\/ld+json\" class=\"yoast-schema-graph\">{\"@context\":\"https:\/\/schema.org\",\"@graph\":[{\"@type\":\"Article\",\"@id\":\"https:\/\/www.clicars.com\/blog\/actualidad\/ocu-pide-la-retirada-de-la-etiqueta-cero-en-los-coches-hibridos-enchufables\/#article\",\"isPartOf\":{\"@id\":\"https:\/\/www.clicars.com\/blog\/actualidad\/ocu-pide-la-retirada-de-la-etiqueta-cero-en-los-coches-hibridos-enchufables\/\"},\"author\":{\"name\":\"Clicars\",\"@id\":\"https:\/\/www.clicars.com\/blog\/#\/schema\/person\/af686c41ba96962c68871392bf2bb62d\"},\"headline\":\"La OCU pide la retirada de la etiqueta CERO en los coches h\u00edbridos enchufables\",\"datePublished\":\"2022-10-05T10:25:36+00:00\",\"dateModified\":\"2022-12-05T15:32:09+00:00\",\"mainEntityOfPage\":{\"@id\":\"https:\/\/www.clicars.com\/blog\/actualidad\/ocu-pide-la-retirada-de-la-etiqueta-cero-en-los-coches-hibridos-enchufables\/\"},\"wordCount\":393,\"image\":{\"@id\":\"https:\/\/www.clicars.com\/blog\/actualidad\/ocu-pide-la-retirada-de-la-etiqueta-cero-en-los-coches-hibridos-enchufables\/#primaryimage\"},\"thumbnailUrl\":\"https:\/\/www.clicars.com\/blog\/wp-content\/uploads\/2022\/10\/zona-bajas-emisiones-1-scaled-1.jpg\",\"articleSection\":[\"Actualidad\"],\"inLanguage\":\"es\"},{\"@type\":[\"WebPage\",\"ItemPage\"],\"@id\":\"https:\/\/www.clicars.com\/blog\/actualidad\/ocu-pide-la-retirada-de-la-etiqueta-cero-en-los-coches-hibridos-enchufables\/\",\"url\":\"https:\/\/www.clicars.com\/blog\/actualidad\/ocu-pide-la-retirada-de-la-etiqueta-cero-en-los-coches-hibridos-enchufables\/\",\"name\":\"La retirada de la etiqueta CERO podr\u00eda darse, seg\u00fan OCU - Clicars Blog\",\"isPartOf\":{\"@id\":\"https:\/\/www.clicars.com\/blog\/#website\"},\"primaryImageOfPage\":{\"@id\":\"https:\/\/www.clicars.com\/blog\/actualidad\/ocu-pide-la-retirada-de-la-etiqueta-cero-en-los-coches-hibridos-enchufables\/#primaryimage\"},\"image\":{\"@id\":\"https:\/\/www.clicars.com\/blog\/actualidad\/ocu-pide-la-retirada-de-la-etiqueta-cero-en-los-coches-hibridos-enchufables\/#primaryimage\"},\"thumbnailUrl\":\"https:\/\/www.clicars.com\/blog\/wp-content\/uploads\/2022\/10\/zona-bajas-emisiones-1-scaled-1.jpg\",\"datePublished\":\"2022-10-05T10:25:36+00:00\",\"dateModified\":\"2022-12-05T15:32:09+00:00\",\"author\":{\"@id\":\"https:\/\/www.clicars.com\/blog\/#\/schema\/person\/af686c41ba96962c68871392bf2bb62d\"},\"description\":\"La retirada de la etiqueta CERO de los coches enchufables y de los coches mild hybrid podr\u00eda ser una realidad seg\u00fan la OCU.\",\"breadcrumb\":{\"@id\":\"https:\/\/www.clicars.com\/blog\/actualidad\/ocu-pide-la-retirada-de-la-etiqueta-cero-en-los-coches-hibridos-enchufables\/#breadcrumb\"},\"inLanguage\":\"es\",\"potentialAction\":[{\"@type\":\"ReadAction\",\"target\":[\"https:\/\/www.clicars.com\/blog\/actualidad\/ocu-pide-la-retirada-de-la-etiqueta-cero-en-los-coches-hibridos-enchufables\/\"]}]},{\"@type\":\"ImageObject\",\"inLanguage\":\"es\",\"@id\":\"https:\/\/www.clicars.com\/blog\/actualidad\/ocu-pide-la-retirada-de-la-etiqueta-cero-en-los-coches-hibridos-enchufables\/#primaryimage\",\"url\":\"https:\/\/www.clicars.com\/blog\/wp-content\/uploads\/2022\/10\/zona-bajas-emisiones-1-scaled-1.jpg\",\"contentUrl\":\"https:\/\/www.clicars.com\/blog\/wp-content\/uploads\/2022\/10\/zona-bajas-emisiones-1-scaled-1.jpg\",\"width\":907,\"height\":605,\"caption\":\"retirada etiqueta cero en coche hibridos\"},{\"@type\":\"BreadcrumbList\",\"@id\":\"https:\/\/www.clicars.com\/blog\/actualidad\/ocu-pide-la-retirada-de-la-etiqueta-cero-en-los-coches-hibridos-enchufables\/#breadcrumb\",\"itemListElement\":[{\"@type\":\"ListItem\",\"position\":1,\"name\":\"Portada\",\"item\":\"https:\/\/www.clicars.com\/blog\/\"},{\"@type\":\"ListItem\",\"position\":2,\"name\":\"La OCU pide la retirada de la etiqueta CERO en los coches h\u00edbridos enchufables\"}]},{\"@type\":\"WebSite\",\"@id\":\"https:\/\/www.clicars.com\/blog\/#website\",\"url\":\"https:\/\/www.clicars.com\/blog\/\",\"name\":\"Clicars\",\"description\":\"Compra tu coche de Buena Mano sin moverte de casa\",\"inLanguage\":\"es\"},{\"@type\":\"Person\",\"@id\":\"https:\/\/www.clicars.com\/blog\/#\/schema\/person\/af686c41ba96962c68871392bf2bb62d\",\"name\":\"Clicars\",\"image\":{\"@type\":\"ImageObject\",\"inLanguage\":\"es\",\"@id\":\"https:\/\/www.clicars.com\/blog\/#\/schema\/person\/image\/\",\"url\":\"https:\/\/secure.gravatar.com\/avatar\/3100622b0023049db14165cdba9dadaa9159743b871e83e440a0df9a70f80e56?s=96&d=mm&r=g\",\"contentUrl\":\"https:\/\/secure.gravatar.com\/avatar\/3100622b0023049db14165cdba9dadaa9159743b871e83e440a0df9a70f80e56?s=96&d=mm&r=g\",\"caption\":\"Clicars\"},\"sameAs\":[\"https:\/\/www.clicars.com\"],\"url\":\"https:\/\/www.clicars.com\/blog\/author\/clicars\/\"}]}<\/script>\n<!-- \/ Yoast SEO plugin. -->","yoast_head_json":{"title":"La retirada de la etiqueta CERO podr\u00eda darse, seg\u00fan OCU - Clicars Blog","description":"La retirada de la etiqueta CERO de los coches enchufables y de los coches mild hybrid podr\u00eda ser una realidad seg\u00fan la OCU.","robots":{"index":"index","follow":"follow","max-snippet":"max-snippet:-1","max-image-preview":"max-image-preview:large","max-video-preview":"max-video-preview:-1"},"canonical":"https:\/\/www.clicars.com\/blog\/actualidad\/ocu-pide-la-retirada-de-la-etiqueta-cero-en-los-coches-hibridos-enchufables\/","og_locale":"es_ES","og_type":"article","og_title":"La retirada de la etiqueta CERO podr\u00eda darse, seg\u00fan OCU - Clicars Blog","og_description":"La retirada de la etiqueta CERO de los coches enchufables y de los coches mild hybrid podr\u00eda ser una realidad seg\u00fan la OCU.","og_url":"https:\/\/www.clicars.com\/blog\/actualidad\/ocu-pide-la-retirada-de-la-etiqueta-cero-en-los-coches-hibridos-enchufables\/","og_site_name":"Clicars","article_published_time":"2022-10-05T10:25:36+00:00","article_modified_time":"2022-12-05T15:32:09+00:00","og_image":[{"width":907,"height":605,"url":"https:\/\/www.clicars.com\/blog\/wp-content\/uploads\/2022\/10\/zona-bajas-emisiones-1-scaled-1.jpg","type":"image\/jpeg"}],"author":"Clicars","twitter_card":"summary_large_image","twitter_misc":{"Escrito por":"Clicars","Tiempo de lectura":"3 minutos"},"schema":{"@context":"https:\/\/schema.org","@graph":[{"@type":"Article","@id":"https:\/\/www.clicars.com\/blog\/actualidad\/ocu-pide-la-retirada-de-la-etiqueta-cero-en-los-coches-hibridos-enchufables\/#article","isPartOf":{"@id":"https:\/\/www.clicars.com\/blog\/actualidad\/ocu-pide-la-retirada-de-la-etiqueta-cero-en-los-coches-hibridos-enchufables\/"},"author":{"name":"Clicars","@id":"https:\/\/www.clicars.com\/blog\/#\/schema\/person\/af686c41ba96962c68871392bf2bb62d"},"headline":"La OCU pide la retirada de la etiqueta CERO en los coches h\u00edbridos enchufables","datePublished":"2022-10-05T10:25:36+00:00","dateModified":"2022-12-05T15:32:09+00:00","mainEntityOfPage":{"@id":"https:\/\/www.clicars.com\/blog\/actualidad\/ocu-pide-la-retirada-de-la-etiqueta-cero-en-los-coches-hibridos-enchufables\/"},"wordCount":393,"image":{"@id":"https:\/\/www.clicars.com\/blog\/actualidad\/ocu-pide-la-retirada-de-la-etiqueta-cero-en-los-coches-hibridos-enchufables\/#primaryimage"},"thumbnailUrl":"https:\/\/www.clicars.com\/blog\/wp-content\/uploads\/2022\/10\/zona-bajas-emisiones-1-scaled-1.jpg","articleSection":["Actualidad"],"inLanguage":"es"},{"@type":["WebPage","ItemPage"],"@id":"https:\/\/www.clicars.com\/blog\/actualidad\/ocu-pide-la-retirada-de-la-etiqueta-cero-en-los-coches-hibridos-enchufables\/","url":"https:\/\/www.clicars.com\/blog\/actualidad\/ocu-pide-la-retirada-de-la-etiqueta-cero-en-los-coches-hibridos-enchufables\/","name":"La retirada de la etiqueta CERO podr\u00eda darse, seg\u00fan OCU - Clicars Blog","isPartOf":{"@id":"https:\/\/www.clicars.com\/blog\/#website"},"primaryImageOfPage":{"@id":"https:\/\/www.clicars.com\/blog\/actualidad\/ocu-pide-la-retirada-de-la-etiqueta-cero-en-los-coches-hibridos-enchufables\/#primaryimage"},"image":{"@id":"https:\/\/www.clicars.com\/blog\/actualidad\/ocu-pide-la-retirada-de-la-etiqueta-cero-en-los-coches-hibridos-enchufables\/#primaryimage"},"thumbnailUrl":"https:\/\/www.clicars.com\/blog\/wp-content\/uploads\/2022\/10\/zona-bajas-emisiones-1-scaled-1.jpg","datePublished":"2022-10-05T10:25:36+00:00","dateModified":"2022-12-05T15:32:09+00:00","author":{"@id":"https:\/\/www.clicars.com\/blog\/#\/schema\/person\/af686c41ba96962c68871392bf2bb62d"},"description":"La retirada de la etiqueta CERO de los coches enchufables y de los coches mild hybrid podr\u00eda ser una realidad seg\u00fan la OCU.","breadcrumb":{"@id":"https:\/\/www.clicars.com\/blog\/actualidad\/ocu-pide-la-retirada-de-la-etiqueta-cero-en-los-coches-hibridos-enchufables\/#breadcrumb"},"inLanguage":"es","potentialAction":[{"@type":"ReadAction","target":["https:\/\/www.clicars.com\/blog\/actualidad\/ocu-pide-la-retirada-de-la-etiqueta-cero-en-los-coches-hibridos-enchufables\/"]}]},{"@type":"ImageObject","inLanguage":"es","@id":"https:\/\/www.clicars.com\/blog\/actualidad\/ocu-pide-la-retirada-de-la-etiqueta-cero-en-los-coches-hibridos-enchufables\/#primaryimage","url":"https:\/\/www.clicars.com\/blog\/wp-content\/uploads\/2022\/10\/zona-bajas-emisiones-1-scaled-1.jpg","contentUrl":"https:\/\/www.clicars.com\/blog\/wp-content\/uploads\/2022\/10\/zona-bajas-emisiones-1-scaled-1.jpg","width":907,"height":605,"caption":"retirada etiqueta cero en coche hibridos"},{"@type":"BreadcrumbList","@id":"https:\/\/www.clicars.com\/blog\/actualidad\/ocu-pide-la-retirada-de-la-etiqueta-cero-en-los-coches-hibridos-enchufables\/#breadcrumb","itemListElement":[{"@type":"ListItem","position":1,"name":"Portada","item":"https:\/\/www.clicars.com\/blog\/"},{"@type":"ListItem","position":2,"name":"La OCU pide la retirada de la etiqueta CERO en los coches h\u00edbridos enchufables"}]},{"@type":"WebSite","@id":"https:\/\/www.clicars.com\/blog\/#website","url":"https:\/\/www.clicars.com\/blog\/","name":"Clicars","description":"Compra tu coche de Buena Mano sin moverte de casa","inLanguage":"es"},{"@type":"Person","@id":"https:\/\/www.clicars.com\/blog\/#\/schema\/person\/af686c41ba96962c68871392bf2bb62d","name":"Clicars","image":{"@type":"ImageObject","inLanguage":"es","@id":"https:\/\/www.clicars.com\/blog\/#\/schema\/person\/image\/","url":"https:\/\/secure.gravatar.com\/avatar\/3100622b0023049db14165cdba9dadaa9159743b871e83e440a0df9a70f80e56?s=96&d=mm&r=g","contentUrl":"https:\/\/secure.gravatar.com\/avatar\/3100622b0023049db14165cdba9dadaa9159743b871e83e440a0df9a70f80e56?s=96&d=mm&r=g","caption":"Clicars"},"sameAs":["https:\/\/www.clicars.com"],"url":"https:\/\/www.clicars.com\/blog\/author\/clicars\/"}]}},"_links":{"self":[{"href":"https:\/\/www.clicars.com\/blog\/wp-json\/wp\/v2\/posts\/10102","targetHints":{"allow":["GET"]}}],"collection":[{"href":"https:\/\/www.clicars.com\/blog\/wp-json\/wp\/v2\/posts"}],"about":[{"href":"https:\/\/www.clicars.com\/blog\/wp-json\/wp\/v2\/types\/post"}],"author":[{"embeddable":true,"href":"https:\/\/www.clicars.com\/blog\/wp-json\/wp\/v2\/users\/2"}],"replies":[{"embeddable":true,"href":"https:\/\/www.clicars.com\/blog\/wp-json\/wp\/v2\/comments?post=10102"}],"version-history":[{"count":3,"href":"https:\/\/www.clicars.com\/blog\/wp-json\/wp\/v2\/posts\/10102\/revisions"}],"predecessor-version":[{"id":10717,"href":"https:\/\/www.clicars.com\/blog\/wp-json\/wp\/v2\/posts\/10102\/revisions\/10717"}],"wp:featuredmedia":[{"embeddable":true,"href":"https:\/\/www.clicars.com\/blog\/wp-json\/wp\/v2\/media\/10714"}],"wp:attachment":[{"href":"https:\/\/www.clicars.com\/blog\/wp-json\/wp\/v2\/media?parent=10102"}],"wp:term":[{"taxonomy":"category","embeddable":true,"href":"https:\/\/www.clicars.com\/blog\/wp-json\/wp\/v2\/categories?post=10102"},{"taxonomy":"post_tag","embeddable":true,"href":"https:\/\/www.clicars.com\/blog\/wp-json\/wp\/v2\/tags?post=10102"}],"curies":[{"name":"wp","href":"https:\/\/api.w.org\/{rel}","templated":true}]}}