{"id":10307,"date":"2024-05-21T09:07:38","date_gmt":"2024-05-21T07:07:38","guid":{"rendered":"https:\/\/www.clicars.com\/blog\/?p=10307"},"modified":"2024-05-21T09:08:27","modified_gmt":"2024-05-21T07:08:27","slug":"como-instalar-un-punto-de-carga-en-el-garaje-comunitario","status":"publish","type":"post","link":"https:\/\/www.clicars.com\/blog\/coches-eco\/como-instalar-un-punto-de-carga-en-el-garaje-comunitario\/","title":{"rendered":"C\u00f3mo instalar un cargador de coche el\u00e9ctrico en un garaje comunitario: Gu\u00eda paso a paso"},"content":{"rendered":"<div id=\"ez-toc-container\" class=\"ez-toc-v2_0_80 counter-hierarchy ez-toc-counter ez-toc-light-blue ez-toc-container-direction\">\n<p class=\"ez-toc-title\" style=\"cursor:inherit\">\u00cdndice de contenidos<\/p>\n<label for=\"ez-toc-cssicon-toggle-item-69f42ccc30c9b\" class=\"ez-toc-cssicon-toggle-label\"><span class=\"ez-toc-cssicon\"><span class=\"eztoc-hide\" style=\"display:none;\">Toggle<\/span><span class=\"ez-toc-icon-toggle-span\"><svg style=\"fill: #999;color:#999\" xmlns=\"http:\/\/www.w3.org\/2000\/svg\" class=\"list-377408\" width=\"20px\" height=\"20px\" viewBox=\"0 0 24 24\" fill=\"none\"><path d=\"M6 6H4v2h2V6zm14 0H8v2h12V6zM4 11h2v2H4v-2zm16 0H8v2h12v-2zM4 16h2v2H4v-2zm16 0H8v2h12v-2z\" fill=\"currentColor\"><\/path><\/svg><svg style=\"fill: #999;color:#999\" class=\"arrow-unsorted-368013\" xmlns=\"http:\/\/www.w3.org\/2000\/svg\" width=\"10px\" height=\"10px\" viewBox=\"0 0 24 24\" version=\"1.2\" baseProfile=\"tiny\"><path d=\"M18.2 9.3l-6.2-6.3-6.2 6.3c-.2.2-.3.4-.3.7s.1.5.3.7c.2.2.4.3.7.3h11c.3 0 .5-.1.7-.3.2-.2.3-.5.3-.7s-.1-.5-.3-.7zM5.8 14.7l6.2 6.3 6.2-6.3c.2-.2.3-.5.3-.7s-.1-.5-.3-.7c-.2-.2-.4-.3-.7-.3h-11c-.3 0-.5.1-.7.3-.2.2-.3.5-.3.7s.1.5.3.7z\"\/><\/svg><\/span><\/span><\/label><input type=\"checkbox\"  id=\"ez-toc-cssicon-toggle-item-69f42ccc30c9b\"  aria-label=\"Alternar\" \/><nav><ul class='ez-toc-list ez-toc-list-level-1 ' ><li class='ez-toc-page-1 ez-toc-heading-level-2'><a class=\"ez-toc-link ez-toc-heading-1\" href=\"https:\/\/www.clicars.com\/blog\/coches-eco\/como-instalar-un-punto-de-carga-en-el-garaje-comunitario\/#Comunicar_la_instalacion_a_la_comunidad\" >Comunicar la instalaci\u00f3n a la comunidad<\/a><\/li><li class='ez-toc-page-1 ez-toc-heading-level-2'><a class=\"ez-toc-link ez-toc-heading-2\" href=\"https:\/\/www.clicars.com\/blog\/coches-eco\/como-instalar-un-punto-de-carga-en-el-garaje-comunitario\/#Gastos_de_instalacion\" >Gastos de instalaci\u00f3n<\/a><\/li><li class='ez-toc-page-1 ez-toc-heading-level-2'><a class=\"ez-toc-link ez-toc-heading-3\" href=\"https:\/\/www.clicars.com\/blog\/coches-eco\/como-instalar-un-punto-de-carga-en-el-garaje-comunitario\/#Guia_para_la_instalacion_del_cargador\" >Gu\u00eda para la instalaci\u00f3n del cargador<\/a><\/li><\/ul><\/nav><\/div>\n\n<p><span style=\"font-weight: 400;\">En esta transici\u00f3n hacia una movilidad m\u00e1s sostenible,<\/span><b> los veh\u00edculos el\u00e9ctricos est\u00e1n ganando terreno<\/b><span style=\"font-weight: 400;\"> en nuestras calles y ese movimiento, ha generado una demanda creciente de los<\/span><b> puntos de carga, <\/b><span style=\"font-weight: 400;\">donde tambi\u00e9n se incluyen los garajes comunitarios. La necesidad de recargar los coches de manera particular es una realidad y responde a la necesidad de brindar soluciones de carga accesibles y convenientes a los residentes que poseen este tipo de coches. Por eso, todos tenemos<\/span><b> derecho a instalar un punto de carga en un garaje comunitario, <\/b><span style=\"font-weight: 400;\">ya que el objetivo es facilitar la transici\u00f3n hacia la movilidad el\u00e9ctrica, al mismo tiempo que se promueve un estilo de vida m\u00e1s sostenible entre los vecinos.\u00a0<\/span><\/p>\n<p><span style=\"font-weight: 400;\">La recarga particular de un coche el\u00e9ctrico en cualquier garaje comunitario <\/span><b>est\u00e1 completamente permitida en la actualidad y avalada por la ley. <\/b><span style=\"font-weight: 400;\">De hecho, resulta imposible que la comunidad de vecinos se niegue a que se lleve a cabo una instalaci\u00f3n de cargador el\u00e9ctrico. Lo \u00fanico que debes tener en cuenta, es que<\/span><b> ser\u00e1s t\u00fa el encargado de llevar a cabo la instalaci\u00f3n y asumir su coste. <\/b><span style=\"font-weight: 400;\">Y aqu\u00ed te vamos a contar c\u00f3mo hacerlo.\u00a0<\/span><\/p>\n<h2><span class=\"ez-toc-section\" id=\"Comunicar_la_instalacion_a_la_comunidad\"><\/span><span style=\"font-weight: 400;\">Comunicar la instalaci\u00f3n a la comunidad<\/span><span class=\"ez-toc-section-end\"><\/span><\/h2>\n<p><span style=\"font-weight: 400;\">Una de las cuestiones m\u00e1s comunes que surgen cuando se plantea la compra de un veh\u00edculo el\u00e9ctrico, es c\u00f3mo instalar un cargador para tu coche en la comunidad. Lo primero que debes saber es que seg\u00fan el <\/span><b>art\u00edculo 17.5 de la Ley de Propiedad Horizontal,<\/b><span style=\"font-weight: 400;\"> la instalaci\u00f3n de un puto de recarga para uso privado simplemente necesitar\u00e1 la comunicaci\u00f3n previa a la comunidad. Siempre y cuando el cargador se instale en una plaza individual de garaje y te hagas cargo del coste<\/span><b>, no necesitar\u00e1s el permiso de nadie.<\/b><\/p>\n<p><span style=\"font-weight: 400;\">\u00bfC\u00f3mo se realiza la comunicaci\u00f3n? Muy f\u00e1cil: deber\u00e1s<\/span><b> presentar un escrito<\/b><span style=\"font-weight: 400;\"> (con fecha y firma para que quede constancia) al presidente o al administrador<\/span><b>, anunciando que tienes previsto llevar a cabo la instalaci\u00f3n <\/b><span style=\"font-weight: 400;\">de un punto de carga para tu veh\u00edculo. Eso s\u00ed, ten en cuenta los plazos ya que tienes que presentar el comunicado, como m\u00ednimo, <\/span><b>30 d\u00edas antes de realizar la instalaci\u00f3n.<\/b><span style=\"font-weight: 400;\"> Y como en cualquier otra obra, deber\u00e1s presentar junto con este escrito un proyecto en el que se detalle posibles influencias en las zonas comunes (sobre todo en lo relacionado con el cableado). Aunque en este caso, simplemente ser\u00e1 un proceso informativo.<\/span><\/p>\n<p><img loading=\"lazy\" decoding=\"async\" class=\"aligncenter size-full wp-image-12966\" src=\"https:\/\/www.clicars.com\/blog\/wp-content\/uploads\/2022\/10\/cargador-electrico-en-garaje-comunitario.jpg\" alt=\"cargador el\u00e9ctrico en garaje comunitario\" width=\"800\" height=\"600\" \/><\/p>\n<h2><span class=\"ez-toc-section\" id=\"Gastos_de_instalacion\"><\/span><span style=\"font-weight: 400;\">Gastos de instalaci\u00f3n<\/span><span class=\"ez-toc-section-end\"><\/span><\/h2>\n<p><span style=\"font-weight: 400;\">Una vez est\u00e9 informada tu comunidad de vecinos, ya puedes proceder a la instalaci\u00f3n. Lo primero que debes tener en cuenta, es que siempre deber\u00e1s realizarla con un instalador autorizado. Y como ya hemos comentado, ser\u00e1s t\u00fa mismo quien se deba<\/span><b> encargar de los gastos que conlleve todo este proceso. <\/b><span style=\"font-weight: 400;\">Por lo general, el precio de los cargadores el\u00e9ctricos oscilan entre los<\/span><b> 500 y 1.000 euros<\/b><span style=\"font-weight: 400;\"> y la cantidad variar\u00e1 en funci\u00f3n de la potencia m\u00e1xima que queramos contratar. A mayor potencia de carga, mayor precio, por lo que lo ideal antes de llevar a cabo el proceso es conocer cu\u00e1les son nuestras necesidades y tomar una decisi\u00f3n entre estas dos opciones:<\/span><\/p>\n<ul>\n<li style=\"font-weight: 400;\" aria-level=\"1\"><b>Monof\u00e1sico<\/b><span style=\"font-weight: 400;\"> de hasta 7,4 kW (CA): de 500 a 700 euros<\/span><\/li>\n<li style=\"font-weight: 400;\" aria-level=\"1\"><b>Trif\u00e1sico<\/b><span style=\"font-weight: 400;\"> de hasta 22 kW (CA): de 700 a 1.000 euros<\/span><\/li>\n<\/ul>\n<p><span style=\"font-weight: 400;\">Una vez conocemos las opciones que nos ofrece el mercado, debemos asegurarnos de los picos de potencia m\u00e1xima que admite nuestro coche. Adem\u00e1s, tambi\u00e9n deber\u00e1s tener en cuenta<\/span><b> cu\u00e1nto tiempo queremos tener el coche cargando, <\/b><span style=\"font-weight: 400;\">aunque lo habitual es recargar la bater\u00eda en cuesti\u00f3n de unas cuatro horas (si el tama\u00f1o es de unos 70 kWh) en los modelos del mercado. Sin embargo, si tu coche aguarda en el garaje en torno a las 12 horas, podemos optar por instalaciones menos potentes que ser\u00e1n m\u00e1s baratas en su instalaci\u00f3n. Y recuerda, que con<\/span><b> el Plan Moves <\/b><span style=\"font-weight: 400;\">tambi\u00e9n te podr\u00e1s ahorrar hasta un 80% en este proceso.\u00a0<\/span><\/p>\n<h2><span class=\"ez-toc-section\" id=\"Guia_para_la_instalacion_del_cargador\"><\/span><span style=\"font-weight: 400;\">Gu\u00eda para la instalaci\u00f3n del cargador<\/span><span class=\"ez-toc-section-end\"><\/span><\/h2>\n<p><span style=\"font-weight: 400;\">Una vez has conocido todos los pasos previos que son necesarios para llevar a cabo la instalaci\u00f3n de un cargador para tu coche el\u00e9ctrico, s\u00f3lo necesitas seguir este paso a paso para que puedas disfrutar del cargador en tu garaje.<\/span><\/p>\n<ol>\n<li style=\"font-weight: 400;\" aria-level=\"1\"><b>Selecci\u00f3n del lugar adecuado: <\/b><span style=\"font-weight: 400;\">aseg\u00farate de que el \u00e1rea tenga suficiente espacio para la instalaci\u00f3n del cargador y que cumpla con todas las regulaciones. <\/span><span style=\"font-weight: 400;\">El punto de recarga se instalar\u00e1 en el muro del fondo de la plaza de garaje, lo m\u00e1s centrado posible y sin ocupar el vuelo de las plazas colindantes.<\/span><\/li>\n<li style=\"font-weight: 400;\" aria-level=\"1\"><b>Conexi\u00f3n el\u00e9ctrica:<\/b><span style=\"font-weight: 400;\"> la instalaci\u00f3n del cargador debe llevarla a cabo un profesional. Aseg\u00farate de que est\u00e9 familiarizado con los requisitos el\u00e9ctricos espec\u00edficos del cargador y cumpla con todas las normativas locales. Es muy importante que la capacidad del circuito sea suficiente para manejar la carga del cargador sin problemas. <\/span><span style=\"font-weight: 400;\">Si la plaza de garaje se encuentra cerca de los contadores, se puede sacar la alimentaci\u00f3n del contador propio o sino, deber\u00e1s poner un contador en el propio cargador o en la l\u00ednea si la alimentaci\u00f3n es com\u00fan del garaje.<\/span><\/li>\n<li style=\"font-weight: 400;\" aria-level=\"1\"><b>Prueba y puesta en marcha:<\/b><span style=\"font-weight: 400;\"> conecta el cargador de coche el\u00e9ctrico a la red el\u00e9ctrica y realiza una prueba de funcionamiento para verificar que el cargador est\u00e9 recibiendo energ\u00eda y que funcione correctamente.<\/span><\/li>\n<li style=\"font-weight: 400;\" aria-level=\"1\"><b>Documentaci\u00f3n: <\/b><span style=\"font-weight: 400;\">proporciona a la comunidad todo el proceso de instalaci\u00f3n, incluidos los planos el\u00e9ctricos, las pruebas de funcionamiento y cualquier certificaci\u00f3n o permiso necesario.<\/span><\/li>\n<li style=\"font-weight: 400;\" aria-level=\"1\"><b>Mantenimiento:<\/b><span style=\"font-weight: 400;\"> establece un plan de mantenimiento para el cargador que incluya inspecciones peri\u00f3dicas, pruebas de seguridad y mantenimiento preventivo.<\/span><\/li>\n<\/ol>\n<p><span style=\"font-weight: 400;\">Con esta gu\u00eda detallada tendr\u00e1s<\/span><b> una referencia \u00fatil<\/b><span style=\"font-weight: 400;\"> para llevar a cabo la instalaci\u00f3n de un cargador para tu coche el\u00e9ctrico. Si todav\u00eda no dispones de \u00e9l, en Clicars tenemos <\/span><a href=\"https:\/\/www.clicars.com\/coches-segunda-mano-ocasion\/electrico\"><span style=\"font-weight: 400;\">una amplia oferta de modelos,<\/span><\/a><span style=\"font-weight: 400;\"> con la que contribuir\u00e1s a la<\/span><b> promoci\u00f3n de la movilidad sostenible <\/b><span style=\"font-weight: 400;\">en tu comunidad.<\/span><\/p>\n","protected":false},"excerpt":{"rendered":"<p>En esta transici\u00f3n hacia una movilidad m\u00e1s sostenible, los veh\u00edculos el\u00e9ctricos est\u00e1n ganando terreno en&#8230;<\/p>\n","protected":false},"author":2,"featured_media":10323,"comment_status":"closed","ping_status":"closed","sticky":false,"template":"","format":"standard","meta":{"footnotes":""},"categories":[828],"tags":[],"class_list":{"0":"post-10307","1":"post","2":"type-post","3":"status-publish","4":"format-standard","5":"has-post-thumbnail","7":"category-coches-eco"},"yoast_head":"<!-- This site is optimized with the Yoast SEO plugin v26.8 - https:\/\/yoast.com\/product\/yoast-seo-wordpress\/ -->\n<title>C\u00f3mo instalar un punto de carga en el garaje comunitario - Clicars Blog<\/title>\n<meta name=\"description\" content=\"Cargar tu coche el\u00e9ctrico no deber\u00eda ser un problema. Te contamos como instalar un punto de carga en el garaje comunitario. \u00a1No hay excusas!\" \/>\n<meta name=\"robots\" content=\"index, follow, max-snippet:-1, max-image-preview:large, max-video-preview:-1\" \/>\n<link rel=\"canonical\" href=\"https:\/\/www.clicars.com\/blog\/coches-eco\/como-instalar-un-punto-de-carga-en-el-garaje-comunitario\/\" \/>\n<meta property=\"og:locale\" content=\"es_ES\" \/>\n<meta property=\"og:type\" content=\"article\" \/>\n<meta property=\"og:title\" content=\"C\u00f3mo instalar un punto de carga en el garaje comunitario - Clicars Blog\" \/>\n<meta property=\"og:description\" content=\"Cargar tu coche el\u00e9ctrico no deber\u00eda ser un problema. Te contamos como instalar un punto de carga en el garaje comunitario. \u00a1No hay excusas!\" \/>\n<meta property=\"og:url\" content=\"https:\/\/www.clicars.com\/blog\/coches-eco\/como-instalar-un-punto-de-carga-en-el-garaje-comunitario\/\" \/>\n<meta property=\"og:site_name\" content=\"Clicars\" \/>\n<meta property=\"article:published_time\" content=\"2024-05-21T07:07:38+00:00\" \/>\n<meta property=\"article:modified_time\" content=\"2024-05-21T07:08:27+00:00\" \/>\n<meta property=\"og:image\" content=\"http:\/\/www.clicars.com\/blog\/wp-content\/uploads\/2022\/10\/shutterstock_2179620077-1-scaled.jpg\" \/>\n\t<meta property=\"og:image:width\" content=\"2560\" \/>\n\t<meta property=\"og:image:height\" content=\"1429\" \/>\n\t<meta property=\"og:image:type\" content=\"image\/jpeg\" \/>\n<meta name=\"author\" content=\"Clicars\" \/>\n<meta name=\"twitter:card\" content=\"summary_large_image\" \/>\n<meta name=\"twitter:label1\" content=\"Escrito por\" \/>\n\t<meta name=\"twitter:data1\" content=\"Clicars\" \/>\n\t<meta name=\"twitter:label2\" content=\"Tiempo de lectura\" \/>\n\t<meta name=\"twitter:data2\" content=\"5 minutos\" \/>\n<script type=\"application\/ld+json\" class=\"yoast-schema-graph\">{\"@context\":\"https:\/\/schema.org\",\"@graph\":[{\"@type\":\"Article\",\"@id\":\"https:\/\/www.clicars.com\/blog\/coches-eco\/como-instalar-un-punto-de-carga-en-el-garaje-comunitario\/#article\",\"isPartOf\":{\"@id\":\"https:\/\/www.clicars.com\/blog\/coches-eco\/como-instalar-un-punto-de-carga-en-el-garaje-comunitario\/\"},\"author\":{\"name\":\"Clicars\",\"@id\":\"https:\/\/www.clicars.com\/blog\/#\/schema\/person\/af686c41ba96962c68871392bf2bb62d\"},\"headline\":\"C\u00f3mo instalar un cargador de coche el\u00e9ctrico en un garaje comunitario: Gu\u00eda paso a paso\",\"datePublished\":\"2024-05-21T07:07:38+00:00\",\"dateModified\":\"2024-05-21T07:08:27+00:00\",\"mainEntityOfPage\":{\"@id\":\"https:\/\/www.clicars.com\/blog\/coches-eco\/como-instalar-un-punto-de-carga-en-el-garaje-comunitario\/\"},\"wordCount\":1044,\"image\":{\"@id\":\"https:\/\/www.clicars.com\/blog\/coches-eco\/como-instalar-un-punto-de-carga-en-el-garaje-comunitario\/#primaryimage\"},\"thumbnailUrl\":\"https:\/\/www.clicars.com\/blog\/wp-content\/uploads\/2022\/10\/shutterstock_2179620077-1-scaled.jpg\",\"articleSection\":[\"Coches ECO\"],\"inLanguage\":\"es\"},{\"@type\":[\"WebPage\",\"ItemPage\"],\"@id\":\"https:\/\/www.clicars.com\/blog\/coches-eco\/como-instalar-un-punto-de-carga-en-el-garaje-comunitario\/\",\"url\":\"https:\/\/www.clicars.com\/blog\/coches-eco\/como-instalar-un-punto-de-carga-en-el-garaje-comunitario\/\",\"name\":\"C\u00f3mo instalar un punto de carga en el garaje comunitario - Clicars Blog\",\"isPartOf\":{\"@id\":\"https:\/\/www.clicars.com\/blog\/#website\"},\"primaryImageOfPage\":{\"@id\":\"https:\/\/www.clicars.com\/blog\/coches-eco\/como-instalar-un-punto-de-carga-en-el-garaje-comunitario\/#primaryimage\"},\"image\":{\"@id\":\"https:\/\/www.clicars.com\/blog\/coches-eco\/como-instalar-un-punto-de-carga-en-el-garaje-comunitario\/#primaryimage\"},\"thumbnailUrl\":\"https:\/\/www.clicars.com\/blog\/wp-content\/uploads\/2022\/10\/shutterstock_2179620077-1-scaled.jpg\",\"datePublished\":\"2024-05-21T07:07:38+00:00\",\"dateModified\":\"2024-05-21T07:08:27+00:00\",\"author\":{\"@id\":\"https:\/\/www.clicars.com\/blog\/#\/schema\/person\/af686c41ba96962c68871392bf2bb62d\"},\"description\":\"Cargar tu coche el\u00e9ctrico no deber\u00eda ser un problema. Te contamos como instalar un punto de carga en el garaje comunitario. \u00a1No hay excusas!\",\"breadcrumb\":{\"@id\":\"https:\/\/www.clicars.com\/blog\/coches-eco\/como-instalar-un-punto-de-carga-en-el-garaje-comunitario\/#breadcrumb\"},\"inLanguage\":\"es\",\"potentialAction\":[{\"@type\":\"ReadAction\",\"target\":[\"https:\/\/www.clicars.com\/blog\/coches-eco\/como-instalar-un-punto-de-carga-en-el-garaje-comunitario\/\"]}]},{\"@type\":\"ImageObject\",\"inLanguage\":\"es\",\"@id\":\"https:\/\/www.clicars.com\/blog\/coches-eco\/como-instalar-un-punto-de-carga-en-el-garaje-comunitario\/#primaryimage\",\"url\":\"https:\/\/www.clicars.com\/blog\/wp-content\/uploads\/2022\/10\/shutterstock_2179620077-1-scaled.jpg\",\"contentUrl\":\"https:\/\/www.clicars.com\/blog\/wp-content\/uploads\/2022\/10\/shutterstock_2179620077-1-scaled.jpg\",\"width\":2560,\"height\":1429,\"caption\":\"instalar punto de carga en garaje comunitario\"},{\"@type\":\"BreadcrumbList\",\"@id\":\"https:\/\/www.clicars.com\/blog\/coches-eco\/como-instalar-un-punto-de-carga-en-el-garaje-comunitario\/#breadcrumb\",\"itemListElement\":[{\"@type\":\"ListItem\",\"position\":1,\"name\":\"Portada\",\"item\":\"https:\/\/www.clicars.com\/blog\/\"},{\"@type\":\"ListItem\",\"position\":2,\"name\":\"C\u00f3mo instalar un cargador de coche el\u00e9ctrico en un garaje comunitario: Gu\u00eda paso a paso\"}]},{\"@type\":\"WebSite\",\"@id\":\"https:\/\/www.clicars.com\/blog\/#website\",\"url\":\"https:\/\/www.clicars.com\/blog\/\",\"name\":\"Clicars\",\"description\":\"Compra tu coche de Buena Mano sin moverte de casa\",\"inLanguage\":\"es\"},{\"@type\":\"Person\",\"@id\":\"https:\/\/www.clicars.com\/blog\/#\/schema\/person\/af686c41ba96962c68871392bf2bb62d\",\"name\":\"Clicars\",\"image\":{\"@type\":\"ImageObject\",\"inLanguage\":\"es\",\"@id\":\"https:\/\/www.clicars.com\/blog\/#\/schema\/person\/image\/\",\"url\":\"https:\/\/secure.gravatar.com\/avatar\/3100622b0023049db14165cdba9dadaa9159743b871e83e440a0df9a70f80e56?s=96&d=mm&r=g\",\"contentUrl\":\"https:\/\/secure.gravatar.com\/avatar\/3100622b0023049db14165cdba9dadaa9159743b871e83e440a0df9a70f80e56?s=96&d=mm&r=g\",\"caption\":\"Clicars\"},\"sameAs\":[\"https:\/\/www.clicars.com\"],\"url\":\"https:\/\/www.clicars.com\/blog\/author\/clicars\/\"}]}<\/script>\n<!-- \/ Yoast SEO plugin. -->","yoast_head_json":{"title":"C\u00f3mo instalar un punto de carga en el garaje comunitario - Clicars Blog","description":"Cargar tu coche el\u00e9ctrico no deber\u00eda ser un problema. Te contamos como instalar un punto de carga en el garaje comunitario. \u00a1No hay excusas!","robots":{"index":"index","follow":"follow","max-snippet":"max-snippet:-1","max-image-preview":"max-image-preview:large","max-video-preview":"max-video-preview:-1"},"canonical":"https:\/\/www.clicars.com\/blog\/coches-eco\/como-instalar-un-punto-de-carga-en-el-garaje-comunitario\/","og_locale":"es_ES","og_type":"article","og_title":"C\u00f3mo instalar un punto de carga en el garaje comunitario - Clicars Blog","og_description":"Cargar tu coche el\u00e9ctrico no deber\u00eda ser un problema. Te contamos como instalar un punto de carga en el garaje comunitario. \u00a1No hay excusas!","og_url":"https:\/\/www.clicars.com\/blog\/coches-eco\/como-instalar-un-punto-de-carga-en-el-garaje-comunitario\/","og_site_name":"Clicars","article_published_time":"2024-05-21T07:07:38+00:00","article_modified_time":"2024-05-21T07:08:27+00:00","og_image":[{"width":2560,"height":1429,"url":"http:\/\/www.clicars.com\/blog\/wp-content\/uploads\/2022\/10\/shutterstock_2179620077-1-scaled.jpg","type":"image\/jpeg"}],"author":"Clicars","twitter_card":"summary_large_image","twitter_misc":{"Escrito por":"Clicars","Tiempo de lectura":"5 minutos"},"schema":{"@context":"https:\/\/schema.org","@graph":[{"@type":"Article","@id":"https:\/\/www.clicars.com\/blog\/coches-eco\/como-instalar-un-punto-de-carga-en-el-garaje-comunitario\/#article","isPartOf":{"@id":"https:\/\/www.clicars.com\/blog\/coches-eco\/como-instalar-un-punto-de-carga-en-el-garaje-comunitario\/"},"author":{"name":"Clicars","@id":"https:\/\/www.clicars.com\/blog\/#\/schema\/person\/af686c41ba96962c68871392bf2bb62d"},"headline":"C\u00f3mo instalar un cargador de coche el\u00e9ctrico en un garaje comunitario: Gu\u00eda paso a paso","datePublished":"2024-05-21T07:07:38+00:00","dateModified":"2024-05-21T07:08:27+00:00","mainEntityOfPage":{"@id":"https:\/\/www.clicars.com\/blog\/coches-eco\/como-instalar-un-punto-de-carga-en-el-garaje-comunitario\/"},"wordCount":1044,"image":{"@id":"https:\/\/www.clicars.com\/blog\/coches-eco\/como-instalar-un-punto-de-carga-en-el-garaje-comunitario\/#primaryimage"},"thumbnailUrl":"https:\/\/www.clicars.com\/blog\/wp-content\/uploads\/2022\/10\/shutterstock_2179620077-1-scaled.jpg","articleSection":["Coches ECO"],"inLanguage":"es"},{"@type":["WebPage","ItemPage"],"@id":"https:\/\/www.clicars.com\/blog\/coches-eco\/como-instalar-un-punto-de-carga-en-el-garaje-comunitario\/","url":"https:\/\/www.clicars.com\/blog\/coches-eco\/como-instalar-un-punto-de-carga-en-el-garaje-comunitario\/","name":"C\u00f3mo instalar un punto de carga en el garaje comunitario - Clicars Blog","isPartOf":{"@id":"https:\/\/www.clicars.com\/blog\/#website"},"primaryImageOfPage":{"@id":"https:\/\/www.clicars.com\/blog\/coches-eco\/como-instalar-un-punto-de-carga-en-el-garaje-comunitario\/#primaryimage"},"image":{"@id":"https:\/\/www.clicars.com\/blog\/coches-eco\/como-instalar-un-punto-de-carga-en-el-garaje-comunitario\/#primaryimage"},"thumbnailUrl":"https:\/\/www.clicars.com\/blog\/wp-content\/uploads\/2022\/10\/shutterstock_2179620077-1-scaled.jpg","datePublished":"2024-05-21T07:07:38+00:00","dateModified":"2024-05-21T07:08:27+00:00","author":{"@id":"https:\/\/www.clicars.com\/blog\/#\/schema\/person\/af686c41ba96962c68871392bf2bb62d"},"description":"Cargar tu coche el\u00e9ctrico no deber\u00eda ser un problema. Te contamos como instalar un punto de carga en el garaje comunitario. \u00a1No hay excusas!","breadcrumb":{"@id":"https:\/\/www.clicars.com\/blog\/coches-eco\/como-instalar-un-punto-de-carga-en-el-garaje-comunitario\/#breadcrumb"},"inLanguage":"es","potentialAction":[{"@type":"ReadAction","target":["https:\/\/www.clicars.com\/blog\/coches-eco\/como-instalar-un-punto-de-carga-en-el-garaje-comunitario\/"]}]},{"@type":"ImageObject","inLanguage":"es","@id":"https:\/\/www.clicars.com\/blog\/coches-eco\/como-instalar-un-punto-de-carga-en-el-garaje-comunitario\/#primaryimage","url":"https:\/\/www.clicars.com\/blog\/wp-content\/uploads\/2022\/10\/shutterstock_2179620077-1-scaled.jpg","contentUrl":"https:\/\/www.clicars.com\/blog\/wp-content\/uploads\/2022\/10\/shutterstock_2179620077-1-scaled.jpg","width":2560,"height":1429,"caption":"instalar punto de carga en garaje comunitario"},{"@type":"BreadcrumbList","@id":"https:\/\/www.clicars.com\/blog\/coches-eco\/como-instalar-un-punto-de-carga-en-el-garaje-comunitario\/#breadcrumb","itemListElement":[{"@type":"ListItem","position":1,"name":"Portada","item":"https:\/\/www.clicars.com\/blog\/"},{"@type":"ListItem","position":2,"name":"C\u00f3mo instalar un cargador de coche el\u00e9ctrico en un garaje comunitario: Gu\u00eda paso a paso"}]},{"@type":"WebSite","@id":"https:\/\/www.clicars.com\/blog\/#website","url":"https:\/\/www.clicars.com\/blog\/","name":"Clicars","description":"Compra tu coche de Buena Mano sin moverte de casa","inLanguage":"es"},{"@type":"Person","@id":"https:\/\/www.clicars.com\/blog\/#\/schema\/person\/af686c41ba96962c68871392bf2bb62d","name":"Clicars","image":{"@type":"ImageObject","inLanguage":"es","@id":"https:\/\/www.clicars.com\/blog\/#\/schema\/person\/image\/","url":"https:\/\/secure.gravatar.com\/avatar\/3100622b0023049db14165cdba9dadaa9159743b871e83e440a0df9a70f80e56?s=96&d=mm&r=g","contentUrl":"https:\/\/secure.gravatar.com\/avatar\/3100622b0023049db14165cdba9dadaa9159743b871e83e440a0df9a70f80e56?s=96&d=mm&r=g","caption":"Clicars"},"sameAs":["https:\/\/www.clicars.com"],"url":"https:\/\/www.clicars.com\/blog\/author\/clicars\/"}]}},"_links":{"self":[{"href":"https:\/\/www.clicars.com\/blog\/wp-json\/wp\/v2\/posts\/10307","targetHints":{"allow":["GET"]}}],"collection":[{"href":"https:\/\/www.clicars.com\/blog\/wp-json\/wp\/v2\/posts"}],"about":[{"href":"https:\/\/www.clicars.com\/blog\/wp-json\/wp\/v2\/types\/post"}],"author":[{"embeddable":true,"href":"https:\/\/www.clicars.com\/blog\/wp-json\/wp\/v2\/users\/2"}],"replies":[{"embeddable":true,"href":"https:\/\/www.clicars.com\/blog\/wp-json\/wp\/v2\/comments?post=10307"}],"version-history":[{"count":4,"href":"https:\/\/www.clicars.com\/blog\/wp-json\/wp\/v2\/posts\/10307\/revisions"}],"predecessor-version":[{"id":12967,"href":"https:\/\/www.clicars.com\/blog\/wp-json\/wp\/v2\/posts\/10307\/revisions\/12967"}],"wp:featuredmedia":[{"embeddable":true,"href":"https:\/\/www.clicars.com\/blog\/wp-json\/wp\/v2\/media\/10323"}],"wp:attachment":[{"href":"https:\/\/www.clicars.com\/blog\/wp-json\/wp\/v2\/media?parent=10307"}],"wp:term":[{"taxonomy":"category","embeddable":true,"href":"https:\/\/www.clicars.com\/blog\/wp-json\/wp\/v2\/categories?post=10307"},{"taxonomy":"post_tag","embeddable":true,"href":"https:\/\/www.clicars.com\/blog\/wp-json\/wp\/v2\/tags?post=10307"}],"curies":[{"name":"wp","href":"https:\/\/api.w.org\/{rel}","templated":true}]}}