{"id":10447,"date":"2022-11-15T10:34:59","date_gmt":"2022-11-15T08:34:59","guid":{"rendered":"https:\/\/www.clicars.com\/blog\/?p=10447"},"modified":"2022-12-05T17:42:53","modified_gmt":"2022-12-05T15:42:53","slug":"por-que-no-calienta-la-calefaccion-de-mi-coche-avereria","status":"publish","type":"post","link":"https:\/\/www.clicars.com\/blog\/cliconsejos\/por-que-no-calienta-la-calefaccion-de-mi-coche-avereria\/","title":{"rendered":"\u00bfPor qu\u00e9 no calienta la calefacci\u00f3n de mi coche?"},"content":{"rendered":"<p><span style=\"font-weight: 400;\">Aunque se han hecho esperar, llegan las bajas temperaturas, lo que implicar\u00e1 usar la calefacci\u00f3n del coche. No siempre tenemos el sistema a punto y eso nos puede generar ciertos inconvenientes.\u00a0<\/span><\/p>\n<p><b>Hoy te contamos las causas de posibles aver\u00edas de una calefacci\u00f3n rota<\/b><span style=\"font-weight: 400;\">, c\u00f3mo saber si se ha estropeado, las soluciones de emergencia y cu\u00e1nto puede costar repararla.<\/span><\/p>\n<p><span style=\"font-weight: 400;\">La calefacci\u00f3n del coche es un componente vital en cualquier veh\u00edculo, tanto para el confort como para utilidades b\u00e1sicas como desempa\u00f1ar el cristal delantero. Si no funcionan estos sistemas, se pueden producir riesgos en la conducci\u00f3n.<\/span><\/p>\n<h2>\u00bfC\u00f3mo funciona la calefacci\u00f3n del coche?<\/h2>\n<p><span style=\"font-weight: 400;\">La calefacci\u00f3n del coche es una utilidad fundamental en cualquier veh\u00edculo, tanto nuevo como de<\/span><span style=\"font-weight: 400;\"> segunda mano y ocasi\u00f3n<\/span><span style=\"font-weight: 400;\">. <\/span><b>B\u00e1sicamente, lo que hace es aprovechar el calor que se desprende del coche.<\/b><\/p>\n<p><span style=\"font-weight: 400;\">Existen diferentes sistemas de calefacci\u00f3n:<\/span><\/p>\n<ul>\n<li style=\"font-weight: 400;\" aria-level=\"1\"><b>Mec\u00e1nicos:<\/b><span style=\"font-weight: 400;\"> con un peque\u00f1o radiador que se conecta con manguitos al sistema de refrigeraci\u00f3n del motor.<\/span><\/li>\n<li style=\"font-weight: 400;\" aria-level=\"1\"><b>Autom\u00e1ticos: <\/b><span style=\"font-weight: 400;\">los utilizados en los climatizadores, que adem\u00e1s del sistema anterior tienen un termostato que mide la temperatura en el habit\u00e1culo y regula la potencia.<\/span><\/li>\n<li style=\"font-weight: 400;\" aria-level=\"1\"><b>Inteligentes: <\/b><span style=\"font-weight: 400;\">una evoluci\u00f3n de los anteriores, con sensores para detectar qu\u00e9 asientos est\u00e1n ocupados y cu\u00e1les no, repartiendo as\u00ed mejor el flujo de aire dentro del habit\u00e1culo.<\/span><\/li>\n<\/ul>\n<p><img loading=\"lazy\" decoding=\"async\" class=\"aligncenter wp-image-10730 size-full\" src=\"https:\/\/www.clicars.com\/blog\/wp-content\/uploads\/2022\/11\/aire-acondicionado-scaled-1.jpg\" alt=\"aire acondicionado no funciona\" width=\"907\" height=\"623\" srcset=\"https:\/\/www.clicars.com\/blog\/wp-content\/uploads\/2022\/11\/aire-acondicionado-scaled-1.jpg 907w, https:\/\/www.clicars.com\/blog\/wp-content\/uploads\/2022\/11\/aire-acondicionado-scaled-1-300x206.jpg 300w, https:\/\/www.clicars.com\/blog\/wp-content\/uploads\/2022\/11\/aire-acondicionado-scaled-1-768x528.jpg 768w\" sizes=\"auto, (max-width: 907px) 100vw, 907px\" \/><\/p>\n<h2>Aver\u00edas m\u00e1s frecuentes de la calefacci\u00f3n<\/h2>\n<p><span style=\"font-weight: 400;\">Las aver\u00edas m\u00e1s frecuentes que puedes sufrir en la calefacci\u00f3n de tu coche son:<\/span><\/p>\n<ul>\n<li style=\"font-weight: 400;\" aria-level=\"1\"><span style=\"font-weight: 400;\">Fuga o p\u00e9rdida del sistema refrigerador<\/span><\/li>\n<li style=\"font-weight: 400;\" aria-level=\"1\"><span style=\"font-weight: 400;\">Fallo del termostato<\/span><\/li>\n<li style=\"font-weight: 400;\" aria-level=\"1\"><span style=\"font-weight: 400;\">Aver\u00eda en la bomba de agua<\/span><\/li>\n<li style=\"font-weight: 400;\" aria-level=\"1\"><span style=\"font-weight: 400;\">Obstrucci\u00f3n del sistema<\/span><\/li>\n<li style=\"font-weight: 400;\" aria-level=\"1\"><span style=\"font-weight: 400;\">Rotura del radiador<\/span><\/li>\n<li style=\"font-weight: 400;\" aria-level=\"1\"><span style=\"font-weight: 400;\">Aver\u00eda en los ventiladores<\/span><\/li>\n<li style=\"font-weight: 400;\" aria-level=\"1\"><span style=\"font-weight: 400;\">Fallo en el sistema electr\u00f3nico y controles<\/span><\/li>\n<\/ul>\n<p><span style=\"font-weight: 400;\">Los s\u00edntomas y las consecuencias de una aver\u00eda de la calefacci\u00f3n:<\/span><\/p>\n<ul>\n<li style=\"font-weight: 400;\" aria-level=\"1\"><span style=\"font-weight: 400;\">Apenas sale aire caliente, porque puede haber una obstrucci\u00f3n<\/span><\/li>\n<li style=\"font-weight: 400;\" aria-level=\"1\"><span style=\"font-weight: 400;\">La calefacci\u00f3n huele mal o emite olores extra\u00f1os<\/span><\/li>\n<li style=\"font-weight: 400;\" aria-level=\"1\"><span style=\"font-weight: 400;\">Sale aire fr\u00edo de la calefacci\u00f3n<\/span><\/li>\n<li style=\"font-weight: 400;\" aria-level=\"1\"><span style=\"font-weight: 400;\">El termostato est\u00e1 estropeado<\/span><\/li>\n<\/ul>\n<h2>Mantenimiento del sistema de calefacci\u00f3n<\/h2>\n<p><span style=\"font-weight: 400;\">El mejor modo de prevenir una aver\u00eda en la calefacci\u00f3n es revisando bien los sistemas, para esto es ideal un buen mantenimiento. \u00bfQu\u00e9 aspectos debemos tener en cuenta?<\/span><\/p>\n<ul>\n<li style=\"font-weight: 400;\" aria-level=\"1\"><b>Vigilar el l\u00edquido refrigerante: <\/b><span style=\"font-weight: 400;\">siempre de las marcas recomendadas.<\/span><\/li>\n<li style=\"font-weight: 400;\" aria-level=\"1\"><b>Revisar los manguitos: <\/b><span style=\"font-weight: 400;\">para garantizar que el l\u00edquido acceda al radiador.<\/span><\/li>\n<li style=\"font-weight: 400;\" aria-level=\"1\"><b>Encender la calefacci\u00f3n todo el a\u00f1o:<\/b><span style=\"font-weight: 400;\"> aunque sea unos minutos a baja potencia para mantener la v\u00e1lvula de paso del l\u00edquido refrigerante.<\/span><\/li>\n<\/ul>\n<p><img loading=\"lazy\" decoding=\"async\" class=\"aligncenter wp-image-10727 size-full\" src=\"https:\/\/www.clicars.com\/blog\/wp-content\/uploads\/2022\/11\/aire-acondicionado-no-efria-1-scaled-1.jpg\" alt=\"aire acondicionado roto\" width=\"907\" height=\"605\" srcset=\"https:\/\/www.clicars.com\/blog\/wp-content\/uploads\/2022\/11\/aire-acondicionado-no-efria-1-scaled-1.jpg 907w, https:\/\/www.clicars.com\/blog\/wp-content\/uploads\/2022\/11\/aire-acondicionado-no-efria-1-scaled-1-300x200.jpg 300w, https:\/\/www.clicars.com\/blog\/wp-content\/uploads\/2022\/11\/aire-acondicionado-no-efria-1-scaled-1-768x512.jpg 768w, https:\/\/www.clicars.com\/blog\/wp-content\/uploads\/2022\/11\/aire-acondicionado-no-efria-1-scaled-1-900x600.jpg 900w\" sizes=\"auto, (max-width: 907px) 100vw, 907px\" \/><\/p>\n<h2>Consejos para el buen uso de la calefacci\u00f3n<\/h2>\n<p><span style=\"font-weight: 400;\">Adem\u00e1s del mantenimiento, otro sistema de prevenci\u00f3n de aver\u00edas es usar correctamente la calefacci\u00f3n del coche. Este sistema consume combustible y energ\u00eda el\u00e9ctrica de la bater\u00eda.\u00a0<\/span><\/p>\n<p><span style=\"font-weight: 400;\">Para ser lo m\u00e1s eficiente posible, podemos seguir estos consejos:<\/span><\/p>\n<ul>\n<li style=\"font-weight: 400;\" aria-level=\"1\"><span style=\"font-weight: 400;\">Esperar siempre a que el motor se caliente, para evitar el golpe de aire fr\u00edo<\/span><\/li>\n<li style=\"font-weight: 400;\" aria-level=\"1\"><span style=\"font-weight: 400;\">Moderar la temperatura, buscando los 23 grados como media en el habit\u00e1culo<\/span><\/li>\n<li style=\"font-weight: 400;\" aria-level=\"1\"><span style=\"font-weight: 400;\">Dirigir el flujo a los pies, con lo que conseguiremos que el aire se distribuya<\/span><\/li>\n<\/ul>\n<h2>Precio de arreglar la calefacci\u00f3n del coche<\/h2>\n<p><span style=\"font-weight: 400;\">Arreglar la calefacci\u00f3n del coche puede ser costoso, sobre todo por el radiador, que es el componente que est\u00e1 m\u00e1s expuesto a las aver\u00edas. <\/span><b>Esto puede conllevar el desmontaje de gran parte del salpicadero y del cableado<\/b><span style=\"font-weight: 400;\">, lo que obligar\u00e1 a pagar varias horas de mano de obra. As\u00ed, el precio se puede elevar por encima de los 1.000 euros.<\/span><\/p>\n<p><span style=\"font-weight: 400;\">Con todo, debes estar tranquilo. La rotura del radiador no es una aver\u00eda habitual y suele suceder en coches veteranos, cuando estos han tenido una vida \u00fatil de m\u00e1s de 10 a\u00f1os. Asimismo, el coste de la incidencia depender\u00e1 del tipo de veh\u00edculo.\u00a0\u00a0<\/span><\/p>\n<h2>\u00a1No pases fr\u00edo este invierno!<\/h2>\n<p><span style=\"font-weight: 400;\">\u00a1No queremos que este invierno pases fr\u00edo, por lo que te ofrecemos calurosas ofertas de <\/span><a href=\"https:\/\/www.clicars.com\/coches-segunda-mano-ocasion\"><span style=\"font-weight: 400;\">coches de segunda mano y ocasi\u00f3n<\/span><\/a><span style=\"font-weight: 400;\">! En Clicars puedes encontrar coches climatizados. \u00a1Escoge el que mejor se adapta a ti sin salir de casa! Ponte a cubierto.<\/span><\/p>\n","protected":false},"excerpt":{"rendered":"<p>Aunque se han hecho esperar, llegan las bajas temperaturas, lo que implicar\u00e1 usar la calefacci\u00f3n&#8230;<\/p>\n","protected":false},"author":2,"featured_media":10728,"comment_status":"closed","ping_status":"closed","sticky":false,"template":"","format":"standard","meta":{"footnotes":""},"categories":[3],"tags":[],"class_list":{"0":"post-10447","1":"post","2":"type-post","3":"status-publish","4":"format-standard","5":"has-post-thumbnail","7":"category-cliconsejos"},"yoast_head":"<!-- This site is optimized with the Yoast SEO plugin v26.8 - https:\/\/yoast.com\/product\/yoast-seo-wordpress\/ -->\n<title>\u00bfPor qu\u00e9 no calienta la calefacci\u00f3n de mi coche? - Clicars Blog<\/title>\n<meta name=\"description\" content=\"Conducir con la calefacci\u00f3n del coche rota no le gusta a nadie, y m\u00e1s, cuando el fr\u00edo aprieta. Te contamos las aver\u00edas comunes y su soluci\u00f3n\" \/>\n<meta name=\"robots\" content=\"index, follow, max-snippet:-1, max-image-preview:large, max-video-preview:-1\" \/>\n<link rel=\"canonical\" href=\"https:\/\/www.clicars.com\/blog\/cliconsejos\/por-que-no-calienta-la-calefaccion-de-mi-coche-avereria\/\" \/>\n<meta property=\"og:locale\" content=\"es_ES\" \/>\n<meta property=\"og:type\" content=\"article\" \/>\n<meta property=\"og:title\" content=\"\u00bfPor qu\u00e9 no calienta la calefacci\u00f3n de mi coche? - Clicars Blog\" \/>\n<meta property=\"og:description\" content=\"Conducir con la calefacci\u00f3n del coche rota no le gusta a nadie, y m\u00e1s, cuando el fr\u00edo aprieta. Te contamos las aver\u00edas comunes y su soluci\u00f3n\" \/>\n<meta property=\"og:url\" content=\"https:\/\/www.clicars.com\/blog\/cliconsejos\/por-que-no-calienta-la-calefaccion-de-mi-coche-avereria\/\" \/>\n<meta property=\"og:site_name\" content=\"Clicars\" \/>\n<meta property=\"article:published_time\" content=\"2022-11-15T08:34:59+00:00\" \/>\n<meta property=\"article:modified_time\" content=\"2022-12-05T15:42:53+00:00\" \/>\n<meta property=\"og:image\" content=\"https:\/\/www.clicars.com\/blog\/wp-content\/uploads\/2022\/11\/detalle-salpicadero-Clase-A-2-2-scaled-1.jpg\" \/>\n\t<meta property=\"og:image:width\" content=\"907\" \/>\n\t<meta property=\"og:image:height\" content=\"881\" \/>\n\t<meta property=\"og:image:type\" content=\"image\/jpeg\" \/>\n<meta name=\"author\" content=\"Clicars\" \/>\n<meta name=\"twitter:card\" content=\"summary_large_image\" \/>\n<meta name=\"twitter:label1\" content=\"Escrito por\" \/>\n\t<meta name=\"twitter:data1\" content=\"Clicars\" \/>\n\t<meta name=\"twitter:label2\" content=\"Tiempo de lectura\" \/>\n\t<meta name=\"twitter:data2\" content=\"4 minutos\" \/>\n<script type=\"application\/ld+json\" class=\"yoast-schema-graph\">{\"@context\":\"https:\/\/schema.org\",\"@graph\":[{\"@type\":\"Article\",\"@id\":\"https:\/\/www.clicars.com\/blog\/cliconsejos\/por-que-no-calienta-la-calefaccion-de-mi-coche-avereria\/#article\",\"isPartOf\":{\"@id\":\"https:\/\/www.clicars.com\/blog\/cliconsejos\/por-que-no-calienta-la-calefaccion-de-mi-coche-avereria\/\"},\"author\":{\"name\":\"Clicars\",\"@id\":\"https:\/\/www.clicars.com\/blog\/#\/schema\/person\/af686c41ba96962c68871392bf2bb62d\"},\"headline\":\"\u00bfPor qu\u00e9 no calienta la calefacci\u00f3n de mi coche?\",\"datePublished\":\"2022-11-15T08:34:59+00:00\",\"dateModified\":\"2022-12-05T15:42:53+00:00\",\"mainEntityOfPage\":{\"@id\":\"https:\/\/www.clicars.com\/blog\/cliconsejos\/por-que-no-calienta-la-calefaccion-de-mi-coche-avereria\/\"},\"wordCount\":697,\"image\":{\"@id\":\"https:\/\/www.clicars.com\/blog\/cliconsejos\/por-que-no-calienta-la-calefaccion-de-mi-coche-avereria\/#primaryimage\"},\"thumbnailUrl\":\"https:\/\/www.clicars.com\/blog\/wp-content\/uploads\/2022\/11\/detalle-salpicadero-Clase-A-2-2-scaled-1.jpg\",\"articleSection\":[\"Cliconsejos\"],\"inLanguage\":\"es\"},{\"@type\":[\"WebPage\",\"ItemPage\"],\"@id\":\"https:\/\/www.clicars.com\/blog\/cliconsejos\/por-que-no-calienta-la-calefaccion-de-mi-coche-avereria\/\",\"url\":\"https:\/\/www.clicars.com\/blog\/cliconsejos\/por-que-no-calienta-la-calefaccion-de-mi-coche-avereria\/\",\"name\":\"\u00bfPor qu\u00e9 no calienta la calefacci\u00f3n de mi coche? - Clicars Blog\",\"isPartOf\":{\"@id\":\"https:\/\/www.clicars.com\/blog\/#website\"},\"primaryImageOfPage\":{\"@id\":\"https:\/\/www.clicars.com\/blog\/cliconsejos\/por-que-no-calienta-la-calefaccion-de-mi-coche-avereria\/#primaryimage\"},\"image\":{\"@id\":\"https:\/\/www.clicars.com\/blog\/cliconsejos\/por-que-no-calienta-la-calefaccion-de-mi-coche-avereria\/#primaryimage\"},\"thumbnailUrl\":\"https:\/\/www.clicars.com\/blog\/wp-content\/uploads\/2022\/11\/detalle-salpicadero-Clase-A-2-2-scaled-1.jpg\",\"datePublished\":\"2022-11-15T08:34:59+00:00\",\"dateModified\":\"2022-12-05T15:42:53+00:00\",\"author\":{\"@id\":\"https:\/\/www.clicars.com\/blog\/#\/schema\/person\/af686c41ba96962c68871392bf2bb62d\"},\"description\":\"Conducir con la calefacci\u00f3n del coche rota no le gusta a nadie, y m\u00e1s, cuando el fr\u00edo aprieta. Te contamos las aver\u00edas comunes y su soluci\u00f3n\",\"breadcrumb\":{\"@id\":\"https:\/\/www.clicars.com\/blog\/cliconsejos\/por-que-no-calienta-la-calefaccion-de-mi-coche-avereria\/#breadcrumb\"},\"inLanguage\":\"es\",\"potentialAction\":[{\"@type\":\"ReadAction\",\"target\":[\"https:\/\/www.clicars.com\/blog\/cliconsejos\/por-que-no-calienta-la-calefaccion-de-mi-coche-avereria\/\"]}]},{\"@type\":\"ImageObject\",\"inLanguage\":\"es\",\"@id\":\"https:\/\/www.clicars.com\/blog\/cliconsejos\/por-que-no-calienta-la-calefaccion-de-mi-coche-avereria\/#primaryimage\",\"url\":\"https:\/\/www.clicars.com\/blog\/wp-content\/uploads\/2022\/11\/detalle-salpicadero-Clase-A-2-2-scaled-1.jpg\",\"contentUrl\":\"https:\/\/www.clicars.com\/blog\/wp-content\/uploads\/2022\/11\/detalle-salpicadero-Clase-A-2-2-scaled-1.jpg\",\"width\":907,\"height\":881,\"caption\":\"aire acondicionado coche no enfria\"},{\"@type\":\"BreadcrumbList\",\"@id\":\"https:\/\/www.clicars.com\/blog\/cliconsejos\/por-que-no-calienta-la-calefaccion-de-mi-coche-avereria\/#breadcrumb\",\"itemListElement\":[{\"@type\":\"ListItem\",\"position\":1,\"name\":\"Portada\",\"item\":\"https:\/\/www.clicars.com\/blog\/\"},{\"@type\":\"ListItem\",\"position\":2,\"name\":\"\u00bfPor qu\u00e9 no calienta la calefacci\u00f3n de mi coche?\"}]},{\"@type\":\"WebSite\",\"@id\":\"https:\/\/www.clicars.com\/blog\/#website\",\"url\":\"https:\/\/www.clicars.com\/blog\/\",\"name\":\"Clicars\",\"description\":\"Compra tu coche de Buena Mano sin moverte de casa\",\"inLanguage\":\"es\"},{\"@type\":\"Person\",\"@id\":\"https:\/\/www.clicars.com\/blog\/#\/schema\/person\/af686c41ba96962c68871392bf2bb62d\",\"name\":\"Clicars\",\"image\":{\"@type\":\"ImageObject\",\"inLanguage\":\"es\",\"@id\":\"https:\/\/www.clicars.com\/blog\/#\/schema\/person\/image\/\",\"url\":\"https:\/\/secure.gravatar.com\/avatar\/3100622b0023049db14165cdba9dadaa9159743b871e83e440a0df9a70f80e56?s=96&d=mm&r=g\",\"contentUrl\":\"https:\/\/secure.gravatar.com\/avatar\/3100622b0023049db14165cdba9dadaa9159743b871e83e440a0df9a70f80e56?s=96&d=mm&r=g\",\"caption\":\"Clicars\"},\"sameAs\":[\"https:\/\/www.clicars.com\"],\"url\":\"https:\/\/www.clicars.com\/blog\/author\/clicars\/\"}]}<\/script>\n<!-- \/ Yoast SEO plugin. -->","yoast_head_json":{"title":"\u00bfPor qu\u00e9 no calienta la calefacci\u00f3n de mi coche? - Clicars Blog","description":"Conducir con la calefacci\u00f3n del coche rota no le gusta a nadie, y m\u00e1s, cuando el fr\u00edo aprieta. Te contamos las aver\u00edas comunes y su soluci\u00f3n","robots":{"index":"index","follow":"follow","max-snippet":"max-snippet:-1","max-image-preview":"max-image-preview:large","max-video-preview":"max-video-preview:-1"},"canonical":"https:\/\/www.clicars.com\/blog\/cliconsejos\/por-que-no-calienta-la-calefaccion-de-mi-coche-avereria\/","og_locale":"es_ES","og_type":"article","og_title":"\u00bfPor qu\u00e9 no calienta la calefacci\u00f3n de mi coche? - Clicars Blog","og_description":"Conducir con la calefacci\u00f3n del coche rota no le gusta a nadie, y m\u00e1s, cuando el fr\u00edo aprieta. Te contamos las aver\u00edas comunes y su soluci\u00f3n","og_url":"https:\/\/www.clicars.com\/blog\/cliconsejos\/por-que-no-calienta-la-calefaccion-de-mi-coche-avereria\/","og_site_name":"Clicars","article_published_time":"2022-11-15T08:34:59+00:00","article_modified_time":"2022-12-05T15:42:53+00:00","og_image":[{"width":907,"height":881,"url":"https:\/\/www.clicars.com\/blog\/wp-content\/uploads\/2022\/11\/detalle-salpicadero-Clase-A-2-2-scaled-1.jpg","type":"image\/jpeg"}],"author":"Clicars","twitter_card":"summary_large_image","twitter_misc":{"Escrito por":"Clicars","Tiempo de lectura":"4 minutos"},"schema":{"@context":"https:\/\/schema.org","@graph":[{"@type":"Article","@id":"https:\/\/www.clicars.com\/blog\/cliconsejos\/por-que-no-calienta-la-calefaccion-de-mi-coche-avereria\/#article","isPartOf":{"@id":"https:\/\/www.clicars.com\/blog\/cliconsejos\/por-que-no-calienta-la-calefaccion-de-mi-coche-avereria\/"},"author":{"name":"Clicars","@id":"https:\/\/www.clicars.com\/blog\/#\/schema\/person\/af686c41ba96962c68871392bf2bb62d"},"headline":"\u00bfPor qu\u00e9 no calienta la calefacci\u00f3n de mi coche?","datePublished":"2022-11-15T08:34:59+00:00","dateModified":"2022-12-05T15:42:53+00:00","mainEntityOfPage":{"@id":"https:\/\/www.clicars.com\/blog\/cliconsejos\/por-que-no-calienta-la-calefaccion-de-mi-coche-avereria\/"},"wordCount":697,"image":{"@id":"https:\/\/www.clicars.com\/blog\/cliconsejos\/por-que-no-calienta-la-calefaccion-de-mi-coche-avereria\/#primaryimage"},"thumbnailUrl":"https:\/\/www.clicars.com\/blog\/wp-content\/uploads\/2022\/11\/detalle-salpicadero-Clase-A-2-2-scaled-1.jpg","articleSection":["Cliconsejos"],"inLanguage":"es"},{"@type":["WebPage","ItemPage"],"@id":"https:\/\/www.clicars.com\/blog\/cliconsejos\/por-que-no-calienta-la-calefaccion-de-mi-coche-avereria\/","url":"https:\/\/www.clicars.com\/blog\/cliconsejos\/por-que-no-calienta-la-calefaccion-de-mi-coche-avereria\/","name":"\u00bfPor qu\u00e9 no calienta la calefacci\u00f3n de mi coche? - Clicars Blog","isPartOf":{"@id":"https:\/\/www.clicars.com\/blog\/#website"},"primaryImageOfPage":{"@id":"https:\/\/www.clicars.com\/blog\/cliconsejos\/por-que-no-calienta-la-calefaccion-de-mi-coche-avereria\/#primaryimage"},"image":{"@id":"https:\/\/www.clicars.com\/blog\/cliconsejos\/por-que-no-calienta-la-calefaccion-de-mi-coche-avereria\/#primaryimage"},"thumbnailUrl":"https:\/\/www.clicars.com\/blog\/wp-content\/uploads\/2022\/11\/detalle-salpicadero-Clase-A-2-2-scaled-1.jpg","datePublished":"2022-11-15T08:34:59+00:00","dateModified":"2022-12-05T15:42:53+00:00","author":{"@id":"https:\/\/www.clicars.com\/blog\/#\/schema\/person\/af686c41ba96962c68871392bf2bb62d"},"description":"Conducir con la calefacci\u00f3n del coche rota no le gusta a nadie, y m\u00e1s, cuando el fr\u00edo aprieta. Te contamos las aver\u00edas comunes y su soluci\u00f3n","breadcrumb":{"@id":"https:\/\/www.clicars.com\/blog\/cliconsejos\/por-que-no-calienta-la-calefaccion-de-mi-coche-avereria\/#breadcrumb"},"inLanguage":"es","potentialAction":[{"@type":"ReadAction","target":["https:\/\/www.clicars.com\/blog\/cliconsejos\/por-que-no-calienta-la-calefaccion-de-mi-coche-avereria\/"]}]},{"@type":"ImageObject","inLanguage":"es","@id":"https:\/\/www.clicars.com\/blog\/cliconsejos\/por-que-no-calienta-la-calefaccion-de-mi-coche-avereria\/#primaryimage","url":"https:\/\/www.clicars.com\/blog\/wp-content\/uploads\/2022\/11\/detalle-salpicadero-Clase-A-2-2-scaled-1.jpg","contentUrl":"https:\/\/www.clicars.com\/blog\/wp-content\/uploads\/2022\/11\/detalle-salpicadero-Clase-A-2-2-scaled-1.jpg","width":907,"height":881,"caption":"aire acondicionado coche no enfria"},{"@type":"BreadcrumbList","@id":"https:\/\/www.clicars.com\/blog\/cliconsejos\/por-que-no-calienta-la-calefaccion-de-mi-coche-avereria\/#breadcrumb","itemListElement":[{"@type":"ListItem","position":1,"name":"Portada","item":"https:\/\/www.clicars.com\/blog\/"},{"@type":"ListItem","position":2,"name":"\u00bfPor qu\u00e9 no calienta la calefacci\u00f3n de mi coche?"}]},{"@type":"WebSite","@id":"https:\/\/www.clicars.com\/blog\/#website","url":"https:\/\/www.clicars.com\/blog\/","name":"Clicars","description":"Compra tu coche de Buena Mano sin moverte de casa","inLanguage":"es"},{"@type":"Person","@id":"https:\/\/www.clicars.com\/blog\/#\/schema\/person\/af686c41ba96962c68871392bf2bb62d","name":"Clicars","image":{"@type":"ImageObject","inLanguage":"es","@id":"https:\/\/www.clicars.com\/blog\/#\/schema\/person\/image\/","url":"https:\/\/secure.gravatar.com\/avatar\/3100622b0023049db14165cdba9dadaa9159743b871e83e440a0df9a70f80e56?s=96&d=mm&r=g","contentUrl":"https:\/\/secure.gravatar.com\/avatar\/3100622b0023049db14165cdba9dadaa9159743b871e83e440a0df9a70f80e56?s=96&d=mm&r=g","caption":"Clicars"},"sameAs":["https:\/\/www.clicars.com"],"url":"https:\/\/www.clicars.com\/blog\/author\/clicars\/"}]}},"_links":{"self":[{"href":"https:\/\/www.clicars.com\/blog\/wp-json\/wp\/v2\/posts\/10447","targetHints":{"allow":["GET"]}}],"collection":[{"href":"https:\/\/www.clicars.com\/blog\/wp-json\/wp\/v2\/posts"}],"about":[{"href":"https:\/\/www.clicars.com\/blog\/wp-json\/wp\/v2\/types\/post"}],"author":[{"embeddable":true,"href":"https:\/\/www.clicars.com\/blog\/wp-json\/wp\/v2\/users\/2"}],"replies":[{"embeddable":true,"href":"https:\/\/www.clicars.com\/blog\/wp-json\/wp\/v2\/comments?post=10447"}],"version-history":[{"count":3,"href":"https:\/\/www.clicars.com\/blog\/wp-json\/wp\/v2\/posts\/10447\/revisions"}],"predecessor-version":[{"id":10729,"href":"https:\/\/www.clicars.com\/blog\/wp-json\/wp\/v2\/posts\/10447\/revisions\/10729"}],"wp:featuredmedia":[{"embeddable":true,"href":"https:\/\/www.clicars.com\/blog\/wp-json\/wp\/v2\/media\/10728"}],"wp:attachment":[{"href":"https:\/\/www.clicars.com\/blog\/wp-json\/wp\/v2\/media?parent=10447"}],"wp:term":[{"taxonomy":"category","embeddable":true,"href":"https:\/\/www.clicars.com\/blog\/wp-json\/wp\/v2\/categories?post=10447"},{"taxonomy":"post_tag","embeddable":true,"href":"https:\/\/www.clicars.com\/blog\/wp-json\/wp\/v2\/tags?post=10447"}],"curies":[{"name":"wp","href":"https:\/\/api.w.org\/{rel}","templated":true}]}}