{"id":10462,"date":"2022-11-18T11:35:33","date_gmt":"2022-11-18T09:35:33","guid":{"rendered":"https:\/\/www.clicars.com\/blog\/?p=10462"},"modified":"2022-12-05T19:12:27","modified_gmt":"2022-12-05T17:12:27","slug":"hasta-que-estatura-se-lleva-la-silla-en-el-coche-para-ninos","status":"publish","type":"post","link":"https:\/\/www.clicars.com\/blog\/curiosidades\/hasta-que-estatura-se-lleva-la-silla-en-el-coche-para-ninos\/","title":{"rendered":"\u00bfHasta qu\u00e9 estatura se lleva la silla en el coche para ni\u00f1os?"},"content":{"rendered":"<p><span style=\"font-weight: 400;\">La silla para el coche es un elemento absolutamente indispensable para viajar. Es la clave de la seguridad infantil, por eso hoy queremos hablarte de un detalle muy importante como es: \u00bfhasta qu\u00e9 estatura se lleva silla en el coche<\/span><span style=\"font-weight: 400;\">?<\/span><\/p>\n<p><span style=\"font-weight: 400;\">Tan importante como escoger bien la silla del coche es saber adaptarla a las necesidades de cada peque\u00f1o viajero. De hecho, una mala elecci\u00f3n en este sentido puede acarrear graves consecuencias.\u00a0<\/span><\/p>\n<div id=\"ez-toc-container\" class=\"ez-toc-v2_0_80 counter-hierarchy ez-toc-counter ez-toc-light-blue ez-toc-container-direction\">\n<p class=\"ez-toc-title\" style=\"cursor:inherit\">\u00cdndice de contenidos<\/p>\n<label for=\"ez-toc-cssicon-toggle-item-69efa9a6d7f0e\" class=\"ez-toc-cssicon-toggle-label\"><span class=\"ez-toc-cssicon\"><span class=\"eztoc-hide\" style=\"display:none;\">Toggle<\/span><span class=\"ez-toc-icon-toggle-span\"><svg style=\"fill: #999;color:#999\" xmlns=\"http:\/\/www.w3.org\/2000\/svg\" class=\"list-377408\" width=\"20px\" height=\"20px\" viewBox=\"0 0 24 24\" fill=\"none\"><path d=\"M6 6H4v2h2V6zm14 0H8v2h12V6zM4 11h2v2H4v-2zm16 0H8v2h12v-2zM4 16h2v2H4v-2zm16 0H8v2h12v-2z\" fill=\"currentColor\"><\/path><\/svg><svg style=\"fill: #999;color:#999\" class=\"arrow-unsorted-368013\" xmlns=\"http:\/\/www.w3.org\/2000\/svg\" width=\"10px\" height=\"10px\" viewBox=\"0 0 24 24\" version=\"1.2\" baseProfile=\"tiny\"><path d=\"M18.2 9.3l-6.2-6.3-6.2 6.3c-.2.2-.3.4-.3.7s.1.5.3.7c.2.2.4.3.7.3h11c.3 0 .5-.1.7-.3.2-.2.3-.5.3-.7s-.1-.5-.3-.7zM5.8 14.7l6.2 6.3 6.2-6.3c.2-.2.3-.5.3-.7s-.1-.5-.3-.7c-.2-.2-.4-.3-.7-.3h-11c-.3 0-.5.1-.7.3-.2.2-.3.5-.3.7s.1.5.3.7z\"\/><\/svg><\/span><\/span><\/label><input type=\"checkbox\"  id=\"ez-toc-cssicon-toggle-item-69efa9a6d7f0e\"  aria-label=\"Alternar\" \/><nav><ul class='ez-toc-list ez-toc-list-level-1 ' ><li class='ez-toc-page-1 ez-toc-heading-level-2'><a class=\"ez-toc-link ez-toc-heading-1\" href=\"https:\/\/www.clicars.com\/blog\/curiosidades\/hasta-que-estatura-se-lleva-la-silla-en-el-coche-para-ninos\/#%C2%BFPor_que_hay_que_usar_sillas_para_el_coche\" >\u00bfPor qu\u00e9 hay que usar sillas para el coche?<\/a><\/li><li class='ez-toc-page-1 ez-toc-heading-level-2'><a class=\"ez-toc-link ez-toc-heading-2\" href=\"https:\/\/www.clicars.com\/blog\/curiosidades\/hasta-que-estatura-se-lleva-la-silla-en-el-coche-para-ninos\/#%C2%BFComo_escoger_la_sillita_del_coche\" >\u00bfC\u00f3mo escoger la sillita del coche?<\/a><\/li><li class='ez-toc-page-1 ez-toc-heading-level-2'><a class=\"ez-toc-link ez-toc-heading-3\" href=\"https:\/\/www.clicars.com\/blog\/curiosidades\/hasta-que-estatura-se-lleva-la-silla-en-el-coche-para-ninos\/#%C2%BFQue_normativa_rige_la_utilizacion_de_la_silla_en_el_coche\" >\u00bfQu\u00e9 normativa rige la utilizaci\u00f3n de la silla en el coche?<\/a><\/li><li class='ez-toc-page-1 ez-toc-heading-level-2'><a class=\"ez-toc-link ez-toc-heading-4\" href=\"https:\/\/www.clicars.com\/blog\/curiosidades\/hasta-que-estatura-se-lleva-la-silla-en-el-coche-para-ninos\/#%C2%BFQue_es_el_i-Size\" >\u00bfQu\u00e9 es el i-Size?<\/a><\/li><li class='ez-toc-page-1 ez-toc-heading-level-2'><a class=\"ez-toc-link ez-toc-heading-5\" href=\"https:\/\/www.clicars.com\/blog\/curiosidades\/hasta-que-estatura-se-lleva-la-silla-en-el-coche-para-ninos\/#%C2%BFQue_es_el_Isofix\" >\u00bfQu\u00e9 es el Isofix?<\/a><\/li><li class='ez-toc-page-1 ez-toc-heading-level-2'><a class=\"ez-toc-link ez-toc-heading-6\" href=\"https:\/\/www.clicars.com\/blog\/curiosidades\/hasta-que-estatura-se-lleva-la-silla-en-el-coche-para-ninos\/#Multa_por_llevar_a_ninos_sin_silla\" >Multa por llevar a ni\u00f1os sin silla<\/a><\/li><li class='ez-toc-page-1 ez-toc-heading-level-2'><a class=\"ez-toc-link ez-toc-heading-7\" href=\"https:\/\/www.clicars.com\/blog\/curiosidades\/hasta-que-estatura-se-lleva-la-silla-en-el-coche-para-ninos\/#%C2%BFHasta_que_edad_es_la_silla_del_coche_obligatoria\" >\u00bfHasta qu\u00e9 edad es la silla del coche obligatoria?<\/a><\/li><li class='ez-toc-page-1 ez-toc-heading-level-2'><a class=\"ez-toc-link ez-toc-heading-8\" href=\"https:\/\/www.clicars.com\/blog\/curiosidades\/hasta-que-estatura-se-lleva-la-silla-en-el-coche-para-ninos\/#%C2%BFComo_se_puede_llevar_un_bebe_en_el_coche\" >\u00bfC\u00f3mo se puede llevar un bebe en el coche?<\/a><\/li><li class='ez-toc-page-1 ez-toc-heading-level-2'><a class=\"ez-toc-link ez-toc-heading-9\" href=\"https:\/\/www.clicars.com\/blog\/curiosidades\/hasta-que-estatura-se-lleva-la-silla-en-el-coche-para-ninos\/#%C2%BFCual_es_la_plaza_mas_segura_para_instalar_la_sillita_infantil\" >\u00bfCu\u00e1l es la plaza m\u00e1s segura para instalar la sillita infantil?<\/a><\/li><li class='ez-toc-page-1 ez-toc-heading-level-2'><a class=\"ez-toc-link ez-toc-heading-10\" href=\"https:\/\/www.clicars.com\/blog\/curiosidades\/hasta-que-estatura-se-lleva-la-silla-en-el-coche-para-ninos\/#%C2%BFCuando_pueden_ir_los_ninos_en_el_asiento_del_copiloto\" >\u00bfCu\u00e1ndo pueden ir los ni\u00f1os en el asiento del copiloto?<\/a><\/li><li class='ez-toc-page-1 ez-toc-heading-level-2'><a class=\"ez-toc-link ez-toc-heading-11\" href=\"https:\/\/www.clicars.com\/blog\/curiosidades\/hasta-que-estatura-se-lleva-la-silla-en-el-coche-para-ninos\/#%C2%BFComo_elegir_una_sillita_infantil\" >\u00bfC\u00f3mo elegir una sillita infantil?<\/a><\/li><li class='ez-toc-page-1 ez-toc-heading-level-2'><a class=\"ez-toc-link ez-toc-heading-12\" href=\"https:\/\/www.clicars.com\/blog\/curiosidades\/hasta-que-estatura-se-lleva-la-silla-en-el-coche-para-ninos\/#%C2%BFSe_puede_viajar_sin_sillita_infantil_en_los_taxis\" >\u00bfSe puede viajar sin sillita infantil en los taxis?<\/a><\/li><li class='ez-toc-page-1 ez-toc-heading-level-2'><a class=\"ez-toc-link ez-toc-heading-13\" href=\"https:\/\/www.clicars.com\/blog\/curiosidades\/hasta-que-estatura-se-lleva-la-silla-en-el-coche-para-ninos\/#Compra_tu_coche_familiar_de_segunda_mano_Buena_mano_en_Clicars\" >Compra tu coche familiar de segunda mano Buena mano en Clicars<\/a><\/li><\/ul><\/nav><\/div>\n\n<h2><span class=\"ez-toc-section\" id=\"%C2%BFPor_que_hay_que_usar_sillas_para_el_coche\"><\/span>\u00bfPor qu\u00e9 hay que usar sillas para el coche?<span class=\"ez-toc-section-end\"><\/span><\/h2>\n<p><span style=\"font-weight: 400;\">Los denominados sistemas de retenci\u00f3n infantil (SRI) han ido evolucionando para hacerlos m\u00e1s seguros y estandarizados. Tanto fabricantes de coches como de sillas se han esforzado para que cada vez se adapten mejor a la edad del ni\u00f1o.\u00a0<\/span><\/p>\n<p><span style=\"font-weight: 400;\">Hay que recordar que, desgraciadamente, <\/span><b>la primera causa de mortalidad infantil <\/b><span style=\"font-weight: 400;\">en los pa\u00edses desarrollados son los accidentes de tr\u00e1fico.\u00a0<\/span><\/p>\n<h2><span class=\"ez-toc-section\" id=\"%C2%BFComo_escoger_la_sillita_del_coche\"><\/span>\u00bfC\u00f3mo escoger la sillita del coche?<span class=\"ez-toc-section-end\"><\/span><\/h2>\n<p><span style=\"font-weight: 400;\">Para escoger la mejor y m\u00e1s segura silla para el coche, te recomendamos que leas atentamente \u00e9ste otro post de nuestro blog, donde te contamos c\u00f3mo son las sillitas homologadas, cu\u00e1les son las m\u00e1s seguras y consejos para su uso \u00f3ptimo.<\/span><\/p>\n<ul>\n<li aria-level=\"1\"><a href=\"https:\/\/www.clicars.com\/blog\/curiosidades\/cual-es-la-mejor-silla-infantil-para-el-coche\/\"><b>\u00bfCu\u00e1l es la mejor silla infantil para el coche?<\/b><\/a><\/li>\n<\/ul>\n<h2><span class=\"ez-toc-section\" id=\"%C2%BFQue_normativa_rige_la_utilizacion_de_la_silla_en_el_coche\"><\/span>\u00bfQu\u00e9 normativa rige la utilizaci\u00f3n de la silla en el coche?<span class=\"ez-toc-section-end\"><\/span><\/h2>\n<p><span style=\"font-weight: 400;\">La \u00faltima modificaci\u00f3n sobre c\u00f3mo utilizar las sillitas del coche para ni\u00f1os entr\u00f3 en vigor en 2021, con la que se homologan todas las sillas infantiles.\u00a0<\/span><\/p>\n<p><span style=\"font-weight: 400;\">Los puntos clave de la normativa son:<\/span><\/p>\n<ul>\n<li style=\"font-weight: 400;\" aria-level=\"1\"><span style=\"font-weight: 400;\">La clasificaci\u00f3n de las sillas se hace en funci\u00f3n de la altura del ni\u00f1o y del peso<\/span><\/li>\n<li style=\"font-weight: 400;\" aria-level=\"1\"><span style=\"font-weight: 400;\">Deber\u00e1n usarse las sillas a contramarcha (en el sentido contrario al que se circula) hasta que el ni\u00f1o tenga 15 meses o bien tenga una altura inferior a los 70 cent\u00edmetros.\u00a0<\/span><\/li>\n<li style=\"font-weight: 400;\" aria-level=\"1\"><span style=\"font-weight: 400;\">La recomendaci\u00f3n es, sin embargo, que el ni\u00f1o viaje a contramarcha hasta los cuatro a\u00f1os, aunque esto no es obligatorio.<\/span><\/li>\n<li style=\"font-weight: 400;\" aria-level=\"1\"><span style=\"font-weight: 400;\">La silla y el asiento del coche en el que se coloque deben llevar un s\u00edmbolo de i-Size, como se llama la nueva normativa.<\/span><\/li>\n<li style=\"font-weight: 400;\" aria-level=\"1\"><span style=\"font-weight: 400;\">El uso del sistema Isofix es siempre obligatorio y en la homologaci\u00f3n de las sillas se incorpora una prueba de impacto lateral.\u00a0<\/span><\/li>\n<\/ul>\n<p><img loading=\"lazy\" decoding=\"async\" class=\"aligncenter wp-image-10790 size-full\" src=\"https:\/\/www.clicars.com\/blog\/wp-content\/uploads\/2022\/11\/sillita-coche-1.jpg\" alt=\"estatura silla coche\" width=\"907\" height=\"605\" srcset=\"https:\/\/www.clicars.com\/blog\/wp-content\/uploads\/2022\/11\/sillita-coche-1.jpg 907w, https:\/\/www.clicars.com\/blog\/wp-content\/uploads\/2022\/11\/sillita-coche-1-300x200.jpg 300w, https:\/\/www.clicars.com\/blog\/wp-content\/uploads\/2022\/11\/sillita-coche-1-768x512.jpg 768w, https:\/\/www.clicars.com\/blog\/wp-content\/uploads\/2022\/11\/sillita-coche-1-900x600.jpg 900w\" sizes=\"auto, (max-width: 907px) 100vw, 907px\" \/><\/p>\n<h2><span class=\"ez-toc-section\" id=\"%C2%BFQue_es_el_i-Size\"><\/span>\u00bfQu\u00e9 es el i-Size?<span class=\"ez-toc-section-end\"><\/span><\/h2>\n<p><b>El i-Size es una normativa homologada para sillas infantiles<\/b><span style=\"font-weight: 400;\"> que tiene el objetivo de simplificar el proceso de elecci\u00f3n y utilizaci\u00f3n de estas sillas. Lo hace fijando unas medidas universales para los asientos infantiles en funci\u00f3n de la estatura de cada ni\u00f1o.\u00a0<\/span><\/p>\n<p><span style=\"font-weight: 400;\">\u00bfQuieres saber m\u00e1s sobre la normativa i-Size? Pues lee este otro post de Clicars donde te contamos c\u00f3mo ha evolucionado la normativa de las sillitas infantiles.<\/span><\/p>\n<ul>\n<li aria-level=\"1\"><a href=\"https:\/\/www.clicars.com\/blog\/actualidad\/sillita-coche-normativa\/\"><b>Normativa para la sillita en el coche<\/b><\/a><\/li>\n<\/ul>\n<h2><span class=\"ez-toc-section\" id=\"%C2%BFQue_es_el_Isofix\"><\/span>\u00bfQu\u00e9 es el Isofix?<span class=\"ez-toc-section-end\"><\/span><\/h2>\n<p><span style=\"font-weight: 400;\">Los sistemas Isofix son sistemas de anclaje que simplifican la instalaci\u00f3n del asiento de seguridad para ni\u00f1os sin necesidad de usar los cinturones de seguridad.\u00a0<\/span><\/p>\n<p><span style=\"font-weight: 400;\">\u00bfQuieres tener m\u00e1s informaci\u00f3n sobre las sillas Isofix? Te recomendamos que leas este otro post de nuestro blog.\u00a0<\/span><\/p>\n<ul>\n<li aria-level=\"1\"><a href=\"https:\/\/www.clicars.com\/blog\/cliconsejos\/sillas-de-seguridad-sistema-isofix\/\"><b>Seguridad para los m\u00e1s peques: Sillitas ISOFIX<\/b><\/a><\/li>\n<\/ul>\n<h2><span class=\"ez-toc-section\" id=\"Multa_por_llevar_a_ninos_sin_silla\"><\/span>Multa por llevar a ni\u00f1os sin silla<span class=\"ez-toc-section-end\"><\/span><\/h2>\n<p><span style=\"font-weight: 400;\">Volvemos a record\u00e1rtelo: <\/span><b>debes llevar siempre sillitas homologadas para ni\u00f1os que midan menos de 1,35 metros<\/b><span style=\"font-weight: 400;\">. Debes hacerlo independientemente del trayecto, sea corto o largo.\u00a0<\/span><\/p>\n<p><span style=\"font-weight: 400;\">Si optas por llevar a los ni\u00f1os solo con cintur\u00f3n, estar\u00e1s cometiendo una infracci\u00f3n. \u00bfPor qu\u00e9? Porque los ni\u00f1os no tocan el suelo y el cintur\u00f3n as\u00ed no puede actuar como lo hace con un adulto, de modo que no les protege de lesiones graves ni evita que salgan despedidos en caso de accidente.<\/span><\/p>\n<p><span style=\"font-weight: 400;\">Si conduces con un menor que mide menos de 1,35 metros sin sillita, <\/span><b>te quitar\u00e1n hasta res puntos del carn\u00e9 de conducir y recibir\u00e1s una multa de 200 euros<\/b><span style=\"font-weight: 400;\">. Incluso, los agentes de la autoridad pueden inmovilizar tu coche.\u00a0<\/span><\/p>\n<h2><span class=\"ez-toc-section\" id=\"%C2%BFHasta_que_edad_es_la_silla_del_coche_obligatoria\"><\/span>\u00bfHasta qu\u00e9 edad es la silla del coche obligatoria?<span class=\"ez-toc-section-end\"><\/span><\/h2>\n<p><span style=\"font-weight: 400;\">Los ni\u00f1os deben viajar en coche con una silla infantil adecuada hasta que tengan una altura superior a los 1,35 metros. Esto suele coincidir -pero no siempre- alrededor de los 12 a\u00f1os.\u00a0<\/span><\/p>\n<p><span style=\"font-weight: 400;\">Repetimos, aunque no sea obligatoria, una vez que los ni\u00f1os han alcanzado una altura de 1,35 metros, la DGT recomienda usar la silla si es posible, hasta que el ni\u00f1o mida 1,50 metros.\u00a0<\/span><\/p>\n<p><span style=\"font-weight: 400;\">A partir de esta situaci\u00f3n, los padres pueden escoger entre utilizar el cintur\u00f3n de seguridad o seguir utilizando un sistema de retenci\u00f3n pensado para ni\u00f1os de entre 22 y 30 kilos.<\/span><\/p>\n<p><img loading=\"lazy\" decoding=\"async\" class=\"aligncenter wp-image-10789 size-full\" src=\"https:\/\/www.clicars.com\/blog\/wp-content\/uploads\/2022\/11\/estatura-silla-coche-1.jpg\" alt=\"edad silla coche\" width=\"907\" height=\"680\" srcset=\"https:\/\/www.clicars.com\/blog\/wp-content\/uploads\/2022\/11\/estatura-silla-coche-1.jpg 907w, https:\/\/www.clicars.com\/blog\/wp-content\/uploads\/2022\/11\/estatura-silla-coche-1-300x225.jpg 300w, https:\/\/www.clicars.com\/blog\/wp-content\/uploads\/2022\/11\/estatura-silla-coche-1-768x576.jpg 768w\" sizes=\"auto, (max-width: 907px) 100vw, 907px\" \/><\/p>\n<h2><span class=\"ez-toc-section\" id=\"%C2%BFComo_se_puede_llevar_un_bebe_en_el_coche\"><\/span>\u00bfC\u00f3mo se puede llevar un bebe en el coche?<span class=\"ez-toc-section-end\"><\/span><\/h2>\n<p><span style=\"font-weight: 400;\">Cada edad tiene un sistema de retenci\u00f3n infantil diferente. Los beb\u00e9s tienen que ir en las sillas de la primera parte de la clasificaci\u00f3n Isofix. Es decir, en las sillas del grupo 0 o 0+.\u00a0<\/span><\/p>\n<p><span style=\"font-weight: 400;\">Es obligatorio que vayan en sentido contrario a la marcha y, a ser posible, en los asientos traseros, <\/span><b>a no ser que el veh\u00edculo sea biplaza<\/b><span style=\"font-weight: 400;\"> o que todos los asientos traseros est\u00e9n ocupados por otros ni\u00f1os con sistemas de retenci\u00f3n infantil.\u00a0<\/span><\/p>\n<h2><span class=\"ez-toc-section\" id=\"%C2%BFCual_es_la_plaza_mas_segura_para_instalar_la_sillita_infantil\"><\/span>\u00bfCu\u00e1l es la plaza m\u00e1s segura para instalar la sillita infantil?<span class=\"ez-toc-section-end\"><\/span><\/h2>\n<p><span style=\"font-weight: 400;\">La plaza m\u00e1s segura para instalar la sillita infantil es la central trasera, aunque si tu coche cuenta con anclajes Isofix en las plazas laterales, la m\u00e1s segura es la trasera detr\u00e1s del copiloto.<\/span><\/p>\n<h2><span class=\"ez-toc-section\" id=\"%C2%BFCuando_pueden_ir_los_ninos_en_el_asiento_del_copiloto\"><\/span>\u00bfCu\u00e1ndo pueden ir los ni\u00f1os en el asiento del copiloto?<span class=\"ez-toc-section-end\"><\/span><\/h2>\n<p><span style=\"font-weight: 400;\">Solo se permite que los menores de edad que midan menos de los 1,35 metros mencionados viajen en el asiento delantero si:<\/span><\/p>\n<ul>\n<li style=\"font-weight: 400;\" aria-level=\"1\"><span style=\"font-weight: 400;\">El coche tiene dos plazas<\/span><\/li>\n<li style=\"font-weight: 400;\" aria-level=\"1\"><span style=\"font-weight: 400;\">Los asientos traseros est\u00e1n ocupados<\/span><\/li>\n<\/ul>\n<p><span style=\"font-weight: 400;\">Adem\u00e1s, las sillitas de los m\u00e1s peque\u00f1os tendr\u00e1n que colocarse siempre en el sentido contrario a la marcha para evitar o reducir posibles lesiones en caso de accidente o de un frenado de emergencia.<\/span><\/p>\n<p><span style=\"font-weight: 400;\">Asimismo, recuerda que es necesario desactivar el sistema de airbag. En caso de no encontrar el modo de desactivarlo, coloca la silla en el asiento trasero.\u00a0<\/span><\/p>\n<h2><span class=\"ez-toc-section\" id=\"%C2%BFComo_elegir_una_sillita_infantil\"><\/span>\u00bfC\u00f3mo elegir una sillita infantil?<span class=\"ez-toc-section-end\"><\/span><\/h2>\n<p><span style=\"font-weight: 400;\">Escoger bien una sillita infantil depende de los factores anteriormente comentados. Tendr\u00e1s que elegir una categor\u00eda que se adec\u00fae al crecimiento de tu hijo.\u00a0<\/span><\/p>\n<p><span style=\"font-weight: 400;\">Lo mejor es preguntar directamente al vendedor cu\u00e1l es la mejor sillita infantil. Con todo, te contamos r\u00e1pidamente las categor\u00edas para que puedas elegir la que mejor te conviene:<\/span><\/p>\n<ul>\n<li style=\"font-weight: 400;\" aria-level=\"1\"><span style=\"font-weight: 400;\">Equivalente antiguo grupo 0: de 40 a 85 cent\u00edmetros y debe instalarse siempre a contramarcha.<\/span><\/li>\n<\/ul>\n<ul>\n<li style=\"font-weight: 400;\" aria-level=\"1\"><span style=\"font-weight: 400;\">Equivalente grupo 0+\/I: de 45 a 105 cent\u00edmetros, instalaci\u00f3n a contramarcha o normal.<\/span><\/li>\n<li style=\"font-weight: 400;\" aria-level=\"1\"><span style=\"font-weight: 400;\">Equivalente grupo II\/III: de 100 a 150 cent\u00edmetros, instalaci\u00f3n normal.<\/span><\/li>\n<\/ul>\n<h2><span class=\"ez-toc-section\" id=\"%C2%BFSe_puede_viajar_sin_sillita_infantil_en_los_taxis\"><\/span>\u00bfSe puede viajar sin sillita infantil en los taxis?<span class=\"ez-toc-section-end\"><\/span><\/h2>\n<p><span style=\"font-weight: 400;\">En los taxis s\u00ed se puede viajar con sillita, aunque solo en \u00e1reas urbanas de grandes ciudades. Nunca puede darse esto por carretera. En cualquier caso, dile al taxista que no corra y que se limite a la velocidad de la v\u00eda.<\/span><\/p>\n<h2><span class=\"ez-toc-section\" id=\"Compra_tu_coche_familiar_de_segunda_mano_Buena_mano_en_Clicars\"><\/span>Compra tu coche familiar de segunda mano Buena mano en Clicars<span class=\"ez-toc-section-end\"><\/span><\/h2>\n<p><span style=\"font-weight: 400;\">Las familias crecen y ello implica cambiar de coche. Los utilitarios o compactos que se conducen de soltero o en pareja se quedan peque\u00f1os para la nueva realidad. No siempre es f\u00e1cil cambiar de veh\u00edculo y menos a uno m\u00e1s grande o espacioso.\u00a0<\/span><\/p>\n<p><span style=\"font-weight: 400;\">Pero en Clicars queremos acompa\u00f1arte en este proceso ofreci\u00e9ndote <\/span><a href=\"https:\/\/www.clicars.com\/coches-segunda-mano-ocasion\/familiar\"><b>coches familiares<\/b><\/a><span style=\"font-weight: 400;\">, con los que responder a tus nuevas necesidades. En Clicars, <\/span><span style=\"font-weight: 400;\">compra online tu coche de segunda mano<\/span><span style=\"font-weight: 400;\"> con un solo clic y con entrega en 48 horas.\u00a0<\/span><\/p>\n<p><span style=\"font-weight: 400;\">Podr\u00e1s probarlo durante 15 d\u00edas o 1.000 kil\u00f3metros para convencerte junto a tu familia. \u00a1Si no es el coche de vuestros sue\u00f1os, os devolvemos el dinero!<\/span><\/p>\n","protected":false},"excerpt":{"rendered":"<p>La silla para el coche es un elemento absolutamente indispensable para viajar. Es la clave&#8230;<\/p>\n","protected":false},"author":2,"featured_media":10463,"comment_status":"closed","ping_status":"closed","sticky":false,"template":"","format":"standard","meta":{"footnotes":""},"categories":[4],"tags":[],"class_list":{"0":"post-10462","1":"post","2":"type-post","3":"status-publish","4":"format-standard","5":"has-post-thumbnail","7":"category-curiosidades"},"yoast_head":"<!-- This site is optimized with the Yoast SEO plugin v26.8 - https:\/\/yoast.com\/product\/yoast-seo-wordpress\/ -->\n<title>\u00bfHasta qu\u00e9 estatura se lleva la silla de ni\u00f1os en el coche? - Clicars Blog<\/title>\n<meta name=\"description\" content=\"\u00bfSabes hasta que altura es obligatorio llevar la silla de ni\u00f1os en el coche? Te contamos todo lo que tienes que saber de la sillita ISOFIX.\" \/>\n<meta name=\"robots\" content=\"index, follow, max-snippet:-1, max-image-preview:large, max-video-preview:-1\" \/>\n<link rel=\"canonical\" href=\"https:\/\/www.clicars.com\/blog\/curiosidades\/hasta-que-estatura-se-lleva-la-silla-en-el-coche-para-ninos\/\" \/>\n<meta property=\"og:locale\" content=\"es_ES\" \/>\n<meta property=\"og:type\" content=\"article\" \/>\n<meta property=\"og:title\" content=\"\u00bfHasta qu\u00e9 estatura se lleva la silla de ni\u00f1os en el coche? - Clicars Blog\" \/>\n<meta property=\"og:description\" content=\"\u00bfSabes hasta que altura es obligatorio llevar la silla de ni\u00f1os en el coche? Te contamos todo lo que tienes que saber de la sillita ISOFIX.\" \/>\n<meta property=\"og:url\" content=\"https:\/\/www.clicars.com\/blog\/curiosidades\/hasta-que-estatura-se-lleva-la-silla-en-el-coche-para-ninos\/\" \/>\n<meta property=\"og:site_name\" content=\"Clicars\" \/>\n<meta property=\"article:published_time\" content=\"2022-11-18T09:35:33+00:00\" \/>\n<meta property=\"article:modified_time\" content=\"2022-12-05T17:12:27+00:00\" \/>\n<meta property=\"og:image\" content=\"https:\/\/www.clicars.com\/blog\/wp-content\/uploads\/2022\/11\/2008.jpg\" \/>\n\t<meta property=\"og:image:width\" content=\"985\" \/>\n\t<meta property=\"og:image:height\" content=\"561\" \/>\n\t<meta property=\"og:image:type\" content=\"image\/jpeg\" \/>\n<meta name=\"author\" content=\"Clicars\" \/>\n<meta name=\"twitter:card\" content=\"summary_large_image\" \/>\n<meta name=\"twitter:label1\" content=\"Escrito por\" \/>\n\t<meta name=\"twitter:data1\" content=\"Clicars\" \/>\n\t<meta name=\"twitter:label2\" content=\"Tiempo de lectura\" \/>\n\t<meta name=\"twitter:data2\" content=\"6 minutos\" \/>\n<script type=\"application\/ld+json\" class=\"yoast-schema-graph\">{\"@context\":\"https:\/\/schema.org\",\"@graph\":[{\"@type\":\"Article\",\"@id\":\"https:\/\/www.clicars.com\/blog\/curiosidades\/hasta-que-estatura-se-lleva-la-silla-en-el-coche-para-ninos\/#article\",\"isPartOf\":{\"@id\":\"https:\/\/www.clicars.com\/blog\/curiosidades\/hasta-que-estatura-se-lleva-la-silla-en-el-coche-para-ninos\/\"},\"author\":{\"name\":\"Clicars\",\"@id\":\"https:\/\/www.clicars.com\/blog\/#\/schema\/person\/af686c41ba96962c68871392bf2bb62d\"},\"headline\":\"\u00bfHasta qu\u00e9 estatura se lleva la silla en el coche para ni\u00f1os?\",\"datePublished\":\"2022-11-18T09:35:33+00:00\",\"dateModified\":\"2022-12-05T17:12:27+00:00\",\"mainEntityOfPage\":{\"@id\":\"https:\/\/www.clicars.com\/blog\/curiosidades\/hasta-que-estatura-se-lleva-la-silla-en-el-coche-para-ninos\/\"},\"wordCount\":1304,\"image\":{\"@id\":\"https:\/\/www.clicars.com\/blog\/curiosidades\/hasta-que-estatura-se-lleva-la-silla-en-el-coche-para-ninos\/#primaryimage\"},\"thumbnailUrl\":\"https:\/\/www.clicars.com\/blog\/wp-content\/uploads\/2022\/11\/2008.jpg\",\"articleSection\":[\"Curiosidades\"],\"inLanguage\":\"es\"},{\"@type\":[\"WebPage\",\"ItemPage\"],\"@id\":\"https:\/\/www.clicars.com\/blog\/curiosidades\/hasta-que-estatura-se-lleva-la-silla-en-el-coche-para-ninos\/\",\"url\":\"https:\/\/www.clicars.com\/blog\/curiosidades\/hasta-que-estatura-se-lleva-la-silla-en-el-coche-para-ninos\/\",\"name\":\"\u00bfHasta qu\u00e9 estatura se lleva la silla de ni\u00f1os en el coche? - Clicars Blog\",\"isPartOf\":{\"@id\":\"https:\/\/www.clicars.com\/blog\/#website\"},\"primaryImageOfPage\":{\"@id\":\"https:\/\/www.clicars.com\/blog\/curiosidades\/hasta-que-estatura-se-lleva-la-silla-en-el-coche-para-ninos\/#primaryimage\"},\"image\":{\"@id\":\"https:\/\/www.clicars.com\/blog\/curiosidades\/hasta-que-estatura-se-lleva-la-silla-en-el-coche-para-ninos\/#primaryimage\"},\"thumbnailUrl\":\"https:\/\/www.clicars.com\/blog\/wp-content\/uploads\/2022\/11\/2008.jpg\",\"datePublished\":\"2022-11-18T09:35:33+00:00\",\"dateModified\":\"2022-12-05T17:12:27+00:00\",\"author\":{\"@id\":\"https:\/\/www.clicars.com\/blog\/#\/schema\/person\/af686c41ba96962c68871392bf2bb62d\"},\"description\":\"\u00bfSabes hasta que altura es obligatorio llevar la silla de ni\u00f1os en el coche? Te contamos todo lo que tienes que saber de la sillita ISOFIX.\",\"breadcrumb\":{\"@id\":\"https:\/\/www.clicars.com\/blog\/curiosidades\/hasta-que-estatura-se-lleva-la-silla-en-el-coche-para-ninos\/#breadcrumb\"},\"inLanguage\":\"es\",\"potentialAction\":[{\"@type\":\"ReadAction\",\"target\":[\"https:\/\/www.clicars.com\/blog\/curiosidades\/hasta-que-estatura-se-lleva-la-silla-en-el-coche-para-ninos\/\"]}]},{\"@type\":\"ImageObject\",\"inLanguage\":\"es\",\"@id\":\"https:\/\/www.clicars.com\/blog\/curiosidades\/hasta-que-estatura-se-lleva-la-silla-en-el-coche-para-ninos\/#primaryimage\",\"url\":\"https:\/\/www.clicars.com\/blog\/wp-content\/uploads\/2022\/11\/2008.jpg\",\"contentUrl\":\"https:\/\/www.clicars.com\/blog\/wp-content\/uploads\/2022\/11\/2008.jpg\",\"width\":985,\"height\":561,\"caption\":\"hasta que estatura se lleva la sillita en el coche\"},{\"@type\":\"BreadcrumbList\",\"@id\":\"https:\/\/www.clicars.com\/blog\/curiosidades\/hasta-que-estatura-se-lleva-la-silla-en-el-coche-para-ninos\/#breadcrumb\",\"itemListElement\":[{\"@type\":\"ListItem\",\"position\":1,\"name\":\"Portada\",\"item\":\"https:\/\/www.clicars.com\/blog\/\"},{\"@type\":\"ListItem\",\"position\":2,\"name\":\"\u00bfHasta qu\u00e9 estatura se lleva la silla en el coche para ni\u00f1os?\"}]},{\"@type\":\"WebSite\",\"@id\":\"https:\/\/www.clicars.com\/blog\/#website\",\"url\":\"https:\/\/www.clicars.com\/blog\/\",\"name\":\"Clicars\",\"description\":\"Compra tu coche de Buena Mano sin moverte de casa\",\"inLanguage\":\"es\"},{\"@type\":\"Person\",\"@id\":\"https:\/\/www.clicars.com\/blog\/#\/schema\/person\/af686c41ba96962c68871392bf2bb62d\",\"name\":\"Clicars\",\"image\":{\"@type\":\"ImageObject\",\"inLanguage\":\"es\",\"@id\":\"https:\/\/www.clicars.com\/blog\/#\/schema\/person\/image\/\",\"url\":\"https:\/\/secure.gravatar.com\/avatar\/3100622b0023049db14165cdba9dadaa9159743b871e83e440a0df9a70f80e56?s=96&d=mm&r=g\",\"contentUrl\":\"https:\/\/secure.gravatar.com\/avatar\/3100622b0023049db14165cdba9dadaa9159743b871e83e440a0df9a70f80e56?s=96&d=mm&r=g\",\"caption\":\"Clicars\"},\"sameAs\":[\"https:\/\/www.clicars.com\"],\"url\":\"https:\/\/www.clicars.com\/blog\/author\/clicars\/\"}]}<\/script>\n<!-- \/ Yoast SEO plugin. -->","yoast_head_json":{"title":"\u00bfHasta qu\u00e9 estatura se lleva la silla de ni\u00f1os en el coche? - Clicars Blog","description":"\u00bfSabes hasta que altura es obligatorio llevar la silla de ni\u00f1os en el coche? Te contamos todo lo que tienes que saber de la sillita ISOFIX.","robots":{"index":"index","follow":"follow","max-snippet":"max-snippet:-1","max-image-preview":"max-image-preview:large","max-video-preview":"max-video-preview:-1"},"canonical":"https:\/\/www.clicars.com\/blog\/curiosidades\/hasta-que-estatura-se-lleva-la-silla-en-el-coche-para-ninos\/","og_locale":"es_ES","og_type":"article","og_title":"\u00bfHasta qu\u00e9 estatura se lleva la silla de ni\u00f1os en el coche? - Clicars Blog","og_description":"\u00bfSabes hasta que altura es obligatorio llevar la silla de ni\u00f1os en el coche? Te contamos todo lo que tienes que saber de la sillita ISOFIX.","og_url":"https:\/\/www.clicars.com\/blog\/curiosidades\/hasta-que-estatura-se-lleva-la-silla-en-el-coche-para-ninos\/","og_site_name":"Clicars","article_published_time":"2022-11-18T09:35:33+00:00","article_modified_time":"2022-12-05T17:12:27+00:00","og_image":[{"width":985,"height":561,"url":"https:\/\/www.clicars.com\/blog\/wp-content\/uploads\/2022\/11\/2008.jpg","type":"image\/jpeg"}],"author":"Clicars","twitter_card":"summary_large_image","twitter_misc":{"Escrito por":"Clicars","Tiempo de lectura":"6 minutos"},"schema":{"@context":"https:\/\/schema.org","@graph":[{"@type":"Article","@id":"https:\/\/www.clicars.com\/blog\/curiosidades\/hasta-que-estatura-se-lleva-la-silla-en-el-coche-para-ninos\/#article","isPartOf":{"@id":"https:\/\/www.clicars.com\/blog\/curiosidades\/hasta-que-estatura-se-lleva-la-silla-en-el-coche-para-ninos\/"},"author":{"name":"Clicars","@id":"https:\/\/www.clicars.com\/blog\/#\/schema\/person\/af686c41ba96962c68871392bf2bb62d"},"headline":"\u00bfHasta qu\u00e9 estatura se lleva la silla en el coche para ni\u00f1os?","datePublished":"2022-11-18T09:35:33+00:00","dateModified":"2022-12-05T17:12:27+00:00","mainEntityOfPage":{"@id":"https:\/\/www.clicars.com\/blog\/curiosidades\/hasta-que-estatura-se-lleva-la-silla-en-el-coche-para-ninos\/"},"wordCount":1304,"image":{"@id":"https:\/\/www.clicars.com\/blog\/curiosidades\/hasta-que-estatura-se-lleva-la-silla-en-el-coche-para-ninos\/#primaryimage"},"thumbnailUrl":"https:\/\/www.clicars.com\/blog\/wp-content\/uploads\/2022\/11\/2008.jpg","articleSection":["Curiosidades"],"inLanguage":"es"},{"@type":["WebPage","ItemPage"],"@id":"https:\/\/www.clicars.com\/blog\/curiosidades\/hasta-que-estatura-se-lleva-la-silla-en-el-coche-para-ninos\/","url":"https:\/\/www.clicars.com\/blog\/curiosidades\/hasta-que-estatura-se-lleva-la-silla-en-el-coche-para-ninos\/","name":"\u00bfHasta qu\u00e9 estatura se lleva la silla de ni\u00f1os en el coche? - Clicars Blog","isPartOf":{"@id":"https:\/\/www.clicars.com\/blog\/#website"},"primaryImageOfPage":{"@id":"https:\/\/www.clicars.com\/blog\/curiosidades\/hasta-que-estatura-se-lleva-la-silla-en-el-coche-para-ninos\/#primaryimage"},"image":{"@id":"https:\/\/www.clicars.com\/blog\/curiosidades\/hasta-que-estatura-se-lleva-la-silla-en-el-coche-para-ninos\/#primaryimage"},"thumbnailUrl":"https:\/\/www.clicars.com\/blog\/wp-content\/uploads\/2022\/11\/2008.jpg","datePublished":"2022-11-18T09:35:33+00:00","dateModified":"2022-12-05T17:12:27+00:00","author":{"@id":"https:\/\/www.clicars.com\/blog\/#\/schema\/person\/af686c41ba96962c68871392bf2bb62d"},"description":"\u00bfSabes hasta que altura es obligatorio llevar la silla de ni\u00f1os en el coche? Te contamos todo lo que tienes que saber de la sillita ISOFIX.","breadcrumb":{"@id":"https:\/\/www.clicars.com\/blog\/curiosidades\/hasta-que-estatura-se-lleva-la-silla-en-el-coche-para-ninos\/#breadcrumb"},"inLanguage":"es","potentialAction":[{"@type":"ReadAction","target":["https:\/\/www.clicars.com\/blog\/curiosidades\/hasta-que-estatura-se-lleva-la-silla-en-el-coche-para-ninos\/"]}]},{"@type":"ImageObject","inLanguage":"es","@id":"https:\/\/www.clicars.com\/blog\/curiosidades\/hasta-que-estatura-se-lleva-la-silla-en-el-coche-para-ninos\/#primaryimage","url":"https:\/\/www.clicars.com\/blog\/wp-content\/uploads\/2022\/11\/2008.jpg","contentUrl":"https:\/\/www.clicars.com\/blog\/wp-content\/uploads\/2022\/11\/2008.jpg","width":985,"height":561,"caption":"hasta que estatura se lleva la sillita en el coche"},{"@type":"BreadcrumbList","@id":"https:\/\/www.clicars.com\/blog\/curiosidades\/hasta-que-estatura-se-lleva-la-silla-en-el-coche-para-ninos\/#breadcrumb","itemListElement":[{"@type":"ListItem","position":1,"name":"Portada","item":"https:\/\/www.clicars.com\/blog\/"},{"@type":"ListItem","position":2,"name":"\u00bfHasta qu\u00e9 estatura se lleva la silla en el coche para ni\u00f1os?"}]},{"@type":"WebSite","@id":"https:\/\/www.clicars.com\/blog\/#website","url":"https:\/\/www.clicars.com\/blog\/","name":"Clicars","description":"Compra tu coche de Buena Mano sin moverte de casa","inLanguage":"es"},{"@type":"Person","@id":"https:\/\/www.clicars.com\/blog\/#\/schema\/person\/af686c41ba96962c68871392bf2bb62d","name":"Clicars","image":{"@type":"ImageObject","inLanguage":"es","@id":"https:\/\/www.clicars.com\/blog\/#\/schema\/person\/image\/","url":"https:\/\/secure.gravatar.com\/avatar\/3100622b0023049db14165cdba9dadaa9159743b871e83e440a0df9a70f80e56?s=96&d=mm&r=g","contentUrl":"https:\/\/secure.gravatar.com\/avatar\/3100622b0023049db14165cdba9dadaa9159743b871e83e440a0df9a70f80e56?s=96&d=mm&r=g","caption":"Clicars"},"sameAs":["https:\/\/www.clicars.com"],"url":"https:\/\/www.clicars.com\/blog\/author\/clicars\/"}]}},"_links":{"self":[{"href":"https:\/\/www.clicars.com\/blog\/wp-json\/wp\/v2\/posts\/10462","targetHints":{"allow":["GET"]}}],"collection":[{"href":"https:\/\/www.clicars.com\/blog\/wp-json\/wp\/v2\/posts"}],"about":[{"href":"https:\/\/www.clicars.com\/blog\/wp-json\/wp\/v2\/types\/post"}],"author":[{"embeddable":true,"href":"https:\/\/www.clicars.com\/blog\/wp-json\/wp\/v2\/users\/2"}],"replies":[{"embeddable":true,"href":"https:\/\/www.clicars.com\/blog\/wp-json\/wp\/v2\/comments?post=10462"}],"version-history":[{"count":2,"href":"https:\/\/www.clicars.com\/blog\/wp-json\/wp\/v2\/posts\/10462\/revisions"}],"predecessor-version":[{"id":10791,"href":"https:\/\/www.clicars.com\/blog\/wp-json\/wp\/v2\/posts\/10462\/revisions\/10791"}],"wp:featuredmedia":[{"embeddable":true,"href":"https:\/\/www.clicars.com\/blog\/wp-json\/wp\/v2\/media\/10463"}],"wp:attachment":[{"href":"https:\/\/www.clicars.com\/blog\/wp-json\/wp\/v2\/media?parent=10462"}],"wp:term":[{"taxonomy":"category","embeddable":true,"href":"https:\/\/www.clicars.com\/blog\/wp-json\/wp\/v2\/categories?post=10462"},{"taxonomy":"post_tag","embeddable":true,"href":"https:\/\/www.clicars.com\/blog\/wp-json\/wp\/v2\/tags?post=10462"}],"curies":[{"name":"wp","href":"https:\/\/api.w.org\/{rel}","templated":true}]}}