{"id":10885,"date":"2022-12-23T15:48:10","date_gmt":"2022-12-23T13:48:10","guid":{"rendered":"https:\/\/www.clicars.com\/blog\/?p=10885"},"modified":"2022-12-23T15:48:10","modified_gmt":"2022-12-23T13:48:10","slug":"instalar-un-punto-de-carga-cada-60-kilometros-sera-obligatorio-en-2026","status":"publish","type":"post","link":"https:\/\/www.clicars.com\/blog\/actualidad\/instalar-un-punto-de-carga-cada-60-kilometros-sera-obligatorio-en-2026\/","title":{"rendered":"Instalar un punto de carga cada 60 kil\u00f3metros ser\u00e1 obligatorio en 2026"},"content":{"rendered":"<p><span style=\"font-weight: 400;\"><img loading=\"lazy\" decoding=\"async\" class=\"size-full wp-image-10280 alignleft\" src=\"https:\/\/www.clicars.com\/blog\/wp-content\/uploads\/2022\/10\/i-nature.png\" alt=\"\" width=\"58\" height=\"57\" \/>Los<\/span><a href=\"https:\/\/www.clicars.com\/coches-segunda-mano-ocasion\/electrico\"> <span style=\"font-weight: 400;\">coches el\u00e9ctricos<\/span><\/a><span style=\"font-weight: 400;\"> est\u00e1n ganando terreno en el mercado y es por eso que la infraestructura de carga tiene que mejorar y avanzar hacia el futuro de la electromovilidad. En la actualidad, Espa\u00f1a tiene cerca de 16.000 cargadores y la mayor\u00eda son de carga lenta.<\/span><\/p>\n<p><span style=\"font-weight: 400;\">Esto hace que muchos conductores sean reacios a dar el paso hacia la movilidad el\u00e9ctrica y es que, a la hora de realizar un viaje, a\u00fan no hay una seguridad total para realizar la recarga sin una planificaci\u00f3n previa.<\/span><\/p>\n<p><span style=\"font-weight: 400;\"><img loading=\"lazy\" decoding=\"async\" class=\"size-full wp-image-10273 alignleft\" src=\"https:\/\/www.clicars.com\/blog\/wp-content\/uploads\/2022\/10\/i-electric.png\" alt=\"\" width=\"53\" height=\"59\" \/>Esto est\u00e1 empezando a cambiar poco a poco y es que recientemente se ha votado a favor en el <\/span><b>Parlamento Europeo<\/b><span style=\"font-weight: 400;\"> para que en el a\u00f1o 2026 sea obligatorio contar con un <\/span><b>punto de recarga para coches el\u00e9ctricos cada 60 kil\u00f3metros.<\/b><\/p>\n<p><span style=\"font-weight: 400;\">La votaci\u00f3n en el Parlamento Europeo se ha saldado con 485 votos a favor, 65 en contra y 80 abstenciones.<\/span><\/p>\n<h2><span style=\"font-weight: 400;\">Una normativa en pro de la movilidad sostenible<\/span><\/h2>\n<p><span style=\"font-weight: 400;\"><img loading=\"lazy\" decoding=\"async\" class=\"size-full wp-image-10267 alignleft\" src=\"https:\/\/www.clicars.com\/blog\/wp-content\/uploads\/2022\/10\/Recurso-31.png\" alt=\"\" width=\"48\" height=\"56\" \/>Esta normativa tambi\u00e9n ha aprobado que se instalen surtidores de <\/span><b>hidr\u00f3geno <\/b><span style=\"font-weight: 400;\">cada 100 kil\u00f3metros. Esto supone que Espa\u00f1a cuente con unos objetivos m\u00ednimos obligatorios con el fin de mejorar la infraestructura de carga para coches con <\/span><b>cero emisiones.<\/b><\/p>\n<p><span style=\"font-weight: 400;\">El siguiente paso implica a los estados miembros del Parlamento que ser\u00e1n quienes tendr\u00e1n que presentar un <\/span><b>plan para 2024<\/b><span style=\"font-weight: 400;\"> en el que se establezcan las v\u00edas y las opciones para conseguir que Espa\u00f1a ampl\u00ede su infraestructura. El texto adoptado, adem\u00e1s de la obligatoriedad de contar con un punto de recarga cada 60 kil\u00f3metros. Este requisito tambi\u00e9n se debe aplicar a autobuses y camiones y solo existir\u00e1n excepciones para carreteras con poco tr\u00e1fico e islas.<\/span><\/p>\n<p><span style=\"font-weight: 400;\">Adem\u00e1s, el Parlamento ha se\u00f1alado que las estaciones de servicio alternativas deben ser accesibles para todas las marcas de autom\u00f3viles, el pago debe ser f\u00e1cil y deben mostrar el <\/span><b>precio por kWh<\/b><span style=\"font-weight: 400;\">. Cabe mencionar que los principales datos deber\u00e1n ser p\u00fablicos en 2027 para que los usuarios conozcan la disponibilidad, los tiempos de espera y los precios de las diferentes estaciones europeas.<\/span><\/p>\n<p><span style=\"font-weight: 400;\">Estas medidas forman parte del paquete <\/span><b>Fit for 55 in 2030<\/b><span style=\"font-weight: 400;\">, el plan de la Uni\u00f3n Europea para reducir las emisiones de gases de efecto invernadero en, al menos, un 55% para 2030 en comparaci\u00f3n con los niveles de 1990. Ahora, gracias a estas medidas, la infraestructura espa\u00f1ola de recarga se ver\u00e1 mejorada para fomentar el uso del coche el\u00e9ctrico entre los conductores.<\/span><\/p>\n","protected":false},"excerpt":{"rendered":"<p>Los coches el\u00e9ctricos est\u00e1n ganando terreno en el mercado y es por eso que la&#8230;<\/p>\n","protected":false},"author":2,"featured_media":10893,"comment_status":"closed","ping_status":"closed","sticky":false,"template":"","format":"standard","meta":{"footnotes":""},"categories":[5],"tags":[],"class_list":{"0":"post-10885","1":"post","2":"type-post","3":"status-publish","4":"format-standard","5":"has-post-thumbnail","7":"category-actualidad"},"yoast_head":"<!-- This site is optimized with the Yoast SEO plugin v26.8 - https:\/\/yoast.com\/product\/yoast-seo-wordpress\/ -->\n<title>Un punto de carga cada 60 km obligatorio en 2026 - clicars Blog<\/title>\n<meta name=\"description\" content=\"\u00bfQuieres saber los detalles sobre la nueva obligaci\u00f3n de puntos de carga para 2026? Adem\u00e1s, tambi\u00e9n se incluyen veh\u00edculos de hidr\u00f3geno.\" \/>\n<meta name=\"robots\" content=\"index, follow, max-snippet:-1, max-image-preview:large, max-video-preview:-1\" \/>\n<link rel=\"canonical\" href=\"https:\/\/www.clicars.com\/blog\/actualidad\/instalar-un-punto-de-carga-cada-60-kilometros-sera-obligatorio-en-2026\/\" \/>\n<meta property=\"og:locale\" content=\"es_ES\" \/>\n<meta property=\"og:type\" content=\"article\" \/>\n<meta property=\"og:title\" content=\"Un punto de carga cada 60 km obligatorio en 2026 - clicars Blog\" \/>\n<meta property=\"og:description\" content=\"\u00bfQuieres saber los detalles sobre la nueva obligaci\u00f3n de puntos de carga para 2026? Adem\u00e1s, tambi\u00e9n se incluyen veh\u00edculos de hidr\u00f3geno.\" \/>\n<meta property=\"og:url\" content=\"https:\/\/www.clicars.com\/blog\/actualidad\/instalar-un-punto-de-carga-cada-60-kilometros-sera-obligatorio-en-2026\/\" \/>\n<meta property=\"og:site_name\" content=\"Clicars\" \/>\n<meta property=\"article:published_time\" content=\"2022-12-23T13:48:10+00:00\" \/>\n<meta property=\"og:image\" content=\"https:\/\/www.clicars.com\/blog\/wp-content\/uploads\/2022\/12\/puntos-de-carga-cada-60-km.jpg\" \/>\n\t<meta property=\"og:image:width\" content=\"907\" \/>\n\t<meta property=\"og:image:height\" content=\"694\" \/>\n\t<meta property=\"og:image:type\" content=\"image\/jpeg\" \/>\n<meta name=\"author\" content=\"Clicars\" \/>\n<meta name=\"twitter:card\" content=\"summary_large_image\" \/>\n<meta name=\"twitter:label1\" content=\"Escrito por\" \/>\n\t<meta name=\"twitter:data1\" content=\"Clicars\" \/>\n\t<meta name=\"twitter:label2\" content=\"Tiempo de lectura\" \/>\n\t<meta name=\"twitter:data2\" content=\"3 minutos\" \/>\n<script type=\"application\/ld+json\" class=\"yoast-schema-graph\">{\"@context\":\"https:\/\/schema.org\",\"@graph\":[{\"@type\":\"Article\",\"@id\":\"https:\/\/www.clicars.com\/blog\/actualidad\/instalar-un-punto-de-carga-cada-60-kilometros-sera-obligatorio-en-2026\/#article\",\"isPartOf\":{\"@id\":\"https:\/\/www.clicars.com\/blog\/actualidad\/instalar-un-punto-de-carga-cada-60-kilometros-sera-obligatorio-en-2026\/\"},\"author\":{\"name\":\"Clicars\",\"@id\":\"https:\/\/www.clicars.com\/blog\/#\/schema\/person\/af686c41ba96962c68871392bf2bb62d\"},\"headline\":\"Instalar un punto de carga cada 60 kil\u00f3metros ser\u00e1 obligatorio en 2026\",\"datePublished\":\"2022-12-23T13:48:10+00:00\",\"mainEntityOfPage\":{\"@id\":\"https:\/\/www.clicars.com\/blog\/actualidad\/instalar-un-punto-de-carga-cada-60-kilometros-sera-obligatorio-en-2026\/\"},\"wordCount\":423,\"image\":{\"@id\":\"https:\/\/www.clicars.com\/blog\/actualidad\/instalar-un-punto-de-carga-cada-60-kilometros-sera-obligatorio-en-2026\/#primaryimage\"},\"thumbnailUrl\":\"https:\/\/www.clicars.com\/blog\/wp-content\/uploads\/2022\/12\/puntos-de-carga-cada-60-km.jpg\",\"articleSection\":[\"Actualidad\"],\"inLanguage\":\"es\"},{\"@type\":[\"WebPage\",\"ItemPage\"],\"@id\":\"https:\/\/www.clicars.com\/blog\/actualidad\/instalar-un-punto-de-carga-cada-60-kilometros-sera-obligatorio-en-2026\/\",\"url\":\"https:\/\/www.clicars.com\/blog\/actualidad\/instalar-un-punto-de-carga-cada-60-kilometros-sera-obligatorio-en-2026\/\",\"name\":\"Un punto de carga cada 60 km obligatorio en 2026 - clicars Blog\",\"isPartOf\":{\"@id\":\"https:\/\/www.clicars.com\/blog\/#website\"},\"primaryImageOfPage\":{\"@id\":\"https:\/\/www.clicars.com\/blog\/actualidad\/instalar-un-punto-de-carga-cada-60-kilometros-sera-obligatorio-en-2026\/#primaryimage\"},\"image\":{\"@id\":\"https:\/\/www.clicars.com\/blog\/actualidad\/instalar-un-punto-de-carga-cada-60-kilometros-sera-obligatorio-en-2026\/#primaryimage\"},\"thumbnailUrl\":\"https:\/\/www.clicars.com\/blog\/wp-content\/uploads\/2022\/12\/puntos-de-carga-cada-60-km.jpg\",\"datePublished\":\"2022-12-23T13:48:10+00:00\",\"author\":{\"@id\":\"https:\/\/www.clicars.com\/blog\/#\/schema\/person\/af686c41ba96962c68871392bf2bb62d\"},\"description\":\"\u00bfQuieres saber los detalles sobre la nueva obligaci\u00f3n de puntos de carga para 2026? Adem\u00e1s, tambi\u00e9n se incluyen veh\u00edculos de hidr\u00f3geno.\",\"breadcrumb\":{\"@id\":\"https:\/\/www.clicars.com\/blog\/actualidad\/instalar-un-punto-de-carga-cada-60-kilometros-sera-obligatorio-en-2026\/#breadcrumb\"},\"inLanguage\":\"es\",\"potentialAction\":[{\"@type\":\"ReadAction\",\"target\":[\"https:\/\/www.clicars.com\/blog\/actualidad\/instalar-un-punto-de-carga-cada-60-kilometros-sera-obligatorio-en-2026\/\"]}]},{\"@type\":\"ImageObject\",\"inLanguage\":\"es\",\"@id\":\"https:\/\/www.clicars.com\/blog\/actualidad\/instalar-un-punto-de-carga-cada-60-kilometros-sera-obligatorio-en-2026\/#primaryimage\",\"url\":\"https:\/\/www.clicars.com\/blog\/wp-content\/uploads\/2022\/12\/puntos-de-carga-cada-60-km.jpg\",\"contentUrl\":\"https:\/\/www.clicars.com\/blog\/wp-content\/uploads\/2022\/12\/puntos-de-carga-cada-60-km.jpg\",\"width\":907,\"height\":694,\"caption\":\"puntos de carga cada 60 km\"},{\"@type\":\"BreadcrumbList\",\"@id\":\"https:\/\/www.clicars.com\/blog\/actualidad\/instalar-un-punto-de-carga-cada-60-kilometros-sera-obligatorio-en-2026\/#breadcrumb\",\"itemListElement\":[{\"@type\":\"ListItem\",\"position\":1,\"name\":\"Portada\",\"item\":\"https:\/\/www.clicars.com\/blog\/\"},{\"@type\":\"ListItem\",\"position\":2,\"name\":\"Instalar un punto de carga cada 60 kil\u00f3metros ser\u00e1 obligatorio en 2026\"}]},{\"@type\":\"WebSite\",\"@id\":\"https:\/\/www.clicars.com\/blog\/#website\",\"url\":\"https:\/\/www.clicars.com\/blog\/\",\"name\":\"Clicars\",\"description\":\"Compra tu coche de Buena Mano sin moverte de casa\",\"inLanguage\":\"es\"},{\"@type\":\"Person\",\"@id\":\"https:\/\/www.clicars.com\/blog\/#\/schema\/person\/af686c41ba96962c68871392bf2bb62d\",\"name\":\"Clicars\",\"image\":{\"@type\":\"ImageObject\",\"inLanguage\":\"es\",\"@id\":\"https:\/\/www.clicars.com\/blog\/#\/schema\/person\/image\/\",\"url\":\"https:\/\/secure.gravatar.com\/avatar\/3100622b0023049db14165cdba9dadaa9159743b871e83e440a0df9a70f80e56?s=96&d=mm&r=g\",\"contentUrl\":\"https:\/\/secure.gravatar.com\/avatar\/3100622b0023049db14165cdba9dadaa9159743b871e83e440a0df9a70f80e56?s=96&d=mm&r=g\",\"caption\":\"Clicars\"},\"sameAs\":[\"https:\/\/www.clicars.com\"],\"url\":\"https:\/\/www.clicars.com\/blog\/author\/clicars\/\"}]}<\/script>\n<!-- \/ Yoast SEO plugin. -->","yoast_head_json":{"title":"Un punto de carga cada 60 km obligatorio en 2026 - clicars Blog","description":"\u00bfQuieres saber los detalles sobre la nueva obligaci\u00f3n de puntos de carga para 2026? Adem\u00e1s, tambi\u00e9n se incluyen veh\u00edculos de hidr\u00f3geno.","robots":{"index":"index","follow":"follow","max-snippet":"max-snippet:-1","max-image-preview":"max-image-preview:large","max-video-preview":"max-video-preview:-1"},"canonical":"https:\/\/www.clicars.com\/blog\/actualidad\/instalar-un-punto-de-carga-cada-60-kilometros-sera-obligatorio-en-2026\/","og_locale":"es_ES","og_type":"article","og_title":"Un punto de carga cada 60 km obligatorio en 2026 - clicars Blog","og_description":"\u00bfQuieres saber los detalles sobre la nueva obligaci\u00f3n de puntos de carga para 2026? Adem\u00e1s, tambi\u00e9n se incluyen veh\u00edculos de hidr\u00f3geno.","og_url":"https:\/\/www.clicars.com\/blog\/actualidad\/instalar-un-punto-de-carga-cada-60-kilometros-sera-obligatorio-en-2026\/","og_site_name":"Clicars","article_published_time":"2022-12-23T13:48:10+00:00","og_image":[{"width":907,"height":694,"url":"https:\/\/www.clicars.com\/blog\/wp-content\/uploads\/2022\/12\/puntos-de-carga-cada-60-km.jpg","type":"image\/jpeg"}],"author":"Clicars","twitter_card":"summary_large_image","twitter_misc":{"Escrito por":"Clicars","Tiempo de lectura":"3 minutos"},"schema":{"@context":"https:\/\/schema.org","@graph":[{"@type":"Article","@id":"https:\/\/www.clicars.com\/blog\/actualidad\/instalar-un-punto-de-carga-cada-60-kilometros-sera-obligatorio-en-2026\/#article","isPartOf":{"@id":"https:\/\/www.clicars.com\/blog\/actualidad\/instalar-un-punto-de-carga-cada-60-kilometros-sera-obligatorio-en-2026\/"},"author":{"name":"Clicars","@id":"https:\/\/www.clicars.com\/blog\/#\/schema\/person\/af686c41ba96962c68871392bf2bb62d"},"headline":"Instalar un punto de carga cada 60 kil\u00f3metros ser\u00e1 obligatorio en 2026","datePublished":"2022-12-23T13:48:10+00:00","mainEntityOfPage":{"@id":"https:\/\/www.clicars.com\/blog\/actualidad\/instalar-un-punto-de-carga-cada-60-kilometros-sera-obligatorio-en-2026\/"},"wordCount":423,"image":{"@id":"https:\/\/www.clicars.com\/blog\/actualidad\/instalar-un-punto-de-carga-cada-60-kilometros-sera-obligatorio-en-2026\/#primaryimage"},"thumbnailUrl":"https:\/\/www.clicars.com\/blog\/wp-content\/uploads\/2022\/12\/puntos-de-carga-cada-60-km.jpg","articleSection":["Actualidad"],"inLanguage":"es"},{"@type":["WebPage","ItemPage"],"@id":"https:\/\/www.clicars.com\/blog\/actualidad\/instalar-un-punto-de-carga-cada-60-kilometros-sera-obligatorio-en-2026\/","url":"https:\/\/www.clicars.com\/blog\/actualidad\/instalar-un-punto-de-carga-cada-60-kilometros-sera-obligatorio-en-2026\/","name":"Un punto de carga cada 60 km obligatorio en 2026 - clicars Blog","isPartOf":{"@id":"https:\/\/www.clicars.com\/blog\/#website"},"primaryImageOfPage":{"@id":"https:\/\/www.clicars.com\/blog\/actualidad\/instalar-un-punto-de-carga-cada-60-kilometros-sera-obligatorio-en-2026\/#primaryimage"},"image":{"@id":"https:\/\/www.clicars.com\/blog\/actualidad\/instalar-un-punto-de-carga-cada-60-kilometros-sera-obligatorio-en-2026\/#primaryimage"},"thumbnailUrl":"https:\/\/www.clicars.com\/blog\/wp-content\/uploads\/2022\/12\/puntos-de-carga-cada-60-km.jpg","datePublished":"2022-12-23T13:48:10+00:00","author":{"@id":"https:\/\/www.clicars.com\/blog\/#\/schema\/person\/af686c41ba96962c68871392bf2bb62d"},"description":"\u00bfQuieres saber los detalles sobre la nueva obligaci\u00f3n de puntos de carga para 2026? Adem\u00e1s, tambi\u00e9n se incluyen veh\u00edculos de hidr\u00f3geno.","breadcrumb":{"@id":"https:\/\/www.clicars.com\/blog\/actualidad\/instalar-un-punto-de-carga-cada-60-kilometros-sera-obligatorio-en-2026\/#breadcrumb"},"inLanguage":"es","potentialAction":[{"@type":"ReadAction","target":["https:\/\/www.clicars.com\/blog\/actualidad\/instalar-un-punto-de-carga-cada-60-kilometros-sera-obligatorio-en-2026\/"]}]},{"@type":"ImageObject","inLanguage":"es","@id":"https:\/\/www.clicars.com\/blog\/actualidad\/instalar-un-punto-de-carga-cada-60-kilometros-sera-obligatorio-en-2026\/#primaryimage","url":"https:\/\/www.clicars.com\/blog\/wp-content\/uploads\/2022\/12\/puntos-de-carga-cada-60-km.jpg","contentUrl":"https:\/\/www.clicars.com\/blog\/wp-content\/uploads\/2022\/12\/puntos-de-carga-cada-60-km.jpg","width":907,"height":694,"caption":"puntos de carga cada 60 km"},{"@type":"BreadcrumbList","@id":"https:\/\/www.clicars.com\/blog\/actualidad\/instalar-un-punto-de-carga-cada-60-kilometros-sera-obligatorio-en-2026\/#breadcrumb","itemListElement":[{"@type":"ListItem","position":1,"name":"Portada","item":"https:\/\/www.clicars.com\/blog\/"},{"@type":"ListItem","position":2,"name":"Instalar un punto de carga cada 60 kil\u00f3metros ser\u00e1 obligatorio en 2026"}]},{"@type":"WebSite","@id":"https:\/\/www.clicars.com\/blog\/#website","url":"https:\/\/www.clicars.com\/blog\/","name":"Clicars","description":"Compra tu coche de Buena Mano sin moverte de casa","inLanguage":"es"},{"@type":"Person","@id":"https:\/\/www.clicars.com\/blog\/#\/schema\/person\/af686c41ba96962c68871392bf2bb62d","name":"Clicars","image":{"@type":"ImageObject","inLanguage":"es","@id":"https:\/\/www.clicars.com\/blog\/#\/schema\/person\/image\/","url":"https:\/\/secure.gravatar.com\/avatar\/3100622b0023049db14165cdba9dadaa9159743b871e83e440a0df9a70f80e56?s=96&d=mm&r=g","contentUrl":"https:\/\/secure.gravatar.com\/avatar\/3100622b0023049db14165cdba9dadaa9159743b871e83e440a0df9a70f80e56?s=96&d=mm&r=g","caption":"Clicars"},"sameAs":["https:\/\/www.clicars.com"],"url":"https:\/\/www.clicars.com\/blog\/author\/clicars\/"}]}},"_links":{"self":[{"href":"https:\/\/www.clicars.com\/blog\/wp-json\/wp\/v2\/posts\/10885","targetHints":{"allow":["GET"]}}],"collection":[{"href":"https:\/\/www.clicars.com\/blog\/wp-json\/wp\/v2\/posts"}],"about":[{"href":"https:\/\/www.clicars.com\/blog\/wp-json\/wp\/v2\/types\/post"}],"author":[{"embeddable":true,"href":"https:\/\/www.clicars.com\/blog\/wp-json\/wp\/v2\/users\/2"}],"replies":[{"embeddable":true,"href":"https:\/\/www.clicars.com\/blog\/wp-json\/wp\/v2\/comments?post=10885"}],"version-history":[{"count":2,"href":"https:\/\/www.clicars.com\/blog\/wp-json\/wp\/v2\/posts\/10885\/revisions"}],"predecessor-version":[{"id":10887,"href":"https:\/\/www.clicars.com\/blog\/wp-json\/wp\/v2\/posts\/10885\/revisions\/10887"}],"wp:featuredmedia":[{"embeddable":true,"href":"https:\/\/www.clicars.com\/blog\/wp-json\/wp\/v2\/media\/10893"}],"wp:attachment":[{"href":"https:\/\/www.clicars.com\/blog\/wp-json\/wp\/v2\/media?parent=10885"}],"wp:term":[{"taxonomy":"category","embeddable":true,"href":"https:\/\/www.clicars.com\/blog\/wp-json\/wp\/v2\/categories?post=10885"},{"taxonomy":"post_tag","embeddable":true,"href":"https:\/\/www.clicars.com\/blog\/wp-json\/wp\/v2\/tags?post=10885"}],"curies":[{"name":"wp","href":"https:\/\/api.w.org\/{rel}","templated":true}]}}