{"id":10938,"date":"2023-01-11T12:21:15","date_gmt":"2023-01-11T10:21:15","guid":{"rendered":"https:\/\/www.clicars.com\/blog\/?p=10938"},"modified":"2022-12-29T18:26:23","modified_gmt":"2022-12-29T16:26:23","slug":"nuevo-impuesto-de-co2-en-cataluna","status":"publish","type":"post","link":"https:\/\/www.clicars.com\/blog\/actualidad\/nuevo-impuesto-de-co2-en-cataluna\/","title":{"rendered":"Nuevo impuesto de CO2, \u00bfen qu\u00e9 consiste y cu\u00e1nto pagar\u00e1s por tu coche?"},"content":{"rendered":"<p><span style=\"font-weight: 400;\">El <\/span><b>impuesto de CO2<\/b><span style=\"font-weight: 400;\"> al autom\u00f3vil, de momento, solo estar\u00e1 vigente en Catalu\u00f1a, pero, \u00bfen qu\u00e9 consiste y cu\u00e1nto pagar\u00e1s por tu coche? Si resides en Catalu\u00f1a y tienes un coche a tu nombre desde 2021, deber\u00e1s abonar el impuesto de contaminaci\u00f3n de veh\u00edculos.<\/span><\/p>\n<p><span style=\"font-weight: 400;\">El <\/span><b>impuesto sobre las emisiones de di\u00f3xido de carbono de los veh\u00edculos de tracci\u00f3n mec\u00e1nica<\/b><span style=\"font-weight: 400;\"> fue aprobado por el <\/span><b>Govern de Catalu\u00f1a en 2019<\/b><span style=\"font-weight: 400;\">. Ahora, en 2022, se est\u00e1 avanzando para que los residentes en Catalu\u00f1a conozcan el importe que deber\u00e1n abonar.<\/span><\/p>\n<p><span style=\"font-weight: 400;\">Adem\u00e1s, el gobierno catal\u00e1n ha anunciado que las tasas del ejercicio 2020 se mantendr\u00e1n un a\u00f1o m\u00e1s. Los conductores catalanes podr\u00e1n consultar el<\/span><a href=\"https:\/\/atc.gencat.cat\/es\/tributs\/impost-emissions-vehicles\/acces-padro\/\"> <span style=\"font-weight: 400;\">padr\u00f3n provisional<\/span><\/a><span style=\"font-weight: 400;\">.<\/span><\/p>\n<h2><b>\u00bfQui\u00e9n debe abonar el impuesto de CO2?<\/b><\/h2>\n<p><span style=\"font-weight: 400;\">Deber\u00e1n abonar el impuesto de CO2 los veh\u00edculos registrados en Catalu\u00f1a hasta nueve plazas, motocicletas y veh\u00edculos comerciales hasta 3,5 toneladas con unas emisiones que superen los <\/span><b>120 g\/km<\/b><span style=\"font-weight: 400;\"> y 160 g\/km para furgonetas.<\/span><\/p>\n<p><span style=\"font-weight: 400;\">Como en todas las normativas, siempre hay <\/span><b>excepciones<\/b><span style=\"font-weight: 400;\"> y est\u00e1n exentos de esta tasa los autocares, los ciclomotores, los coches oficiales, las ambulancias, los coches hist\u00f3ricos, los coches cl\u00e1sicos y los veh\u00edculos adaptados.<\/span><\/p>\n<p><span style=\"font-weight: 400;\">El pasado mes de septiembre, el gobierno catal\u00e1n anunci\u00f3 el padr\u00f3n definitivo y estableci\u00f3 un periodo de cobro del impuesto durante el mes de noviembre. Si los conductores optaban por domiciliar el pago, podr\u00edan acceder a una <\/span><b>bonificaci\u00f3n del 2%.<\/b><\/p>\n<p><span style=\"font-weight: 400;\">Si est\u00e1s pensando en comprarte un coche, puedes consultar lo que te corresponder\u00eda abonar el pr\u00f3ximo a\u00f1o a trav\u00e9s de la<\/span><a href=\"https:\/\/fecavem.com\/calculadora\/\"> <span style=\"font-weight: 400;\">calculadora online que ha desarrollado Fecavem<\/span><\/a><span style=\"font-weight: 400;\">, la Patronal Catalana de la Distribuci\u00f3n de Automoci\u00f3n. Es importante destacar que, durante el pasado a\u00f1o, el impuesto estaba comprendido entre los tres y los 300 euros.<\/span><\/p>\n<p><span style=\"font-weight: 400;\">Recuerda que esta tasa tambi\u00e9n la deben abonar<\/span><a href=\"https:\/\/www.clicars.com\/coches-segunda-mano-ocasion\"> <span style=\"font-weight: 400;\">los coches de segunda mano<\/span><\/a><span style=\"font-weight: 400;\"> por lo que puedes entrar en <\/span><b>Clicars <\/b><span style=\"font-weight: 400;\">y buscar un coche con menos de 120 g\/km de CO2 y evitar as\u00ed el pago del impuesto de CO2.<\/span><\/p>\n","protected":false},"excerpt":{"rendered":"<p>El impuesto de CO2 al autom\u00f3vil, de momento, solo estar\u00e1 vigente en Catalu\u00f1a, pero, \u00bfen&#8230;<\/p>\n","protected":false},"author":2,"featured_media":10958,"comment_status":"closed","ping_status":"closed","sticky":false,"template":"","format":"standard","meta":{"footnotes":""},"categories":[5],"tags":[],"class_list":{"0":"post-10938","1":"post","2":"type-post","3":"status-publish","4":"format-standard","5":"has-post-thumbnail","7":"category-actualidad"},"yoast_head":"<!-- This site is optimized with the Yoast SEO plugin v26.8 - https:\/\/yoast.com\/product\/yoast-seo-wordpress\/ -->\n<title>Nuevo impuesto de CO2 en Catalu\u00f1a - Clicars Blog<\/title>\n<meta name=\"description\" content=\"Te contamos todo lo que tienes que saber sobre el nuevo impuesto de CO2 en Catalu\u00f1a. \u00a1Toma nota! Y no pierdas detalle.\" \/>\n<meta name=\"robots\" content=\"index, follow, max-snippet:-1, max-image-preview:large, max-video-preview:-1\" \/>\n<link rel=\"canonical\" href=\"https:\/\/www.clicars.com\/blog\/actualidad\/nuevo-impuesto-de-co2-en-cataluna\/\" \/>\n<meta property=\"og:locale\" content=\"es_ES\" \/>\n<meta property=\"og:type\" content=\"article\" \/>\n<meta property=\"og:title\" content=\"Nuevo impuesto de CO2 en Catalu\u00f1a - Clicars Blog\" \/>\n<meta property=\"og:description\" content=\"Te contamos todo lo que tienes que saber sobre el nuevo impuesto de CO2 en Catalu\u00f1a. \u00a1Toma nota! Y no pierdas detalle.\" \/>\n<meta property=\"og:url\" content=\"https:\/\/www.clicars.com\/blog\/actualidad\/nuevo-impuesto-de-co2-en-cataluna\/\" \/>\n<meta property=\"og:site_name\" content=\"Clicars\" \/>\n<meta property=\"article:published_time\" content=\"2023-01-11T10:21:15+00:00\" \/>\n<meta property=\"og:image\" content=\"https:\/\/www.clicars.com\/blog\/wp-content\/uploads\/2022\/12\/nuevo-impuesto-CO2.jpg\" \/>\n\t<meta property=\"og:image:width\" content=\"907\" \/>\n\t<meta property=\"og:image:height\" content=\"605\" \/>\n\t<meta property=\"og:image:type\" content=\"image\/jpeg\" \/>\n<meta name=\"author\" content=\"Clicars\" \/>\n<meta name=\"twitter:card\" content=\"summary_large_image\" \/>\n<meta name=\"twitter:label1\" content=\"Escrito por\" \/>\n\t<meta name=\"twitter:data1\" content=\"Clicars\" \/>\n\t<meta name=\"twitter:label2\" content=\"Tiempo de lectura\" \/>\n\t<meta name=\"twitter:data2\" content=\"2 minutos\" \/>\n<script type=\"application\/ld+json\" class=\"yoast-schema-graph\">{\"@context\":\"https:\/\/schema.org\",\"@graph\":[{\"@type\":\"Article\",\"@id\":\"https:\/\/www.clicars.com\/blog\/actualidad\/nuevo-impuesto-de-co2-en-cataluna\/#article\",\"isPartOf\":{\"@id\":\"https:\/\/www.clicars.com\/blog\/actualidad\/nuevo-impuesto-de-co2-en-cataluna\/\"},\"author\":{\"name\":\"Clicars\",\"@id\":\"https:\/\/www.clicars.com\/blog\/#\/schema\/person\/af686c41ba96962c68871392bf2bb62d\"},\"headline\":\"Nuevo impuesto de CO2, \u00bfen qu\u00e9 consiste y cu\u00e1nto pagar\u00e1s por tu coche?\",\"datePublished\":\"2023-01-11T10:21:15+00:00\",\"mainEntityOfPage\":{\"@id\":\"https:\/\/www.clicars.com\/blog\/actualidad\/nuevo-impuesto-de-co2-en-cataluna\/\"},\"wordCount\":371,\"image\":{\"@id\":\"https:\/\/www.clicars.com\/blog\/actualidad\/nuevo-impuesto-de-co2-en-cataluna\/#primaryimage\"},\"thumbnailUrl\":\"https:\/\/www.clicars.com\/blog\/wp-content\/uploads\/2022\/12\/nuevo-impuesto-CO2.jpg\",\"articleSection\":[\"Actualidad\"],\"inLanguage\":\"es\"},{\"@type\":[\"WebPage\",\"ItemPage\"],\"@id\":\"https:\/\/www.clicars.com\/blog\/actualidad\/nuevo-impuesto-de-co2-en-cataluna\/\",\"url\":\"https:\/\/www.clicars.com\/blog\/actualidad\/nuevo-impuesto-de-co2-en-cataluna\/\",\"name\":\"Nuevo impuesto de CO2 en Catalu\u00f1a - Clicars Blog\",\"isPartOf\":{\"@id\":\"https:\/\/www.clicars.com\/blog\/#website\"},\"primaryImageOfPage\":{\"@id\":\"https:\/\/www.clicars.com\/blog\/actualidad\/nuevo-impuesto-de-co2-en-cataluna\/#primaryimage\"},\"image\":{\"@id\":\"https:\/\/www.clicars.com\/blog\/actualidad\/nuevo-impuesto-de-co2-en-cataluna\/#primaryimage\"},\"thumbnailUrl\":\"https:\/\/www.clicars.com\/blog\/wp-content\/uploads\/2022\/12\/nuevo-impuesto-CO2.jpg\",\"datePublished\":\"2023-01-11T10:21:15+00:00\",\"author\":{\"@id\":\"https:\/\/www.clicars.com\/blog\/#\/schema\/person\/af686c41ba96962c68871392bf2bb62d\"},\"description\":\"Te contamos todo lo que tienes que saber sobre el nuevo impuesto de CO2 en Catalu\u00f1a. \u00a1Toma nota! Y no pierdas detalle.\",\"breadcrumb\":{\"@id\":\"https:\/\/www.clicars.com\/blog\/actualidad\/nuevo-impuesto-de-co2-en-cataluna\/#breadcrumb\"},\"inLanguage\":\"es\",\"potentialAction\":[{\"@type\":\"ReadAction\",\"target\":[\"https:\/\/www.clicars.com\/blog\/actualidad\/nuevo-impuesto-de-co2-en-cataluna\/\"]}]},{\"@type\":\"ImageObject\",\"inLanguage\":\"es\",\"@id\":\"https:\/\/www.clicars.com\/blog\/actualidad\/nuevo-impuesto-de-co2-en-cataluna\/#primaryimage\",\"url\":\"https:\/\/www.clicars.com\/blog\/wp-content\/uploads\/2022\/12\/nuevo-impuesto-CO2.jpg\",\"contentUrl\":\"https:\/\/www.clicars.com\/blog\/wp-content\/uploads\/2022\/12\/nuevo-impuesto-CO2.jpg\",\"width\":907,\"height\":605,\"caption\":\"nuevo impuesto CO2 catalu\u00f1a\"},{\"@type\":\"BreadcrumbList\",\"@id\":\"https:\/\/www.clicars.com\/blog\/actualidad\/nuevo-impuesto-de-co2-en-cataluna\/#breadcrumb\",\"itemListElement\":[{\"@type\":\"ListItem\",\"position\":1,\"name\":\"Portada\",\"item\":\"https:\/\/www.clicars.com\/blog\/\"},{\"@type\":\"ListItem\",\"position\":2,\"name\":\"Nuevo impuesto de CO2, \u00bfen qu\u00e9 consiste y cu\u00e1nto pagar\u00e1s por tu coche?\"}]},{\"@type\":\"WebSite\",\"@id\":\"https:\/\/www.clicars.com\/blog\/#website\",\"url\":\"https:\/\/www.clicars.com\/blog\/\",\"name\":\"Clicars\",\"description\":\"Compra tu coche de Buena Mano sin moverte de casa\",\"inLanguage\":\"es\"},{\"@type\":\"Person\",\"@id\":\"https:\/\/www.clicars.com\/blog\/#\/schema\/person\/af686c41ba96962c68871392bf2bb62d\",\"name\":\"Clicars\",\"image\":{\"@type\":\"ImageObject\",\"inLanguage\":\"es\",\"@id\":\"https:\/\/www.clicars.com\/blog\/#\/schema\/person\/image\/\",\"url\":\"https:\/\/secure.gravatar.com\/avatar\/3100622b0023049db14165cdba9dadaa9159743b871e83e440a0df9a70f80e56?s=96&d=mm&r=g\",\"contentUrl\":\"https:\/\/secure.gravatar.com\/avatar\/3100622b0023049db14165cdba9dadaa9159743b871e83e440a0df9a70f80e56?s=96&d=mm&r=g\",\"caption\":\"Clicars\"},\"sameAs\":[\"https:\/\/www.clicars.com\"],\"url\":\"https:\/\/www.clicars.com\/blog\/author\/clicars\/\"}]}<\/script>\n<!-- \/ Yoast SEO plugin. -->","yoast_head_json":{"title":"Nuevo impuesto de CO2 en Catalu\u00f1a - Clicars Blog","description":"Te contamos todo lo que tienes que saber sobre el nuevo impuesto de CO2 en Catalu\u00f1a. \u00a1Toma nota! Y no pierdas detalle.","robots":{"index":"index","follow":"follow","max-snippet":"max-snippet:-1","max-image-preview":"max-image-preview:large","max-video-preview":"max-video-preview:-1"},"canonical":"https:\/\/www.clicars.com\/blog\/actualidad\/nuevo-impuesto-de-co2-en-cataluna\/","og_locale":"es_ES","og_type":"article","og_title":"Nuevo impuesto de CO2 en Catalu\u00f1a - Clicars Blog","og_description":"Te contamos todo lo que tienes que saber sobre el nuevo impuesto de CO2 en Catalu\u00f1a. \u00a1Toma nota! Y no pierdas detalle.","og_url":"https:\/\/www.clicars.com\/blog\/actualidad\/nuevo-impuesto-de-co2-en-cataluna\/","og_site_name":"Clicars","article_published_time":"2023-01-11T10:21:15+00:00","og_image":[{"width":907,"height":605,"url":"https:\/\/www.clicars.com\/blog\/wp-content\/uploads\/2022\/12\/nuevo-impuesto-CO2.jpg","type":"image\/jpeg"}],"author":"Clicars","twitter_card":"summary_large_image","twitter_misc":{"Escrito por":"Clicars","Tiempo de lectura":"2 minutos"},"schema":{"@context":"https:\/\/schema.org","@graph":[{"@type":"Article","@id":"https:\/\/www.clicars.com\/blog\/actualidad\/nuevo-impuesto-de-co2-en-cataluna\/#article","isPartOf":{"@id":"https:\/\/www.clicars.com\/blog\/actualidad\/nuevo-impuesto-de-co2-en-cataluna\/"},"author":{"name":"Clicars","@id":"https:\/\/www.clicars.com\/blog\/#\/schema\/person\/af686c41ba96962c68871392bf2bb62d"},"headline":"Nuevo impuesto de CO2, \u00bfen qu\u00e9 consiste y cu\u00e1nto pagar\u00e1s por tu coche?","datePublished":"2023-01-11T10:21:15+00:00","mainEntityOfPage":{"@id":"https:\/\/www.clicars.com\/blog\/actualidad\/nuevo-impuesto-de-co2-en-cataluna\/"},"wordCount":371,"image":{"@id":"https:\/\/www.clicars.com\/blog\/actualidad\/nuevo-impuesto-de-co2-en-cataluna\/#primaryimage"},"thumbnailUrl":"https:\/\/www.clicars.com\/blog\/wp-content\/uploads\/2022\/12\/nuevo-impuesto-CO2.jpg","articleSection":["Actualidad"],"inLanguage":"es"},{"@type":["WebPage","ItemPage"],"@id":"https:\/\/www.clicars.com\/blog\/actualidad\/nuevo-impuesto-de-co2-en-cataluna\/","url":"https:\/\/www.clicars.com\/blog\/actualidad\/nuevo-impuesto-de-co2-en-cataluna\/","name":"Nuevo impuesto de CO2 en Catalu\u00f1a - Clicars Blog","isPartOf":{"@id":"https:\/\/www.clicars.com\/blog\/#website"},"primaryImageOfPage":{"@id":"https:\/\/www.clicars.com\/blog\/actualidad\/nuevo-impuesto-de-co2-en-cataluna\/#primaryimage"},"image":{"@id":"https:\/\/www.clicars.com\/blog\/actualidad\/nuevo-impuesto-de-co2-en-cataluna\/#primaryimage"},"thumbnailUrl":"https:\/\/www.clicars.com\/blog\/wp-content\/uploads\/2022\/12\/nuevo-impuesto-CO2.jpg","datePublished":"2023-01-11T10:21:15+00:00","author":{"@id":"https:\/\/www.clicars.com\/blog\/#\/schema\/person\/af686c41ba96962c68871392bf2bb62d"},"description":"Te contamos todo lo que tienes que saber sobre el nuevo impuesto de CO2 en Catalu\u00f1a. \u00a1Toma nota! Y no pierdas detalle.","breadcrumb":{"@id":"https:\/\/www.clicars.com\/blog\/actualidad\/nuevo-impuesto-de-co2-en-cataluna\/#breadcrumb"},"inLanguage":"es","potentialAction":[{"@type":"ReadAction","target":["https:\/\/www.clicars.com\/blog\/actualidad\/nuevo-impuesto-de-co2-en-cataluna\/"]}]},{"@type":"ImageObject","inLanguage":"es","@id":"https:\/\/www.clicars.com\/blog\/actualidad\/nuevo-impuesto-de-co2-en-cataluna\/#primaryimage","url":"https:\/\/www.clicars.com\/blog\/wp-content\/uploads\/2022\/12\/nuevo-impuesto-CO2.jpg","contentUrl":"https:\/\/www.clicars.com\/blog\/wp-content\/uploads\/2022\/12\/nuevo-impuesto-CO2.jpg","width":907,"height":605,"caption":"nuevo impuesto CO2 catalu\u00f1a"},{"@type":"BreadcrumbList","@id":"https:\/\/www.clicars.com\/blog\/actualidad\/nuevo-impuesto-de-co2-en-cataluna\/#breadcrumb","itemListElement":[{"@type":"ListItem","position":1,"name":"Portada","item":"https:\/\/www.clicars.com\/blog\/"},{"@type":"ListItem","position":2,"name":"Nuevo impuesto de CO2, \u00bfen qu\u00e9 consiste y cu\u00e1nto pagar\u00e1s por tu coche?"}]},{"@type":"WebSite","@id":"https:\/\/www.clicars.com\/blog\/#website","url":"https:\/\/www.clicars.com\/blog\/","name":"Clicars","description":"Compra tu coche de Buena Mano sin moverte de casa","inLanguage":"es"},{"@type":"Person","@id":"https:\/\/www.clicars.com\/blog\/#\/schema\/person\/af686c41ba96962c68871392bf2bb62d","name":"Clicars","image":{"@type":"ImageObject","inLanguage":"es","@id":"https:\/\/www.clicars.com\/blog\/#\/schema\/person\/image\/","url":"https:\/\/secure.gravatar.com\/avatar\/3100622b0023049db14165cdba9dadaa9159743b871e83e440a0df9a70f80e56?s=96&d=mm&r=g","contentUrl":"https:\/\/secure.gravatar.com\/avatar\/3100622b0023049db14165cdba9dadaa9159743b871e83e440a0df9a70f80e56?s=96&d=mm&r=g","caption":"Clicars"},"sameAs":["https:\/\/www.clicars.com"],"url":"https:\/\/www.clicars.com\/blog\/author\/clicars\/"}]}},"_links":{"self":[{"href":"https:\/\/www.clicars.com\/blog\/wp-json\/wp\/v2\/posts\/10938","targetHints":{"allow":["GET"]}}],"collection":[{"href":"https:\/\/www.clicars.com\/blog\/wp-json\/wp\/v2\/posts"}],"about":[{"href":"https:\/\/www.clicars.com\/blog\/wp-json\/wp\/v2\/types\/post"}],"author":[{"embeddable":true,"href":"https:\/\/www.clicars.com\/blog\/wp-json\/wp\/v2\/users\/2"}],"replies":[{"embeddable":true,"href":"https:\/\/www.clicars.com\/blog\/wp-json\/wp\/v2\/comments?post=10938"}],"version-history":[{"count":2,"href":"https:\/\/www.clicars.com\/blog\/wp-json\/wp\/v2\/posts\/10938\/revisions"}],"predecessor-version":[{"id":10959,"href":"https:\/\/www.clicars.com\/blog\/wp-json\/wp\/v2\/posts\/10938\/revisions\/10959"}],"wp:featuredmedia":[{"embeddable":true,"href":"https:\/\/www.clicars.com\/blog\/wp-json\/wp\/v2\/media\/10958"}],"wp:attachment":[{"href":"https:\/\/www.clicars.com\/blog\/wp-json\/wp\/v2\/media?parent=10938"}],"wp:term":[{"taxonomy":"category","embeddable":true,"href":"https:\/\/www.clicars.com\/blog\/wp-json\/wp\/v2\/categories?post=10938"},{"taxonomy":"post_tag","embeddable":true,"href":"https:\/\/www.clicars.com\/blog\/wp-json\/wp\/v2\/tags?post=10938"}],"curies":[{"name":"wp","href":"https:\/\/api.w.org\/{rel}","templated":true}]}}