{"id":10940,"date":"2023-01-12T12:32:30","date_gmt":"2023-01-12T10:32:30","guid":{"rendered":"https:\/\/www.clicars.com\/blog\/?p=10940"},"modified":"2022-12-29T18:37:41","modified_gmt":"2022-12-29T16:37:41","slug":"como-llevar-bicis-en-el-coche-de-forma-segura","status":"publish","type":"post","link":"https:\/\/www.clicars.com\/blog\/curiosidades\/como-llevar-bicis-en-el-coche-de-forma-segura\/","title":{"rendered":"\u00bfC\u00f3mo llevar bicis en el coche de forma segura?"},"content":{"rendered":"<p><span style=\"font-weight: 400;\">\u00bfAlguna vez has querido viajar con tu familia o amigos y hab\u00e9is tenido dejar las <\/span><b>bicis <\/b><span style=\"font-weight: 400;\">en casa porque era imposible transportarlas en el coche? No te preocupes porque en <\/span><b>Clicars<\/b><span style=\"font-weight: 400;\"> vamos a ense\u00f1arte las mejores formas de <\/span><b>llevar bicis en el coche<\/b><span style=\"font-weight: 400;\">. \u00bfNo te lo crees?<\/span><\/p>\n<p><span style=\"font-weight: 400;\">Llevar las bicis en el coche te permitir\u00e1 disfrutar de las mejores rutas est\u00e9s donde est\u00e9s, sin olvidarte de la comodidad y, sobre todo, sin depender de los horarios de terceros. Lo cierto es que en el mercado ya existe una amplia gama de <\/span><b>soluciones para transportar las bicis en el coche de forma segura<\/b><span style=\"font-weight: 400;\">.<\/span><\/p>\n<p><span style=\"font-weight: 400;\">Para ayudarte a tomar la decisi\u00f3n, vamos a explicar algunas de las opciones m\u00e1s interesantes que podemos encontrar en el mercado.<\/span><\/p>\n<div id=\"ez-toc-container\" class=\"ez-toc-v2_0_80 counter-hierarchy ez-toc-counter ez-toc-light-blue ez-toc-container-direction\">\n<p class=\"ez-toc-title\" style=\"cursor:inherit\">\u00cdndice de contenidos<\/p>\n<label for=\"ez-toc-cssicon-toggle-item-69f3531447e27\" class=\"ez-toc-cssicon-toggle-label\"><span class=\"ez-toc-cssicon\"><span class=\"eztoc-hide\" style=\"display:none;\">Toggle<\/span><span class=\"ez-toc-icon-toggle-span\"><svg style=\"fill: #999;color:#999\" xmlns=\"http:\/\/www.w3.org\/2000\/svg\" class=\"list-377408\" width=\"20px\" height=\"20px\" viewBox=\"0 0 24 24\" fill=\"none\"><path d=\"M6 6H4v2h2V6zm14 0H8v2h12V6zM4 11h2v2H4v-2zm16 0H8v2h12v-2zM4 16h2v2H4v-2zm16 0H8v2h12v-2z\" fill=\"currentColor\"><\/path><\/svg><svg style=\"fill: #999;color:#999\" class=\"arrow-unsorted-368013\" xmlns=\"http:\/\/www.w3.org\/2000\/svg\" width=\"10px\" height=\"10px\" viewBox=\"0 0 24 24\" version=\"1.2\" baseProfile=\"tiny\"><path d=\"M18.2 9.3l-6.2-6.3-6.2 6.3c-.2.2-.3.4-.3.7s.1.5.3.7c.2.2.4.3.7.3h11c.3 0 .5-.1.7-.3.2-.2.3-.5.3-.7s-.1-.5-.3-.7zM5.8 14.7l6.2 6.3 6.2-6.3c.2-.2.3-.5.3-.7s-.1-.5-.3-.7c-.2-.2-.4-.3-.7-.3h-11c-.3 0-.5.1-.7.3-.2.2-.3.5-.3.7s.1.5.3.7z\"\/><\/svg><\/span><\/span><\/label><input type=\"checkbox\"  id=\"ez-toc-cssicon-toggle-item-69f3531447e27\"  aria-label=\"Alternar\" \/><nav><ul class='ez-toc-list ez-toc-list-level-1 ' ><li class='ez-toc-page-1 ez-toc-heading-level-2'><a class=\"ez-toc-link ez-toc-heading-1\" href=\"https:\/\/www.clicars.com\/blog\/curiosidades\/como-llevar-bicis-en-el-coche-de-forma-segura\/#Llevar_las_bicis_en_el_interior_del_coche\" >Llevar las bicis en el interior del coche<\/a><\/li><li class='ez-toc-page-1 ez-toc-heading-level-2'><a class=\"ez-toc-link ez-toc-heading-2\" href=\"https:\/\/www.clicars.com\/blog\/curiosidades\/como-llevar-bicis-en-el-coche-de-forma-segura\/#Llevar_las_bicis_en_un_portabicicletas_colocado_en_el_porton\" >Llevar las bicis en un portabicicletas colocado en el port\u00f3n<\/a><\/li><li class='ez-toc-page-1 ez-toc-heading-level-2'><a class=\"ez-toc-link ez-toc-heading-3\" href=\"https:\/\/www.clicars.com\/blog\/curiosidades\/como-llevar-bicis-en-el-coche-de-forma-segura\/#Llevar_la_bici_en_el_coche_con_un_portabicicletas_de_bola\" >Llevar la bici en el coche con un portabicicletas de bola<\/a><\/li><\/ul><\/nav><\/div>\n\n<h2><span class=\"ez-toc-section\" id=\"Llevar_las_bicis_en_el_interior_del_coche\"><\/span><span style=\"font-weight: 400;\">Llevar las bicis en el interior del coche<\/span><span class=\"ez-toc-section-end\"><\/span><\/h2>\n<p><span style=\"font-weight: 400;\">Una de las formas m\u00e1s econ\u00f3micas y sencillas de transportar una bici en el coche es <\/span><b>colocarlas en el interior<\/b><span style=\"font-weight: 400;\">. Lo positivo de esta opci\u00f3n es que no tendr\u00e1s que comprar ning\u00fan elemento de sujeci\u00f3n, no aumentar\u00e1 el consumo y tendr\u00e1s menos probabilidades de sufrir un robo. Lo negativo es que te quedar\u00e1s sin espacio para equipaje, se puede enchufar el coche y se puede da\u00f1ar la bicicleta.<\/span><\/p>\n<p><span style=\"font-weight: 400;\">La <\/span><b>DGT<\/b><span style=\"font-weight: 400;\"> desaconseja llevar las bicis en el interior del coche ya que es peligroso en el caso de sufrir un accidente. Recuerda que las bicicletas deben ir sujetas a las partes fijas del veh\u00edculo.<\/span><\/p>\n<h2><span class=\"ez-toc-section\" id=\"Llevar_las_bicis_en_un_portabicicletas_colocado_en_el_porton\"><\/span><span style=\"font-weight: 400;\">Llevar las bicis en un portabicicletas colocado en el port\u00f3n<\/span><span class=\"ez-toc-section-end\"><\/span><\/h2>\n<p><span style=\"font-weight: 400;\">Lo primero que debes tener en cuenta para <strong>l<\/strong><\/span><b>levar las bicis en un portabicicletas colocado en el port\u00f3n <\/b><span style=\"font-weight: 400;\">ser\u00e1 el tipo de coche que tengas y es que este elemento var\u00eda dependiendo si se trata de una furgoneta, una berlina o un compacto. Las ventajas de esta sujeci\u00f3n es que queda libre espacio en el maletero para el equipaje. Suelen ser m\u00e1s asequibles que los de bola. Los inconvenientes pasan por la necesidad de desmontaje para abrir el maletero y por la posibilidad de ara\u00f1ar la carrocer\u00eda.<\/span><\/p>\n<p><span style=\"font-weight: 400;\">Debes saber que para poder circular con las bicis en el porta bicis tienes que colocar la <\/span><b>se\u00f1al V20<\/b><span style=\"font-weight: 400;\"> y las bicicletas no pueden tapar la matr\u00edcula ni los pilotos traseros. Tampoco pueden sobresalir por los laterales.<\/span><\/p>\n<p><img loading=\"lazy\" decoding=\"async\" class=\"aligncenter size-full wp-image-10961\" src=\"https:\/\/www.clicars.com\/blog\/wp-content\/uploads\/2022\/12\/llevar-bicicletas-en-el-porton.jpg\" alt=\"llevar bicicletas en el porton\" width=\"907\" height=\"522\" srcset=\"https:\/\/www.clicars.com\/blog\/wp-content\/uploads\/2022\/12\/llevar-bicicletas-en-el-porton.jpg 907w, https:\/\/www.clicars.com\/blog\/wp-content\/uploads\/2022\/12\/llevar-bicicletas-en-el-porton-300x173.jpg 300w, https:\/\/www.clicars.com\/blog\/wp-content\/uploads\/2022\/12\/llevar-bicicletas-en-el-porton-768x442.jpg 768w\" sizes=\"auto, (max-width: 907px) 100vw, 907px\" \/><\/p>\n<h2><span class=\"ez-toc-section\" id=\"Llevar_la_bici_en_el_coche_con_un_portabicicletas_de_bola\"><\/span><span style=\"font-weight: 400;\">Llevar la bici en el coche con un portabicicletas de bola<\/span><span class=\"ez-toc-section-end\"><\/span><\/h2>\n<p><span style=\"font-weight: 400;\">La carga no puede sobresalir m\u00e1s de un <\/span><b>15% de la longitud del veh\u00edculo<\/b><span style=\"font-weight: 400;\">. Esta distancia la <\/span><span style=\"font-weight: 400;\">puedes obtener multiplicando el largo de tu coche por 0,15. Tambi\u00e9n hay que colocar la se\u00f1al V20. Las opciones m\u00e1s recomendadas son las que cuentan con luces incorporadas y espacio para la matr\u00edcula. Pueden transportar hasta cuatro bicicletas.<\/span><\/p>\n<p><span style=\"font-weight: 400;\">Este <\/span><b>portabicicletas de bola<\/b><span style=\"font-weight: 400;\"> permite abrir el maletero sin descargar las bicis, queda espacio para el equipaje y se pueden transportar varias bicicletas. Por el contrario, este elemento es m\u00e1s caro que los anteriores y se necesita la instalaci\u00f3n de una bola de remolque.<\/span><\/p>\n<p><span style=\"font-weight: 400;\">Ahora que ya conoces las diferentes opciones para llevar las bicis en el coche, \u00bfa qu\u00e9 esperas para escoger tu pr\u00f3ximo coche de segunda mano? Entra en<\/span><a href=\"https:\/\/www.clicars.com\/\"> <span style=\"font-weight: 400;\">Clicars<\/span><\/a><span style=\"font-weight: 400;\"> y encuentra tu favorito.\u00a0\u00a0<\/span><\/p>\n","protected":false},"excerpt":{"rendered":"<p>\u00bfAlguna vez has querido viajar con tu familia o amigos y hab\u00e9is tenido dejar las&#8230;<\/p>\n","protected":false},"author":2,"featured_media":10960,"comment_status":"closed","ping_status":"closed","sticky":false,"template":"","format":"standard","meta":{"footnotes":""},"categories":[4],"tags":[],"class_list":{"0":"post-10940","1":"post","2":"type-post","3":"status-publish","4":"format-standard","5":"has-post-thumbnail","7":"category-curiosidades"},"yoast_head":"<!-- This site is optimized with the Yoast SEO plugin v26.8 - https:\/\/yoast.com\/product\/yoast-seo-wordpress\/ -->\n<title>\u00bfC\u00f3mo llevar bicis en el coche de forma segura? - Clicars Blog<\/title>\n<meta name=\"description\" content=\"Aprende a llevar las bicicletas en el coche de la manera m\u00e1s segura. No dejes tus bicis en casa nunca m\u00e1s, \u00a1y sal a rodar!\" \/>\n<meta name=\"robots\" content=\"index, follow, max-snippet:-1, max-image-preview:large, max-video-preview:-1\" \/>\n<link rel=\"canonical\" href=\"https:\/\/www.clicars.com\/blog\/curiosidades\/como-llevar-bicis-en-el-coche-de-forma-segura\/\" \/>\n<meta property=\"og:locale\" content=\"es_ES\" \/>\n<meta property=\"og:type\" content=\"article\" \/>\n<meta property=\"og:title\" content=\"\u00bfC\u00f3mo llevar bicis en el coche de forma segura? - Clicars Blog\" \/>\n<meta property=\"og:description\" content=\"Aprende a llevar las bicicletas en el coche de la manera m\u00e1s segura. No dejes tus bicis en casa nunca m\u00e1s, \u00a1y sal a rodar!\" \/>\n<meta property=\"og:url\" content=\"https:\/\/www.clicars.com\/blog\/curiosidades\/como-llevar-bicis-en-el-coche-de-forma-segura\/\" \/>\n<meta property=\"og:site_name\" content=\"Clicars\" \/>\n<meta property=\"article:published_time\" content=\"2023-01-12T10:32:30+00:00\" \/>\n<meta property=\"og:image\" content=\"https:\/\/www.clicars.com\/blog\/wp-content\/uploads\/2022\/12\/llevar-las-bicis-en-el-coche.jpg\" \/>\n\t<meta property=\"og:image:width\" content=\"907\" \/>\n\t<meta property=\"og:image:height\" content=\"605\" \/>\n\t<meta property=\"og:image:type\" content=\"image\/jpeg\" \/>\n<meta name=\"author\" content=\"Clicars\" \/>\n<meta name=\"twitter:card\" content=\"summary_large_image\" \/>\n<meta name=\"twitter:label1\" content=\"Escrito por\" \/>\n\t<meta name=\"twitter:data1\" content=\"Clicars\" \/>\n\t<meta name=\"twitter:label2\" content=\"Tiempo de lectura\" \/>\n\t<meta name=\"twitter:data2\" content=\"3 minutos\" \/>\n<script type=\"application\/ld+json\" class=\"yoast-schema-graph\">{\"@context\":\"https:\/\/schema.org\",\"@graph\":[{\"@type\":\"Article\",\"@id\":\"https:\/\/www.clicars.com\/blog\/curiosidades\/como-llevar-bicis-en-el-coche-de-forma-segura\/#article\",\"isPartOf\":{\"@id\":\"https:\/\/www.clicars.com\/blog\/curiosidades\/como-llevar-bicis-en-el-coche-de-forma-segura\/\"},\"author\":{\"name\":\"Clicars\",\"@id\":\"https:\/\/www.clicars.com\/blog\/#\/schema\/person\/af686c41ba96962c68871392bf2bb62d\"},\"headline\":\"\u00bfC\u00f3mo llevar bicis en el coche de forma segura?\",\"datePublished\":\"2023-01-12T10:32:30+00:00\",\"mainEntityOfPage\":{\"@id\":\"https:\/\/www.clicars.com\/blog\/curiosidades\/como-llevar-bicis-en-el-coche-de-forma-segura\/\"},\"wordCount\":554,\"image\":{\"@id\":\"https:\/\/www.clicars.com\/blog\/curiosidades\/como-llevar-bicis-en-el-coche-de-forma-segura\/#primaryimage\"},\"thumbnailUrl\":\"https:\/\/www.clicars.com\/blog\/wp-content\/uploads\/2022\/12\/llevar-las-bicis-en-el-coche.jpg\",\"articleSection\":[\"Curiosidades\"],\"inLanguage\":\"es\"},{\"@type\":[\"WebPage\",\"ItemPage\"],\"@id\":\"https:\/\/www.clicars.com\/blog\/curiosidades\/como-llevar-bicis-en-el-coche-de-forma-segura\/\",\"url\":\"https:\/\/www.clicars.com\/blog\/curiosidades\/como-llevar-bicis-en-el-coche-de-forma-segura\/\",\"name\":\"\u00bfC\u00f3mo llevar bicis en el coche de forma segura? - Clicars Blog\",\"isPartOf\":{\"@id\":\"https:\/\/www.clicars.com\/blog\/#website\"},\"primaryImageOfPage\":{\"@id\":\"https:\/\/www.clicars.com\/blog\/curiosidades\/como-llevar-bicis-en-el-coche-de-forma-segura\/#primaryimage\"},\"image\":{\"@id\":\"https:\/\/www.clicars.com\/blog\/curiosidades\/como-llevar-bicis-en-el-coche-de-forma-segura\/#primaryimage\"},\"thumbnailUrl\":\"https:\/\/www.clicars.com\/blog\/wp-content\/uploads\/2022\/12\/llevar-las-bicis-en-el-coche.jpg\",\"datePublished\":\"2023-01-12T10:32:30+00:00\",\"author\":{\"@id\":\"https:\/\/www.clicars.com\/blog\/#\/schema\/person\/af686c41ba96962c68871392bf2bb62d\"},\"description\":\"Aprende a llevar las bicicletas en el coche de la manera m\u00e1s segura. No dejes tus bicis en casa nunca m\u00e1s, \u00a1y sal a rodar!\",\"breadcrumb\":{\"@id\":\"https:\/\/www.clicars.com\/blog\/curiosidades\/como-llevar-bicis-en-el-coche-de-forma-segura\/#breadcrumb\"},\"inLanguage\":\"es\",\"potentialAction\":[{\"@type\":\"ReadAction\",\"target\":[\"https:\/\/www.clicars.com\/blog\/curiosidades\/como-llevar-bicis-en-el-coche-de-forma-segura\/\"]}]},{\"@type\":\"ImageObject\",\"inLanguage\":\"es\",\"@id\":\"https:\/\/www.clicars.com\/blog\/curiosidades\/como-llevar-bicis-en-el-coche-de-forma-segura\/#primaryimage\",\"url\":\"https:\/\/www.clicars.com\/blog\/wp-content\/uploads\/2022\/12\/llevar-las-bicis-en-el-coche.jpg\",\"contentUrl\":\"https:\/\/www.clicars.com\/blog\/wp-content\/uploads\/2022\/12\/llevar-las-bicis-en-el-coche.jpg\",\"width\":907,\"height\":605,\"caption\":\"llevar las bicis en el coche\"},{\"@type\":\"BreadcrumbList\",\"@id\":\"https:\/\/www.clicars.com\/blog\/curiosidades\/como-llevar-bicis-en-el-coche-de-forma-segura\/#breadcrumb\",\"itemListElement\":[{\"@type\":\"ListItem\",\"position\":1,\"name\":\"Portada\",\"item\":\"https:\/\/www.clicars.com\/blog\/\"},{\"@type\":\"ListItem\",\"position\":2,\"name\":\"\u00bfC\u00f3mo llevar bicis en el coche de forma segura?\"}]},{\"@type\":\"WebSite\",\"@id\":\"https:\/\/www.clicars.com\/blog\/#website\",\"url\":\"https:\/\/www.clicars.com\/blog\/\",\"name\":\"Clicars\",\"description\":\"Compra tu coche de Buena Mano sin moverte de casa\",\"inLanguage\":\"es\"},{\"@type\":\"Person\",\"@id\":\"https:\/\/www.clicars.com\/blog\/#\/schema\/person\/af686c41ba96962c68871392bf2bb62d\",\"name\":\"Clicars\",\"image\":{\"@type\":\"ImageObject\",\"inLanguage\":\"es\",\"@id\":\"https:\/\/www.clicars.com\/blog\/#\/schema\/person\/image\/\",\"url\":\"https:\/\/secure.gravatar.com\/avatar\/3100622b0023049db14165cdba9dadaa9159743b871e83e440a0df9a70f80e56?s=96&d=mm&r=g\",\"contentUrl\":\"https:\/\/secure.gravatar.com\/avatar\/3100622b0023049db14165cdba9dadaa9159743b871e83e440a0df9a70f80e56?s=96&d=mm&r=g\",\"caption\":\"Clicars\"},\"sameAs\":[\"https:\/\/www.clicars.com\"],\"url\":\"https:\/\/www.clicars.com\/blog\/author\/clicars\/\"}]}<\/script>\n<!-- \/ Yoast SEO plugin. -->","yoast_head_json":{"title":"\u00bfC\u00f3mo llevar bicis en el coche de forma segura? - Clicars Blog","description":"Aprende a llevar las bicicletas en el coche de la manera m\u00e1s segura. No dejes tus bicis en casa nunca m\u00e1s, \u00a1y sal a rodar!","robots":{"index":"index","follow":"follow","max-snippet":"max-snippet:-1","max-image-preview":"max-image-preview:large","max-video-preview":"max-video-preview:-1"},"canonical":"https:\/\/www.clicars.com\/blog\/curiosidades\/como-llevar-bicis-en-el-coche-de-forma-segura\/","og_locale":"es_ES","og_type":"article","og_title":"\u00bfC\u00f3mo llevar bicis en el coche de forma segura? - Clicars Blog","og_description":"Aprende a llevar las bicicletas en el coche de la manera m\u00e1s segura. No dejes tus bicis en casa nunca m\u00e1s, \u00a1y sal a rodar!","og_url":"https:\/\/www.clicars.com\/blog\/curiosidades\/como-llevar-bicis-en-el-coche-de-forma-segura\/","og_site_name":"Clicars","article_published_time":"2023-01-12T10:32:30+00:00","og_image":[{"width":907,"height":605,"url":"https:\/\/www.clicars.com\/blog\/wp-content\/uploads\/2022\/12\/llevar-las-bicis-en-el-coche.jpg","type":"image\/jpeg"}],"author":"Clicars","twitter_card":"summary_large_image","twitter_misc":{"Escrito por":"Clicars","Tiempo de lectura":"3 minutos"},"schema":{"@context":"https:\/\/schema.org","@graph":[{"@type":"Article","@id":"https:\/\/www.clicars.com\/blog\/curiosidades\/como-llevar-bicis-en-el-coche-de-forma-segura\/#article","isPartOf":{"@id":"https:\/\/www.clicars.com\/blog\/curiosidades\/como-llevar-bicis-en-el-coche-de-forma-segura\/"},"author":{"name":"Clicars","@id":"https:\/\/www.clicars.com\/blog\/#\/schema\/person\/af686c41ba96962c68871392bf2bb62d"},"headline":"\u00bfC\u00f3mo llevar bicis en el coche de forma segura?","datePublished":"2023-01-12T10:32:30+00:00","mainEntityOfPage":{"@id":"https:\/\/www.clicars.com\/blog\/curiosidades\/como-llevar-bicis-en-el-coche-de-forma-segura\/"},"wordCount":554,"image":{"@id":"https:\/\/www.clicars.com\/blog\/curiosidades\/como-llevar-bicis-en-el-coche-de-forma-segura\/#primaryimage"},"thumbnailUrl":"https:\/\/www.clicars.com\/blog\/wp-content\/uploads\/2022\/12\/llevar-las-bicis-en-el-coche.jpg","articleSection":["Curiosidades"],"inLanguage":"es"},{"@type":["WebPage","ItemPage"],"@id":"https:\/\/www.clicars.com\/blog\/curiosidades\/como-llevar-bicis-en-el-coche-de-forma-segura\/","url":"https:\/\/www.clicars.com\/blog\/curiosidades\/como-llevar-bicis-en-el-coche-de-forma-segura\/","name":"\u00bfC\u00f3mo llevar bicis en el coche de forma segura? - Clicars Blog","isPartOf":{"@id":"https:\/\/www.clicars.com\/blog\/#website"},"primaryImageOfPage":{"@id":"https:\/\/www.clicars.com\/blog\/curiosidades\/como-llevar-bicis-en-el-coche-de-forma-segura\/#primaryimage"},"image":{"@id":"https:\/\/www.clicars.com\/blog\/curiosidades\/como-llevar-bicis-en-el-coche-de-forma-segura\/#primaryimage"},"thumbnailUrl":"https:\/\/www.clicars.com\/blog\/wp-content\/uploads\/2022\/12\/llevar-las-bicis-en-el-coche.jpg","datePublished":"2023-01-12T10:32:30+00:00","author":{"@id":"https:\/\/www.clicars.com\/blog\/#\/schema\/person\/af686c41ba96962c68871392bf2bb62d"},"description":"Aprende a llevar las bicicletas en el coche de la manera m\u00e1s segura. No dejes tus bicis en casa nunca m\u00e1s, \u00a1y sal a rodar!","breadcrumb":{"@id":"https:\/\/www.clicars.com\/blog\/curiosidades\/como-llevar-bicis-en-el-coche-de-forma-segura\/#breadcrumb"},"inLanguage":"es","potentialAction":[{"@type":"ReadAction","target":["https:\/\/www.clicars.com\/blog\/curiosidades\/como-llevar-bicis-en-el-coche-de-forma-segura\/"]}]},{"@type":"ImageObject","inLanguage":"es","@id":"https:\/\/www.clicars.com\/blog\/curiosidades\/como-llevar-bicis-en-el-coche-de-forma-segura\/#primaryimage","url":"https:\/\/www.clicars.com\/blog\/wp-content\/uploads\/2022\/12\/llevar-las-bicis-en-el-coche.jpg","contentUrl":"https:\/\/www.clicars.com\/blog\/wp-content\/uploads\/2022\/12\/llevar-las-bicis-en-el-coche.jpg","width":907,"height":605,"caption":"llevar las bicis en el coche"},{"@type":"BreadcrumbList","@id":"https:\/\/www.clicars.com\/blog\/curiosidades\/como-llevar-bicis-en-el-coche-de-forma-segura\/#breadcrumb","itemListElement":[{"@type":"ListItem","position":1,"name":"Portada","item":"https:\/\/www.clicars.com\/blog\/"},{"@type":"ListItem","position":2,"name":"\u00bfC\u00f3mo llevar bicis en el coche de forma segura?"}]},{"@type":"WebSite","@id":"https:\/\/www.clicars.com\/blog\/#website","url":"https:\/\/www.clicars.com\/blog\/","name":"Clicars","description":"Compra tu coche de Buena Mano sin moverte de casa","inLanguage":"es"},{"@type":"Person","@id":"https:\/\/www.clicars.com\/blog\/#\/schema\/person\/af686c41ba96962c68871392bf2bb62d","name":"Clicars","image":{"@type":"ImageObject","inLanguage":"es","@id":"https:\/\/www.clicars.com\/blog\/#\/schema\/person\/image\/","url":"https:\/\/secure.gravatar.com\/avatar\/3100622b0023049db14165cdba9dadaa9159743b871e83e440a0df9a70f80e56?s=96&d=mm&r=g","contentUrl":"https:\/\/secure.gravatar.com\/avatar\/3100622b0023049db14165cdba9dadaa9159743b871e83e440a0df9a70f80e56?s=96&d=mm&r=g","caption":"Clicars"},"sameAs":["https:\/\/www.clicars.com"],"url":"https:\/\/www.clicars.com\/blog\/author\/clicars\/"}]}},"_links":{"self":[{"href":"https:\/\/www.clicars.com\/blog\/wp-json\/wp\/v2\/posts\/10940","targetHints":{"allow":["GET"]}}],"collection":[{"href":"https:\/\/www.clicars.com\/blog\/wp-json\/wp\/v2\/posts"}],"about":[{"href":"https:\/\/www.clicars.com\/blog\/wp-json\/wp\/v2\/types\/post"}],"author":[{"embeddable":true,"href":"https:\/\/www.clicars.com\/blog\/wp-json\/wp\/v2\/users\/2"}],"replies":[{"embeddable":true,"href":"https:\/\/www.clicars.com\/blog\/wp-json\/wp\/v2\/comments?post=10940"}],"version-history":[{"count":2,"href":"https:\/\/www.clicars.com\/blog\/wp-json\/wp\/v2\/posts\/10940\/revisions"}],"predecessor-version":[{"id":10962,"href":"https:\/\/www.clicars.com\/blog\/wp-json\/wp\/v2\/posts\/10940\/revisions\/10962"}],"wp:featuredmedia":[{"embeddable":true,"href":"https:\/\/www.clicars.com\/blog\/wp-json\/wp\/v2\/media\/10960"}],"wp:attachment":[{"href":"https:\/\/www.clicars.com\/blog\/wp-json\/wp\/v2\/media?parent=10940"}],"wp:term":[{"taxonomy":"category","embeddable":true,"href":"https:\/\/www.clicars.com\/blog\/wp-json\/wp\/v2\/categories?post=10940"},{"taxonomy":"post_tag","embeddable":true,"href":"https:\/\/www.clicars.com\/blog\/wp-json\/wp\/v2\/tags?post=10940"}],"curies":[{"name":"wp","href":"https:\/\/api.w.org\/{rel}","templated":true}]}}