{"id":11072,"date":"2023-02-03T11:13:03","date_gmt":"2023-02-03T09:13:03","guid":{"rendered":"https:\/\/www.clicars.com\/blog\/?p=11072"},"modified":"2023-02-03T11:13:03","modified_gmt":"2023-02-03T09:13:03","slug":"sabes-cuanto-dura-la-carga-de-un-coche-electrico","status":"publish","type":"post","link":"https:\/\/www.clicars.com\/blog\/coches-eco\/sabes-cuanto-dura-la-carga-de-un-coche-electrico\/","title":{"rendered":"\u00bfSabes cu\u00e1nto dura la carga de un coche el\u00e9ctrico?"},"content":{"rendered":"<p><span style=\"font-weight: 400;\">Si est\u00e1s pensando en dar el salto a los coches el\u00e9ctricos, es posible que te est\u00e9s haciendo la pregunta de <\/span><b>cu\u00e1nto dura la carga de un coche el\u00e9ctrico<\/b><span style=\"font-weight: 400;\">. No te preocupes porque vamos a resolver todas las dudas. Es importante recordar que la vida \u00fatil de las bater\u00edas de los el\u00e9ctricos no est\u00e1 limitada al tiempo que alimentan al veh\u00edculo en s\u00ed.<\/span><\/p>\n<p><span style=\"font-weight: 400;\">\u00a1Qu\u00e9 no cunda el p\u00e1nico! Una vez que las bater\u00edas dejan de ser aptas para los coches, hablamos de un potencial de un 70%, se pueden utilizar para diferentes usos como por ejemplo almacenaje de energ\u00eda, paneles solares o generador de electricidad, entre otros.<\/span><\/p>\n<h2><span style=\"font-weight: 400;\">Cu\u00e1nto dura la carga de un coche el\u00e9ctrico<\/span><\/h2>\n<p><span style=\"font-weight: 400;\">\u00a0<\/span><span style=\"font-weight: 400;\">Si bien es cierto que cada vez son m\u00e1s los fabricantes de autom\u00f3viles que est\u00e1n trabajando en <\/span><b>celdas de bater\u00eda<\/b><span style=\"font-weight: 400;\"> mucho m\u00e1s duraderas utilizando otro tipo de materiales como por ejemplo las bater\u00edas en estado s\u00f3lido o las de otros tipos de metales.<\/span><\/p>\n<p><span style=\"font-weight: 400;\">Gracias a las nuevas tecnolog\u00edas, las bater\u00edas tendr\u00e1n una vida \u00fatil m\u00e1s larga y adem\u00e1s, sus componentes se podr\u00e1n reciclar. Hablamos de elementos como el magnesio, el cobalto, el litio o el n\u00edquel, as\u00ed como el resto de metales y pl\u00e1sticos. En la actualidad, las bater\u00edas de los el\u00e9ctricos est\u00e1n divididas en <b>celdas de iones de litio<\/b>. Es cierto que este material ofrece una mayor densidad energ\u00e9tica que las de n\u00edquel-cadmio o plomo-\u00e1cido y, adem\u00e1s, ocupan menos espacio.<\/span><\/p>\n<p><span style=\"font-weight: 400;\">Ahora bien, \u00bfcu\u00e1nto dura la bater\u00eda de un coche el\u00e9ctrico?\u00a0<\/span><\/p>\n<p><span style=\"font-weight: 400;\">Normalmente, las bater\u00edas de los veh\u00edculos el\u00e9ctricos ofrecen todo su potencial durante unos <\/span><b>siete u ocho a\u00f1os<\/b><span style=\"font-weight: 400;\">, lo que se puede traducir en unos <\/span><b>3.000 ciclos de carga y descarga.<\/b><span style=\"font-weight: 400;\"> Si vamos m\u00e1s all\u00e1 y pensamos en kil\u00f3metros, la carga de un coche el\u00e9ctrico puede tener una vida \u00fatil comprendida entre los 160.000 y los 200.000 kil\u00f3metros.<\/span><\/p>\n<p><img loading=\"lazy\" decoding=\"async\" class=\"aligncenter wp-image-11075 size-full\" src=\"https:\/\/www.clicars.com\/blog\/wp-content\/uploads\/2023\/02\/cuanto-dura-la-bateria-de-un-coche-electrico.jpg\" alt=\"cuanto dura la bateria de un coche electrico\" width=\"906\" height=\"604\" srcset=\"https:\/\/www.clicars.com\/blog\/wp-content\/uploads\/2023\/02\/cuanto-dura-la-bateria-de-un-coche-electrico.jpg 906w, https:\/\/www.clicars.com\/blog\/wp-content\/uploads\/2023\/02\/cuanto-dura-la-bateria-de-un-coche-electrico-300x200.jpg 300w, https:\/\/www.clicars.com\/blog\/wp-content\/uploads\/2023\/02\/cuanto-dura-la-bateria-de-un-coche-electrico-768x512.jpg 768w, https:\/\/www.clicars.com\/blog\/wp-content\/uploads\/2023\/02\/cuanto-dura-la-bateria-de-un-coche-electrico-900x600.jpg 900w\" sizes=\"auto, (max-width: 906px) 100vw, 906px\" \/><\/p>\n<h2><span style=\"font-weight: 400;\">Los fabricantes garantizan sus bater\u00edas<\/span><\/h2>\n<p><span style=\"font-weight: 400;\">Si vas a cambiar de coche y quieres conducir un el\u00e9ctrico, debes estar tranquilo ya que los fabricantes ofrecen<\/span><b> garant\u00edas<\/b><span style=\"font-weight: 400;\"> muy amplias para que puedas disfrutar de tu pr\u00f3ximo coche el\u00e9ctrico sin preocuparte por nada.<\/span><\/p>\n<p><span style=\"font-weight: 400;\">Adem\u00e1s, debes recordar que como con cualquier coche, debes tener un mantenimiento peri\u00f3dico y seguir una serie de pasos para que tenga una vida m\u00e1s tranquila y pr\u00f3spera. Es por tanto que no debes vaciar, por completo, la bater\u00eda, tampoco debes usar, siempre, <\/span><b>cargadores r\u00e1pidos<\/b><span style=\"font-weight: 400;\"> y tampoco expongas tu coche el\u00e9ctrico a temperaturas extremas ya sea verano o invierno.<\/span><\/p>\n<h2>La importancia de revisar las bater\u00edas de los coches el\u00e9ctricos<\/h2>\n<p>Por eso, si te decides a comprar un veh\u00edculo el\u00e9ctrico de segunda mano y ocasi\u00f3n, es muy importante que revises las bater\u00edas. En Clicars, nuestros expertos mec\u00e1nicas revisan cada detalle del coche para asegurarnos que el veh\u00edculo est\u00e1 en perfectas condiciones y que tienen \u00a1mucha carretera por delante!<\/p>\n<p>Echa un vistazo a nuestros <a href=\"https:\/\/www.clicars.com\/coches-segunda-mano-ocasion\/electrico\">coches el\u00e9ctricos<\/a>.<\/p>\n","protected":false},"excerpt":{"rendered":"<p>Si est\u00e1s pensando en dar el salto a los coches el\u00e9ctricos, es posible que te&#8230;<\/p>\n","protected":false},"author":2,"featured_media":11074,"comment_status":"closed","ping_status":"closed","sticky":false,"template":"","format":"standard","meta":{"footnotes":""},"categories":[828],"tags":[],"class_list":{"0":"post-11072","1":"post","2":"type-post","3":"status-publish","4":"format-standard","5":"has-post-thumbnail","7":"category-coches-eco"},"yoast_head":"<!-- This site is optimized with the Yoast SEO plugin v26.8 - https:\/\/yoast.com\/product\/yoast-seo-wordpress\/ -->\n<title>\u00bfSabes cu\u00e1nto dura la carga de un coche el\u00e9ctrico? - Clicars Blog<\/title>\n<meta name=\"description\" content=\"La vida \u00fatil de la bater\u00eda de los coches el\u00e9ctricos no es infinita. Te contamos cuanto tiempo suele durar hasta cambiarla.\" \/>\n<meta name=\"robots\" content=\"index, follow, max-snippet:-1, max-image-preview:large, max-video-preview:-1\" \/>\n<link rel=\"canonical\" href=\"https:\/\/www.clicars.com\/blog\/coches-eco\/sabes-cuanto-dura-la-carga-de-un-coche-electrico\/\" \/>\n<meta property=\"og:locale\" content=\"es_ES\" \/>\n<meta property=\"og:type\" content=\"article\" \/>\n<meta property=\"og:title\" content=\"\u00bfSabes cu\u00e1nto dura la carga de un coche el\u00e9ctrico? - Clicars Blog\" \/>\n<meta property=\"og:description\" content=\"La vida \u00fatil de la bater\u00eda de los coches el\u00e9ctricos no es infinita. Te contamos cuanto tiempo suele durar hasta cambiarla.\" \/>\n<meta property=\"og:url\" content=\"https:\/\/www.clicars.com\/blog\/coches-eco\/sabes-cuanto-dura-la-carga-de-un-coche-electrico\/\" \/>\n<meta property=\"og:site_name\" content=\"Clicars\" \/>\n<meta property=\"article:published_time\" content=\"2023-02-03T09:13:03+00:00\" \/>\n<meta property=\"og:image\" content=\"https:\/\/www.clicars.com\/blog\/wp-content\/uploads\/2023\/02\/cuanto-dura-la-carga-de-un-coche-electrico.jpg\" \/>\n\t<meta property=\"og:image:width\" content=\"906\" \/>\n\t<meta property=\"og:image:height\" content=\"693\" \/>\n\t<meta property=\"og:image:type\" content=\"image\/jpeg\" \/>\n<meta name=\"author\" content=\"Clicars\" \/>\n<meta name=\"twitter:card\" content=\"summary_large_image\" \/>\n<meta name=\"twitter:label1\" content=\"Escrito por\" \/>\n\t<meta name=\"twitter:data1\" content=\"Clicars\" \/>\n\t<meta name=\"twitter:label2\" content=\"Tiempo de lectura\" \/>\n\t<meta name=\"twitter:data2\" content=\"3 minutos\" \/>\n<script type=\"application\/ld+json\" class=\"yoast-schema-graph\">{\"@context\":\"https:\/\/schema.org\",\"@graph\":[{\"@type\":\"Article\",\"@id\":\"https:\/\/www.clicars.com\/blog\/coches-eco\/sabes-cuanto-dura-la-carga-de-un-coche-electrico\/#article\",\"isPartOf\":{\"@id\":\"https:\/\/www.clicars.com\/blog\/coches-eco\/sabes-cuanto-dura-la-carga-de-un-coche-electrico\/\"},\"author\":{\"name\":\"Clicars\",\"@id\":\"https:\/\/www.clicars.com\/blog\/#\/schema\/person\/af686c41ba96962c68871392bf2bb62d\"},\"headline\":\"\u00bfSabes cu\u00e1nto dura la carga de un coche el\u00e9ctrico?\",\"datePublished\":\"2023-02-03T09:13:03+00:00\",\"mainEntityOfPage\":{\"@id\":\"https:\/\/www.clicars.com\/blog\/coches-eco\/sabes-cuanto-dura-la-carga-de-un-coche-electrico\/\"},\"wordCount\":540,\"image\":{\"@id\":\"https:\/\/www.clicars.com\/blog\/coches-eco\/sabes-cuanto-dura-la-carga-de-un-coche-electrico\/#primaryimage\"},\"thumbnailUrl\":\"https:\/\/www.clicars.com\/blog\/wp-content\/uploads\/2023\/02\/cuanto-dura-la-carga-de-un-coche-electrico.jpg\",\"articleSection\":[\"Coches ECO\"],\"inLanguage\":\"es\"},{\"@type\":[\"WebPage\",\"ItemPage\"],\"@id\":\"https:\/\/www.clicars.com\/blog\/coches-eco\/sabes-cuanto-dura-la-carga-de-un-coche-electrico\/\",\"url\":\"https:\/\/www.clicars.com\/blog\/coches-eco\/sabes-cuanto-dura-la-carga-de-un-coche-electrico\/\",\"name\":\"\u00bfSabes cu\u00e1nto dura la carga de un coche el\u00e9ctrico? - Clicars Blog\",\"isPartOf\":{\"@id\":\"https:\/\/www.clicars.com\/blog\/#website\"},\"primaryImageOfPage\":{\"@id\":\"https:\/\/www.clicars.com\/blog\/coches-eco\/sabes-cuanto-dura-la-carga-de-un-coche-electrico\/#primaryimage\"},\"image\":{\"@id\":\"https:\/\/www.clicars.com\/blog\/coches-eco\/sabes-cuanto-dura-la-carga-de-un-coche-electrico\/#primaryimage\"},\"thumbnailUrl\":\"https:\/\/www.clicars.com\/blog\/wp-content\/uploads\/2023\/02\/cuanto-dura-la-carga-de-un-coche-electrico.jpg\",\"datePublished\":\"2023-02-03T09:13:03+00:00\",\"author\":{\"@id\":\"https:\/\/www.clicars.com\/blog\/#\/schema\/person\/af686c41ba96962c68871392bf2bb62d\"},\"description\":\"La vida \u00fatil de la bater\u00eda de los coches el\u00e9ctricos no es infinita. Te contamos cuanto tiempo suele durar hasta cambiarla.\",\"breadcrumb\":{\"@id\":\"https:\/\/www.clicars.com\/blog\/coches-eco\/sabes-cuanto-dura-la-carga-de-un-coche-electrico\/#breadcrumb\"},\"inLanguage\":\"es\",\"potentialAction\":[{\"@type\":\"ReadAction\",\"target\":[\"https:\/\/www.clicars.com\/blog\/coches-eco\/sabes-cuanto-dura-la-carga-de-un-coche-electrico\/\"]}]},{\"@type\":\"ImageObject\",\"inLanguage\":\"es\",\"@id\":\"https:\/\/www.clicars.com\/blog\/coches-eco\/sabes-cuanto-dura-la-carga-de-un-coche-electrico\/#primaryimage\",\"url\":\"https:\/\/www.clicars.com\/blog\/wp-content\/uploads\/2023\/02\/cuanto-dura-la-carga-de-un-coche-electrico.jpg\",\"contentUrl\":\"https:\/\/www.clicars.com\/blog\/wp-content\/uploads\/2023\/02\/cuanto-dura-la-carga-de-un-coche-electrico.jpg\",\"width\":906,\"height\":693,\"caption\":\"cuanto dura la carga de un coche el\u00e9ctrico\"},{\"@type\":\"BreadcrumbList\",\"@id\":\"https:\/\/www.clicars.com\/blog\/coches-eco\/sabes-cuanto-dura-la-carga-de-un-coche-electrico\/#breadcrumb\",\"itemListElement\":[{\"@type\":\"ListItem\",\"position\":1,\"name\":\"Portada\",\"item\":\"https:\/\/www.clicars.com\/blog\/\"},{\"@type\":\"ListItem\",\"position\":2,\"name\":\"\u00bfSabes cu\u00e1nto dura la carga de un coche el\u00e9ctrico?\"}]},{\"@type\":\"WebSite\",\"@id\":\"https:\/\/www.clicars.com\/blog\/#website\",\"url\":\"https:\/\/www.clicars.com\/blog\/\",\"name\":\"Clicars\",\"description\":\"Compra tu coche de Buena Mano sin moverte de casa\",\"inLanguage\":\"es\"},{\"@type\":\"Person\",\"@id\":\"https:\/\/www.clicars.com\/blog\/#\/schema\/person\/af686c41ba96962c68871392bf2bb62d\",\"name\":\"Clicars\",\"image\":{\"@type\":\"ImageObject\",\"inLanguage\":\"es\",\"@id\":\"https:\/\/www.clicars.com\/blog\/#\/schema\/person\/image\/\",\"url\":\"https:\/\/secure.gravatar.com\/avatar\/3100622b0023049db14165cdba9dadaa9159743b871e83e440a0df9a70f80e56?s=96&d=mm&r=g\",\"contentUrl\":\"https:\/\/secure.gravatar.com\/avatar\/3100622b0023049db14165cdba9dadaa9159743b871e83e440a0df9a70f80e56?s=96&d=mm&r=g\",\"caption\":\"Clicars\"},\"sameAs\":[\"https:\/\/www.clicars.com\"],\"url\":\"https:\/\/www.clicars.com\/blog\/author\/clicars\/\"}]}<\/script>\n<!-- \/ Yoast SEO plugin. -->","yoast_head_json":{"title":"\u00bfSabes cu\u00e1nto dura la carga de un coche el\u00e9ctrico? - Clicars Blog","description":"La vida \u00fatil de la bater\u00eda de los coches el\u00e9ctricos no es infinita. Te contamos cuanto tiempo suele durar hasta cambiarla.","robots":{"index":"index","follow":"follow","max-snippet":"max-snippet:-1","max-image-preview":"max-image-preview:large","max-video-preview":"max-video-preview:-1"},"canonical":"https:\/\/www.clicars.com\/blog\/coches-eco\/sabes-cuanto-dura-la-carga-de-un-coche-electrico\/","og_locale":"es_ES","og_type":"article","og_title":"\u00bfSabes cu\u00e1nto dura la carga de un coche el\u00e9ctrico? - Clicars Blog","og_description":"La vida \u00fatil de la bater\u00eda de los coches el\u00e9ctricos no es infinita. Te contamos cuanto tiempo suele durar hasta cambiarla.","og_url":"https:\/\/www.clicars.com\/blog\/coches-eco\/sabes-cuanto-dura-la-carga-de-un-coche-electrico\/","og_site_name":"Clicars","article_published_time":"2023-02-03T09:13:03+00:00","og_image":[{"width":906,"height":693,"url":"https:\/\/www.clicars.com\/blog\/wp-content\/uploads\/2023\/02\/cuanto-dura-la-carga-de-un-coche-electrico.jpg","type":"image\/jpeg"}],"author":"Clicars","twitter_card":"summary_large_image","twitter_misc":{"Escrito por":"Clicars","Tiempo de lectura":"3 minutos"},"schema":{"@context":"https:\/\/schema.org","@graph":[{"@type":"Article","@id":"https:\/\/www.clicars.com\/blog\/coches-eco\/sabes-cuanto-dura-la-carga-de-un-coche-electrico\/#article","isPartOf":{"@id":"https:\/\/www.clicars.com\/blog\/coches-eco\/sabes-cuanto-dura-la-carga-de-un-coche-electrico\/"},"author":{"name":"Clicars","@id":"https:\/\/www.clicars.com\/blog\/#\/schema\/person\/af686c41ba96962c68871392bf2bb62d"},"headline":"\u00bfSabes cu\u00e1nto dura la carga de un coche el\u00e9ctrico?","datePublished":"2023-02-03T09:13:03+00:00","mainEntityOfPage":{"@id":"https:\/\/www.clicars.com\/blog\/coches-eco\/sabes-cuanto-dura-la-carga-de-un-coche-electrico\/"},"wordCount":540,"image":{"@id":"https:\/\/www.clicars.com\/blog\/coches-eco\/sabes-cuanto-dura-la-carga-de-un-coche-electrico\/#primaryimage"},"thumbnailUrl":"https:\/\/www.clicars.com\/blog\/wp-content\/uploads\/2023\/02\/cuanto-dura-la-carga-de-un-coche-electrico.jpg","articleSection":["Coches ECO"],"inLanguage":"es"},{"@type":["WebPage","ItemPage"],"@id":"https:\/\/www.clicars.com\/blog\/coches-eco\/sabes-cuanto-dura-la-carga-de-un-coche-electrico\/","url":"https:\/\/www.clicars.com\/blog\/coches-eco\/sabes-cuanto-dura-la-carga-de-un-coche-electrico\/","name":"\u00bfSabes cu\u00e1nto dura la carga de un coche el\u00e9ctrico? - Clicars Blog","isPartOf":{"@id":"https:\/\/www.clicars.com\/blog\/#website"},"primaryImageOfPage":{"@id":"https:\/\/www.clicars.com\/blog\/coches-eco\/sabes-cuanto-dura-la-carga-de-un-coche-electrico\/#primaryimage"},"image":{"@id":"https:\/\/www.clicars.com\/blog\/coches-eco\/sabes-cuanto-dura-la-carga-de-un-coche-electrico\/#primaryimage"},"thumbnailUrl":"https:\/\/www.clicars.com\/blog\/wp-content\/uploads\/2023\/02\/cuanto-dura-la-carga-de-un-coche-electrico.jpg","datePublished":"2023-02-03T09:13:03+00:00","author":{"@id":"https:\/\/www.clicars.com\/blog\/#\/schema\/person\/af686c41ba96962c68871392bf2bb62d"},"description":"La vida \u00fatil de la bater\u00eda de los coches el\u00e9ctricos no es infinita. Te contamos cuanto tiempo suele durar hasta cambiarla.","breadcrumb":{"@id":"https:\/\/www.clicars.com\/blog\/coches-eco\/sabes-cuanto-dura-la-carga-de-un-coche-electrico\/#breadcrumb"},"inLanguage":"es","potentialAction":[{"@type":"ReadAction","target":["https:\/\/www.clicars.com\/blog\/coches-eco\/sabes-cuanto-dura-la-carga-de-un-coche-electrico\/"]}]},{"@type":"ImageObject","inLanguage":"es","@id":"https:\/\/www.clicars.com\/blog\/coches-eco\/sabes-cuanto-dura-la-carga-de-un-coche-electrico\/#primaryimage","url":"https:\/\/www.clicars.com\/blog\/wp-content\/uploads\/2023\/02\/cuanto-dura-la-carga-de-un-coche-electrico.jpg","contentUrl":"https:\/\/www.clicars.com\/blog\/wp-content\/uploads\/2023\/02\/cuanto-dura-la-carga-de-un-coche-electrico.jpg","width":906,"height":693,"caption":"cuanto dura la carga de un coche el\u00e9ctrico"},{"@type":"BreadcrumbList","@id":"https:\/\/www.clicars.com\/blog\/coches-eco\/sabes-cuanto-dura-la-carga-de-un-coche-electrico\/#breadcrumb","itemListElement":[{"@type":"ListItem","position":1,"name":"Portada","item":"https:\/\/www.clicars.com\/blog\/"},{"@type":"ListItem","position":2,"name":"\u00bfSabes cu\u00e1nto dura la carga de un coche el\u00e9ctrico?"}]},{"@type":"WebSite","@id":"https:\/\/www.clicars.com\/blog\/#website","url":"https:\/\/www.clicars.com\/blog\/","name":"Clicars","description":"Compra tu coche de Buena Mano sin moverte de casa","inLanguage":"es"},{"@type":"Person","@id":"https:\/\/www.clicars.com\/blog\/#\/schema\/person\/af686c41ba96962c68871392bf2bb62d","name":"Clicars","image":{"@type":"ImageObject","inLanguage":"es","@id":"https:\/\/www.clicars.com\/blog\/#\/schema\/person\/image\/","url":"https:\/\/secure.gravatar.com\/avatar\/3100622b0023049db14165cdba9dadaa9159743b871e83e440a0df9a70f80e56?s=96&d=mm&r=g","contentUrl":"https:\/\/secure.gravatar.com\/avatar\/3100622b0023049db14165cdba9dadaa9159743b871e83e440a0df9a70f80e56?s=96&d=mm&r=g","caption":"Clicars"},"sameAs":["https:\/\/www.clicars.com"],"url":"https:\/\/www.clicars.com\/blog\/author\/clicars\/"}]}},"_links":{"self":[{"href":"https:\/\/www.clicars.com\/blog\/wp-json\/wp\/v2\/posts\/11072","targetHints":{"allow":["GET"]}}],"collection":[{"href":"https:\/\/www.clicars.com\/blog\/wp-json\/wp\/v2\/posts"}],"about":[{"href":"https:\/\/www.clicars.com\/blog\/wp-json\/wp\/v2\/types\/post"}],"author":[{"embeddable":true,"href":"https:\/\/www.clicars.com\/blog\/wp-json\/wp\/v2\/users\/2"}],"replies":[{"embeddable":true,"href":"https:\/\/www.clicars.com\/blog\/wp-json\/wp\/v2\/comments?post=11072"}],"version-history":[{"count":2,"href":"https:\/\/www.clicars.com\/blog\/wp-json\/wp\/v2\/posts\/11072\/revisions"}],"predecessor-version":[{"id":11076,"href":"https:\/\/www.clicars.com\/blog\/wp-json\/wp\/v2\/posts\/11072\/revisions\/11076"}],"wp:featuredmedia":[{"embeddable":true,"href":"https:\/\/www.clicars.com\/blog\/wp-json\/wp\/v2\/media\/11074"}],"wp:attachment":[{"href":"https:\/\/www.clicars.com\/blog\/wp-json\/wp\/v2\/media?parent=11072"}],"wp:term":[{"taxonomy":"category","embeddable":true,"href":"https:\/\/www.clicars.com\/blog\/wp-json\/wp\/v2\/categories?post=11072"},{"taxonomy":"post_tag","embeddable":true,"href":"https:\/\/www.clicars.com\/blog\/wp-json\/wp\/v2\/tags?post=11072"}],"curies":[{"name":"wp","href":"https:\/\/api.w.org\/{rel}","templated":true}]}}