{"id":11246,"date":"2023-02-15T12:22:34","date_gmt":"2023-02-15T10:22:34","guid":{"rendered":"https:\/\/www.clicars.com\/blog\/?p=11246"},"modified":"2023-02-14T18:39:08","modified_gmt":"2023-02-14T16:39:08","slug":"zona-de-bajas-emisiones-en-sevilla-zbe","status":"publish","type":"post","link":"https:\/\/www.clicars.com\/blog\/actualidad\/zona-de-bajas-emisiones-en-sevilla-zbe\/","title":{"rendered":"Zona de bajas emisiones en Sevilla ZBE"},"content":{"rendered":"<p><span style=\"font-weight: 400;\">A partir del d\u00eda 1 de enero del a\u00f1o 2023 est\u00e1 en vigor una Zona de Bajas Emisiones, tambi\u00e9n conocida como ZBE, en la capital de Andaluc\u00eda. Esta <\/span><b>zona de bajas emisiones en Sevilla<\/b><span style=\"font-weight: 400;\"> no hace m\u00e1s que continuar con la propuesta general de mejorar la calidad del aire en distintos puntos de la ciudad y aqu\u00ed explicaremos c\u00f3mo es y cu\u00e1les son los veh\u00edculos a los que les afectan dichas restricciones.<\/span><\/p>\n<h2><b>Una zona de bajas emisiones en Sevilla<\/b><\/h2>\n<p><span style=\"font-weight: 400;\">Esta <\/span><b>ZBE en Sevilla<\/b><span style=\"font-weight: 400;\"> sigue el plan de muchas ciudades, aunque el territorio hispalense ha sido una de las primeras en el pa\u00eds. Como decimos, desde el primer d\u00eda del a\u00f1o 2023 se han activado determinadas <\/span><b>restricciones en Sevilla<\/b><span style=\"font-weight: 400;\"> para los veh\u00edculos m\u00e1s contaminantes.<\/span><\/p>\n<p><span style=\"font-weight: 400;\">En todo caso, esta iniciativa viene a colaci\u00f3n de las nuevas medidas ecol\u00f3gicas incluidas en la <\/span><a href=\"https:\/\/www.boe.es\/diario_boe\/txt.php?id=BOE-A-2021-8447\"><b>Ley del Cambio Clim\u00e1tico y Transici\u00f3n Energ\u00e9tica<\/b><\/a><span style=\"font-weight: 400;\">. En concreto, es algo que afecta a las ciudades del pa\u00eds con m\u00e1s de 50.000 habitantes, aunque no todas cuentan con los medios para haberlo hecho a comienzos de a\u00f1o, por lo que disponen de todo 2023 para llevar a cabo dichas restricciones.<\/span><\/p>\n<p><img loading=\"lazy\" decoding=\"async\" class=\"aligncenter size-full wp-image-11248\" src=\"https:\/\/www.clicars.com\/blog\/wp-content\/uploads\/2023\/02\/zbe-sevilla.jpg\" alt=\"zbe sevilla\" width=\"908\" height=\"681\" srcset=\"https:\/\/www.clicars.com\/blog\/wp-content\/uploads\/2023\/02\/zbe-sevilla.jpg 908w, https:\/\/www.clicars.com\/blog\/wp-content\/uploads\/2023\/02\/zbe-sevilla-300x225.jpg 300w, https:\/\/www.clicars.com\/blog\/wp-content\/uploads\/2023\/02\/zbe-sevilla-768x576.jpg 768w\" sizes=\"auto, (max-width: 908px) 100vw, 908px\" \/><\/p>\n<h2><b>Sevilla y la zona de bajas emisiones<\/b><\/h2>\n<p><span style=\"font-weight: 400;\">Bien es cierto que Sevilla concentra mucha actividad en torno al centro de la ciudad, pero dicho espacio ya sido liberado de veh\u00edculos desde hace un tiempo. Por tanto, se ha puesto el foco en una parte de la ciudad que alberga mucho movimiento de coches, motos y autobuses, como la Isla de la Cartuja, determinando la <\/span><b>ZBE Cartuja norte<\/b><span style=\"font-weight: 400;\"> y la <\/span><b>ZBE Cartuja sur<\/b><span style=\"font-weight: 400;\">.<\/span><\/p>\n<p><span style=\"font-weight: 400;\">Por un lado, la <\/span><b>ZBE Cartuja norte<\/b><span style=\"font-weight: 400;\"> afecta a las calles que est\u00e1n dentro del per\u00edmetro delimitado de manera exterior por Am\u00e9rico Vespucio desde el cruce con Leonardo da Vinci y donde se incluyen otras calles como Juan Bautista Mu\u00f1oz, Matem\u00e1ticos Rey Pastor y Castro, Marie Curie o la Avenida de Carlos II, as\u00ed como la parte del ramal que lleva a la incorporaci\u00f3n de la SE-30 en sentido Glorieta Ol\u00edmpica hasta el citado cruce con Am\u00e9rico Vespucio.<\/span><\/p>\n<p><span style=\"font-weight: 400;\">Por otro lado, la <\/span><b>ZBE Cartuja sur<\/b><span style=\"font-weight: 400;\"> queda dentro del per\u00edmetro delimitado exterior por las calles Marie Curie, Camino de los Descubrimientos, Francisco de Montesinos o la citada Avenida de Carlos III, aunque con excepciones de aparcamientos en la banda oeste y sus accesos.<\/span><\/p>\n<h3><b>\u00bfCu\u00e1les son estas restricciones?<\/b><\/h3>\n<p><span style=\"font-weight: 400;\">Aunque pueda sonar a una prohibici\u00f3n total, no es como tal, ya que estas <\/span><b>restricciones<\/b><span style=\"font-weight: 400;\"> de entrada y paso <\/span><b>se aplican solamente de lunes a viernes en horario de 7:00 horas a 19:00<\/b><span style=\"font-weight: 400;\"> horas. Es decir, cuando m\u00e1s afluencia de personas y veh\u00edculos hay, teniendo en cuenta que hablamos de uno de los principales puntos empresariales de toda la ciudad.<\/span><\/p>\n<p><span style=\"font-weight: 400;\">Igualmente, <\/span><b>no afecta a todos los veh\u00edculos, sino a aquellos sin etiqueta de la DGT<\/b><span style=\"font-weight: 400;\">, por lo que los que tengan los <\/span><b>distintivos Cero Emisiones, Eco, C o B<\/b><span style=\"font-weight: 400;\"> no est\u00e1n afectados por dichas restricciones, de manera que podr\u00e1n entrar, circular y aparcar por las calles y ZBE antes mencionadas.<\/span><\/p>\n<p><span style=\"font-weight: 400;\">En todo, caso, debemos resaltar que s\u00ed existen excepciones que permiten el acceso a estas zonas a los veh\u00edculos sin etiqueta, como las motocicletas y los ciclomotores, as\u00ed como a los veh\u00edculos de mercanc\u00edas, las ambulancias, los coches municipales o los medios de transporte oficiales, al igual que las gr\u00faas de asistencia en carretera. Incluso, hay <\/span><b>excepciones especiales<\/b><span style=\"font-weight: 400;\"> para los veh\u00edculos vinculados a empresas localizadas dentro de las zonas indicadas y a los que transporten o recojan a personas de movilidad reducida. Para ello, ser\u00e1 preciso contar con una <\/span><b>autorizaci\u00f3n previa<\/b><span style=\"font-weight: 400;\">.<\/span><\/p>\n<p><img loading=\"lazy\" decoding=\"async\" class=\"aligncenter size-full wp-image-11249\" src=\"https:\/\/www.clicars.com\/blog\/wp-content\/uploads\/2023\/02\/zona-cartuja-zbe.jpg\" alt=\"zona cartuja zbe\" width=\"908\" height=\"681\" srcset=\"https:\/\/www.clicars.com\/blog\/wp-content\/uploads\/2023\/02\/zona-cartuja-zbe.jpg 908w, https:\/\/www.clicars.com\/blog\/wp-content\/uploads\/2023\/02\/zona-cartuja-zbe-300x225.jpg 300w, https:\/\/www.clicars.com\/blog\/wp-content\/uploads\/2023\/02\/zona-cartuja-zbe-768x576.jpg 768w\" sizes=\"auto, (max-width: 908px) 100vw, 908px\" \/><\/p>\n<h2><b>\u00bfQu\u00e9 ocurre si nos saltamos la restricci\u00f3n?<\/b><\/h2>\n<p><span style=\"font-weight: 400;\">De momento, hay una primera fase puesta en marcha con la que, en los primeros meses, se llevar\u00e1 a cabo un trabajo de informaci\u00f3n y concienciaci\u00f3n con especial hincapi\u00e9 en la se\u00f1alizaci\u00f3n de los puntos de entrada y los veh\u00edculos que pueden acceder y los que no al citado recinto.<\/span><\/p>\n<p><span style=\"font-weight: 400;\">No obstante, si tenemos en cuenta la reforma de la Ley de Tr\u00e1fico, en vigor desde el 21 de marzo de 2022, habr\u00eda una <\/span><b>sanci\u00f3n econ\u00f3mica de 200 euros<\/b><span style=\"font-weight: 400;\"> para quienes no cumpliesen con esta norma. Igualmente, si salta la duda de si hay que llevar pegado el distintivo medioambiental, el Ayuntamiento de Sevilla ha indicado que no, puesto que con la matr\u00edcula ya se sabe cu\u00e1l es la etiqueta correspondiente de cada veh\u00edculo.<\/span><\/p>\n<h3><b>\u00bfD\u00f3nde puedo aparcar el coche?<\/b><\/h3>\n<p><span style=\"font-weight: 400;\">Si tenemos un coche que no tiene permitido el acceso, podemos buscar alternativas de aparcamiento como la banda oeste del Parque Cient\u00edfico Tecnol\u00f3gico, en la Avenida Carlos III, o entre Am\u00e9rico Vespucio y el viaducto de la SE-30, justo en frente de la Facultad de Ingenier\u00eda.<\/span><\/p>\n<p><span style=\"font-weight: 400;\">En resumen, esta propuesta de <\/span><b>zona de bajas emisiones en Sevilla<\/b><span style=\"font-weight: 400;\"> busca que las personas se mentalicen tambi\u00e9n de la necesidad de reducir las emisiones contaminantes sobre la atm\u00f3sfera, por lo que no se descarta que haya medidas del mismo calibre en otros puntos de la ciudad en los pr\u00f3ximos meses.<\/span><\/p>\n<h2>Comprar tu coche en Sevilla<\/h2>\n<p>Siempre puedes buscar un coche que encaje con las restricciones, y que no se vea limitado por ellas. Clicars es<a href=\"https:\/\/www.clicars.com\/coches-segunda-mano-ocasion\/sevilla\"> una buena manera para cambiar de coche si est\u00e1s en Sevilla<\/a>, ya que entregamos nuestros coches seminuevos y de ocasi\u00f3n a cualquier parte de la pen\u00ednsula. Compra en un clic y tendr\u00e1s tu coche en la puerta de casa al d\u00eda siguiente. Con 15 d\u00edas o 1.000 kil\u00f3metros para probarlo, y si no te convence, \u00a1lo devuelves! As\u00ed de f\u00e1cil.<\/p>\n","protected":false},"excerpt":{"rendered":"<p>A partir del d\u00eda 1 de enero del a\u00f1o 2023 est\u00e1 en vigor una Zona&#8230;<\/p>\n","protected":false},"author":2,"featured_media":11247,"comment_status":"closed","ping_status":"closed","sticky":false,"template":"","format":"standard","meta":{"footnotes":""},"categories":[5],"tags":[],"class_list":{"0":"post-11246","1":"post","2":"type-post","3":"status-publish","4":"format-standard","5":"has-post-thumbnail","7":"category-actualidad"},"yoast_head":"<!-- This site is optimized with the Yoast SEO plugin v26.8 - https:\/\/yoast.com\/product\/yoast-seo-wordpress\/ -->\n<title>Zona de bajas emisiones en Sevilla ZBE [2026]- Clicars Blog<\/title>\n<meta name=\"description\" content=\"\u25b6 Todas las novedades sobre la Zona de Bajas Emisiones de Sevilla. \u00bfQu\u00e9 restricciones hay? \u00bfPor d\u00f3nde puedes circular? \u00bfCon qu\u00e9 coches?\" \/>\n<meta name=\"robots\" content=\"index, follow, max-snippet:-1, max-image-preview:large, max-video-preview:-1\" \/>\n<link rel=\"canonical\" href=\"https:\/\/www.clicars.com\/blog\/actualidad\/zona-de-bajas-emisiones-en-sevilla-zbe\/\" \/>\n<meta property=\"og:locale\" content=\"es_ES\" \/>\n<meta property=\"og:type\" content=\"article\" \/>\n<meta property=\"og:title\" content=\"Zona de bajas emisiones en Sevilla ZBE [2026]- Clicars Blog\" \/>\n<meta property=\"og:description\" content=\"\u25b6 Todas las novedades sobre la Zona de Bajas Emisiones de Sevilla. \u00bfQu\u00e9 restricciones hay? \u00bfPor d\u00f3nde puedes circular? \u00bfCon qu\u00e9 coches?\" \/>\n<meta property=\"og:url\" content=\"https:\/\/www.clicars.com\/blog\/actualidad\/zona-de-bajas-emisiones-en-sevilla-zbe\/\" \/>\n<meta property=\"og:site_name\" content=\"Clicars\" \/>\n<meta property=\"article:published_time\" content=\"2023-02-15T10:22:34+00:00\" \/>\n<meta property=\"og:image\" content=\"https:\/\/www.clicars.com\/blog\/wp-content\/uploads\/2023\/02\/zona-bajas-emisiones-sevilla.jpg\" \/>\n\t<meta property=\"og:image:width\" content=\"908\" \/>\n\t<meta property=\"og:image:height\" content=\"681\" \/>\n\t<meta property=\"og:image:type\" content=\"image\/jpeg\" \/>\n<meta name=\"author\" content=\"Clicars\" \/>\n<meta name=\"twitter:card\" content=\"summary_large_image\" \/>\n<meta name=\"twitter:label1\" content=\"Escrito por\" \/>\n\t<meta name=\"twitter:data1\" content=\"Clicars\" \/>\n\t<meta name=\"twitter:label2\" content=\"Tiempo de lectura\" \/>\n\t<meta name=\"twitter:data2\" content=\"5 minutos\" \/>\n<script type=\"application\/ld+json\" class=\"yoast-schema-graph\">{\"@context\":\"https:\/\/schema.org\",\"@graph\":[{\"@type\":\"Article\",\"@id\":\"https:\/\/www.clicars.com\/blog\/actualidad\/zona-de-bajas-emisiones-en-sevilla-zbe\/#article\",\"isPartOf\":{\"@id\":\"https:\/\/www.clicars.com\/blog\/actualidad\/zona-de-bajas-emisiones-en-sevilla-zbe\/\"},\"author\":{\"name\":\"Clicars\",\"@id\":\"https:\/\/www.clicars.com\/blog\/#\/schema\/person\/af686c41ba96962c68871392bf2bb62d\"},\"headline\":\"Zona de bajas emisiones en Sevilla ZBE\",\"datePublished\":\"2023-02-15T10:22:34+00:00\",\"mainEntityOfPage\":{\"@id\":\"https:\/\/www.clicars.com\/blog\/actualidad\/zona-de-bajas-emisiones-en-sevilla-zbe\/\"},\"wordCount\":974,\"image\":{\"@id\":\"https:\/\/www.clicars.com\/blog\/actualidad\/zona-de-bajas-emisiones-en-sevilla-zbe\/#primaryimage\"},\"thumbnailUrl\":\"https:\/\/www.clicars.com\/blog\/wp-content\/uploads\/2023\/02\/zona-bajas-emisiones-sevilla.jpg\",\"articleSection\":[\"Actualidad\"],\"inLanguage\":\"es\"},{\"@type\":[\"WebPage\",\"ItemPage\"],\"@id\":\"https:\/\/www.clicars.com\/blog\/actualidad\/zona-de-bajas-emisiones-en-sevilla-zbe\/\",\"url\":\"https:\/\/www.clicars.com\/blog\/actualidad\/zona-de-bajas-emisiones-en-sevilla-zbe\/\",\"name\":\"Zona de bajas emisiones en Sevilla ZBE [2026]- Clicars Blog\",\"isPartOf\":{\"@id\":\"https:\/\/www.clicars.com\/blog\/#website\"},\"primaryImageOfPage\":{\"@id\":\"https:\/\/www.clicars.com\/blog\/actualidad\/zona-de-bajas-emisiones-en-sevilla-zbe\/#primaryimage\"},\"image\":{\"@id\":\"https:\/\/www.clicars.com\/blog\/actualidad\/zona-de-bajas-emisiones-en-sevilla-zbe\/#primaryimage\"},\"thumbnailUrl\":\"https:\/\/www.clicars.com\/blog\/wp-content\/uploads\/2023\/02\/zona-bajas-emisiones-sevilla.jpg\",\"datePublished\":\"2023-02-15T10:22:34+00:00\",\"author\":{\"@id\":\"https:\/\/www.clicars.com\/blog\/#\/schema\/person\/af686c41ba96962c68871392bf2bb62d\"},\"description\":\"\u25b6 Todas las novedades sobre la Zona de Bajas Emisiones de Sevilla. \u00bfQu\u00e9 restricciones hay? \u00bfPor d\u00f3nde puedes circular? \u00bfCon qu\u00e9 coches?\",\"breadcrumb\":{\"@id\":\"https:\/\/www.clicars.com\/blog\/actualidad\/zona-de-bajas-emisiones-en-sevilla-zbe\/#breadcrumb\"},\"inLanguage\":\"es\",\"potentialAction\":[{\"@type\":\"ReadAction\",\"target\":[\"https:\/\/www.clicars.com\/blog\/actualidad\/zona-de-bajas-emisiones-en-sevilla-zbe\/\"]}]},{\"@type\":\"ImageObject\",\"inLanguage\":\"es\",\"@id\":\"https:\/\/www.clicars.com\/blog\/actualidad\/zona-de-bajas-emisiones-en-sevilla-zbe\/#primaryimage\",\"url\":\"https:\/\/www.clicars.com\/blog\/wp-content\/uploads\/2023\/02\/zona-bajas-emisiones-sevilla.jpg\",\"contentUrl\":\"https:\/\/www.clicars.com\/blog\/wp-content\/uploads\/2023\/02\/zona-bajas-emisiones-sevilla.jpg\",\"width\":908,\"height\":681,\"caption\":\"zona bajas emisiones sevilla\"},{\"@type\":\"BreadcrumbList\",\"@id\":\"https:\/\/www.clicars.com\/blog\/actualidad\/zona-de-bajas-emisiones-en-sevilla-zbe\/#breadcrumb\",\"itemListElement\":[{\"@type\":\"ListItem\",\"position\":1,\"name\":\"Portada\",\"item\":\"https:\/\/www.clicars.com\/blog\/\"},{\"@type\":\"ListItem\",\"position\":2,\"name\":\"Zona de bajas emisiones en Sevilla ZBE\"}]},{\"@type\":\"WebSite\",\"@id\":\"https:\/\/www.clicars.com\/blog\/#website\",\"url\":\"https:\/\/www.clicars.com\/blog\/\",\"name\":\"Clicars\",\"description\":\"Compra tu coche de Buena Mano sin moverte de casa\",\"inLanguage\":\"es\"},{\"@type\":\"Person\",\"@id\":\"https:\/\/www.clicars.com\/blog\/#\/schema\/person\/af686c41ba96962c68871392bf2bb62d\",\"name\":\"Clicars\",\"image\":{\"@type\":\"ImageObject\",\"inLanguage\":\"es\",\"@id\":\"https:\/\/www.clicars.com\/blog\/#\/schema\/person\/image\/\",\"url\":\"https:\/\/secure.gravatar.com\/avatar\/3100622b0023049db14165cdba9dadaa9159743b871e83e440a0df9a70f80e56?s=96&d=mm&r=g\",\"contentUrl\":\"https:\/\/secure.gravatar.com\/avatar\/3100622b0023049db14165cdba9dadaa9159743b871e83e440a0df9a70f80e56?s=96&d=mm&r=g\",\"caption\":\"Clicars\"},\"sameAs\":[\"https:\/\/www.clicars.com\"],\"url\":\"https:\/\/www.clicars.com\/blog\/author\/clicars\/\"}]}<\/script>\n<!-- \/ Yoast SEO plugin. -->","yoast_head_json":{"title":"Zona de bajas emisiones en Sevilla ZBE [2026]- Clicars Blog","description":"\u25b6 Todas las novedades sobre la Zona de Bajas Emisiones de Sevilla. \u00bfQu\u00e9 restricciones hay? \u00bfPor d\u00f3nde puedes circular? \u00bfCon qu\u00e9 coches?","robots":{"index":"index","follow":"follow","max-snippet":"max-snippet:-1","max-image-preview":"max-image-preview:large","max-video-preview":"max-video-preview:-1"},"canonical":"https:\/\/www.clicars.com\/blog\/actualidad\/zona-de-bajas-emisiones-en-sevilla-zbe\/","og_locale":"es_ES","og_type":"article","og_title":"Zona de bajas emisiones en Sevilla ZBE [2026]- Clicars Blog","og_description":"\u25b6 Todas las novedades sobre la Zona de Bajas Emisiones de Sevilla. \u00bfQu\u00e9 restricciones hay? \u00bfPor d\u00f3nde puedes circular? \u00bfCon qu\u00e9 coches?","og_url":"https:\/\/www.clicars.com\/blog\/actualidad\/zona-de-bajas-emisiones-en-sevilla-zbe\/","og_site_name":"Clicars","article_published_time":"2023-02-15T10:22:34+00:00","og_image":[{"width":908,"height":681,"url":"https:\/\/www.clicars.com\/blog\/wp-content\/uploads\/2023\/02\/zona-bajas-emisiones-sevilla.jpg","type":"image\/jpeg"}],"author":"Clicars","twitter_card":"summary_large_image","twitter_misc":{"Escrito por":"Clicars","Tiempo de lectura":"5 minutos"},"schema":{"@context":"https:\/\/schema.org","@graph":[{"@type":"Article","@id":"https:\/\/www.clicars.com\/blog\/actualidad\/zona-de-bajas-emisiones-en-sevilla-zbe\/#article","isPartOf":{"@id":"https:\/\/www.clicars.com\/blog\/actualidad\/zona-de-bajas-emisiones-en-sevilla-zbe\/"},"author":{"name":"Clicars","@id":"https:\/\/www.clicars.com\/blog\/#\/schema\/person\/af686c41ba96962c68871392bf2bb62d"},"headline":"Zona de bajas emisiones en Sevilla ZBE","datePublished":"2023-02-15T10:22:34+00:00","mainEntityOfPage":{"@id":"https:\/\/www.clicars.com\/blog\/actualidad\/zona-de-bajas-emisiones-en-sevilla-zbe\/"},"wordCount":974,"image":{"@id":"https:\/\/www.clicars.com\/blog\/actualidad\/zona-de-bajas-emisiones-en-sevilla-zbe\/#primaryimage"},"thumbnailUrl":"https:\/\/www.clicars.com\/blog\/wp-content\/uploads\/2023\/02\/zona-bajas-emisiones-sevilla.jpg","articleSection":["Actualidad"],"inLanguage":"es"},{"@type":["WebPage","ItemPage"],"@id":"https:\/\/www.clicars.com\/blog\/actualidad\/zona-de-bajas-emisiones-en-sevilla-zbe\/","url":"https:\/\/www.clicars.com\/blog\/actualidad\/zona-de-bajas-emisiones-en-sevilla-zbe\/","name":"Zona de bajas emisiones en Sevilla ZBE [2026]- Clicars Blog","isPartOf":{"@id":"https:\/\/www.clicars.com\/blog\/#website"},"primaryImageOfPage":{"@id":"https:\/\/www.clicars.com\/blog\/actualidad\/zona-de-bajas-emisiones-en-sevilla-zbe\/#primaryimage"},"image":{"@id":"https:\/\/www.clicars.com\/blog\/actualidad\/zona-de-bajas-emisiones-en-sevilla-zbe\/#primaryimage"},"thumbnailUrl":"https:\/\/www.clicars.com\/blog\/wp-content\/uploads\/2023\/02\/zona-bajas-emisiones-sevilla.jpg","datePublished":"2023-02-15T10:22:34+00:00","author":{"@id":"https:\/\/www.clicars.com\/blog\/#\/schema\/person\/af686c41ba96962c68871392bf2bb62d"},"description":"\u25b6 Todas las novedades sobre la Zona de Bajas Emisiones de Sevilla. \u00bfQu\u00e9 restricciones hay? \u00bfPor d\u00f3nde puedes circular? \u00bfCon qu\u00e9 coches?","breadcrumb":{"@id":"https:\/\/www.clicars.com\/blog\/actualidad\/zona-de-bajas-emisiones-en-sevilla-zbe\/#breadcrumb"},"inLanguage":"es","potentialAction":[{"@type":"ReadAction","target":["https:\/\/www.clicars.com\/blog\/actualidad\/zona-de-bajas-emisiones-en-sevilla-zbe\/"]}]},{"@type":"ImageObject","inLanguage":"es","@id":"https:\/\/www.clicars.com\/blog\/actualidad\/zona-de-bajas-emisiones-en-sevilla-zbe\/#primaryimage","url":"https:\/\/www.clicars.com\/blog\/wp-content\/uploads\/2023\/02\/zona-bajas-emisiones-sevilla.jpg","contentUrl":"https:\/\/www.clicars.com\/blog\/wp-content\/uploads\/2023\/02\/zona-bajas-emisiones-sevilla.jpg","width":908,"height":681,"caption":"zona bajas emisiones sevilla"},{"@type":"BreadcrumbList","@id":"https:\/\/www.clicars.com\/blog\/actualidad\/zona-de-bajas-emisiones-en-sevilla-zbe\/#breadcrumb","itemListElement":[{"@type":"ListItem","position":1,"name":"Portada","item":"https:\/\/www.clicars.com\/blog\/"},{"@type":"ListItem","position":2,"name":"Zona de bajas emisiones en Sevilla ZBE"}]},{"@type":"WebSite","@id":"https:\/\/www.clicars.com\/blog\/#website","url":"https:\/\/www.clicars.com\/blog\/","name":"Clicars","description":"Compra tu coche de Buena Mano sin moverte de casa","inLanguage":"es"},{"@type":"Person","@id":"https:\/\/www.clicars.com\/blog\/#\/schema\/person\/af686c41ba96962c68871392bf2bb62d","name":"Clicars","image":{"@type":"ImageObject","inLanguage":"es","@id":"https:\/\/www.clicars.com\/blog\/#\/schema\/person\/image\/","url":"https:\/\/secure.gravatar.com\/avatar\/3100622b0023049db14165cdba9dadaa9159743b871e83e440a0df9a70f80e56?s=96&d=mm&r=g","contentUrl":"https:\/\/secure.gravatar.com\/avatar\/3100622b0023049db14165cdba9dadaa9159743b871e83e440a0df9a70f80e56?s=96&d=mm&r=g","caption":"Clicars"},"sameAs":["https:\/\/www.clicars.com"],"url":"https:\/\/www.clicars.com\/blog\/author\/clicars\/"}]}},"_links":{"self":[{"href":"https:\/\/www.clicars.com\/blog\/wp-json\/wp\/v2\/posts\/11246","targetHints":{"allow":["GET"]}}],"collection":[{"href":"https:\/\/www.clicars.com\/blog\/wp-json\/wp\/v2\/posts"}],"about":[{"href":"https:\/\/www.clicars.com\/blog\/wp-json\/wp\/v2\/types\/post"}],"author":[{"embeddable":true,"href":"https:\/\/www.clicars.com\/blog\/wp-json\/wp\/v2\/users\/2"}],"replies":[{"embeddable":true,"href":"https:\/\/www.clicars.com\/blog\/wp-json\/wp\/v2\/comments?post=11246"}],"version-history":[{"count":2,"href":"https:\/\/www.clicars.com\/blog\/wp-json\/wp\/v2\/posts\/11246\/revisions"}],"predecessor-version":[{"id":11251,"href":"https:\/\/www.clicars.com\/blog\/wp-json\/wp\/v2\/posts\/11246\/revisions\/11251"}],"wp:featuredmedia":[{"embeddable":true,"href":"https:\/\/www.clicars.com\/blog\/wp-json\/wp\/v2\/media\/11247"}],"wp:attachment":[{"href":"https:\/\/www.clicars.com\/blog\/wp-json\/wp\/v2\/media?parent=11246"}],"wp:term":[{"taxonomy":"category","embeddable":true,"href":"https:\/\/www.clicars.com\/blog\/wp-json\/wp\/v2\/categories?post=11246"},{"taxonomy":"post_tag","embeddable":true,"href":"https:\/\/www.clicars.com\/blog\/wp-json\/wp\/v2\/tags?post=11246"}],"curies":[{"name":"wp","href":"https:\/\/api.w.org\/{rel}","templated":true}]}}