{"id":11267,"date":"2023-02-20T17:34:38","date_gmt":"2023-02-20T15:34:38","guid":{"rendered":"https:\/\/www.clicars.com\/blog\/?p=11267"},"modified":"2023-02-20T17:34:38","modified_gmt":"2023-02-20T15:34:38","slug":"sabes-cual-es-el-coche-electrico-mas-barato-de-2023","status":"publish","type":"post","link":"https:\/\/www.clicars.com\/blog\/coches-eco\/sabes-cual-es-el-coche-electrico-mas-barato-de-2023\/","title":{"rendered":"\u00bfSabes cu\u00e1l es el coche el\u00e9ctrico m\u00e1s barato de 2023?"},"content":{"rendered":"<p><span style=\"font-weight: 400;\">La electrificaci\u00f3n ha llegado al mercado para quedarse y es por eso por lo que los fabricantes de autom\u00f3viles est\u00e1n ajustando al m\u00e1ximo sus precios. 2023 va a ser un a\u00f1o con muchos cambios en la industria pero vamos a poner el foco sobre el <\/span><b>coche el\u00e9ctrico m\u00e1s barato de 2023<\/b><span style=\"font-weight: 400;\">.<\/span><\/p>\n<p><span style=\"font-weight: 400;\">Hablamos del <\/span><b>BYD Seagull<\/b><span style=\"font-weight: 400;\"> y posiblemente no te suene de nada su nombre pero no te preocupes que vamos a conocerlo un poco m\u00e1s. Se trata de un utilitario con un precio muy interesante, es decir, mucho m\u00e1s bajo que la media. Esto es posible porque equipa bater\u00edas de sodio que son mucho m\u00e1s asequibles.\u00a0<\/span><\/p>\n<p><span style=\"font-weight: 400;\">Todos buscamos un coche barato para nuestro d\u00eda a d\u00eda y mucho m\u00e1s ahora que en los municipios con m\u00e1s de 50.000 habitantes se van a implantar zonas de bajas emisiones, por lo que adem\u00e1s de ser barato debe ser respetuoso con el medio ambiente y portar,al menos, la etiqueta ECO de la DGT.\u00a0<\/span><\/p>\n<p><span style=\"font-weight: 400;\">Ya ni te cuento si hablamos del coche el\u00e9ctrico m\u00e1s barato de 2023 que tendr\u00e1 la <\/span><b>etiqueta Cero<\/b><span style=\"font-weight: 400;\">. Todo parece apuntar que China se llevar\u00e1 la palma desarrollando coches el\u00e9ctricos asequibles y muestra de ello es el BYD Seagull.<\/span><\/p>\n<p><img loading=\"lazy\" decoding=\"async\" class=\"aligncenter size-full wp-image-11269\" src=\"https:\/\/www.clicars.com\/blog\/wp-content\/uploads\/2023\/02\/asi-es-el-coche-elecrtico-mas-barato.jpg\" alt=\"asi es el coche el\u00e9crtico mas barato\" width=\"906\" height=\"680\" srcset=\"https:\/\/www.clicars.com\/blog\/wp-content\/uploads\/2023\/02\/asi-es-el-coche-elecrtico-mas-barato.jpg 906w, https:\/\/www.clicars.com\/blog\/wp-content\/uploads\/2023\/02\/asi-es-el-coche-elecrtico-mas-barato-300x225.jpg 300w, https:\/\/www.clicars.com\/blog\/wp-content\/uploads\/2023\/02\/asi-es-el-coche-elecrtico-mas-barato-768x576.jpg 768w\" sizes=\"auto, (max-width: 906px) 100vw, 906px\" \/><\/p>\n<h2>BYD Seagull, el coche el\u00e9ctrico m\u00e1s barato de 2023<\/h2>\n<p><span style=\"font-weight: 400;\">El BYD Seagull destaca por su precio y que, al cambio, comenzar\u00e1 en unos 8.100 euros. Eso s\u00ed, estamos seguros que con su llegada a Europa esa cifra aumentar\u00e1 ya solo por el transporte. A\u00fan as\u00ed, seguir\u00e1 siendo el coche el\u00e9ctrico m\u00e1s barato de 2023 ya que podr\u00eda situarse en unos 12.000 euros.\u00a0<\/span><\/p>\n<p><span style=\"font-weight: 400;\">Este precio situar\u00e1 al coche el\u00e9ctrico m\u00e1s barato de 2023 por debajo de opciones tan interesantes como el Invicta D2S o el mism\u00edsimo Dacia Spring que se encuentran en la horquilla comprendida entre los 17.000 y los 21.000 euros.<\/span><\/p>\n<p><span style=\"font-weight: 400;\">El BYD Seagull consigue reducir su precio gracias al uso de bater\u00edas de sodio que son m\u00e1s asequibles. Cabe destacar que el coche el\u00e9ctrico m\u00e1s barato de 2023 tiene un coste de 88 euros\/kWh, lo que no lo convierte en algo barat\u00edsimo pero al producirse a gran escala, su coste se reduce en un 20%.<\/span><\/p>\n<h2>As\u00ed es el coche el\u00e9ctrico m\u00e1s barato de 2023<\/h2>\n<p><span style=\"font-weight: 400;\">El BYD Seagull ofrece una autonom\u00eda de unos 300 kil\u00f3metros en la versi\u00f3n m\u00e1s b\u00e1sica. Lo que representa una autonom\u00eda suficiente para el d\u00eda a d\u00eda. El modelo contar\u00e1 con otra variante que equipar\u00e1 bater\u00edas de litio que ser\u00e1 capaz de recorrer 400 kil\u00f3metros con una sola carga. En esta versi\u00f3n, el precio aumentar\u00e1 hasta los 10.800 euros que en Espa\u00f1a podr\u00eda llegar hasta los 15.000 o 16.000 euros.\u00a0<\/span><\/p>\n<p><span style=\"font-weight: 400;\">El BYD Seagull se ha convertido en el coche el\u00e9ctrico m\u00e1s barato de 2023 pero no llegar\u00e1 al mercado hasta la segunda mitad del a\u00f1o.\u00a0<\/span><\/p>\n<p><span style=\"font-weight: 400;\">Si no quieres o puedes esperar tanto, puedes mirar en <\/span><b>Clicars<\/b><span style=\"font-weight: 400;\"> todos los <\/span><a href=\"https:\/\/www.clicars.com\/coches-segunda-mano-ocasion\"><span style=\"font-weight: 400;\">coches el\u00e9ctricos de segunda mano<\/span><\/a><span style=\"font-weight: 400;\"> disponibles en el cat\u00e1logo. \u00a1Te sorprender\u00e1s!\u00a0<\/span><\/p>\n","protected":false},"excerpt":{"rendered":"<p>La electrificaci\u00f3n ha llegado al mercado para quedarse y es por eso por lo que&#8230;<\/p>\n","protected":false},"author":2,"featured_media":11268,"comment_status":"closed","ping_status":"closed","sticky":false,"template":"","format":"standard","meta":{"footnotes":""},"categories":[828],"tags":[],"class_list":{"0":"post-11267","1":"post","2":"type-post","3":"status-publish","4":"format-standard","5":"has-post-thumbnail","7":"category-coches-eco"},"yoast_head":"<!-- This site is optimized with the Yoast SEO plugin v26.8 - https:\/\/yoast.com\/product\/yoast-seo-wordpress\/ -->\n<title>\u00bfCu\u00e1l es el coche el\u00e9ctrico m\u00e1s barato de 2023? - Clicars Blog<\/title>\n<meta name=\"description\" content=\"De entre los coches el\u00e9ctricos hoy te traemos al m\u00e1s barato de este a\u00f1o 2023. Ahorra pas\u00e1ndote a un el\u00e9ctrico con este coche.\" \/>\n<meta name=\"robots\" content=\"index, follow, max-snippet:-1, max-image-preview:large, max-video-preview:-1\" \/>\n<link rel=\"canonical\" href=\"https:\/\/www.clicars.com\/blog\/coches-eco\/sabes-cual-es-el-coche-electrico-mas-barato-de-2023\/\" \/>\n<meta property=\"og:locale\" content=\"es_ES\" \/>\n<meta property=\"og:type\" content=\"article\" \/>\n<meta property=\"og:title\" content=\"\u00bfCu\u00e1l es el coche el\u00e9ctrico m\u00e1s barato de 2023? - Clicars Blog\" \/>\n<meta property=\"og:description\" content=\"De entre los coches el\u00e9ctricos hoy te traemos al m\u00e1s barato de este a\u00f1o 2023. Ahorra pas\u00e1ndote a un el\u00e9ctrico con este coche.\" \/>\n<meta property=\"og:url\" content=\"https:\/\/www.clicars.com\/blog\/coches-eco\/sabes-cual-es-el-coche-electrico-mas-barato-de-2023\/\" \/>\n<meta property=\"og:site_name\" content=\"Clicars\" \/>\n<meta property=\"article:published_time\" content=\"2023-02-20T15:34:38+00:00\" \/>\n<meta property=\"og:image\" content=\"https:\/\/www.clicars.com\/blog\/wp-content\/uploads\/2023\/02\/coche-electrico-mas-barato-2023.jpg\" \/>\n\t<meta property=\"og:image:width\" content=\"906\" \/>\n\t<meta property=\"og:image:height\" content=\"680\" \/>\n\t<meta property=\"og:image:type\" content=\"image\/jpeg\" \/>\n<meta name=\"author\" content=\"Clicars\" \/>\n<meta name=\"twitter:card\" content=\"summary_large_image\" \/>\n<meta name=\"twitter:label1\" content=\"Escrito por\" \/>\n\t<meta name=\"twitter:data1\" content=\"Clicars\" \/>\n\t<meta name=\"twitter:label2\" content=\"Tiempo de lectura\" \/>\n\t<meta name=\"twitter:data2\" content=\"3 minutos\" \/>\n<script type=\"application\/ld+json\" class=\"yoast-schema-graph\">{\"@context\":\"https:\/\/schema.org\",\"@graph\":[{\"@type\":\"Article\",\"@id\":\"https:\/\/www.clicars.com\/blog\/coches-eco\/sabes-cual-es-el-coche-electrico-mas-barato-de-2023\/#article\",\"isPartOf\":{\"@id\":\"https:\/\/www.clicars.com\/blog\/coches-eco\/sabes-cual-es-el-coche-electrico-mas-barato-de-2023\/\"},\"author\":{\"name\":\"Clicars\",\"@id\":\"https:\/\/www.clicars.com\/blog\/#\/schema\/person\/af686c41ba96962c68871392bf2bb62d\"},\"headline\":\"\u00bfSabes cu\u00e1l es el coche el\u00e9ctrico m\u00e1s barato de 2023?\",\"datePublished\":\"2023-02-20T15:34:38+00:00\",\"mainEntityOfPage\":{\"@id\":\"https:\/\/www.clicars.com\/blog\/coches-eco\/sabes-cual-es-el-coche-electrico-mas-barato-de-2023\/\"},\"wordCount\":530,\"image\":{\"@id\":\"https:\/\/www.clicars.com\/blog\/coches-eco\/sabes-cual-es-el-coche-electrico-mas-barato-de-2023\/#primaryimage\"},\"thumbnailUrl\":\"https:\/\/www.clicars.com\/blog\/wp-content\/uploads\/2023\/02\/coche-electrico-mas-barato-2023.jpg\",\"articleSection\":[\"Coches ECO\"],\"inLanguage\":\"es\"},{\"@type\":[\"WebPage\",\"ItemPage\"],\"@id\":\"https:\/\/www.clicars.com\/blog\/coches-eco\/sabes-cual-es-el-coche-electrico-mas-barato-de-2023\/\",\"url\":\"https:\/\/www.clicars.com\/blog\/coches-eco\/sabes-cual-es-el-coche-electrico-mas-barato-de-2023\/\",\"name\":\"\u00bfCu\u00e1l es el coche el\u00e9ctrico m\u00e1s barato de 2023? - Clicars Blog\",\"isPartOf\":{\"@id\":\"https:\/\/www.clicars.com\/blog\/#website\"},\"primaryImageOfPage\":{\"@id\":\"https:\/\/www.clicars.com\/blog\/coches-eco\/sabes-cual-es-el-coche-electrico-mas-barato-de-2023\/#primaryimage\"},\"image\":{\"@id\":\"https:\/\/www.clicars.com\/blog\/coches-eco\/sabes-cual-es-el-coche-electrico-mas-barato-de-2023\/#primaryimage\"},\"thumbnailUrl\":\"https:\/\/www.clicars.com\/blog\/wp-content\/uploads\/2023\/02\/coche-electrico-mas-barato-2023.jpg\",\"datePublished\":\"2023-02-20T15:34:38+00:00\",\"author\":{\"@id\":\"https:\/\/www.clicars.com\/blog\/#\/schema\/person\/af686c41ba96962c68871392bf2bb62d\"},\"description\":\"De entre los coches el\u00e9ctricos hoy te traemos al m\u00e1s barato de este a\u00f1o 2023. Ahorra pas\u00e1ndote a un el\u00e9ctrico con este coche.\",\"breadcrumb\":{\"@id\":\"https:\/\/www.clicars.com\/blog\/coches-eco\/sabes-cual-es-el-coche-electrico-mas-barato-de-2023\/#breadcrumb\"},\"inLanguage\":\"es\",\"potentialAction\":[{\"@type\":\"ReadAction\",\"target\":[\"https:\/\/www.clicars.com\/blog\/coches-eco\/sabes-cual-es-el-coche-electrico-mas-barato-de-2023\/\"]}]},{\"@type\":\"ImageObject\",\"inLanguage\":\"es\",\"@id\":\"https:\/\/www.clicars.com\/blog\/coches-eco\/sabes-cual-es-el-coche-electrico-mas-barato-de-2023\/#primaryimage\",\"url\":\"https:\/\/www.clicars.com\/blog\/wp-content\/uploads\/2023\/02\/coche-electrico-mas-barato-2023.jpg\",\"contentUrl\":\"https:\/\/www.clicars.com\/blog\/wp-content\/uploads\/2023\/02\/coche-electrico-mas-barato-2023.jpg\",\"width\":906,\"height\":680,\"caption\":\"coche electrico mas barato 2023\"},{\"@type\":\"BreadcrumbList\",\"@id\":\"https:\/\/www.clicars.com\/blog\/coches-eco\/sabes-cual-es-el-coche-electrico-mas-barato-de-2023\/#breadcrumb\",\"itemListElement\":[{\"@type\":\"ListItem\",\"position\":1,\"name\":\"Portada\",\"item\":\"https:\/\/www.clicars.com\/blog\/\"},{\"@type\":\"ListItem\",\"position\":2,\"name\":\"\u00bfSabes cu\u00e1l es el coche el\u00e9ctrico m\u00e1s barato de 2023?\"}]},{\"@type\":\"WebSite\",\"@id\":\"https:\/\/www.clicars.com\/blog\/#website\",\"url\":\"https:\/\/www.clicars.com\/blog\/\",\"name\":\"Clicars\",\"description\":\"Compra tu coche de Buena Mano sin moverte de casa\",\"inLanguage\":\"es\"},{\"@type\":\"Person\",\"@id\":\"https:\/\/www.clicars.com\/blog\/#\/schema\/person\/af686c41ba96962c68871392bf2bb62d\",\"name\":\"Clicars\",\"image\":{\"@type\":\"ImageObject\",\"inLanguage\":\"es\",\"@id\":\"https:\/\/www.clicars.com\/blog\/#\/schema\/person\/image\/\",\"url\":\"https:\/\/secure.gravatar.com\/avatar\/3100622b0023049db14165cdba9dadaa9159743b871e83e440a0df9a70f80e56?s=96&d=mm&r=g\",\"contentUrl\":\"https:\/\/secure.gravatar.com\/avatar\/3100622b0023049db14165cdba9dadaa9159743b871e83e440a0df9a70f80e56?s=96&d=mm&r=g\",\"caption\":\"Clicars\"},\"sameAs\":[\"https:\/\/www.clicars.com\"],\"url\":\"https:\/\/www.clicars.com\/blog\/author\/clicars\/\"}]}<\/script>\n<!-- \/ Yoast SEO plugin. -->","yoast_head_json":{"title":"\u00bfCu\u00e1l es el coche el\u00e9ctrico m\u00e1s barato de 2023? - Clicars Blog","description":"De entre los coches el\u00e9ctricos hoy te traemos al m\u00e1s barato de este a\u00f1o 2023. Ahorra pas\u00e1ndote a un el\u00e9ctrico con este coche.","robots":{"index":"index","follow":"follow","max-snippet":"max-snippet:-1","max-image-preview":"max-image-preview:large","max-video-preview":"max-video-preview:-1"},"canonical":"https:\/\/www.clicars.com\/blog\/coches-eco\/sabes-cual-es-el-coche-electrico-mas-barato-de-2023\/","og_locale":"es_ES","og_type":"article","og_title":"\u00bfCu\u00e1l es el coche el\u00e9ctrico m\u00e1s barato de 2023? - Clicars Blog","og_description":"De entre los coches el\u00e9ctricos hoy te traemos al m\u00e1s barato de este a\u00f1o 2023. Ahorra pas\u00e1ndote a un el\u00e9ctrico con este coche.","og_url":"https:\/\/www.clicars.com\/blog\/coches-eco\/sabes-cual-es-el-coche-electrico-mas-barato-de-2023\/","og_site_name":"Clicars","article_published_time":"2023-02-20T15:34:38+00:00","og_image":[{"width":906,"height":680,"url":"https:\/\/www.clicars.com\/blog\/wp-content\/uploads\/2023\/02\/coche-electrico-mas-barato-2023.jpg","type":"image\/jpeg"}],"author":"Clicars","twitter_card":"summary_large_image","twitter_misc":{"Escrito por":"Clicars","Tiempo de lectura":"3 minutos"},"schema":{"@context":"https:\/\/schema.org","@graph":[{"@type":"Article","@id":"https:\/\/www.clicars.com\/blog\/coches-eco\/sabes-cual-es-el-coche-electrico-mas-barato-de-2023\/#article","isPartOf":{"@id":"https:\/\/www.clicars.com\/blog\/coches-eco\/sabes-cual-es-el-coche-electrico-mas-barato-de-2023\/"},"author":{"name":"Clicars","@id":"https:\/\/www.clicars.com\/blog\/#\/schema\/person\/af686c41ba96962c68871392bf2bb62d"},"headline":"\u00bfSabes cu\u00e1l es el coche el\u00e9ctrico m\u00e1s barato de 2023?","datePublished":"2023-02-20T15:34:38+00:00","mainEntityOfPage":{"@id":"https:\/\/www.clicars.com\/blog\/coches-eco\/sabes-cual-es-el-coche-electrico-mas-barato-de-2023\/"},"wordCount":530,"image":{"@id":"https:\/\/www.clicars.com\/blog\/coches-eco\/sabes-cual-es-el-coche-electrico-mas-barato-de-2023\/#primaryimage"},"thumbnailUrl":"https:\/\/www.clicars.com\/blog\/wp-content\/uploads\/2023\/02\/coche-electrico-mas-barato-2023.jpg","articleSection":["Coches ECO"],"inLanguage":"es"},{"@type":["WebPage","ItemPage"],"@id":"https:\/\/www.clicars.com\/blog\/coches-eco\/sabes-cual-es-el-coche-electrico-mas-barato-de-2023\/","url":"https:\/\/www.clicars.com\/blog\/coches-eco\/sabes-cual-es-el-coche-electrico-mas-barato-de-2023\/","name":"\u00bfCu\u00e1l es el coche el\u00e9ctrico m\u00e1s barato de 2023? - Clicars Blog","isPartOf":{"@id":"https:\/\/www.clicars.com\/blog\/#website"},"primaryImageOfPage":{"@id":"https:\/\/www.clicars.com\/blog\/coches-eco\/sabes-cual-es-el-coche-electrico-mas-barato-de-2023\/#primaryimage"},"image":{"@id":"https:\/\/www.clicars.com\/blog\/coches-eco\/sabes-cual-es-el-coche-electrico-mas-barato-de-2023\/#primaryimage"},"thumbnailUrl":"https:\/\/www.clicars.com\/blog\/wp-content\/uploads\/2023\/02\/coche-electrico-mas-barato-2023.jpg","datePublished":"2023-02-20T15:34:38+00:00","author":{"@id":"https:\/\/www.clicars.com\/blog\/#\/schema\/person\/af686c41ba96962c68871392bf2bb62d"},"description":"De entre los coches el\u00e9ctricos hoy te traemos al m\u00e1s barato de este a\u00f1o 2023. Ahorra pas\u00e1ndote a un el\u00e9ctrico con este coche.","breadcrumb":{"@id":"https:\/\/www.clicars.com\/blog\/coches-eco\/sabes-cual-es-el-coche-electrico-mas-barato-de-2023\/#breadcrumb"},"inLanguage":"es","potentialAction":[{"@type":"ReadAction","target":["https:\/\/www.clicars.com\/blog\/coches-eco\/sabes-cual-es-el-coche-electrico-mas-barato-de-2023\/"]}]},{"@type":"ImageObject","inLanguage":"es","@id":"https:\/\/www.clicars.com\/blog\/coches-eco\/sabes-cual-es-el-coche-electrico-mas-barato-de-2023\/#primaryimage","url":"https:\/\/www.clicars.com\/blog\/wp-content\/uploads\/2023\/02\/coche-electrico-mas-barato-2023.jpg","contentUrl":"https:\/\/www.clicars.com\/blog\/wp-content\/uploads\/2023\/02\/coche-electrico-mas-barato-2023.jpg","width":906,"height":680,"caption":"coche electrico mas barato 2023"},{"@type":"BreadcrumbList","@id":"https:\/\/www.clicars.com\/blog\/coches-eco\/sabes-cual-es-el-coche-electrico-mas-barato-de-2023\/#breadcrumb","itemListElement":[{"@type":"ListItem","position":1,"name":"Portada","item":"https:\/\/www.clicars.com\/blog\/"},{"@type":"ListItem","position":2,"name":"\u00bfSabes cu\u00e1l es el coche el\u00e9ctrico m\u00e1s barato de 2023?"}]},{"@type":"WebSite","@id":"https:\/\/www.clicars.com\/blog\/#website","url":"https:\/\/www.clicars.com\/blog\/","name":"Clicars","description":"Compra tu coche de Buena Mano sin moverte de casa","inLanguage":"es"},{"@type":"Person","@id":"https:\/\/www.clicars.com\/blog\/#\/schema\/person\/af686c41ba96962c68871392bf2bb62d","name":"Clicars","image":{"@type":"ImageObject","inLanguage":"es","@id":"https:\/\/www.clicars.com\/blog\/#\/schema\/person\/image\/","url":"https:\/\/secure.gravatar.com\/avatar\/3100622b0023049db14165cdba9dadaa9159743b871e83e440a0df9a70f80e56?s=96&d=mm&r=g","contentUrl":"https:\/\/secure.gravatar.com\/avatar\/3100622b0023049db14165cdba9dadaa9159743b871e83e440a0df9a70f80e56?s=96&d=mm&r=g","caption":"Clicars"},"sameAs":["https:\/\/www.clicars.com"],"url":"https:\/\/www.clicars.com\/blog\/author\/clicars\/"}]}},"_links":{"self":[{"href":"https:\/\/www.clicars.com\/blog\/wp-json\/wp\/v2\/posts\/11267","targetHints":{"allow":["GET"]}}],"collection":[{"href":"https:\/\/www.clicars.com\/blog\/wp-json\/wp\/v2\/posts"}],"about":[{"href":"https:\/\/www.clicars.com\/blog\/wp-json\/wp\/v2\/types\/post"}],"author":[{"embeddable":true,"href":"https:\/\/www.clicars.com\/blog\/wp-json\/wp\/v2\/users\/2"}],"replies":[{"embeddable":true,"href":"https:\/\/www.clicars.com\/blog\/wp-json\/wp\/v2\/comments?post=11267"}],"version-history":[{"count":1,"href":"https:\/\/www.clicars.com\/blog\/wp-json\/wp\/v2\/posts\/11267\/revisions"}],"predecessor-version":[{"id":11270,"href":"https:\/\/www.clicars.com\/blog\/wp-json\/wp\/v2\/posts\/11267\/revisions\/11270"}],"wp:featuredmedia":[{"embeddable":true,"href":"https:\/\/www.clicars.com\/blog\/wp-json\/wp\/v2\/media\/11268"}],"wp:attachment":[{"href":"https:\/\/www.clicars.com\/blog\/wp-json\/wp\/v2\/media?parent=11267"}],"wp:term":[{"taxonomy":"category","embeddable":true,"href":"https:\/\/www.clicars.com\/blog\/wp-json\/wp\/v2\/categories?post=11267"},{"taxonomy":"post_tag","embeddable":true,"href":"https:\/\/www.clicars.com\/blog\/wp-json\/wp\/v2\/tags?post=11267"}],"curies":[{"name":"wp","href":"https:\/\/api.w.org\/{rel}","templated":true}]}}