{"id":11323,"date":"2023-02-28T11:55:09","date_gmt":"2023-02-28T09:55:09","guid":{"rendered":"https:\/\/www.clicars.com\/blog\/?p=11323"},"modified":"2023-02-28T11:55:16","modified_gmt":"2023-02-28T09:55:16","slug":"entran-en-vigor-las-zonas-de-bajas-emisiones-en-150-municipios-de-espana","status":"publish","type":"post","link":"https:\/\/www.clicars.com\/blog\/actualidad\/entran-en-vigor-las-zonas-de-bajas-emisiones-en-150-municipios-de-espana\/","title":{"rendered":"Entran en vigor las zonas de bajas emisiones en 150 municipios de Espa\u00f1a"},"content":{"rendered":"<p><span style=\"font-weight: 400;\">El pasado 1 de enero de 2023 entr\u00f3 en vigor la normativa que obliga a los municipios espa\u00f1oles con m\u00e1s de 50.000 a implantar una <\/span><b>zona de bajas emisiones<\/b><span style=\"font-weight: 400;\"> y a los que superen los 20.000 habitantes pero que tengan unos valores contaminantes muy altos.<\/span><\/p>\n<p><span style=\"font-weight: 400;\"><img loading=\"lazy\" decoding=\"async\" class=\"size-full wp-image-10280 alignleft\" src=\"https:\/\/www.clicars.com\/blog\/wp-content\/uploads\/2022\/10\/i-nature.png\" alt=\"\" width=\"58\" height=\"57\" \/>Estos <\/span><b>150 municipios<\/b><span style=\"font-weight: 400;\"> contar\u00e1n con nuevas zonas de bajas emisiones que afectar\u00e1n a m\u00e1s de 25 millones de personas, lo que representa el 53% de la poblaci\u00f3n nacional. Estas <\/span><b>ZBE<\/b><span style=\"font-weight: 400;\"> limitar\u00e1n el acceso y la circulaci\u00f3n de veh\u00edculos sin etiqueta medioambiental, pero ser\u00e1n los propios ayuntamientos los que regulen el funcionamiento de estas \u00e1reas.<\/span><\/p>\n<p><span style=\"font-weight: 400;\">Estas nuevas limitaciones podr\u00e1n afectar a m\u00e1s de 4 millones de veh\u00edculos sin distintivo medioambiental de la Direcci\u00f3n General de Tr\u00e1fico. El <\/span><b>Real Decreto<\/b><span style=\"font-weight: 400;\"> se\u00f1ala que los municipios tendr\u00e1n que definir objetivos cuantificables de reducci\u00f3n de emisiones para 2030<\/span> <span style=\"font-weight: 400;\">y que sean coherentes con el <\/span><b>Plan Nacional Integrado de Energ\u00eda y Clima<\/b><span style=\"font-weight: 400;\"> para la reducci\u00f3n del uso del veh\u00edculo privado de motor frente al resto de modos de transporte.<\/span><\/p>\n<h2>C\u00f3mo funciona una Zona de Bajas Emisiones<\/h2>\n<p><span style=\"font-weight: 400;\"><img loading=\"lazy\" decoding=\"async\" class=\"size-full wp-image-10252 alignleft\" src=\"https:\/\/www.clicars.com\/blog\/wp-content\/uploads\/2022\/10\/i-world.png\" alt=\"\" width=\"59\" height=\"59\" \/>Las Zonas de Bajas Emisiones regulan y limitan el acceso a los veh\u00edculos seg\u00fan el tipo de etiqueta medioambiental. Este 2023 estas \u00e1reas limitan el acceso a los veh\u00edculos sin etiqueta medioambiental, aunque esto ir\u00e1 cambiando seg\u00fan avancen los a\u00f1os de aqu\u00ed a 2030.<\/span><\/p>\n<p><span style=\"font-weight: 400;\">Las Zonas de Bajas Emisiones tambi\u00e9n provocar\u00e1n cambios en las compras de veh\u00edculos con <\/span><b>etiqueta C, ECO<\/b><span style=\"font-weight: 400;\"> y completamente <\/span><b>el\u00e9ctricos.<\/b><\/p>\n<p><span style=\"font-weight: 400;\">Aneval, la Asociaci\u00f3n Nacional Empresarial de Veh\u00edculos de Alquiler, ha advertido que solo 20 de los 150 ayuntamientos afectados han iniciado los tr\u00e1mites para implantar la zona de bajas emisiones. Adem\u00e1s, dicha asociaci\u00f3n ha apremiado a la DGT para que se ponga en marcha \u201clo antes posible\u201d la plataforma que deber\u00e1 recoger las <\/span><b>ordenanzas municipales<\/b><span style=\"font-weight: 400;\"> de las ZBE.<\/span><\/p>\n<p><span style=\"font-weight: 400;\">Estas medidas afectar\u00e1n a las ciudades siendo Santa Cruz de Tenerife, Arrecife, San Crist\u00f3bal de la Laguna y Arona las que registran los porcentajes m\u00e1s altos seguidas de Ourense, Ponferrada y Le\u00f3n.<\/span><\/p>\n","protected":false},"excerpt":{"rendered":"<p>El pasado 1 de enero de 2023 entr\u00f3 en vigor la normativa que obliga a&#8230;<\/p>\n","protected":false},"author":2,"featured_media":11324,"comment_status":"closed","ping_status":"closed","sticky":false,"template":"","format":"standard","meta":{"footnotes":""},"categories":[5],"tags":[],"class_list":{"0":"post-11323","1":"post","2":"type-post","3":"status-publish","4":"format-standard","5":"has-post-thumbnail","7":"category-actualidad"},"yoast_head":"<!-- This site is optimized with the Yoast SEO plugin v26.8 - https:\/\/yoast.com\/product\/yoast-seo-wordpress\/ -->\n<title>Zonas de bajas emisiones en 150 municipios de Espa\u00f1a - Clicars Blog<\/title>\n<meta name=\"description\" content=\"Entran en vigor las zonas de bajas emisiones en 150 municipios de Espa\u00f1a. \u00bfQuieres saber qu\u00e9 municipios est\u00e1n afectados?\" \/>\n<meta name=\"robots\" content=\"index, follow, max-snippet:-1, max-image-preview:large, max-video-preview:-1\" \/>\n<link rel=\"canonical\" href=\"https:\/\/www.clicars.com\/blog\/actualidad\/entran-en-vigor-las-zonas-de-bajas-emisiones-en-150-municipios-de-espana\/\" \/>\n<meta property=\"og:locale\" content=\"es_ES\" \/>\n<meta property=\"og:type\" content=\"article\" \/>\n<meta property=\"og:title\" content=\"Zonas de bajas emisiones en 150 municipios de Espa\u00f1a - Clicars Blog\" \/>\n<meta property=\"og:description\" content=\"Entran en vigor las zonas de bajas emisiones en 150 municipios de Espa\u00f1a. \u00bfQuieres saber qu\u00e9 municipios est\u00e1n afectados?\" \/>\n<meta property=\"og:url\" content=\"https:\/\/www.clicars.com\/blog\/actualidad\/entran-en-vigor-las-zonas-de-bajas-emisiones-en-150-municipios-de-espana\/\" \/>\n<meta property=\"og:site_name\" content=\"Clicars\" \/>\n<meta property=\"article:published_time\" content=\"2023-02-28T09:55:09+00:00\" \/>\n<meta property=\"article:modified_time\" content=\"2023-02-28T09:55:16+00:00\" \/>\n<meta property=\"og:image\" content=\"https:\/\/www.clicars.com\/blog\/wp-content\/uploads\/2023\/02\/zonas-bajas-emisiones-municipios.jpg\" \/>\n\t<meta property=\"og:image:width\" content=\"980\" \/>\n\t<meta property=\"og:image:height\" content=\"653\" \/>\n\t<meta property=\"og:image:type\" content=\"image\/jpeg\" \/>\n<meta name=\"author\" content=\"Clicars\" \/>\n<meta name=\"twitter:card\" content=\"summary_large_image\" \/>\n<meta name=\"twitter:label1\" content=\"Escrito por\" \/>\n\t<meta name=\"twitter:data1\" content=\"Clicars\" \/>\n\t<meta name=\"twitter:label2\" content=\"Tiempo de lectura\" \/>\n\t<meta name=\"twitter:data2\" content=\"2 minutos\" \/>\n<script type=\"application\/ld+json\" class=\"yoast-schema-graph\">{\"@context\":\"https:\/\/schema.org\",\"@graph\":[{\"@type\":\"Article\",\"@id\":\"https:\/\/www.clicars.com\/blog\/actualidad\/entran-en-vigor-las-zonas-de-bajas-emisiones-en-150-municipios-de-espana\/#article\",\"isPartOf\":{\"@id\":\"https:\/\/www.clicars.com\/blog\/actualidad\/entran-en-vigor-las-zonas-de-bajas-emisiones-en-150-municipios-de-espana\/\"},\"author\":{\"name\":\"Clicars\",\"@id\":\"https:\/\/www.clicars.com\/blog\/#\/schema\/person\/af686c41ba96962c68871392bf2bb62d\"},\"headline\":\"Entran en vigor las zonas de bajas emisiones en 150 municipios de Espa\u00f1a\",\"datePublished\":\"2023-02-28T09:55:09+00:00\",\"dateModified\":\"2023-02-28T09:55:16+00:00\",\"mainEntityOfPage\":{\"@id\":\"https:\/\/www.clicars.com\/blog\/actualidad\/entran-en-vigor-las-zonas-de-bajas-emisiones-en-150-municipios-de-espana\/\"},\"wordCount\":369,\"image\":{\"@id\":\"https:\/\/www.clicars.com\/blog\/actualidad\/entran-en-vigor-las-zonas-de-bajas-emisiones-en-150-municipios-de-espana\/#primaryimage\"},\"thumbnailUrl\":\"https:\/\/www.clicars.com\/blog\/wp-content\/uploads\/2023\/02\/zonas-bajas-emisiones-municipios.jpg\",\"articleSection\":[\"Actualidad\"],\"inLanguage\":\"es\"},{\"@type\":[\"WebPage\",\"ItemPage\"],\"@id\":\"https:\/\/www.clicars.com\/blog\/actualidad\/entran-en-vigor-las-zonas-de-bajas-emisiones-en-150-municipios-de-espana\/\",\"url\":\"https:\/\/www.clicars.com\/blog\/actualidad\/entran-en-vigor-las-zonas-de-bajas-emisiones-en-150-municipios-de-espana\/\",\"name\":\"Zonas de bajas emisiones en 150 municipios de Espa\u00f1a - Clicars Blog\",\"isPartOf\":{\"@id\":\"https:\/\/www.clicars.com\/blog\/#website\"},\"primaryImageOfPage\":{\"@id\":\"https:\/\/www.clicars.com\/blog\/actualidad\/entran-en-vigor-las-zonas-de-bajas-emisiones-en-150-municipios-de-espana\/#primaryimage\"},\"image\":{\"@id\":\"https:\/\/www.clicars.com\/blog\/actualidad\/entran-en-vigor-las-zonas-de-bajas-emisiones-en-150-municipios-de-espana\/#primaryimage\"},\"thumbnailUrl\":\"https:\/\/www.clicars.com\/blog\/wp-content\/uploads\/2023\/02\/zonas-bajas-emisiones-municipios.jpg\",\"datePublished\":\"2023-02-28T09:55:09+00:00\",\"dateModified\":\"2023-02-28T09:55:16+00:00\",\"author\":{\"@id\":\"https:\/\/www.clicars.com\/blog\/#\/schema\/person\/af686c41ba96962c68871392bf2bb62d\"},\"description\":\"Entran en vigor las zonas de bajas emisiones en 150 municipios de Espa\u00f1a. \u00bfQuieres saber qu\u00e9 municipios est\u00e1n afectados?\",\"breadcrumb\":{\"@id\":\"https:\/\/www.clicars.com\/blog\/actualidad\/entran-en-vigor-las-zonas-de-bajas-emisiones-en-150-municipios-de-espana\/#breadcrumb\"},\"inLanguage\":\"es\",\"potentialAction\":[{\"@type\":\"ReadAction\",\"target\":[\"https:\/\/www.clicars.com\/blog\/actualidad\/entran-en-vigor-las-zonas-de-bajas-emisiones-en-150-municipios-de-espana\/\"]}]},{\"@type\":\"ImageObject\",\"inLanguage\":\"es\",\"@id\":\"https:\/\/www.clicars.com\/blog\/actualidad\/entran-en-vigor-las-zonas-de-bajas-emisiones-en-150-municipios-de-espana\/#primaryimage\",\"url\":\"https:\/\/www.clicars.com\/blog\/wp-content\/uploads\/2023\/02\/zonas-bajas-emisiones-municipios.jpg\",\"contentUrl\":\"https:\/\/www.clicars.com\/blog\/wp-content\/uploads\/2023\/02\/zonas-bajas-emisiones-municipios.jpg\",\"width\":980,\"height\":653,\"caption\":\"zonas bajas emisiones municipios\"},{\"@type\":\"BreadcrumbList\",\"@id\":\"https:\/\/www.clicars.com\/blog\/actualidad\/entran-en-vigor-las-zonas-de-bajas-emisiones-en-150-municipios-de-espana\/#breadcrumb\",\"itemListElement\":[{\"@type\":\"ListItem\",\"position\":1,\"name\":\"Portada\",\"item\":\"https:\/\/www.clicars.com\/blog\/\"},{\"@type\":\"ListItem\",\"position\":2,\"name\":\"Entran en vigor las zonas de bajas emisiones en 150 municipios de Espa\u00f1a\"}]},{\"@type\":\"WebSite\",\"@id\":\"https:\/\/www.clicars.com\/blog\/#website\",\"url\":\"https:\/\/www.clicars.com\/blog\/\",\"name\":\"Clicars\",\"description\":\"Compra tu coche de Buena Mano sin moverte de casa\",\"inLanguage\":\"es\"},{\"@type\":\"Person\",\"@id\":\"https:\/\/www.clicars.com\/blog\/#\/schema\/person\/af686c41ba96962c68871392bf2bb62d\",\"name\":\"Clicars\",\"image\":{\"@type\":\"ImageObject\",\"inLanguage\":\"es\",\"@id\":\"https:\/\/www.clicars.com\/blog\/#\/schema\/person\/image\/\",\"url\":\"https:\/\/secure.gravatar.com\/avatar\/3100622b0023049db14165cdba9dadaa9159743b871e83e440a0df9a70f80e56?s=96&d=mm&r=g\",\"contentUrl\":\"https:\/\/secure.gravatar.com\/avatar\/3100622b0023049db14165cdba9dadaa9159743b871e83e440a0df9a70f80e56?s=96&d=mm&r=g\",\"caption\":\"Clicars\"},\"sameAs\":[\"https:\/\/www.clicars.com\"],\"url\":\"https:\/\/www.clicars.com\/blog\/author\/clicars\/\"}]}<\/script>\n<!-- \/ Yoast SEO plugin. -->","yoast_head_json":{"title":"Zonas de bajas emisiones en 150 municipios de Espa\u00f1a - Clicars Blog","description":"Entran en vigor las zonas de bajas emisiones en 150 municipios de Espa\u00f1a. \u00bfQuieres saber qu\u00e9 municipios est\u00e1n afectados?","robots":{"index":"index","follow":"follow","max-snippet":"max-snippet:-1","max-image-preview":"max-image-preview:large","max-video-preview":"max-video-preview:-1"},"canonical":"https:\/\/www.clicars.com\/blog\/actualidad\/entran-en-vigor-las-zonas-de-bajas-emisiones-en-150-municipios-de-espana\/","og_locale":"es_ES","og_type":"article","og_title":"Zonas de bajas emisiones en 150 municipios de Espa\u00f1a - Clicars Blog","og_description":"Entran en vigor las zonas de bajas emisiones en 150 municipios de Espa\u00f1a. \u00bfQuieres saber qu\u00e9 municipios est\u00e1n afectados?","og_url":"https:\/\/www.clicars.com\/blog\/actualidad\/entran-en-vigor-las-zonas-de-bajas-emisiones-en-150-municipios-de-espana\/","og_site_name":"Clicars","article_published_time":"2023-02-28T09:55:09+00:00","article_modified_time":"2023-02-28T09:55:16+00:00","og_image":[{"width":980,"height":653,"url":"https:\/\/www.clicars.com\/blog\/wp-content\/uploads\/2023\/02\/zonas-bajas-emisiones-municipios.jpg","type":"image\/jpeg"}],"author":"Clicars","twitter_card":"summary_large_image","twitter_misc":{"Escrito por":"Clicars","Tiempo de lectura":"2 minutos"},"schema":{"@context":"https:\/\/schema.org","@graph":[{"@type":"Article","@id":"https:\/\/www.clicars.com\/blog\/actualidad\/entran-en-vigor-las-zonas-de-bajas-emisiones-en-150-municipios-de-espana\/#article","isPartOf":{"@id":"https:\/\/www.clicars.com\/blog\/actualidad\/entran-en-vigor-las-zonas-de-bajas-emisiones-en-150-municipios-de-espana\/"},"author":{"name":"Clicars","@id":"https:\/\/www.clicars.com\/blog\/#\/schema\/person\/af686c41ba96962c68871392bf2bb62d"},"headline":"Entran en vigor las zonas de bajas emisiones en 150 municipios de Espa\u00f1a","datePublished":"2023-02-28T09:55:09+00:00","dateModified":"2023-02-28T09:55:16+00:00","mainEntityOfPage":{"@id":"https:\/\/www.clicars.com\/blog\/actualidad\/entran-en-vigor-las-zonas-de-bajas-emisiones-en-150-municipios-de-espana\/"},"wordCount":369,"image":{"@id":"https:\/\/www.clicars.com\/blog\/actualidad\/entran-en-vigor-las-zonas-de-bajas-emisiones-en-150-municipios-de-espana\/#primaryimage"},"thumbnailUrl":"https:\/\/www.clicars.com\/blog\/wp-content\/uploads\/2023\/02\/zonas-bajas-emisiones-municipios.jpg","articleSection":["Actualidad"],"inLanguage":"es"},{"@type":["WebPage","ItemPage"],"@id":"https:\/\/www.clicars.com\/blog\/actualidad\/entran-en-vigor-las-zonas-de-bajas-emisiones-en-150-municipios-de-espana\/","url":"https:\/\/www.clicars.com\/blog\/actualidad\/entran-en-vigor-las-zonas-de-bajas-emisiones-en-150-municipios-de-espana\/","name":"Zonas de bajas emisiones en 150 municipios de Espa\u00f1a - Clicars Blog","isPartOf":{"@id":"https:\/\/www.clicars.com\/blog\/#website"},"primaryImageOfPage":{"@id":"https:\/\/www.clicars.com\/blog\/actualidad\/entran-en-vigor-las-zonas-de-bajas-emisiones-en-150-municipios-de-espana\/#primaryimage"},"image":{"@id":"https:\/\/www.clicars.com\/blog\/actualidad\/entran-en-vigor-las-zonas-de-bajas-emisiones-en-150-municipios-de-espana\/#primaryimage"},"thumbnailUrl":"https:\/\/www.clicars.com\/blog\/wp-content\/uploads\/2023\/02\/zonas-bajas-emisiones-municipios.jpg","datePublished":"2023-02-28T09:55:09+00:00","dateModified":"2023-02-28T09:55:16+00:00","author":{"@id":"https:\/\/www.clicars.com\/blog\/#\/schema\/person\/af686c41ba96962c68871392bf2bb62d"},"description":"Entran en vigor las zonas de bajas emisiones en 150 municipios de Espa\u00f1a. \u00bfQuieres saber qu\u00e9 municipios est\u00e1n afectados?","breadcrumb":{"@id":"https:\/\/www.clicars.com\/blog\/actualidad\/entran-en-vigor-las-zonas-de-bajas-emisiones-en-150-municipios-de-espana\/#breadcrumb"},"inLanguage":"es","potentialAction":[{"@type":"ReadAction","target":["https:\/\/www.clicars.com\/blog\/actualidad\/entran-en-vigor-las-zonas-de-bajas-emisiones-en-150-municipios-de-espana\/"]}]},{"@type":"ImageObject","inLanguage":"es","@id":"https:\/\/www.clicars.com\/blog\/actualidad\/entran-en-vigor-las-zonas-de-bajas-emisiones-en-150-municipios-de-espana\/#primaryimage","url":"https:\/\/www.clicars.com\/blog\/wp-content\/uploads\/2023\/02\/zonas-bajas-emisiones-municipios.jpg","contentUrl":"https:\/\/www.clicars.com\/blog\/wp-content\/uploads\/2023\/02\/zonas-bajas-emisiones-municipios.jpg","width":980,"height":653,"caption":"zonas bajas emisiones municipios"},{"@type":"BreadcrumbList","@id":"https:\/\/www.clicars.com\/blog\/actualidad\/entran-en-vigor-las-zonas-de-bajas-emisiones-en-150-municipios-de-espana\/#breadcrumb","itemListElement":[{"@type":"ListItem","position":1,"name":"Portada","item":"https:\/\/www.clicars.com\/blog\/"},{"@type":"ListItem","position":2,"name":"Entran en vigor las zonas de bajas emisiones en 150 municipios de Espa\u00f1a"}]},{"@type":"WebSite","@id":"https:\/\/www.clicars.com\/blog\/#website","url":"https:\/\/www.clicars.com\/blog\/","name":"Clicars","description":"Compra tu coche de Buena Mano sin moverte de casa","inLanguage":"es"},{"@type":"Person","@id":"https:\/\/www.clicars.com\/blog\/#\/schema\/person\/af686c41ba96962c68871392bf2bb62d","name":"Clicars","image":{"@type":"ImageObject","inLanguage":"es","@id":"https:\/\/www.clicars.com\/blog\/#\/schema\/person\/image\/","url":"https:\/\/secure.gravatar.com\/avatar\/3100622b0023049db14165cdba9dadaa9159743b871e83e440a0df9a70f80e56?s=96&d=mm&r=g","contentUrl":"https:\/\/secure.gravatar.com\/avatar\/3100622b0023049db14165cdba9dadaa9159743b871e83e440a0df9a70f80e56?s=96&d=mm&r=g","caption":"Clicars"},"sameAs":["https:\/\/www.clicars.com"],"url":"https:\/\/www.clicars.com\/blog\/author\/clicars\/"}]}},"_links":{"self":[{"href":"https:\/\/www.clicars.com\/blog\/wp-json\/wp\/v2\/posts\/11323","targetHints":{"allow":["GET"]}}],"collection":[{"href":"https:\/\/www.clicars.com\/blog\/wp-json\/wp\/v2\/posts"}],"about":[{"href":"https:\/\/www.clicars.com\/blog\/wp-json\/wp\/v2\/types\/post"}],"author":[{"embeddable":true,"href":"https:\/\/www.clicars.com\/blog\/wp-json\/wp\/v2\/users\/2"}],"replies":[{"embeddable":true,"href":"https:\/\/www.clicars.com\/blog\/wp-json\/wp\/v2\/comments?post=11323"}],"version-history":[{"count":1,"href":"https:\/\/www.clicars.com\/blog\/wp-json\/wp\/v2\/posts\/11323\/revisions"}],"predecessor-version":[{"id":11325,"href":"https:\/\/www.clicars.com\/blog\/wp-json\/wp\/v2\/posts\/11323\/revisions\/11325"}],"wp:featuredmedia":[{"embeddable":true,"href":"https:\/\/www.clicars.com\/blog\/wp-json\/wp\/v2\/media\/11324"}],"wp:attachment":[{"href":"https:\/\/www.clicars.com\/blog\/wp-json\/wp\/v2\/media?parent=11323"}],"wp:term":[{"taxonomy":"category","embeddable":true,"href":"https:\/\/www.clicars.com\/blog\/wp-json\/wp\/v2\/categories?post=11323"},{"taxonomy":"post_tag","embeddable":true,"href":"https:\/\/www.clicars.com\/blog\/wp-json\/wp\/v2\/tags?post=11323"}],"curies":[{"name":"wp","href":"https:\/\/api.w.org\/{rel}","templated":true}]}}