{"id":11339,"date":"2023-03-03T10:32:38","date_gmt":"2023-03-03T08:32:38","guid":{"rendered":"https:\/\/www.clicars.com\/blog\/?p=11339"},"modified":"2023-03-03T10:32:38","modified_gmt":"2023-03-03T08:32:38","slug":"cuanto-durara-la-bateria-de-tu-coche-electrico-vida-util","status":"publish","type":"post","link":"https:\/\/www.clicars.com\/blog\/coches-eco\/cuanto-durara-la-bateria-de-tu-coche-electrico-vida-util\/","title":{"rendered":"\u00bfCu\u00e1nto durar\u00e1 la bater\u00eda de tu coche el\u00e9ctrico?"},"content":{"rendered":"<p><span style=\"font-weight: 400;\">Cada vez son m\u00e1s los coches el\u00e9ctricos que est\u00e1n llegando al mercado, incluso al mercado de segunda mano. La ansiedad por la autonom\u00eda se est\u00e1 empezando a reducir, pero surge una nueva pregunta, \u00bfcu\u00e1nto dura la <\/span><b>bater\u00eda de los coches el\u00e9ctricos<\/b><span style=\"font-weight: 400;\">? Es una pregunta entendible ya que reemplazar este elemento del veh\u00edculo es bastante caro.<\/span><span style=\"font-weight: 400;\">\u00a0<\/span><\/p>\n<p><span style=\"font-weight: 400;\">Hasta ahora, la <strong>vida \u00fatil de las bater\u00edas de los coches el\u00e9ctricos<\/strong> se sit\u00faa alrededor de unos <\/span><b>200.000 kil\u00f3metros<\/b><span style=\"font-weight: 400;\"> o unos ocho a\u00f1os, aunque es cierto que un mantenimiento adecuado puede ayudar a prolongar este tiempo.<\/span><\/p>\n<p><span style=\"font-weight: 400;\">Antes de entrar en materia, debes conocer algunos conceptos b\u00e1sicos de las bater\u00edas de los coches el\u00e9ctricos. Normalmente, est\u00e1n compuestas de iones de litio y est\u00e1n divididas en celdas individuales. Esta capacidad se mide en <\/span><b>kilovatios-hora (kWh<\/b><span style=\"font-weight: 400;\">); un mayor n\u00famero de kilovatios, puede indicar una mayor autonom\u00eda.<\/span><\/p>\n\n<h2><b>\u00bfC\u00f3mo afectan los ciclos de carga a la vida \u00fatil de las bater\u00edas?<\/b><\/h2>\n<p><span style=\"font-weight: 400;\">Un <\/span><b>ciclo de carga<\/b><span style=\"font-weight: 400;\"> es un proceso de carga y descarga de la bater\u00eda. La repetici\u00f3n de estos ciclos de carga puede llevar a la degradaci\u00f3n de la bater\u00eda con el paso del tiempo ya que este proceso puede llegar a disminuir la cantidad de energ\u00eda que puede contener la bater\u00eda y, por tanto, aumenta el tiempo de recarga.<\/span><\/p>\n<p><img loading=\"lazy\" decoding=\"async\" class=\"aligncenter wp-image-11341 size-full\" src=\"https:\/\/www.clicars.com\/blog\/wp-content\/uploads\/2023\/03\/vida-util-bateria-coche-electrico.jpg\" alt=\"vida util bateria coche electrico\" width=\"908\" height=\"681\" srcset=\"https:\/\/www.clicars.com\/blog\/wp-content\/uploads\/2023\/03\/vida-util-bateria-coche-electrico.jpg 908w, https:\/\/www.clicars.com\/blog\/wp-content\/uploads\/2023\/03\/vida-util-bateria-coche-electrico-300x225.jpg 300w, https:\/\/www.clicars.com\/blog\/wp-content\/uploads\/2023\/03\/vida-util-bateria-coche-electrico-768x576.jpg 768w\" sizes=\"auto, (max-width: 908px) 100vw, 908px\" \/><\/p>\n<p><span style=\"font-weight: 400;\">El <\/span><b>calor y el fr\u00edo<\/b><span style=\"font-weight: 400;\"> afectan notablemente a la vida \u00fatil de las bater\u00edas de los coches el\u00e9ctricos, motivo por el cual los coches el\u00e9ctricos equipan paquetes de refrigeraci\u00f3n por l\u00edquido. No obstante, en las zonas m\u00e1s c\u00e1lidas, las bater\u00edas sufrir\u00e1n algo m\u00e1s. Otro de los aspectos que afecta a la vida \u00fatil de las bater\u00edas son las recargas en estaciones de carga r\u00e1pida. Estos procesos generan calor en la bater\u00eda y a largo plazo se puede ver afectada.<\/span><\/p>\n<p><span style=\"font-weight: 400;\">Los fabricantes recomiendan que la bater\u00eda siempre se encuentre entre el 20 y el 80% de su capacidad. Con todos estos datos, podemos decir que la vida \u00fatil de las bater\u00edas de los coches el\u00e9ctricos puede estar limitada a unos <\/span><b>3.000 ciclos de carga.<\/b><\/p>\n<h2><b>Vida \u00fatil de las bater\u00edas, \u00bfqu\u00e9 debes saber?<\/b><\/h2>\n<p><span style=\"font-weight: 400;\">Antes de llevarte las manos a la cabeza debes saber que existen fabricantes que han protegido a sus bater\u00edas de por vida como es el caso de<\/span><a href=\"https:\/\/www.clicars.com\/coches-segunda-mano-ocasion\/hyundai\/electrico\"> <span style=\"font-weight: 400;\">Hyundai<\/span><\/a><span style=\"font-weight: 400;\">. No obstante, antes de adquirir un coche el\u00e9ctrico, es recomendable revisar todos los apartados de la garant\u00eda.<\/span><\/p>\n<p><span style=\"font-weight: 400;\">Este problema no lo tendr\u00e1s en<\/span><b> Clicars<\/b><span style=\"font-weight: 400;\"> si eliges uno de los<\/span><a href=\"https:\/\/www.clicars.com\/coches-segunda-mano-ocasion\/electrico\"> <span style=\"font-weight: 400;\">coches el\u00e9ctricos de segunda mano<\/span><\/a><span style=\"font-weight: 400;\"> que est\u00e1n disponibles en nuestro cat\u00e1logo ya que todas nuestras unidades est\u00e1n revisadas y comprobadas. Adem\u00e1s, podr\u00e1s ver la salud de la bater\u00eda de estos veh\u00edculos, para que tengas toda la informaci\u00f3n sobre tu futuro coche.<\/span><\/p>\n","protected":false},"excerpt":{"rendered":"<p>Cada vez son m\u00e1s los coches el\u00e9ctricos que est\u00e1n llegando al mercado, incluso al mercado&#8230;<\/p>\n","protected":false},"author":2,"featured_media":11340,"comment_status":"closed","ping_status":"closed","sticky":false,"template":"","format":"standard","meta":{"footnotes":""},"categories":[828],"tags":[],"class_list":{"0":"post-11339","1":"post","2":"type-post","3":"status-publish","4":"format-standard","5":"has-post-thumbnail","7":"category-coches-eco"},"yoast_head":"<!-- This site is optimized with the Yoast SEO plugin v26.8 - https:\/\/yoast.com\/product\/yoast-seo-wordpress\/ -->\n<title>\u00bfCu\u00e1nto durar\u00e1 la bater\u00eda de tu coche el\u00e9ctrico? - Clicars Blog<\/title>\n<meta name=\"description\" content=\"La vida \u00fatil de las bater\u00edas de los coches el\u00e9ctricos es limitada. \u00bfSabes cu\u00e1ntos a\u00f1os puedes disfrutar de la bater\u00eda de un coche el\u00e9ctrico?\" \/>\n<meta name=\"robots\" content=\"index, follow, max-snippet:-1, max-image-preview:large, max-video-preview:-1\" \/>\n<link rel=\"canonical\" href=\"https:\/\/www.clicars.com\/blog\/coches-eco\/cuanto-durara-la-bateria-de-tu-coche-electrico-vida-util\/\" \/>\n<meta property=\"og:locale\" content=\"es_ES\" \/>\n<meta property=\"og:type\" content=\"article\" \/>\n<meta property=\"og:title\" content=\"\u00bfCu\u00e1nto durar\u00e1 la bater\u00eda de tu coche el\u00e9ctrico? - Clicars Blog\" \/>\n<meta property=\"og:description\" content=\"La vida \u00fatil de las bater\u00edas de los coches el\u00e9ctricos es limitada. \u00bfSabes cu\u00e1ntos a\u00f1os puedes disfrutar de la bater\u00eda de un coche el\u00e9ctrico?\" \/>\n<meta property=\"og:url\" content=\"https:\/\/www.clicars.com\/blog\/coches-eco\/cuanto-durara-la-bateria-de-tu-coche-electrico-vida-util\/\" \/>\n<meta property=\"og:site_name\" content=\"Clicars\" \/>\n<meta property=\"article:published_time\" content=\"2023-03-03T08:32:38+00:00\" \/>\n<meta property=\"og:image\" content=\"https:\/\/www.clicars.com\/blog\/wp-content\/uploads\/2023\/03\/cuanto-dura-la-bateria-de-un-coche-electrico-2.jpg\" \/>\n\t<meta property=\"og:image:width\" content=\"908\" \/>\n\t<meta property=\"og:image:height\" content=\"695\" \/>\n\t<meta property=\"og:image:type\" content=\"image\/jpeg\" \/>\n<meta name=\"author\" content=\"Clicars\" \/>\n<meta name=\"twitter:card\" content=\"summary_large_image\" \/>\n<meta name=\"twitter:label1\" content=\"Escrito por\" \/>\n\t<meta name=\"twitter:data1\" content=\"Clicars\" \/>\n\t<meta name=\"twitter:label2\" content=\"Tiempo de lectura\" \/>\n\t<meta name=\"twitter:data2\" content=\"3 minutos\" \/>\n<script type=\"application\/ld+json\" class=\"yoast-schema-graph\">{\"@context\":\"https:\/\/schema.org\",\"@graph\":[{\"@type\":\"Article\",\"@id\":\"https:\/\/www.clicars.com\/blog\/coches-eco\/cuanto-durara-la-bateria-de-tu-coche-electrico-vida-util\/#article\",\"isPartOf\":{\"@id\":\"https:\/\/www.clicars.com\/blog\/coches-eco\/cuanto-durara-la-bateria-de-tu-coche-electrico-vida-util\/\"},\"author\":{\"name\":\"Clicars\",\"@id\":\"https:\/\/www.clicars.com\/blog\/#\/schema\/person\/af686c41ba96962c68871392bf2bb62d\"},\"headline\":\"\u00bfCu\u00e1nto durar\u00e1 la bater\u00eda de tu coche el\u00e9ctrico?\",\"datePublished\":\"2023-03-03T08:32:38+00:00\",\"mainEntityOfPage\":{\"@id\":\"https:\/\/www.clicars.com\/blog\/coches-eco\/cuanto-durara-la-bateria-de-tu-coche-electrico-vida-util\/\"},\"wordCount\":506,\"image\":{\"@id\":\"https:\/\/www.clicars.com\/blog\/coches-eco\/cuanto-durara-la-bateria-de-tu-coche-electrico-vida-util\/#primaryimage\"},\"thumbnailUrl\":\"https:\/\/www.clicars.com\/blog\/wp-content\/uploads\/2023\/03\/cuanto-dura-la-bateria-de-un-coche-electrico-2.jpg\",\"articleSection\":[\"Coches ECO\"],\"inLanguage\":\"es\"},{\"@type\":[\"WebPage\",\"ItemPage\"],\"@id\":\"https:\/\/www.clicars.com\/blog\/coches-eco\/cuanto-durara-la-bateria-de-tu-coche-electrico-vida-util\/\",\"url\":\"https:\/\/www.clicars.com\/blog\/coches-eco\/cuanto-durara-la-bateria-de-tu-coche-electrico-vida-util\/\",\"name\":\"\u00bfCu\u00e1nto durar\u00e1 la bater\u00eda de tu coche el\u00e9ctrico? - Clicars Blog\",\"isPartOf\":{\"@id\":\"https:\/\/www.clicars.com\/blog\/#website\"},\"primaryImageOfPage\":{\"@id\":\"https:\/\/www.clicars.com\/blog\/coches-eco\/cuanto-durara-la-bateria-de-tu-coche-electrico-vida-util\/#primaryimage\"},\"image\":{\"@id\":\"https:\/\/www.clicars.com\/blog\/coches-eco\/cuanto-durara-la-bateria-de-tu-coche-electrico-vida-util\/#primaryimage\"},\"thumbnailUrl\":\"https:\/\/www.clicars.com\/blog\/wp-content\/uploads\/2023\/03\/cuanto-dura-la-bateria-de-un-coche-electrico-2.jpg\",\"datePublished\":\"2023-03-03T08:32:38+00:00\",\"author\":{\"@id\":\"https:\/\/www.clicars.com\/blog\/#\/schema\/person\/af686c41ba96962c68871392bf2bb62d\"},\"description\":\"La vida \u00fatil de las bater\u00edas de los coches el\u00e9ctricos es limitada. \u00bfSabes cu\u00e1ntos a\u00f1os puedes disfrutar de la bater\u00eda de un coche el\u00e9ctrico?\",\"breadcrumb\":{\"@id\":\"https:\/\/www.clicars.com\/blog\/coches-eco\/cuanto-durara-la-bateria-de-tu-coche-electrico-vida-util\/#breadcrumb\"},\"inLanguage\":\"es\",\"potentialAction\":[{\"@type\":\"ReadAction\",\"target\":[\"https:\/\/www.clicars.com\/blog\/coches-eco\/cuanto-durara-la-bateria-de-tu-coche-electrico-vida-util\/\"]}]},{\"@type\":\"ImageObject\",\"inLanguage\":\"es\",\"@id\":\"https:\/\/www.clicars.com\/blog\/coches-eco\/cuanto-durara-la-bateria-de-tu-coche-electrico-vida-util\/#primaryimage\",\"url\":\"https:\/\/www.clicars.com\/blog\/wp-content\/uploads\/2023\/03\/cuanto-dura-la-bateria-de-un-coche-electrico-2.jpg\",\"contentUrl\":\"https:\/\/www.clicars.com\/blog\/wp-content\/uploads\/2023\/03\/cuanto-dura-la-bateria-de-un-coche-electrico-2.jpg\",\"width\":908,\"height\":695,\"caption\":\"cuanto dura la bateria de un coche electrico\"},{\"@type\":\"BreadcrumbList\",\"@id\":\"https:\/\/www.clicars.com\/blog\/coches-eco\/cuanto-durara-la-bateria-de-tu-coche-electrico-vida-util\/#breadcrumb\",\"itemListElement\":[{\"@type\":\"ListItem\",\"position\":1,\"name\":\"Portada\",\"item\":\"https:\/\/www.clicars.com\/blog\/\"},{\"@type\":\"ListItem\",\"position\":2,\"name\":\"\u00bfCu\u00e1nto durar\u00e1 la bater\u00eda de tu coche el\u00e9ctrico?\"}]},{\"@type\":\"WebSite\",\"@id\":\"https:\/\/www.clicars.com\/blog\/#website\",\"url\":\"https:\/\/www.clicars.com\/blog\/\",\"name\":\"Clicars\",\"description\":\"Compra tu coche de Buena Mano sin moverte de casa\",\"inLanguage\":\"es\"},{\"@type\":\"Person\",\"@id\":\"https:\/\/www.clicars.com\/blog\/#\/schema\/person\/af686c41ba96962c68871392bf2bb62d\",\"name\":\"Clicars\",\"image\":{\"@type\":\"ImageObject\",\"inLanguage\":\"es\",\"@id\":\"https:\/\/www.clicars.com\/blog\/#\/schema\/person\/image\/\",\"url\":\"https:\/\/secure.gravatar.com\/avatar\/3100622b0023049db14165cdba9dadaa9159743b871e83e440a0df9a70f80e56?s=96&d=mm&r=g\",\"contentUrl\":\"https:\/\/secure.gravatar.com\/avatar\/3100622b0023049db14165cdba9dadaa9159743b871e83e440a0df9a70f80e56?s=96&d=mm&r=g\",\"caption\":\"Clicars\"},\"sameAs\":[\"https:\/\/www.clicars.com\"],\"url\":\"https:\/\/www.clicars.com\/blog\/author\/clicars\/\"}]}<\/script>\n<!-- \/ Yoast SEO plugin. -->","yoast_head_json":{"title":"\u00bfCu\u00e1nto durar\u00e1 la bater\u00eda de tu coche el\u00e9ctrico? - Clicars Blog","description":"La vida \u00fatil de las bater\u00edas de los coches el\u00e9ctricos es limitada. \u00bfSabes cu\u00e1ntos a\u00f1os puedes disfrutar de la bater\u00eda de un coche el\u00e9ctrico?","robots":{"index":"index","follow":"follow","max-snippet":"max-snippet:-1","max-image-preview":"max-image-preview:large","max-video-preview":"max-video-preview:-1"},"canonical":"https:\/\/www.clicars.com\/blog\/coches-eco\/cuanto-durara-la-bateria-de-tu-coche-electrico-vida-util\/","og_locale":"es_ES","og_type":"article","og_title":"\u00bfCu\u00e1nto durar\u00e1 la bater\u00eda de tu coche el\u00e9ctrico? - Clicars Blog","og_description":"La vida \u00fatil de las bater\u00edas de los coches el\u00e9ctricos es limitada. \u00bfSabes cu\u00e1ntos a\u00f1os puedes disfrutar de la bater\u00eda de un coche el\u00e9ctrico?","og_url":"https:\/\/www.clicars.com\/blog\/coches-eco\/cuanto-durara-la-bateria-de-tu-coche-electrico-vida-util\/","og_site_name":"Clicars","article_published_time":"2023-03-03T08:32:38+00:00","og_image":[{"width":908,"height":695,"url":"https:\/\/www.clicars.com\/blog\/wp-content\/uploads\/2023\/03\/cuanto-dura-la-bateria-de-un-coche-electrico-2.jpg","type":"image\/jpeg"}],"author":"Clicars","twitter_card":"summary_large_image","twitter_misc":{"Escrito por":"Clicars","Tiempo de lectura":"3 minutos"},"schema":{"@context":"https:\/\/schema.org","@graph":[{"@type":"Article","@id":"https:\/\/www.clicars.com\/blog\/coches-eco\/cuanto-durara-la-bateria-de-tu-coche-electrico-vida-util\/#article","isPartOf":{"@id":"https:\/\/www.clicars.com\/blog\/coches-eco\/cuanto-durara-la-bateria-de-tu-coche-electrico-vida-util\/"},"author":{"name":"Clicars","@id":"https:\/\/www.clicars.com\/blog\/#\/schema\/person\/af686c41ba96962c68871392bf2bb62d"},"headline":"\u00bfCu\u00e1nto durar\u00e1 la bater\u00eda de tu coche el\u00e9ctrico?","datePublished":"2023-03-03T08:32:38+00:00","mainEntityOfPage":{"@id":"https:\/\/www.clicars.com\/blog\/coches-eco\/cuanto-durara-la-bateria-de-tu-coche-electrico-vida-util\/"},"wordCount":506,"image":{"@id":"https:\/\/www.clicars.com\/blog\/coches-eco\/cuanto-durara-la-bateria-de-tu-coche-electrico-vida-util\/#primaryimage"},"thumbnailUrl":"https:\/\/www.clicars.com\/blog\/wp-content\/uploads\/2023\/03\/cuanto-dura-la-bateria-de-un-coche-electrico-2.jpg","articleSection":["Coches ECO"],"inLanguage":"es"},{"@type":["WebPage","ItemPage"],"@id":"https:\/\/www.clicars.com\/blog\/coches-eco\/cuanto-durara-la-bateria-de-tu-coche-electrico-vida-util\/","url":"https:\/\/www.clicars.com\/blog\/coches-eco\/cuanto-durara-la-bateria-de-tu-coche-electrico-vida-util\/","name":"\u00bfCu\u00e1nto durar\u00e1 la bater\u00eda de tu coche el\u00e9ctrico? - Clicars Blog","isPartOf":{"@id":"https:\/\/www.clicars.com\/blog\/#website"},"primaryImageOfPage":{"@id":"https:\/\/www.clicars.com\/blog\/coches-eco\/cuanto-durara-la-bateria-de-tu-coche-electrico-vida-util\/#primaryimage"},"image":{"@id":"https:\/\/www.clicars.com\/blog\/coches-eco\/cuanto-durara-la-bateria-de-tu-coche-electrico-vida-util\/#primaryimage"},"thumbnailUrl":"https:\/\/www.clicars.com\/blog\/wp-content\/uploads\/2023\/03\/cuanto-dura-la-bateria-de-un-coche-electrico-2.jpg","datePublished":"2023-03-03T08:32:38+00:00","author":{"@id":"https:\/\/www.clicars.com\/blog\/#\/schema\/person\/af686c41ba96962c68871392bf2bb62d"},"description":"La vida \u00fatil de las bater\u00edas de los coches el\u00e9ctricos es limitada. \u00bfSabes cu\u00e1ntos a\u00f1os puedes disfrutar de la bater\u00eda de un coche el\u00e9ctrico?","breadcrumb":{"@id":"https:\/\/www.clicars.com\/blog\/coches-eco\/cuanto-durara-la-bateria-de-tu-coche-electrico-vida-util\/#breadcrumb"},"inLanguage":"es","potentialAction":[{"@type":"ReadAction","target":["https:\/\/www.clicars.com\/blog\/coches-eco\/cuanto-durara-la-bateria-de-tu-coche-electrico-vida-util\/"]}]},{"@type":"ImageObject","inLanguage":"es","@id":"https:\/\/www.clicars.com\/blog\/coches-eco\/cuanto-durara-la-bateria-de-tu-coche-electrico-vida-util\/#primaryimage","url":"https:\/\/www.clicars.com\/blog\/wp-content\/uploads\/2023\/03\/cuanto-dura-la-bateria-de-un-coche-electrico-2.jpg","contentUrl":"https:\/\/www.clicars.com\/blog\/wp-content\/uploads\/2023\/03\/cuanto-dura-la-bateria-de-un-coche-electrico-2.jpg","width":908,"height":695,"caption":"cuanto dura la bateria de un coche electrico"},{"@type":"BreadcrumbList","@id":"https:\/\/www.clicars.com\/blog\/coches-eco\/cuanto-durara-la-bateria-de-tu-coche-electrico-vida-util\/#breadcrumb","itemListElement":[{"@type":"ListItem","position":1,"name":"Portada","item":"https:\/\/www.clicars.com\/blog\/"},{"@type":"ListItem","position":2,"name":"\u00bfCu\u00e1nto durar\u00e1 la bater\u00eda de tu coche el\u00e9ctrico?"}]},{"@type":"WebSite","@id":"https:\/\/www.clicars.com\/blog\/#website","url":"https:\/\/www.clicars.com\/blog\/","name":"Clicars","description":"Compra tu coche de Buena Mano sin moverte de casa","inLanguage":"es"},{"@type":"Person","@id":"https:\/\/www.clicars.com\/blog\/#\/schema\/person\/af686c41ba96962c68871392bf2bb62d","name":"Clicars","image":{"@type":"ImageObject","inLanguage":"es","@id":"https:\/\/www.clicars.com\/blog\/#\/schema\/person\/image\/","url":"https:\/\/secure.gravatar.com\/avatar\/3100622b0023049db14165cdba9dadaa9159743b871e83e440a0df9a70f80e56?s=96&d=mm&r=g","contentUrl":"https:\/\/secure.gravatar.com\/avatar\/3100622b0023049db14165cdba9dadaa9159743b871e83e440a0df9a70f80e56?s=96&d=mm&r=g","caption":"Clicars"},"sameAs":["https:\/\/www.clicars.com"],"url":"https:\/\/www.clicars.com\/blog\/author\/clicars\/"}]}},"_links":{"self":[{"href":"https:\/\/www.clicars.com\/blog\/wp-json\/wp\/v2\/posts\/11339","targetHints":{"allow":["GET"]}}],"collection":[{"href":"https:\/\/www.clicars.com\/blog\/wp-json\/wp\/v2\/posts"}],"about":[{"href":"https:\/\/www.clicars.com\/blog\/wp-json\/wp\/v2\/types\/post"}],"author":[{"embeddable":true,"href":"https:\/\/www.clicars.com\/blog\/wp-json\/wp\/v2\/users\/2"}],"replies":[{"embeddable":true,"href":"https:\/\/www.clicars.com\/blog\/wp-json\/wp\/v2\/comments?post=11339"}],"version-history":[{"count":1,"href":"https:\/\/www.clicars.com\/blog\/wp-json\/wp\/v2\/posts\/11339\/revisions"}],"predecessor-version":[{"id":11342,"href":"https:\/\/www.clicars.com\/blog\/wp-json\/wp\/v2\/posts\/11339\/revisions\/11342"}],"wp:featuredmedia":[{"embeddable":true,"href":"https:\/\/www.clicars.com\/blog\/wp-json\/wp\/v2\/media\/11340"}],"wp:attachment":[{"href":"https:\/\/www.clicars.com\/blog\/wp-json\/wp\/v2\/media?parent=11339"}],"wp:term":[{"taxonomy":"category","embeddable":true,"href":"https:\/\/www.clicars.com\/blog\/wp-json\/wp\/v2\/categories?post=11339"},{"taxonomy":"post_tag","embeddable":true,"href":"https:\/\/www.clicars.com\/blog\/wp-json\/wp\/v2\/tags?post=11339"}],"curies":[{"name":"wp","href":"https:\/\/api.w.org\/{rel}","templated":true}]}}