{"id":11346,"date":"2023-03-06T19:32:04","date_gmt":"2023-03-06T17:32:04","guid":{"rendered":"https:\/\/www.clicars.com\/blog\/?p=11346"},"modified":"2023-03-06T19:32:04","modified_gmt":"2023-03-06T17:32:04","slug":"camiones-electricos-todos-los-que-se-venden-en-espana","status":"publish","type":"post","link":"https:\/\/www.clicars.com\/blog\/coches-eco\/camiones-electricos-todos-los-que-se-venden-en-espana\/","title":{"rendered":"Camiones el\u00e9ctricos: estos son todos los que se venden en Espa\u00f1a"},"content":{"rendered":"<p><span style=\"font-weight: 400;\"><strong>La electrificaci\u00f3n tambi\u00e9n ha llegado al sector del transporte<\/strong> y es por eso que hoy vamos a poner el foco sobre los camiones el\u00e9ctricos. El transporte terrestre ten\u00eda que seguir evolucionando, por eso vamos a conocer a<strong> todos los camiones el\u00e9ctricos que se venden o se van a vender<\/strong> en nuestro pa\u00eds en los pr\u00f3ximos meses y a\u00f1os.<\/span><\/p>\n<p><span style=\"font-weight: 400;\">Posiblemente, uno de los camiones el\u00e9ctricos m\u00e1s famosos es el<strong> Tesla Semi<\/strong>. Se present\u00f3 en 2017 pero est\u00e1 cosechando algunos retrasos. Por fin, ha recibido luz verde y acaba de arrancar su producci\u00f3n. Las primeras unidades llegar\u00e1n al mercado estadounidense, ofrecer\u00e1n autonom\u00edas de hasta 800 kil\u00f3metros y admitir\u00e1n carga r\u00e1pida que les permitir\u00e1 recuperar hasta el 70% de su capacidad en 30 minutos.<\/span><\/p>\n<div id=\"ez-toc-container\" class=\"ez-toc-v2_0_80 counter-hierarchy ez-toc-counter ez-toc-light-blue ez-toc-container-direction\">\n<p class=\"ez-toc-title\" style=\"cursor:inherit\">\u00cdndice de contenidos<\/p>\n<label for=\"ez-toc-cssicon-toggle-item-69f43ef30fada\" class=\"ez-toc-cssicon-toggle-label\"><span class=\"ez-toc-cssicon\"><span class=\"eztoc-hide\" style=\"display:none;\">Toggle<\/span><span class=\"ez-toc-icon-toggle-span\"><svg style=\"fill: #999;color:#999\" xmlns=\"http:\/\/www.w3.org\/2000\/svg\" class=\"list-377408\" width=\"20px\" height=\"20px\" viewBox=\"0 0 24 24\" fill=\"none\"><path d=\"M6 6H4v2h2V6zm14 0H8v2h12V6zM4 11h2v2H4v-2zm16 0H8v2h12v-2zM4 16h2v2H4v-2zm16 0H8v2h12v-2z\" fill=\"currentColor\"><\/path><\/svg><svg style=\"fill: #999;color:#999\" class=\"arrow-unsorted-368013\" xmlns=\"http:\/\/www.w3.org\/2000\/svg\" width=\"10px\" height=\"10px\" viewBox=\"0 0 24 24\" version=\"1.2\" baseProfile=\"tiny\"><path d=\"M18.2 9.3l-6.2-6.3-6.2 6.3c-.2.2-.3.4-.3.7s.1.5.3.7c.2.2.4.3.7.3h11c.3 0 .5-.1.7-.3.2-.2.3-.5.3-.7s-.1-.5-.3-.7zM5.8 14.7l6.2 6.3 6.2-6.3c.2-.2.3-.5.3-.7s-.1-.5-.3-.7c-.2-.2-.4-.3-.7-.3h-11c-.3 0-.5.1-.7.3-.2.2-.3.5-.3.7s.1.5.3.7z\"\/><\/svg><\/span><\/span><\/label><input type=\"checkbox\"  id=\"ez-toc-cssicon-toggle-item-69f43ef30fada\"  aria-label=\"Alternar\" \/><nav><ul class='ez-toc-list ez-toc-list-level-1 ' ><li class='ez-toc-page-1 ez-toc-heading-level-2'><a class=\"ez-toc-link ez-toc-heading-1\" href=\"https:\/\/www.clicars.com\/blog\/coches-eco\/camiones-electricos-todos-los-que-se-venden-en-espana\/#Man_eTruck\" >Man eTruck<\/a><\/li><li class='ez-toc-page-1 ez-toc-heading-level-2'><a class=\"ez-toc-link ez-toc-heading-2\" href=\"https:\/\/www.clicars.com\/blog\/coches-eco\/camiones-electricos-todos-los-que-se-venden-en-espana\/#DAF_XD_Electric_XF_Electric_y_LF_Electric\" >DAF XD Electric, XF Electric y LF Electric<\/a><\/li><li class='ez-toc-page-1 ez-toc-heading-level-2'><a class=\"ez-toc-link ez-toc-heading-3\" href=\"https:\/\/www.clicars.com\/blog\/coches-eco\/camiones-electricos-todos-los-que-se-venden-en-espana\/#Mercedes-Benz_eActros_y_eEconic\" >Mercedes-Benz eActros y eEconic<\/a><\/li><li class='ez-toc-page-1 ez-toc-heading-level-2'><a class=\"ez-toc-link ez-toc-heading-4\" href=\"https:\/\/www.clicars.com\/blog\/coches-eco\/camiones-electricos-todos-los-que-se-venden-en-espana\/#Volvo_FH_FM_y_FMX\" >Volvo FH, FM y FMX<\/a><\/li><li class='ez-toc-page-1 ez-toc-heading-level-2'><a class=\"ez-toc-link ez-toc-heading-5\" href=\"https:\/\/www.clicars.com\/blog\/coches-eco\/camiones-electricos-todos-los-que-se-venden-en-espana\/#Scania_45_RS\" >Scania 45 R\/S<\/a><\/li><\/ul><\/nav><\/div>\n\n<h2><span class=\"ez-toc-section\" id=\"Man_eTruck\"><\/span><b>Man eTruck<\/b><span class=\"ez-toc-section-end\"><\/span><\/h2>\n<p><span style=\"font-weight: 400;\">El Man es uno de los camiones el\u00e9ctricos que llegar\u00e1n a Espa\u00f1a. Ofrece una <strong>autonom\u00eda de 430 kil\u00f3metros<\/strong>. La bater\u00eda podr\u00e1 recuperar hasta el 80% en 45 minutos con una potencia de carga de 1.000 kW. Estar\u00e1 disponible en dos versiones; una de 408 CV y otra de 476 CV. Llegar\u00e1 al mercado en 2024.<\/span><\/p>\n<h2><span class=\"ez-toc-section\" id=\"DAF_XD_Electric_XF_Electric_y_LF_Electric\"><\/span><b>DAF XD Electric, XF Electric y LF Electric<\/b><span class=\"ez-toc-section-end\"><\/span><\/h2>\n<p><span style=\"font-weight: 400;\">DAF lanzar\u00e1 al mercado tres modelos; XD, XF y LF. Equipar\u00e1n bater\u00edas con capacidades comprendidas entre 210 y 525 kWh, lo que les<strong> permitir\u00e1 recorrer unos 500 kil\u00f3metros de autonom\u00eda<\/strong>. En cuanto a potencias, estar\u00e1n comprendidas entre 230 y 480 CV.<\/span><\/p>\n<p><span style=\"font-weight: 400;\">El DAF LF Electric ya funciona con un bloque el\u00e9ctrico de 503 CV de potencia, una bater\u00eda de 252 kWh y una autonom\u00eda de 280 kil\u00f3metros. En solo una hora, puede pasar del 20 al 80% de la bater\u00eda.<\/span><\/p>\n<h2><span class=\"ez-toc-section\" id=\"Mercedes-Benz_eActros_y_eEconic\"><\/span><b>Mercedes-Benz eActros y eEconic<\/b><span class=\"ez-toc-section-end\"><\/span><\/h2>\n<p><span style=\"font-weight: 400;\">La marca de la estrella tambi\u00e9n ha apostado por la electrificaci\u00f3n; por un lado, encontramos el eEconic que ofrece 544 CV de potencia, est\u00e1 ligado a una bater\u00eda de 336 kWh, y<strong> ofrece una autonom\u00eda de unos 300 kil\u00f3metros.<\/strong> El eActros<strong> puede alcanzar 500 kil\u00f3metros de autonom\u00eda<\/strong> gracias a una bater\u00eda de 600 kWh que admite carga r\u00e1pida de hasta 1.000 kW. Cuenta con dos motores el\u00e9ctricos que ofrecen una potencia combinada de 816 CV.<\/span><\/p>\n<h2><span class=\"ez-toc-section\" id=\"Volvo_FH_FM_y_FMX\"><\/span><b>Volvo FH, FM y FMX<\/b><span class=\"ez-toc-section-end\"><\/span><\/h2>\n<p><span style=\"font-weight: 400;\">La marca sueca est\u00e1 fabricando tres modelos que est\u00e1n desarrollados sobre la misma plataforma y pueden cargar hasta 44 toneladas. Est\u00e1n disponibles en varias configuraciones con potencias m\u00e1ximas de 816 CV y 2.400 Nm de par motor m\u00e1ximo. <strong>Podr\u00e1 recorrer unos 300 kil\u00f3metros con una sola carga<\/strong>.<\/span><\/p>\n<h2><span class=\"ez-toc-section\" id=\"Scania_45_RS\"><\/span><b>Scania 45 R\/S<\/b><span class=\"ez-toc-section-end\"><\/span><\/h2>\n<p><span style=\"font-weight: 400;\">Quiz\u00e1 Scania es una de las marcas de camiones el\u00e9ctricos que m\u00e1s te suene. Este modelo cuenta con una bater\u00eda de 624 kWh, lo que se traduce en<strong> una autonom\u00eda de 320 kil\u00f3metros<\/strong>. La producci\u00f3n de este cami\u00f3n comenzar\u00e1 a finales de 2023.<\/span><\/p>\n","protected":false},"excerpt":{"rendered":"<p>La electrificaci\u00f3n tambi\u00e9n ha llegado al sector del transporte y es por eso que hoy&#8230;<\/p>\n","protected":false},"author":2,"featured_media":11347,"comment_status":"closed","ping_status":"closed","sticky":false,"template":"","format":"standard","meta":{"footnotes":""},"categories":[828],"tags":[],"class_list":{"0":"post-11346","1":"post","2":"type-post","3":"status-publish","4":"format-standard","5":"has-post-thumbnail","7":"category-coches-eco"},"yoast_head":"<!-- This site is optimized with the Yoast SEO plugin v26.8 - https:\/\/yoast.com\/product\/yoast-seo-wordpress\/ -->\n<title>Camiones el\u00e9ctricos: los que se venden en Espa\u00f1a - Clicars Blog<\/title>\n<meta name=\"description\" content=\"\u00bfSab\u00edas que los camiones el\u00e9ctricos existen? Te contamos cu\u00e1les son los que puedes encontrar en nuestro pa\u00eds. \u00a1S\u00fabete!\" \/>\n<meta name=\"robots\" content=\"index, follow, max-snippet:-1, max-image-preview:large, max-video-preview:-1\" \/>\n<link rel=\"canonical\" href=\"https:\/\/www.clicars.com\/blog\/coches-eco\/camiones-electricos-todos-los-que-se-venden-en-espana\/\" \/>\n<meta property=\"og:locale\" content=\"es_ES\" \/>\n<meta property=\"og:type\" content=\"article\" \/>\n<meta property=\"og:title\" content=\"Camiones el\u00e9ctricos: los que se venden en Espa\u00f1a - Clicars Blog\" \/>\n<meta property=\"og:description\" content=\"\u00bfSab\u00edas que los camiones el\u00e9ctricos existen? Te contamos cu\u00e1les son los que puedes encontrar en nuestro pa\u00eds. \u00a1S\u00fabete!\" \/>\n<meta property=\"og:url\" content=\"https:\/\/www.clicars.com\/blog\/coches-eco\/camiones-electricos-todos-los-que-se-venden-en-espana\/\" \/>\n<meta property=\"og:site_name\" content=\"Clicars\" \/>\n<meta property=\"article:published_time\" content=\"2023-03-06T17:32:04+00:00\" \/>\n<meta property=\"og:image\" content=\"https:\/\/www.clicars.com\/blog\/wp-content\/uploads\/2023\/03\/camiones-electricos.jpg\" \/>\n\t<meta property=\"og:image:width\" content=\"980\" \/>\n\t<meta property=\"og:image:height\" content=\"653\" \/>\n\t<meta property=\"og:image:type\" content=\"image\/jpeg\" \/>\n<meta name=\"author\" content=\"Clicars\" \/>\n<meta name=\"twitter:card\" content=\"summary_large_image\" \/>\n<meta name=\"twitter:label1\" content=\"Escrito por\" \/>\n\t<meta name=\"twitter:data1\" content=\"Clicars\" \/>\n\t<meta name=\"twitter:label2\" content=\"Tiempo de lectura\" \/>\n\t<meta name=\"twitter:data2\" content=\"3 minutos\" \/>\n<script type=\"application\/ld+json\" class=\"yoast-schema-graph\">{\"@context\":\"https:\/\/schema.org\",\"@graph\":[{\"@type\":\"Article\",\"@id\":\"https:\/\/www.clicars.com\/blog\/coches-eco\/camiones-electricos-todos-los-que-se-venden-en-espana\/#article\",\"isPartOf\":{\"@id\":\"https:\/\/www.clicars.com\/blog\/coches-eco\/camiones-electricos-todos-los-que-se-venden-en-espana\/\"},\"author\":{\"name\":\"Clicars\",\"@id\":\"https:\/\/www.clicars.com\/blog\/#\/schema\/person\/af686c41ba96962c68871392bf2bb62d\"},\"headline\":\"Camiones el\u00e9ctricos: estos son todos los que se venden en Espa\u00f1a\",\"datePublished\":\"2023-03-06T17:32:04+00:00\",\"mainEntityOfPage\":{\"@id\":\"https:\/\/www.clicars.com\/blog\/coches-eco\/camiones-electricos-todos-los-que-se-venden-en-espana\/\"},\"wordCount\":477,\"image\":{\"@id\":\"https:\/\/www.clicars.com\/blog\/coches-eco\/camiones-electricos-todos-los-que-se-venden-en-espana\/#primaryimage\"},\"thumbnailUrl\":\"https:\/\/www.clicars.com\/blog\/wp-content\/uploads\/2023\/03\/camiones-electricos.jpg\",\"articleSection\":[\"Coches ECO\"],\"inLanguage\":\"es\"},{\"@type\":[\"WebPage\",\"ItemPage\"],\"@id\":\"https:\/\/www.clicars.com\/blog\/coches-eco\/camiones-electricos-todos-los-que-se-venden-en-espana\/\",\"url\":\"https:\/\/www.clicars.com\/blog\/coches-eco\/camiones-electricos-todos-los-que-se-venden-en-espana\/\",\"name\":\"Camiones el\u00e9ctricos: los que se venden en Espa\u00f1a - Clicars Blog\",\"isPartOf\":{\"@id\":\"https:\/\/www.clicars.com\/blog\/#website\"},\"primaryImageOfPage\":{\"@id\":\"https:\/\/www.clicars.com\/blog\/coches-eco\/camiones-electricos-todos-los-que-se-venden-en-espana\/#primaryimage\"},\"image\":{\"@id\":\"https:\/\/www.clicars.com\/blog\/coches-eco\/camiones-electricos-todos-los-que-se-venden-en-espana\/#primaryimage\"},\"thumbnailUrl\":\"https:\/\/www.clicars.com\/blog\/wp-content\/uploads\/2023\/03\/camiones-electricos.jpg\",\"datePublished\":\"2023-03-06T17:32:04+00:00\",\"author\":{\"@id\":\"https:\/\/www.clicars.com\/blog\/#\/schema\/person\/af686c41ba96962c68871392bf2bb62d\"},\"description\":\"\u00bfSab\u00edas que los camiones el\u00e9ctricos existen? Te contamos cu\u00e1les son los que puedes encontrar en nuestro pa\u00eds. \u00a1S\u00fabete!\",\"breadcrumb\":{\"@id\":\"https:\/\/www.clicars.com\/blog\/coches-eco\/camiones-electricos-todos-los-que-se-venden-en-espana\/#breadcrumb\"},\"inLanguage\":\"es\",\"potentialAction\":[{\"@type\":\"ReadAction\",\"target\":[\"https:\/\/www.clicars.com\/blog\/coches-eco\/camiones-electricos-todos-los-que-se-venden-en-espana\/\"]}]},{\"@type\":\"ImageObject\",\"inLanguage\":\"es\",\"@id\":\"https:\/\/www.clicars.com\/blog\/coches-eco\/camiones-electricos-todos-los-que-se-venden-en-espana\/#primaryimage\",\"url\":\"https:\/\/www.clicars.com\/blog\/wp-content\/uploads\/2023\/03\/camiones-electricos.jpg\",\"contentUrl\":\"https:\/\/www.clicars.com\/blog\/wp-content\/uploads\/2023\/03\/camiones-electricos.jpg\",\"width\":980,\"height\":653,\"caption\":\"camiones el\u00e9ctricos\"},{\"@type\":\"BreadcrumbList\",\"@id\":\"https:\/\/www.clicars.com\/blog\/coches-eco\/camiones-electricos-todos-los-que-se-venden-en-espana\/#breadcrumb\",\"itemListElement\":[{\"@type\":\"ListItem\",\"position\":1,\"name\":\"Portada\",\"item\":\"https:\/\/www.clicars.com\/blog\/\"},{\"@type\":\"ListItem\",\"position\":2,\"name\":\"Camiones el\u00e9ctricos: estos son todos los que se venden en Espa\u00f1a\"}]},{\"@type\":\"WebSite\",\"@id\":\"https:\/\/www.clicars.com\/blog\/#website\",\"url\":\"https:\/\/www.clicars.com\/blog\/\",\"name\":\"Clicars\",\"description\":\"Compra tu coche de Buena Mano sin moverte de casa\",\"inLanguage\":\"es\"},{\"@type\":\"Person\",\"@id\":\"https:\/\/www.clicars.com\/blog\/#\/schema\/person\/af686c41ba96962c68871392bf2bb62d\",\"name\":\"Clicars\",\"image\":{\"@type\":\"ImageObject\",\"inLanguage\":\"es\",\"@id\":\"https:\/\/www.clicars.com\/blog\/#\/schema\/person\/image\/\",\"url\":\"https:\/\/secure.gravatar.com\/avatar\/3100622b0023049db14165cdba9dadaa9159743b871e83e440a0df9a70f80e56?s=96&d=mm&r=g\",\"contentUrl\":\"https:\/\/secure.gravatar.com\/avatar\/3100622b0023049db14165cdba9dadaa9159743b871e83e440a0df9a70f80e56?s=96&d=mm&r=g\",\"caption\":\"Clicars\"},\"sameAs\":[\"https:\/\/www.clicars.com\"],\"url\":\"https:\/\/www.clicars.com\/blog\/author\/clicars\/\"}]}<\/script>\n<!-- \/ Yoast SEO plugin. -->","yoast_head_json":{"title":"Camiones el\u00e9ctricos: los que se venden en Espa\u00f1a - Clicars Blog","description":"\u00bfSab\u00edas que los camiones el\u00e9ctricos existen? Te contamos cu\u00e1les son los que puedes encontrar en nuestro pa\u00eds. \u00a1S\u00fabete!","robots":{"index":"index","follow":"follow","max-snippet":"max-snippet:-1","max-image-preview":"max-image-preview:large","max-video-preview":"max-video-preview:-1"},"canonical":"https:\/\/www.clicars.com\/blog\/coches-eco\/camiones-electricos-todos-los-que-se-venden-en-espana\/","og_locale":"es_ES","og_type":"article","og_title":"Camiones el\u00e9ctricos: los que se venden en Espa\u00f1a - Clicars Blog","og_description":"\u00bfSab\u00edas que los camiones el\u00e9ctricos existen? Te contamos cu\u00e1les son los que puedes encontrar en nuestro pa\u00eds. \u00a1S\u00fabete!","og_url":"https:\/\/www.clicars.com\/blog\/coches-eco\/camiones-electricos-todos-los-que-se-venden-en-espana\/","og_site_name":"Clicars","article_published_time":"2023-03-06T17:32:04+00:00","og_image":[{"width":980,"height":653,"url":"https:\/\/www.clicars.com\/blog\/wp-content\/uploads\/2023\/03\/camiones-electricos.jpg","type":"image\/jpeg"}],"author":"Clicars","twitter_card":"summary_large_image","twitter_misc":{"Escrito por":"Clicars","Tiempo de lectura":"3 minutos"},"schema":{"@context":"https:\/\/schema.org","@graph":[{"@type":"Article","@id":"https:\/\/www.clicars.com\/blog\/coches-eco\/camiones-electricos-todos-los-que-se-venden-en-espana\/#article","isPartOf":{"@id":"https:\/\/www.clicars.com\/blog\/coches-eco\/camiones-electricos-todos-los-que-se-venden-en-espana\/"},"author":{"name":"Clicars","@id":"https:\/\/www.clicars.com\/blog\/#\/schema\/person\/af686c41ba96962c68871392bf2bb62d"},"headline":"Camiones el\u00e9ctricos: estos son todos los que se venden en Espa\u00f1a","datePublished":"2023-03-06T17:32:04+00:00","mainEntityOfPage":{"@id":"https:\/\/www.clicars.com\/blog\/coches-eco\/camiones-electricos-todos-los-que-se-venden-en-espana\/"},"wordCount":477,"image":{"@id":"https:\/\/www.clicars.com\/blog\/coches-eco\/camiones-electricos-todos-los-que-se-venden-en-espana\/#primaryimage"},"thumbnailUrl":"https:\/\/www.clicars.com\/blog\/wp-content\/uploads\/2023\/03\/camiones-electricos.jpg","articleSection":["Coches ECO"],"inLanguage":"es"},{"@type":["WebPage","ItemPage"],"@id":"https:\/\/www.clicars.com\/blog\/coches-eco\/camiones-electricos-todos-los-que-se-venden-en-espana\/","url":"https:\/\/www.clicars.com\/blog\/coches-eco\/camiones-electricos-todos-los-que-se-venden-en-espana\/","name":"Camiones el\u00e9ctricos: los que se venden en Espa\u00f1a - Clicars Blog","isPartOf":{"@id":"https:\/\/www.clicars.com\/blog\/#website"},"primaryImageOfPage":{"@id":"https:\/\/www.clicars.com\/blog\/coches-eco\/camiones-electricos-todos-los-que-se-venden-en-espana\/#primaryimage"},"image":{"@id":"https:\/\/www.clicars.com\/blog\/coches-eco\/camiones-electricos-todos-los-que-se-venden-en-espana\/#primaryimage"},"thumbnailUrl":"https:\/\/www.clicars.com\/blog\/wp-content\/uploads\/2023\/03\/camiones-electricos.jpg","datePublished":"2023-03-06T17:32:04+00:00","author":{"@id":"https:\/\/www.clicars.com\/blog\/#\/schema\/person\/af686c41ba96962c68871392bf2bb62d"},"description":"\u00bfSab\u00edas que los camiones el\u00e9ctricos existen? Te contamos cu\u00e1les son los que puedes encontrar en nuestro pa\u00eds. \u00a1S\u00fabete!","breadcrumb":{"@id":"https:\/\/www.clicars.com\/blog\/coches-eco\/camiones-electricos-todos-los-que-se-venden-en-espana\/#breadcrumb"},"inLanguage":"es","potentialAction":[{"@type":"ReadAction","target":["https:\/\/www.clicars.com\/blog\/coches-eco\/camiones-electricos-todos-los-que-se-venden-en-espana\/"]}]},{"@type":"ImageObject","inLanguage":"es","@id":"https:\/\/www.clicars.com\/blog\/coches-eco\/camiones-electricos-todos-los-que-se-venden-en-espana\/#primaryimage","url":"https:\/\/www.clicars.com\/blog\/wp-content\/uploads\/2023\/03\/camiones-electricos.jpg","contentUrl":"https:\/\/www.clicars.com\/blog\/wp-content\/uploads\/2023\/03\/camiones-electricos.jpg","width":980,"height":653,"caption":"camiones el\u00e9ctricos"},{"@type":"BreadcrumbList","@id":"https:\/\/www.clicars.com\/blog\/coches-eco\/camiones-electricos-todos-los-que-se-venden-en-espana\/#breadcrumb","itemListElement":[{"@type":"ListItem","position":1,"name":"Portada","item":"https:\/\/www.clicars.com\/blog\/"},{"@type":"ListItem","position":2,"name":"Camiones el\u00e9ctricos: estos son todos los que se venden en Espa\u00f1a"}]},{"@type":"WebSite","@id":"https:\/\/www.clicars.com\/blog\/#website","url":"https:\/\/www.clicars.com\/blog\/","name":"Clicars","description":"Compra tu coche de Buena Mano sin moverte de casa","inLanguage":"es"},{"@type":"Person","@id":"https:\/\/www.clicars.com\/blog\/#\/schema\/person\/af686c41ba96962c68871392bf2bb62d","name":"Clicars","image":{"@type":"ImageObject","inLanguage":"es","@id":"https:\/\/www.clicars.com\/blog\/#\/schema\/person\/image\/","url":"https:\/\/secure.gravatar.com\/avatar\/3100622b0023049db14165cdba9dadaa9159743b871e83e440a0df9a70f80e56?s=96&d=mm&r=g","contentUrl":"https:\/\/secure.gravatar.com\/avatar\/3100622b0023049db14165cdba9dadaa9159743b871e83e440a0df9a70f80e56?s=96&d=mm&r=g","caption":"Clicars"},"sameAs":["https:\/\/www.clicars.com"],"url":"https:\/\/www.clicars.com\/blog\/author\/clicars\/"}]}},"_links":{"self":[{"href":"https:\/\/www.clicars.com\/blog\/wp-json\/wp\/v2\/posts\/11346","targetHints":{"allow":["GET"]}}],"collection":[{"href":"https:\/\/www.clicars.com\/blog\/wp-json\/wp\/v2\/posts"}],"about":[{"href":"https:\/\/www.clicars.com\/blog\/wp-json\/wp\/v2\/types\/post"}],"author":[{"embeddable":true,"href":"https:\/\/www.clicars.com\/blog\/wp-json\/wp\/v2\/users\/2"}],"replies":[{"embeddable":true,"href":"https:\/\/www.clicars.com\/blog\/wp-json\/wp\/v2\/comments?post=11346"}],"version-history":[{"count":1,"href":"https:\/\/www.clicars.com\/blog\/wp-json\/wp\/v2\/posts\/11346\/revisions"}],"predecessor-version":[{"id":11348,"href":"https:\/\/www.clicars.com\/blog\/wp-json\/wp\/v2\/posts\/11346\/revisions\/11348"}],"wp:featuredmedia":[{"embeddable":true,"href":"https:\/\/www.clicars.com\/blog\/wp-json\/wp\/v2\/media\/11347"}],"wp:attachment":[{"href":"https:\/\/www.clicars.com\/blog\/wp-json\/wp\/v2\/media?parent=11346"}],"wp:term":[{"taxonomy":"category","embeddable":true,"href":"https:\/\/www.clicars.com\/blog\/wp-json\/wp\/v2\/categories?post=11346"},{"taxonomy":"post_tag","embeddable":true,"href":"https:\/\/www.clicars.com\/blog\/wp-json\/wp\/v2\/tags?post=11346"}],"curies":[{"name":"wp","href":"https:\/\/api.w.org\/{rel}","templated":true}]}}