{"id":11432,"date":"2023-03-27T10:57:15","date_gmt":"2023-03-27T08:57:15","guid":{"rendered":"https:\/\/www.clicars.com\/blog\/?p=11432"},"modified":"2023-03-27T10:57:15","modified_gmt":"2023-03-27T08:57:15","slug":"zona-bajas-emisiones-valencia-todo-lo-que-tienes-que-saber","status":"publish","type":"post","link":"https:\/\/www.clicars.com\/blog\/coches-eco\/zona-bajas-emisiones-valencia-todo-lo-que-tienes-que-saber\/","title":{"rendered":"Zona Bajas Emisiones Valencia todo lo que tienes que saber"},"content":{"rendered":"<p>Las\u00a0<strong>zonas de bajas emisiones en Valencia<\/strong>\u00a0est\u00e1n a la orden del d\u00eda, siguiendo as\u00ed con los esquemas planteados por otras ciudades como\u00a0<strong>Madrid, Barcelona o Sevilla<\/strong>. Esta iniciativa de\u00a0<strong>zona de bajas emisiones de Valencia<\/strong>\u00a0tiene que ver con la nueva Ley de Cambio Clim\u00e1tico y Transici\u00f3n Energ\u00e9tica, de manera que Valencia no ser\u00e1 la \u00fanica ciudad de la Comunidad Valenciana que deber\u00e1 implantar estas medidas.<\/p>\n<div id=\"ez-toc-container\" class=\"ez-toc-v2_0_80 counter-hierarchy ez-toc-counter ez-toc-light-blue ez-toc-container-direction\">\n<p class=\"ez-toc-title\" style=\"cursor:inherit\">\u00cdndice de contenidos<\/p>\n<label for=\"ez-toc-cssicon-toggle-item-69f4274355bfa\" class=\"ez-toc-cssicon-toggle-label\"><span class=\"ez-toc-cssicon\"><span class=\"eztoc-hide\" style=\"display:none;\">Toggle<\/span><span class=\"ez-toc-icon-toggle-span\"><svg style=\"fill: #999;color:#999\" xmlns=\"http:\/\/www.w3.org\/2000\/svg\" class=\"list-377408\" width=\"20px\" height=\"20px\" viewBox=\"0 0 24 24\" fill=\"none\"><path d=\"M6 6H4v2h2V6zm14 0H8v2h12V6zM4 11h2v2H4v-2zm16 0H8v2h12v-2zM4 16h2v2H4v-2zm16 0H8v2h12v-2z\" fill=\"currentColor\"><\/path><\/svg><svg style=\"fill: #999;color:#999\" class=\"arrow-unsorted-368013\" xmlns=\"http:\/\/www.w3.org\/2000\/svg\" width=\"10px\" height=\"10px\" viewBox=\"0 0 24 24\" version=\"1.2\" baseProfile=\"tiny\"><path d=\"M18.2 9.3l-6.2-6.3-6.2 6.3c-.2.2-.3.4-.3.7s.1.5.3.7c.2.2.4.3.7.3h11c.3 0 .5-.1.7-.3.2-.2.3-.5.3-.7s-.1-.5-.3-.7zM5.8 14.7l6.2 6.3 6.2-6.3c.2-.2.3-.5.3-.7s-.1-.5-.3-.7c-.2-.2-.4-.3-.7-.3h-11c-.3 0-.5.1-.7.3-.2.2-.3.5-.3.7s.1.5.3.7z\"\/><\/svg><\/span><\/span><\/label><input type=\"checkbox\"  id=\"ez-toc-cssicon-toggle-item-69f4274355bfa\"  aria-label=\"Alternar\" \/><nav><ul class='ez-toc-list ez-toc-list-level-1 ' ><li class='ez-toc-page-1 ez-toc-heading-level-2'><a class=\"ez-toc-link ez-toc-heading-1\" href=\"https:\/\/www.clicars.com\/blog\/coches-eco\/zona-bajas-emisiones-valencia-todo-lo-que-tienes-que-saber\/#%C2%BFComo_se_clasificacion_los_vehiculos_segun_la_DGT\" >\u00bfC\u00f3mo se clasificaci\u00f3n los veh\u00edculos seg\u00fan la DGT?<\/a><\/li><li class='ez-toc-page-1 ez-toc-heading-level-2'><a class=\"ez-toc-link ez-toc-heading-2\" href=\"https:\/\/www.clicars.com\/blog\/coches-eco\/zona-bajas-emisiones-valencia-todo-lo-que-tienes-que-saber\/#%C2%BFComo_es_el_mapa_de_bajas_emisiones_de_Valencia\" >\u00bfC\u00f3mo es el mapa de bajas emisiones de Valencia?<\/a><ul class='ez-toc-list-level-3' ><li class='ez-toc-heading-level-3'><a class=\"ez-toc-link ez-toc-heading-3\" href=\"https:\/\/www.clicars.com\/blog\/coches-eco\/zona-bajas-emisiones-valencia-todo-lo-que-tienes-que-saber\/#%C2%BFCual_es_la_multa_por_incumplir_la_normativa\" >\u00bfCu\u00e1l es la multa por incumplir la normativa?<\/a><\/li><li class='ez-toc-page-1 ez-toc-heading-level-3'><a class=\"ez-toc-link ez-toc-heading-4\" href=\"https:\/\/www.clicars.com\/blog\/coches-eco\/zona-bajas-emisiones-valencia-todo-lo-que-tienes-que-saber\/#%C2%BFQue_vehiculos_podran_circular_sin_ninguna_restriccion_por_Valencia\" >\u00bfQu\u00e9 veh\u00edculos podr\u00e1n circular sin ninguna restricci\u00f3n por Valencia?<\/a><\/li><\/ul><\/li><\/ul><\/nav><\/div>\n\n<h2><span class=\"ez-toc-section\" id=\"%C2%BFComo_se_clasificacion_los_vehiculos_segun_la_DGT\"><\/span>\u00bfC\u00f3mo se clasificaci\u00f3n los veh\u00edculos seg\u00fan la DGT?<span class=\"ez-toc-section-end\"><\/span><\/h2>\n<p>En materia ecol\u00f3gica, la Direcci\u00f3n General de Tr\u00e1fico ha establecido una clasificaci\u00f3n, en la que existen hasta cuatro categor\u00edas diferentes para incluir a los veh\u00edculos seg\u00fan su nivel de emisiones:<\/p>\n<ul>\n<li><strong>Pegatina B<\/strong>. De color amarillo, es para veh\u00edculos de combusti\u00f3n interna que cumplen con las especificaciones EURO anteriores. Aqu\u00ed incluimos los turismos, las furgonetas ligeras de gasolina matriculadas desde enero del 2001 y los veh\u00edculos di\u00e9sel desde 2006, as\u00ed como los autom\u00f3viles de m\u00e1s de 8 plazas y los pesados de gasolina y di\u00e9sel con matriculaci\u00f3n desde 2006.<\/li>\n<li><strong>Pegatina C<\/strong>. De color verde, hace referencia a los veh\u00edculos de combusti\u00f3n interna que cumplan con las \u00faltimas emisiones EURO, incluy\u00e9ndose los turismos y furgonetas de gasolina matriculadas desde 2006 y los di\u00e9sel desde 2015, as\u00ed como los veh\u00edculos de m\u00e1s de 8 plazas y pesados de gasolina y di\u00e9sel con matriculaci\u00f3n desde 2014.<\/li>\n<li><strong>Pegatina ECO<\/strong>. Son los veh\u00edculos h\u00edbridos y de gas, as\u00ed como los el\u00e9ctricos enchufables con una autonom\u00eda menor de 40 km, los HEV, los autom\u00f3viles propulsados por gas natural, gas o GLP, siempre que cumplan con los criterios de la etiqueta C.<\/li>\n<li><strong>Pegatina ?O emisiones?<\/strong>. De color azul, se refiere a los veh\u00edculos m\u00e1s eficientes, por lo que se incluyen los el\u00e9ctricos de bater\u00eda y los de autonom\u00eda extendida, as\u00ed como los el\u00e9ctricos h\u00edbridos enchufables (PHEV) con autonom\u00eda de m\u00e1s de 40 km, adem\u00e1s de los veh\u00edculos de pila de combustible.<\/li>\n<\/ul>\n<p>En relaci\u00f3n con estas pegatinas, si te preguntas d\u00f3nde las puedes conseguir, hay que decir que las oficinas de Correos son los puntos m\u00e1s f\u00e1ciles para conseguirlas, previo pago de 5 euros por adhesivo y siempre que se presente la documentaci\u00f3n necesaria.<\/p>\n<p>En todo caso, la DGT es el \u00fanico organismo que puede emitir dichos dispositivos, por lo que deberemos asegurarnos de que las pegatinas son oficiales. Otros puntos de venta son Talleres de la Confederaci\u00f3n Espa\u00f1ola de talleres, gestores de administraci\u00f3n, IDEAUTO y Ganvam.<\/p>\n<p><img loading=\"lazy\" decoding=\"async\" class=\"aligncenter size-full wp-image-11435\" src=\"https:\/\/www.clicars.com\/blog\/wp-content\/uploads\/2023\/03\/mapa-bajas-emisiones-valencia.jpg\" alt=\"mapa bajas emisiones valencia\" width=\"1024\" height=\"768\" srcset=\"https:\/\/www.clicars.com\/blog\/wp-content\/uploads\/2023\/03\/mapa-bajas-emisiones-valencia.jpg 1024w, https:\/\/www.clicars.com\/blog\/wp-content\/uploads\/2023\/03\/mapa-bajas-emisiones-valencia-300x225.jpg 300w, https:\/\/www.clicars.com\/blog\/wp-content\/uploads\/2023\/03\/mapa-bajas-emisiones-valencia-768x576.jpg 768w\" sizes=\"auto, (max-width: 1024px) 100vw, 1024px\" \/><\/p>\n<h2><span class=\"ez-toc-section\" id=\"%C2%BFComo_es_el_mapa_de_bajas_emisiones_de_Valencia\"><\/span>\u00bfC\u00f3mo es el mapa de bajas emisiones de Valencia?<span class=\"ez-toc-section-end\"><\/span><\/h2>\n<p>La\u00a0<strong>ZBE Valencia mapa\u00a0<\/strong>ha tratado de agradar a todos aquellos que tienen que circular con el coche por la zona de Valencia con una distribuci\u00f3n lo m\u00e1s equitativa posible y que se divide de la siguiente manera:<\/p>\n<ul>\n<li><strong>\u00c1rea Norte 1 (AN1)<\/strong>. Queda delimitada por el antiguo cauce del r\u00edo Turia, la Ronda Norte y el litoral mar\u00edtimo, salvo el recinto de la Universidad Polit\u00e9cnica de Valencia.<\/li>\n<li><strong>\u00c1rea Norte 2 (AN2)<\/strong>. En este caso, se configura como todo el \u00e1rea de la citada universidad del punto anterior.<\/li>\n<li>\u00c1rea Centro (AC). Queda acotada por el antiguo cauce del r\u00edo Turia por el margen de la derecha, incluyendo las calles Col\u00f3n, X\u00e0tiva y Guillem de Castro.<\/li>\n<li><strong>\u00c1rea Sur (AS1)<\/strong>. Queda demarcada por el antiguo cauce del r\u00edo Turia, por el margen derecho, abarcando tambi\u00e9n la Avenida del Cid y la V-30, salvo el \u00e1rea del centro, pero s\u00ed los poblados de Nazaret y Pinedo.<\/li>\n<li><strong>\u00c1rea Sur 2 (AS2)<\/strong>. Aqu\u00ed incluimos todos aquellos barrios ubicados entre la Ronda Sur y la V-30.<\/li>\n<\/ul>\n<h3><span class=\"ez-toc-section\" id=\"%C2%BFCual_es_la_multa_por_incumplir_la_normativa\"><\/span>\u00bfCu\u00e1l es la multa por incumplir la normativa?<span class=\"ez-toc-section-end\"><\/span><\/h3>\n<p>Aunque todo este proceso est\u00e9 comenzando, se han implantado diversas medidas para procurar que las personas cumplan con la citada Ley, para lo cual se han instalado 274 c\u00e1maras y 93 puntos de control de paso de los veh\u00edculos, de manera que haya un mayor control en caso de que los veh\u00edculos no autorizados accedan por zonas a las que no les corresponden.<\/p>\n<p>As\u00ed, las\u00a0<strong>conductas sancionadas<\/strong>\u00a0tendr\u00e1n un\u00a0<strong>importe de 200 euros<\/strong>\u00a0(100 euros en caso de que se abone la cuant\u00eda antes de que se cumplan 20 d\u00edas desde la notificaci\u00f3n). Por su parte, tambi\u00e9n ser\u00e1n instalados 52 sensores de medici\u00f3n ambiental y 44 paneles de mensajer\u00eda variable con el objetivo de darles el aviso a los conductores sobre la normativa seg\u00fan la calidad del aire de cada momento.<\/p>\n<p><img loading=\"lazy\" decoding=\"async\" class=\"aligncenter size-full wp-image-11436\" src=\"https:\/\/www.clicars.com\/blog\/wp-content\/uploads\/2023\/03\/mapa-zbe-valencia.jpg\" alt=\"mapa zbe valencia\" width=\"1024\" height=\"768\" srcset=\"https:\/\/www.clicars.com\/blog\/wp-content\/uploads\/2023\/03\/mapa-zbe-valencia.jpg 1024w, https:\/\/www.clicars.com\/blog\/wp-content\/uploads\/2023\/03\/mapa-zbe-valencia-300x225.jpg 300w, https:\/\/www.clicars.com\/blog\/wp-content\/uploads\/2023\/03\/mapa-zbe-valencia-768x576.jpg 768w\" sizes=\"auto, (max-width: 1024px) 100vw, 1024px\" \/><\/p>\n<h3><span class=\"ez-toc-section\" id=\"%C2%BFQue_vehiculos_podran_circular_sin_ninguna_restriccion_por_Valencia\"><\/span>\u00bfQu\u00e9 veh\u00edculos podr\u00e1n circular sin ninguna restricci\u00f3n por Valencia?<span class=\"ez-toc-section-end\"><\/span><\/h3>\n<p>Atendiendo a lo explicado, de acuerdo con la normativa vigente, los \u00fanicos autom\u00f3viles que podr\u00e1n circular por cualquiera de las zonas de bajas emisiones en la ciudad de Valencia ser\u00e1n aquellos que cuenten con la pegatina ECO o con el adhesivo de ?0 emisiones?.<\/p>\n<p>Todos estos veh\u00edculos deben estar perfectamente equipados con la pegatina correspondiente. Adem\u00e1s, no hay que olvidar que dichas restricciones tambi\u00e9n afectar\u00e1n a otras grandes ciudades de la Comunidad Valencia, desde Alicante hasta Elche (en la provincia de Alicante), Torrent o Sagunto en Valencia y Villarreal o Castell\u00f3n de la Plana en la provincia de Castell\u00f3n. Por ello, lo mejor es estar al tanto de la zona de bajas emisiones de cada lugar.<\/p>\n<p>En todo caso, si lo que buscas es que tu veh\u00edculo pueda entrar en las zonas concretas que hemos mencionado en el presente art\u00edculo, tienes la opci\u00f3n de dar con\u00a0<strong><a href=\"https:\/\/www.clicars.com\/coches-segunda-mano-ocasion\/valencia\">coches de segunda mano en Valencia<\/a><\/strong>\u00a0con los mejores precios del mercado. Gracias a ello, no tendr\u00e1s que preocuparte m\u00e1s por su tu autom\u00f3vil puede cruzar o no por las mencionadas\u00a0<strong>zonas de bajas emisiones en Valencia<\/strong>\u00a0porque podr\u00e1s desplazarte sin problemas.<\/p>\n","protected":false},"excerpt":{"rendered":"<p>Las\u00a0zonas de bajas emisiones en Valencia\u00a0est\u00e1n a la orden del d\u00eda, siguiendo as\u00ed con los&#8230;<\/p>\n","protected":false},"author":2,"featured_media":11434,"comment_status":"closed","ping_status":"closed","sticky":false,"template":"","format":"standard","meta":{"footnotes":""},"categories":[828],"tags":[],"class_list":{"0":"post-11432","1":"post","2":"type-post","3":"status-publish","4":"format-standard","5":"has-post-thumbnail","7":"category-coches-eco"},"yoast_head":"<!-- This site is optimized with the Yoast SEO plugin v26.8 - https:\/\/yoast.com\/product\/yoast-seo-wordpress\/ -->\n<title>Zona Bajas Emisiones Valencia - Clicars Blog<\/title>\n<meta name=\"description\" content=\"Todo lo que tienes que saber de la Zona Bajas Emisiones de Valencia y su mapa de zonas, pasa saber por d\u00f3nde circular con tu coche.\" \/>\n<meta name=\"robots\" content=\"index, follow, max-snippet:-1, max-image-preview:large, max-video-preview:-1\" \/>\n<link rel=\"canonical\" href=\"https:\/\/www.clicars.com\/blog\/coches-eco\/zona-bajas-emisiones-valencia-todo-lo-que-tienes-que-saber\/\" \/>\n<meta property=\"og:locale\" content=\"es_ES\" \/>\n<meta property=\"og:type\" content=\"article\" \/>\n<meta property=\"og:title\" content=\"Zona Bajas Emisiones Valencia - Clicars Blog\" \/>\n<meta property=\"og:description\" content=\"Todo lo que tienes que saber de la Zona Bajas Emisiones de Valencia y su mapa de zonas, pasa saber por d\u00f3nde circular con tu coche.\" \/>\n<meta property=\"og:url\" content=\"https:\/\/www.clicars.com\/blog\/coches-eco\/zona-bajas-emisiones-valencia-todo-lo-que-tienes-que-saber\/\" \/>\n<meta property=\"og:site_name\" content=\"Clicars\" \/>\n<meta property=\"article:published_time\" content=\"2023-03-27T08:57:15+00:00\" \/>\n<meta property=\"og:image\" content=\"https:\/\/www.clicars.com\/blog\/wp-content\/uploads\/2023\/03\/Zona-bajas-emisiones-valencia.jpg\" \/>\n\t<meta property=\"og:image:width\" content=\"1024\" \/>\n\t<meta property=\"og:image:height\" content=\"768\" \/>\n\t<meta property=\"og:image:type\" content=\"image\/jpeg\" \/>\n<meta name=\"author\" content=\"Clicars\" \/>\n<meta name=\"twitter:card\" content=\"summary_large_image\" \/>\n<meta name=\"twitter:label1\" content=\"Escrito por\" \/>\n\t<meta name=\"twitter:data1\" content=\"Clicars\" \/>\n\t<meta name=\"twitter:label2\" content=\"Tiempo de lectura\" \/>\n\t<meta name=\"twitter:data2\" content=\"5 minutos\" \/>\n<script type=\"application\/ld+json\" class=\"yoast-schema-graph\">{\"@context\":\"https:\/\/schema.org\",\"@graph\":[{\"@type\":\"Article\",\"@id\":\"https:\/\/www.clicars.com\/blog\/coches-eco\/zona-bajas-emisiones-valencia-todo-lo-que-tienes-que-saber\/#article\",\"isPartOf\":{\"@id\":\"https:\/\/www.clicars.com\/blog\/coches-eco\/zona-bajas-emisiones-valencia-todo-lo-que-tienes-que-saber\/\"},\"author\":{\"name\":\"Clicars\",\"@id\":\"https:\/\/www.clicars.com\/blog\/#\/schema\/person\/af686c41ba96962c68871392bf2bb62d\"},\"headline\":\"Zona Bajas Emisiones Valencia todo lo que tienes que saber\",\"datePublished\":\"2023-03-27T08:57:15+00:00\",\"mainEntityOfPage\":{\"@id\":\"https:\/\/www.clicars.com\/blog\/coches-eco\/zona-bajas-emisiones-valencia-todo-lo-que-tienes-que-saber\/\"},\"wordCount\":995,\"image\":{\"@id\":\"https:\/\/www.clicars.com\/blog\/coches-eco\/zona-bajas-emisiones-valencia-todo-lo-que-tienes-que-saber\/#primaryimage\"},\"thumbnailUrl\":\"https:\/\/www.clicars.com\/blog\/wp-content\/uploads\/2023\/03\/Zona-bajas-emisiones-valencia.jpg\",\"articleSection\":[\"Coches ECO\"],\"inLanguage\":\"es\"},{\"@type\":[\"WebPage\",\"ItemPage\"],\"@id\":\"https:\/\/www.clicars.com\/blog\/coches-eco\/zona-bajas-emisiones-valencia-todo-lo-que-tienes-que-saber\/\",\"url\":\"https:\/\/www.clicars.com\/blog\/coches-eco\/zona-bajas-emisiones-valencia-todo-lo-que-tienes-que-saber\/\",\"name\":\"Zona Bajas Emisiones Valencia - Clicars Blog\",\"isPartOf\":{\"@id\":\"https:\/\/www.clicars.com\/blog\/#website\"},\"primaryImageOfPage\":{\"@id\":\"https:\/\/www.clicars.com\/blog\/coches-eco\/zona-bajas-emisiones-valencia-todo-lo-que-tienes-que-saber\/#primaryimage\"},\"image\":{\"@id\":\"https:\/\/www.clicars.com\/blog\/coches-eco\/zona-bajas-emisiones-valencia-todo-lo-que-tienes-que-saber\/#primaryimage\"},\"thumbnailUrl\":\"https:\/\/www.clicars.com\/blog\/wp-content\/uploads\/2023\/03\/Zona-bajas-emisiones-valencia.jpg\",\"datePublished\":\"2023-03-27T08:57:15+00:00\",\"author\":{\"@id\":\"https:\/\/www.clicars.com\/blog\/#\/schema\/person\/af686c41ba96962c68871392bf2bb62d\"},\"description\":\"Todo lo que tienes que saber de la Zona Bajas Emisiones de Valencia y su mapa de zonas, pasa saber por d\u00f3nde circular con tu coche.\",\"breadcrumb\":{\"@id\":\"https:\/\/www.clicars.com\/blog\/coches-eco\/zona-bajas-emisiones-valencia-todo-lo-que-tienes-que-saber\/#breadcrumb\"},\"inLanguage\":\"es\",\"potentialAction\":[{\"@type\":\"ReadAction\",\"target\":[\"https:\/\/www.clicars.com\/blog\/coches-eco\/zona-bajas-emisiones-valencia-todo-lo-que-tienes-que-saber\/\"]}]},{\"@type\":\"ImageObject\",\"inLanguage\":\"es\",\"@id\":\"https:\/\/www.clicars.com\/blog\/coches-eco\/zona-bajas-emisiones-valencia-todo-lo-que-tienes-que-saber\/#primaryimage\",\"url\":\"https:\/\/www.clicars.com\/blog\/wp-content\/uploads\/2023\/03\/Zona-bajas-emisiones-valencia.jpg\",\"contentUrl\":\"https:\/\/www.clicars.com\/blog\/wp-content\/uploads\/2023\/03\/Zona-bajas-emisiones-valencia.jpg\",\"width\":1024,\"height\":768,\"caption\":\"Zona bajas emisiones valencia\"},{\"@type\":\"BreadcrumbList\",\"@id\":\"https:\/\/www.clicars.com\/blog\/coches-eco\/zona-bajas-emisiones-valencia-todo-lo-que-tienes-que-saber\/#breadcrumb\",\"itemListElement\":[{\"@type\":\"ListItem\",\"position\":1,\"name\":\"Portada\",\"item\":\"https:\/\/www.clicars.com\/blog\/\"},{\"@type\":\"ListItem\",\"position\":2,\"name\":\"Zona Bajas Emisiones Valencia todo lo que tienes que saber\"}]},{\"@type\":\"WebSite\",\"@id\":\"https:\/\/www.clicars.com\/blog\/#website\",\"url\":\"https:\/\/www.clicars.com\/blog\/\",\"name\":\"Clicars\",\"description\":\"Compra tu coche de Buena Mano sin moverte de casa\",\"inLanguage\":\"es\"},{\"@type\":\"Person\",\"@id\":\"https:\/\/www.clicars.com\/blog\/#\/schema\/person\/af686c41ba96962c68871392bf2bb62d\",\"name\":\"Clicars\",\"image\":{\"@type\":\"ImageObject\",\"inLanguage\":\"es\",\"@id\":\"https:\/\/www.clicars.com\/blog\/#\/schema\/person\/image\/\",\"url\":\"https:\/\/secure.gravatar.com\/avatar\/3100622b0023049db14165cdba9dadaa9159743b871e83e440a0df9a70f80e56?s=96&d=mm&r=g\",\"contentUrl\":\"https:\/\/secure.gravatar.com\/avatar\/3100622b0023049db14165cdba9dadaa9159743b871e83e440a0df9a70f80e56?s=96&d=mm&r=g\",\"caption\":\"Clicars\"},\"sameAs\":[\"https:\/\/www.clicars.com\"],\"url\":\"https:\/\/www.clicars.com\/blog\/author\/clicars\/\"}]}<\/script>\n<!-- \/ Yoast SEO plugin. -->","yoast_head_json":{"title":"Zona Bajas Emisiones Valencia - Clicars Blog","description":"Todo lo que tienes que saber de la Zona Bajas Emisiones de Valencia y su mapa de zonas, pasa saber por d\u00f3nde circular con tu coche.","robots":{"index":"index","follow":"follow","max-snippet":"max-snippet:-1","max-image-preview":"max-image-preview:large","max-video-preview":"max-video-preview:-1"},"canonical":"https:\/\/www.clicars.com\/blog\/coches-eco\/zona-bajas-emisiones-valencia-todo-lo-que-tienes-que-saber\/","og_locale":"es_ES","og_type":"article","og_title":"Zona Bajas Emisiones Valencia - Clicars Blog","og_description":"Todo lo que tienes que saber de la Zona Bajas Emisiones de Valencia y su mapa de zonas, pasa saber por d\u00f3nde circular con tu coche.","og_url":"https:\/\/www.clicars.com\/blog\/coches-eco\/zona-bajas-emisiones-valencia-todo-lo-que-tienes-que-saber\/","og_site_name":"Clicars","article_published_time":"2023-03-27T08:57:15+00:00","og_image":[{"width":1024,"height":768,"url":"https:\/\/www.clicars.com\/blog\/wp-content\/uploads\/2023\/03\/Zona-bajas-emisiones-valencia.jpg","type":"image\/jpeg"}],"author":"Clicars","twitter_card":"summary_large_image","twitter_misc":{"Escrito por":"Clicars","Tiempo de lectura":"5 minutos"},"schema":{"@context":"https:\/\/schema.org","@graph":[{"@type":"Article","@id":"https:\/\/www.clicars.com\/blog\/coches-eco\/zona-bajas-emisiones-valencia-todo-lo-que-tienes-que-saber\/#article","isPartOf":{"@id":"https:\/\/www.clicars.com\/blog\/coches-eco\/zona-bajas-emisiones-valencia-todo-lo-que-tienes-que-saber\/"},"author":{"name":"Clicars","@id":"https:\/\/www.clicars.com\/blog\/#\/schema\/person\/af686c41ba96962c68871392bf2bb62d"},"headline":"Zona Bajas Emisiones Valencia todo lo que tienes que saber","datePublished":"2023-03-27T08:57:15+00:00","mainEntityOfPage":{"@id":"https:\/\/www.clicars.com\/blog\/coches-eco\/zona-bajas-emisiones-valencia-todo-lo-que-tienes-que-saber\/"},"wordCount":995,"image":{"@id":"https:\/\/www.clicars.com\/blog\/coches-eco\/zona-bajas-emisiones-valencia-todo-lo-que-tienes-que-saber\/#primaryimage"},"thumbnailUrl":"https:\/\/www.clicars.com\/blog\/wp-content\/uploads\/2023\/03\/Zona-bajas-emisiones-valencia.jpg","articleSection":["Coches ECO"],"inLanguage":"es"},{"@type":["WebPage","ItemPage"],"@id":"https:\/\/www.clicars.com\/blog\/coches-eco\/zona-bajas-emisiones-valencia-todo-lo-que-tienes-que-saber\/","url":"https:\/\/www.clicars.com\/blog\/coches-eco\/zona-bajas-emisiones-valencia-todo-lo-que-tienes-que-saber\/","name":"Zona Bajas Emisiones Valencia - Clicars Blog","isPartOf":{"@id":"https:\/\/www.clicars.com\/blog\/#website"},"primaryImageOfPage":{"@id":"https:\/\/www.clicars.com\/blog\/coches-eco\/zona-bajas-emisiones-valencia-todo-lo-que-tienes-que-saber\/#primaryimage"},"image":{"@id":"https:\/\/www.clicars.com\/blog\/coches-eco\/zona-bajas-emisiones-valencia-todo-lo-que-tienes-que-saber\/#primaryimage"},"thumbnailUrl":"https:\/\/www.clicars.com\/blog\/wp-content\/uploads\/2023\/03\/Zona-bajas-emisiones-valencia.jpg","datePublished":"2023-03-27T08:57:15+00:00","author":{"@id":"https:\/\/www.clicars.com\/blog\/#\/schema\/person\/af686c41ba96962c68871392bf2bb62d"},"description":"Todo lo que tienes que saber de la Zona Bajas Emisiones de Valencia y su mapa de zonas, pasa saber por d\u00f3nde circular con tu coche.","breadcrumb":{"@id":"https:\/\/www.clicars.com\/blog\/coches-eco\/zona-bajas-emisiones-valencia-todo-lo-que-tienes-que-saber\/#breadcrumb"},"inLanguage":"es","potentialAction":[{"@type":"ReadAction","target":["https:\/\/www.clicars.com\/blog\/coches-eco\/zona-bajas-emisiones-valencia-todo-lo-que-tienes-que-saber\/"]}]},{"@type":"ImageObject","inLanguage":"es","@id":"https:\/\/www.clicars.com\/blog\/coches-eco\/zona-bajas-emisiones-valencia-todo-lo-que-tienes-que-saber\/#primaryimage","url":"https:\/\/www.clicars.com\/blog\/wp-content\/uploads\/2023\/03\/Zona-bajas-emisiones-valencia.jpg","contentUrl":"https:\/\/www.clicars.com\/blog\/wp-content\/uploads\/2023\/03\/Zona-bajas-emisiones-valencia.jpg","width":1024,"height":768,"caption":"Zona bajas emisiones valencia"},{"@type":"BreadcrumbList","@id":"https:\/\/www.clicars.com\/blog\/coches-eco\/zona-bajas-emisiones-valencia-todo-lo-que-tienes-que-saber\/#breadcrumb","itemListElement":[{"@type":"ListItem","position":1,"name":"Portada","item":"https:\/\/www.clicars.com\/blog\/"},{"@type":"ListItem","position":2,"name":"Zona Bajas Emisiones Valencia todo lo que tienes que saber"}]},{"@type":"WebSite","@id":"https:\/\/www.clicars.com\/blog\/#website","url":"https:\/\/www.clicars.com\/blog\/","name":"Clicars","description":"Compra tu coche de Buena Mano sin moverte de casa","inLanguage":"es"},{"@type":"Person","@id":"https:\/\/www.clicars.com\/blog\/#\/schema\/person\/af686c41ba96962c68871392bf2bb62d","name":"Clicars","image":{"@type":"ImageObject","inLanguage":"es","@id":"https:\/\/www.clicars.com\/blog\/#\/schema\/person\/image\/","url":"https:\/\/secure.gravatar.com\/avatar\/3100622b0023049db14165cdba9dadaa9159743b871e83e440a0df9a70f80e56?s=96&d=mm&r=g","contentUrl":"https:\/\/secure.gravatar.com\/avatar\/3100622b0023049db14165cdba9dadaa9159743b871e83e440a0df9a70f80e56?s=96&d=mm&r=g","caption":"Clicars"},"sameAs":["https:\/\/www.clicars.com"],"url":"https:\/\/www.clicars.com\/blog\/author\/clicars\/"}]}},"_links":{"self":[{"href":"https:\/\/www.clicars.com\/blog\/wp-json\/wp\/v2\/posts\/11432","targetHints":{"allow":["GET"]}}],"collection":[{"href":"https:\/\/www.clicars.com\/blog\/wp-json\/wp\/v2\/posts"}],"about":[{"href":"https:\/\/www.clicars.com\/blog\/wp-json\/wp\/v2\/types\/post"}],"author":[{"embeddable":true,"href":"https:\/\/www.clicars.com\/blog\/wp-json\/wp\/v2\/users\/2"}],"replies":[{"embeddable":true,"href":"https:\/\/www.clicars.com\/blog\/wp-json\/wp\/v2\/comments?post=11432"}],"version-history":[{"count":3,"href":"https:\/\/www.clicars.com\/blog\/wp-json\/wp\/v2\/posts\/11432\/revisions"}],"predecessor-version":[{"id":11438,"href":"https:\/\/www.clicars.com\/blog\/wp-json\/wp\/v2\/posts\/11432\/revisions\/11438"}],"wp:featuredmedia":[{"embeddable":true,"href":"https:\/\/www.clicars.com\/blog\/wp-json\/wp\/v2\/media\/11434"}],"wp:attachment":[{"href":"https:\/\/www.clicars.com\/blog\/wp-json\/wp\/v2\/media?parent=11432"}],"wp:term":[{"taxonomy":"category","embeddable":true,"href":"https:\/\/www.clicars.com\/blog\/wp-json\/wp\/v2\/categories?post=11432"},{"taxonomy":"post_tag","embeddable":true,"href":"https:\/\/www.clicars.com\/blog\/wp-json\/wp\/v2\/tags?post=11432"}],"curies":[{"name":"wp","href":"https:\/\/api.w.org\/{rel}","templated":true}]}}