{"id":11495,"date":"2023-04-12T11:13:17","date_gmt":"2023-04-12T09:13:17","guid":{"rendered":"https:\/\/www.clicars.com\/blog\/?p=11495"},"modified":"2023-04-12T11:13:17","modified_gmt":"2023-04-12T09:13:17","slug":"temperatura-o-velocidad-que-influye-mas-en-la-autonomia-de-un-coche-electrico","status":"publish","type":"post","link":"https:\/\/www.clicars.com\/blog\/coches-eco\/temperatura-o-velocidad-que-influye-mas-en-la-autonomia-de-un-coche-electrico\/","title":{"rendered":"Temperatura o velocidad, \u00bfqu\u00e9 influye m\u00e1s en la autonom\u00eda de un coche el\u00e9ctrico?"},"content":{"rendered":"<p><span style=\"font-weight: 400;\">\u00bfTienes en mente dar el salto a la electrificaci\u00f3n? Si la respuesta es afirmativa, o tienes ya tu coche el\u00e9ctrico, posiblemente alguna vez te hayas hecho esta pregunta.<strong> \u00bfQu\u00e9 influye m\u00e1s en la autonom\u00eda de un coche el\u00e9ctrico, la <\/strong><\/span><strong>temperatura o la velocidad<\/strong><span style=\"font-weight: 400;\"><strong>?<\/strong> No te preocupes porque te vamos a sacar de dudas.<\/span><span style=\"font-weight: 400;\">\u00a0<\/span><\/p>\n<p><a href=\"https:\/\/www.geotab.com\/\"><span style=\"font-weight: 400;\">Geotab<\/span><\/a><span style=\"font-weight: 400;\"> ha elaborado un informe en el que, tras analizar m\u00e1s de tres millones de viajes y medio mill\u00f3n de horas al volante, ha podido dar respuesta a la pregunta que nos estamos haciendo. Temperatura o velocidad, \u00bfqu\u00e9 influye m\u00e1s en la autonom\u00eda de un coche el\u00e9ctrico?<\/span><\/p>\n<p><span style=\"font-weight: 400;\">Es importante destacar que todos los datos han sido recopilados gracias a herramientas telem\u00e1ticas y forma completamente an\u00f3nimas. As\u00ed mismo, desde la entidad que ha realizado el informe sobre la temperatura y la velocidad de los coches el\u00e9ctricos ha apuntado que el objetivo ha sido \u201ccomprender mejor el impacto relativo de la temperatura y la velocidad en la autonom\u00eda de los veh\u00edculos el\u00e9ctricos\u201d.<\/span><\/p>\n<p><img loading=\"lazy\" decoding=\"async\" class=\"aligncenter size-full wp-image-11498\" src=\"https:\/\/www.clicars.com\/blog\/wp-content\/uploads\/2023\/04\/temperatura-o-velocidad-como-se-gasta-antes-la-bateria-del-coche-electrico.webp\" alt=\"temperatura o velocidad como se gasta antes la bateria del coche electrico\" width=\"975\" height=\"731\" srcset=\"https:\/\/www.clicars.com\/blog\/wp-content\/uploads\/2023\/04\/temperatura-o-velocidad-como-se-gasta-antes-la-bateria-del-coche-electrico.webp 975w, https:\/\/www.clicars.com\/blog\/wp-content\/uploads\/2023\/04\/temperatura-o-velocidad-como-se-gasta-antes-la-bateria-del-coche-electrico-300x225.webp 300w, https:\/\/www.clicars.com\/blog\/wp-content\/uploads\/2023\/04\/temperatura-o-velocidad-como-se-gasta-antes-la-bateria-del-coche-electrico-768x576.webp 768w\" sizes=\"auto, (max-width: 975px) 100vw, 975px\" \/><\/p>\n<h2><b>Temperatura o velocidad, \u00bfqu\u00e9 influye m\u00e1s en la autonom\u00eda de los coches el\u00e9ctricos?<\/b><\/h2>\n<p><span style=\"font-weight: 400;\">Los expertos han apuntado que \u201cgenerar confianza en la autonom\u00eda de los <\/span><b>veh\u00edculos el\u00e9ctricos<\/b><span style=\"font-weight: 400;\"> es fundamental para su adopci\u00f3n generalizada y este an\u00e1lisis permite a los usuarios explorar dos factores importantes que influyen en la autonom\u00eda: la temperatura exterior y la resistencia del veh\u00edculo a distintas velocidades\u201d.<\/span><\/p>\n<p><span style=\"font-weight: 400;\">Por tanto, \u201csi maximizar los kil\u00f3metros a recorrer es la prioridad, independientemente de si conduces un sed\u00e1n o una furgoneta, es mejor elegir la ruta m\u00e1s lenta\u201d, han a\u00f1adido.<\/span><\/p>\n<p><span style=\"font-weight: 400;\">Si entramos en materia, podemos averiguar el factor que m\u00e1s influye en la autonom\u00eda de los coches el\u00e9ctricos y es que a bajas velocidades, la temperatura puede afectar notablemente a la autonom\u00eda, mientras que, si se circula a velocidades m\u00e1s altas, la temperatura afecta en mucha menor medida.<\/span><\/p>\n<p><span style=\"font-weight: 400;\">Otro dato a tener en cuenta es el tipo de veh\u00edculo que se conduzca ya que la carrocer\u00eda tambi\u00e9n influye en la autonom\u00eda. Los <\/span><b>coches el\u00e9ctricos m\u00e1s grandes<\/b><span style=\"font-weight: 400;\">, pierden autonom\u00eda m\u00e1s r\u00e1pido si se aumenta la velocidad; por tanto, podemos decir que no existen unos resultados \u00fanicos, sino que depender\u00e1 del tipo de veh\u00edculo, del tipo de trayecto y tambi\u00e9n de la temperatura.<\/span><\/p>\n<p><span style=\"font-weight: 400;\">El informe ha revelado que la mejor estrategia para optimizar la autonom\u00eda de un coche el\u00e9ctrico pasa por la planificaci\u00f3n y el contexto del viaje en cuesti\u00f3n. <strong>Si por ejemplo viajas por v\u00edas r\u00e1pidas, deber\u00e1s evitar los excesos de seguridad, mientras que, si vas a hacer trayectos m\u00e1s cortos, deber\u00e1s tener en cuenta la temperatura<\/strong>.<\/span><\/p>\n","protected":false},"excerpt":{"rendered":"<p>\u00bfTienes en mente dar el salto a la electrificaci\u00f3n? Si la respuesta es afirmativa, o&#8230;<\/p>\n","protected":false},"author":2,"featured_media":11496,"comment_status":"closed","ping_status":"closed","sticky":false,"template":"","format":"standard","meta":{"footnotes":""},"categories":[828],"tags":[],"class_list":{"0":"post-11495","1":"post","2":"type-post","3":"status-publish","4":"format-standard","5":"has-post-thumbnail","7":"category-coches-eco"},"yoast_head":"<!-- This site is optimized with the Yoast SEO plugin v26.8 - https:\/\/yoast.com\/product\/yoast-seo-wordpress\/ -->\n<title>Temperatura o velocidad, \u00bfqu\u00e9 influye m\u00e1s la bater\u00eda de un coche el\u00e9ctrico? - Clicars Blog<\/title>\n<meta name=\"description\" content=\"La temperatura y la velocidad son dos factores muy importantes de cara al consumo de bater\u00eda de tu coche el\u00e9ctrico. \u00bfQu\u00e9 influye m\u00e1s?\" \/>\n<meta name=\"robots\" content=\"index, follow, max-snippet:-1, max-image-preview:large, max-video-preview:-1\" \/>\n<link rel=\"canonical\" href=\"https:\/\/www.clicars.com\/blog\/coches-eco\/temperatura-o-velocidad-que-influye-mas-en-la-autonomia-de-un-coche-electrico\/\" \/>\n<meta property=\"og:locale\" content=\"es_ES\" \/>\n<meta property=\"og:type\" content=\"article\" \/>\n<meta property=\"og:title\" content=\"Temperatura o velocidad, \u00bfqu\u00e9 influye m\u00e1s la bater\u00eda de un coche el\u00e9ctrico? - Clicars Blog\" \/>\n<meta property=\"og:description\" content=\"La temperatura y la velocidad son dos factores muy importantes de cara al consumo de bater\u00eda de tu coche el\u00e9ctrico. \u00bfQu\u00e9 influye m\u00e1s?\" \/>\n<meta property=\"og:url\" content=\"https:\/\/www.clicars.com\/blog\/coches-eco\/temperatura-o-velocidad-que-influye-mas-en-la-autonomia-de-un-coche-electrico\/\" \/>\n<meta property=\"og:site_name\" content=\"Clicars\" \/>\n<meta property=\"article:published_time\" content=\"2023-04-12T09:13:17+00:00\" \/>\n<meta property=\"og:image\" content=\"https:\/\/www.clicars.com\/blog\/wp-content\/uploads\/2023\/04\/que-influye-mas-en-la-bateria-de-un-coche-electrico-temperatura-o-velocidad.jpg\" \/>\n\t<meta property=\"og:image:width\" content=\"980\" \/>\n\t<meta property=\"og:image:height\" content=\"735\" \/>\n\t<meta property=\"og:image:type\" content=\"image\/jpeg\" \/>\n<meta name=\"author\" content=\"Clicars\" \/>\n<meta name=\"twitter:card\" content=\"summary_large_image\" \/>\n<meta name=\"twitter:label1\" content=\"Escrito por\" \/>\n\t<meta name=\"twitter:data1\" content=\"Clicars\" \/>\n\t<meta name=\"twitter:label2\" content=\"Tiempo de lectura\" \/>\n\t<meta name=\"twitter:data2\" content=\"3 minutos\" \/>\n<script type=\"application\/ld+json\" class=\"yoast-schema-graph\">{\"@context\":\"https:\/\/schema.org\",\"@graph\":[{\"@type\":\"Article\",\"@id\":\"https:\/\/www.clicars.com\/blog\/coches-eco\/temperatura-o-velocidad-que-influye-mas-en-la-autonomia-de-un-coche-electrico\/#article\",\"isPartOf\":{\"@id\":\"https:\/\/www.clicars.com\/blog\/coches-eco\/temperatura-o-velocidad-que-influye-mas-en-la-autonomia-de-un-coche-electrico\/\"},\"author\":{\"name\":\"Clicars\",\"@id\":\"https:\/\/www.clicars.com\/blog\/#\/schema\/person\/af686c41ba96962c68871392bf2bb62d\"},\"headline\":\"Temperatura o velocidad, \u00bfqu\u00e9 influye m\u00e1s en la autonom\u00eda de un coche el\u00e9ctrico?\",\"datePublished\":\"2023-04-12T09:13:17+00:00\",\"mainEntityOfPage\":{\"@id\":\"https:\/\/www.clicars.com\/blog\/coches-eco\/temperatura-o-velocidad-que-influye-mas-en-la-autonomia-de-un-coche-electrico\/\"},\"wordCount\":489,\"image\":{\"@id\":\"https:\/\/www.clicars.com\/blog\/coches-eco\/temperatura-o-velocidad-que-influye-mas-en-la-autonomia-de-un-coche-electrico\/#primaryimage\"},\"thumbnailUrl\":\"https:\/\/www.clicars.com\/blog\/wp-content\/uploads\/2023\/04\/que-influye-mas-en-la-bateria-de-un-coche-electrico-temperatura-o-velocidad.jpg\",\"articleSection\":[\"Coches ECO\"],\"inLanguage\":\"es\"},{\"@type\":[\"WebPage\",\"ItemPage\"],\"@id\":\"https:\/\/www.clicars.com\/blog\/coches-eco\/temperatura-o-velocidad-que-influye-mas-en-la-autonomia-de-un-coche-electrico\/\",\"url\":\"https:\/\/www.clicars.com\/blog\/coches-eco\/temperatura-o-velocidad-que-influye-mas-en-la-autonomia-de-un-coche-electrico\/\",\"name\":\"Temperatura o velocidad, \u00bfqu\u00e9 influye m\u00e1s la bater\u00eda de un coche el\u00e9ctrico? - Clicars Blog\",\"isPartOf\":{\"@id\":\"https:\/\/www.clicars.com\/blog\/#website\"},\"primaryImageOfPage\":{\"@id\":\"https:\/\/www.clicars.com\/blog\/coches-eco\/temperatura-o-velocidad-que-influye-mas-en-la-autonomia-de-un-coche-electrico\/#primaryimage\"},\"image\":{\"@id\":\"https:\/\/www.clicars.com\/blog\/coches-eco\/temperatura-o-velocidad-que-influye-mas-en-la-autonomia-de-un-coche-electrico\/#primaryimage\"},\"thumbnailUrl\":\"https:\/\/www.clicars.com\/blog\/wp-content\/uploads\/2023\/04\/que-influye-mas-en-la-bateria-de-un-coche-electrico-temperatura-o-velocidad.jpg\",\"datePublished\":\"2023-04-12T09:13:17+00:00\",\"author\":{\"@id\":\"https:\/\/www.clicars.com\/blog\/#\/schema\/person\/af686c41ba96962c68871392bf2bb62d\"},\"description\":\"La temperatura y la velocidad son dos factores muy importantes de cara al consumo de bater\u00eda de tu coche el\u00e9ctrico. \u00bfQu\u00e9 influye m\u00e1s?\",\"breadcrumb\":{\"@id\":\"https:\/\/www.clicars.com\/blog\/coches-eco\/temperatura-o-velocidad-que-influye-mas-en-la-autonomia-de-un-coche-electrico\/#breadcrumb\"},\"inLanguage\":\"es\",\"potentialAction\":[{\"@type\":\"ReadAction\",\"target\":[\"https:\/\/www.clicars.com\/blog\/coches-eco\/temperatura-o-velocidad-que-influye-mas-en-la-autonomia-de-un-coche-electrico\/\"]}]},{\"@type\":\"ImageObject\",\"inLanguage\":\"es\",\"@id\":\"https:\/\/www.clicars.com\/blog\/coches-eco\/temperatura-o-velocidad-que-influye-mas-en-la-autonomia-de-un-coche-electrico\/#primaryimage\",\"url\":\"https:\/\/www.clicars.com\/blog\/wp-content\/uploads\/2023\/04\/que-influye-mas-en-la-bateria-de-un-coche-electrico-temperatura-o-velocidad.jpg\",\"contentUrl\":\"https:\/\/www.clicars.com\/blog\/wp-content\/uploads\/2023\/04\/que-influye-mas-en-la-bateria-de-un-coche-electrico-temperatura-o-velocidad.jpg\",\"width\":980,\"height\":735,\"caption\":\"que influye mas en la bateria de un coche electrico, temperatura o velocidad\"},{\"@type\":\"BreadcrumbList\",\"@id\":\"https:\/\/www.clicars.com\/blog\/coches-eco\/temperatura-o-velocidad-que-influye-mas-en-la-autonomia-de-un-coche-electrico\/#breadcrumb\",\"itemListElement\":[{\"@type\":\"ListItem\",\"position\":1,\"name\":\"Portada\",\"item\":\"https:\/\/www.clicars.com\/blog\/\"},{\"@type\":\"ListItem\",\"position\":2,\"name\":\"Temperatura o velocidad, \u00bfqu\u00e9 influye m\u00e1s en la autonom\u00eda de un coche el\u00e9ctrico?\"}]},{\"@type\":\"WebSite\",\"@id\":\"https:\/\/www.clicars.com\/blog\/#website\",\"url\":\"https:\/\/www.clicars.com\/blog\/\",\"name\":\"Clicars\",\"description\":\"Compra tu coche de Buena Mano sin moverte de casa\",\"inLanguage\":\"es\"},{\"@type\":\"Person\",\"@id\":\"https:\/\/www.clicars.com\/blog\/#\/schema\/person\/af686c41ba96962c68871392bf2bb62d\",\"name\":\"Clicars\",\"image\":{\"@type\":\"ImageObject\",\"inLanguage\":\"es\",\"@id\":\"https:\/\/www.clicars.com\/blog\/#\/schema\/person\/image\/\",\"url\":\"https:\/\/secure.gravatar.com\/avatar\/3100622b0023049db14165cdba9dadaa9159743b871e83e440a0df9a70f80e56?s=96&d=mm&r=g\",\"contentUrl\":\"https:\/\/secure.gravatar.com\/avatar\/3100622b0023049db14165cdba9dadaa9159743b871e83e440a0df9a70f80e56?s=96&d=mm&r=g\",\"caption\":\"Clicars\"},\"sameAs\":[\"https:\/\/www.clicars.com\"],\"url\":\"https:\/\/www.clicars.com\/blog\/author\/clicars\/\"}]}<\/script>\n<!-- \/ Yoast SEO plugin. -->","yoast_head_json":{"title":"Temperatura o velocidad, \u00bfqu\u00e9 influye m\u00e1s la bater\u00eda de un coche el\u00e9ctrico? - Clicars Blog","description":"La temperatura y la velocidad son dos factores muy importantes de cara al consumo de bater\u00eda de tu coche el\u00e9ctrico. \u00bfQu\u00e9 influye m\u00e1s?","robots":{"index":"index","follow":"follow","max-snippet":"max-snippet:-1","max-image-preview":"max-image-preview:large","max-video-preview":"max-video-preview:-1"},"canonical":"https:\/\/www.clicars.com\/blog\/coches-eco\/temperatura-o-velocidad-que-influye-mas-en-la-autonomia-de-un-coche-electrico\/","og_locale":"es_ES","og_type":"article","og_title":"Temperatura o velocidad, \u00bfqu\u00e9 influye m\u00e1s la bater\u00eda de un coche el\u00e9ctrico? - Clicars Blog","og_description":"La temperatura y la velocidad son dos factores muy importantes de cara al consumo de bater\u00eda de tu coche el\u00e9ctrico. \u00bfQu\u00e9 influye m\u00e1s?","og_url":"https:\/\/www.clicars.com\/blog\/coches-eco\/temperatura-o-velocidad-que-influye-mas-en-la-autonomia-de-un-coche-electrico\/","og_site_name":"Clicars","article_published_time":"2023-04-12T09:13:17+00:00","og_image":[{"width":980,"height":735,"url":"https:\/\/www.clicars.com\/blog\/wp-content\/uploads\/2023\/04\/que-influye-mas-en-la-bateria-de-un-coche-electrico-temperatura-o-velocidad.jpg","type":"image\/jpeg"}],"author":"Clicars","twitter_card":"summary_large_image","twitter_misc":{"Escrito por":"Clicars","Tiempo de lectura":"3 minutos"},"schema":{"@context":"https:\/\/schema.org","@graph":[{"@type":"Article","@id":"https:\/\/www.clicars.com\/blog\/coches-eco\/temperatura-o-velocidad-que-influye-mas-en-la-autonomia-de-un-coche-electrico\/#article","isPartOf":{"@id":"https:\/\/www.clicars.com\/blog\/coches-eco\/temperatura-o-velocidad-que-influye-mas-en-la-autonomia-de-un-coche-electrico\/"},"author":{"name":"Clicars","@id":"https:\/\/www.clicars.com\/blog\/#\/schema\/person\/af686c41ba96962c68871392bf2bb62d"},"headline":"Temperatura o velocidad, \u00bfqu\u00e9 influye m\u00e1s en la autonom\u00eda de un coche el\u00e9ctrico?","datePublished":"2023-04-12T09:13:17+00:00","mainEntityOfPage":{"@id":"https:\/\/www.clicars.com\/blog\/coches-eco\/temperatura-o-velocidad-que-influye-mas-en-la-autonomia-de-un-coche-electrico\/"},"wordCount":489,"image":{"@id":"https:\/\/www.clicars.com\/blog\/coches-eco\/temperatura-o-velocidad-que-influye-mas-en-la-autonomia-de-un-coche-electrico\/#primaryimage"},"thumbnailUrl":"https:\/\/www.clicars.com\/blog\/wp-content\/uploads\/2023\/04\/que-influye-mas-en-la-bateria-de-un-coche-electrico-temperatura-o-velocidad.jpg","articleSection":["Coches ECO"],"inLanguage":"es"},{"@type":["WebPage","ItemPage"],"@id":"https:\/\/www.clicars.com\/blog\/coches-eco\/temperatura-o-velocidad-que-influye-mas-en-la-autonomia-de-un-coche-electrico\/","url":"https:\/\/www.clicars.com\/blog\/coches-eco\/temperatura-o-velocidad-que-influye-mas-en-la-autonomia-de-un-coche-electrico\/","name":"Temperatura o velocidad, \u00bfqu\u00e9 influye m\u00e1s la bater\u00eda de un coche el\u00e9ctrico? - Clicars Blog","isPartOf":{"@id":"https:\/\/www.clicars.com\/blog\/#website"},"primaryImageOfPage":{"@id":"https:\/\/www.clicars.com\/blog\/coches-eco\/temperatura-o-velocidad-que-influye-mas-en-la-autonomia-de-un-coche-electrico\/#primaryimage"},"image":{"@id":"https:\/\/www.clicars.com\/blog\/coches-eco\/temperatura-o-velocidad-que-influye-mas-en-la-autonomia-de-un-coche-electrico\/#primaryimage"},"thumbnailUrl":"https:\/\/www.clicars.com\/blog\/wp-content\/uploads\/2023\/04\/que-influye-mas-en-la-bateria-de-un-coche-electrico-temperatura-o-velocidad.jpg","datePublished":"2023-04-12T09:13:17+00:00","author":{"@id":"https:\/\/www.clicars.com\/blog\/#\/schema\/person\/af686c41ba96962c68871392bf2bb62d"},"description":"La temperatura y la velocidad son dos factores muy importantes de cara al consumo de bater\u00eda de tu coche el\u00e9ctrico. \u00bfQu\u00e9 influye m\u00e1s?","breadcrumb":{"@id":"https:\/\/www.clicars.com\/blog\/coches-eco\/temperatura-o-velocidad-que-influye-mas-en-la-autonomia-de-un-coche-electrico\/#breadcrumb"},"inLanguage":"es","potentialAction":[{"@type":"ReadAction","target":["https:\/\/www.clicars.com\/blog\/coches-eco\/temperatura-o-velocidad-que-influye-mas-en-la-autonomia-de-un-coche-electrico\/"]}]},{"@type":"ImageObject","inLanguage":"es","@id":"https:\/\/www.clicars.com\/blog\/coches-eco\/temperatura-o-velocidad-que-influye-mas-en-la-autonomia-de-un-coche-electrico\/#primaryimage","url":"https:\/\/www.clicars.com\/blog\/wp-content\/uploads\/2023\/04\/que-influye-mas-en-la-bateria-de-un-coche-electrico-temperatura-o-velocidad.jpg","contentUrl":"https:\/\/www.clicars.com\/blog\/wp-content\/uploads\/2023\/04\/que-influye-mas-en-la-bateria-de-un-coche-electrico-temperatura-o-velocidad.jpg","width":980,"height":735,"caption":"que influye mas en la bateria de un coche electrico, temperatura o velocidad"},{"@type":"BreadcrumbList","@id":"https:\/\/www.clicars.com\/blog\/coches-eco\/temperatura-o-velocidad-que-influye-mas-en-la-autonomia-de-un-coche-electrico\/#breadcrumb","itemListElement":[{"@type":"ListItem","position":1,"name":"Portada","item":"https:\/\/www.clicars.com\/blog\/"},{"@type":"ListItem","position":2,"name":"Temperatura o velocidad, \u00bfqu\u00e9 influye m\u00e1s en la autonom\u00eda de un coche el\u00e9ctrico?"}]},{"@type":"WebSite","@id":"https:\/\/www.clicars.com\/blog\/#website","url":"https:\/\/www.clicars.com\/blog\/","name":"Clicars","description":"Compra tu coche de Buena Mano sin moverte de casa","inLanguage":"es"},{"@type":"Person","@id":"https:\/\/www.clicars.com\/blog\/#\/schema\/person\/af686c41ba96962c68871392bf2bb62d","name":"Clicars","image":{"@type":"ImageObject","inLanguage":"es","@id":"https:\/\/www.clicars.com\/blog\/#\/schema\/person\/image\/","url":"https:\/\/secure.gravatar.com\/avatar\/3100622b0023049db14165cdba9dadaa9159743b871e83e440a0df9a70f80e56?s=96&d=mm&r=g","contentUrl":"https:\/\/secure.gravatar.com\/avatar\/3100622b0023049db14165cdba9dadaa9159743b871e83e440a0df9a70f80e56?s=96&d=mm&r=g","caption":"Clicars"},"sameAs":["https:\/\/www.clicars.com"],"url":"https:\/\/www.clicars.com\/blog\/author\/clicars\/"}]}},"_links":{"self":[{"href":"https:\/\/www.clicars.com\/blog\/wp-json\/wp\/v2\/posts\/11495","targetHints":{"allow":["GET"]}}],"collection":[{"href":"https:\/\/www.clicars.com\/blog\/wp-json\/wp\/v2\/posts"}],"about":[{"href":"https:\/\/www.clicars.com\/blog\/wp-json\/wp\/v2\/types\/post"}],"author":[{"embeddable":true,"href":"https:\/\/www.clicars.com\/blog\/wp-json\/wp\/v2\/users\/2"}],"replies":[{"embeddable":true,"href":"https:\/\/www.clicars.com\/blog\/wp-json\/wp\/v2\/comments?post=11495"}],"version-history":[{"count":2,"href":"https:\/\/www.clicars.com\/blog\/wp-json\/wp\/v2\/posts\/11495\/revisions"}],"predecessor-version":[{"id":11499,"href":"https:\/\/www.clicars.com\/blog\/wp-json\/wp\/v2\/posts\/11495\/revisions\/11499"}],"wp:featuredmedia":[{"embeddable":true,"href":"https:\/\/www.clicars.com\/blog\/wp-json\/wp\/v2\/media\/11496"}],"wp:attachment":[{"href":"https:\/\/www.clicars.com\/blog\/wp-json\/wp\/v2\/media?parent=11495"}],"wp:term":[{"taxonomy":"category","embeddable":true,"href":"https:\/\/www.clicars.com\/blog\/wp-json\/wp\/v2\/categories?post=11495"},{"taxonomy":"post_tag","embeddable":true,"href":"https:\/\/www.clicars.com\/blog\/wp-json\/wp\/v2\/tags?post=11495"}],"curies":[{"name":"wp","href":"https:\/\/api.w.org\/{rel}","templated":true}]}}