{"id":11521,"date":"2023-04-13T11:01:18","date_gmt":"2023-04-13T09:01:18","guid":{"rendered":"https:\/\/www.clicars.com\/blog\/?p=11521"},"modified":"2023-04-13T11:01:18","modified_gmt":"2023-04-13T09:01:18","slug":"nuevo-bmw-i4","status":"publish","type":"post","link":"https:\/\/www.clicars.com\/blog\/actualidad\/nuevo-bmw-i4\/","title":{"rendered":"BMW i4, an\u00e1lisis en detalle"},"content":{"rendered":"<p><span style=\"font-weight: 400;\">El BMW i4 el\u00e9ctrico es una berlina tipo D que apuesta por la estilizaci\u00f3n de las l\u00edneas exteriores y la integraci\u00f3n de nuevos sistemas tecnol\u00f3gicos. Este veh\u00edculo el\u00e9ctrico destaca por su autonom\u00eda y tiempos de carga (potencia m\u00e1xima de 180 kilovatios). Descubre las <\/span><b>caracter\u00edsticas del<\/b> <b>nuevo BMW i4 el\u00e9ctrico<\/b><span style=\"font-weight: 400;\">.<\/span><\/p>\n<div id=\"ez-toc-container\" class=\"ez-toc-v2_0_80 counter-hierarchy ez-toc-counter ez-toc-light-blue ez-toc-container-direction\">\n<p class=\"ez-toc-title\" style=\"cursor:inherit\">\u00cdndice de contenidos<\/p>\n<label for=\"ez-toc-cssicon-toggle-item-69f4e39f1ba62\" class=\"ez-toc-cssicon-toggle-label\"><span class=\"ez-toc-cssicon\"><span class=\"eztoc-hide\" style=\"display:none;\">Toggle<\/span><span class=\"ez-toc-icon-toggle-span\"><svg style=\"fill: #999;color:#999\" xmlns=\"http:\/\/www.w3.org\/2000\/svg\" class=\"list-377408\" width=\"20px\" height=\"20px\" viewBox=\"0 0 24 24\" fill=\"none\"><path d=\"M6 6H4v2h2V6zm14 0H8v2h12V6zM4 11h2v2H4v-2zm16 0H8v2h12v-2zM4 16h2v2H4v-2zm16 0H8v2h12v-2z\" fill=\"currentColor\"><\/path><\/svg><svg style=\"fill: #999;color:#999\" class=\"arrow-unsorted-368013\" xmlns=\"http:\/\/www.w3.org\/2000\/svg\" width=\"10px\" height=\"10px\" viewBox=\"0 0 24 24\" version=\"1.2\" baseProfile=\"tiny\"><path d=\"M18.2 9.3l-6.2-6.3-6.2 6.3c-.2.2-.3.4-.3.7s.1.5.3.7c.2.2.4.3.7.3h11c.3 0 .5-.1.7-.3.2-.2.3-.5.3-.7s-.1-.5-.3-.7zM5.8 14.7l6.2 6.3 6.2-6.3c.2-.2.3-.5.3-.7s-.1-.5-.3-.7c-.2-.2-.4-.3-.7-.3h-11c-.3 0-.5.1-.7.3-.2.2-.3.5-.3.7s.1.5.3.7z\"\/><\/svg><\/span><\/span><\/label><input type=\"checkbox\"  id=\"ez-toc-cssicon-toggle-item-69f4e39f1ba62\"  aria-label=\"Alternar\" \/><nav><ul class='ez-toc-list ez-toc-list-level-1 ' ><li class='ez-toc-page-1 ez-toc-heading-level-2'><a class=\"ez-toc-link ez-toc-heading-1\" href=\"https:\/\/www.clicars.com\/blog\/actualidad\/nuevo-bmw-i4\/#Tipo_de_coche\" >Tipo de coche<\/a><\/li><li class='ez-toc-page-1 ez-toc-heading-level-2'><a class=\"ez-toc-link ez-toc-heading-2\" href=\"https:\/\/www.clicars.com\/blog\/actualidad\/nuevo-bmw-i4\/#Diseno_exterior_del_BMW_i4\" >Dise\u00f1o exterior del BMW i4<\/a><\/li><li class='ez-toc-page-1 ez-toc-heading-level-2'><a class=\"ez-toc-link ez-toc-heading-3\" href=\"https:\/\/www.clicars.com\/blog\/actualidad\/nuevo-bmw-i4\/#Diseno_interior_del_BMW_i4\" >Dise\u00f1o interior del BMW i4<\/a><\/li><li class='ez-toc-page-1 ez-toc-heading-level-2'><a class=\"ez-toc-link ez-toc-heading-4\" href=\"https:\/\/www.clicars.com\/blog\/actualidad\/nuevo-bmw-i4\/#Autonomia_y_caracteristicas_tecnicas_del_BMW_i4\" >Autonom\u00eda y caracter\u00edsticas t\u00e9cnicas del BMW i4<\/a><\/li><li class='ez-toc-page-1 ez-toc-heading-level-2'><a class=\"ez-toc-link ez-toc-heading-5\" href=\"https:\/\/www.clicars.com\/blog\/actualidad\/nuevo-bmw-i4\/#Precio_de_salida_del_BMW_i4_electrico\" >Precio de salida del BMW i4 el\u00e9ctrico<\/a><\/li><\/ul><\/nav><\/div>\n\n<h2><span class=\"ez-toc-section\" id=\"Tipo_de_coche\"><\/span><span style=\"font-weight: 400;\">Tipo de coche<\/span><span class=\"ez-toc-section-end\"><\/span><\/h2>\n<p><span style=\"font-weight: 400;\">El BMW i4, de fabricaci\u00f3n en el a\u00f1o 2022, es un veh\u00edculo de tipo berlina perteneciente al segmento D que se ha convertido en una de las grandes apuestas de la marca. Este modelo de BMW es el\u00e9ctrico, muy similar al BMW Serie 4 Grand Coup\u00e9 en cuanto a dise\u00f1o.<\/span><\/p>\n<p><span style=\"font-weight: 400;\">En aspectos generales, este nuevo BMW i4 el\u00e9ctrico tiene 5 puertas, 5 plazas, un maletero de 470 l, una potencia entre 286 y 544 CV y un consumo de 1l\/100km. La autonom\u00eda, que se comentar\u00e1 a continuaci\u00f3n, es la gran apuesta de la marca alemana: ofrece 590 km para la versi\u00f3n cl\u00e1sica y 520 km para el modelo M50 (versi\u00f3n m\u00e1s premium del BMW i4).<\/span><\/p>\n<p><span style=\"font-weight: 400;\">Dentro de la gama media y alta encontramos grandes rivales de este BMW i4 como el Tesla Model 3 o el Polestar 2, ambos son berlinas el\u00e9ctricas.<\/span><\/p>\n<h2><span class=\"ez-toc-section\" id=\"Diseno_exterior_del_BMW_i4\"><\/span><span style=\"font-weight: 400;\">Dise\u00f1o exterior del BMW i4<\/span><span class=\"ez-toc-section-end\"><\/span><\/h2>\n<p><span style=\"font-weight: 400;\">El <\/span><b>BMW i4<\/b><span style=\"font-weight: 400;\"> es una evoluci\u00f3n el\u00e9ctrica del BMW Serie 4 Grand Coup\u00e9, a pesar de las especulaciones acerca de un espectacular prototipo presentado en 2017 y que en 2020 evolucion\u00f3 con el BMW i4 Concept (prototipo de un modelo futurista y deportivo que nunca lleg\u00f3 a fabricarse). Los cambios en su parrilla, ahora m\u00e1s inadvertida como sucede en algunos modelos con propulsores convencionales, lo asemeja tambi\u00e9n a modelos como el Audi e-tron GT o el Porsche Taycan.<\/span><\/p>\n<p><span style=\"font-weight: 400;\">El interior sigue la est\u00e9tica de la Serie 4 de BMW: dise\u00f1o din\u00e1mico, uso del azul de la marca en detalles de la carrocer\u00eda, llantas grandes y paragolpes delantero anguloso. El paragolpes trasero integra dos l\u00edneas azules que contrastan con el negro de la superficie y el blanco del veh\u00edculo.<\/span><\/p>\n<p><span style=\"font-weight: 400;\">En cuanto a las luces, el BMW i4 no ofrece grandes diferencias con respecto al BMW Serie 4. Las \u00f3pticas LED y la calandra son algo m\u00e1s sim\u00e9tricas y discretas. Esa tendencia tambi\u00e9n se aprecia en el techo, donde las l\u00edneas se estilizan creando una sensaci\u00f3n algo m\u00e1s elegante. El port\u00f3n del maletero no sobresale en exceso, BMW ha cuidado las dimensiones del veh\u00edculo al m\u00e1ximo.<\/span><\/p>\n<p><img loading=\"lazy\" decoding=\"async\" class=\"aligncenter size-full wp-image-11523\" src=\"https:\/\/www.clicars.com\/blog\/wp-content\/uploads\/2023\/04\/interior-bmw-i4-1.jpg\" alt=\"interior bmw i4\" width=\"980\" height=\"693\" srcset=\"https:\/\/www.clicars.com\/blog\/wp-content\/uploads\/2023\/04\/interior-bmw-i4-1.jpg 980w, https:\/\/www.clicars.com\/blog\/wp-content\/uploads\/2023\/04\/interior-bmw-i4-1-300x212.jpg 300w, https:\/\/www.clicars.com\/blog\/wp-content\/uploads\/2023\/04\/interior-bmw-i4-1-768x543.jpg 768w\" sizes=\"auto, (max-width: 980px) 100vw, 980px\" \/><\/p>\n<h2><span class=\"ez-toc-section\" id=\"Diseno_interior_del_BMW_i4\"><\/span><span style=\"font-weight: 400;\">Dise\u00f1o interior del BMW i4<\/span><span class=\"ez-toc-section-end\"><\/span><\/h2>\n<p><span style=\"font-weight: 400;\">El <\/span><b>interior del nuevo BMW i4<\/b><span style=\"font-weight: 400;\"> sigue la l\u00ednea de los modelos de la marca, aunque da algunas pistas de hacia d\u00f3nde ir\u00e1n los pasos en los pr\u00f3ximos a\u00f1os. En este veh\u00edculo encontramos una gran pantalla central de 20 pulgadas frente al salpicadero y un control central en la parte inferior. Los mandos f\u00edsicos se reducen, aunque siguen la tendencia de los modelos m\u00e1s modernos del mercado.<\/span><\/p>\n<p><span style=\"font-weight: 400;\">El veh\u00edculo tambi\u00e9n ha estilizado las l\u00edneas interiores en el salpicadero, la salida de aire y las guanteras. El BMW i4 crea un discurso coherente en cuanto al color, por lo que el azul tambi\u00e9n est\u00e1 presente en el interior del veh\u00edculo, por ejemplo, en el cuadro de mandos f\u00edsico.<\/span><\/p>\n<p><span style=\"font-weight: 400;\">Este modelo de la marca alemana integra la \u00faltima generaci\u00f3n del sistema BMW iDrive, compatible con Apple CarPlay y Android Auto, lo que mejora la conectividad del veh\u00edculo.<\/span><\/p>\n<p><span style=\"font-weight: 400;\">En cuanto a las medidas interiores del BMW i4, la capacidad total es de 1.290 litros para 5 pasajeros. El maletero se integra en la parte trasera, no hay maletero delantero, y tiene una capacidad de 470 litros.<\/span><\/p>\n<h2><span class=\"ez-toc-section\" id=\"Autonomia_y_caracteristicas_tecnicas_del_BMW_i4\"><\/span><span style=\"font-weight: 400;\">Autonom\u00eda y caracter\u00edsticas t\u00e9cnicas del BMW i4<\/span><span class=\"ez-toc-section-end\"><\/span><\/h2>\n<p><span style=\"font-weight: 400;\">El BMW i4 es la cuarta generaci\u00f3n de veh\u00edculos de propulsi\u00f3n eDrive de la marca. En este caso, el nuevo BMW i4 permite dos motorizaciones: el i4 eDrive de 340 CV y el i4 M50 de 544 CV para los conductores m\u00e1s exigentes. Ambas versiones cuentan con una bater\u00eda de iones de litio de 80,7 kWh con una carga r\u00e1pida de 205 kW en corriente continua y de 11 kW en corriente alterna.<\/span><\/p>\n<p><span style=\"font-weight: 400;\">La <\/span><b>autonom\u00eda del BMW i4<\/b><span style=\"font-weight: 400;\"> es de 589 km para el modelo i4 eDrive de 340 CV y de 520 km para el M50 de 544 CV. Esto sit\u00faa al i4 como uno de los veh\u00edculos el\u00e9ctricos con mayor autonom\u00eda del mercado. El BMW i4 y el M50 cumplen con el procedimiento WLTP, est\u00e1ndar global que determina los niveles de contaminantes y el consumo de combustible de los veh\u00edculos, siendo uno de los mejores posicionados. Este el\u00e9ctrico podr\u00e1 circular como m\u00ednimo 510-520 km entre recargas, siempre dependiendo del modo de conducci\u00f3n.<\/span><\/p>\n<p><span style=\"font-weight: 400;\">La palanca selectora del veh\u00edculo permite elegir la posici\u00f3n \u201cD\u201d, que regenera la bater\u00eda (hasta un m\u00e1ximo de 116 kilovatios) y adapta el consumo a las condiciones del tr\u00e1fico. El nivel \u201cB\u201d aprovecha al m\u00e1ximo la tecnolog\u00eda iDrive mediante inteligencia artificial y permite la conducci\u00f3n \u201cone pedal\u201d.<\/span><\/p>\n<p><span style=\"font-weight: 400;\">Las prestaciones del BMW i4 y el BMW i4 M50 no tienen nada que envidiar a las de otros modelos deportivos de gama media y alta del mercado. El BMW i4 M50 es la versi\u00f3n premium y tiene caracter\u00edsticas como el doble motor el\u00e9ctrico con una potencia de 544 CV y un par en ambos ejes de 795 Nm. Este modelo tiene un aspecto algo m\u00e1s deportivo que el BMW i4.<\/span><\/p>\n<p><span style=\"font-weight: 400;\">La aceleraci\u00f3n del BMW i4 M50 lo ha situado como uno de los veh\u00edculos el\u00e9ctricos con mejores prestaciones en cuanto a motor. El modelo es capaz de acelerar de cero a 100 km\/h en unos cuatro segundos y tiene una velocidad punta de 225 km\/h. Estas cifras lo acercan a veh\u00edculos como el Tesla Model 3, que alcanza los 100 km en 3,5 segundos.<\/span><\/p>\n<h2><span class=\"ez-toc-section\" id=\"Precio_de_salida_del_BMW_i4_electrico\"><\/span><span style=\"font-weight: 400;\">Precio de salida del BMW i4 el\u00e9ctrico<\/span><span class=\"ez-toc-section-end\"><\/span><\/h2>\n<p><span style=\"font-weight: 400;\">El<\/span><b> precio de salida del nuevo BMW i4 el\u00e9ctrico<\/b><span style=\"font-weight: 400;\"> es ajustado a su p\u00fablico (gama media-alta) con una comercializaci\u00f3n de 57.100\u20ac para el modelo m\u00e1s econ\u00f3mico. La versi\u00f3n i4 M50 con mayores prestaciones tiene un precio de salida de 61.900\u20ac. Estos precios se conocen en base a la presentaci\u00f3n que realiz\u00f3 la marca en marzo de 2021.<\/span><\/p>\n<p>&nbsp;<\/p>\n","protected":false},"excerpt":{"rendered":"<p>El BMW i4 el\u00e9ctrico es una berlina tipo D que apuesta por la estilizaci\u00f3n de&#8230;<\/p>\n","protected":false},"author":2,"featured_media":11522,"comment_status":"closed","ping_status":"closed","sticky":false,"template":"","format":"standard","meta":{"footnotes":""},"categories":[5],"tags":[],"class_list":{"0":"post-11521","1":"post","2":"type-post","3":"status-publish","4":"format-standard","5":"has-post-thumbnail","7":"category-actualidad"},"yoast_head":"<!-- This site is optimized with the Yoast SEO plugin v26.8 - https:\/\/yoast.com\/product\/yoast-seo-wordpress\/ -->\n<title>BMW i4, an\u00e1lisis en detalle. Todo sobre el modelo - Clicars Blog<\/title>\n<meta name=\"description\" content=\"\u25b7 \u00bfQuieres saberlo todo sobre el nuevo BMW i4? Analizamos su precio y todos sus detalles. No te lo pierdas en nuestro blog.\" \/>\n<meta name=\"robots\" content=\"index, follow, max-snippet:-1, max-image-preview:large, max-video-preview:-1\" \/>\n<link rel=\"canonical\" href=\"https:\/\/www.clicars.com\/blog\/actualidad\/nuevo-bmw-i4\/\" \/>\n<meta property=\"og:locale\" content=\"es_ES\" \/>\n<meta property=\"og:type\" content=\"article\" \/>\n<meta property=\"og:title\" content=\"BMW i4, an\u00e1lisis en detalle. Todo sobre el modelo - Clicars Blog\" \/>\n<meta property=\"og:description\" content=\"\u25b7 \u00bfQuieres saberlo todo sobre el nuevo BMW i4? Analizamos su precio y todos sus detalles. No te lo pierdas en nuestro blog.\" \/>\n<meta property=\"og:url\" content=\"https:\/\/www.clicars.com\/blog\/actualidad\/nuevo-bmw-i4\/\" \/>\n<meta property=\"og:site_name\" content=\"Clicars\" \/>\n<meta property=\"article:published_time\" content=\"2023-04-13T09:01:18+00:00\" \/>\n<meta property=\"og:image\" content=\"https:\/\/www.clicars.com\/blog\/wp-content\/uploads\/2023\/04\/nuevo-bmw-i4-1.jpg\" \/>\n\t<meta property=\"og:image:width\" content=\"980\" \/>\n\t<meta property=\"og:image:height\" content=\"818\" \/>\n\t<meta property=\"og:image:type\" content=\"image\/jpeg\" \/>\n<meta name=\"author\" content=\"Clicars\" \/>\n<meta name=\"twitter:card\" content=\"summary_large_image\" \/>\n<meta name=\"twitter:label1\" content=\"Escrito por\" \/>\n\t<meta name=\"twitter:data1\" content=\"Clicars\" \/>\n\t<meta name=\"twitter:label2\" content=\"Tiempo de lectura\" \/>\n\t<meta name=\"twitter:data2\" content=\"5 minutos\" \/>\n<script type=\"application\/ld+json\" class=\"yoast-schema-graph\">{\"@context\":\"https:\/\/schema.org\",\"@graph\":[{\"@type\":\"Article\",\"@id\":\"https:\/\/www.clicars.com\/blog\/actualidad\/nuevo-bmw-i4\/#article\",\"isPartOf\":{\"@id\":\"https:\/\/www.clicars.com\/blog\/actualidad\/nuevo-bmw-i4\/\"},\"author\":{\"name\":\"Clicars\",\"@id\":\"https:\/\/www.clicars.com\/blog\/#\/schema\/person\/af686c41ba96962c68871392bf2bb62d\"},\"headline\":\"BMW i4, an\u00e1lisis en detalle\",\"datePublished\":\"2023-04-13T09:01:18+00:00\",\"mainEntityOfPage\":{\"@id\":\"https:\/\/www.clicars.com\/blog\/actualidad\/nuevo-bmw-i4\/\"},\"wordCount\":1072,\"image\":{\"@id\":\"https:\/\/www.clicars.com\/blog\/actualidad\/nuevo-bmw-i4\/#primaryimage\"},\"thumbnailUrl\":\"https:\/\/www.clicars.com\/blog\/wp-content\/uploads\/2023\/04\/nuevo-bmw-i4-1.jpg\",\"articleSection\":[\"Actualidad\"],\"inLanguage\":\"es\"},{\"@type\":[\"WebPage\",\"ItemPage\"],\"@id\":\"https:\/\/www.clicars.com\/blog\/actualidad\/nuevo-bmw-i4\/\",\"url\":\"https:\/\/www.clicars.com\/blog\/actualidad\/nuevo-bmw-i4\/\",\"name\":\"BMW i4, an\u00e1lisis en detalle. Todo sobre el modelo - Clicars Blog\",\"isPartOf\":{\"@id\":\"https:\/\/www.clicars.com\/blog\/#website\"},\"primaryImageOfPage\":{\"@id\":\"https:\/\/www.clicars.com\/blog\/actualidad\/nuevo-bmw-i4\/#primaryimage\"},\"image\":{\"@id\":\"https:\/\/www.clicars.com\/blog\/actualidad\/nuevo-bmw-i4\/#primaryimage\"},\"thumbnailUrl\":\"https:\/\/www.clicars.com\/blog\/wp-content\/uploads\/2023\/04\/nuevo-bmw-i4-1.jpg\",\"datePublished\":\"2023-04-13T09:01:18+00:00\",\"author\":{\"@id\":\"https:\/\/www.clicars.com\/blog\/#\/schema\/person\/af686c41ba96962c68871392bf2bb62d\"},\"description\":\"\u25b7 \u00bfQuieres saberlo todo sobre el nuevo BMW i4? Analizamos su precio y todos sus detalles. No te lo pierdas en nuestro blog.\",\"breadcrumb\":{\"@id\":\"https:\/\/www.clicars.com\/blog\/actualidad\/nuevo-bmw-i4\/#breadcrumb\"},\"inLanguage\":\"es\",\"potentialAction\":[{\"@type\":\"ReadAction\",\"target\":[\"https:\/\/www.clicars.com\/blog\/actualidad\/nuevo-bmw-i4\/\"]}]},{\"@type\":\"ImageObject\",\"inLanguage\":\"es\",\"@id\":\"https:\/\/www.clicars.com\/blog\/actualidad\/nuevo-bmw-i4\/#primaryimage\",\"url\":\"https:\/\/www.clicars.com\/blog\/wp-content\/uploads\/2023\/04\/nuevo-bmw-i4-1.jpg\",\"contentUrl\":\"https:\/\/www.clicars.com\/blog\/wp-content\/uploads\/2023\/04\/nuevo-bmw-i4-1.jpg\",\"width\":980,\"height\":818,\"caption\":\"nuevo bmw i4\"},{\"@type\":\"BreadcrumbList\",\"@id\":\"https:\/\/www.clicars.com\/blog\/actualidad\/nuevo-bmw-i4\/#breadcrumb\",\"itemListElement\":[{\"@type\":\"ListItem\",\"position\":1,\"name\":\"Portada\",\"item\":\"https:\/\/www.clicars.com\/blog\/\"},{\"@type\":\"ListItem\",\"position\":2,\"name\":\"BMW i4, an\u00e1lisis en detalle\"}]},{\"@type\":\"WebSite\",\"@id\":\"https:\/\/www.clicars.com\/blog\/#website\",\"url\":\"https:\/\/www.clicars.com\/blog\/\",\"name\":\"Clicars\",\"description\":\"Compra tu coche de Buena Mano sin moverte de casa\",\"inLanguage\":\"es\"},{\"@type\":\"Person\",\"@id\":\"https:\/\/www.clicars.com\/blog\/#\/schema\/person\/af686c41ba96962c68871392bf2bb62d\",\"name\":\"Clicars\",\"image\":{\"@type\":\"ImageObject\",\"inLanguage\":\"es\",\"@id\":\"https:\/\/www.clicars.com\/blog\/#\/schema\/person\/image\/\",\"url\":\"https:\/\/secure.gravatar.com\/avatar\/3100622b0023049db14165cdba9dadaa9159743b871e83e440a0df9a70f80e56?s=96&d=mm&r=g\",\"contentUrl\":\"https:\/\/secure.gravatar.com\/avatar\/3100622b0023049db14165cdba9dadaa9159743b871e83e440a0df9a70f80e56?s=96&d=mm&r=g\",\"caption\":\"Clicars\"},\"sameAs\":[\"https:\/\/www.clicars.com\"],\"url\":\"https:\/\/www.clicars.com\/blog\/author\/clicars\/\"}]}<\/script>\n<!-- \/ Yoast SEO plugin. -->","yoast_head_json":{"title":"BMW i4, an\u00e1lisis en detalle. Todo sobre el modelo - Clicars Blog","description":"\u25b7 \u00bfQuieres saberlo todo sobre el nuevo BMW i4? Analizamos su precio y todos sus detalles. No te lo pierdas en nuestro blog.","robots":{"index":"index","follow":"follow","max-snippet":"max-snippet:-1","max-image-preview":"max-image-preview:large","max-video-preview":"max-video-preview:-1"},"canonical":"https:\/\/www.clicars.com\/blog\/actualidad\/nuevo-bmw-i4\/","og_locale":"es_ES","og_type":"article","og_title":"BMW i4, an\u00e1lisis en detalle. Todo sobre el modelo - Clicars Blog","og_description":"\u25b7 \u00bfQuieres saberlo todo sobre el nuevo BMW i4? Analizamos su precio y todos sus detalles. No te lo pierdas en nuestro blog.","og_url":"https:\/\/www.clicars.com\/blog\/actualidad\/nuevo-bmw-i4\/","og_site_name":"Clicars","article_published_time":"2023-04-13T09:01:18+00:00","og_image":[{"width":980,"height":818,"url":"https:\/\/www.clicars.com\/blog\/wp-content\/uploads\/2023\/04\/nuevo-bmw-i4-1.jpg","type":"image\/jpeg"}],"author":"Clicars","twitter_card":"summary_large_image","twitter_misc":{"Escrito por":"Clicars","Tiempo de lectura":"5 minutos"},"schema":{"@context":"https:\/\/schema.org","@graph":[{"@type":"Article","@id":"https:\/\/www.clicars.com\/blog\/actualidad\/nuevo-bmw-i4\/#article","isPartOf":{"@id":"https:\/\/www.clicars.com\/blog\/actualidad\/nuevo-bmw-i4\/"},"author":{"name":"Clicars","@id":"https:\/\/www.clicars.com\/blog\/#\/schema\/person\/af686c41ba96962c68871392bf2bb62d"},"headline":"BMW i4, an\u00e1lisis en detalle","datePublished":"2023-04-13T09:01:18+00:00","mainEntityOfPage":{"@id":"https:\/\/www.clicars.com\/blog\/actualidad\/nuevo-bmw-i4\/"},"wordCount":1072,"image":{"@id":"https:\/\/www.clicars.com\/blog\/actualidad\/nuevo-bmw-i4\/#primaryimage"},"thumbnailUrl":"https:\/\/www.clicars.com\/blog\/wp-content\/uploads\/2023\/04\/nuevo-bmw-i4-1.jpg","articleSection":["Actualidad"],"inLanguage":"es"},{"@type":["WebPage","ItemPage"],"@id":"https:\/\/www.clicars.com\/blog\/actualidad\/nuevo-bmw-i4\/","url":"https:\/\/www.clicars.com\/blog\/actualidad\/nuevo-bmw-i4\/","name":"BMW i4, an\u00e1lisis en detalle. Todo sobre el modelo - Clicars Blog","isPartOf":{"@id":"https:\/\/www.clicars.com\/blog\/#website"},"primaryImageOfPage":{"@id":"https:\/\/www.clicars.com\/blog\/actualidad\/nuevo-bmw-i4\/#primaryimage"},"image":{"@id":"https:\/\/www.clicars.com\/blog\/actualidad\/nuevo-bmw-i4\/#primaryimage"},"thumbnailUrl":"https:\/\/www.clicars.com\/blog\/wp-content\/uploads\/2023\/04\/nuevo-bmw-i4-1.jpg","datePublished":"2023-04-13T09:01:18+00:00","author":{"@id":"https:\/\/www.clicars.com\/blog\/#\/schema\/person\/af686c41ba96962c68871392bf2bb62d"},"description":"\u25b7 \u00bfQuieres saberlo todo sobre el nuevo BMW i4? Analizamos su precio y todos sus detalles. No te lo pierdas en nuestro blog.","breadcrumb":{"@id":"https:\/\/www.clicars.com\/blog\/actualidad\/nuevo-bmw-i4\/#breadcrumb"},"inLanguage":"es","potentialAction":[{"@type":"ReadAction","target":["https:\/\/www.clicars.com\/blog\/actualidad\/nuevo-bmw-i4\/"]}]},{"@type":"ImageObject","inLanguage":"es","@id":"https:\/\/www.clicars.com\/blog\/actualidad\/nuevo-bmw-i4\/#primaryimage","url":"https:\/\/www.clicars.com\/blog\/wp-content\/uploads\/2023\/04\/nuevo-bmw-i4-1.jpg","contentUrl":"https:\/\/www.clicars.com\/blog\/wp-content\/uploads\/2023\/04\/nuevo-bmw-i4-1.jpg","width":980,"height":818,"caption":"nuevo bmw i4"},{"@type":"BreadcrumbList","@id":"https:\/\/www.clicars.com\/blog\/actualidad\/nuevo-bmw-i4\/#breadcrumb","itemListElement":[{"@type":"ListItem","position":1,"name":"Portada","item":"https:\/\/www.clicars.com\/blog\/"},{"@type":"ListItem","position":2,"name":"BMW i4, an\u00e1lisis en detalle"}]},{"@type":"WebSite","@id":"https:\/\/www.clicars.com\/blog\/#website","url":"https:\/\/www.clicars.com\/blog\/","name":"Clicars","description":"Compra tu coche de Buena Mano sin moverte de casa","inLanguage":"es"},{"@type":"Person","@id":"https:\/\/www.clicars.com\/blog\/#\/schema\/person\/af686c41ba96962c68871392bf2bb62d","name":"Clicars","image":{"@type":"ImageObject","inLanguage":"es","@id":"https:\/\/www.clicars.com\/blog\/#\/schema\/person\/image\/","url":"https:\/\/secure.gravatar.com\/avatar\/3100622b0023049db14165cdba9dadaa9159743b871e83e440a0df9a70f80e56?s=96&d=mm&r=g","contentUrl":"https:\/\/secure.gravatar.com\/avatar\/3100622b0023049db14165cdba9dadaa9159743b871e83e440a0df9a70f80e56?s=96&d=mm&r=g","caption":"Clicars"},"sameAs":["https:\/\/www.clicars.com"],"url":"https:\/\/www.clicars.com\/blog\/author\/clicars\/"}]}},"_links":{"self":[{"href":"https:\/\/www.clicars.com\/blog\/wp-json\/wp\/v2\/posts\/11521","targetHints":{"allow":["GET"]}}],"collection":[{"href":"https:\/\/www.clicars.com\/blog\/wp-json\/wp\/v2\/posts"}],"about":[{"href":"https:\/\/www.clicars.com\/blog\/wp-json\/wp\/v2\/types\/post"}],"author":[{"embeddable":true,"href":"https:\/\/www.clicars.com\/blog\/wp-json\/wp\/v2\/users\/2"}],"replies":[{"embeddable":true,"href":"https:\/\/www.clicars.com\/blog\/wp-json\/wp\/v2\/comments?post=11521"}],"version-history":[{"count":2,"href":"https:\/\/www.clicars.com\/blog\/wp-json\/wp\/v2\/posts\/11521\/revisions"}],"predecessor-version":[{"id":11538,"href":"https:\/\/www.clicars.com\/blog\/wp-json\/wp\/v2\/posts\/11521\/revisions\/11538"}],"wp:featuredmedia":[{"embeddable":true,"href":"https:\/\/www.clicars.com\/blog\/wp-json\/wp\/v2\/media\/11522"}],"wp:attachment":[{"href":"https:\/\/www.clicars.com\/blog\/wp-json\/wp\/v2\/media?parent=11521"}],"wp:term":[{"taxonomy":"category","embeddable":true,"href":"https:\/\/www.clicars.com\/blog\/wp-json\/wp\/v2\/categories?post=11521"},{"taxonomy":"post_tag","embeddable":true,"href":"https:\/\/www.clicars.com\/blog\/wp-json\/wp\/v2\/tags?post=11521"}],"curies":[{"name":"wp","href":"https:\/\/api.w.org\/{rel}","templated":true}]}}