{"id":11614,"date":"2023-05-03T11:24:57","date_gmt":"2023-05-03T09:24:57","guid":{"rendered":"https:\/\/www.clicars.com\/blog\/?p=11614"},"modified":"2023-05-03T11:24:57","modified_gmt":"2023-05-03T09:24:57","slug":"zona-de-bajas-emisiones-de-malaga","status":"publish","type":"post","link":"https:\/\/www.clicars.com\/blog\/actualidad\/zona-de-bajas-emisiones-de-malaga\/","title":{"rendered":"Zona de Bajas Emisiones de M\u00e1laga, ponte al d\u00eda"},"content":{"rendered":"<p><span style=\"font-weight: 400;\">La <\/span><b>Ley de Cambio Clim\u00e1tico<\/b><span style=\"font-weight: 400;\"> establece la creaci\u00f3n de zonas de bajas emisiones en las ciudades con m\u00e1s de 50.000 habitantes durante este a\u00f1o 2023. No obstante, la<\/span><b> Zona de Bajas Emisiones de M\u00e1laga <\/b><span style=\"font-weight: 400;\">entrar\u00e1 en vigor el pr\u00f3ximo 1 de enero de 2024.<\/span><\/p>\n<p><span style=\"font-weight: 400;\">En la actualidad,<\/span> <span style=\"font-weight: 400;\">M\u00e1laga<\/span><span style=\"font-weight: 400;\"> sigue implantando los sensores y los medios necesarios para que la Zona de Bajas Emisiones comience a funcionar en los pr\u00f3ximos meses. Esta nueva \u00e1rea no permitir\u00e1 el acceso de veh\u00edculos sin etiqueta medioambiental de la Direcci\u00f3n General de Tr\u00e1fico.<\/span><\/p>\n<p><span style=\"font-weight: 400;\">Adem\u00e1s, la normativa, seg\u00fan fuentes del consistorio malague\u00f1o, pretende que los veh\u00edculos dejen de circular por el centro para buscar aparcamiento. Es importante destacar que los residentes podr\u00e1n seguir circulando por la <\/span><b>zona de bajas emisiones<\/b><span style=\"font-weight: 400;\">, as\u00ed como los conductores que se dirijan a un estacionamiento p\u00fablico o a una plaza de aparcamiento privada.<\/span><\/p>\n<h2><b>C\u00f3mo ser\u00e1 la Zona de Bajas Emisiones de M\u00e1laga<\/b><\/h2>\n<p><span style=\"font-weight: 400;\">La nueva zona de bajas emisiones tendr\u00e1 una extensi\u00f3n de <\/span><b>437 hect\u00e1reas<\/b><span style=\"font-weight: 400;\"> y estar\u00e1 controlada por 97 puntos con diferentes c\u00e1maras y\/o sensores que registrar\u00e1n las matr\u00edculas de los veh\u00edculos que accedan.<\/span><\/p>\n<p><span style=\"font-weight: 400;\">Este sistema es muy similar al que est\u00e1 vigente en ciudades como Madrid o Barcelona. En un primer momento, la ZBE de M\u00e1laga contar\u00e1 con una \u201cl\u00ednea dura\u201d que coarte el paso de los veh\u00edculos m\u00e1s contaminantes.<\/span><\/p>\n<p><span style=\"font-weight: 400;\">Podemos decir que la creaci\u00f3n de esta \u00e1rea dividir\u00e1 M\u00e1laga en tres zonas; <strong>per\u00edmetro general, centro hist\u00f3rico y el entorno de inter\u00e9s protegido que comienza en El Perchel hasta el Paseo de Sancha y el per\u00edmetro del Soho.<\/strong><\/span><\/p>\n<p><span style=\"font-weight: 400;\">Con la implantaci\u00f3n de la zona se mejorar\u00e1 la calidad del aire, se impulsar\u00e1 la movilidad sostenible y se reducir\u00e1 el nivel de ruido en el centro de la ciudad. Por tanto, si est\u00e1s pensando en cambiar de coche por uno m\u00e1s responsable con el medio ambiente<\/span>.<\/p>\n<p><img loading=\"lazy\" decoding=\"async\" class=\"aligncenter size-full wp-image-11616\" src=\"https:\/\/www.clicars.com\/blog\/wp-content\/uploads\/2023\/05\/zbe-malaga.jpg\" alt=\"zbe malaga\" width=\"980\" height=\"735\" \/><\/p>\n<h3>Centro hist\u00f3rico y per\u00edmetro del Soho<\/h3>\n<p>A esta zona quedar\u00e1 limitado el acceso a veh\u00edculos autorizados. Tambi\u00e9n, se permitir\u00e1 el acceso a los parkings p\u00fablicos, posteriormente se comprobar\u00e1 con el listado de matr\u00edcula de estos aparcamientos que el coche efectivamente ha hecho uso del parking p\u00fablico.<\/p>\n<h3>Per\u00edmetro general<\/h3>\n<p>En esta \u00e1rea queda restringido el acceso seg\u00fan el etiquetado de la DGT actual. Esto puede ir endureci\u00e9ndose con el tiempo.<\/p>\n<h3>Permisos temporales<\/h3>\n<p>Por \u00faltimo, se permitir\u00e1 a los residentes emitir permisos temporales a trav\u00e9s de una app para que tengan posibilidad de recibir visitas. Tambi\u00e9n, existir\u00e1 la posibilidad de acceder mediante pago previo. Todo ser\u00e1 gestionado a trav\u00e9s de la misma app. Imprescindible para los Malague\u00f1os que quieran acceder al centro cuando entren en vigor estas restricciones.<\/p>\n<p>Ahora ya sabes cu\u00e1les son las medidas que entrar\u00e1n en vigor para circular en <a href=\"https:\/\/www.clicars.com\/coches-segunda-mano-ocasion\/malaga\">coche por M\u00e1laga<\/a>.<\/p>\n","protected":false},"excerpt":{"rendered":"<p>La Ley de Cambio Clim\u00e1tico establece la creaci\u00f3n de zonas de bajas emisiones en las&#8230;<\/p>\n","protected":false},"author":2,"featured_media":11615,"comment_status":"closed","ping_status":"closed","sticky":false,"template":"","format":"standard","meta":{"footnotes":""},"categories":[5],"tags":[],"class_list":{"0":"post-11614","1":"post","2":"type-post","3":"status-publish","4":"format-standard","5":"has-post-thumbnail","7":"category-actualidad"},"yoast_head":"<!-- This site is optimized with the Yoast SEO plugin v26.8 - https:\/\/yoast.com\/product\/yoast-seo-wordpress\/ -->\n<title>\u27a4Zona de Bajas Emisiones de M\u00e1laga, ponte al d\u00eda - Clicars Blog<\/title>\n<meta name=\"description\" content=\"\u2713 Todo sobre la Zona de Bajas Emisiones de M\u00e1laga. D\u00f3nde empieza y sus limitaciones. \u00bfSabes qu\u00e9 d\u00eda entra en vigor?\" \/>\n<meta name=\"robots\" content=\"index, follow, max-snippet:-1, max-image-preview:large, max-video-preview:-1\" \/>\n<link rel=\"canonical\" href=\"https:\/\/www.clicars.com\/blog\/actualidad\/zona-de-bajas-emisiones-de-malaga\/\" \/>\n<meta property=\"og:locale\" content=\"es_ES\" \/>\n<meta property=\"og:type\" content=\"article\" \/>\n<meta property=\"og:title\" content=\"\u27a4Zona de Bajas Emisiones de M\u00e1laga, ponte al d\u00eda - Clicars Blog\" \/>\n<meta property=\"og:description\" content=\"\u2713 Todo sobre la Zona de Bajas Emisiones de M\u00e1laga. D\u00f3nde empieza y sus limitaciones. \u00bfSabes qu\u00e9 d\u00eda entra en vigor?\" \/>\n<meta property=\"og:url\" content=\"https:\/\/www.clicars.com\/blog\/actualidad\/zona-de-bajas-emisiones-de-malaga\/\" \/>\n<meta property=\"og:site_name\" content=\"Clicars\" \/>\n<meta property=\"article:published_time\" content=\"2023-05-03T09:24:57+00:00\" \/>\n<meta property=\"og:image\" content=\"https:\/\/www.clicars.com\/blog\/wp-content\/uploads\/2023\/05\/zona-bajas-emisiones-malaga.jpg\" \/>\n\t<meta property=\"og:image:width\" content=\"980\" \/>\n\t<meta property=\"og:image:height\" content=\"735\" \/>\n\t<meta property=\"og:image:type\" content=\"image\/jpeg\" \/>\n<meta name=\"author\" content=\"Clicars\" \/>\n<meta name=\"twitter:card\" content=\"summary_large_image\" \/>\n<meta name=\"twitter:label1\" content=\"Escrito por\" \/>\n\t<meta name=\"twitter:data1\" content=\"Clicars\" \/>\n\t<meta name=\"twitter:label2\" content=\"Tiempo de lectura\" \/>\n\t<meta name=\"twitter:data2\" content=\"3 minutos\" \/>\n<script type=\"application\/ld+json\" class=\"yoast-schema-graph\">{\"@context\":\"https:\/\/schema.org\",\"@graph\":[{\"@type\":\"Article\",\"@id\":\"https:\/\/www.clicars.com\/blog\/actualidad\/zona-de-bajas-emisiones-de-malaga\/#article\",\"isPartOf\":{\"@id\":\"https:\/\/www.clicars.com\/blog\/actualidad\/zona-de-bajas-emisiones-de-malaga\/\"},\"author\":{\"name\":\"Clicars\",\"@id\":\"https:\/\/www.clicars.com\/blog\/#\/schema\/person\/af686c41ba96962c68871392bf2bb62d\"},\"headline\":\"Zona de Bajas Emisiones de M\u00e1laga, ponte al d\u00eda\",\"datePublished\":\"2023-05-03T09:24:57+00:00\",\"mainEntityOfPage\":{\"@id\":\"https:\/\/www.clicars.com\/blog\/actualidad\/zona-de-bajas-emisiones-de-malaga\/\"},\"wordCount\":509,\"image\":{\"@id\":\"https:\/\/www.clicars.com\/blog\/actualidad\/zona-de-bajas-emisiones-de-malaga\/#primaryimage\"},\"thumbnailUrl\":\"https:\/\/www.clicars.com\/blog\/wp-content\/uploads\/2023\/05\/zona-bajas-emisiones-malaga.jpg\",\"articleSection\":[\"Actualidad\"],\"inLanguage\":\"es\"},{\"@type\":[\"WebPage\",\"ItemPage\"],\"@id\":\"https:\/\/www.clicars.com\/blog\/actualidad\/zona-de-bajas-emisiones-de-malaga\/\",\"url\":\"https:\/\/www.clicars.com\/blog\/actualidad\/zona-de-bajas-emisiones-de-malaga\/\",\"name\":\"\u27a4Zona de Bajas Emisiones de M\u00e1laga, ponte al d\u00eda - Clicars Blog\",\"isPartOf\":{\"@id\":\"https:\/\/www.clicars.com\/blog\/#website\"},\"primaryImageOfPage\":{\"@id\":\"https:\/\/www.clicars.com\/blog\/actualidad\/zona-de-bajas-emisiones-de-malaga\/#primaryimage\"},\"image\":{\"@id\":\"https:\/\/www.clicars.com\/blog\/actualidad\/zona-de-bajas-emisiones-de-malaga\/#primaryimage\"},\"thumbnailUrl\":\"https:\/\/www.clicars.com\/blog\/wp-content\/uploads\/2023\/05\/zona-bajas-emisiones-malaga.jpg\",\"datePublished\":\"2023-05-03T09:24:57+00:00\",\"author\":{\"@id\":\"https:\/\/www.clicars.com\/blog\/#\/schema\/person\/af686c41ba96962c68871392bf2bb62d\"},\"description\":\"\u2713 Todo sobre la Zona de Bajas Emisiones de M\u00e1laga. D\u00f3nde empieza y sus limitaciones. \u00bfSabes qu\u00e9 d\u00eda entra en vigor?\",\"breadcrumb\":{\"@id\":\"https:\/\/www.clicars.com\/blog\/actualidad\/zona-de-bajas-emisiones-de-malaga\/#breadcrumb\"},\"inLanguage\":\"es\",\"potentialAction\":[{\"@type\":\"ReadAction\",\"target\":[\"https:\/\/www.clicars.com\/blog\/actualidad\/zona-de-bajas-emisiones-de-malaga\/\"]}]},{\"@type\":\"ImageObject\",\"inLanguage\":\"es\",\"@id\":\"https:\/\/www.clicars.com\/blog\/actualidad\/zona-de-bajas-emisiones-de-malaga\/#primaryimage\",\"url\":\"https:\/\/www.clicars.com\/blog\/wp-content\/uploads\/2023\/05\/zona-bajas-emisiones-malaga.jpg\",\"contentUrl\":\"https:\/\/www.clicars.com\/blog\/wp-content\/uploads\/2023\/05\/zona-bajas-emisiones-malaga.jpg\",\"width\":980,\"height\":735,\"caption\":\"zona bajas emisiones malaga\"},{\"@type\":\"BreadcrumbList\",\"@id\":\"https:\/\/www.clicars.com\/blog\/actualidad\/zona-de-bajas-emisiones-de-malaga\/#breadcrumb\",\"itemListElement\":[{\"@type\":\"ListItem\",\"position\":1,\"name\":\"Portada\",\"item\":\"https:\/\/www.clicars.com\/blog\/\"},{\"@type\":\"ListItem\",\"position\":2,\"name\":\"Zona de Bajas Emisiones de M\u00e1laga, ponte al d\u00eda\"}]},{\"@type\":\"WebSite\",\"@id\":\"https:\/\/www.clicars.com\/blog\/#website\",\"url\":\"https:\/\/www.clicars.com\/blog\/\",\"name\":\"Clicars\",\"description\":\"Compra tu coche de Buena Mano sin moverte de casa\",\"inLanguage\":\"es\"},{\"@type\":\"Person\",\"@id\":\"https:\/\/www.clicars.com\/blog\/#\/schema\/person\/af686c41ba96962c68871392bf2bb62d\",\"name\":\"Clicars\",\"image\":{\"@type\":\"ImageObject\",\"inLanguage\":\"es\",\"@id\":\"https:\/\/www.clicars.com\/blog\/#\/schema\/person\/image\/\",\"url\":\"https:\/\/secure.gravatar.com\/avatar\/3100622b0023049db14165cdba9dadaa9159743b871e83e440a0df9a70f80e56?s=96&d=mm&r=g\",\"contentUrl\":\"https:\/\/secure.gravatar.com\/avatar\/3100622b0023049db14165cdba9dadaa9159743b871e83e440a0df9a70f80e56?s=96&d=mm&r=g\",\"caption\":\"Clicars\"},\"sameAs\":[\"https:\/\/www.clicars.com\"],\"url\":\"https:\/\/www.clicars.com\/blog\/author\/clicars\/\"}]}<\/script>\n<!-- \/ Yoast SEO plugin. -->","yoast_head_json":{"title":"\u27a4Zona de Bajas Emisiones de M\u00e1laga, ponte al d\u00eda - Clicars Blog","description":"\u2713 Todo sobre la Zona de Bajas Emisiones de M\u00e1laga. D\u00f3nde empieza y sus limitaciones. \u00bfSabes qu\u00e9 d\u00eda entra en vigor?","robots":{"index":"index","follow":"follow","max-snippet":"max-snippet:-1","max-image-preview":"max-image-preview:large","max-video-preview":"max-video-preview:-1"},"canonical":"https:\/\/www.clicars.com\/blog\/actualidad\/zona-de-bajas-emisiones-de-malaga\/","og_locale":"es_ES","og_type":"article","og_title":"\u27a4Zona de Bajas Emisiones de M\u00e1laga, ponte al d\u00eda - Clicars Blog","og_description":"\u2713 Todo sobre la Zona de Bajas Emisiones de M\u00e1laga. D\u00f3nde empieza y sus limitaciones. \u00bfSabes qu\u00e9 d\u00eda entra en vigor?","og_url":"https:\/\/www.clicars.com\/blog\/actualidad\/zona-de-bajas-emisiones-de-malaga\/","og_site_name":"Clicars","article_published_time":"2023-05-03T09:24:57+00:00","og_image":[{"width":980,"height":735,"url":"https:\/\/www.clicars.com\/blog\/wp-content\/uploads\/2023\/05\/zona-bajas-emisiones-malaga.jpg","type":"image\/jpeg"}],"author":"Clicars","twitter_card":"summary_large_image","twitter_misc":{"Escrito por":"Clicars","Tiempo de lectura":"3 minutos"},"schema":{"@context":"https:\/\/schema.org","@graph":[{"@type":"Article","@id":"https:\/\/www.clicars.com\/blog\/actualidad\/zona-de-bajas-emisiones-de-malaga\/#article","isPartOf":{"@id":"https:\/\/www.clicars.com\/blog\/actualidad\/zona-de-bajas-emisiones-de-malaga\/"},"author":{"name":"Clicars","@id":"https:\/\/www.clicars.com\/blog\/#\/schema\/person\/af686c41ba96962c68871392bf2bb62d"},"headline":"Zona de Bajas Emisiones de M\u00e1laga, ponte al d\u00eda","datePublished":"2023-05-03T09:24:57+00:00","mainEntityOfPage":{"@id":"https:\/\/www.clicars.com\/blog\/actualidad\/zona-de-bajas-emisiones-de-malaga\/"},"wordCount":509,"image":{"@id":"https:\/\/www.clicars.com\/blog\/actualidad\/zona-de-bajas-emisiones-de-malaga\/#primaryimage"},"thumbnailUrl":"https:\/\/www.clicars.com\/blog\/wp-content\/uploads\/2023\/05\/zona-bajas-emisiones-malaga.jpg","articleSection":["Actualidad"],"inLanguage":"es"},{"@type":["WebPage","ItemPage"],"@id":"https:\/\/www.clicars.com\/blog\/actualidad\/zona-de-bajas-emisiones-de-malaga\/","url":"https:\/\/www.clicars.com\/blog\/actualidad\/zona-de-bajas-emisiones-de-malaga\/","name":"\u27a4Zona de Bajas Emisiones de M\u00e1laga, ponte al d\u00eda - Clicars Blog","isPartOf":{"@id":"https:\/\/www.clicars.com\/blog\/#website"},"primaryImageOfPage":{"@id":"https:\/\/www.clicars.com\/blog\/actualidad\/zona-de-bajas-emisiones-de-malaga\/#primaryimage"},"image":{"@id":"https:\/\/www.clicars.com\/blog\/actualidad\/zona-de-bajas-emisiones-de-malaga\/#primaryimage"},"thumbnailUrl":"https:\/\/www.clicars.com\/blog\/wp-content\/uploads\/2023\/05\/zona-bajas-emisiones-malaga.jpg","datePublished":"2023-05-03T09:24:57+00:00","author":{"@id":"https:\/\/www.clicars.com\/blog\/#\/schema\/person\/af686c41ba96962c68871392bf2bb62d"},"description":"\u2713 Todo sobre la Zona de Bajas Emisiones de M\u00e1laga. D\u00f3nde empieza y sus limitaciones. \u00bfSabes qu\u00e9 d\u00eda entra en vigor?","breadcrumb":{"@id":"https:\/\/www.clicars.com\/blog\/actualidad\/zona-de-bajas-emisiones-de-malaga\/#breadcrumb"},"inLanguage":"es","potentialAction":[{"@type":"ReadAction","target":["https:\/\/www.clicars.com\/blog\/actualidad\/zona-de-bajas-emisiones-de-malaga\/"]}]},{"@type":"ImageObject","inLanguage":"es","@id":"https:\/\/www.clicars.com\/blog\/actualidad\/zona-de-bajas-emisiones-de-malaga\/#primaryimage","url":"https:\/\/www.clicars.com\/blog\/wp-content\/uploads\/2023\/05\/zona-bajas-emisiones-malaga.jpg","contentUrl":"https:\/\/www.clicars.com\/blog\/wp-content\/uploads\/2023\/05\/zona-bajas-emisiones-malaga.jpg","width":980,"height":735,"caption":"zona bajas emisiones malaga"},{"@type":"BreadcrumbList","@id":"https:\/\/www.clicars.com\/blog\/actualidad\/zona-de-bajas-emisiones-de-malaga\/#breadcrumb","itemListElement":[{"@type":"ListItem","position":1,"name":"Portada","item":"https:\/\/www.clicars.com\/blog\/"},{"@type":"ListItem","position":2,"name":"Zona de Bajas Emisiones de M\u00e1laga, ponte al d\u00eda"}]},{"@type":"WebSite","@id":"https:\/\/www.clicars.com\/blog\/#website","url":"https:\/\/www.clicars.com\/blog\/","name":"Clicars","description":"Compra tu coche de Buena Mano sin moverte de casa","inLanguage":"es"},{"@type":"Person","@id":"https:\/\/www.clicars.com\/blog\/#\/schema\/person\/af686c41ba96962c68871392bf2bb62d","name":"Clicars","image":{"@type":"ImageObject","inLanguage":"es","@id":"https:\/\/www.clicars.com\/blog\/#\/schema\/person\/image\/","url":"https:\/\/secure.gravatar.com\/avatar\/3100622b0023049db14165cdba9dadaa9159743b871e83e440a0df9a70f80e56?s=96&d=mm&r=g","contentUrl":"https:\/\/secure.gravatar.com\/avatar\/3100622b0023049db14165cdba9dadaa9159743b871e83e440a0df9a70f80e56?s=96&d=mm&r=g","caption":"Clicars"},"sameAs":["https:\/\/www.clicars.com"],"url":"https:\/\/www.clicars.com\/blog\/author\/clicars\/"}]}},"_links":{"self":[{"href":"https:\/\/www.clicars.com\/blog\/wp-json\/wp\/v2\/posts\/11614","targetHints":{"allow":["GET"]}}],"collection":[{"href":"https:\/\/www.clicars.com\/blog\/wp-json\/wp\/v2\/posts"}],"about":[{"href":"https:\/\/www.clicars.com\/blog\/wp-json\/wp\/v2\/types\/post"}],"author":[{"embeddable":true,"href":"https:\/\/www.clicars.com\/blog\/wp-json\/wp\/v2\/users\/2"}],"replies":[{"embeddable":true,"href":"https:\/\/www.clicars.com\/blog\/wp-json\/wp\/v2\/comments?post=11614"}],"version-history":[{"count":1,"href":"https:\/\/www.clicars.com\/blog\/wp-json\/wp\/v2\/posts\/11614\/revisions"}],"predecessor-version":[{"id":11617,"href":"https:\/\/www.clicars.com\/blog\/wp-json\/wp\/v2\/posts\/11614\/revisions\/11617"}],"wp:featuredmedia":[{"embeddable":true,"href":"https:\/\/www.clicars.com\/blog\/wp-json\/wp\/v2\/media\/11615"}],"wp:attachment":[{"href":"https:\/\/www.clicars.com\/blog\/wp-json\/wp\/v2\/media?parent=11614"}],"wp:term":[{"taxonomy":"category","embeddable":true,"href":"https:\/\/www.clicars.com\/blog\/wp-json\/wp\/v2\/categories?post=11614"},{"taxonomy":"post_tag","embeddable":true,"href":"https:\/\/www.clicars.com\/blog\/wp-json\/wp\/v2\/tags?post=11614"}],"curies":[{"name":"wp","href":"https:\/\/api.w.org\/{rel}","templated":true}]}}