{"id":11626,"date":"2023-05-05T10:13:35","date_gmt":"2023-05-05T08:13:35","guid":{"rendered":"https:\/\/www.clicars.com\/blog\/?p=11626"},"modified":"2023-05-05T10:13:35","modified_gmt":"2023-05-05T08:13:35","slug":"comparativa-mercedes-clase-a-vs-bmw-serie-1-que-compacto-comprar","status":"publish","type":"post","link":"https:\/\/www.clicars.com\/blog\/comparativa\/comparativa-mercedes-clase-a-vs-bmw-serie-1-que-compacto-comprar\/","title":{"rendered":"Comparativa Mercedes Clase A vs. BMW Serie 1: \u00bfqu\u00e9 compacto comprar?"},"content":{"rendered":"<p><span style=\"font-weight: 400;\">Comparar al <\/span><b>Mercedes Clase A<\/b><span style=\"font-weight: 400;\"> vs. <\/span><b>BMW Serie 1<\/b><span style=\"font-weight: 400;\"> es comparar a dos compactos de garant\u00edas. Son dos de los coches en los que las marcas han puesto m\u00e1s empe\u00f1o, porque ambos son dos superventas.\u00a0<\/span><\/p>\n<p><span style=\"font-weight: 400;\">\u00bfPor qu\u00e9 el <\/span><b>Mercedes Clase A <\/b>y el<span style=\"font-weight: 400;\">\u00a0<\/span><b>BMW Serie 1<\/b><span style=\"font-weight: 400;\"> son dos de los coches m\u00e1s vendidos de las marcas premium? Porque ofrecen, desde precios equilibrados, el acceso a coches muy bien acabados y que adem\u00e1s destacan por sus excelentes prestaciones.<\/span><\/p>\n<p><span style=\"font-weight: 400;\">Tanto el <\/span><b>Mercedes Clase A<\/b><span style=\"font-weight: 400;\"> como el <\/span><b>BMW Serie 1<\/b><span style=\"font-weight: 400;\"> tienen sus particularidades. Adem\u00e1s, con el paso de las generaciones se han ido adaptando a las demandas de la industria y del p\u00fablico. Por ejemplo, el Mercedes Clase A ha tenido en sus versiones de acceso motores de origen Renault y el BMW Serie 1 ha perdido la tracci\u00f3n trasera.<\/span><\/p>\n<div id=\"ez-toc-container\" class=\"ez-toc-v2_0_80 counter-hierarchy ez-toc-counter ez-toc-light-blue ez-toc-container-direction\">\n<p class=\"ez-toc-title\" style=\"cursor:inherit\">\u00cdndice de contenidos<\/p>\n<label for=\"ez-toc-cssicon-toggle-item-69f5ef9f67cc8\" class=\"ez-toc-cssicon-toggle-label\"><span class=\"ez-toc-cssicon\"><span class=\"eztoc-hide\" style=\"display:none;\">Toggle<\/span><span class=\"ez-toc-icon-toggle-span\"><svg style=\"fill: #999;color:#999\" xmlns=\"http:\/\/www.w3.org\/2000\/svg\" class=\"list-377408\" width=\"20px\" height=\"20px\" viewBox=\"0 0 24 24\" fill=\"none\"><path d=\"M6 6H4v2h2V6zm14 0H8v2h12V6zM4 11h2v2H4v-2zm16 0H8v2h12v-2zM4 16h2v2H4v-2zm16 0H8v2h12v-2z\" fill=\"currentColor\"><\/path><\/svg><svg style=\"fill: #999;color:#999\" class=\"arrow-unsorted-368013\" xmlns=\"http:\/\/www.w3.org\/2000\/svg\" width=\"10px\" height=\"10px\" viewBox=\"0 0 24 24\" version=\"1.2\" baseProfile=\"tiny\"><path d=\"M18.2 9.3l-6.2-6.3-6.2 6.3c-.2.2-.3.4-.3.7s.1.5.3.7c.2.2.4.3.7.3h11c.3 0 .5-.1.7-.3.2-.2.3-.5.3-.7s-.1-.5-.3-.7zM5.8 14.7l6.2 6.3 6.2-6.3c.2-.2.3-.5.3-.7s-.1-.5-.3-.7c-.2-.2-.4-.3-.7-.3h-11c-.3 0-.5.1-.7.3-.2.2-.3.5-.3.7s.1.5.3.7z\"\/><\/svg><\/span><\/span><\/label><input type=\"checkbox\"  id=\"ez-toc-cssicon-toggle-item-69f5ef9f67cc8\"  aria-label=\"Alternar\" \/><nav><ul class='ez-toc-list ez-toc-list-level-1 ' ><li class='ez-toc-page-1 ez-toc-heading-level-2'><a class=\"ez-toc-link ez-toc-heading-1\" href=\"https:\/\/www.clicars.com\/blog\/comparativa\/comparativa-mercedes-clase-a-vs-bmw-serie-1-que-compacto-comprar\/#Comparativa_diseno_Mercedes_Clase_A_vs_BMW_Serie_1\" >Comparativa dise\u00f1o Mercedes Clase A vs. BMW Serie 1<\/a><\/li><li class='ez-toc-page-1 ez-toc-heading-level-2'><a class=\"ez-toc-link ez-toc-heading-2\" href=\"https:\/\/www.clicars.com\/blog\/comparativa\/comparativa-mercedes-clase-a-vs-bmw-serie-1-que-compacto-comprar\/#Comparativa_tamano_Mercedes_Clase_A_vs_BMW_Serie_1\" >Comparativa tama\u00f1o Mercedes Clase A vs. BMW Serie 1<\/a><\/li><li class='ez-toc-page-1 ez-toc-heading-level-2'><a class=\"ez-toc-link ez-toc-heading-3\" href=\"https:\/\/www.clicars.com\/blog\/comparativa\/comparativa-mercedes-clase-a-vs-bmw-serie-1-que-compacto-comprar\/#Interior_Mercedes_Clase_A_vs_BMW_Serie_1\" >Interior Mercedes Clase A vs. BMW Serie 1<\/a><\/li><li class='ez-toc-page-1 ez-toc-heading-level-2'><a class=\"ez-toc-link ez-toc-heading-4\" href=\"https:\/\/www.clicars.com\/blog\/comparativa\/comparativa-mercedes-clase-a-vs-bmw-serie-1-que-compacto-comprar\/#Comparativa_motores_Mercedes_Clase_A_vs_BMW_Serie_1\" >Comparativa motores Mercedes Clase A vs. BMW Serie 1<\/a><\/li><li class='ez-toc-page-1 ez-toc-heading-level-2'><a class=\"ez-toc-link ez-toc-heading-5\" href=\"https:\/\/www.clicars.com\/blog\/comparativa\/comparativa-mercedes-clase-a-vs-bmw-serie-1-que-compacto-comprar\/#Precios_del_Mercedes_Clase_A_vs_BMW_Serie_1\" >Precios del Mercedes Clase A vs. BMW Serie 1<\/a><\/li><\/ul><\/nav><\/div>\n\n<h2><span class=\"ez-toc-section\" id=\"Comparativa_diseno_Mercedes_Clase_A_vs_BMW_Serie_1\"><\/span>Comparativa dise\u00f1o Mercedes Clase A vs. BMW Serie 1<span class=\"ez-toc-section-end\"><\/span><\/h2>\n<p><span style=\"font-weight: 400;\">El dise\u00f1o es uno de los aspectos importantes de la comparativa <\/span><b>Mercedes Clase A<\/b><span style=\"font-weight: 400;\"><strong> vs. BMW Serie 1<\/strong>, porque nunca siempre ha sido un atractivo de venta. Esto es algo que ha entendido mejor que nadie Mercedes, integrando al Mercedes Clase A desde el principio en su aire de familia. De hecho, el frontal de este compacto recuerda al Mercedes CLS.<\/span><\/p>\n<p><span style=\"font-weight: 400;\">El Mercedes CLS es un coche que destaca por su deportividad, que es otro aspecto al que el cliente de esta marca no quiere renunciar. Destaca en el <\/span><b>Mercedes Clase A<\/b><span style=\"font-weight: 400;\"> un voladizo corto que redondea el conjunto de este coche especial.<\/span><\/p>\n<div id=\"attachment_11627\" style=\"width: 910px\" class=\"wp-caption aligncenter\"><img loading=\"lazy\" decoding=\"async\" aria-describedby=\"caption-attachment-11627\" class=\"wp-image-11627 size-full\" src=\"https:\/\/www.clicars.com\/blog\/wp-content\/uploads\/2023\/05\/mercedes-clase-a-diseno.jpg\" alt=\"mercedes clase a dise\u00f1o\" width=\"900\" height=\"600\" \/><p id=\"caption-attachment-11627\" class=\"wp-caption-text\">Mercedes Clase A<\/p><\/div>\n<p><span style=\"font-weight: 400;\">Por su parte, el BMW Serie 1 fue conservador en un inicio, siendo una versi\u00f3n reducida de un coche de mayor entidad, pero con el paso del tiempo ha ido ganando personalidad propia, sobre todo tras el reestilizado que sufri\u00f3 en 2017.<\/span><\/p>\n<div id=\"attachment_11628\" style=\"width: 910px\" class=\"wp-caption aligncenter\"><img loading=\"lazy\" decoding=\"async\" aria-describedby=\"caption-attachment-11628\" class=\"wp-image-11628 size-full\" src=\"https:\/\/www.clicars.com\/blog\/wp-content\/uploads\/2023\/05\/bmw-serie-1-diseno.jpg\" alt=\"bmw serie 1 dise\u00f1o\" width=\"900\" height=\"600\" \/><p id=\"caption-attachment-11628\" class=\"wp-caption-text\">BMW Serie 1<\/p><\/div>\n<h2><span class=\"ez-toc-section\" id=\"Comparativa_tamano_Mercedes_Clase_A_vs_BMW_Serie_1\"><\/span>Comparativa tama\u00f1o Mercedes Clase A vs. BMW Serie 1<span class=\"ez-toc-section-end\"><\/span><\/h2>\n<p><span style=\"font-weight: 400;\">El tama\u00f1o importa en la comparativa del <\/span><b>Mercedes Clase A<\/b><span style=\"font-weight: 400;\"> vs. <\/span><b>BMW Serie <\/b><span style=\"font-weight: 400;\">1, porque ambos coches son compactos, con lo que eso conlleva. El <\/span><b>Mercedes Clase A<\/b><span style=\"font-weight: 400;\"> es un poco m\u00e1s grande que el BMW Serie 1: mide 4,33 metros de largo, 9 m\u00e1s.\u00a0<\/span><\/p>\n<p><img loading=\"lazy\" decoding=\"async\" class=\"aligncenter size-full wp-image-11629\" src=\"https:\/\/www.clicars.com\/blog\/wp-content\/uploads\/2023\/05\/tamano-mercedes-clase-a.jpg\" alt=\"tama\u00f1o mercedes clase a\" width=\"900\" height=\"600\" \/><\/p>\n<p><span style=\"font-weight: 400;\">En cuanto al ancho, m\u00e1s de lo mismo: el <\/span><b>Mercedes Clase A<\/b><span style=\"font-weight: 400;\"> presenta una anchura de 1,79 metros por los 1,76 del <\/span><b>BMW Serie 1<\/b><span style=\"font-weight: 400;\">. El Mercedes Clase A tambi\u00e9n es m\u00e1s alto: 1,44 metros frente a los 1,42 del BMW Serie 1, que presenta una batalla (distancia entre ejes) de 2,69 metros por los 2,72 del Mercedes Clase A.\u00a0<\/span><\/p>\n<p><img loading=\"lazy\" decoding=\"async\" class=\"aligncenter size-full wp-image-11630\" src=\"https:\/\/www.clicars.com\/blog\/wp-content\/uploads\/2023\/05\/tamano-bmw-serie-1.jpg\" alt=\"tama\u00f1o bmw serie 1\" width=\"900\" height=\"600\" \/><\/p>\n<p><span style=\"font-weight: 400;\">En cuanto al maletero, el <\/span><b>BMW Serie 1<\/b><span style=\"font-weight: 400;\"> tiene como m\u00ednimo un maletero de 360 litros, mientras que el <\/span><b>Mercedes Clase A<\/b><span style=\"font-weight: 400;\"> presenta un maletero m\u00ednimo de 370 litros.<\/span><\/p>\n<div id=\"attachment_11631\" style=\"width: 910px\" class=\"wp-caption aligncenter\"><img loading=\"lazy\" decoding=\"async\" aria-describedby=\"caption-attachment-11631\" class=\"wp-image-11631 size-full\" src=\"https:\/\/www.clicars.com\/blog\/wp-content\/uploads\/2023\/05\/maletero-mercedes-clase-a.jpg\" alt=\"maletero mercedes clase a\" width=\"900\" height=\"600\" \/><p id=\"caption-attachment-11631\" class=\"wp-caption-text\">Maletero Mercedes Clase A<\/p><\/div>\n<div id=\"attachment_11632\" style=\"width: 910px\" class=\"wp-caption aligncenter\"><img loading=\"lazy\" decoding=\"async\" aria-describedby=\"caption-attachment-11632\" class=\"wp-image-11632 size-full\" src=\"https:\/\/www.clicars.com\/blog\/wp-content\/uploads\/2023\/05\/maletero-bmw-serie-1.jpg\" alt=\"maletero bmw serie 1\" width=\"900\" height=\"600\" \/><p id=\"caption-attachment-11632\" class=\"wp-caption-text\">Maletero BMW Serie 1<\/p><\/div>\n<h2><span class=\"ez-toc-section\" id=\"Interior_Mercedes_Clase_A_vs_BMW_Serie_1\"><\/span>Interior Mercedes Clase A vs. BMW Serie 1<span class=\"ez-toc-section-end\"><\/span><\/h2>\n<p><span style=\"font-weight: 400;\">El dise\u00f1o interior en la comparativa <\/span><b>Mercedes Clase A<\/b><span style=\"font-weight: 400;\"> vs. <\/span><b>BMW Serie 1<\/b><span style=\"font-weight: 400;\"> es importante, porque es donde se percibe la calidad a bordo. El dise\u00f1o interior del Mercedes Clase A es una de las fortalezas m\u00e1s importantes, sobre todo por su instrumentaci\u00f3n digital.<\/span><\/p>\n<p><span style=\"font-weight: 400;\">El <\/span><b>Mercedes Clase A<\/b><span style=\"font-weight: 400;\"> est\u00e1 disponible con dos pantallas de 7 pulgadas en un solo bloque. Hay otras opciones m\u00e1s all\u00e1 de este tope de gama con diferentes combinaciones. Apenas hay pl\u00e1sticos duros y los materiales son de primer nivel.\u00a0<\/span><\/p>\n<div id=\"attachment_11633\" style=\"width: 910px\" class=\"wp-caption aligncenter\"><img loading=\"lazy\" decoding=\"async\" aria-describedby=\"caption-attachment-11633\" class=\"wp-image-11633 size-full\" src=\"https:\/\/www.clicars.com\/blog\/wp-content\/uploads\/2023\/05\/interior-mercedes-clase-a.jpg\" alt=\"interior mercedes clase a\" width=\"900\" height=\"600\" \/><p id=\"caption-attachment-11633\" class=\"wp-caption-text\">Interior Mercedes Clase A<\/p><\/div>\n<p><span style=\"font-weight: 400;\">El enfoque del <\/span><b>BMW Serie 1<\/b><span style=\"font-weight: 400;\"> es diferente. Apuesta por un cuadro de instrumentos anal\u00f3gico, con una pantalla multimedia central separada y un salpicadero m\u00e1s tradicional. Todo el sistema de infoentretenimiento de BMW se controla a trav\u00e9s de una rueda.<\/span><\/p>\n<p>&nbsp;<\/p>\n<div id=\"attachment_11634\" style=\"width: 910px\" class=\"wp-caption aligncenter\"><img loading=\"lazy\" decoding=\"async\" aria-describedby=\"caption-attachment-11634\" class=\"wp-image-11634 size-full\" src=\"https:\/\/www.clicars.com\/blog\/wp-content\/uploads\/2023\/05\/interior-bmw-serie-1.jpg\" alt=\"interior bmw serie 1\" width=\"900\" height=\"600\" \/><p id=\"caption-attachment-11634\" class=\"wp-caption-text\">Interior BMW Serie 1<\/p><\/div>\n<p><span style=\"font-weight: 400;\">\u25b7En cuanto a la habitabilidad, el Mercedes Clase A, por su mayor tama\u00f1o, ofrece m\u00e1s espacio. Sin embargo, tanto en el BMW Serie 1 como en el Mercedes Clase A la habitabilidad es correcta.\u00a0<\/span><\/p>\n<p><span style=\"font-weight: 400;\">Cabe recordar que, como sucede en la mayor\u00eda de coches, la plaza del medio en la parte de atr\u00e1s no es aprovechable salvo casos excepcionales, lo que acaba convirtiendo a este tipo de compactos en coches aptos, sobre todo, para cuatro personas.<\/span><\/p>\n<h2><span class=\"ez-toc-section\" id=\"Comparativa_motores_Mercedes_Clase_A_vs_BMW_Serie_1\"><\/span><b>Comparativa motores Mercedes Clase A vs. BMW Serie 1<\/b><span class=\"ez-toc-section-end\"><\/span><\/h2>\n<p><span style=\"font-weight: 400;\">Tanto el <\/span><b>Mercedes Clase A<\/b><span style=\"font-weight: 400;\"> como el BMW Serie responden a los gustos y necesidades de p\u00fablicos muy distintos, de ah\u00ed que sus gamas se hayan ido adaptando a los compradores. Por tanto, los motores con los que se venden Mercedes Clase A y <\/span><b>BMW Serie 1<\/b><span style=\"font-weight: 400;\"> son fiel reflejo de c\u00f3mo ha ido el mercado.<\/span><\/p>\n<p><span style=\"font-weight: 400;\">Mercedes, por ejemplo, ha optimizado los motores di\u00e9sel y cuenta ahora con una opci\u00f3n de 1.5 litros y 116 caballos de origen Renault que monta un cambio autom\u00e1tico de doble embrague.\u00a0<\/span><\/p>\n<p><span style=\"font-weight: 400;\">En gasolina, el <\/span><b>Mercedes Clase A<\/b><span style=\"font-weight: 400;\"> se vende con potencias que van desde los 136 caballos hasta los 224. Una de estas opciones, el Mercedes Clase A 250 cuenta con tracci\u00f3n total, mientras que el resto son de tracci\u00f3n delantera.<\/span><\/p>\n<p><span style=\"font-weight: 400;\">El BMW Serie 1 tiene una gama un poco m\u00e1s compleja. Se vende con motores de tres, cuatro y seis cilindros, que se estructuran en cinco configuraciones de motores de gasolina, con potencias que van desde los 109 a los 340 caballos; y tres di\u00e9sel, que van desde los 116 a los 190 caballos. Equipan cambio manual y autom\u00e1tico.<\/span><\/p>\n<h2><span class=\"ez-toc-section\" id=\"Precios_del_Mercedes_Clase_A_vs_BMW_Serie_1\"><\/span>Precios del Mercedes Clase A vs. BMW Serie 1<span class=\"ez-toc-section-end\"><\/span><\/h2>\n<p><span style=\"font-weight: 400;\">Los precios del <\/span><b>Mercedes Clase A<\/b><span style=\"font-weight: 400;\"> vs. <\/span><b>BMW Serie 1<\/b><span style=\"font-weight: 400;\"> son amplios. Depender\u00e1 mucho de qu\u00e9 versi\u00f3n elijas y de los extras por los que optes.\u00a0<\/span><\/p>\n<p><span style=\"font-weight: 400;\">Los<\/span> <b>Mercedes Clase A<\/b><span style=\"font-weight: 400;\"> nuevos arrancan en 30.000 euros mientras que los <\/span><b>BMW Serie 1 <\/b><span style=\"font-weight: 400;\">nuevos parten de 27.000 euros.\u00a0<\/span><\/p>\n<p><span style=\"font-weight: 400;\">Sin embargo, en Clicars tienes disponible <\/span><a href=\"https:\/\/www.clicars.com\/coches-segunda-mano-ocasion\/mercedes\/clase-a\"><b>Mercedes Clase A<\/b><\/a><span style=\"font-weight: 400;\"> de segunda mano y ocasi\u00f3n desde 18.790 euros, mientras que puedes encontrar <\/span><a href=\"https:\/\/www.clicars.com\/coches-segunda-mano-ocasion\/bmw\/serie-1\"><b>BMW Serie 1<\/b><\/a><span style=\"font-weight: 400;\"> de segunda mano y ocasi\u00f3n desde 14.000 euros.<\/span><\/p>\n","protected":false},"excerpt":{"rendered":"<p>Comparar al Mercedes Clase A vs. BMW Serie 1 es comparar a dos compactos de&#8230;<\/p>\n","protected":false},"author":2,"featured_media":11635,"comment_status":"closed","ping_status":"closed","sticky":false,"template":"","format":"standard","meta":{"footnotes":""},"categories":[2],"tags":[],"class_list":{"0":"post-11626","1":"post","2":"type-post","3":"status-publish","4":"format-standard","5":"has-post-thumbnail","7":"category-comparativa"},"yoast_head":"<!-- This site is optimized with the Yoast SEO plugin v26.8 - https:\/\/yoast.com\/product\/yoast-seo-wordpress\/ -->\n<title>Comparativa Mercedes Clase A vs. BMW Serie 1 - Clicars Blog<\/title>\n<meta name=\"description\" content=\"\u25b7 Enfrentamos el Mercedes Clase A y el BMW serie 1. Dos cochazos compactos muy parecidos pero con grandes diferencias. \u00a1Dec\u00fabrelo!\" \/>\n<meta name=\"robots\" content=\"index, follow, max-snippet:-1, max-image-preview:large, max-video-preview:-1\" \/>\n<link rel=\"canonical\" href=\"https:\/\/www.clicars.com\/blog\/comparativa\/comparativa-mercedes-clase-a-vs-bmw-serie-1-que-compacto-comprar\/\" \/>\n<meta property=\"og:locale\" content=\"es_ES\" \/>\n<meta property=\"og:type\" content=\"article\" \/>\n<meta property=\"og:title\" content=\"Comparativa Mercedes Clase A vs. BMW Serie 1 - Clicars Blog\" \/>\n<meta property=\"og:description\" content=\"\u25b7 Enfrentamos el Mercedes Clase A y el BMW serie 1. Dos cochazos compactos muy parecidos pero con grandes diferencias. \u00a1Dec\u00fabrelo!\" \/>\n<meta property=\"og:url\" content=\"https:\/\/www.clicars.com\/blog\/comparativa\/comparativa-mercedes-clase-a-vs-bmw-serie-1-que-compacto-comprar\/\" \/>\n<meta property=\"og:site_name\" content=\"Clicars\" \/>\n<meta property=\"article:published_time\" content=\"2023-05-05T08:13:35+00:00\" \/>\n<meta property=\"og:image\" content=\"https:\/\/www.clicars.com\/blog\/wp-content\/uploads\/2023\/05\/mercedes-clase-a-vs-bmw-serie-1.jpg\" \/>\n\t<meta property=\"og:image:width\" content=\"1080\" \/>\n\t<meta property=\"og:image:height\" content=\"810\" \/>\n\t<meta property=\"og:image:type\" content=\"image\/jpeg\" \/>\n<meta name=\"author\" content=\"Clicars\" \/>\n<meta name=\"twitter:card\" content=\"summary_large_image\" \/>\n<meta name=\"twitter:label1\" content=\"Escrito por\" \/>\n\t<meta name=\"twitter:data1\" content=\"Clicars\" \/>\n\t<meta name=\"twitter:label2\" content=\"Tiempo de lectura\" \/>\n\t<meta name=\"twitter:data2\" content=\"7 minutos\" \/>\n<script type=\"application\/ld+json\" class=\"yoast-schema-graph\">{\"@context\":\"https:\/\/schema.org\",\"@graph\":[{\"@type\":\"Article\",\"@id\":\"https:\/\/www.clicars.com\/blog\/comparativa\/comparativa-mercedes-clase-a-vs-bmw-serie-1-que-compacto-comprar\/#article\",\"isPartOf\":{\"@id\":\"https:\/\/www.clicars.com\/blog\/comparativa\/comparativa-mercedes-clase-a-vs-bmw-serie-1-que-compacto-comprar\/\"},\"author\":{\"name\":\"Clicars\",\"@id\":\"https:\/\/www.clicars.com\/blog\/#\/schema\/person\/af686c41ba96962c68871392bf2bb62d\"},\"headline\":\"Comparativa Mercedes Clase A vs. BMW Serie 1: \u00bfqu\u00e9 compacto comprar?\",\"datePublished\":\"2023-05-05T08:13:35+00:00\",\"mainEntityOfPage\":{\"@id\":\"https:\/\/www.clicars.com\/blog\/comparativa\/comparativa-mercedes-clase-a-vs-bmw-serie-1-que-compacto-comprar\/\"},\"wordCount\":994,\"image\":{\"@id\":\"https:\/\/www.clicars.com\/blog\/comparativa\/comparativa-mercedes-clase-a-vs-bmw-serie-1-que-compacto-comprar\/#primaryimage\"},\"thumbnailUrl\":\"https:\/\/www.clicars.com\/blog\/wp-content\/uploads\/2023\/05\/mercedes-clase-a-vs-bmw-serie-1.jpg\",\"articleSection\":[\"Comparativa\"],\"inLanguage\":\"es\"},{\"@type\":[\"WebPage\",\"ItemPage\"],\"@id\":\"https:\/\/www.clicars.com\/blog\/comparativa\/comparativa-mercedes-clase-a-vs-bmw-serie-1-que-compacto-comprar\/\",\"url\":\"https:\/\/www.clicars.com\/blog\/comparativa\/comparativa-mercedes-clase-a-vs-bmw-serie-1-que-compacto-comprar\/\",\"name\":\"Comparativa Mercedes Clase A vs. BMW Serie 1 - Clicars Blog\",\"isPartOf\":{\"@id\":\"https:\/\/www.clicars.com\/blog\/#website\"},\"primaryImageOfPage\":{\"@id\":\"https:\/\/www.clicars.com\/blog\/comparativa\/comparativa-mercedes-clase-a-vs-bmw-serie-1-que-compacto-comprar\/#primaryimage\"},\"image\":{\"@id\":\"https:\/\/www.clicars.com\/blog\/comparativa\/comparativa-mercedes-clase-a-vs-bmw-serie-1-que-compacto-comprar\/#primaryimage\"},\"thumbnailUrl\":\"https:\/\/www.clicars.com\/blog\/wp-content\/uploads\/2023\/05\/mercedes-clase-a-vs-bmw-serie-1.jpg\",\"datePublished\":\"2023-05-05T08:13:35+00:00\",\"author\":{\"@id\":\"https:\/\/www.clicars.com\/blog\/#\/schema\/person\/af686c41ba96962c68871392bf2bb62d\"},\"description\":\"\u25b7 Enfrentamos el Mercedes Clase A y el BMW serie 1. Dos cochazos compactos muy parecidos pero con grandes diferencias. \u00a1Dec\u00fabrelo!\",\"breadcrumb\":{\"@id\":\"https:\/\/www.clicars.com\/blog\/comparativa\/comparativa-mercedes-clase-a-vs-bmw-serie-1-que-compacto-comprar\/#breadcrumb\"},\"inLanguage\":\"es\",\"potentialAction\":[{\"@type\":\"ReadAction\",\"target\":[\"https:\/\/www.clicars.com\/blog\/comparativa\/comparativa-mercedes-clase-a-vs-bmw-serie-1-que-compacto-comprar\/\"]}]},{\"@type\":\"ImageObject\",\"inLanguage\":\"es\",\"@id\":\"https:\/\/www.clicars.com\/blog\/comparativa\/comparativa-mercedes-clase-a-vs-bmw-serie-1-que-compacto-comprar\/#primaryimage\",\"url\":\"https:\/\/www.clicars.com\/blog\/wp-content\/uploads\/2023\/05\/mercedes-clase-a-vs-bmw-serie-1.jpg\",\"contentUrl\":\"https:\/\/www.clicars.com\/blog\/wp-content\/uploads\/2023\/05\/mercedes-clase-a-vs-bmw-serie-1.jpg\",\"width\":1080,\"height\":810},{\"@type\":\"BreadcrumbList\",\"@id\":\"https:\/\/www.clicars.com\/blog\/comparativa\/comparativa-mercedes-clase-a-vs-bmw-serie-1-que-compacto-comprar\/#breadcrumb\",\"itemListElement\":[{\"@type\":\"ListItem\",\"position\":1,\"name\":\"Portada\",\"item\":\"https:\/\/www.clicars.com\/blog\/\"},{\"@type\":\"ListItem\",\"position\":2,\"name\":\"Comparativa Mercedes Clase A vs. BMW Serie 1: \u00bfqu\u00e9 compacto comprar?\"}]},{\"@type\":\"WebSite\",\"@id\":\"https:\/\/www.clicars.com\/blog\/#website\",\"url\":\"https:\/\/www.clicars.com\/blog\/\",\"name\":\"Clicars\",\"description\":\"Compra tu coche de Buena Mano sin moverte de casa\",\"inLanguage\":\"es\"},{\"@type\":\"Person\",\"@id\":\"https:\/\/www.clicars.com\/blog\/#\/schema\/person\/af686c41ba96962c68871392bf2bb62d\",\"name\":\"Clicars\",\"image\":{\"@type\":\"ImageObject\",\"inLanguage\":\"es\",\"@id\":\"https:\/\/www.clicars.com\/blog\/#\/schema\/person\/image\/\",\"url\":\"https:\/\/secure.gravatar.com\/avatar\/3100622b0023049db14165cdba9dadaa9159743b871e83e440a0df9a70f80e56?s=96&d=mm&r=g\",\"contentUrl\":\"https:\/\/secure.gravatar.com\/avatar\/3100622b0023049db14165cdba9dadaa9159743b871e83e440a0df9a70f80e56?s=96&d=mm&r=g\",\"caption\":\"Clicars\"},\"sameAs\":[\"https:\/\/www.clicars.com\"],\"url\":\"https:\/\/www.clicars.com\/blog\/author\/clicars\/\"}]}<\/script>\n<!-- \/ Yoast SEO plugin. -->","yoast_head_json":{"title":"Comparativa Mercedes Clase A vs. BMW Serie 1 - Clicars Blog","description":"\u25b7 Enfrentamos el Mercedes Clase A y el BMW serie 1. Dos cochazos compactos muy parecidos pero con grandes diferencias. \u00a1Dec\u00fabrelo!","robots":{"index":"index","follow":"follow","max-snippet":"max-snippet:-1","max-image-preview":"max-image-preview:large","max-video-preview":"max-video-preview:-1"},"canonical":"https:\/\/www.clicars.com\/blog\/comparativa\/comparativa-mercedes-clase-a-vs-bmw-serie-1-que-compacto-comprar\/","og_locale":"es_ES","og_type":"article","og_title":"Comparativa Mercedes Clase A vs. BMW Serie 1 - Clicars Blog","og_description":"\u25b7 Enfrentamos el Mercedes Clase A y el BMW serie 1. Dos cochazos compactos muy parecidos pero con grandes diferencias. \u00a1Dec\u00fabrelo!","og_url":"https:\/\/www.clicars.com\/blog\/comparativa\/comparativa-mercedes-clase-a-vs-bmw-serie-1-que-compacto-comprar\/","og_site_name":"Clicars","article_published_time":"2023-05-05T08:13:35+00:00","og_image":[{"width":1080,"height":810,"url":"https:\/\/www.clicars.com\/blog\/wp-content\/uploads\/2023\/05\/mercedes-clase-a-vs-bmw-serie-1.jpg","type":"image\/jpeg"}],"author":"Clicars","twitter_card":"summary_large_image","twitter_misc":{"Escrito por":"Clicars","Tiempo de lectura":"7 minutos"},"schema":{"@context":"https:\/\/schema.org","@graph":[{"@type":"Article","@id":"https:\/\/www.clicars.com\/blog\/comparativa\/comparativa-mercedes-clase-a-vs-bmw-serie-1-que-compacto-comprar\/#article","isPartOf":{"@id":"https:\/\/www.clicars.com\/blog\/comparativa\/comparativa-mercedes-clase-a-vs-bmw-serie-1-que-compacto-comprar\/"},"author":{"name":"Clicars","@id":"https:\/\/www.clicars.com\/blog\/#\/schema\/person\/af686c41ba96962c68871392bf2bb62d"},"headline":"Comparativa Mercedes Clase A vs. BMW Serie 1: \u00bfqu\u00e9 compacto comprar?","datePublished":"2023-05-05T08:13:35+00:00","mainEntityOfPage":{"@id":"https:\/\/www.clicars.com\/blog\/comparativa\/comparativa-mercedes-clase-a-vs-bmw-serie-1-que-compacto-comprar\/"},"wordCount":994,"image":{"@id":"https:\/\/www.clicars.com\/blog\/comparativa\/comparativa-mercedes-clase-a-vs-bmw-serie-1-que-compacto-comprar\/#primaryimage"},"thumbnailUrl":"https:\/\/www.clicars.com\/blog\/wp-content\/uploads\/2023\/05\/mercedes-clase-a-vs-bmw-serie-1.jpg","articleSection":["Comparativa"],"inLanguage":"es"},{"@type":["WebPage","ItemPage"],"@id":"https:\/\/www.clicars.com\/blog\/comparativa\/comparativa-mercedes-clase-a-vs-bmw-serie-1-que-compacto-comprar\/","url":"https:\/\/www.clicars.com\/blog\/comparativa\/comparativa-mercedes-clase-a-vs-bmw-serie-1-que-compacto-comprar\/","name":"Comparativa Mercedes Clase A vs. BMW Serie 1 - Clicars Blog","isPartOf":{"@id":"https:\/\/www.clicars.com\/blog\/#website"},"primaryImageOfPage":{"@id":"https:\/\/www.clicars.com\/blog\/comparativa\/comparativa-mercedes-clase-a-vs-bmw-serie-1-que-compacto-comprar\/#primaryimage"},"image":{"@id":"https:\/\/www.clicars.com\/blog\/comparativa\/comparativa-mercedes-clase-a-vs-bmw-serie-1-que-compacto-comprar\/#primaryimage"},"thumbnailUrl":"https:\/\/www.clicars.com\/blog\/wp-content\/uploads\/2023\/05\/mercedes-clase-a-vs-bmw-serie-1.jpg","datePublished":"2023-05-05T08:13:35+00:00","author":{"@id":"https:\/\/www.clicars.com\/blog\/#\/schema\/person\/af686c41ba96962c68871392bf2bb62d"},"description":"\u25b7 Enfrentamos el Mercedes Clase A y el BMW serie 1. Dos cochazos compactos muy parecidos pero con grandes diferencias. \u00a1Dec\u00fabrelo!","breadcrumb":{"@id":"https:\/\/www.clicars.com\/blog\/comparativa\/comparativa-mercedes-clase-a-vs-bmw-serie-1-que-compacto-comprar\/#breadcrumb"},"inLanguage":"es","potentialAction":[{"@type":"ReadAction","target":["https:\/\/www.clicars.com\/blog\/comparativa\/comparativa-mercedes-clase-a-vs-bmw-serie-1-que-compacto-comprar\/"]}]},{"@type":"ImageObject","inLanguage":"es","@id":"https:\/\/www.clicars.com\/blog\/comparativa\/comparativa-mercedes-clase-a-vs-bmw-serie-1-que-compacto-comprar\/#primaryimage","url":"https:\/\/www.clicars.com\/blog\/wp-content\/uploads\/2023\/05\/mercedes-clase-a-vs-bmw-serie-1.jpg","contentUrl":"https:\/\/www.clicars.com\/blog\/wp-content\/uploads\/2023\/05\/mercedes-clase-a-vs-bmw-serie-1.jpg","width":1080,"height":810},{"@type":"BreadcrumbList","@id":"https:\/\/www.clicars.com\/blog\/comparativa\/comparativa-mercedes-clase-a-vs-bmw-serie-1-que-compacto-comprar\/#breadcrumb","itemListElement":[{"@type":"ListItem","position":1,"name":"Portada","item":"https:\/\/www.clicars.com\/blog\/"},{"@type":"ListItem","position":2,"name":"Comparativa Mercedes Clase A vs. BMW Serie 1: \u00bfqu\u00e9 compacto comprar?"}]},{"@type":"WebSite","@id":"https:\/\/www.clicars.com\/blog\/#website","url":"https:\/\/www.clicars.com\/blog\/","name":"Clicars","description":"Compra tu coche de Buena Mano sin moverte de casa","inLanguage":"es"},{"@type":"Person","@id":"https:\/\/www.clicars.com\/blog\/#\/schema\/person\/af686c41ba96962c68871392bf2bb62d","name":"Clicars","image":{"@type":"ImageObject","inLanguage":"es","@id":"https:\/\/www.clicars.com\/blog\/#\/schema\/person\/image\/","url":"https:\/\/secure.gravatar.com\/avatar\/3100622b0023049db14165cdba9dadaa9159743b871e83e440a0df9a70f80e56?s=96&d=mm&r=g","contentUrl":"https:\/\/secure.gravatar.com\/avatar\/3100622b0023049db14165cdba9dadaa9159743b871e83e440a0df9a70f80e56?s=96&d=mm&r=g","caption":"Clicars"},"sameAs":["https:\/\/www.clicars.com"],"url":"https:\/\/www.clicars.com\/blog\/author\/clicars\/"}]}},"_links":{"self":[{"href":"https:\/\/www.clicars.com\/blog\/wp-json\/wp\/v2\/posts\/11626","targetHints":{"allow":["GET"]}}],"collection":[{"href":"https:\/\/www.clicars.com\/blog\/wp-json\/wp\/v2\/posts"}],"about":[{"href":"https:\/\/www.clicars.com\/blog\/wp-json\/wp\/v2\/types\/post"}],"author":[{"embeddable":true,"href":"https:\/\/www.clicars.com\/blog\/wp-json\/wp\/v2\/users\/2"}],"replies":[{"embeddable":true,"href":"https:\/\/www.clicars.com\/blog\/wp-json\/wp\/v2\/comments?post=11626"}],"version-history":[{"count":1,"href":"https:\/\/www.clicars.com\/blog\/wp-json\/wp\/v2\/posts\/11626\/revisions"}],"predecessor-version":[{"id":11636,"href":"https:\/\/www.clicars.com\/blog\/wp-json\/wp\/v2\/posts\/11626\/revisions\/11636"}],"wp:featuredmedia":[{"embeddable":true,"href":"https:\/\/www.clicars.com\/blog\/wp-json\/wp\/v2\/media\/11635"}],"wp:attachment":[{"href":"https:\/\/www.clicars.com\/blog\/wp-json\/wp\/v2\/media?parent=11626"}],"wp:term":[{"taxonomy":"category","embeddable":true,"href":"https:\/\/www.clicars.com\/blog\/wp-json\/wp\/v2\/categories?post=11626"},{"taxonomy":"post_tag","embeddable":true,"href":"https:\/\/www.clicars.com\/blog\/wp-json\/wp\/v2\/tags?post=11626"}],"curies":[{"name":"wp","href":"https:\/\/api.w.org\/{rel}","templated":true}]}}