{"id":11686,"date":"2023-05-12T09:36:27","date_gmt":"2023-05-12T07:36:27","guid":{"rendered":"https:\/\/www.clicars.com\/blog\/?p=11686"},"modified":"2024-01-24T09:40:45","modified_gmt":"2024-01-24T07:40:45","slug":"medidas-ford-fiesta","status":"publish","type":"post","link":"https:\/\/www.clicars.com\/blog\/curiosidades\/medidas-ford-fiesta\/","title":{"rendered":"\u00bfCu\u00e1les son las medidas del Ford Fiesta?"},"content":{"rendered":"<p><strong>\u00bfCu\u00e1nto mide el Ford Fiesta<\/strong><span style=\"font-weight: 400;\"><strong>?<\/strong> Si est\u00e1s pensando en comprarte uno de los utilitarios m\u00e1s fiables del mercado, hoy te contamos cu\u00e1les son las medidas del Ford Fiesta.<\/span><\/p>\n<p><span style=\"font-weight: 400;\">De este modo, no tendr\u00e1s dudas para meterlo en el aparcamiento, calcular el espacio interior o si es adecuado para tus necesidades.\u00a0<\/span><\/p>\n<h2>\u00bfCu\u00e1nto mide el Ford Fiesta?<\/h2>\n<p><span style=\"font-weight: 400;\">Las medidas del <\/span><b>Ford Fiesta<\/b><span style=\"font-weight: 400;\"> son:<\/span><b><\/b><\/p>\n<ul>\n<li><strong>El Ford Fiesta mide 4,09 metros de longitud<\/strong><\/li>\n<li><strong>El Ford Fiesta mide 1,48 metros de anchura<\/strong><\/li>\n<li><strong>El Ford Fiesta mide 1,73 metros de altura<\/strong><\/li>\n<li><strong>El Ford Fiesta tiene una distancia entre ejes o batalla de 2,49 metros<\/strong><\/li>\n<\/ul>\n<p><span style=\"font-weight: 400;\">Todas estas medidas hay que ponerlas en contexto con el interior del Ford Fiesta. El espacio interior es bueno, con un buen espacio tanto en la parte delantera como trasera. Es un coche que adem\u00e1s destaca por su tecnolog\u00eda, con una pantalla t\u00e1ctil de 6,5 pulgadas, como m\u00ednimo. Tiene una amplia conectividad con todos los sistemas.<\/span><\/p>\n<p><span style=\"font-weight: 400;\">Otras medidas que pueden interesarte del <\/span><b>Ford Fiesta<\/b><span style=\"font-weight: 400;\"> son las siguientes:<\/span><\/p>\n<ul>\n<li style=\"font-weight: 400;\" aria-level=\"1\"><span style=\"font-weight: 400;\">El Ford Fiesta tiene una altura libre al suelo de 13,3 cent\u00edmetros<\/span><\/li>\n<li style=\"font-weight: 400;\" aria-level=\"1\"><span style=\"font-weight: 400;\">El Ford Fiesta tiene un di\u00e1metro de giro entre bordillos de 10,05 metros<\/span><\/li>\n<li style=\"font-weight: 400;\" aria-level=\"1\"><span style=\"font-weight: 400;\">El Ford Fiesta pesa 1.054 kilos<\/span><\/li>\n<\/ul>\n<h2>\u00bfC\u00f3mo es el Ford Fiesta en comparaci\u00f3n a otros coches del mismo segmento?<\/h2>\n<p><span style=\"font-weight: 400;\">Para entender mejor las dimensiones del <\/span><b>Ford Fiesta<\/b><span style=\"font-weight: 400;\">, lo mejor es ponerlas en comparaci\u00f3n con alg\u00fan coche de su mismo segmento.<\/span><\/p>\n<ul>\n<li style=\"font-weight: 400;\" aria-level=\"1\"><span style=\"font-weight: 400;\">El Seat Ibiza mide 4,05 metros de largo, 1,78 metros de ancho y 1,44 metros de alto<\/span><\/li>\n<li style=\"font-weight: 400;\" aria-level=\"1\"><span style=\"font-weight: 400;\">El Renault Clio mide 4,05 metros de largo, 1,79 metros de ancho y 1,44 metros de alto<\/span><\/li>\n<li style=\"font-weight: 400;\" aria-level=\"1\"><span style=\"font-weight: 400;\">El Opel Corsa mide 4,06 metros de largo, 1,76 metros de ancho y 1,43 metros de alto<\/span><\/li>\n<li style=\"font-weight: 400;\" aria-level=\"1\"><span style=\"font-weight: 400;\">El Peugeot 208 mide 4,05 metros de largo, 1,74 metros de ancho y 1,43 metros de alto<\/span><\/li>\n<li style=\"font-weight: 400;\" aria-level=\"1\"><span style=\"font-weight: 400;\">El Hyundai i20 mide 4,04 metros de largo, 1,77 metros de ancho y 1,44 metros de alto<\/span><\/li>\n<li style=\"font-weight: 400;\" aria-level=\"1\"><span style=\"font-weight: 400;\">El Citro\u00ebn C3 mide 3,99 metros de largo, 1,79 metros de ancho y 1,47 metros de alto<\/span><\/li>\n<\/ul>\n<h2>\u00bfCu\u00e1ndo mide el maletero del Ford Fiesta?<\/h2>\n<p><span style=\"font-weight: 400;\">Las medidas del maletero del Ford Fiesta son otro elemento que tienen en cuenta muchos conductores.<\/span><b> El maletero del <\/b><b>Ford Fiesta<\/b><b> tiene un volumen de 292 litros <\/b><span style=\"font-weight: 400;\">(frente a los 320 de media de sus competidores) que puede subir hasta los 1.030 litros (frente a los 972 de sus competidores) si se abaten los asientos de la segunda fila.<\/span><\/p>\n<h2>Compra tu Ford Fiesta de segunda mano y ocasi\u00f3n en Clicars<\/h2>\n<p><span style=\"font-weight: 400;\">En Clicars disponemos de un importante stock de <\/span><a href=\"https:\/\/www.clicars.com\/coches-segunda-mano-ocasion\/ford\/fiesta\"><b>Ford Fiesta<\/b><\/a><span style=\"font-weight: 400;\">, con diferentes niveles de acabado y motores. Desc\u00fabrelos todos en nuestro concesionario online, donde encontrar\u00e1s los mejores precios para el utilitario, una opci\u00f3n excepcional para tus recorridos en ciudad.<\/span><\/p>\n","protected":false},"excerpt":{"rendered":"<p>\u00bfCu\u00e1nto mide el Ford Fiesta? Si est\u00e1s pensando en comprarte uno de los utilitarios m\u00e1s&#8230;<\/p>\n","protected":false},"author":2,"featured_media":11687,"comment_status":"closed","ping_status":"closed","sticky":false,"template":"","format":"standard","meta":{"footnotes":""},"categories":[4],"tags":[],"class_list":{"0":"post-11686","1":"post","2":"type-post","3":"status-publish","4":"format-standard","5":"has-post-thumbnail","7":"category-curiosidades"},"yoast_head":"<!-- This site is optimized with the Yoast SEO plugin v26.8 - https:\/\/yoast.com\/product\/yoast-seo-wordpress\/ -->\n<title>\u00bfCu\u00e1les son las medidas del Ford Fiesta? - Clicars Blog<\/title>\n<meta name=\"description\" content=\"\u25b7 \u00bfQuieres saber todas las medidas del Ford Fiesta? Descubre si este coche encaja contigo y con tu vida en el siguiente post.\" \/>\n<meta name=\"robots\" content=\"index, follow, max-snippet:-1, max-image-preview:large, max-video-preview:-1\" \/>\n<link rel=\"canonical\" href=\"https:\/\/www.clicars.com\/blog\/curiosidades\/medidas-ford-fiesta\/\" \/>\n<meta property=\"og:locale\" content=\"es_ES\" \/>\n<meta property=\"og:type\" content=\"article\" \/>\n<meta property=\"og:title\" content=\"\u00bfCu\u00e1les son las medidas del Ford Fiesta? - Clicars Blog\" \/>\n<meta property=\"og:description\" content=\"\u25b7 \u00bfQuieres saber todas las medidas del Ford Fiesta? Descubre si este coche encaja contigo y con tu vida en el siguiente post.\" \/>\n<meta property=\"og:url\" content=\"https:\/\/www.clicars.com\/blog\/curiosidades\/medidas-ford-fiesta\/\" \/>\n<meta property=\"og:site_name\" content=\"Clicars\" \/>\n<meta property=\"article:published_time\" content=\"2023-05-12T07:36:27+00:00\" \/>\n<meta property=\"article:modified_time\" content=\"2024-01-24T07:40:45+00:00\" \/>\n<meta property=\"og:image\" content=\"https:\/\/www.clicars.com\/blog\/wp-content\/uploads\/2023\/05\/ford-fiesta-medidas-1.jpg\" \/>\n\t<meta property=\"og:image:width\" content=\"900\" \/>\n\t<meta property=\"og:image:height\" content=\"600\" \/>\n\t<meta property=\"og:image:type\" content=\"image\/jpeg\" \/>\n<meta name=\"author\" content=\"Clicars\" \/>\n<meta name=\"twitter:card\" content=\"summary_large_image\" \/>\n<meta name=\"twitter:label1\" content=\"Escrito por\" \/>\n\t<meta name=\"twitter:data1\" content=\"Clicars\" \/>\n\t<meta name=\"twitter:label2\" content=\"Tiempo de lectura\" \/>\n\t<meta name=\"twitter:data2\" content=\"3 minutos\" \/>\n<script type=\"application\/ld+json\" class=\"yoast-schema-graph\">{\"@context\":\"https:\/\/schema.org\",\"@graph\":[{\"@type\":\"Article\",\"@id\":\"https:\/\/www.clicars.com\/blog\/curiosidades\/medidas-ford-fiesta\/#article\",\"isPartOf\":{\"@id\":\"https:\/\/www.clicars.com\/blog\/curiosidades\/medidas-ford-fiesta\/\"},\"author\":{\"name\":\"Clicars\",\"@id\":\"https:\/\/www.clicars.com\/blog\/#\/schema\/person\/af686c41ba96962c68871392bf2bb62d\"},\"headline\":\"\u00bfCu\u00e1les son las medidas del Ford Fiesta?\",\"datePublished\":\"2023-05-12T07:36:27+00:00\",\"dateModified\":\"2024-01-24T07:40:45+00:00\",\"mainEntityOfPage\":{\"@id\":\"https:\/\/www.clicars.com\/blog\/curiosidades\/medidas-ford-fiesta\/\"},\"wordCount\":447,\"image\":{\"@id\":\"https:\/\/www.clicars.com\/blog\/curiosidades\/medidas-ford-fiesta\/#primaryimage\"},\"thumbnailUrl\":\"https:\/\/www.clicars.com\/blog\/wp-content\/uploads\/2023\/05\/ford-fiesta-medidas-1.jpg\",\"articleSection\":[\"Curiosidades\"],\"inLanguage\":\"es\"},{\"@type\":[\"WebPage\",\"ItemPage\"],\"@id\":\"https:\/\/www.clicars.com\/blog\/curiosidades\/medidas-ford-fiesta\/\",\"url\":\"https:\/\/www.clicars.com\/blog\/curiosidades\/medidas-ford-fiesta\/\",\"name\":\"\u00bfCu\u00e1les son las medidas del Ford Fiesta? - Clicars Blog\",\"isPartOf\":{\"@id\":\"https:\/\/www.clicars.com\/blog\/#website\"},\"primaryImageOfPage\":{\"@id\":\"https:\/\/www.clicars.com\/blog\/curiosidades\/medidas-ford-fiesta\/#primaryimage\"},\"image\":{\"@id\":\"https:\/\/www.clicars.com\/blog\/curiosidades\/medidas-ford-fiesta\/#primaryimage\"},\"thumbnailUrl\":\"https:\/\/www.clicars.com\/blog\/wp-content\/uploads\/2023\/05\/ford-fiesta-medidas-1.jpg\",\"datePublished\":\"2023-05-12T07:36:27+00:00\",\"dateModified\":\"2024-01-24T07:40:45+00:00\",\"author\":{\"@id\":\"https:\/\/www.clicars.com\/blog\/#\/schema\/person\/af686c41ba96962c68871392bf2bb62d\"},\"description\":\"\u25b7 \u00bfQuieres saber todas las medidas del Ford Fiesta? Descubre si este coche encaja contigo y con tu vida en el siguiente post.\",\"breadcrumb\":{\"@id\":\"https:\/\/www.clicars.com\/blog\/curiosidades\/medidas-ford-fiesta\/#breadcrumb\"},\"inLanguage\":\"es\",\"potentialAction\":[{\"@type\":\"ReadAction\",\"target\":[\"https:\/\/www.clicars.com\/blog\/curiosidades\/medidas-ford-fiesta\/\"]}]},{\"@type\":\"ImageObject\",\"inLanguage\":\"es\",\"@id\":\"https:\/\/www.clicars.com\/blog\/curiosidades\/medidas-ford-fiesta\/#primaryimage\",\"url\":\"https:\/\/www.clicars.com\/blog\/wp-content\/uploads\/2023\/05\/ford-fiesta-medidas-1.jpg\",\"contentUrl\":\"https:\/\/www.clicars.com\/blog\/wp-content\/uploads\/2023\/05\/ford-fiesta-medidas-1.jpg\",\"width\":900,\"height\":600,\"caption\":\"ford fiesta medidas\"},{\"@type\":\"BreadcrumbList\",\"@id\":\"https:\/\/www.clicars.com\/blog\/curiosidades\/medidas-ford-fiesta\/#breadcrumb\",\"itemListElement\":[{\"@type\":\"ListItem\",\"position\":1,\"name\":\"Portada\",\"item\":\"https:\/\/www.clicars.com\/blog\/\"},{\"@type\":\"ListItem\",\"position\":2,\"name\":\"\u00bfCu\u00e1les son las medidas del Ford Fiesta?\"}]},{\"@type\":\"WebSite\",\"@id\":\"https:\/\/www.clicars.com\/blog\/#website\",\"url\":\"https:\/\/www.clicars.com\/blog\/\",\"name\":\"Clicars\",\"description\":\"Compra tu coche de Buena Mano sin moverte de casa\",\"inLanguage\":\"es\"},{\"@type\":\"Person\",\"@id\":\"https:\/\/www.clicars.com\/blog\/#\/schema\/person\/af686c41ba96962c68871392bf2bb62d\",\"name\":\"Clicars\",\"image\":{\"@type\":\"ImageObject\",\"inLanguage\":\"es\",\"@id\":\"https:\/\/www.clicars.com\/blog\/#\/schema\/person\/image\/\",\"url\":\"https:\/\/secure.gravatar.com\/avatar\/3100622b0023049db14165cdba9dadaa9159743b871e83e440a0df9a70f80e56?s=96&d=mm&r=g\",\"contentUrl\":\"https:\/\/secure.gravatar.com\/avatar\/3100622b0023049db14165cdba9dadaa9159743b871e83e440a0df9a70f80e56?s=96&d=mm&r=g\",\"caption\":\"Clicars\"},\"sameAs\":[\"https:\/\/www.clicars.com\"],\"url\":\"https:\/\/www.clicars.com\/blog\/author\/clicars\/\"}]}<\/script>\n<!-- \/ Yoast SEO plugin. -->","yoast_head_json":{"title":"\u00bfCu\u00e1les son las medidas del Ford Fiesta? - Clicars Blog","description":"\u25b7 \u00bfQuieres saber todas las medidas del Ford Fiesta? Descubre si este coche encaja contigo y con tu vida en el siguiente post.","robots":{"index":"index","follow":"follow","max-snippet":"max-snippet:-1","max-image-preview":"max-image-preview:large","max-video-preview":"max-video-preview:-1"},"canonical":"https:\/\/www.clicars.com\/blog\/curiosidades\/medidas-ford-fiesta\/","og_locale":"es_ES","og_type":"article","og_title":"\u00bfCu\u00e1les son las medidas del Ford Fiesta? - Clicars Blog","og_description":"\u25b7 \u00bfQuieres saber todas las medidas del Ford Fiesta? Descubre si este coche encaja contigo y con tu vida en el siguiente post.","og_url":"https:\/\/www.clicars.com\/blog\/curiosidades\/medidas-ford-fiesta\/","og_site_name":"Clicars","article_published_time":"2023-05-12T07:36:27+00:00","article_modified_time":"2024-01-24T07:40:45+00:00","og_image":[{"width":900,"height":600,"url":"https:\/\/www.clicars.com\/blog\/wp-content\/uploads\/2023\/05\/ford-fiesta-medidas-1.jpg","type":"image\/jpeg"}],"author":"Clicars","twitter_card":"summary_large_image","twitter_misc":{"Escrito por":"Clicars","Tiempo de lectura":"3 minutos"},"schema":{"@context":"https:\/\/schema.org","@graph":[{"@type":"Article","@id":"https:\/\/www.clicars.com\/blog\/curiosidades\/medidas-ford-fiesta\/#article","isPartOf":{"@id":"https:\/\/www.clicars.com\/blog\/curiosidades\/medidas-ford-fiesta\/"},"author":{"name":"Clicars","@id":"https:\/\/www.clicars.com\/blog\/#\/schema\/person\/af686c41ba96962c68871392bf2bb62d"},"headline":"\u00bfCu\u00e1les son las medidas del Ford Fiesta?","datePublished":"2023-05-12T07:36:27+00:00","dateModified":"2024-01-24T07:40:45+00:00","mainEntityOfPage":{"@id":"https:\/\/www.clicars.com\/blog\/curiosidades\/medidas-ford-fiesta\/"},"wordCount":447,"image":{"@id":"https:\/\/www.clicars.com\/blog\/curiosidades\/medidas-ford-fiesta\/#primaryimage"},"thumbnailUrl":"https:\/\/www.clicars.com\/blog\/wp-content\/uploads\/2023\/05\/ford-fiesta-medidas-1.jpg","articleSection":["Curiosidades"],"inLanguage":"es"},{"@type":["WebPage","ItemPage"],"@id":"https:\/\/www.clicars.com\/blog\/curiosidades\/medidas-ford-fiesta\/","url":"https:\/\/www.clicars.com\/blog\/curiosidades\/medidas-ford-fiesta\/","name":"\u00bfCu\u00e1les son las medidas del Ford Fiesta? - Clicars Blog","isPartOf":{"@id":"https:\/\/www.clicars.com\/blog\/#website"},"primaryImageOfPage":{"@id":"https:\/\/www.clicars.com\/blog\/curiosidades\/medidas-ford-fiesta\/#primaryimage"},"image":{"@id":"https:\/\/www.clicars.com\/blog\/curiosidades\/medidas-ford-fiesta\/#primaryimage"},"thumbnailUrl":"https:\/\/www.clicars.com\/blog\/wp-content\/uploads\/2023\/05\/ford-fiesta-medidas-1.jpg","datePublished":"2023-05-12T07:36:27+00:00","dateModified":"2024-01-24T07:40:45+00:00","author":{"@id":"https:\/\/www.clicars.com\/blog\/#\/schema\/person\/af686c41ba96962c68871392bf2bb62d"},"description":"\u25b7 \u00bfQuieres saber todas las medidas del Ford Fiesta? Descubre si este coche encaja contigo y con tu vida en el siguiente post.","breadcrumb":{"@id":"https:\/\/www.clicars.com\/blog\/curiosidades\/medidas-ford-fiesta\/#breadcrumb"},"inLanguage":"es","potentialAction":[{"@type":"ReadAction","target":["https:\/\/www.clicars.com\/blog\/curiosidades\/medidas-ford-fiesta\/"]}]},{"@type":"ImageObject","inLanguage":"es","@id":"https:\/\/www.clicars.com\/blog\/curiosidades\/medidas-ford-fiesta\/#primaryimage","url":"https:\/\/www.clicars.com\/blog\/wp-content\/uploads\/2023\/05\/ford-fiesta-medidas-1.jpg","contentUrl":"https:\/\/www.clicars.com\/blog\/wp-content\/uploads\/2023\/05\/ford-fiesta-medidas-1.jpg","width":900,"height":600,"caption":"ford fiesta medidas"},{"@type":"BreadcrumbList","@id":"https:\/\/www.clicars.com\/blog\/curiosidades\/medidas-ford-fiesta\/#breadcrumb","itemListElement":[{"@type":"ListItem","position":1,"name":"Portada","item":"https:\/\/www.clicars.com\/blog\/"},{"@type":"ListItem","position":2,"name":"\u00bfCu\u00e1les son las medidas del Ford Fiesta?"}]},{"@type":"WebSite","@id":"https:\/\/www.clicars.com\/blog\/#website","url":"https:\/\/www.clicars.com\/blog\/","name":"Clicars","description":"Compra tu coche de Buena Mano sin moverte de casa","inLanguage":"es"},{"@type":"Person","@id":"https:\/\/www.clicars.com\/blog\/#\/schema\/person\/af686c41ba96962c68871392bf2bb62d","name":"Clicars","image":{"@type":"ImageObject","inLanguage":"es","@id":"https:\/\/www.clicars.com\/blog\/#\/schema\/person\/image\/","url":"https:\/\/secure.gravatar.com\/avatar\/3100622b0023049db14165cdba9dadaa9159743b871e83e440a0df9a70f80e56?s=96&d=mm&r=g","contentUrl":"https:\/\/secure.gravatar.com\/avatar\/3100622b0023049db14165cdba9dadaa9159743b871e83e440a0df9a70f80e56?s=96&d=mm&r=g","caption":"Clicars"},"sameAs":["https:\/\/www.clicars.com"],"url":"https:\/\/www.clicars.com\/blog\/author\/clicars\/"}]}},"_links":{"self":[{"href":"https:\/\/www.clicars.com\/blog\/wp-json\/wp\/v2\/posts\/11686","targetHints":{"allow":["GET"]}}],"collection":[{"href":"https:\/\/www.clicars.com\/blog\/wp-json\/wp\/v2\/posts"}],"about":[{"href":"https:\/\/www.clicars.com\/blog\/wp-json\/wp\/v2\/types\/post"}],"author":[{"embeddable":true,"href":"https:\/\/www.clicars.com\/blog\/wp-json\/wp\/v2\/users\/2"}],"replies":[{"embeddable":true,"href":"https:\/\/www.clicars.com\/blog\/wp-json\/wp\/v2\/comments?post=11686"}],"version-history":[{"count":2,"href":"https:\/\/www.clicars.com\/blog\/wp-json\/wp\/v2\/posts\/11686\/revisions"}],"predecessor-version":[{"id":12546,"href":"https:\/\/www.clicars.com\/blog\/wp-json\/wp\/v2\/posts\/11686\/revisions\/12546"}],"wp:featuredmedia":[{"embeddable":true,"href":"https:\/\/www.clicars.com\/blog\/wp-json\/wp\/v2\/media\/11687"}],"wp:attachment":[{"href":"https:\/\/www.clicars.com\/blog\/wp-json\/wp\/v2\/media?parent=11686"}],"wp:term":[{"taxonomy":"category","embeddable":true,"href":"https:\/\/www.clicars.com\/blog\/wp-json\/wp\/v2\/categories?post=11686"},{"taxonomy":"post_tag","embeddable":true,"href":"https:\/\/www.clicars.com\/blog\/wp-json\/wp\/v2\/tags?post=11686"}],"curies":[{"name":"wp","href":"https:\/\/api.w.org\/{rel}","templated":true}]}}