{"id":11774,"date":"2023-05-25T10:21:11","date_gmt":"2023-05-25T08:21:11","guid":{"rendered":"https:\/\/www.clicars.com\/blog\/?p=11774"},"modified":"2023-05-25T10:21:11","modified_gmt":"2023-05-25T08:21:11","slug":"volkswagen-california-con-etiqueta-0","status":"publish","type":"post","link":"https:\/\/www.clicars.com\/blog\/actualidad\/volkswagen-california-con-etiqueta-0\/","title":{"rendered":"Volkswagen California con etiqueta 0, la revoluci\u00f3n el\u00e9ctrica"},"content":{"rendered":"<p><span style=\"font-weight: 400;\">Si eres de los que les apasiona viajar en furgoneta, est\u00e1s de enhorabuena porque la marca alemana ha confirmado el lanzamiento de una <\/span><b>Volkswagen California con etiqueta 0<\/b><span style=\"font-weight: 400;\"> de la Direcci\u00f3n General de Tr\u00e1fico. \u00bfLa conocemos un poco m\u00e1s? \u00a1Estate atento que vienen novedades!<\/span><\/p>\n<p><span style=\"font-weight: 400;\">La divisi\u00f3n de veh\u00edculos comerciales de Volkswagen ha anunciado el crecimiento de la gama con una Volkswagen California con etiqueta 0, concretamente con la <\/span><b>Volkswagen Multivan California T7<\/b><span style=\"font-weight: 400;\"> y con la Volkswagen ID.Buzz.<\/span><\/p>\n<p><span style=\"font-weight: 400;\">En palabras del director ejecutivo de Volkswagen veh\u00edculos comerciales, Carsten Intra, \u201cel fabricante de autom\u00f3viles tiene grandes planes para la gama de la Volkswagen California, comenzando con algo denominado <\/span><b>Universo California<\/b><span style=\"font-weight: 400;\"> que conseguir\u00e1 a\u00f1adir las \u00faltimas tecnolog\u00edas a los veh\u00edculos camper de la marca\u201d.<\/span><\/p>\n<p><span style=\"font-weight: 400;\">Adem\u00e1s, Intra ha a\u00f1adido que \u201cqueremos ampliar la gama en torno al negocio con nuestros modelos de camping y, por lo tanto, ofrecer a nuestros clientes esa sensaci\u00f3n especial de California. Estos incluyen servicios digitales para la Comunidad California, servicios completamente nuevos para complementar la compra de un veh\u00edculo, pero tambi\u00e9n la presentaci\u00f3n del showcar del nuevo California basado en el nuevo Multivan T7\u201d.<\/span><\/p>\n<h2><b>Volkswagen California con etiqueta 0, todo lo que debes saber<\/b><\/h2>\n<p><span style=\"font-weight: 400;\">El futuro <\/span><b>Volkswagen Multivan T7<\/b><span style=\"font-weight: 400;\"> ser\u00e1 el pr\u00f3ximo modelo en contar con una versi\u00f3n California entre sus filas. Estar\u00e1 desarrollado sobre la plataforma MQB de la marca, lo que le ha permitido ofrecer una mec\u00e1nica h\u00edbrida enchufable e-Hybrid con etiqueta 0 de la Direcci\u00f3n General de Tr\u00e1fico.<\/span><\/p>\n<p><span style=\"font-weight: 400;\">El tren motriz de la futura Volkswagen California con etiqueta 0 emisiones equipar\u00e1 un bloque de <\/span><b>1,4 litros TSI<\/b><span style=\"font-weight: 400;\"> de gasolina que estar\u00e1 acompa\u00f1ado de un motor el\u00e9ctrico que generar\u00e1 una potencia combinada de 218 CV de potencia y 350 Nm de par motor m\u00e1ximo. Este tren motriz estar\u00e1 ligado a un cambio de doble embrague DSG de seis relaciones y a una bater\u00eda con capacidad de 13 kWh, lo que le permitir\u00e1 recorrer hasta 48 kil\u00f3metros en modo cero emisiones.<\/span><\/p>\n<p><span style=\"font-weight: 400;\">Adem\u00e1s, podr\u00e1 acelerar de 0 a 100 km\/hora en 11,6 segundos y alcanzar una velocidad m\u00e1xima de 190 km\/hora. En cuanto a consumo se refiere, homologar\u00e1 1,8 litros a los 100 kil\u00f3metros. No obstante, los conductores tambi\u00e9n tendr\u00e1n disponibles variantes con motores di\u00e9sel TDI y gasolina TSI.<\/span><\/p>\n<p><span style=\"font-weight: 400;\">Recuerda que sea cual sea el modelo de<\/span><a href=\"https:\/\/www.clicars.com\/coches-segunda-mano-ocasion\/volkswagen\"> <span style=\"font-weight: 400;\">Volkswagen<\/span><\/a><span style=\"font-weight: 400;\"> que m\u00e1s te guste, estar\u00e1 disponible en el cat\u00e1logo de <\/span><b>Clicars.<\/b><span style=\"font-weight: 400;\"> \u00bfA qu\u00e9 esperas para ponerte al volante de tu pr\u00f3xima furgoneta de buena mano?<\/span><\/p>\n","protected":false},"excerpt":{"rendered":"<p>Si eres de los que les apasiona viajar en furgoneta, est\u00e1s de enhorabuena porque la&#8230;<\/p>\n","protected":false},"author":2,"featured_media":11775,"comment_status":"closed","ping_status":"closed","sticky":false,"template":"","format":"standard","meta":{"footnotes":""},"categories":[5],"tags":[],"class_list":{"0":"post-11774","1":"post","2":"type-post","3":"status-publish","4":"format-standard","5":"has-post-thumbnail","7":"category-actualidad"},"yoast_head":"<!-- This site is optimized with the Yoast SEO plugin v26.8 - https:\/\/yoast.com\/product\/yoast-seo-wordpress\/ -->\n<title>? Volkswagen California con etiqueta 0 - Clicars Blog<\/title>\n<meta name=\"description\" content=\"\u27a4 \u00a1As\u00ed es! La m\u00edtica Volkswagen California con etiqueta 0 est\u00e1 a punto de aterrizar. \u00bfQuieres saber todos los detalles? Te lo contamos. \u2713\" \/>\n<meta name=\"robots\" content=\"index, follow, max-snippet:-1, max-image-preview:large, max-video-preview:-1\" \/>\n<link rel=\"canonical\" href=\"https:\/\/www.clicars.com\/blog\/actualidad\/volkswagen-california-con-etiqueta-0\/\" \/>\n<meta property=\"og:locale\" content=\"es_ES\" \/>\n<meta property=\"og:type\" content=\"article\" \/>\n<meta property=\"og:title\" content=\"? Volkswagen California con etiqueta 0 - Clicars Blog\" \/>\n<meta property=\"og:description\" content=\"\u27a4 \u00a1As\u00ed es! La m\u00edtica Volkswagen California con etiqueta 0 est\u00e1 a punto de aterrizar. \u00bfQuieres saber todos los detalles? Te lo contamos. \u2713\" \/>\n<meta property=\"og:url\" content=\"https:\/\/www.clicars.com\/blog\/actualidad\/volkswagen-california-con-etiqueta-0\/\" \/>\n<meta property=\"og:site_name\" content=\"Clicars\" \/>\n<meta property=\"article:published_time\" content=\"2023-05-25T08:21:11+00:00\" \/>\n<meta property=\"og:image\" content=\"https:\/\/www.clicars.com\/blog\/wp-content\/uploads\/2023\/05\/volkswagen-california-etiqueta-0.jpg\" \/>\n\t<meta property=\"og:image:width\" content=\"980\" \/>\n\t<meta property=\"og:image:height\" content=\"735\" \/>\n\t<meta property=\"og:image:type\" content=\"image\/jpeg\" \/>\n<meta name=\"author\" content=\"Clicars\" \/>\n<meta name=\"twitter:card\" content=\"summary_large_image\" \/>\n<meta name=\"twitter:label1\" content=\"Escrito por\" \/>\n\t<meta name=\"twitter:data1\" content=\"Clicars\" \/>\n\t<meta name=\"twitter:label2\" content=\"Tiempo de lectura\" \/>\n\t<meta name=\"twitter:data2\" content=\"2 minutos\" \/>\n<script type=\"application\/ld+json\" class=\"yoast-schema-graph\">{\"@context\":\"https:\/\/schema.org\",\"@graph\":[{\"@type\":\"Article\",\"@id\":\"https:\/\/www.clicars.com\/blog\/actualidad\/volkswagen-california-con-etiqueta-0\/#article\",\"isPartOf\":{\"@id\":\"https:\/\/www.clicars.com\/blog\/actualidad\/volkswagen-california-con-etiqueta-0\/\"},\"author\":{\"name\":\"Clicars\",\"@id\":\"https:\/\/www.clicars.com\/blog\/#\/schema\/person\/af686c41ba96962c68871392bf2bb62d\"},\"headline\":\"Volkswagen California con etiqueta 0, la revoluci\u00f3n el\u00e9ctrica\",\"datePublished\":\"2023-05-25T08:21:11+00:00\",\"mainEntityOfPage\":{\"@id\":\"https:\/\/www.clicars.com\/blog\/actualidad\/volkswagen-california-con-etiqueta-0\/\"},\"wordCount\":437,\"image\":{\"@id\":\"https:\/\/www.clicars.com\/blog\/actualidad\/volkswagen-california-con-etiqueta-0\/#primaryimage\"},\"thumbnailUrl\":\"https:\/\/www.clicars.com\/blog\/wp-content\/uploads\/2023\/05\/volkswagen-california-etiqueta-0.jpg\",\"articleSection\":[\"Actualidad\"],\"inLanguage\":\"es\"},{\"@type\":[\"WebPage\",\"ItemPage\"],\"@id\":\"https:\/\/www.clicars.com\/blog\/actualidad\/volkswagen-california-con-etiqueta-0\/\",\"url\":\"https:\/\/www.clicars.com\/blog\/actualidad\/volkswagen-california-con-etiqueta-0\/\",\"name\":\"? Volkswagen California con etiqueta 0 - Clicars Blog\",\"isPartOf\":{\"@id\":\"https:\/\/www.clicars.com\/blog\/#website\"},\"primaryImageOfPage\":{\"@id\":\"https:\/\/www.clicars.com\/blog\/actualidad\/volkswagen-california-con-etiqueta-0\/#primaryimage\"},\"image\":{\"@id\":\"https:\/\/www.clicars.com\/blog\/actualidad\/volkswagen-california-con-etiqueta-0\/#primaryimage\"},\"thumbnailUrl\":\"https:\/\/www.clicars.com\/blog\/wp-content\/uploads\/2023\/05\/volkswagen-california-etiqueta-0.jpg\",\"datePublished\":\"2023-05-25T08:21:11+00:00\",\"author\":{\"@id\":\"https:\/\/www.clicars.com\/blog\/#\/schema\/person\/af686c41ba96962c68871392bf2bb62d\"},\"description\":\"\u27a4 \u00a1As\u00ed es! La m\u00edtica Volkswagen California con etiqueta 0 est\u00e1 a punto de aterrizar. \u00bfQuieres saber todos los detalles? Te lo contamos. \u2713\",\"breadcrumb\":{\"@id\":\"https:\/\/www.clicars.com\/blog\/actualidad\/volkswagen-california-con-etiqueta-0\/#breadcrumb\"},\"inLanguage\":\"es\",\"potentialAction\":[{\"@type\":\"ReadAction\",\"target\":[\"https:\/\/www.clicars.com\/blog\/actualidad\/volkswagen-california-con-etiqueta-0\/\"]}]},{\"@type\":\"ImageObject\",\"inLanguage\":\"es\",\"@id\":\"https:\/\/www.clicars.com\/blog\/actualidad\/volkswagen-california-con-etiqueta-0\/#primaryimage\",\"url\":\"https:\/\/www.clicars.com\/blog\/wp-content\/uploads\/2023\/05\/volkswagen-california-etiqueta-0.jpg\",\"contentUrl\":\"https:\/\/www.clicars.com\/blog\/wp-content\/uploads\/2023\/05\/volkswagen-california-etiqueta-0.jpg\",\"width\":980,\"height\":735,\"caption\":\"volkswagen california etiqueta 0\"},{\"@type\":\"BreadcrumbList\",\"@id\":\"https:\/\/www.clicars.com\/blog\/actualidad\/volkswagen-california-con-etiqueta-0\/#breadcrumb\",\"itemListElement\":[{\"@type\":\"ListItem\",\"position\":1,\"name\":\"Portada\",\"item\":\"https:\/\/www.clicars.com\/blog\/\"},{\"@type\":\"ListItem\",\"position\":2,\"name\":\"Volkswagen California con etiqueta 0, la revoluci\u00f3n el\u00e9ctrica\"}]},{\"@type\":\"WebSite\",\"@id\":\"https:\/\/www.clicars.com\/blog\/#website\",\"url\":\"https:\/\/www.clicars.com\/blog\/\",\"name\":\"Clicars\",\"description\":\"Compra tu coche de Buena Mano sin moverte de casa\",\"inLanguage\":\"es\"},{\"@type\":\"Person\",\"@id\":\"https:\/\/www.clicars.com\/blog\/#\/schema\/person\/af686c41ba96962c68871392bf2bb62d\",\"name\":\"Clicars\",\"image\":{\"@type\":\"ImageObject\",\"inLanguage\":\"es\",\"@id\":\"https:\/\/www.clicars.com\/blog\/#\/schema\/person\/image\/\",\"url\":\"https:\/\/secure.gravatar.com\/avatar\/3100622b0023049db14165cdba9dadaa9159743b871e83e440a0df9a70f80e56?s=96&d=mm&r=g\",\"contentUrl\":\"https:\/\/secure.gravatar.com\/avatar\/3100622b0023049db14165cdba9dadaa9159743b871e83e440a0df9a70f80e56?s=96&d=mm&r=g\",\"caption\":\"Clicars\"},\"sameAs\":[\"https:\/\/www.clicars.com\"],\"url\":\"https:\/\/www.clicars.com\/blog\/author\/clicars\/\"}]}<\/script>\n<!-- \/ Yoast SEO plugin. -->","yoast_head_json":{"title":"? Volkswagen California con etiqueta 0 - Clicars Blog","description":"\u27a4 \u00a1As\u00ed es! La m\u00edtica Volkswagen California con etiqueta 0 est\u00e1 a punto de aterrizar. \u00bfQuieres saber todos los detalles? Te lo contamos. \u2713","robots":{"index":"index","follow":"follow","max-snippet":"max-snippet:-1","max-image-preview":"max-image-preview:large","max-video-preview":"max-video-preview:-1"},"canonical":"https:\/\/www.clicars.com\/blog\/actualidad\/volkswagen-california-con-etiqueta-0\/","og_locale":"es_ES","og_type":"article","og_title":"? Volkswagen California con etiqueta 0 - Clicars Blog","og_description":"\u27a4 \u00a1As\u00ed es! La m\u00edtica Volkswagen California con etiqueta 0 est\u00e1 a punto de aterrizar. \u00bfQuieres saber todos los detalles? Te lo contamos. \u2713","og_url":"https:\/\/www.clicars.com\/blog\/actualidad\/volkswagen-california-con-etiqueta-0\/","og_site_name":"Clicars","article_published_time":"2023-05-25T08:21:11+00:00","og_image":[{"width":980,"height":735,"url":"https:\/\/www.clicars.com\/blog\/wp-content\/uploads\/2023\/05\/volkswagen-california-etiqueta-0.jpg","type":"image\/jpeg"}],"author":"Clicars","twitter_card":"summary_large_image","twitter_misc":{"Escrito por":"Clicars","Tiempo de lectura":"2 minutos"},"schema":{"@context":"https:\/\/schema.org","@graph":[{"@type":"Article","@id":"https:\/\/www.clicars.com\/blog\/actualidad\/volkswagen-california-con-etiqueta-0\/#article","isPartOf":{"@id":"https:\/\/www.clicars.com\/blog\/actualidad\/volkswagen-california-con-etiqueta-0\/"},"author":{"name":"Clicars","@id":"https:\/\/www.clicars.com\/blog\/#\/schema\/person\/af686c41ba96962c68871392bf2bb62d"},"headline":"Volkswagen California con etiqueta 0, la revoluci\u00f3n el\u00e9ctrica","datePublished":"2023-05-25T08:21:11+00:00","mainEntityOfPage":{"@id":"https:\/\/www.clicars.com\/blog\/actualidad\/volkswagen-california-con-etiqueta-0\/"},"wordCount":437,"image":{"@id":"https:\/\/www.clicars.com\/blog\/actualidad\/volkswagen-california-con-etiqueta-0\/#primaryimage"},"thumbnailUrl":"https:\/\/www.clicars.com\/blog\/wp-content\/uploads\/2023\/05\/volkswagen-california-etiqueta-0.jpg","articleSection":["Actualidad"],"inLanguage":"es"},{"@type":["WebPage","ItemPage"],"@id":"https:\/\/www.clicars.com\/blog\/actualidad\/volkswagen-california-con-etiqueta-0\/","url":"https:\/\/www.clicars.com\/blog\/actualidad\/volkswagen-california-con-etiqueta-0\/","name":"? Volkswagen California con etiqueta 0 - Clicars Blog","isPartOf":{"@id":"https:\/\/www.clicars.com\/blog\/#website"},"primaryImageOfPage":{"@id":"https:\/\/www.clicars.com\/blog\/actualidad\/volkswagen-california-con-etiqueta-0\/#primaryimage"},"image":{"@id":"https:\/\/www.clicars.com\/blog\/actualidad\/volkswagen-california-con-etiqueta-0\/#primaryimage"},"thumbnailUrl":"https:\/\/www.clicars.com\/blog\/wp-content\/uploads\/2023\/05\/volkswagen-california-etiqueta-0.jpg","datePublished":"2023-05-25T08:21:11+00:00","author":{"@id":"https:\/\/www.clicars.com\/blog\/#\/schema\/person\/af686c41ba96962c68871392bf2bb62d"},"description":"\u27a4 \u00a1As\u00ed es! La m\u00edtica Volkswagen California con etiqueta 0 est\u00e1 a punto de aterrizar. \u00bfQuieres saber todos los detalles? Te lo contamos. \u2713","breadcrumb":{"@id":"https:\/\/www.clicars.com\/blog\/actualidad\/volkswagen-california-con-etiqueta-0\/#breadcrumb"},"inLanguage":"es","potentialAction":[{"@type":"ReadAction","target":["https:\/\/www.clicars.com\/blog\/actualidad\/volkswagen-california-con-etiqueta-0\/"]}]},{"@type":"ImageObject","inLanguage":"es","@id":"https:\/\/www.clicars.com\/blog\/actualidad\/volkswagen-california-con-etiqueta-0\/#primaryimage","url":"https:\/\/www.clicars.com\/blog\/wp-content\/uploads\/2023\/05\/volkswagen-california-etiqueta-0.jpg","contentUrl":"https:\/\/www.clicars.com\/blog\/wp-content\/uploads\/2023\/05\/volkswagen-california-etiqueta-0.jpg","width":980,"height":735,"caption":"volkswagen california etiqueta 0"},{"@type":"BreadcrumbList","@id":"https:\/\/www.clicars.com\/blog\/actualidad\/volkswagen-california-con-etiqueta-0\/#breadcrumb","itemListElement":[{"@type":"ListItem","position":1,"name":"Portada","item":"https:\/\/www.clicars.com\/blog\/"},{"@type":"ListItem","position":2,"name":"Volkswagen California con etiqueta 0, la revoluci\u00f3n el\u00e9ctrica"}]},{"@type":"WebSite","@id":"https:\/\/www.clicars.com\/blog\/#website","url":"https:\/\/www.clicars.com\/blog\/","name":"Clicars","description":"Compra tu coche de Buena Mano sin moverte de casa","inLanguage":"es"},{"@type":"Person","@id":"https:\/\/www.clicars.com\/blog\/#\/schema\/person\/af686c41ba96962c68871392bf2bb62d","name":"Clicars","image":{"@type":"ImageObject","inLanguage":"es","@id":"https:\/\/www.clicars.com\/blog\/#\/schema\/person\/image\/","url":"https:\/\/secure.gravatar.com\/avatar\/3100622b0023049db14165cdba9dadaa9159743b871e83e440a0df9a70f80e56?s=96&d=mm&r=g","contentUrl":"https:\/\/secure.gravatar.com\/avatar\/3100622b0023049db14165cdba9dadaa9159743b871e83e440a0df9a70f80e56?s=96&d=mm&r=g","caption":"Clicars"},"sameAs":["https:\/\/www.clicars.com"],"url":"https:\/\/www.clicars.com\/blog\/author\/clicars\/"}]}},"_links":{"self":[{"href":"https:\/\/www.clicars.com\/blog\/wp-json\/wp\/v2\/posts\/11774","targetHints":{"allow":["GET"]}}],"collection":[{"href":"https:\/\/www.clicars.com\/blog\/wp-json\/wp\/v2\/posts"}],"about":[{"href":"https:\/\/www.clicars.com\/blog\/wp-json\/wp\/v2\/types\/post"}],"author":[{"embeddable":true,"href":"https:\/\/www.clicars.com\/blog\/wp-json\/wp\/v2\/users\/2"}],"replies":[{"embeddable":true,"href":"https:\/\/www.clicars.com\/blog\/wp-json\/wp\/v2\/comments?post=11774"}],"version-history":[{"count":1,"href":"https:\/\/www.clicars.com\/blog\/wp-json\/wp\/v2\/posts\/11774\/revisions"}],"predecessor-version":[{"id":11776,"href":"https:\/\/www.clicars.com\/blog\/wp-json\/wp\/v2\/posts\/11774\/revisions\/11776"}],"wp:featuredmedia":[{"embeddable":true,"href":"https:\/\/www.clicars.com\/blog\/wp-json\/wp\/v2\/media\/11775"}],"wp:attachment":[{"href":"https:\/\/www.clicars.com\/blog\/wp-json\/wp\/v2\/media?parent=11774"}],"wp:term":[{"taxonomy":"category","embeddable":true,"href":"https:\/\/www.clicars.com\/blog\/wp-json\/wp\/v2\/categories?post=11774"},{"taxonomy":"post_tag","embeddable":true,"href":"https:\/\/www.clicars.com\/blog\/wp-json\/wp\/v2\/tags?post=11774"}],"curies":[{"name":"wp","href":"https:\/\/api.w.org\/{rel}","templated":true}]}}