{"id":11919,"date":"2023-06-29T14:08:01","date_gmt":"2023-06-29T12:08:01","guid":{"rendered":"https:\/\/www.clicars.com\/blog\/?p=11919"},"modified":"2023-06-29T14:08:01","modified_gmt":"2023-06-29T12:08:01","slug":"descubre-las-medidas-y-caracteristicas-del-audi-a3","status":"publish","type":"post","link":"https:\/\/www.clicars.com\/blog\/curiosidades\/descubre-las-medidas-y-caracteristicas-del-audi-a3\/","title":{"rendered":"Descubre las medidas y caracter\u00edsticas del Audi A3"},"content":{"rendered":"<p><span style=\"font-weight: 400;\">Hablar del <\/span><a href=\"https:\/\/www.clicars.com\/coches-segunda-mano-ocasion\/audi\/a3\"><b>Audi A3 <\/b><\/a><span style=\"font-weight: 400;\">es poner en liza un coche que lleva muchos a\u00f1os dominando el asfalto, gracias a lo cual se han introducido nuevas versiones con el paso del tiempo. Por esta raz\u00f3n, aqu\u00ed hablaremos de algunos de estos modelos y describiremos tanto sus <\/span><b>medidas<\/b><span style=\"font-weight: 400;\"> como su capacidad, lo que puede ayudar a entender que no estamos solamente ante un veh\u00edculo deportivo, sino tambi\u00e9n elegante.<\/span><\/p>\n<h2><b>\u00bfPor qu\u00e9 elegir un Audi A3?<\/b><\/h2>\n<p><span style=\"font-weight: 400;\">Dentro del segmento C encontramos el Audi A3, un veh\u00edculo que nos ha ganado a todos por su capacidad de agarre, por sus <\/span><b>dimensiones<\/b><span style=\"font-weight: 400;\"> amplias y por tener un <\/span><b>maletero<\/b><span style=\"font-weight: 400;\"> que es m\u00e1s grande de lo que parece. De hecho, todo ello nos lleva a pensar que estamos ante una de las mejores opciones en cuanto a la compra de coches en la actualidad y estar\u00edamos en lo cierto.<\/span><\/p>\n<p><span style=\"font-weight: 400;\">En fabricaci\u00f3n desde 1996, este compacto tiene una alta consolidaci\u00f3n en el sector automovil\u00edstico, un crecimiento que le ha llevado hasta alcanzar la cuarta generaci\u00f3n, presentada en el a\u00f1o 2020. Hasta nuestros d\u00edas, varias versiones con otras tantas actualizaciones se han ido sumando al panorama internacional para hacer de este <\/span><b>autom\u00f3vil<\/b><span style=\"font-weight: 400;\"> un <\/span><b>l\u00edder<\/b><span style=\"font-weight: 400;\"> en cuanto a seguridad en la carretera y comodidad para los integrantes.<\/span><\/p>\n<h2><b>\u00bfCu\u00e1les son las medidas del maletero del Audi A3?<\/b><\/h2>\n<p><span style=\"font-weight: 400;\">Este modelo cuenta con un maletero de 340 litros de capacidad y si abatimos los asientos tendr\u00edamos una carga posible de 1.220 litros, lo que hace que se desmarque en cuanto a otros modelos de su segmento. Asimismo, esto no hace que pierda su componente de coche de lujo, ya que es capaz de ser rival directo con el Serie 1 de BMW y ofrecer unas excelentes dimensiones tanto en el aspecto interior como en el exterior. Por tanto, es un autom\u00f3vil que gana por su <\/span><b>capacidad y versatilidad<\/b><span style=\"font-weight: 400;\">.<\/span><\/p>\n<p><img loading=\"lazy\" decoding=\"async\" class=\"aligncenter size-full wp-image-11921\" src=\"https:\/\/www.clicars.com\/blog\/wp-content\/uploads\/2023\/06\/maletero-audi-a3.jpg\" alt=\"maletero audi a3\" width=\"900\" height=\"600\" \/><\/p>\n<h3><b>Dimensiones del Audi A3 2017<\/b><\/h3>\n<ul>\n<li style=\"font-weight: 400;\" aria-level=\"1\"><span style=\"font-weight: 400;\">Longitud: 4.313 mm<\/span><\/li>\n<li style=\"font-weight: 400;\" aria-level=\"1\"><span style=\"font-weight: 400;\">Anchura: 1.785 mm<\/span><\/li>\n<li style=\"font-weight: 400;\" aria-level=\"1\"><span style=\"font-weight: 400;\">Altura: 1.426 mm<\/span><\/li>\n<li style=\"font-weight: 400;\" aria-level=\"1\"><span style=\"font-weight: 400;\">Batalla: 2.637 mm<\/span><\/li>\n<li style=\"font-weight: 400;\" aria-level=\"1\"><span style=\"font-weight: 400;\">V\u00eda delantera: 1.543 mm<\/span><\/li>\n<li style=\"font-weight: 400;\" aria-level=\"1\"><span style=\"font-weight: 400;\">V\u00eda trasera: 1.514 mm<\/span><\/li>\n<li style=\"font-weight: 400;\" aria-level=\"1\"><span style=\"font-weight: 400;\">Distancia entre ejes: 2630 mm<\/span><\/li>\n<\/ul>\n<h3><b>Dimensiones del Audi A3 2005<\/b><\/h3>\n<ul>\n<li style=\"font-weight: 400;\" aria-level=\"1\"><span style=\"font-weight: 400;\">Longitud: 4.214 mm<\/span><\/li>\n<li style=\"font-weight: 400;\" aria-level=\"1\"><span style=\"font-weight: 400;\">Anchura: 1.765 mm<\/span><\/li>\n<li style=\"font-weight: 400;\" aria-level=\"1\"><span style=\"font-weight: 400;\">Altura: 1.421 mm<\/span><\/li>\n<li style=\"font-weight: 400;\" aria-level=\"1\"><span style=\"font-weight: 400;\">Batalla: 2.578 mm<\/span><\/li>\n<li style=\"font-weight: 400;\" aria-level=\"1\"><span style=\"font-weight: 400;\">V\u00eda delantera: 1.534 mm<\/span><\/li>\n<li style=\"font-weight: 400;\" aria-level=\"1\"><span style=\"font-weight: 400;\">V\u00eda trasera: 1.507 mm<\/span><\/li>\n<li style=\"font-weight: 400;\" aria-level=\"1\"><span style=\"font-weight: 400;\">Distancia entre ejes: 2578 mm<\/span><\/li>\n<\/ul>\n<h3><b>Dimensiones del Audi A3 2008<\/b><\/h3>\n<ul>\n<li style=\"font-weight: 400;\" aria-level=\"1\"><span style=\"font-weight: 400;\">Longitud: 4.292 mm<\/span><\/li>\n<li style=\"font-weight: 400;\" aria-level=\"1\"><span style=\"font-weight: 400;\">Anchura: 1.765 mm<\/span><\/li>\n<li style=\"font-weight: 400;\" aria-level=\"1\"><span style=\"font-weight: 400;\">Altura: 1.423 mm<\/span><\/li>\n<li style=\"font-weight: 400;\" aria-level=\"1\"><span style=\"font-weight: 400;\">Batalla: 2.578 mm<\/span><\/li>\n<li style=\"font-weight: 400;\" aria-level=\"1\"><span style=\"font-weight: 400;\">V\u00eda delantera: 1.534 mm<\/span><\/li>\n<li style=\"font-weight: 400;\" aria-level=\"1\"><span style=\"font-weight: 400;\">V\u00eda trasera: 1.507 mm<\/span><\/li>\n<li style=\"font-weight: 400;\" aria-level=\"1\"><span style=\"font-weight: 400;\">Distancia entre ejes: 2578 mm<\/span><\/li>\n<\/ul>\n<h2><b>\u00bfQu\u00e9 tipo de coche representa el Audi A3?<\/b><\/h2>\n<p><span style=\"font-weight: 400;\">Sin duda, hablar del A3 es destacar un coche con un dise\u00f1o muy renovado, tanto en su interior como en su exterior, inspirado en parte por los <\/span><b>modelos A4 y A5<\/b><span style=\"font-weight: 400;\">. Sin embargo, su l\u00ednea es diferente en cuanto al avance que han hecho con respecto a los modelos anteriores, destacando el frontal y las nuevas dimensiones con <\/span><b>faros Matrix LED<\/b><span style=\"font-weight: 400;\">, resaltando unas nuevas luces para la conducci\u00f3n de d\u00eda.<\/span><\/p>\n<p><span style=\"font-weight: 400;\">Por su parte, en el <\/span><b>tramo inferior<\/b><span style=\"font-weight: 400;\"> vemos un parachoques con una mayor ornamentaci\u00f3n y unas entradas de aire con distintos embellecedores, uno a cada extremo. A ello le acompa\u00f1ada un splitter que queda perfectamente acoplado en la parte inferior. En cuanto al lateral, las l\u00edneas esculpidas y limpias recorren toda la carrocer\u00eda y unen ambos grupos \u00f3pticos con una nueva l\u00ednea de tensi\u00f3n en ascenso en la parte inferior de las puertas.<\/span><\/p>\n<p><span style=\"font-weight: 400;\">Asimismo, el <\/span><b>techo<\/b><span style=\"font-weight: 400;\"> tiene una <\/span><b>forma muy plana<\/b><span style=\"font-weight: 400;\">, continuando con barras longitudinales que hacen juego con los marcos de las ventanas. En cuanto a los retrovisores, quedan montados sobre la cintura del coche y marcan una l\u00ednea diagonal con las llantas delanteras, cuyas medidas abarcan desde las 16 hasta las 19 pulgadas.<\/span><\/p>\n<p><span style=\"font-weight: 400;\">Junto a ello, no hay que perder de vista las distintas <\/span><b>motorizaciones<\/b><span style=\"font-weight: 400;\"> que ofrece la marca, as\u00ed como una horquilla de precios que lo hacen un veh\u00edculo bastante asequible. Por un lado, destacamos el 1.0 TFSI de 110 caballos de potencia, al cual le sigue un 1.5 TFSI de 150 CV y hasta un 2.0 TDI de 150 CV.<\/span><\/p>\n<p><span style=\"font-weight: 400;\">Incluso, encontramos una alternativa m\u00e1s respetuosa con el medioambiente, ya que dispone de un motor 1.5 TFSI de 150 caballos de potencia con un sistema de hibridaci\u00f3n ligera. Esto permite que pueda reducir su consumo en hasta 0,4 litros cada 100 kil\u00f3metros y, de este modo, lograr la etiqueta ECO de la DGT, tan ansiada por muchos modelos.<\/span><\/p>\n<p>&nbsp;<\/p>\n<h3><b><img loading=\"lazy\" decoding=\"async\" class=\"aligncenter wp-image-11922 size-full\" src=\"https:\/\/www.clicars.com\/blog\/wp-content\/uploads\/2023\/06\/audi-a3-medidas-2022.jpg\" alt=\"audi a3 medidas 2022\" width=\"900\" height=\"600\" \/>\u00bfQu\u00e9 m\u00e1s necesitamos saber?<\/b><\/h3>\n<p><span style=\"font-weight: 400;\">Las <\/span><b>distintas medidas<\/b><span style=\"font-weight: 400;\"> que hemos destacado de cada uno de las versiones del Audi A3 muestran que el coche tiene un maletero con una capacidad importante. Es m\u00e1s, esto ha llevado a que este autom\u00f3vil se mantenga en el segmento joven, pero tambi\u00e9n se desmarque y llegue hasta las familias con ni\u00f1os. En caso de que querer incluir m\u00e1s maletas u objetos, recomendamos optar por las versiones con un maletero m\u00e1s grande.<\/span><\/p>\n<p><span style=\"font-weight: 400;\">Sin duda, el Audi A3 es un coche adecuado para los tiempos actuales y, tal y como hemos visto en los avances en sus medidas, ha sido llevado hasta un nivel superior para que pueda encajar perfectamente con la l\u00ednea que buscan muchas personas. Asimismo, la robustez y la elegancia sobre la carretera hacen que este sea uno de los veh\u00edculos con mejor ratio de venta desde hace muchos a\u00f1os.<\/span><\/p>\n<p><span style=\"font-weight: 400;\">En resumen, toda esta informaci\u00f3n te ser\u00e1 de utilidad a la hora de examinar el mercado y decidir qu\u00e9 tipo de <\/span><b>Audi A3<\/b><span style=\"font-weight: 400;\"> quieres, viendo tambi\u00e9n c\u00f3mo han evolucionado los modelos desde el 2005 hasta los tiempos actuales. Si necesitas m\u00e1s informaci\u00f3n, contacta con nosotros sin ning\u00fan compromiso.<\/span><\/p>\n","protected":false},"excerpt":{"rendered":"<p>Hablar del Audi A3 es poner en liza un coche que lleva muchos a\u00f1os dominando&#8230;<\/p>\n","protected":false},"author":2,"featured_media":11920,"comment_status":"closed","ping_status":"closed","sticky":false,"template":"","format":"standard","meta":{"footnotes":""},"categories":[4],"tags":[],"class_list":{"0":"post-11919","1":"post","2":"type-post","3":"status-publish","4":"format-standard","5":"has-post-thumbnail","7":"category-curiosidades"},"yoast_head":"<!-- This site is optimized with the Yoast SEO plugin v26.8 - https:\/\/yoast.com\/product\/yoast-seo-wordpress\/ -->\n<title>Descubre las medidas y caracter\u00edsticas del Audi A3 - Clicars Blog<\/title>\n<meta name=\"description\" content=\"\u25b7 Todas las medidas del Audi A3 aqu\u00ed. \u00bfEs el coche que encaja con tu rutina? Desc\u00fabrelo con solo leer este post.\" \/>\n<meta name=\"robots\" content=\"index, follow, max-snippet:-1, max-image-preview:large, max-video-preview:-1\" \/>\n<link rel=\"canonical\" href=\"https:\/\/www.clicars.com\/blog\/curiosidades\/descubre-las-medidas-y-caracteristicas-del-audi-a3\/\" \/>\n<meta property=\"og:locale\" content=\"es_ES\" \/>\n<meta property=\"og:type\" content=\"article\" \/>\n<meta property=\"og:title\" content=\"Descubre las medidas y caracter\u00edsticas del Audi A3 - Clicars Blog\" \/>\n<meta property=\"og:description\" content=\"\u25b7 Todas las medidas del Audi A3 aqu\u00ed. \u00bfEs el coche que encaja con tu rutina? Desc\u00fabrelo con solo leer este post.\" \/>\n<meta property=\"og:url\" content=\"https:\/\/www.clicars.com\/blog\/curiosidades\/descubre-las-medidas-y-caracteristicas-del-audi-a3\/\" \/>\n<meta property=\"og:site_name\" content=\"Clicars\" \/>\n<meta property=\"article:published_time\" content=\"2023-06-29T12:08:01+00:00\" \/>\n<meta property=\"og:image\" content=\"https:\/\/www.clicars.com\/blog\/wp-content\/uploads\/2023\/06\/audi-a3-medidas.jpg\" \/>\n\t<meta property=\"og:image:width\" content=\"900\" \/>\n\t<meta property=\"og:image:height\" content=\"600\" \/>\n\t<meta property=\"og:image:type\" content=\"image\/jpeg\" \/>\n<meta name=\"author\" content=\"Clicars\" \/>\n<meta name=\"twitter:card\" content=\"summary_large_image\" \/>\n<meta name=\"twitter:label1\" content=\"Escrito por\" \/>\n\t<meta name=\"twitter:data1\" content=\"Clicars\" \/>\n\t<meta name=\"twitter:label2\" content=\"Tiempo de lectura\" \/>\n\t<meta name=\"twitter:data2\" content=\"5 minutos\" \/>\n<script type=\"application\/ld+json\" class=\"yoast-schema-graph\">{\"@context\":\"https:\/\/schema.org\",\"@graph\":[{\"@type\":\"Article\",\"@id\":\"https:\/\/www.clicars.com\/blog\/curiosidades\/descubre-las-medidas-y-caracteristicas-del-audi-a3\/#article\",\"isPartOf\":{\"@id\":\"https:\/\/www.clicars.com\/blog\/curiosidades\/descubre-las-medidas-y-caracteristicas-del-audi-a3\/\"},\"author\":{\"name\":\"Clicars\",\"@id\":\"https:\/\/www.clicars.com\/blog\/#\/schema\/person\/af686c41ba96962c68871392bf2bb62d\"},\"headline\":\"Descubre las medidas y caracter\u00edsticas del Audi A3\",\"datePublished\":\"2023-06-29T12:08:01+00:00\",\"mainEntityOfPage\":{\"@id\":\"https:\/\/www.clicars.com\/blog\/curiosidades\/descubre-las-medidas-y-caracteristicas-del-audi-a3\/\"},\"wordCount\":931,\"image\":{\"@id\":\"https:\/\/www.clicars.com\/blog\/curiosidades\/descubre-las-medidas-y-caracteristicas-del-audi-a3\/#primaryimage\"},\"thumbnailUrl\":\"https:\/\/www.clicars.com\/blog\/wp-content\/uploads\/2023\/06\/audi-a3-medidas.jpg\",\"articleSection\":[\"Curiosidades\"],\"inLanguage\":\"es\"},{\"@type\":[\"WebPage\",\"ItemPage\"],\"@id\":\"https:\/\/www.clicars.com\/blog\/curiosidades\/descubre-las-medidas-y-caracteristicas-del-audi-a3\/\",\"url\":\"https:\/\/www.clicars.com\/blog\/curiosidades\/descubre-las-medidas-y-caracteristicas-del-audi-a3\/\",\"name\":\"Descubre las medidas y caracter\u00edsticas del Audi A3 - Clicars Blog\",\"isPartOf\":{\"@id\":\"https:\/\/www.clicars.com\/blog\/#website\"},\"primaryImageOfPage\":{\"@id\":\"https:\/\/www.clicars.com\/blog\/curiosidades\/descubre-las-medidas-y-caracteristicas-del-audi-a3\/#primaryimage\"},\"image\":{\"@id\":\"https:\/\/www.clicars.com\/blog\/curiosidades\/descubre-las-medidas-y-caracteristicas-del-audi-a3\/#primaryimage\"},\"thumbnailUrl\":\"https:\/\/www.clicars.com\/blog\/wp-content\/uploads\/2023\/06\/audi-a3-medidas.jpg\",\"datePublished\":\"2023-06-29T12:08:01+00:00\",\"author\":{\"@id\":\"https:\/\/www.clicars.com\/blog\/#\/schema\/person\/af686c41ba96962c68871392bf2bb62d\"},\"description\":\"\u25b7 Todas las medidas del Audi A3 aqu\u00ed. \u00bfEs el coche que encaja con tu rutina? Desc\u00fabrelo con solo leer este post.\",\"breadcrumb\":{\"@id\":\"https:\/\/www.clicars.com\/blog\/curiosidades\/descubre-las-medidas-y-caracteristicas-del-audi-a3\/#breadcrumb\"},\"inLanguage\":\"es\",\"potentialAction\":[{\"@type\":\"ReadAction\",\"target\":[\"https:\/\/www.clicars.com\/blog\/curiosidades\/descubre-las-medidas-y-caracteristicas-del-audi-a3\/\"]}]},{\"@type\":\"ImageObject\",\"inLanguage\":\"es\",\"@id\":\"https:\/\/www.clicars.com\/blog\/curiosidades\/descubre-las-medidas-y-caracteristicas-del-audi-a3\/#primaryimage\",\"url\":\"https:\/\/www.clicars.com\/blog\/wp-content\/uploads\/2023\/06\/audi-a3-medidas.jpg\",\"contentUrl\":\"https:\/\/www.clicars.com\/blog\/wp-content\/uploads\/2023\/06\/audi-a3-medidas.jpg\",\"width\":900,\"height\":600,\"caption\":\"audi a3 medidas\"},{\"@type\":\"BreadcrumbList\",\"@id\":\"https:\/\/www.clicars.com\/blog\/curiosidades\/descubre-las-medidas-y-caracteristicas-del-audi-a3\/#breadcrumb\",\"itemListElement\":[{\"@type\":\"ListItem\",\"position\":1,\"name\":\"Portada\",\"item\":\"https:\/\/www.clicars.com\/blog\/\"},{\"@type\":\"ListItem\",\"position\":2,\"name\":\"Descubre las medidas y caracter\u00edsticas del Audi A3\"}]},{\"@type\":\"WebSite\",\"@id\":\"https:\/\/www.clicars.com\/blog\/#website\",\"url\":\"https:\/\/www.clicars.com\/blog\/\",\"name\":\"Clicars\",\"description\":\"Compra tu coche de Buena Mano sin moverte de casa\",\"inLanguage\":\"es\"},{\"@type\":\"Person\",\"@id\":\"https:\/\/www.clicars.com\/blog\/#\/schema\/person\/af686c41ba96962c68871392bf2bb62d\",\"name\":\"Clicars\",\"image\":{\"@type\":\"ImageObject\",\"inLanguage\":\"es\",\"@id\":\"https:\/\/www.clicars.com\/blog\/#\/schema\/person\/image\/\",\"url\":\"https:\/\/secure.gravatar.com\/avatar\/3100622b0023049db14165cdba9dadaa9159743b871e83e440a0df9a70f80e56?s=96&d=mm&r=g\",\"contentUrl\":\"https:\/\/secure.gravatar.com\/avatar\/3100622b0023049db14165cdba9dadaa9159743b871e83e440a0df9a70f80e56?s=96&d=mm&r=g\",\"caption\":\"Clicars\"},\"sameAs\":[\"https:\/\/www.clicars.com\"],\"url\":\"https:\/\/www.clicars.com\/blog\/author\/clicars\/\"}]}<\/script>\n<!-- \/ Yoast SEO plugin. -->","yoast_head_json":{"title":"Descubre las medidas y caracter\u00edsticas del Audi A3 - Clicars Blog","description":"\u25b7 Todas las medidas del Audi A3 aqu\u00ed. \u00bfEs el coche que encaja con tu rutina? Desc\u00fabrelo con solo leer este post.","robots":{"index":"index","follow":"follow","max-snippet":"max-snippet:-1","max-image-preview":"max-image-preview:large","max-video-preview":"max-video-preview:-1"},"canonical":"https:\/\/www.clicars.com\/blog\/curiosidades\/descubre-las-medidas-y-caracteristicas-del-audi-a3\/","og_locale":"es_ES","og_type":"article","og_title":"Descubre las medidas y caracter\u00edsticas del Audi A3 - Clicars Blog","og_description":"\u25b7 Todas las medidas del Audi A3 aqu\u00ed. \u00bfEs el coche que encaja con tu rutina? Desc\u00fabrelo con solo leer este post.","og_url":"https:\/\/www.clicars.com\/blog\/curiosidades\/descubre-las-medidas-y-caracteristicas-del-audi-a3\/","og_site_name":"Clicars","article_published_time":"2023-06-29T12:08:01+00:00","og_image":[{"width":900,"height":600,"url":"https:\/\/www.clicars.com\/blog\/wp-content\/uploads\/2023\/06\/audi-a3-medidas.jpg","type":"image\/jpeg"}],"author":"Clicars","twitter_card":"summary_large_image","twitter_misc":{"Escrito por":"Clicars","Tiempo de lectura":"5 minutos"},"schema":{"@context":"https:\/\/schema.org","@graph":[{"@type":"Article","@id":"https:\/\/www.clicars.com\/blog\/curiosidades\/descubre-las-medidas-y-caracteristicas-del-audi-a3\/#article","isPartOf":{"@id":"https:\/\/www.clicars.com\/blog\/curiosidades\/descubre-las-medidas-y-caracteristicas-del-audi-a3\/"},"author":{"name":"Clicars","@id":"https:\/\/www.clicars.com\/blog\/#\/schema\/person\/af686c41ba96962c68871392bf2bb62d"},"headline":"Descubre las medidas y caracter\u00edsticas del Audi A3","datePublished":"2023-06-29T12:08:01+00:00","mainEntityOfPage":{"@id":"https:\/\/www.clicars.com\/blog\/curiosidades\/descubre-las-medidas-y-caracteristicas-del-audi-a3\/"},"wordCount":931,"image":{"@id":"https:\/\/www.clicars.com\/blog\/curiosidades\/descubre-las-medidas-y-caracteristicas-del-audi-a3\/#primaryimage"},"thumbnailUrl":"https:\/\/www.clicars.com\/blog\/wp-content\/uploads\/2023\/06\/audi-a3-medidas.jpg","articleSection":["Curiosidades"],"inLanguage":"es"},{"@type":["WebPage","ItemPage"],"@id":"https:\/\/www.clicars.com\/blog\/curiosidades\/descubre-las-medidas-y-caracteristicas-del-audi-a3\/","url":"https:\/\/www.clicars.com\/blog\/curiosidades\/descubre-las-medidas-y-caracteristicas-del-audi-a3\/","name":"Descubre las medidas y caracter\u00edsticas del Audi A3 - Clicars Blog","isPartOf":{"@id":"https:\/\/www.clicars.com\/blog\/#website"},"primaryImageOfPage":{"@id":"https:\/\/www.clicars.com\/blog\/curiosidades\/descubre-las-medidas-y-caracteristicas-del-audi-a3\/#primaryimage"},"image":{"@id":"https:\/\/www.clicars.com\/blog\/curiosidades\/descubre-las-medidas-y-caracteristicas-del-audi-a3\/#primaryimage"},"thumbnailUrl":"https:\/\/www.clicars.com\/blog\/wp-content\/uploads\/2023\/06\/audi-a3-medidas.jpg","datePublished":"2023-06-29T12:08:01+00:00","author":{"@id":"https:\/\/www.clicars.com\/blog\/#\/schema\/person\/af686c41ba96962c68871392bf2bb62d"},"description":"\u25b7 Todas las medidas del Audi A3 aqu\u00ed. \u00bfEs el coche que encaja con tu rutina? Desc\u00fabrelo con solo leer este post.","breadcrumb":{"@id":"https:\/\/www.clicars.com\/blog\/curiosidades\/descubre-las-medidas-y-caracteristicas-del-audi-a3\/#breadcrumb"},"inLanguage":"es","potentialAction":[{"@type":"ReadAction","target":["https:\/\/www.clicars.com\/blog\/curiosidades\/descubre-las-medidas-y-caracteristicas-del-audi-a3\/"]}]},{"@type":"ImageObject","inLanguage":"es","@id":"https:\/\/www.clicars.com\/blog\/curiosidades\/descubre-las-medidas-y-caracteristicas-del-audi-a3\/#primaryimage","url":"https:\/\/www.clicars.com\/blog\/wp-content\/uploads\/2023\/06\/audi-a3-medidas.jpg","contentUrl":"https:\/\/www.clicars.com\/blog\/wp-content\/uploads\/2023\/06\/audi-a3-medidas.jpg","width":900,"height":600,"caption":"audi a3 medidas"},{"@type":"BreadcrumbList","@id":"https:\/\/www.clicars.com\/blog\/curiosidades\/descubre-las-medidas-y-caracteristicas-del-audi-a3\/#breadcrumb","itemListElement":[{"@type":"ListItem","position":1,"name":"Portada","item":"https:\/\/www.clicars.com\/blog\/"},{"@type":"ListItem","position":2,"name":"Descubre las medidas y caracter\u00edsticas del Audi A3"}]},{"@type":"WebSite","@id":"https:\/\/www.clicars.com\/blog\/#website","url":"https:\/\/www.clicars.com\/blog\/","name":"Clicars","description":"Compra tu coche de Buena Mano sin moverte de casa","inLanguage":"es"},{"@type":"Person","@id":"https:\/\/www.clicars.com\/blog\/#\/schema\/person\/af686c41ba96962c68871392bf2bb62d","name":"Clicars","image":{"@type":"ImageObject","inLanguage":"es","@id":"https:\/\/www.clicars.com\/blog\/#\/schema\/person\/image\/","url":"https:\/\/secure.gravatar.com\/avatar\/3100622b0023049db14165cdba9dadaa9159743b871e83e440a0df9a70f80e56?s=96&d=mm&r=g","contentUrl":"https:\/\/secure.gravatar.com\/avatar\/3100622b0023049db14165cdba9dadaa9159743b871e83e440a0df9a70f80e56?s=96&d=mm&r=g","caption":"Clicars"},"sameAs":["https:\/\/www.clicars.com"],"url":"https:\/\/www.clicars.com\/blog\/author\/clicars\/"}]}},"_links":{"self":[{"href":"https:\/\/www.clicars.com\/blog\/wp-json\/wp\/v2\/posts\/11919","targetHints":{"allow":["GET"]}}],"collection":[{"href":"https:\/\/www.clicars.com\/blog\/wp-json\/wp\/v2\/posts"}],"about":[{"href":"https:\/\/www.clicars.com\/blog\/wp-json\/wp\/v2\/types\/post"}],"author":[{"embeddable":true,"href":"https:\/\/www.clicars.com\/blog\/wp-json\/wp\/v2\/users\/2"}],"replies":[{"embeddable":true,"href":"https:\/\/www.clicars.com\/blog\/wp-json\/wp\/v2\/comments?post=11919"}],"version-history":[{"count":1,"href":"https:\/\/www.clicars.com\/blog\/wp-json\/wp\/v2\/posts\/11919\/revisions"}],"predecessor-version":[{"id":11923,"href":"https:\/\/www.clicars.com\/blog\/wp-json\/wp\/v2\/posts\/11919\/revisions\/11923"}],"wp:featuredmedia":[{"embeddable":true,"href":"https:\/\/www.clicars.com\/blog\/wp-json\/wp\/v2\/media\/11920"}],"wp:attachment":[{"href":"https:\/\/www.clicars.com\/blog\/wp-json\/wp\/v2\/media?parent=11919"}],"wp:term":[{"taxonomy":"category","embeddable":true,"href":"https:\/\/www.clicars.com\/blog\/wp-json\/wp\/v2\/categories?post=11919"},{"taxonomy":"post_tag","embeddable":true,"href":"https:\/\/www.clicars.com\/blog\/wp-json\/wp\/v2\/tags?post=11919"}],"curies":[{"name":"wp","href":"https:\/\/api.w.org\/{rel}","templated":true}]}}