{"id":11969,"date":"2023-07-12T14:19:36","date_gmt":"2023-07-12T12:19:36","guid":{"rendered":"https:\/\/www.clicars.com\/blog\/?p=11969"},"modified":"2023-07-12T14:19:36","modified_gmt":"2023-07-12T12:19:36","slug":"multa-por-llevar-bicicleta-dentro-del-coche","status":"publish","type":"post","link":"https:\/\/www.clicars.com\/blog\/curiosidades\/multa-por-llevar-bicicleta-dentro-del-coche\/","title":{"rendered":"\u00bfCu\u00e1l es la multa por llevar bicicletas dentro del coche?"},"content":{"rendered":"<p><span style=\"font-weight: 400;\">Las buenas temperaturas han llegado para quedarse y es por eso que apetece, a\u00fan m\u00e1s si cabe, utilizar la bicicleta para pasar nuestras horas o incluso d\u00edas libres, pero, <strong>\u00bfsab\u00edas que transportar mal tu bicicleta dentro del coche puede tener una multa de 200 euros?<\/strong><\/span><\/p>\n<p><span style=\"font-weight: 400;\">S\u00ed, has le\u00eddo bien, llevar mal una bici en el coche puede ocasionarte m\u00e1s de un disgusto, por no hablar del aumento de probabilidades de tener un accidente de tr\u00e1fico. Como queremos seguir vi\u00e9ndote por aqu\u00ed, vamos a contarte todo lo que necesitas saber sobre el transporte de bicicletas en el coche. \u00a1Toma nota y no pierdas detalle!<\/span><\/p>\n<p><span style=\"font-weight: 400;\">Esto no lo decimos solo nosotros, la Direcci\u00f3n General de Tr\u00e1fico ha puesto el foco sobre las bicicletas y su transporte en los veh\u00edculos. Hoy vamos a darte todos los trucos para que no incumplas la legislaci\u00f3n de seguridad vial y las normas de circulaci\u00f3n.<\/span><\/p>\n<h2><span style=\"font-weight: 400;\">C\u00f3mo transportar una bicicleta en el coche de forma segura<\/span><\/h2>\n<p><span style=\"font-weight: 400;\">Aprovecha, al m\u00e1ximo, <strong>el maletero y si es posible, abate los asientos traseros<\/strong>. As\u00ed solo tendr\u00e1s que desmontar, como mucho, la rueda delantera. Esto no te quitar\u00e1 mucho tiempo y te ahorrar\u00e1s una multa de 200 euros y un posible susto en la carretera.<\/span><\/p>\n<p><span style=\"font-weight: 400;\">La multa por transportar mal la bicicleta en el coche no solo es por llevarla en el coche de forma incorrecta, tambi\u00e9n<strong> te pueden multar por transportarla sin sujeci\u00f3n en el habit\u00e1culo del coche<\/strong>. Esto sumar\u00e1 otros 200 euros a la sanci\u00f3n. Recuerda que no conocer la ley no te exime del delito.<\/span><\/p>\n<h2><span style=\"font-weight: 400;\">C\u00f3mo llevar la bicicleta en el coche de forma correcta<\/span><\/h2>\n<p><span style=\"font-weight: 400;\">Siempre que sea posible, deber\u00e1s utilizar un portabicicletas en la parte trasera del veh\u00edculo. Eso s\u00ed, tendr\u00e1s que colocar la se\u00f1alizaci\u00f3n V20 para avisar al resto de usuarios de la v\u00eda, sobre todo a los que vienen por detr\u00e1s. Debes comprobar que no tapas los grupos \u00f3pticos ni la placa de matr\u00edcula. Si lo haces, tambi\u00e9n tendr\u00e1s una multa.<\/span><\/p>\n<p><span style=\"font-weight: 400;\">Adem\u00e1s, si optas por un cofre o una baca en el techo, no deber\u00e1s sobrepasar la anchura de tu propio veh\u00edculo ni debe superar el 15% de la longitud de tu coche. Ahora que ya conoces todo lo que puede acarrear transportar mal las bicicletas en el coche, te aconsejamos varias cosas; por un lado, que desmontes tu bici y la sujetes en el maletero de tu coche o bien, que cambies de coche y apuestes por un SUV con una gran habitabilidad que te permita disfrutar de tu deporte favorito. Por supuesto, estar\u00e1 disponible en Clicars.<\/span><\/p>\n","protected":false},"excerpt":{"rendered":"<p>Las buenas temperaturas han llegado para quedarse y es por eso que apetece, a\u00fan m\u00e1s&#8230;<\/p>\n","protected":false},"author":2,"featured_media":11970,"comment_status":"closed","ping_status":"closed","sticky":false,"template":"","format":"standard","meta":{"footnotes":""},"categories":[4],"tags":[],"class_list":{"0":"post-11969","1":"post","2":"type-post","3":"status-publish","4":"format-standard","5":"has-post-thumbnail","7":"category-curiosidades"},"yoast_head":"<!-- This site is optimized with the Yoast SEO plugin v26.8 - https:\/\/yoast.com\/product\/yoast-seo-wordpress\/ -->\n<title>\u00bfCu\u00e1l es la multa por llevar bicicletas dentro del coche? - Clicars Blog<\/title>\n<meta name=\"description\" content=\"\u25b7 Llevar la bici dentro del coche puede ser peligroso, es por eso que es sancionable. Te contamos cu\u00e1l es la multa y c\u00f3mo hacerlo bien.\" \/>\n<meta name=\"robots\" content=\"index, follow, max-snippet:-1, max-image-preview:large, max-video-preview:-1\" \/>\n<link rel=\"canonical\" href=\"https:\/\/www.clicars.com\/blog\/curiosidades\/multa-por-llevar-bicicleta-dentro-del-coche\/\" \/>\n<meta property=\"og:locale\" content=\"es_ES\" \/>\n<meta property=\"og:type\" content=\"article\" \/>\n<meta property=\"og:title\" content=\"\u00bfCu\u00e1l es la multa por llevar bicicletas dentro del coche? - Clicars Blog\" \/>\n<meta property=\"og:description\" content=\"\u25b7 Llevar la bici dentro del coche puede ser peligroso, es por eso que es sancionable. Te contamos cu\u00e1l es la multa y c\u00f3mo hacerlo bien.\" \/>\n<meta property=\"og:url\" content=\"https:\/\/www.clicars.com\/blog\/curiosidades\/multa-por-llevar-bicicleta-dentro-del-coche\/\" \/>\n<meta property=\"og:site_name\" content=\"Clicars\" \/>\n<meta property=\"article:published_time\" content=\"2023-07-12T12:19:36+00:00\" \/>\n<meta property=\"og:image\" content=\"https:\/\/www.clicars.com\/blog\/wp-content\/uploads\/2023\/07\/multa-por-llevar-la-bici-en-el-interior-del-coche.jpg\" \/>\n\t<meta property=\"og:image:width\" content=\"800\" \/>\n\t<meta property=\"og:image:height\" content=\"600\" \/>\n\t<meta property=\"og:image:type\" content=\"image\/jpeg\" \/>\n<meta name=\"author\" content=\"Clicars\" \/>\n<meta name=\"twitter:card\" content=\"summary_large_image\" \/>\n<meta name=\"twitter:label1\" content=\"Escrito por\" \/>\n\t<meta name=\"twitter:data1\" content=\"Clicars\" \/>\n\t<meta name=\"twitter:label2\" content=\"Tiempo de lectura\" \/>\n\t<meta name=\"twitter:data2\" content=\"2 minutos\" \/>\n<script type=\"application\/ld+json\" class=\"yoast-schema-graph\">{\"@context\":\"https:\/\/schema.org\",\"@graph\":[{\"@type\":\"Article\",\"@id\":\"https:\/\/www.clicars.com\/blog\/curiosidades\/multa-por-llevar-bicicleta-dentro-del-coche\/#article\",\"isPartOf\":{\"@id\":\"https:\/\/www.clicars.com\/blog\/curiosidades\/multa-por-llevar-bicicleta-dentro-del-coche\/\"},\"author\":{\"name\":\"Clicars\",\"@id\":\"https:\/\/www.clicars.com\/blog\/#\/schema\/person\/af686c41ba96962c68871392bf2bb62d\"},\"headline\":\"\u00bfCu\u00e1l es la multa por llevar bicicletas dentro del coche?\",\"datePublished\":\"2023-07-12T12:19:36+00:00\",\"mainEntityOfPage\":{\"@id\":\"https:\/\/www.clicars.com\/blog\/curiosidades\/multa-por-llevar-bicicleta-dentro-del-coche\/\"},\"wordCount\":463,\"image\":{\"@id\":\"https:\/\/www.clicars.com\/blog\/curiosidades\/multa-por-llevar-bicicleta-dentro-del-coche\/#primaryimage\"},\"thumbnailUrl\":\"https:\/\/www.clicars.com\/blog\/wp-content\/uploads\/2023\/07\/multa-por-llevar-la-bici-en-el-interior-del-coche.jpg\",\"articleSection\":[\"Curiosidades\"],\"inLanguage\":\"es\"},{\"@type\":[\"WebPage\",\"ItemPage\"],\"@id\":\"https:\/\/www.clicars.com\/blog\/curiosidades\/multa-por-llevar-bicicleta-dentro-del-coche\/\",\"url\":\"https:\/\/www.clicars.com\/blog\/curiosidades\/multa-por-llevar-bicicleta-dentro-del-coche\/\",\"name\":\"\u00bfCu\u00e1l es la multa por llevar bicicletas dentro del coche? - Clicars Blog\",\"isPartOf\":{\"@id\":\"https:\/\/www.clicars.com\/blog\/#website\"},\"primaryImageOfPage\":{\"@id\":\"https:\/\/www.clicars.com\/blog\/curiosidades\/multa-por-llevar-bicicleta-dentro-del-coche\/#primaryimage\"},\"image\":{\"@id\":\"https:\/\/www.clicars.com\/blog\/curiosidades\/multa-por-llevar-bicicleta-dentro-del-coche\/#primaryimage\"},\"thumbnailUrl\":\"https:\/\/www.clicars.com\/blog\/wp-content\/uploads\/2023\/07\/multa-por-llevar-la-bici-en-el-interior-del-coche.jpg\",\"datePublished\":\"2023-07-12T12:19:36+00:00\",\"author\":{\"@id\":\"https:\/\/www.clicars.com\/blog\/#\/schema\/person\/af686c41ba96962c68871392bf2bb62d\"},\"description\":\"\u25b7 Llevar la bici dentro del coche puede ser peligroso, es por eso que es sancionable. Te contamos cu\u00e1l es la multa y c\u00f3mo hacerlo bien.\",\"breadcrumb\":{\"@id\":\"https:\/\/www.clicars.com\/blog\/curiosidades\/multa-por-llevar-bicicleta-dentro-del-coche\/#breadcrumb\"},\"inLanguage\":\"es\",\"potentialAction\":[{\"@type\":\"ReadAction\",\"target\":[\"https:\/\/www.clicars.com\/blog\/curiosidades\/multa-por-llevar-bicicleta-dentro-del-coche\/\"]}]},{\"@type\":\"ImageObject\",\"inLanguage\":\"es\",\"@id\":\"https:\/\/www.clicars.com\/blog\/curiosidades\/multa-por-llevar-bicicleta-dentro-del-coche\/#primaryimage\",\"url\":\"https:\/\/www.clicars.com\/blog\/wp-content\/uploads\/2023\/07\/multa-por-llevar-la-bici-en-el-interior-del-coche.jpg\",\"contentUrl\":\"https:\/\/www.clicars.com\/blog\/wp-content\/uploads\/2023\/07\/multa-por-llevar-la-bici-en-el-interior-del-coche.jpg\",\"width\":800,\"height\":600,\"caption\":\"multa por llevar la bici en el interior del coche\"},{\"@type\":\"BreadcrumbList\",\"@id\":\"https:\/\/www.clicars.com\/blog\/curiosidades\/multa-por-llevar-bicicleta-dentro-del-coche\/#breadcrumb\",\"itemListElement\":[{\"@type\":\"ListItem\",\"position\":1,\"name\":\"Portada\",\"item\":\"https:\/\/www.clicars.com\/blog\/\"},{\"@type\":\"ListItem\",\"position\":2,\"name\":\"\u00bfCu\u00e1l es la multa por llevar bicicletas dentro del coche?\"}]},{\"@type\":\"WebSite\",\"@id\":\"https:\/\/www.clicars.com\/blog\/#website\",\"url\":\"https:\/\/www.clicars.com\/blog\/\",\"name\":\"Clicars\",\"description\":\"Compra tu coche de Buena Mano sin moverte de casa\",\"inLanguage\":\"es\"},{\"@type\":\"Person\",\"@id\":\"https:\/\/www.clicars.com\/blog\/#\/schema\/person\/af686c41ba96962c68871392bf2bb62d\",\"name\":\"Clicars\",\"image\":{\"@type\":\"ImageObject\",\"inLanguage\":\"es\",\"@id\":\"https:\/\/www.clicars.com\/blog\/#\/schema\/person\/image\/\",\"url\":\"https:\/\/secure.gravatar.com\/avatar\/3100622b0023049db14165cdba9dadaa9159743b871e83e440a0df9a70f80e56?s=96&d=mm&r=g\",\"contentUrl\":\"https:\/\/secure.gravatar.com\/avatar\/3100622b0023049db14165cdba9dadaa9159743b871e83e440a0df9a70f80e56?s=96&d=mm&r=g\",\"caption\":\"Clicars\"},\"sameAs\":[\"https:\/\/www.clicars.com\"],\"url\":\"https:\/\/www.clicars.com\/blog\/author\/clicars\/\"}]}<\/script>\n<!-- \/ Yoast SEO plugin. -->","yoast_head_json":{"title":"\u00bfCu\u00e1l es la multa por llevar bicicletas dentro del coche? - Clicars Blog","description":"\u25b7 Llevar la bici dentro del coche puede ser peligroso, es por eso que es sancionable. Te contamos cu\u00e1l es la multa y c\u00f3mo hacerlo bien.","robots":{"index":"index","follow":"follow","max-snippet":"max-snippet:-1","max-image-preview":"max-image-preview:large","max-video-preview":"max-video-preview:-1"},"canonical":"https:\/\/www.clicars.com\/blog\/curiosidades\/multa-por-llevar-bicicleta-dentro-del-coche\/","og_locale":"es_ES","og_type":"article","og_title":"\u00bfCu\u00e1l es la multa por llevar bicicletas dentro del coche? - Clicars Blog","og_description":"\u25b7 Llevar la bici dentro del coche puede ser peligroso, es por eso que es sancionable. Te contamos cu\u00e1l es la multa y c\u00f3mo hacerlo bien.","og_url":"https:\/\/www.clicars.com\/blog\/curiosidades\/multa-por-llevar-bicicleta-dentro-del-coche\/","og_site_name":"Clicars","article_published_time":"2023-07-12T12:19:36+00:00","og_image":[{"width":800,"height":600,"url":"https:\/\/www.clicars.com\/blog\/wp-content\/uploads\/2023\/07\/multa-por-llevar-la-bici-en-el-interior-del-coche.jpg","type":"image\/jpeg"}],"author":"Clicars","twitter_card":"summary_large_image","twitter_misc":{"Escrito por":"Clicars","Tiempo de lectura":"2 minutos"},"schema":{"@context":"https:\/\/schema.org","@graph":[{"@type":"Article","@id":"https:\/\/www.clicars.com\/blog\/curiosidades\/multa-por-llevar-bicicleta-dentro-del-coche\/#article","isPartOf":{"@id":"https:\/\/www.clicars.com\/blog\/curiosidades\/multa-por-llevar-bicicleta-dentro-del-coche\/"},"author":{"name":"Clicars","@id":"https:\/\/www.clicars.com\/blog\/#\/schema\/person\/af686c41ba96962c68871392bf2bb62d"},"headline":"\u00bfCu\u00e1l es la multa por llevar bicicletas dentro del coche?","datePublished":"2023-07-12T12:19:36+00:00","mainEntityOfPage":{"@id":"https:\/\/www.clicars.com\/blog\/curiosidades\/multa-por-llevar-bicicleta-dentro-del-coche\/"},"wordCount":463,"image":{"@id":"https:\/\/www.clicars.com\/blog\/curiosidades\/multa-por-llevar-bicicleta-dentro-del-coche\/#primaryimage"},"thumbnailUrl":"https:\/\/www.clicars.com\/blog\/wp-content\/uploads\/2023\/07\/multa-por-llevar-la-bici-en-el-interior-del-coche.jpg","articleSection":["Curiosidades"],"inLanguage":"es"},{"@type":["WebPage","ItemPage"],"@id":"https:\/\/www.clicars.com\/blog\/curiosidades\/multa-por-llevar-bicicleta-dentro-del-coche\/","url":"https:\/\/www.clicars.com\/blog\/curiosidades\/multa-por-llevar-bicicleta-dentro-del-coche\/","name":"\u00bfCu\u00e1l es la multa por llevar bicicletas dentro del coche? - Clicars Blog","isPartOf":{"@id":"https:\/\/www.clicars.com\/blog\/#website"},"primaryImageOfPage":{"@id":"https:\/\/www.clicars.com\/blog\/curiosidades\/multa-por-llevar-bicicleta-dentro-del-coche\/#primaryimage"},"image":{"@id":"https:\/\/www.clicars.com\/blog\/curiosidades\/multa-por-llevar-bicicleta-dentro-del-coche\/#primaryimage"},"thumbnailUrl":"https:\/\/www.clicars.com\/blog\/wp-content\/uploads\/2023\/07\/multa-por-llevar-la-bici-en-el-interior-del-coche.jpg","datePublished":"2023-07-12T12:19:36+00:00","author":{"@id":"https:\/\/www.clicars.com\/blog\/#\/schema\/person\/af686c41ba96962c68871392bf2bb62d"},"description":"\u25b7 Llevar la bici dentro del coche puede ser peligroso, es por eso que es sancionable. Te contamos cu\u00e1l es la multa y c\u00f3mo hacerlo bien.","breadcrumb":{"@id":"https:\/\/www.clicars.com\/blog\/curiosidades\/multa-por-llevar-bicicleta-dentro-del-coche\/#breadcrumb"},"inLanguage":"es","potentialAction":[{"@type":"ReadAction","target":["https:\/\/www.clicars.com\/blog\/curiosidades\/multa-por-llevar-bicicleta-dentro-del-coche\/"]}]},{"@type":"ImageObject","inLanguage":"es","@id":"https:\/\/www.clicars.com\/blog\/curiosidades\/multa-por-llevar-bicicleta-dentro-del-coche\/#primaryimage","url":"https:\/\/www.clicars.com\/blog\/wp-content\/uploads\/2023\/07\/multa-por-llevar-la-bici-en-el-interior-del-coche.jpg","contentUrl":"https:\/\/www.clicars.com\/blog\/wp-content\/uploads\/2023\/07\/multa-por-llevar-la-bici-en-el-interior-del-coche.jpg","width":800,"height":600,"caption":"multa por llevar la bici en el interior del coche"},{"@type":"BreadcrumbList","@id":"https:\/\/www.clicars.com\/blog\/curiosidades\/multa-por-llevar-bicicleta-dentro-del-coche\/#breadcrumb","itemListElement":[{"@type":"ListItem","position":1,"name":"Portada","item":"https:\/\/www.clicars.com\/blog\/"},{"@type":"ListItem","position":2,"name":"\u00bfCu\u00e1l es la multa por llevar bicicletas dentro del coche?"}]},{"@type":"WebSite","@id":"https:\/\/www.clicars.com\/blog\/#website","url":"https:\/\/www.clicars.com\/blog\/","name":"Clicars","description":"Compra tu coche de Buena Mano sin moverte de casa","inLanguage":"es"},{"@type":"Person","@id":"https:\/\/www.clicars.com\/blog\/#\/schema\/person\/af686c41ba96962c68871392bf2bb62d","name":"Clicars","image":{"@type":"ImageObject","inLanguage":"es","@id":"https:\/\/www.clicars.com\/blog\/#\/schema\/person\/image\/","url":"https:\/\/secure.gravatar.com\/avatar\/3100622b0023049db14165cdba9dadaa9159743b871e83e440a0df9a70f80e56?s=96&d=mm&r=g","contentUrl":"https:\/\/secure.gravatar.com\/avatar\/3100622b0023049db14165cdba9dadaa9159743b871e83e440a0df9a70f80e56?s=96&d=mm&r=g","caption":"Clicars"},"sameAs":["https:\/\/www.clicars.com"],"url":"https:\/\/www.clicars.com\/blog\/author\/clicars\/"}]}},"_links":{"self":[{"href":"https:\/\/www.clicars.com\/blog\/wp-json\/wp\/v2\/posts\/11969","targetHints":{"allow":["GET"]}}],"collection":[{"href":"https:\/\/www.clicars.com\/blog\/wp-json\/wp\/v2\/posts"}],"about":[{"href":"https:\/\/www.clicars.com\/blog\/wp-json\/wp\/v2\/types\/post"}],"author":[{"embeddable":true,"href":"https:\/\/www.clicars.com\/blog\/wp-json\/wp\/v2\/users\/2"}],"replies":[{"embeddable":true,"href":"https:\/\/www.clicars.com\/blog\/wp-json\/wp\/v2\/comments?post=11969"}],"version-history":[{"count":1,"href":"https:\/\/www.clicars.com\/blog\/wp-json\/wp\/v2\/posts\/11969\/revisions"}],"predecessor-version":[{"id":11971,"href":"https:\/\/www.clicars.com\/blog\/wp-json\/wp\/v2\/posts\/11969\/revisions\/11971"}],"wp:featuredmedia":[{"embeddable":true,"href":"https:\/\/www.clicars.com\/blog\/wp-json\/wp\/v2\/media\/11970"}],"wp:attachment":[{"href":"https:\/\/www.clicars.com\/blog\/wp-json\/wp\/v2\/media?parent=11969"}],"wp:term":[{"taxonomy":"category","embeddable":true,"href":"https:\/\/www.clicars.com\/blog\/wp-json\/wp\/v2\/categories?post=11969"},{"taxonomy":"post_tag","embeddable":true,"href":"https:\/\/www.clicars.com\/blog\/wp-json\/wp\/v2\/tags?post=11969"}],"curies":[{"name":"wp","href":"https:\/\/api.w.org\/{rel}","templated":true}]}}