{"id":12052,"date":"2023-08-04T10:27:56","date_gmt":"2023-08-04T08:27:56","guid":{"rendered":"https:\/\/www.clicars.com\/blog\/?p=12052"},"modified":"2024-01-24T09:39:24","modified_gmt":"2024-01-24T07:39:24","slug":"la-venta-de-turismos-y-furgonetas-de-segunda-mano-sigue-en-alza","status":"publish","type":"post","link":"https:\/\/www.clicars.com\/blog\/actualidad\/la-venta-de-turismos-y-furgonetas-de-segunda-mano-sigue-en-alza\/","title":{"rendered":"La venta de turismos y furgonetas de segunda mano sigue en alza: un 4,3% m\u00e1s en mayo"},"content":{"rendered":"<p><span style=\"font-weight: 400;\">Este 2023 comenz\u00f3 con una<\/span><b> tendencia ascendente<\/b><span style=\"font-weight: 400;\"> en el mercado de <\/span><a href=\"https:\/\/www.clicars.com\/coches-segunda-mano-ocasion\"><span style=\"font-weight: 400;\">coches de segunda mano.<\/span><\/a><span style=\"font-weight: 400;\"> En Espa\u00f1a se experiment\u00f3 un alza interanual del 3,4% tras el primer trimestre del a\u00f1o y el pasado mes de mayo, no quiso ser excepci\u00f3n en esta regla. Las cifras siguen en alza y por ello<\/span><b> la venta de turismos y furgonetas crece un 4,3% <\/b><span style=\"font-weight: 400;\">hasta alcanzar las 195.902 unidades vendidas seg\u00fan los datos recogidos por la<\/span><b> Asociaci\u00f3n Nacional de Comerciantes de Veh\u00edculos (Ancove).<\/b><b><br \/>\n<\/b><\/p>\n<p><span style=\"font-weight: 400;\">La suma total de todos los veh\u00edculos de segunda mano vendidos en Espa\u00f1a lo que va de a\u00f1o, asciende a casi un mill\u00f3n de unidades despu\u00e9s de cinco meses. <\/span><b>El crecimiento global se sit\u00faa en un 3,5% <\/b><span style=\"font-weight: 400;\">en comparaci\u00f3n a este mismo periodo del ejercicio anterior y al mismo tiempo, se demuestra c\u00f3mo la b\u00fasqueda de un coche de ocasi\u00f3n sigue siendo una opci\u00f3n muy a tener en cuenta dentro del mercado actual.<\/span><span style=\"font-weight: 400;\"><br \/>\n<\/span><\/p>\n<p><span style=\"font-weight: 400;\">Hablan las cifras: en los cinco primeros meses del a\u00f1o, el mercado de ocasi\u00f3n ha experimentado un crecimiento de un 3,5% con<\/span><b> un total de 906.981 veh\u00edculos transferidos. <\/b><span style=\"font-weight: 400;\">La cifra en segmentos demuestra un gran protagonismo de los turimos en este tipo de ventas, ya que con 775.865 unidades vendidas el incremento es del 3,3% en el n\u00famero de operaciones. Mientras que el avance en los comerciales ligeros se sit\u00faa en 131.116 unidades que equivalen a un 4,2%.<\/span><span style=\"font-weight: 400;\"><br \/>\n<\/span><\/p>\n<div id=\"ez-toc-container\" class=\"ez-toc-v2_0_80 counter-hierarchy ez-toc-counter ez-toc-light-blue ez-toc-container-direction\">\n<p class=\"ez-toc-title\" style=\"cursor:inherit\">\u00cdndice de contenidos<\/p>\n<label for=\"ez-toc-cssicon-toggle-item-69f4cce30f802\" class=\"ez-toc-cssicon-toggle-label\"><span class=\"ez-toc-cssicon\"><span class=\"eztoc-hide\" style=\"display:none;\">Toggle<\/span><span class=\"ez-toc-icon-toggle-span\"><svg style=\"fill: #999;color:#999\" xmlns=\"http:\/\/www.w3.org\/2000\/svg\" class=\"list-377408\" width=\"20px\" height=\"20px\" viewBox=\"0 0 24 24\" fill=\"none\"><path d=\"M6 6H4v2h2V6zm14 0H8v2h12V6zM4 11h2v2H4v-2zm16 0H8v2h12v-2zM4 16h2v2H4v-2zm16 0H8v2h12v-2z\" fill=\"currentColor\"><\/path><\/svg><svg style=\"fill: #999;color:#999\" class=\"arrow-unsorted-368013\" xmlns=\"http:\/\/www.w3.org\/2000\/svg\" width=\"10px\" height=\"10px\" viewBox=\"0 0 24 24\" version=\"1.2\" baseProfile=\"tiny\"><path d=\"M18.2 9.3l-6.2-6.3-6.2 6.3c-.2.2-.3.4-.3.7s.1.5.3.7c.2.2.4.3.7.3h11c.3 0 .5-.1.7-.3.2-.2.3-.5.3-.7s-.1-.5-.3-.7zM5.8 14.7l6.2 6.3 6.2-6.3c.2-.2.3-.5.3-.7s-.1-.5-.3-.7c-.2-.2-.4-.3-.7-.3h-11c-.3 0-.5.1-.7.3-.2.2-.3.5-.3.7s.1.5.3.7z\"\/><\/svg><\/span><\/span><\/label><input type=\"checkbox\"  id=\"ez-toc-cssicon-toggle-item-69f4cce30f802\"  aria-label=\"Alternar\" \/><nav><ul class='ez-toc-list ez-toc-list-level-1 ' ><li class='ez-toc-page-1 ez-toc-heading-level-2'><a class=\"ez-toc-link ez-toc-heading-1\" href=\"https:\/\/www.clicars.com\/blog\/actualidad\/la-venta-de-turismos-y-furgonetas-de-segunda-mano-sigue-en-alza\/#Los_turismos_dominan_el_mercado_de_segunda_mano\" >Los turismos dominan el mercado de segunda mano<\/a><\/li><li class='ez-toc-page-1 ez-toc-heading-level-2'><a class=\"ez-toc-link ez-toc-heading-2\" href=\"https:\/\/www.clicars.com\/blog\/actualidad\/la-venta-de-turismos-y-furgonetas-de-segunda-mano-sigue-en-alza\/#Casi_el_60_con_mas_de_diez_anos\" >Casi el 60% con m\u00e1s de diez a\u00f1os<\/a><\/li><li class='ez-toc-page-1 ez-toc-heading-level-2'><a class=\"ez-toc-link ez-toc-heading-3\" href=\"https:\/\/www.clicars.com\/blog\/actualidad\/la-venta-de-turismos-y-furgonetas-de-segunda-mano-sigue-en-alza\/#El_diesel_sigue_dominando_el_mercado\" >El di\u00e9sel sigue dominando el mercado<\/a><\/li><\/ul><\/nav><\/div>\n\n<h2><span class=\"ez-toc-section\" id=\"Los_turismos_dominan_el_mercado_de_segunda_mano\"><\/span><span style=\"font-weight: 400;\">Los turismos dominan el mercado de segunda mano<\/span><span class=\"ez-toc-section-end\"><\/span><\/h2>\n<p><span style=\"font-weight: 400;\">Dado que la adquisici\u00f3n de un veh\u00edculo es una de las decisiones m\u00e1s relevantes en nuestro d\u00eda a d\u00eda y al mismo tiempo, la segunda adquisici\u00f3n m\u00e1s cara en la vida de una persona, esto conlleva a que cada vez m\u00e1s personas opten por la b\u00fasqueda de<\/span><b> un veh\u00edculo de ocasi\u00f3n<\/b><span style=\"font-weight: 400;\">. Y entre la variedad, los turismos son quienes dominan este mercado.\u00a0<\/span><\/p>\n<p><span style=\"font-weight: 400;\">Dentro del crecimiento que experiment\u00f3 el sector de segunda mano en el pasado mes de mayo, con<\/span><b> casi 200.000 unidades vendidas,<\/b><span style=\"font-weight: 400;\"> un total de 167.379 fueron turismos. Las ventas que acumula este segmento acaparan<\/span><b> un 85,4% del total <\/b><span style=\"font-weight: 400;\">registrado en el quinto mes del a\u00f1o y su aumento en comparaci\u00f3n al ejercicio anterior, equivale a un 3,7%.\u00a0<\/span><\/p>\n<p><span style=\"font-weight: 400;\">Hasta alcanzar las 195.902 unidades vendidas en mayo,<\/span><b> las 28.523 restantes fueron para las furgonetas<\/b><span style=\"font-weight: 400;\">. Un segmento que a pesar de mostrarse en inferioridad en comparaci\u00f3n con los turismos, dispar\u00f3 el n\u00famero de ventas. En total se completaron <\/span><b>un 8,1% m\u00e1s de operaciones en el pasado mes de mayo, <\/b><span style=\"font-weight: 400;\">evidenciando un claro impulso que contribuye de manera significativa a los datos globales.\u00a0<\/span><\/p>\n<p><span style=\"font-weight: 400;\">Desde <\/span><a href=\"https:\/\/www.clicars.com\/\"><span style=\"font-weight: 400;\">Clicars<\/span><\/a><span style=\"font-weight: 400;\"> contribuimos a esas cifras con un modelo de venta f\u00e1cil y r\u00e1pido. En Clicars somos <\/span><span style=\"font-weight: 400;\">N\u00ba1 en Europa en venta de coches online ya que <\/span><span style=\"font-weight: 400;\">tenemos<\/span><b> m\u00e1s de 1600 coches a tu disposici\u00f3n<\/b><span style=\"font-weight: 400;\"> en stock certificados en 320p, sin da\u00f1os estructurales y con garant\u00eda. Pero adem\u00e1s, tambi\u00e9n puedes <\/span><b>venir a visitarnos <\/b><span style=\"font-weight: 400;\">a nuestras instalaciones en Madrid, en Av.Laboral 10, 28021; o realizar la compra online. T\u00fa decides mientras nosotros nos encargamos de todo.<\/span><\/p>\n<h2><span class=\"ez-toc-section\" id=\"Casi_el_60_con_mas_de_diez_anos\"><\/span><span style=\"font-weight: 400;\">Casi el 60% con m\u00e1s de diez a\u00f1os<\/span><span class=\"ez-toc-section-end\"><\/span><\/h2>\n<p><span style=\"font-weight: 400;\">A pesar de que las ventas siguen moviendo el mercado de la automoci\u00f3n, los datos recogidos por <\/span><b>Ancove <\/b><span style=\"font-weight: 400;\">muestran c\u00f3mo el mercado de segunda mano contin\u00faa estando dominado por los veh\u00edculos de mayor edad. Dentro de todas las ventas que se registraron durante el pasado mes de mayo, un total de<\/span><b> 116.220 veh\u00edculos superaban los 10 a\u00f1os de antig\u00fcedad <\/b><span style=\"font-weight: 400;\">(con un incremento del 0,5% respecto a mayo del a\u00f1o pasado).\u00a0<\/span><\/p>\n<p><span style=\"font-weight: 400;\">Las cifras muestran c\u00f3mo el 60% del mercado (concretamente el 59,3% del total) supera la d\u00e9cada, y a pesar de la alta demanda que existe en el mercado de segunda mano a la hora de adquirir un veh\u00edculo, los de mayor edad siguen dominando el mercado, pero no los que m\u00e1s crecen.<\/span><\/p>\n<p><span style=\"font-weight: 400;\">De todas las ventas que se registraron en mayo, un total de 99.827 turismos (el 59,6%) exced\u00edan los 10 a\u00f1os, mientras que en el caso de las furgonetas fueron 16.392 unidades (57,5%) las que superaron esa edad. M\u00e1s de la mitad de ventas se efectuaron en coches con m\u00e1s de diez a\u00f1os, pero son las<\/span><b> unidades entre 2 y 3 a\u00f1os el segmento que m\u00e1s crece <\/b><span style=\"font-weight: 400;\">en el total del mercado con un incremento del 32,5%, seguidos por los de 6 a 10 a\u00f1os, con un 20%.<\/span><\/p>\n<h2><span class=\"ez-toc-section\" id=\"El_diesel_sigue_dominando_el_mercado\"><\/span><span style=\"font-weight: 400;\">El di\u00e9sel sigue dominando el mercado<\/span><span style=\"font-weight: 400;\"><br \/>\n<\/span><span class=\"ez-toc-section-end\"><\/span><\/h2>\n<p><span style=\"font-weight: 400;\">En cuanto a las motorizaciones, el descenso de ventas en los<\/span><b> turismos el\u00e9ctricos<\/b><span style=\"font-weight: 400;\"> sigue siendo imparable. Este tipo de veh\u00edculos ha vuelto a sufrir en mayo una fuerte ca\u00edda de un 17,4%, que se suman en el c\u00f3mputo global del a\u00f1o a un descenso del 13,6% dentro del mercado de segunda mano.<\/span><span style=\"font-weight: 400;\"><br \/>\n<\/span><\/p>\n<p><span style=\"font-weight: 400;\">En este mercado de turismos el di\u00e9sel sigue dominando las ventas, a pesar de los esfuerzos por parte del Gobierno a la hora de querer renovar el parque automovil\u00edstico en nuestro pa\u00eds. Sin embargo,<\/span><b> el di\u00e9sel vuelve a subir un 0,4%<\/b><span style=\"font-weight: 400;\"> en el mes de mayo para concentrar el <\/span><b>56,6% del total de las ventas<\/b><span style=\"font-weight: 400;\"> que se han producido durante el periodo mencionado.<\/span><span style=\"font-weight: 400;\"><br \/>\n<\/span><\/p>\n<p><span style=\"font-weight: 400;\">Lejos de alcanzar un aumento de ventas de veh\u00edculos electrificados, la tendencia es inversa a lo esperado y Ancove se congratula de que las cifras hayan dejado tambi\u00e9n espacio para los veh\u00edculos seminuevos el\u00e9ctricos en el<\/span><b> Plan Moves III. <\/b><span style=\"font-weight: 400;\">Sin embargo, la asociaci\u00f3n considera que se deber\u00eda elevar a los de 3 a\u00f1os y<\/span><b> sin tope de edad para las furgonetas que han de entrar en las ZBE<\/b><span style=\"font-weight: 400;\"> (zonas de bajas emisiones) que se encuentran, sobre todo, en las grandes capitales.<\/span><span style=\"font-weight: 400;\"><br \/>\n<\/span><\/p>\n<p><span style=\"font-weight: 400;\">A pesar del optimismo que evidencia el aumento de operaciones en coches de segunda mano durante el mes de mayo, las ventas de los veh\u00edculos de ocasi\u00f3n han ca\u00eddo en 10 territorios y al mismo tiempo, han tenido su <\/span><b>mayor subida en Arag\u00f3n, Canarias, Castilla-La Mancha, Catalu\u00f1a, Extremadura, Madrid y Navarra.\u00a0<\/b><\/p>\n","protected":false},"excerpt":{"rendered":"<p>Este 2023 comenz\u00f3 con una tendencia ascendente en el mercado de coches de segunda mano&#8230;.<\/p>\n","protected":false},"author":2,"featured_media":12053,"comment_status":"closed","ping_status":"closed","sticky":false,"template":"","format":"standard","meta":{"footnotes":""},"categories":[5],"tags":[],"class_list":{"0":"post-12052","1":"post","2":"type-post","3":"status-publish","4":"format-standard","5":"has-post-thumbnail","7":"category-actualidad"},"yoast_head":"<!-- This site is optimized with the Yoast SEO plugin v26.8 - https:\/\/yoast.com\/product\/yoast-seo-wordpress\/ -->\n<title>La venta de turismos y furgonetas de segunda mano sigue en alza - Clicars Blog<\/title>\n<meta name=\"description\" content=\"\u25b7 La venta de turismos y furgonetas sigue en alza en mayo de este a\u00f1o. \u00bfC\u00f3mo evoluciona el mercado de coches? \u00a1Desc\u00fabrelo!\" \/>\n<meta name=\"robots\" content=\"index, follow, max-snippet:-1, max-image-preview:large, max-video-preview:-1\" \/>\n<link rel=\"canonical\" href=\"https:\/\/www.clicars.com\/blog\/actualidad\/la-venta-de-turismos-y-furgonetas-de-segunda-mano-sigue-en-alza\/\" \/>\n<meta property=\"og:locale\" content=\"es_ES\" \/>\n<meta property=\"og:type\" content=\"article\" \/>\n<meta property=\"og:title\" content=\"La venta de turismos y furgonetas de segunda mano sigue en alza - Clicars Blog\" \/>\n<meta property=\"og:description\" content=\"\u25b7 La venta de turismos y furgonetas sigue en alza en mayo de este a\u00f1o. \u00bfC\u00f3mo evoluciona el mercado de coches? \u00a1Desc\u00fabrelo!\" \/>\n<meta property=\"og:url\" content=\"https:\/\/www.clicars.com\/blog\/actualidad\/la-venta-de-turismos-y-furgonetas-de-segunda-mano-sigue-en-alza\/\" \/>\n<meta property=\"og:site_name\" content=\"Clicars\" \/>\n<meta property=\"article:published_time\" content=\"2023-08-04T08:27:56+00:00\" \/>\n<meta property=\"article:modified_time\" content=\"2024-01-24T07:39:24+00:00\" \/>\n<meta property=\"og:image\" content=\"https:\/\/www.clicars.com\/blog\/wp-content\/uploads\/2023\/08\/venta-de-turismos-segunda-mano-en-alza.jpg\" \/>\n\t<meta property=\"og:image:width\" content=\"800\" \/>\n\t<meta property=\"og:image:height\" content=\"600\" \/>\n\t<meta property=\"og:image:type\" content=\"image\/jpeg\" \/>\n<meta name=\"author\" content=\"Clicars\" \/>\n<meta name=\"twitter:card\" content=\"summary_large_image\" \/>\n<meta name=\"twitter:label1\" content=\"Escrito por\" \/>\n\t<meta name=\"twitter:data1\" content=\"Clicars\" \/>\n\t<meta name=\"twitter:label2\" content=\"Tiempo de lectura\" \/>\n\t<meta name=\"twitter:data2\" content=\"5 minutos\" \/>\n<script type=\"application\/ld+json\" class=\"yoast-schema-graph\">{\"@context\":\"https:\/\/schema.org\",\"@graph\":[{\"@type\":\"Article\",\"@id\":\"https:\/\/www.clicars.com\/blog\/actualidad\/la-venta-de-turismos-y-furgonetas-de-segunda-mano-sigue-en-alza\/#article\",\"isPartOf\":{\"@id\":\"https:\/\/www.clicars.com\/blog\/actualidad\/la-venta-de-turismos-y-furgonetas-de-segunda-mano-sigue-en-alza\/\"},\"author\":{\"name\":\"Clicars\",\"@id\":\"https:\/\/www.clicars.com\/blog\/#\/schema\/person\/af686c41ba96962c68871392bf2bb62d\"},\"headline\":\"La venta de turismos y furgonetas de segunda mano sigue en alza: un 4,3% m\u00e1s en mayo\",\"datePublished\":\"2023-08-04T08:27:56+00:00\",\"dateModified\":\"2024-01-24T07:39:24+00:00\",\"mainEntityOfPage\":{\"@id\":\"https:\/\/www.clicars.com\/blog\/actualidad\/la-venta-de-turismos-y-furgonetas-de-segunda-mano-sigue-en-alza\/\"},\"wordCount\":1029,\"image\":{\"@id\":\"https:\/\/www.clicars.com\/blog\/actualidad\/la-venta-de-turismos-y-furgonetas-de-segunda-mano-sigue-en-alza\/#primaryimage\"},\"thumbnailUrl\":\"https:\/\/www.clicars.com\/blog\/wp-content\/uploads\/2023\/08\/venta-de-turismos-segunda-mano-en-alza.jpg\",\"articleSection\":[\"Actualidad\"],\"inLanguage\":\"es\"},{\"@type\":[\"WebPage\",\"ItemPage\"],\"@id\":\"https:\/\/www.clicars.com\/blog\/actualidad\/la-venta-de-turismos-y-furgonetas-de-segunda-mano-sigue-en-alza\/\",\"url\":\"https:\/\/www.clicars.com\/blog\/actualidad\/la-venta-de-turismos-y-furgonetas-de-segunda-mano-sigue-en-alza\/\",\"name\":\"La venta de turismos y furgonetas de segunda mano sigue en alza - Clicars Blog\",\"isPartOf\":{\"@id\":\"https:\/\/www.clicars.com\/blog\/#website\"},\"primaryImageOfPage\":{\"@id\":\"https:\/\/www.clicars.com\/blog\/actualidad\/la-venta-de-turismos-y-furgonetas-de-segunda-mano-sigue-en-alza\/#primaryimage\"},\"image\":{\"@id\":\"https:\/\/www.clicars.com\/blog\/actualidad\/la-venta-de-turismos-y-furgonetas-de-segunda-mano-sigue-en-alza\/#primaryimage\"},\"thumbnailUrl\":\"https:\/\/www.clicars.com\/blog\/wp-content\/uploads\/2023\/08\/venta-de-turismos-segunda-mano-en-alza.jpg\",\"datePublished\":\"2023-08-04T08:27:56+00:00\",\"dateModified\":\"2024-01-24T07:39:24+00:00\",\"author\":{\"@id\":\"https:\/\/www.clicars.com\/blog\/#\/schema\/person\/af686c41ba96962c68871392bf2bb62d\"},\"description\":\"\u25b7 La venta de turismos y furgonetas sigue en alza en mayo de este a\u00f1o. \u00bfC\u00f3mo evoluciona el mercado de coches? \u00a1Desc\u00fabrelo!\",\"breadcrumb\":{\"@id\":\"https:\/\/www.clicars.com\/blog\/actualidad\/la-venta-de-turismos-y-furgonetas-de-segunda-mano-sigue-en-alza\/#breadcrumb\"},\"inLanguage\":\"es\",\"potentialAction\":[{\"@type\":\"ReadAction\",\"target\":[\"https:\/\/www.clicars.com\/blog\/actualidad\/la-venta-de-turismos-y-furgonetas-de-segunda-mano-sigue-en-alza\/\"]}]},{\"@type\":\"ImageObject\",\"inLanguage\":\"es\",\"@id\":\"https:\/\/www.clicars.com\/blog\/actualidad\/la-venta-de-turismos-y-furgonetas-de-segunda-mano-sigue-en-alza\/#primaryimage\",\"url\":\"https:\/\/www.clicars.com\/blog\/wp-content\/uploads\/2023\/08\/venta-de-turismos-segunda-mano-en-alza.jpg\",\"contentUrl\":\"https:\/\/www.clicars.com\/blog\/wp-content\/uploads\/2023\/08\/venta-de-turismos-segunda-mano-en-alza.jpg\",\"width\":800,\"height\":600,\"caption\":\"venta de turismos segunda mano en alza\"},{\"@type\":\"BreadcrumbList\",\"@id\":\"https:\/\/www.clicars.com\/blog\/actualidad\/la-venta-de-turismos-y-furgonetas-de-segunda-mano-sigue-en-alza\/#breadcrumb\",\"itemListElement\":[{\"@type\":\"ListItem\",\"position\":1,\"name\":\"Portada\",\"item\":\"https:\/\/www.clicars.com\/blog\/\"},{\"@type\":\"ListItem\",\"position\":2,\"name\":\"La venta de turismos y furgonetas de segunda mano sigue en alza: un 4,3% m\u00e1s en mayo\"}]},{\"@type\":\"WebSite\",\"@id\":\"https:\/\/www.clicars.com\/blog\/#website\",\"url\":\"https:\/\/www.clicars.com\/blog\/\",\"name\":\"Clicars\",\"description\":\"Compra tu coche de Buena Mano sin moverte de casa\",\"inLanguage\":\"es\"},{\"@type\":\"Person\",\"@id\":\"https:\/\/www.clicars.com\/blog\/#\/schema\/person\/af686c41ba96962c68871392bf2bb62d\",\"name\":\"Clicars\",\"image\":{\"@type\":\"ImageObject\",\"inLanguage\":\"es\",\"@id\":\"https:\/\/www.clicars.com\/blog\/#\/schema\/person\/image\/\",\"url\":\"https:\/\/secure.gravatar.com\/avatar\/3100622b0023049db14165cdba9dadaa9159743b871e83e440a0df9a70f80e56?s=96&d=mm&r=g\",\"contentUrl\":\"https:\/\/secure.gravatar.com\/avatar\/3100622b0023049db14165cdba9dadaa9159743b871e83e440a0df9a70f80e56?s=96&d=mm&r=g\",\"caption\":\"Clicars\"},\"sameAs\":[\"https:\/\/www.clicars.com\"],\"url\":\"https:\/\/www.clicars.com\/blog\/author\/clicars\/\"}]}<\/script>\n<!-- \/ Yoast SEO plugin. -->","yoast_head_json":{"title":"La venta de turismos y furgonetas de segunda mano sigue en alza - Clicars Blog","description":"\u25b7 La venta de turismos y furgonetas sigue en alza en mayo de este a\u00f1o. \u00bfC\u00f3mo evoluciona el mercado de coches? \u00a1Desc\u00fabrelo!","robots":{"index":"index","follow":"follow","max-snippet":"max-snippet:-1","max-image-preview":"max-image-preview:large","max-video-preview":"max-video-preview:-1"},"canonical":"https:\/\/www.clicars.com\/blog\/actualidad\/la-venta-de-turismos-y-furgonetas-de-segunda-mano-sigue-en-alza\/","og_locale":"es_ES","og_type":"article","og_title":"La venta de turismos y furgonetas de segunda mano sigue en alza - Clicars Blog","og_description":"\u25b7 La venta de turismos y furgonetas sigue en alza en mayo de este a\u00f1o. \u00bfC\u00f3mo evoluciona el mercado de coches? \u00a1Desc\u00fabrelo!","og_url":"https:\/\/www.clicars.com\/blog\/actualidad\/la-venta-de-turismos-y-furgonetas-de-segunda-mano-sigue-en-alza\/","og_site_name":"Clicars","article_published_time":"2023-08-04T08:27:56+00:00","article_modified_time":"2024-01-24T07:39:24+00:00","og_image":[{"width":800,"height":600,"url":"https:\/\/www.clicars.com\/blog\/wp-content\/uploads\/2023\/08\/venta-de-turismos-segunda-mano-en-alza.jpg","type":"image\/jpeg"}],"author":"Clicars","twitter_card":"summary_large_image","twitter_misc":{"Escrito por":"Clicars","Tiempo de lectura":"5 minutos"},"schema":{"@context":"https:\/\/schema.org","@graph":[{"@type":"Article","@id":"https:\/\/www.clicars.com\/blog\/actualidad\/la-venta-de-turismos-y-furgonetas-de-segunda-mano-sigue-en-alza\/#article","isPartOf":{"@id":"https:\/\/www.clicars.com\/blog\/actualidad\/la-venta-de-turismos-y-furgonetas-de-segunda-mano-sigue-en-alza\/"},"author":{"name":"Clicars","@id":"https:\/\/www.clicars.com\/blog\/#\/schema\/person\/af686c41ba96962c68871392bf2bb62d"},"headline":"La venta de turismos y furgonetas de segunda mano sigue en alza: un 4,3% m\u00e1s en mayo","datePublished":"2023-08-04T08:27:56+00:00","dateModified":"2024-01-24T07:39:24+00:00","mainEntityOfPage":{"@id":"https:\/\/www.clicars.com\/blog\/actualidad\/la-venta-de-turismos-y-furgonetas-de-segunda-mano-sigue-en-alza\/"},"wordCount":1029,"image":{"@id":"https:\/\/www.clicars.com\/blog\/actualidad\/la-venta-de-turismos-y-furgonetas-de-segunda-mano-sigue-en-alza\/#primaryimage"},"thumbnailUrl":"https:\/\/www.clicars.com\/blog\/wp-content\/uploads\/2023\/08\/venta-de-turismos-segunda-mano-en-alza.jpg","articleSection":["Actualidad"],"inLanguage":"es"},{"@type":["WebPage","ItemPage"],"@id":"https:\/\/www.clicars.com\/blog\/actualidad\/la-venta-de-turismos-y-furgonetas-de-segunda-mano-sigue-en-alza\/","url":"https:\/\/www.clicars.com\/blog\/actualidad\/la-venta-de-turismos-y-furgonetas-de-segunda-mano-sigue-en-alza\/","name":"La venta de turismos y furgonetas de segunda mano sigue en alza - Clicars Blog","isPartOf":{"@id":"https:\/\/www.clicars.com\/blog\/#website"},"primaryImageOfPage":{"@id":"https:\/\/www.clicars.com\/blog\/actualidad\/la-venta-de-turismos-y-furgonetas-de-segunda-mano-sigue-en-alza\/#primaryimage"},"image":{"@id":"https:\/\/www.clicars.com\/blog\/actualidad\/la-venta-de-turismos-y-furgonetas-de-segunda-mano-sigue-en-alza\/#primaryimage"},"thumbnailUrl":"https:\/\/www.clicars.com\/blog\/wp-content\/uploads\/2023\/08\/venta-de-turismos-segunda-mano-en-alza.jpg","datePublished":"2023-08-04T08:27:56+00:00","dateModified":"2024-01-24T07:39:24+00:00","author":{"@id":"https:\/\/www.clicars.com\/blog\/#\/schema\/person\/af686c41ba96962c68871392bf2bb62d"},"description":"\u25b7 La venta de turismos y furgonetas sigue en alza en mayo de este a\u00f1o. \u00bfC\u00f3mo evoluciona el mercado de coches? \u00a1Desc\u00fabrelo!","breadcrumb":{"@id":"https:\/\/www.clicars.com\/blog\/actualidad\/la-venta-de-turismos-y-furgonetas-de-segunda-mano-sigue-en-alza\/#breadcrumb"},"inLanguage":"es","potentialAction":[{"@type":"ReadAction","target":["https:\/\/www.clicars.com\/blog\/actualidad\/la-venta-de-turismos-y-furgonetas-de-segunda-mano-sigue-en-alza\/"]}]},{"@type":"ImageObject","inLanguage":"es","@id":"https:\/\/www.clicars.com\/blog\/actualidad\/la-venta-de-turismos-y-furgonetas-de-segunda-mano-sigue-en-alza\/#primaryimage","url":"https:\/\/www.clicars.com\/blog\/wp-content\/uploads\/2023\/08\/venta-de-turismos-segunda-mano-en-alza.jpg","contentUrl":"https:\/\/www.clicars.com\/blog\/wp-content\/uploads\/2023\/08\/venta-de-turismos-segunda-mano-en-alza.jpg","width":800,"height":600,"caption":"venta de turismos segunda mano en alza"},{"@type":"BreadcrumbList","@id":"https:\/\/www.clicars.com\/blog\/actualidad\/la-venta-de-turismos-y-furgonetas-de-segunda-mano-sigue-en-alza\/#breadcrumb","itemListElement":[{"@type":"ListItem","position":1,"name":"Portada","item":"https:\/\/www.clicars.com\/blog\/"},{"@type":"ListItem","position":2,"name":"La venta de turismos y furgonetas de segunda mano sigue en alza: un 4,3% m\u00e1s en mayo"}]},{"@type":"WebSite","@id":"https:\/\/www.clicars.com\/blog\/#website","url":"https:\/\/www.clicars.com\/blog\/","name":"Clicars","description":"Compra tu coche de Buena Mano sin moverte de casa","inLanguage":"es"},{"@type":"Person","@id":"https:\/\/www.clicars.com\/blog\/#\/schema\/person\/af686c41ba96962c68871392bf2bb62d","name":"Clicars","image":{"@type":"ImageObject","inLanguage":"es","@id":"https:\/\/www.clicars.com\/blog\/#\/schema\/person\/image\/","url":"https:\/\/secure.gravatar.com\/avatar\/3100622b0023049db14165cdba9dadaa9159743b871e83e440a0df9a70f80e56?s=96&d=mm&r=g","contentUrl":"https:\/\/secure.gravatar.com\/avatar\/3100622b0023049db14165cdba9dadaa9159743b871e83e440a0df9a70f80e56?s=96&d=mm&r=g","caption":"Clicars"},"sameAs":["https:\/\/www.clicars.com"],"url":"https:\/\/www.clicars.com\/blog\/author\/clicars\/"}]}},"_links":{"self":[{"href":"https:\/\/www.clicars.com\/blog\/wp-json\/wp\/v2\/posts\/12052","targetHints":{"allow":["GET"]}}],"collection":[{"href":"https:\/\/www.clicars.com\/blog\/wp-json\/wp\/v2\/posts"}],"about":[{"href":"https:\/\/www.clicars.com\/blog\/wp-json\/wp\/v2\/types\/post"}],"author":[{"embeddable":true,"href":"https:\/\/www.clicars.com\/blog\/wp-json\/wp\/v2\/users\/2"}],"replies":[{"embeddable":true,"href":"https:\/\/www.clicars.com\/blog\/wp-json\/wp\/v2\/comments?post=12052"}],"version-history":[{"count":2,"href":"https:\/\/www.clicars.com\/blog\/wp-json\/wp\/v2\/posts\/12052\/revisions"}],"predecessor-version":[{"id":12542,"href":"https:\/\/www.clicars.com\/blog\/wp-json\/wp\/v2\/posts\/12052\/revisions\/12542"}],"wp:featuredmedia":[{"embeddable":true,"href":"https:\/\/www.clicars.com\/blog\/wp-json\/wp\/v2\/media\/12053"}],"wp:attachment":[{"href":"https:\/\/www.clicars.com\/blog\/wp-json\/wp\/v2\/media?parent=12052"}],"wp:term":[{"taxonomy":"category","embeddable":true,"href":"https:\/\/www.clicars.com\/blog\/wp-json\/wp\/v2\/categories?post=12052"},{"taxonomy":"post_tag","embeddable":true,"href":"https:\/\/www.clicars.com\/blog\/wp-json\/wp\/v2\/tags?post=12052"}],"curies":[{"name":"wp","href":"https:\/\/api.w.org\/{rel}","templated":true}]}}