{"id":12090,"date":"2023-08-18T09:58:47","date_gmt":"2023-08-18T07:58:47","guid":{"rendered":"https:\/\/www.clicars.com\/blog\/?p=12090"},"modified":"2023-08-12T23:59:21","modified_gmt":"2023-08-12T21:59:21","slug":"medidas-del-audi-q2-longitud-anchura-altura-y-capacidad-del-maletero","status":"publish","type":"post","link":"https:\/\/www.clicars.com\/blog\/curiosidades\/medidas-del-audi-q2-longitud-anchura-altura-y-capacidad-del-maletero\/","title":{"rendered":"Medidas del Audi Q2: Longitud, Anchura, Altura y Capacidad del Maletero"},"content":{"rendered":"<p><span style=\"font-weight: 400;\">El Audi Q2 es un <\/span><b>SUV compacto<\/b><span style=\"font-weight: 400;\"> que cuenta con toda la esencia de la marca alemana con unas dimensiones que lo hacen vers\u00e1til en entornos urbanos y en carretera. Este veh\u00edculo destaca por una l\u00edneas exteriores cada vez m\u00e1s llamativas y las mejoras en la conducci\u00f3n.<\/span><\/p>\n<p><span style=\"font-weight: 400;\">El nuevo Audi Q2 se ubica dentro de los veh\u00edculos de gama media, aunque muchas de sus configuraciones lo convierten en un veh\u00edculo de gama alta. Algunos de los aspectos que dan fama al Audi Q2 son la conectividad, las ayudas a la conducci\u00f3n, los sistemas de seguridad, el aspecto interior cuidado y el acabado de los materiales.<\/span><\/p>\n<p><span style=\"font-weight: 400;\">Sigue leyendo si quieres conocer las <\/span><b>medidas exteriores e interiores del nuevo Audi Q2<\/b><span style=\"font-weight: 400;\">, incluyendo su longitud, altura, anchura, la capacidad de su maletero y el peso.<\/span><\/p>\n<p><span style=\"font-weight: 400;\"> <div id=\"ez-toc-container\" class=\"ez-toc-v2_0_80 counter-hierarchy ez-toc-counter ez-toc-light-blue ez-toc-container-direction\">\n<p class=\"ez-toc-title\" style=\"cursor:inherit\">\u00cdndice de contenidos<\/p>\n<label for=\"ez-toc-cssicon-toggle-item-69f37cb48e791\" class=\"ez-toc-cssicon-toggle-label\"><span class=\"ez-toc-cssicon\"><span class=\"eztoc-hide\" style=\"display:none;\">Toggle<\/span><span class=\"ez-toc-icon-toggle-span\"><svg style=\"fill: #999;color:#999\" xmlns=\"http:\/\/www.w3.org\/2000\/svg\" class=\"list-377408\" width=\"20px\" height=\"20px\" viewBox=\"0 0 24 24\" fill=\"none\"><path d=\"M6 6H4v2h2V6zm14 0H8v2h12V6zM4 11h2v2H4v-2zm16 0H8v2h12v-2zM4 16h2v2H4v-2zm16 0H8v2h12v-2z\" fill=\"currentColor\"><\/path><\/svg><svg style=\"fill: #999;color:#999\" class=\"arrow-unsorted-368013\" xmlns=\"http:\/\/www.w3.org\/2000\/svg\" width=\"10px\" height=\"10px\" viewBox=\"0 0 24 24\" version=\"1.2\" baseProfile=\"tiny\"><path d=\"M18.2 9.3l-6.2-6.3-6.2 6.3c-.2.2-.3.4-.3.7s.1.5.3.7c.2.2.4.3.7.3h11c.3 0 .5-.1.7-.3.2-.2.3-.5.3-.7s-.1-.5-.3-.7zM5.8 14.7l6.2 6.3 6.2-6.3c.2-.2.3-.5.3-.7s-.1-.5-.3-.7c-.2-.2-.4-.3-.7-.3h-11c-.3 0-.5.1-.7.3-.2.2-.3.5-.3.7s.1.5.3.7z\"\/><\/svg><\/span><\/span><\/label><input type=\"checkbox\"  id=\"ez-toc-cssicon-toggle-item-69f37cb48e791\"  aria-label=\"Alternar\" \/><nav><ul class='ez-toc-list ez-toc-list-level-1 ' ><li class='ez-toc-page-1 ez-toc-heading-level-2'><a class=\"ez-toc-link ez-toc-heading-1\" href=\"https:\/\/www.clicars.com\/blog\/curiosidades\/medidas-del-audi-q2-longitud-anchura-altura-y-capacidad-del-maletero\/#Medidas_exteriores_del_Audi_Q2\" >Medidas exteriores del Audi Q2<\/a><\/li><li class='ez-toc-page-1 ez-toc-heading-level-2'><a class=\"ez-toc-link ez-toc-heading-2\" href=\"https:\/\/www.clicars.com\/blog\/curiosidades\/medidas-del-audi-q2-longitud-anchura-altura-y-capacidad-del-maletero\/#Medidas_interiores_del_Audi_Q2\" >Medidas interiores del Audi Q2<\/a><\/li><li class='ez-toc-page-1 ez-toc-heading-level-2'><a class=\"ez-toc-link ez-toc-heading-3\" href=\"https:\/\/www.clicars.com\/blog\/curiosidades\/medidas-del-audi-q2-longitud-anchura-altura-y-capacidad-del-maletero\/#Consumo_de_combustible_del_Audi_Q2\" >Consumo de combustible del Audi Q2<\/a><\/li><li class='ez-toc-page-1 ez-toc-heading-level-2'><a class=\"ez-toc-link ez-toc-heading-4\" href=\"https:\/\/www.clicars.com\/blog\/curiosidades\/medidas-del-audi-q2-longitud-anchura-altura-y-capacidad-del-maletero\/#Peso_sin_carga_del_Audi_Q2\" >Peso sin carga del Audi Q2<\/a><\/li><\/ul><\/nav><\/div>\n<\/span><\/p>\n<h2><span class=\"ez-toc-section\" id=\"Medidas_exteriores_del_Audi_Q2\"><\/span><span style=\"font-weight: 400;\">Medidas exteriores del Audi Q2<\/span><span class=\"ez-toc-section-end\"><\/span><\/h2>\n<p><span style=\"font-weight: 400;\">El Audi Q2 se presenta como un veh\u00edculo maniobrable, por lo que es vers\u00e1til en entornos urbanos. Esto no siempre sucede en los SUV ya que hablamos de veh\u00edculos generalmente grandes. Este coche tiene tambi\u00e9n un buen desempe\u00f1o en carretera gracias a su apariencia s\u00f3lida.<\/span><\/p>\n<p><span style=\"font-weight: 400;\">En cuanto a la longitud exterior, <\/span><b>el Audi Q2 mide 4.208 mm<\/b><span style=\"font-weight: 400;\">, lo que facilita el estacionamiento en espacios peque\u00f1os o estrechos. La batalla o la distancia entre los ejes es de 2.601 mm.<\/span><\/p>\n<p><span style=\"font-weight: 400;\">La anchura de este modelo es de 1.794 mm, lo que le proporciona un buen desempe\u00f1o en carretera sin comprometer la manejabilidad en ciudad. Adem\u00e1s, el Audi Q2 destaca por el <\/span><b>aprovechamiento del espacio en el habit\u00e1culo interior<\/b><span style=\"font-weight: 400;\">.<\/span><\/p>\n<p><span style=\"font-weight: 400;\">La <\/span><b>altura del Audi Q2 es de 1,508 mm<\/b><span style=\"font-weight: 400;\">, una medida que hace que el veh\u00edculo sea m\u00e1s elevado que otros competidores dentro de su segmento. Esto tiene una ventaja y una desventaja: el conductor tiene una excelente visibilidad y una sensaci\u00f3n de dominio de la carretera, aunque pierde en aerodin\u00e1mica.<\/span><\/p>\n<p><span style=\"font-weight: 400;\">Las <\/span><b>medidas exteriores del Audi Q2<\/b><span style=\"font-weight: 400;\"> hacen de este veh\u00edculo una opci\u00f3n ideal para aquellos que buscan un veh\u00edculo compacto pero vers\u00e1til. Este coche puede ser una buena opci\u00f3n incluso para primeros conductores ya que es algo m\u00e1s peque\u00f1o que otros SUVs del mercado.<\/span><\/p>\n<p><span style=\"font-weight: 400;\">El Audi Q2 es tambi\u00e9n una buena elecci\u00f3n para los amantes de la conducci\u00f3n que valoran la est\u00e9tica, la conectividad y las ayudas a la conducci\u00f3n que ofrece la marca alemana.<\/span><\/p>\n<p><img loading=\"lazy\" decoding=\"async\" class=\"aligncenter size-full wp-image-12092\" src=\"https:\/\/www.clicars.com\/blog\/wp-content\/uploads\/2023\/08\/medida-exterior-audi-q2.jpg\" alt=\"medida exterior audi q2\" width=\"900\" height=\"600\" \/><\/p>\n<h2><span class=\"ez-toc-section\" id=\"Medidas_interiores_del_Audi_Q2\"><\/span><span style=\"font-weight: 400;\">Medidas interiores del Audi Q2<\/span><span class=\"ez-toc-section-end\"><\/span><\/h2>\n<p><span style=\"font-weight: 400;\">El Audi Q2 es un SUV que apuesta por la comodidad de todos los pasajeros, por lo que su espacio est\u00e1 optimizado al m\u00e1ximo. Esto, unido a la capacidad del maletero, lo convierte en un veh\u00edculo pr\u00e1ctico para el d\u00eda a d\u00eda.<\/span><\/p>\n<p><span style=\"font-weight: 400;\">La <\/span><b>capacidad del maletero del Audi Q2<\/b><span style=\"font-weight: 400;\"> es de aproximadamente 405 litros, lo que proporciona espacio suficiente para transportar equipaje y compras. Adem\u00e1s, la fila de asientos trasera se puede reclinar para aumentar el espacio del maletero hasta 1.508 litros. Esto convierte al Audi Q2 en un veh\u00edculo a\u00fan m\u00e1s vers\u00e1til que se adapta a todo tipo de cargas: maletas, art\u00edculos deportivos, peque\u00f1os muebles, herramientas de trabajo, etc.<\/span><\/p>\n<p><span style=\"font-weight: 400;\">Hay que tener en cuenta que <\/span><b>el espacio del maletero puede cambiar en base a las configuraciones del veh\u00edculo<\/b><span style=\"font-weight: 400;\">, por lo que es recomendable consultar las medidas exactas con anterioridad.<\/span><\/p>\n<p><img loading=\"lazy\" decoding=\"async\" class=\"aligncenter size-full wp-image-12093\" src=\"https:\/\/www.clicars.com\/blog\/wp-content\/uploads\/2023\/08\/maletero-audi-q2.jpg\" alt=\"maletero audi q2\" width=\"900\" height=\"600\" \/><\/p>\n<h2><span class=\"ez-toc-section\" id=\"Consumo_de_combustible_del_Audi_Q2\"><\/span><span style=\"font-weight: 400;\">Consumo de combustible del Audi Q2<\/span><span class=\"ez-toc-section-end\"><\/span><\/h2>\n<p><span style=\"font-weight: 400;\">El Audi Q2 tambi\u00e9n destaca en t\u00e9rminos de eficiencia de combustible siendo uno de los veh\u00edculos menos contaminantes dentro de su segmento de mercado. Este SUV tiene un <\/span><b>consumo promedio de alrededor de 4,8 a 8,3 litros por cada 100 kil\u00f3metros<\/b><span style=\"font-weight: 400;\">. La diferencia var\u00eda en base a la configuraci\u00f3n del motor del veh\u00edculo y los caballos.<\/span><\/p>\n<p><span style=\"font-weight: 400;\">En general, el Audi Q2 ofrece un equilibrio entre rendimiento y consumo de combustible. Aunque es importante recordar que el consumo real de combustible var\u00eda seg\u00fan el conductor y el tipo de trayecto que realice con mayor frecuencia.<\/span><\/p>\n<h2><span class=\"ez-toc-section\" id=\"Peso_sin_carga_del_Audi_Q2\"><\/span><span style=\"font-weight: 400;\">Peso sin carga del Audi Q2<\/span><span class=\"ez-toc-section-end\"><\/span><\/h2>\n<p><span style=\"font-weight: 400;\">El <\/span><b>peso del Audi Q2<\/b><span style=\"font-weight: 400;\"> tiene un papel crucial en la relaci\u00f3n entre el rendimiento y la eficiencia. El peso var\u00eda desde los 1.325 kg para los modelos m\u00e1s b\u00e1sicos hasta los 1.610 para la configuraci\u00f3n m\u00e1s avanzada.<\/span><\/p>\n<p><span style=\"font-weight: 400;\">El peso es algo elevado en comparaci\u00f3n con otros coches m\u00e1s peque\u00f1os, aunque est\u00e1 optimizado al m\u00e1ximo para proporcionar una buena experiencia de conducci\u00f3n sin comprometer la estabilidad del veh\u00edculo. El peso del Audi Q2 est\u00e1 en la media de otros SUV.<\/span><\/p>\n<p><span style=\"font-weight: 400;\">En conclusi\u00f3n, las <\/span><b>medidas del Audi Q2<\/b><span style=\"font-weight: 400;\"> convierten a este veh\u00edculo en una opci\u00f3n interesante para ciudad y carretera. Adem\u00e1s, el SUV ofrece una buena relaci\u00f3n entre sus dimensiones, la eficiencia de combustible y el peso. El Audi Q2 es un <\/span><b>SUV vers\u00e1til que se adapta a las necesidades del d\u00eda a d\u00eda.<\/b><\/p>\n<p><span style=\"font-weight: 400;\">El nuevo Audi Q2 destaca por su est\u00e9tica y las mejoras en la experiencia de conducci\u00f3n. Este <\/span><b>veh\u00edculo de gama alta<\/b><span style=\"font-weight: 400;\"> se adapta al modelo de conducci\u00f3n de cada cliente con un buen desempe\u00f1o en condiciones diversas.<\/span><\/p>\n","protected":false},"excerpt":{"rendered":"<p>El Audi Q2 es un SUV compacto que cuenta con toda la esencia de la&#8230;<\/p>\n","protected":false},"author":2,"featured_media":12091,"comment_status":"closed","ping_status":"closed","sticky":false,"template":"","format":"standard","meta":{"footnotes":""},"categories":[4],"tags":[],"class_list":{"0":"post-12090","1":"post","2":"type-post","3":"status-publish","4":"format-standard","5":"has-post-thumbnail","7":"category-curiosidades"},"yoast_head":"<!-- This site is optimized with the Yoast SEO plugin v26.8 - https:\/\/yoast.com\/product\/yoast-seo-wordpress\/ -->\n<title>Medidas del Audi Q2: Todos sus espacios - Clicars Blog<\/title>\n<meta name=\"description\" content=\"\u25b7 Te contamos todas las medidas del Audi Q2. \u00bfEs el coche que se adapta a ti? Desc\u00fabrelo aqu\u00ed. Medimos hasta su maletero.\" \/>\n<meta name=\"robots\" content=\"index, follow, max-snippet:-1, max-image-preview:large, max-video-preview:-1\" \/>\n<link rel=\"canonical\" href=\"https:\/\/www.clicars.com\/blog\/curiosidades\/medidas-del-audi-q2-longitud-anchura-altura-y-capacidad-del-maletero\/\" \/>\n<meta property=\"og:locale\" content=\"es_ES\" \/>\n<meta property=\"og:type\" content=\"article\" \/>\n<meta property=\"og:title\" content=\"Medidas del Audi Q2: Todos sus espacios - Clicars Blog\" \/>\n<meta property=\"og:description\" content=\"\u25b7 Te contamos todas las medidas del Audi Q2. \u00bfEs el coche que se adapta a ti? Desc\u00fabrelo aqu\u00ed. Medimos hasta su maletero.\" \/>\n<meta property=\"og:url\" content=\"https:\/\/www.clicars.com\/blog\/curiosidades\/medidas-del-audi-q2-longitud-anchura-altura-y-capacidad-del-maletero\/\" \/>\n<meta property=\"og:site_name\" content=\"Clicars\" \/>\n<meta property=\"article:published_time\" content=\"2023-08-18T07:58:47+00:00\" \/>\n<meta property=\"og:image\" content=\"https:\/\/www.clicars.com\/blog\/wp-content\/uploads\/2023\/08\/medidas-audi-q2.jpg\" \/>\n\t<meta property=\"og:image:width\" content=\"900\" \/>\n\t<meta property=\"og:image:height\" content=\"600\" \/>\n\t<meta property=\"og:image:type\" content=\"image\/jpeg\" \/>\n<meta name=\"author\" content=\"Clicars\" \/>\n<meta name=\"twitter:card\" content=\"summary_large_image\" \/>\n<meta name=\"twitter:label1\" content=\"Escrito por\" \/>\n\t<meta name=\"twitter:data1\" content=\"Clicars\" \/>\n\t<meta name=\"twitter:label2\" content=\"Tiempo de lectura\" \/>\n\t<meta name=\"twitter:data2\" content=\"5 minutos\" \/>\n<script type=\"application\/ld+json\" class=\"yoast-schema-graph\">{\"@context\":\"https:\/\/schema.org\",\"@graph\":[{\"@type\":\"Article\",\"@id\":\"https:\/\/www.clicars.com\/blog\/curiosidades\/medidas-del-audi-q2-longitud-anchura-altura-y-capacidad-del-maletero\/#article\",\"isPartOf\":{\"@id\":\"https:\/\/www.clicars.com\/blog\/curiosidades\/medidas-del-audi-q2-longitud-anchura-altura-y-capacidad-del-maletero\/\"},\"author\":{\"name\":\"Clicars\",\"@id\":\"https:\/\/www.clicars.com\/blog\/#\/schema\/person\/af686c41ba96962c68871392bf2bb62d\"},\"headline\":\"Medidas del Audi Q2: Longitud, Anchura, Altura y Capacidad del Maletero\",\"datePublished\":\"2023-08-18T07:58:47+00:00\",\"mainEntityOfPage\":{\"@id\":\"https:\/\/www.clicars.com\/blog\/curiosidades\/medidas-del-audi-q2-longitud-anchura-altura-y-capacidad-del-maletero\/\"},\"wordCount\":883,\"image\":{\"@id\":\"https:\/\/www.clicars.com\/blog\/curiosidades\/medidas-del-audi-q2-longitud-anchura-altura-y-capacidad-del-maletero\/#primaryimage\"},\"thumbnailUrl\":\"https:\/\/www.clicars.com\/blog\/wp-content\/uploads\/2023\/08\/medidas-audi-q2.jpg\",\"articleSection\":[\"Curiosidades\"],\"inLanguage\":\"es\"},{\"@type\":[\"WebPage\",\"ItemPage\"],\"@id\":\"https:\/\/www.clicars.com\/blog\/curiosidades\/medidas-del-audi-q2-longitud-anchura-altura-y-capacidad-del-maletero\/\",\"url\":\"https:\/\/www.clicars.com\/blog\/curiosidades\/medidas-del-audi-q2-longitud-anchura-altura-y-capacidad-del-maletero\/\",\"name\":\"Medidas del Audi Q2: Todos sus espacios - Clicars Blog\",\"isPartOf\":{\"@id\":\"https:\/\/www.clicars.com\/blog\/#website\"},\"primaryImageOfPage\":{\"@id\":\"https:\/\/www.clicars.com\/blog\/curiosidades\/medidas-del-audi-q2-longitud-anchura-altura-y-capacidad-del-maletero\/#primaryimage\"},\"image\":{\"@id\":\"https:\/\/www.clicars.com\/blog\/curiosidades\/medidas-del-audi-q2-longitud-anchura-altura-y-capacidad-del-maletero\/#primaryimage\"},\"thumbnailUrl\":\"https:\/\/www.clicars.com\/blog\/wp-content\/uploads\/2023\/08\/medidas-audi-q2.jpg\",\"datePublished\":\"2023-08-18T07:58:47+00:00\",\"author\":{\"@id\":\"https:\/\/www.clicars.com\/blog\/#\/schema\/person\/af686c41ba96962c68871392bf2bb62d\"},\"description\":\"\u25b7 Te contamos todas las medidas del Audi Q2. \u00bfEs el coche que se adapta a ti? Desc\u00fabrelo aqu\u00ed. Medimos hasta su maletero.\",\"breadcrumb\":{\"@id\":\"https:\/\/www.clicars.com\/blog\/curiosidades\/medidas-del-audi-q2-longitud-anchura-altura-y-capacidad-del-maletero\/#breadcrumb\"},\"inLanguage\":\"es\",\"potentialAction\":[{\"@type\":\"ReadAction\",\"target\":[\"https:\/\/www.clicars.com\/blog\/curiosidades\/medidas-del-audi-q2-longitud-anchura-altura-y-capacidad-del-maletero\/\"]}]},{\"@type\":\"ImageObject\",\"inLanguage\":\"es\",\"@id\":\"https:\/\/www.clicars.com\/blog\/curiosidades\/medidas-del-audi-q2-longitud-anchura-altura-y-capacidad-del-maletero\/#primaryimage\",\"url\":\"https:\/\/www.clicars.com\/blog\/wp-content\/uploads\/2023\/08\/medidas-audi-q2.jpg\",\"contentUrl\":\"https:\/\/www.clicars.com\/blog\/wp-content\/uploads\/2023\/08\/medidas-audi-q2.jpg\",\"width\":900,\"height\":600,\"caption\":\"medidas audi q2\"},{\"@type\":\"BreadcrumbList\",\"@id\":\"https:\/\/www.clicars.com\/blog\/curiosidades\/medidas-del-audi-q2-longitud-anchura-altura-y-capacidad-del-maletero\/#breadcrumb\",\"itemListElement\":[{\"@type\":\"ListItem\",\"position\":1,\"name\":\"Portada\",\"item\":\"https:\/\/www.clicars.com\/blog\/\"},{\"@type\":\"ListItem\",\"position\":2,\"name\":\"Medidas del Audi Q2: Longitud, Anchura, Altura y Capacidad del Maletero\"}]},{\"@type\":\"WebSite\",\"@id\":\"https:\/\/www.clicars.com\/blog\/#website\",\"url\":\"https:\/\/www.clicars.com\/blog\/\",\"name\":\"Clicars\",\"description\":\"Compra tu coche de Buena Mano sin moverte de casa\",\"inLanguage\":\"es\"},{\"@type\":\"Person\",\"@id\":\"https:\/\/www.clicars.com\/blog\/#\/schema\/person\/af686c41ba96962c68871392bf2bb62d\",\"name\":\"Clicars\",\"image\":{\"@type\":\"ImageObject\",\"inLanguage\":\"es\",\"@id\":\"https:\/\/www.clicars.com\/blog\/#\/schema\/person\/image\/\",\"url\":\"https:\/\/secure.gravatar.com\/avatar\/3100622b0023049db14165cdba9dadaa9159743b871e83e440a0df9a70f80e56?s=96&d=mm&r=g\",\"contentUrl\":\"https:\/\/secure.gravatar.com\/avatar\/3100622b0023049db14165cdba9dadaa9159743b871e83e440a0df9a70f80e56?s=96&d=mm&r=g\",\"caption\":\"Clicars\"},\"sameAs\":[\"https:\/\/www.clicars.com\"],\"url\":\"https:\/\/www.clicars.com\/blog\/author\/clicars\/\"}]}<\/script>\n<!-- \/ Yoast SEO plugin. -->","yoast_head_json":{"title":"Medidas del Audi Q2: Todos sus espacios - Clicars Blog","description":"\u25b7 Te contamos todas las medidas del Audi Q2. \u00bfEs el coche que se adapta a ti? Desc\u00fabrelo aqu\u00ed. Medimos hasta su maletero.","robots":{"index":"index","follow":"follow","max-snippet":"max-snippet:-1","max-image-preview":"max-image-preview:large","max-video-preview":"max-video-preview:-1"},"canonical":"https:\/\/www.clicars.com\/blog\/curiosidades\/medidas-del-audi-q2-longitud-anchura-altura-y-capacidad-del-maletero\/","og_locale":"es_ES","og_type":"article","og_title":"Medidas del Audi Q2: Todos sus espacios - Clicars Blog","og_description":"\u25b7 Te contamos todas las medidas del Audi Q2. \u00bfEs el coche que se adapta a ti? Desc\u00fabrelo aqu\u00ed. Medimos hasta su maletero.","og_url":"https:\/\/www.clicars.com\/blog\/curiosidades\/medidas-del-audi-q2-longitud-anchura-altura-y-capacidad-del-maletero\/","og_site_name":"Clicars","article_published_time":"2023-08-18T07:58:47+00:00","og_image":[{"width":900,"height":600,"url":"https:\/\/www.clicars.com\/blog\/wp-content\/uploads\/2023\/08\/medidas-audi-q2.jpg","type":"image\/jpeg"}],"author":"Clicars","twitter_card":"summary_large_image","twitter_misc":{"Escrito por":"Clicars","Tiempo de lectura":"5 minutos"},"schema":{"@context":"https:\/\/schema.org","@graph":[{"@type":"Article","@id":"https:\/\/www.clicars.com\/blog\/curiosidades\/medidas-del-audi-q2-longitud-anchura-altura-y-capacidad-del-maletero\/#article","isPartOf":{"@id":"https:\/\/www.clicars.com\/blog\/curiosidades\/medidas-del-audi-q2-longitud-anchura-altura-y-capacidad-del-maletero\/"},"author":{"name":"Clicars","@id":"https:\/\/www.clicars.com\/blog\/#\/schema\/person\/af686c41ba96962c68871392bf2bb62d"},"headline":"Medidas del Audi Q2: Longitud, Anchura, Altura y Capacidad del Maletero","datePublished":"2023-08-18T07:58:47+00:00","mainEntityOfPage":{"@id":"https:\/\/www.clicars.com\/blog\/curiosidades\/medidas-del-audi-q2-longitud-anchura-altura-y-capacidad-del-maletero\/"},"wordCount":883,"image":{"@id":"https:\/\/www.clicars.com\/blog\/curiosidades\/medidas-del-audi-q2-longitud-anchura-altura-y-capacidad-del-maletero\/#primaryimage"},"thumbnailUrl":"https:\/\/www.clicars.com\/blog\/wp-content\/uploads\/2023\/08\/medidas-audi-q2.jpg","articleSection":["Curiosidades"],"inLanguage":"es"},{"@type":["WebPage","ItemPage"],"@id":"https:\/\/www.clicars.com\/blog\/curiosidades\/medidas-del-audi-q2-longitud-anchura-altura-y-capacidad-del-maletero\/","url":"https:\/\/www.clicars.com\/blog\/curiosidades\/medidas-del-audi-q2-longitud-anchura-altura-y-capacidad-del-maletero\/","name":"Medidas del Audi Q2: Todos sus espacios - Clicars Blog","isPartOf":{"@id":"https:\/\/www.clicars.com\/blog\/#website"},"primaryImageOfPage":{"@id":"https:\/\/www.clicars.com\/blog\/curiosidades\/medidas-del-audi-q2-longitud-anchura-altura-y-capacidad-del-maletero\/#primaryimage"},"image":{"@id":"https:\/\/www.clicars.com\/blog\/curiosidades\/medidas-del-audi-q2-longitud-anchura-altura-y-capacidad-del-maletero\/#primaryimage"},"thumbnailUrl":"https:\/\/www.clicars.com\/blog\/wp-content\/uploads\/2023\/08\/medidas-audi-q2.jpg","datePublished":"2023-08-18T07:58:47+00:00","author":{"@id":"https:\/\/www.clicars.com\/blog\/#\/schema\/person\/af686c41ba96962c68871392bf2bb62d"},"description":"\u25b7 Te contamos todas las medidas del Audi Q2. \u00bfEs el coche que se adapta a ti? Desc\u00fabrelo aqu\u00ed. Medimos hasta su maletero.","breadcrumb":{"@id":"https:\/\/www.clicars.com\/blog\/curiosidades\/medidas-del-audi-q2-longitud-anchura-altura-y-capacidad-del-maletero\/#breadcrumb"},"inLanguage":"es","potentialAction":[{"@type":"ReadAction","target":["https:\/\/www.clicars.com\/blog\/curiosidades\/medidas-del-audi-q2-longitud-anchura-altura-y-capacidad-del-maletero\/"]}]},{"@type":"ImageObject","inLanguage":"es","@id":"https:\/\/www.clicars.com\/blog\/curiosidades\/medidas-del-audi-q2-longitud-anchura-altura-y-capacidad-del-maletero\/#primaryimage","url":"https:\/\/www.clicars.com\/blog\/wp-content\/uploads\/2023\/08\/medidas-audi-q2.jpg","contentUrl":"https:\/\/www.clicars.com\/blog\/wp-content\/uploads\/2023\/08\/medidas-audi-q2.jpg","width":900,"height":600,"caption":"medidas audi q2"},{"@type":"BreadcrumbList","@id":"https:\/\/www.clicars.com\/blog\/curiosidades\/medidas-del-audi-q2-longitud-anchura-altura-y-capacidad-del-maletero\/#breadcrumb","itemListElement":[{"@type":"ListItem","position":1,"name":"Portada","item":"https:\/\/www.clicars.com\/blog\/"},{"@type":"ListItem","position":2,"name":"Medidas del Audi Q2: Longitud, Anchura, Altura y Capacidad del Maletero"}]},{"@type":"WebSite","@id":"https:\/\/www.clicars.com\/blog\/#website","url":"https:\/\/www.clicars.com\/blog\/","name":"Clicars","description":"Compra tu coche de Buena Mano sin moverte de casa","inLanguage":"es"},{"@type":"Person","@id":"https:\/\/www.clicars.com\/blog\/#\/schema\/person\/af686c41ba96962c68871392bf2bb62d","name":"Clicars","image":{"@type":"ImageObject","inLanguage":"es","@id":"https:\/\/www.clicars.com\/blog\/#\/schema\/person\/image\/","url":"https:\/\/secure.gravatar.com\/avatar\/3100622b0023049db14165cdba9dadaa9159743b871e83e440a0df9a70f80e56?s=96&d=mm&r=g","contentUrl":"https:\/\/secure.gravatar.com\/avatar\/3100622b0023049db14165cdba9dadaa9159743b871e83e440a0df9a70f80e56?s=96&d=mm&r=g","caption":"Clicars"},"sameAs":["https:\/\/www.clicars.com"],"url":"https:\/\/www.clicars.com\/blog\/author\/clicars\/"}]}},"_links":{"self":[{"href":"https:\/\/www.clicars.com\/blog\/wp-json\/wp\/v2\/posts\/12090","targetHints":{"allow":["GET"]}}],"collection":[{"href":"https:\/\/www.clicars.com\/blog\/wp-json\/wp\/v2\/posts"}],"about":[{"href":"https:\/\/www.clicars.com\/blog\/wp-json\/wp\/v2\/types\/post"}],"author":[{"embeddable":true,"href":"https:\/\/www.clicars.com\/blog\/wp-json\/wp\/v2\/users\/2"}],"replies":[{"embeddable":true,"href":"https:\/\/www.clicars.com\/blog\/wp-json\/wp\/v2\/comments?post=12090"}],"version-history":[{"count":1,"href":"https:\/\/www.clicars.com\/blog\/wp-json\/wp\/v2\/posts\/12090\/revisions"}],"predecessor-version":[{"id":12094,"href":"https:\/\/www.clicars.com\/blog\/wp-json\/wp\/v2\/posts\/12090\/revisions\/12094"}],"wp:featuredmedia":[{"embeddable":true,"href":"https:\/\/www.clicars.com\/blog\/wp-json\/wp\/v2\/media\/12091"}],"wp:attachment":[{"href":"https:\/\/www.clicars.com\/blog\/wp-json\/wp\/v2\/media?parent=12090"}],"wp:term":[{"taxonomy":"category","embeddable":true,"href":"https:\/\/www.clicars.com\/blog\/wp-json\/wp\/v2\/categories?post=12090"},{"taxonomy":"post_tag","embeddable":true,"href":"https:\/\/www.clicars.com\/blog\/wp-json\/wp\/v2\/tags?post=12090"}],"curies":[{"name":"wp","href":"https:\/\/api.w.org\/{rel}","templated":true}]}}