{"id":12101,"date":"2023-08-21T13:48:21","date_gmt":"2023-08-21T11:48:21","guid":{"rendered":"https:\/\/www.clicars.com\/blog\/?p=12101"},"modified":"2023-08-21T13:48:21","modified_gmt":"2023-08-21T11:48:21","slug":"medidas-del-seat-ibiza-longitud-maletero","status":"publish","type":"post","link":"https:\/\/www.clicars.com\/blog\/curiosidades\/medidas-del-seat-ibiza-longitud-maletero\/","title":{"rendered":"Medidas del SEAT Ibiza: Longitud, Maletero y Capacidad de Carga"},"content":{"rendered":"<p><span style=\"font-weight: 400;\">SEAT est\u00e1 explorando c\u00f3mo adaptar sus veh\u00edculos a las necesidades de sus conductores y el nuevo SEAT Ibiza es un ejemplo de ello. Este <\/span><b>coche tipo berlina<\/b><span style=\"font-weight: 400;\"> se enmarca en el segmento de precios de gama media, aunque ofrece algunas caracter\u00edsticas premium como la conectividad, los asistentes a la conducci\u00f3n y la posibilidad de personalizar el interior.<\/span><\/p>\n<p><span style=\"font-weight: 400;\">La marca espa\u00f1ola ha apostado de nuevo por el SEAT Ibiza, uno de los modelos m\u00e1s vendidos de su historia. La causa de ello es la versatilidad de este veh\u00edculo, que <\/span><b>se adapta al estilo de vida de todo tipo de conductores<\/b><span style=\"font-weight: 400;\">.<\/span><\/p>\n<p><span style=\"font-weight: 400;\">Sigue leyendo si quieres conocer en detalle las <\/span><b>medidas del SEAT Ibiza<\/b><span style=\"font-weight: 400;\">, incluyendo su longitud y anchura, el espacio interior del habit\u00e1culo y la capacidad del maletero.<\/span><\/p>\n<h2><span style=\"font-weight: 400;\">Medidas del SEAT Ibiza<\/span><\/h2>\n<p><span style=\"font-weight: 400;\">El <\/span><b>SEAT Ibiza es un veh\u00edculo compacto<\/b><span style=\"font-weight: 400;\"> que destaca precisamente por su manejabilidad. Este modelo ha ido evolucionando a lo largo de los a\u00f1os, pero sigue manteniendo la esencia original: un coche peque\u00f1o y vers\u00e1til.<\/span><\/p>\n<p><span style=\"font-weight: 400;\">Las <\/span><b>medidas totales del SEAT Ibiza<\/b><span style=\"font-weight: 400;\"> pueden variar ligeramente seg\u00fan el modelo o la configuraci\u00f3n del veh\u00edculo. Sin embargo, la longitud del \u00faltimo SEAT Ibiza es de 4.059 mm. Esta longitud hace de este modelo una opci\u00f3n perfecta para conducir por ciudad o entornos de dif\u00edcil maniobrabilidad. Adem\u00e1s, facilita el estacionamiento en espacios reducidos.<\/span><\/p>\n<p><span style=\"font-weight: 400;\">Por otro lado, el ancho del SEAT Ibiza es de 1078 mm, la batalla o la distancia entre los ejes es de 2.564 mm y la altura es de 1.444 mm. Estas medidas reafirman al modelo como uno de los m\u00e1s compactos dentro de su segmento de mercado.<\/span><\/p>\n<p><span style=\"font-weight: 400;\">Las <\/span><b>medidas del SEAT Ibiza proporcionan un equilibrio entre la maniobrabilidad y la comodidad<\/b><span style=\"font-weight: 400;\"> dentro del habit\u00e1culo. Este modelo puede ser una buena opci\u00f3n para primeros conductores, no solo debido a su precio, tambi\u00e9n gracias a la buena experiencia de conducci\u00f3n que ofrece.<\/span><\/p>\n<p><img loading=\"lazy\" decoding=\"async\" class=\"aligncenter size-full wp-image-12104\" src=\"https:\/\/www.clicars.com\/blog\/wp-content\/uploads\/2023\/08\/longitud-seat-ibiza.jpg\" alt=\"longitud seat ibiza\" width=\"900\" height=\"600\" \/><\/p>\n<h2><span style=\"font-weight: 400;\">Capacidad del maletero del SEAT Ibiza<\/span><\/h2>\n<p><span style=\"font-weight: 400;\">El SEAT Ibiza hace gala de ser uno de los veh\u00edculos m\u00e1s pr\u00e1cticos teniendo en cuenta sus medidas tan compactas. Este veh\u00edculo es una berlina peque\u00f1a, pero su espacio est\u00e1 bien aprovechado y su maletero es bastante solvente para el d\u00eda a d\u00eda.<\/span><\/p>\n<p><span style=\"font-weight: 400;\">La <\/span><b>capacidad del maletero del SEAT Ibiza<\/b><span style=\"font-weight: 400;\"> es de 355 litros (262 litros para los veh\u00edculos de gas), unas medidas que son algo reducidas en comparaci\u00f3n con otros veh\u00edculos m\u00e1s grandes como los SUV.<\/span><\/p>\n<p><span style=\"font-weight: 400;\">En cambio, el SEAT Ibiza permite reclinar la fila trasera de sus asientos para ganar un espacio considerable. La capacidad m\u00e1xima del maletero del Ibiza es de 1.165 litros, lo que permite transportar objetos voluminosos.<\/span><\/p>\n<p><span style=\"font-weight: 400;\">El <\/span><b>maletero del SEAT Ibiza<\/b><span style=\"font-weight: 400;\"> es peque\u00f1o, pero no repercute en el uso diario ya que, por ejemplo, permite realizar viajes con maletas sin reclinar los asientos como la mayor\u00eda de los veh\u00edculos o transportar la compra semanal.<\/span><\/p>\n<p><b>La capacidad del SEAT Ibiza puede variar en base al modelo y la configuraci\u00f3n del veh\u00edculo.<\/b><span style=\"font-weight: 400;\"> Se recomienda consultar las medidas en el concesionario o punto de venta para obtener la capacidad exacta.<\/span><\/p>\n<p><img loading=\"lazy\" decoding=\"async\" class=\"aligncenter size-full wp-image-12103\" src=\"https:\/\/www.clicars.com\/blog\/wp-content\/uploads\/2023\/08\/maletero-del-seat-ibiza.jpg\" alt=\"maletero del seat ibiza\" width=\"900\" height=\"600\" \/><\/p>\n<h2><span style=\"font-weight: 400;\">Capacidad de carga del SEAT Ibiza<\/span><\/h2>\n<p><span style=\"font-weight: 400;\">Si bien la capacidad del maletero del SEAT Ibiza est\u00e1 acorde a sus medidas, se ajusta a las necesidades del d\u00eda a d\u00eda de los conductores. El rendimiento no es demasiado exigente, pero permite transportar peque\u00f1os muebles, equipaje o material deportivo sin problemas.<\/span><\/p>\n<p><span style=\"font-weight: 400;\">El <\/span><b>peso del SEAT Ibiza es de 1.111 kg<\/b><span style=\"font-weight: 400;\">, lo que lo convierte en un veh\u00edculo bastante ligero. El peso reducido del veh\u00edculo est\u00e1 relacionado con un menor consumo de combustible. Esto significa que el aumento de peso del maletero no supondr\u00e1 un coste adicional demasiado rese\u00f1able como s\u00ed sucede en otros veh\u00edculos m\u00e1s grandes.<\/span><\/p>\n<h2><span style=\"font-weight: 400;\">Competidores del SEAT Ibiza<\/span><\/h2>\n<p><span style=\"font-weight: 400;\">El SEAT Ibiza <\/span><b>es<\/b> <b>uno de los veh\u00edculos de gama media y baja m\u00e1s vendidos de Espa\u00f1a<\/b><span style=\"font-weight: 400;\"> durante a\u00f1os. El nuevo SEAT Ibiza se ha reformulado y ha mejorado la conectividad, ha integrado asistentes a la conducci\u00f3n, pantalla t\u00e1ctil cada vez m\u00e1s grande y c\u00e1maras de aparcamiento, entre otras caracter\u00edsticas.<\/span><\/p>\n<p><span style=\"font-weight: 400;\">Este modelo cuenta con caracter\u00edsticas similares a otros veh\u00edculos como el Renault Clio, el SEAT Le\u00f3n, el Ford Fiesta o el Opel Corsa. Las medidas del SEAT Ibiza hacen de este veh\u00edculo un <\/span><b>modelo compacto que se adapta a la perfecci\u00f3n a los entornos urbanos<\/b><span style=\"font-weight: 400;\">, aunque tambi\u00e9n tiene un buen desempe\u00f1o en carretera.<\/span><\/p>\n<p><span style=\"font-weight: 400;\">El SEAT Ibiza se ha convertido en un veh\u00edculo c\u00f3modo para el d\u00eda a d\u00eda, con un dise\u00f1o renovado y un espacio interior optimizado. Este modelo de la marca espa\u00f1ola es una de las mejores opciones dentro de su segmento de mercado. De hecho, destaca por el precio frente a sus competidores directos.<\/span><\/p>\n<p><span style=\"font-weight: 400;\">En resumen, las <\/span><b>medidas del SEAT Ibiza<\/b><span style=\"font-weight: 400;\"> y la capacidad del maletero lo han convertido en un veh\u00edculo vers\u00e1til que<\/span><b> se adapta a todo tipo de conductores<\/b><span style=\"font-weight: 400;\">, incluso a los m\u00e1s exigentes.<\/span><\/p>\n","protected":false},"excerpt":{"rendered":"<p>SEAT est\u00e1 explorando c\u00f3mo adaptar sus veh\u00edculos a las necesidades de sus conductores y el&#8230;<\/p>\n","protected":false},"author":2,"featured_media":12102,"comment_status":"closed","ping_status":"closed","sticky":false,"template":"","format":"standard","meta":{"footnotes":""},"categories":[4],"tags":[],"class_list":{"0":"post-12101","1":"post","2":"type-post","3":"status-publish","4":"format-standard","5":"has-post-thumbnail","7":"category-curiosidades"},"yoast_head":"<!-- This site is optimized with the Yoast SEO plugin v26.8 - https:\/\/yoast.com\/product\/yoast-seo-wordpress\/ -->\n<title>Medidas del SEAT Ibiza: Longitud y maletero - Clicars Blog<\/title>\n<meta name=\"description\" content=\"\u25b7 \u00bfQuieres descubrir al detalle cu\u00e1les son las medidas del SEAT Ibiza? Te lo contamos con este post. \u00bfQu\u00e9 cabe en su maletero?\" \/>\n<meta name=\"robots\" content=\"index, follow, max-snippet:-1, max-image-preview:large, max-video-preview:-1\" \/>\n<link rel=\"canonical\" href=\"https:\/\/www.clicars.com\/blog\/curiosidades\/medidas-del-seat-ibiza-longitud-maletero\/\" \/>\n<meta property=\"og:locale\" content=\"es_ES\" \/>\n<meta property=\"og:type\" content=\"article\" \/>\n<meta property=\"og:title\" content=\"Medidas del SEAT Ibiza: Longitud y maletero - Clicars Blog\" \/>\n<meta property=\"og:description\" content=\"\u25b7 \u00bfQuieres descubrir al detalle cu\u00e1les son las medidas del SEAT Ibiza? Te lo contamos con este post. \u00bfQu\u00e9 cabe en su maletero?\" \/>\n<meta property=\"og:url\" content=\"https:\/\/www.clicars.com\/blog\/curiosidades\/medidas-del-seat-ibiza-longitud-maletero\/\" \/>\n<meta property=\"og:site_name\" content=\"Clicars\" \/>\n<meta property=\"article:published_time\" content=\"2023-08-21T11:48:21+00:00\" \/>\n<meta property=\"og:image\" content=\"https:\/\/www.clicars.com\/blog\/wp-content\/uploads\/2023\/08\/seat-ibiza-medidas.jpg\" \/>\n\t<meta property=\"og:image:width\" content=\"900\" \/>\n\t<meta property=\"og:image:height\" content=\"600\" \/>\n\t<meta property=\"og:image:type\" content=\"image\/jpeg\" \/>\n<meta name=\"author\" content=\"Clicars\" \/>\n<meta name=\"twitter:card\" content=\"summary_large_image\" \/>\n<meta name=\"twitter:label1\" content=\"Escrito por\" \/>\n\t<meta name=\"twitter:data1\" content=\"Clicars\" \/>\n\t<meta name=\"twitter:label2\" content=\"Tiempo de lectura\" \/>\n\t<meta name=\"twitter:data2\" content=\"5 minutos\" \/>\n<script type=\"application\/ld+json\" class=\"yoast-schema-graph\">{\"@context\":\"https:\/\/schema.org\",\"@graph\":[{\"@type\":\"Article\",\"@id\":\"https:\/\/www.clicars.com\/blog\/curiosidades\/medidas-del-seat-ibiza-longitud-maletero\/#article\",\"isPartOf\":{\"@id\":\"https:\/\/www.clicars.com\/blog\/curiosidades\/medidas-del-seat-ibiza-longitud-maletero\/\"},\"author\":{\"name\":\"Clicars\",\"@id\":\"https:\/\/www.clicars.com\/blog\/#\/schema\/person\/af686c41ba96962c68871392bf2bb62d\"},\"headline\":\"Medidas del SEAT Ibiza: Longitud, Maletero y Capacidad de Carga\",\"datePublished\":\"2023-08-21T11:48:21+00:00\",\"mainEntityOfPage\":{\"@id\":\"https:\/\/www.clicars.com\/blog\/curiosidades\/medidas-del-seat-ibiza-longitud-maletero\/\"},\"wordCount\":870,\"image\":{\"@id\":\"https:\/\/www.clicars.com\/blog\/curiosidades\/medidas-del-seat-ibiza-longitud-maletero\/#primaryimage\"},\"thumbnailUrl\":\"https:\/\/www.clicars.com\/blog\/wp-content\/uploads\/2023\/08\/seat-ibiza-medidas.jpg\",\"articleSection\":[\"Curiosidades\"],\"inLanguage\":\"es\"},{\"@type\":[\"WebPage\",\"ItemPage\"],\"@id\":\"https:\/\/www.clicars.com\/blog\/curiosidades\/medidas-del-seat-ibiza-longitud-maletero\/\",\"url\":\"https:\/\/www.clicars.com\/blog\/curiosidades\/medidas-del-seat-ibiza-longitud-maletero\/\",\"name\":\"Medidas del SEAT Ibiza: Longitud y maletero - Clicars Blog\",\"isPartOf\":{\"@id\":\"https:\/\/www.clicars.com\/blog\/#website\"},\"primaryImageOfPage\":{\"@id\":\"https:\/\/www.clicars.com\/blog\/curiosidades\/medidas-del-seat-ibiza-longitud-maletero\/#primaryimage\"},\"image\":{\"@id\":\"https:\/\/www.clicars.com\/blog\/curiosidades\/medidas-del-seat-ibiza-longitud-maletero\/#primaryimage\"},\"thumbnailUrl\":\"https:\/\/www.clicars.com\/blog\/wp-content\/uploads\/2023\/08\/seat-ibiza-medidas.jpg\",\"datePublished\":\"2023-08-21T11:48:21+00:00\",\"author\":{\"@id\":\"https:\/\/www.clicars.com\/blog\/#\/schema\/person\/af686c41ba96962c68871392bf2bb62d\"},\"description\":\"\u25b7 \u00bfQuieres descubrir al detalle cu\u00e1les son las medidas del SEAT Ibiza? Te lo contamos con este post. \u00bfQu\u00e9 cabe en su maletero?\",\"breadcrumb\":{\"@id\":\"https:\/\/www.clicars.com\/blog\/curiosidades\/medidas-del-seat-ibiza-longitud-maletero\/#breadcrumb\"},\"inLanguage\":\"es\",\"potentialAction\":[{\"@type\":\"ReadAction\",\"target\":[\"https:\/\/www.clicars.com\/blog\/curiosidades\/medidas-del-seat-ibiza-longitud-maletero\/\"]}]},{\"@type\":\"ImageObject\",\"inLanguage\":\"es\",\"@id\":\"https:\/\/www.clicars.com\/blog\/curiosidades\/medidas-del-seat-ibiza-longitud-maletero\/#primaryimage\",\"url\":\"https:\/\/www.clicars.com\/blog\/wp-content\/uploads\/2023\/08\/seat-ibiza-medidas.jpg\",\"contentUrl\":\"https:\/\/www.clicars.com\/blog\/wp-content\/uploads\/2023\/08\/seat-ibiza-medidas.jpg\",\"width\":900,\"height\":600,\"caption\":\"seat ibiza medidas\"},{\"@type\":\"BreadcrumbList\",\"@id\":\"https:\/\/www.clicars.com\/blog\/curiosidades\/medidas-del-seat-ibiza-longitud-maletero\/#breadcrumb\",\"itemListElement\":[{\"@type\":\"ListItem\",\"position\":1,\"name\":\"Portada\",\"item\":\"https:\/\/www.clicars.com\/blog\/\"},{\"@type\":\"ListItem\",\"position\":2,\"name\":\"Medidas del SEAT Ibiza: Longitud, Maletero y Capacidad de Carga\"}]},{\"@type\":\"WebSite\",\"@id\":\"https:\/\/www.clicars.com\/blog\/#website\",\"url\":\"https:\/\/www.clicars.com\/blog\/\",\"name\":\"Clicars\",\"description\":\"Compra tu coche de Buena Mano sin moverte de casa\",\"inLanguage\":\"es\"},{\"@type\":\"Person\",\"@id\":\"https:\/\/www.clicars.com\/blog\/#\/schema\/person\/af686c41ba96962c68871392bf2bb62d\",\"name\":\"Clicars\",\"image\":{\"@type\":\"ImageObject\",\"inLanguage\":\"es\",\"@id\":\"https:\/\/www.clicars.com\/blog\/#\/schema\/person\/image\/\",\"url\":\"https:\/\/secure.gravatar.com\/avatar\/3100622b0023049db14165cdba9dadaa9159743b871e83e440a0df9a70f80e56?s=96&d=mm&r=g\",\"contentUrl\":\"https:\/\/secure.gravatar.com\/avatar\/3100622b0023049db14165cdba9dadaa9159743b871e83e440a0df9a70f80e56?s=96&d=mm&r=g\",\"caption\":\"Clicars\"},\"sameAs\":[\"https:\/\/www.clicars.com\"],\"url\":\"https:\/\/www.clicars.com\/blog\/author\/clicars\/\"}]}<\/script>\n<!-- \/ Yoast SEO plugin. -->","yoast_head_json":{"title":"Medidas del SEAT Ibiza: Longitud y maletero - Clicars Blog","description":"\u25b7 \u00bfQuieres descubrir al detalle cu\u00e1les son las medidas del SEAT Ibiza? Te lo contamos con este post. \u00bfQu\u00e9 cabe en su maletero?","robots":{"index":"index","follow":"follow","max-snippet":"max-snippet:-1","max-image-preview":"max-image-preview:large","max-video-preview":"max-video-preview:-1"},"canonical":"https:\/\/www.clicars.com\/blog\/curiosidades\/medidas-del-seat-ibiza-longitud-maletero\/","og_locale":"es_ES","og_type":"article","og_title":"Medidas del SEAT Ibiza: Longitud y maletero - Clicars Blog","og_description":"\u25b7 \u00bfQuieres descubrir al detalle cu\u00e1les son las medidas del SEAT Ibiza? Te lo contamos con este post. \u00bfQu\u00e9 cabe en su maletero?","og_url":"https:\/\/www.clicars.com\/blog\/curiosidades\/medidas-del-seat-ibiza-longitud-maletero\/","og_site_name":"Clicars","article_published_time":"2023-08-21T11:48:21+00:00","og_image":[{"width":900,"height":600,"url":"https:\/\/www.clicars.com\/blog\/wp-content\/uploads\/2023\/08\/seat-ibiza-medidas.jpg","type":"image\/jpeg"}],"author":"Clicars","twitter_card":"summary_large_image","twitter_misc":{"Escrito por":"Clicars","Tiempo de lectura":"5 minutos"},"schema":{"@context":"https:\/\/schema.org","@graph":[{"@type":"Article","@id":"https:\/\/www.clicars.com\/blog\/curiosidades\/medidas-del-seat-ibiza-longitud-maletero\/#article","isPartOf":{"@id":"https:\/\/www.clicars.com\/blog\/curiosidades\/medidas-del-seat-ibiza-longitud-maletero\/"},"author":{"name":"Clicars","@id":"https:\/\/www.clicars.com\/blog\/#\/schema\/person\/af686c41ba96962c68871392bf2bb62d"},"headline":"Medidas del SEAT Ibiza: Longitud, Maletero y Capacidad de Carga","datePublished":"2023-08-21T11:48:21+00:00","mainEntityOfPage":{"@id":"https:\/\/www.clicars.com\/blog\/curiosidades\/medidas-del-seat-ibiza-longitud-maletero\/"},"wordCount":870,"image":{"@id":"https:\/\/www.clicars.com\/blog\/curiosidades\/medidas-del-seat-ibiza-longitud-maletero\/#primaryimage"},"thumbnailUrl":"https:\/\/www.clicars.com\/blog\/wp-content\/uploads\/2023\/08\/seat-ibiza-medidas.jpg","articleSection":["Curiosidades"],"inLanguage":"es"},{"@type":["WebPage","ItemPage"],"@id":"https:\/\/www.clicars.com\/blog\/curiosidades\/medidas-del-seat-ibiza-longitud-maletero\/","url":"https:\/\/www.clicars.com\/blog\/curiosidades\/medidas-del-seat-ibiza-longitud-maletero\/","name":"Medidas del SEAT Ibiza: Longitud y maletero - Clicars Blog","isPartOf":{"@id":"https:\/\/www.clicars.com\/blog\/#website"},"primaryImageOfPage":{"@id":"https:\/\/www.clicars.com\/blog\/curiosidades\/medidas-del-seat-ibiza-longitud-maletero\/#primaryimage"},"image":{"@id":"https:\/\/www.clicars.com\/blog\/curiosidades\/medidas-del-seat-ibiza-longitud-maletero\/#primaryimage"},"thumbnailUrl":"https:\/\/www.clicars.com\/blog\/wp-content\/uploads\/2023\/08\/seat-ibiza-medidas.jpg","datePublished":"2023-08-21T11:48:21+00:00","author":{"@id":"https:\/\/www.clicars.com\/blog\/#\/schema\/person\/af686c41ba96962c68871392bf2bb62d"},"description":"\u25b7 \u00bfQuieres descubrir al detalle cu\u00e1les son las medidas del SEAT Ibiza? Te lo contamos con este post. \u00bfQu\u00e9 cabe en su maletero?","breadcrumb":{"@id":"https:\/\/www.clicars.com\/blog\/curiosidades\/medidas-del-seat-ibiza-longitud-maletero\/#breadcrumb"},"inLanguage":"es","potentialAction":[{"@type":"ReadAction","target":["https:\/\/www.clicars.com\/blog\/curiosidades\/medidas-del-seat-ibiza-longitud-maletero\/"]}]},{"@type":"ImageObject","inLanguage":"es","@id":"https:\/\/www.clicars.com\/blog\/curiosidades\/medidas-del-seat-ibiza-longitud-maletero\/#primaryimage","url":"https:\/\/www.clicars.com\/blog\/wp-content\/uploads\/2023\/08\/seat-ibiza-medidas.jpg","contentUrl":"https:\/\/www.clicars.com\/blog\/wp-content\/uploads\/2023\/08\/seat-ibiza-medidas.jpg","width":900,"height":600,"caption":"seat ibiza medidas"},{"@type":"BreadcrumbList","@id":"https:\/\/www.clicars.com\/blog\/curiosidades\/medidas-del-seat-ibiza-longitud-maletero\/#breadcrumb","itemListElement":[{"@type":"ListItem","position":1,"name":"Portada","item":"https:\/\/www.clicars.com\/blog\/"},{"@type":"ListItem","position":2,"name":"Medidas del SEAT Ibiza: Longitud, Maletero y Capacidad de Carga"}]},{"@type":"WebSite","@id":"https:\/\/www.clicars.com\/blog\/#website","url":"https:\/\/www.clicars.com\/blog\/","name":"Clicars","description":"Compra tu coche de Buena Mano sin moverte de casa","inLanguage":"es"},{"@type":"Person","@id":"https:\/\/www.clicars.com\/blog\/#\/schema\/person\/af686c41ba96962c68871392bf2bb62d","name":"Clicars","image":{"@type":"ImageObject","inLanguage":"es","@id":"https:\/\/www.clicars.com\/blog\/#\/schema\/person\/image\/","url":"https:\/\/secure.gravatar.com\/avatar\/3100622b0023049db14165cdba9dadaa9159743b871e83e440a0df9a70f80e56?s=96&d=mm&r=g","contentUrl":"https:\/\/secure.gravatar.com\/avatar\/3100622b0023049db14165cdba9dadaa9159743b871e83e440a0df9a70f80e56?s=96&d=mm&r=g","caption":"Clicars"},"sameAs":["https:\/\/www.clicars.com"],"url":"https:\/\/www.clicars.com\/blog\/author\/clicars\/"}]}},"_links":{"self":[{"href":"https:\/\/www.clicars.com\/blog\/wp-json\/wp\/v2\/posts\/12101","targetHints":{"allow":["GET"]}}],"collection":[{"href":"https:\/\/www.clicars.com\/blog\/wp-json\/wp\/v2\/posts"}],"about":[{"href":"https:\/\/www.clicars.com\/blog\/wp-json\/wp\/v2\/types\/post"}],"author":[{"embeddable":true,"href":"https:\/\/www.clicars.com\/blog\/wp-json\/wp\/v2\/users\/2"}],"replies":[{"embeddable":true,"href":"https:\/\/www.clicars.com\/blog\/wp-json\/wp\/v2\/comments?post=12101"}],"version-history":[{"count":1,"href":"https:\/\/www.clicars.com\/blog\/wp-json\/wp\/v2\/posts\/12101\/revisions"}],"predecessor-version":[{"id":12105,"href":"https:\/\/www.clicars.com\/blog\/wp-json\/wp\/v2\/posts\/12101\/revisions\/12105"}],"wp:featuredmedia":[{"embeddable":true,"href":"https:\/\/www.clicars.com\/blog\/wp-json\/wp\/v2\/media\/12102"}],"wp:attachment":[{"href":"https:\/\/www.clicars.com\/blog\/wp-json\/wp\/v2\/media?parent=12101"}],"wp:term":[{"taxonomy":"category","embeddable":true,"href":"https:\/\/www.clicars.com\/blog\/wp-json\/wp\/v2\/categories?post=12101"},{"taxonomy":"post_tag","embeddable":true,"href":"https:\/\/www.clicars.com\/blog\/wp-json\/wp\/v2\/tags?post=12101"}],"curies":[{"name":"wp","href":"https:\/\/api.w.org\/{rel}","templated":true}]}}