{"id":12193,"date":"2023-09-15T10:53:21","date_gmt":"2023-09-15T08:53:21","guid":{"rendered":"https:\/\/www.clicars.com\/blog\/?p=12193"},"modified":"2023-09-15T10:53:21","modified_gmt":"2023-09-15T08:53:21","slug":"seat-no-desaparece-la-marca-espanola-tiene-planes-de-futuro","status":"publish","type":"post","link":"https:\/\/www.clicars.com\/blog\/actualidad\/seat-no-desaparece-la-marca-espanola-tiene-planes-de-futuro\/","title":{"rendered":"Seat no desaparece: la marca espa\u00f1ola tiene planes de futuro"},"content":{"rendered":"<p><span style=\"font-weight: 400;\">Que no cunda el p\u00e1nico. Puede que hayas le\u00eddo lo contrario pero lo primero de todo, es dejar clara una cosa: <strong>Seat no desaparece como marca<\/strong>. Desde su fundaci\u00f3n en 1950 la firma espa\u00f1ola ha destacado por su compromiso con la innovaci\u00f3n, la calidad y el dise\u00f1o a lo largo de su historia y en el futuro, sus planes no ser\u00e1n diferentes. Despu\u00e9s de que Thomas Schafer, CEO de Volkswagen, afirmase que el futuro de Seat era Cupra, la firma emiti\u00f3 un comunicado en el que afirman de manera tajante que \u201cest\u00e1 m\u00e1s fuerte que nunca\u201d.<\/span><\/p>\n<p><span style=\"font-weight: 400;\">Para Volkswagen todo fue un malentendido y sin embargo, Seat tuvo que demostrar que tiene cuerda para rato. En el comunicado la marca espa\u00f1ola asegur\u00f3 que algunos de sus modelos m\u00e1s importantes seguir\u00e1n fabric\u00e1ndose \u201chasta el final de la combusti\u00f3n\u201d y eso quiere decir que, de partida, el futuro en Europa est\u00e1 asegurado al menos entre 2030 y 2035. Lejos de tener la intenci\u00f3n de cesar su actividad, la firma est\u00e1 estudiando c\u00f3mo <strong>llevar a cabo la actualizaci\u00f3n de tres de sus modelos m\u00e1s importantes<\/strong>, siendo el <\/span><span style=\"font-weight: 400;\"><a href=\"https:\/\/www.clicars.com\/coches-segunda-mano-ocasion\/seat\/ibiza\">Seat Ibiza<\/a>, <a href=\"https:\/\/www.clicars.com\/coches-segunda-mano-ocasion\/seat\/arona\">Arona<\/a> y <a href=\"https:\/\/www.clicars.com\/coches-segunda-mano-ocasion\/seat\/leon\">Le\u00f3n<\/a><\/span><span style=\"font-weight: 400;\"> a trav\u00e9s de las versiones h\u00edbridas enchufables, los llamados a continuar con el porvenir de una marca que cuenta ahora con m\u00e1s ventas que nunca.<\/span><\/p>\n<div id=\"ez-toc-container\" class=\"ez-toc-v2_0_80 counter-hierarchy ez-toc-counter ez-toc-light-blue ez-toc-container-direction\">\n<p class=\"ez-toc-title\" style=\"cursor:inherit\">\u00cdndice de contenidos<\/p>\n<label for=\"ez-toc-cssicon-toggle-item-69f46cda2f357\" class=\"ez-toc-cssicon-toggle-label\"><span class=\"ez-toc-cssicon\"><span class=\"eztoc-hide\" style=\"display:none;\">Toggle<\/span><span class=\"ez-toc-icon-toggle-span\"><svg style=\"fill: #999;color:#999\" xmlns=\"http:\/\/www.w3.org\/2000\/svg\" class=\"list-377408\" width=\"20px\" height=\"20px\" viewBox=\"0 0 24 24\" fill=\"none\"><path d=\"M6 6H4v2h2V6zm14 0H8v2h12V6zM4 11h2v2H4v-2zm16 0H8v2h12v-2zM4 16h2v2H4v-2zm16 0H8v2h12v-2z\" fill=\"currentColor\"><\/path><\/svg><svg style=\"fill: #999;color:#999\" class=\"arrow-unsorted-368013\" xmlns=\"http:\/\/www.w3.org\/2000\/svg\" width=\"10px\" height=\"10px\" viewBox=\"0 0 24 24\" version=\"1.2\" baseProfile=\"tiny\"><path d=\"M18.2 9.3l-6.2-6.3-6.2 6.3c-.2.2-.3.4-.3.7s.1.5.3.7c.2.2.4.3.7.3h11c.3 0 .5-.1.7-.3.2-.2.3-.5.3-.7s-.1-.5-.3-.7zM5.8 14.7l6.2 6.3 6.2-6.3c.2-.2.3-.5.3-.7s-.1-.5-.3-.7c-.2-.2-.4-.3-.7-.3h-11c-.3 0-.5.1-.7.3-.2.2-.3.5-.3.7s.1.5.3.7z\"\/><\/svg><\/span><\/span><\/label><input type=\"checkbox\"  id=\"ez-toc-cssicon-toggle-item-69f46cda2f357\"  aria-label=\"Alternar\" \/><nav><ul class='ez-toc-list ez-toc-list-level-1 ' ><li class='ez-toc-page-1 ez-toc-heading-level-2'><a class=\"ez-toc-link ez-toc-heading-1\" href=\"https:\/\/www.clicars.com\/blog\/actualidad\/seat-no-desaparece-la-marca-espanola-tiene-planes-de-futuro\/#El_gran_momento_de_Seat\" >El gran momento de Seat<\/a><\/li><li class='ez-toc-page-1 ez-toc-heading-level-2'><a class=\"ez-toc-link ez-toc-heading-2\" href=\"https:\/\/www.clicars.com\/blog\/actualidad\/seat-no-desaparece-la-marca-espanola-tiene-planes-de-futuro\/#El_papel_de_Cupra\" >El papel de Cupra<\/a><\/li><li class='ez-toc-page-1 ez-toc-heading-level-2'><a class=\"ez-toc-link ez-toc-heading-3\" href=\"https:\/\/www.clicars.com\/blog\/actualidad\/seat-no-desaparece-la-marca-espanola-tiene-planes-de-futuro\/#Seat_sera_diferente\" >Seat ser\u00e1 diferente<\/a><\/li><\/ul><\/nav><\/div>\n\n<h2><span class=\"ez-toc-section\" id=\"El_gran_momento_de_Seat\"><\/span><span style=\"font-weight: 400;\">El gran momento de Seat<\/span><span class=\"ez-toc-section-end\"><\/span><\/h2>\n<p><span style=\"font-weight: 400;\">A pesar de que han sido muchos los que han puesto en duda el futuro de Seat a ra\u00edz de las declaraciones del directivo alem\u00e1n, lo cierto es que la compa\u00f1\u00eda est\u00e1 en el mejor momento de su historia. La mejor evidencia de ello son sus ventas y puesto a que las cifras nunca fallan, las <strong>casi 200.000 unidades que ha vendido la marca espa\u00f1ola en lo que va de a\u00f1o<\/strong> son el ejemplo perfecto para demostrar su buena salud. La demanda de Seat es m\u00e1s alta que nunca y de no ser por la discontinuidad de los componentes (especialmente los chips), Seat estar\u00eda en estos momentos en r\u00e9cords continuos de ventas.<\/span><\/p>\n<p><span style=\"font-weight: 400;\">Esos periodos complicados que atraves\u00f3 la marca espa\u00f1ola entre 2009 y 2013 (donde acumul\u00f3 seis a\u00f1os aproximados de p\u00e9rdidas), quedaron en el olvido a partir de 2015. Seat se fortaleci\u00f3 en el mercado, enganch\u00f3 cinco a\u00f1os de beneficios y registr\u00f3 un nuevo r\u00e9cord de 346 millones con Luca De Meo al frente, que le acabaron de consolidar en un mercado donde, para este 2023, las previsiones apuntan a unas ventas que rondan las 525.000 unidades. \u00bfEs positivo? S\u00ed. Los mejores a\u00f1os de la compa\u00f1\u00eda alcanzaron las mejores cifras de venta en 2019 y 2018, con 574.100 y 517.060 unidades respectivamente. Por lo que este curso podr\u00eda pasar a formar parte del top-2 de su historia, a pesar de que el pasado m\u00e1s reciente no ha sido f\u00e1cil.<\/span><\/p>\n<p><span style=\"font-weight: 400;\">La pandemia marc\u00f3 al mundo de la automoci\u00f3n y le hizo atravesar por momentos duros. El par\u00f3n de las f\u00e1bricas durante el principio de la pandemia supuso una ca\u00edda de la demanda muy importante para los fabricantes de autom\u00f3viles y Seat no estuvo exento. Las p\u00e9rdidas rondaron los 600 millones de euros entre 2020 y 2021, pero con el regreso a la normalidad, todo volvi\u00f3 a ser como antes tambi\u00e9n para la marca espa\u00f1ola. Desde 2022 la compa\u00f1\u00eda comenz\u00f3 a coger velocidad de crucero y como demuestran las cifras, este 2023 apunta a ser un a\u00f1o de r\u00e9cord que reafirma todav\u00eda m\u00e1s eso de que Seat, \u201cest\u00e1 m\u00e1s fuerte que nunca\u201d.\u00a0<\/span><\/p>\n<p><span style=\"font-weight: 400;\">En el mismo comunicado donde Volkswagen puso en valor el potencial de una de sus marcas, tambi\u00e9n se confirmar\u00f3n los buenos datos por los que atraviesa Seat: \u201cAhora que la situaci\u00f3n de los semiconductores ha comenzado a normalizarse, las ventas en lo que va de a\u00f1o han crecido un 18%\u201d. Para ser exactos, la cifra de unidades vendidas se situa en 199.000 (con un ascenso hasta las 350.000 si tambi\u00e9n se tienen en cuenta los registros de Cupra)\u00a0 y para lo que resta de curso, la marca espa\u00f1ola \u201ctiene una cartera de pedidos muy alta y actualmente cuenta con la mejor gama de productos de su historia\u201d.\u00a0<\/span><\/p>\n<p><img loading=\"lazy\" decoding=\"async\" class=\"aligncenter size-full wp-image-12195\" src=\"https:\/\/www.clicars.com\/blog\/wp-content\/uploads\/2023\/09\/seat-no-desparece.jpg\" alt=\"seat no desparece\" width=\"800\" height=\"600\" \/><\/p>\n<h2><span class=\"ez-toc-section\" id=\"El_papel_de_Cupra\"><\/span><span style=\"font-weight: 400;\">El papel de Cupra<\/span><span class=\"ez-toc-section-end\"><\/span><\/h2>\n<p><span style=\"font-weight: 400;\">Dentro de toda esa gama de productos a la que hacen referencia desde el Grupo Volkswagen, tambi\u00e9n forman parte los modelos que se presentan bajo el paraguas de Cupra. \u00bfQu\u00e9 quiere decir eso? Que Seat es una \u00fanica compa\u00f1\u00eda, que cuenta con dos marcas comerciales: Seat por un lado y Cupra, por otro.<strong> La compa\u00f1\u00eda espa\u00f1ola es propietaria de las dos marcas comerciales<\/strong> y el hito lleg\u00f3, tambi\u00e9n, bajo el mandato de Luca de Meo. Con el Italiano al frente de seat, el directivo tuvo la idea de crear una nueva marca dentro de la compa\u00f1\u00eda como hab\u00edan hecho previamente con Abarth dentro de Fiat y ahora, Alpine con Renault.\u00a0<\/span><\/p>\n<p><span style=\"font-weight: 400;\">Puesto a que la estrategia del grupo Volkswagen era consolidar a Skoda como la marca m\u00e1s accesible, fuera de las fronteras espa\u00f1olas Seat se quedaba en tierra de nadie y para el directivo italiano la creaci\u00f3n de Cupra fue la mejor manera de poner en valor los modelos de la firma espa\u00f1ola. Posteriormente, en 2018, se decidi\u00f3 que Cupra (firma que daba nombre a las versiones deportivas m\u00e1s extremas de Seat) pasase a ser una marca independiente y aunque esta autonom\u00eda en un primer momento no tuvo demasiada repercusi\u00f3n, pues simplemente lleg\u00f3 al mercado con el Ateca como \u00fanico modelo, la introducci\u00f3n de nuevos modelos junto a la electrificaci\u00f3n de la firma, han hecho que la historia cambie por completo.<\/span><\/p>\n<p><span style=\"font-weight: 400;\">Cupra ha pasado de estar a la cola en las listas de ventas, a obtener cada vez m\u00e1s cuota de mercado. Ese incremento de popularidad, en conjunto a la decisi\u00f3n de Europa de prohibir los motores de combusti\u00f3n en un futuro no muy lejano, obligaron a tomar la decisi\u00f3n de qu\u00e9 marca electrificar y Seat, al ser una marca accesible, todav\u00eda no estaba preparada para dar ese salto. Eso quiere decir que la electrificaci\u00f3n tiene como destino Cupra y por lo tanto, desde el Grupo Volkswagen decidieron destinar los esfuerzos, inversiones y lanzamientos hacia la marca deportiva. Pero Seat sigue teniendo planes.<\/span><\/p>\n<h2><span class=\"ez-toc-section\" id=\"Seat_sera_diferente\"><\/span><span style=\"font-weight: 400;\">Seat ser\u00e1 diferente<\/span><span class=\"ez-toc-section-end\"><\/span><\/h2>\n<p><span style=\"font-weight: 400;\">La elecci\u00f3n del grupo por electrificar la gama de coches de Cupra, dio credibilidad a esa idea de que Seat iba a desaparecer. Pero como confirm\u00f3 la propia compa\u00f1\u00eda, en el futuro \u201cSeat ser\u00e1 diferente\u201d. Ni m\u00e1s, ni menos. \u00bfQu\u00e9 quiere decir eso? Que el futuro de la firma espa\u00f1ola pasa por convertirse en una marca cien por cien adaptada a la nueva movilidad, una vez que la electrificaci\u00f3n domine el mercado. Seat se adaptar\u00e1 a la nueva movilidad y buscar\u00e1 conquistar al p\u00fablico joven a trav\u00e9s de \u201cuna oportunidad donde se ofrecer\u00e1n nuevas formas de movilidad que los j\u00f3venes necesitan, como compartir, abonos y micromovilidad, donde ya tenemos mucha experiencia con Seat M\u00d3\u201d.<\/span><\/p>\n<p><span style=\"font-weight: 400;\">Seat M\u00d3 es la divisi\u00f3n de movilidad urbana creada por la compa\u00f1\u00eda en 2020. A d\u00eda de hoy, uno de sus principales productos es la moto el\u00e9ctrica que fue bautizada con ese mismo nombre y tienen m\u00e1s planes de futuro. El m\u00e1s pr\u00f3ximo, un cuadriciclo desarrollado junto a Silence que tendr\u00e1 como enfoque una movilidad m\u00e1s accesible econ\u00f3micamente. Este veh\u00edculo tendr\u00e1 ciertas limitaciones, pero muchas facilidades para ese p\u00fablico joven al que buscan seguir conquistando\u2026 aunque de otra manera.\u00a0<\/span><\/p>\n","protected":false},"excerpt":{"rendered":"<p>Que no cunda el p\u00e1nico. Puede que hayas le\u00eddo lo contrario pero lo primero de&#8230;<\/p>\n","protected":false},"author":2,"featured_media":12194,"comment_status":"closed","ping_status":"closed","sticky":false,"template":"","format":"standard","meta":{"footnotes":""},"categories":[5],"tags":[],"class_list":{"0":"post-12193","1":"post","2":"type-post","3":"status-publish","4":"format-standard","5":"has-post-thumbnail","7":"category-actualidad"},"yoast_head":"<!-- This site is optimized with the Yoast SEO plugin v26.8 - https:\/\/yoast.com\/product\/yoast-seo-wordpress\/ -->\n<title>Seat no desaparece: la marca tiene planes de futuro - Clicars Blog<\/title>\n<meta name=\"description\" content=\"\u25b7 \u00bfDesaparece la marca Seat? Te contamos qu\u00e9 ocurre, a\u00fan hay Seat para rato. La marca espa\u00f1ola sigue dando guerra.\" \/>\n<meta name=\"robots\" content=\"index, follow, max-snippet:-1, max-image-preview:large, max-video-preview:-1\" \/>\n<link rel=\"canonical\" href=\"https:\/\/www.clicars.com\/blog\/actualidad\/seat-no-desaparece-la-marca-espanola-tiene-planes-de-futuro\/\" \/>\n<meta property=\"og:locale\" content=\"es_ES\" \/>\n<meta property=\"og:type\" content=\"article\" \/>\n<meta property=\"og:title\" content=\"Seat no desaparece: la marca tiene planes de futuro - Clicars Blog\" \/>\n<meta property=\"og:description\" content=\"\u25b7 \u00bfDesaparece la marca Seat? Te contamos qu\u00e9 ocurre, a\u00fan hay Seat para rato. La marca espa\u00f1ola sigue dando guerra.\" \/>\n<meta property=\"og:url\" content=\"https:\/\/www.clicars.com\/blog\/actualidad\/seat-no-desaparece-la-marca-espanola-tiene-planes-de-futuro\/\" \/>\n<meta property=\"og:site_name\" content=\"Clicars\" \/>\n<meta property=\"article:published_time\" content=\"2023-09-15T08:53:21+00:00\" \/>\n<meta property=\"og:image\" content=\"https:\/\/www.clicars.com\/blog\/wp-content\/uploads\/2023\/09\/La-marca-seat-desaparece.jpg\" \/>\n\t<meta property=\"og:image:width\" content=\"800\" \/>\n\t<meta property=\"og:image:height\" content=\"600\" \/>\n\t<meta property=\"og:image:type\" content=\"image\/jpeg\" \/>\n<meta name=\"author\" content=\"Clicars\" \/>\n<meta name=\"twitter:card\" content=\"summary_large_image\" \/>\n<meta name=\"twitter:label1\" content=\"Escrito por\" \/>\n\t<meta name=\"twitter:data1\" content=\"Clicars\" \/>\n\t<meta name=\"twitter:label2\" content=\"Tiempo de lectura\" \/>\n\t<meta name=\"twitter:data2\" content=\"6 minutos\" \/>\n<script type=\"application\/ld+json\" class=\"yoast-schema-graph\">{\"@context\":\"https:\/\/schema.org\",\"@graph\":[{\"@type\":\"Article\",\"@id\":\"https:\/\/www.clicars.com\/blog\/actualidad\/seat-no-desaparece-la-marca-espanola-tiene-planes-de-futuro\/#article\",\"isPartOf\":{\"@id\":\"https:\/\/www.clicars.com\/blog\/actualidad\/seat-no-desaparece-la-marca-espanola-tiene-planes-de-futuro\/\"},\"author\":{\"name\":\"Clicars\",\"@id\":\"https:\/\/www.clicars.com\/blog\/#\/schema\/person\/af686c41ba96962c68871392bf2bb62d\"},\"headline\":\"Seat no desaparece: la marca espa\u00f1ola tiene planes de futuro\",\"datePublished\":\"2023-09-15T08:53:21+00:00\",\"mainEntityOfPage\":{\"@id\":\"https:\/\/www.clicars.com\/blog\/actualidad\/seat-no-desaparece-la-marca-espanola-tiene-planes-de-futuro\/\"},\"wordCount\":1297,\"image\":{\"@id\":\"https:\/\/www.clicars.com\/blog\/actualidad\/seat-no-desaparece-la-marca-espanola-tiene-planes-de-futuro\/#primaryimage\"},\"thumbnailUrl\":\"https:\/\/www.clicars.com\/blog\/wp-content\/uploads\/2023\/09\/La-marca-seat-desaparece.jpg\",\"articleSection\":[\"Actualidad\"],\"inLanguage\":\"es\"},{\"@type\":[\"WebPage\",\"ItemPage\"],\"@id\":\"https:\/\/www.clicars.com\/blog\/actualidad\/seat-no-desaparece-la-marca-espanola-tiene-planes-de-futuro\/\",\"url\":\"https:\/\/www.clicars.com\/blog\/actualidad\/seat-no-desaparece-la-marca-espanola-tiene-planes-de-futuro\/\",\"name\":\"Seat no desaparece: la marca tiene planes de futuro - Clicars Blog\",\"isPartOf\":{\"@id\":\"https:\/\/www.clicars.com\/blog\/#website\"},\"primaryImageOfPage\":{\"@id\":\"https:\/\/www.clicars.com\/blog\/actualidad\/seat-no-desaparece-la-marca-espanola-tiene-planes-de-futuro\/#primaryimage\"},\"image\":{\"@id\":\"https:\/\/www.clicars.com\/blog\/actualidad\/seat-no-desaparece-la-marca-espanola-tiene-planes-de-futuro\/#primaryimage\"},\"thumbnailUrl\":\"https:\/\/www.clicars.com\/blog\/wp-content\/uploads\/2023\/09\/La-marca-seat-desaparece.jpg\",\"datePublished\":\"2023-09-15T08:53:21+00:00\",\"author\":{\"@id\":\"https:\/\/www.clicars.com\/blog\/#\/schema\/person\/af686c41ba96962c68871392bf2bb62d\"},\"description\":\"\u25b7 \u00bfDesaparece la marca Seat? Te contamos qu\u00e9 ocurre, a\u00fan hay Seat para rato. La marca espa\u00f1ola sigue dando guerra.\",\"breadcrumb\":{\"@id\":\"https:\/\/www.clicars.com\/blog\/actualidad\/seat-no-desaparece-la-marca-espanola-tiene-planes-de-futuro\/#breadcrumb\"},\"inLanguage\":\"es\",\"potentialAction\":[{\"@type\":\"ReadAction\",\"target\":[\"https:\/\/www.clicars.com\/blog\/actualidad\/seat-no-desaparece-la-marca-espanola-tiene-planes-de-futuro\/\"]}]},{\"@type\":\"ImageObject\",\"inLanguage\":\"es\",\"@id\":\"https:\/\/www.clicars.com\/blog\/actualidad\/seat-no-desaparece-la-marca-espanola-tiene-planes-de-futuro\/#primaryimage\",\"url\":\"https:\/\/www.clicars.com\/blog\/wp-content\/uploads\/2023\/09\/La-marca-seat-desaparece.jpg\",\"contentUrl\":\"https:\/\/www.clicars.com\/blog\/wp-content\/uploads\/2023\/09\/La-marca-seat-desaparece.jpg\",\"width\":800,\"height\":600,\"caption\":\"La marca seat desaparece\"},{\"@type\":\"BreadcrumbList\",\"@id\":\"https:\/\/www.clicars.com\/blog\/actualidad\/seat-no-desaparece-la-marca-espanola-tiene-planes-de-futuro\/#breadcrumb\",\"itemListElement\":[{\"@type\":\"ListItem\",\"position\":1,\"name\":\"Portada\",\"item\":\"https:\/\/www.clicars.com\/blog\/\"},{\"@type\":\"ListItem\",\"position\":2,\"name\":\"Seat no desaparece: la marca espa\u00f1ola tiene planes de futuro\"}]},{\"@type\":\"WebSite\",\"@id\":\"https:\/\/www.clicars.com\/blog\/#website\",\"url\":\"https:\/\/www.clicars.com\/blog\/\",\"name\":\"Clicars\",\"description\":\"Compra tu coche de Buena Mano sin moverte de casa\",\"inLanguage\":\"es\"},{\"@type\":\"Person\",\"@id\":\"https:\/\/www.clicars.com\/blog\/#\/schema\/person\/af686c41ba96962c68871392bf2bb62d\",\"name\":\"Clicars\",\"image\":{\"@type\":\"ImageObject\",\"inLanguage\":\"es\",\"@id\":\"https:\/\/www.clicars.com\/blog\/#\/schema\/person\/image\/\",\"url\":\"https:\/\/secure.gravatar.com\/avatar\/3100622b0023049db14165cdba9dadaa9159743b871e83e440a0df9a70f80e56?s=96&d=mm&r=g\",\"contentUrl\":\"https:\/\/secure.gravatar.com\/avatar\/3100622b0023049db14165cdba9dadaa9159743b871e83e440a0df9a70f80e56?s=96&d=mm&r=g\",\"caption\":\"Clicars\"},\"sameAs\":[\"https:\/\/www.clicars.com\"],\"url\":\"https:\/\/www.clicars.com\/blog\/author\/clicars\/\"}]}<\/script>\n<!-- \/ Yoast SEO plugin. -->","yoast_head_json":{"title":"Seat no desaparece: la marca tiene planes de futuro - Clicars Blog","description":"\u25b7 \u00bfDesaparece la marca Seat? Te contamos qu\u00e9 ocurre, a\u00fan hay Seat para rato. La marca espa\u00f1ola sigue dando guerra.","robots":{"index":"index","follow":"follow","max-snippet":"max-snippet:-1","max-image-preview":"max-image-preview:large","max-video-preview":"max-video-preview:-1"},"canonical":"https:\/\/www.clicars.com\/blog\/actualidad\/seat-no-desaparece-la-marca-espanola-tiene-planes-de-futuro\/","og_locale":"es_ES","og_type":"article","og_title":"Seat no desaparece: la marca tiene planes de futuro - Clicars Blog","og_description":"\u25b7 \u00bfDesaparece la marca Seat? Te contamos qu\u00e9 ocurre, a\u00fan hay Seat para rato. La marca espa\u00f1ola sigue dando guerra.","og_url":"https:\/\/www.clicars.com\/blog\/actualidad\/seat-no-desaparece-la-marca-espanola-tiene-planes-de-futuro\/","og_site_name":"Clicars","article_published_time":"2023-09-15T08:53:21+00:00","og_image":[{"width":800,"height":600,"url":"https:\/\/www.clicars.com\/blog\/wp-content\/uploads\/2023\/09\/La-marca-seat-desaparece.jpg","type":"image\/jpeg"}],"author":"Clicars","twitter_card":"summary_large_image","twitter_misc":{"Escrito por":"Clicars","Tiempo de lectura":"6 minutos"},"schema":{"@context":"https:\/\/schema.org","@graph":[{"@type":"Article","@id":"https:\/\/www.clicars.com\/blog\/actualidad\/seat-no-desaparece-la-marca-espanola-tiene-planes-de-futuro\/#article","isPartOf":{"@id":"https:\/\/www.clicars.com\/blog\/actualidad\/seat-no-desaparece-la-marca-espanola-tiene-planes-de-futuro\/"},"author":{"name":"Clicars","@id":"https:\/\/www.clicars.com\/blog\/#\/schema\/person\/af686c41ba96962c68871392bf2bb62d"},"headline":"Seat no desaparece: la marca espa\u00f1ola tiene planes de futuro","datePublished":"2023-09-15T08:53:21+00:00","mainEntityOfPage":{"@id":"https:\/\/www.clicars.com\/blog\/actualidad\/seat-no-desaparece-la-marca-espanola-tiene-planes-de-futuro\/"},"wordCount":1297,"image":{"@id":"https:\/\/www.clicars.com\/blog\/actualidad\/seat-no-desaparece-la-marca-espanola-tiene-planes-de-futuro\/#primaryimage"},"thumbnailUrl":"https:\/\/www.clicars.com\/blog\/wp-content\/uploads\/2023\/09\/La-marca-seat-desaparece.jpg","articleSection":["Actualidad"],"inLanguage":"es"},{"@type":["WebPage","ItemPage"],"@id":"https:\/\/www.clicars.com\/blog\/actualidad\/seat-no-desaparece-la-marca-espanola-tiene-planes-de-futuro\/","url":"https:\/\/www.clicars.com\/blog\/actualidad\/seat-no-desaparece-la-marca-espanola-tiene-planes-de-futuro\/","name":"Seat no desaparece: la marca tiene planes de futuro - Clicars Blog","isPartOf":{"@id":"https:\/\/www.clicars.com\/blog\/#website"},"primaryImageOfPage":{"@id":"https:\/\/www.clicars.com\/blog\/actualidad\/seat-no-desaparece-la-marca-espanola-tiene-planes-de-futuro\/#primaryimage"},"image":{"@id":"https:\/\/www.clicars.com\/blog\/actualidad\/seat-no-desaparece-la-marca-espanola-tiene-planes-de-futuro\/#primaryimage"},"thumbnailUrl":"https:\/\/www.clicars.com\/blog\/wp-content\/uploads\/2023\/09\/La-marca-seat-desaparece.jpg","datePublished":"2023-09-15T08:53:21+00:00","author":{"@id":"https:\/\/www.clicars.com\/blog\/#\/schema\/person\/af686c41ba96962c68871392bf2bb62d"},"description":"\u25b7 \u00bfDesaparece la marca Seat? Te contamos qu\u00e9 ocurre, a\u00fan hay Seat para rato. La marca espa\u00f1ola sigue dando guerra.","breadcrumb":{"@id":"https:\/\/www.clicars.com\/blog\/actualidad\/seat-no-desaparece-la-marca-espanola-tiene-planes-de-futuro\/#breadcrumb"},"inLanguage":"es","potentialAction":[{"@type":"ReadAction","target":["https:\/\/www.clicars.com\/blog\/actualidad\/seat-no-desaparece-la-marca-espanola-tiene-planes-de-futuro\/"]}]},{"@type":"ImageObject","inLanguage":"es","@id":"https:\/\/www.clicars.com\/blog\/actualidad\/seat-no-desaparece-la-marca-espanola-tiene-planes-de-futuro\/#primaryimage","url":"https:\/\/www.clicars.com\/blog\/wp-content\/uploads\/2023\/09\/La-marca-seat-desaparece.jpg","contentUrl":"https:\/\/www.clicars.com\/blog\/wp-content\/uploads\/2023\/09\/La-marca-seat-desaparece.jpg","width":800,"height":600,"caption":"La marca seat desaparece"},{"@type":"BreadcrumbList","@id":"https:\/\/www.clicars.com\/blog\/actualidad\/seat-no-desaparece-la-marca-espanola-tiene-planes-de-futuro\/#breadcrumb","itemListElement":[{"@type":"ListItem","position":1,"name":"Portada","item":"https:\/\/www.clicars.com\/blog\/"},{"@type":"ListItem","position":2,"name":"Seat no desaparece: la marca espa\u00f1ola tiene planes de futuro"}]},{"@type":"WebSite","@id":"https:\/\/www.clicars.com\/blog\/#website","url":"https:\/\/www.clicars.com\/blog\/","name":"Clicars","description":"Compra tu coche de Buena Mano sin moverte de casa","inLanguage":"es"},{"@type":"Person","@id":"https:\/\/www.clicars.com\/blog\/#\/schema\/person\/af686c41ba96962c68871392bf2bb62d","name":"Clicars","image":{"@type":"ImageObject","inLanguage":"es","@id":"https:\/\/www.clicars.com\/blog\/#\/schema\/person\/image\/","url":"https:\/\/secure.gravatar.com\/avatar\/3100622b0023049db14165cdba9dadaa9159743b871e83e440a0df9a70f80e56?s=96&d=mm&r=g","contentUrl":"https:\/\/secure.gravatar.com\/avatar\/3100622b0023049db14165cdba9dadaa9159743b871e83e440a0df9a70f80e56?s=96&d=mm&r=g","caption":"Clicars"},"sameAs":["https:\/\/www.clicars.com"],"url":"https:\/\/www.clicars.com\/blog\/author\/clicars\/"}]}},"_links":{"self":[{"href":"https:\/\/www.clicars.com\/blog\/wp-json\/wp\/v2\/posts\/12193","targetHints":{"allow":["GET"]}}],"collection":[{"href":"https:\/\/www.clicars.com\/blog\/wp-json\/wp\/v2\/posts"}],"about":[{"href":"https:\/\/www.clicars.com\/blog\/wp-json\/wp\/v2\/types\/post"}],"author":[{"embeddable":true,"href":"https:\/\/www.clicars.com\/blog\/wp-json\/wp\/v2\/users\/2"}],"replies":[{"embeddable":true,"href":"https:\/\/www.clicars.com\/blog\/wp-json\/wp\/v2\/comments?post=12193"}],"version-history":[{"count":1,"href":"https:\/\/www.clicars.com\/blog\/wp-json\/wp\/v2\/posts\/12193\/revisions"}],"predecessor-version":[{"id":12196,"href":"https:\/\/www.clicars.com\/blog\/wp-json\/wp\/v2\/posts\/12193\/revisions\/12196"}],"wp:featuredmedia":[{"embeddable":true,"href":"https:\/\/www.clicars.com\/blog\/wp-json\/wp\/v2\/media\/12194"}],"wp:attachment":[{"href":"https:\/\/www.clicars.com\/blog\/wp-json\/wp\/v2\/media?parent=12193"}],"wp:term":[{"taxonomy":"category","embeddable":true,"href":"https:\/\/www.clicars.com\/blog\/wp-json\/wp\/v2\/categories?post=12193"},{"taxonomy":"post_tag","embeddable":true,"href":"https:\/\/www.clicars.com\/blog\/wp-json\/wp\/v2\/tags?post=12193"}],"curies":[{"name":"wp","href":"https:\/\/api.w.org\/{rel}","templated":true}]}}