{"id":12230,"date":"2023-09-28T14:54:10","date_gmt":"2023-09-28T12:54:10","guid":{"rendered":"https:\/\/www.clicars.com\/blog\/?p=12230"},"modified":"2023-09-28T14:54:10","modified_gmt":"2023-09-28T12:54:10","slug":"comparativa-bmw-x2-vs-bmw-x3","status":"publish","type":"post","link":"https:\/\/www.clicars.com\/blog\/comparativa\/comparativa-bmw-x2-vs-bmw-x3\/","title":{"rendered":"Comparativa BMW X3 vs BMW X2: \u00bfCu\u00e1l eliges?"},"content":{"rendered":"<p><span style=\"font-weight: 400;\">BMW es una de las marcas m\u00e1s fiables del mercado dentro del segmento de gama media y alta. La marca alemana est\u00e1 innovando en conectividad y creando veh\u00edculos cada vez m\u00e1s vers\u00e1tiles. El <\/span><b>BMW X3 y el BMW X2<\/b><span style=\"font-weight: 400;\"> son un ejemplo de ello.<\/span><\/p>\n<p><span style=\"font-weight: 400;\">Si buscas un veh\u00edculo nuevo o de segunda mano y BMW est\u00e1 entre tus opciones, te mostramos las diferencias y caracter\u00edsticas de estos dos modelos. En esta ocasi\u00f3n, nos centraremos en aspectos clave como el <\/span><b>consumo de combustible<\/b><span style=\"font-weight: 400;\">, la <\/span><b>motorizaci\u00f3n<\/b><span style=\"font-weight: 400;\"> y la <\/span><b>fecha de lanzamiento<\/b><span style=\"font-weight: 400;\">.<\/span><\/p>\n<div id=\"ez-toc-container\" class=\"ez-toc-v2_0_80 counter-hierarchy ez-toc-counter ez-toc-light-blue ez-toc-container-direction\">\n<p class=\"ez-toc-title\" style=\"cursor:inherit\">\u00cdndice de contenidos<\/p>\n<label for=\"ez-toc-cssicon-toggle-item-69f5ea9d671bf\" class=\"ez-toc-cssicon-toggle-label\"><span class=\"ez-toc-cssicon\"><span class=\"eztoc-hide\" style=\"display:none;\">Toggle<\/span><span class=\"ez-toc-icon-toggle-span\"><svg style=\"fill: #999;color:#999\" xmlns=\"http:\/\/www.w3.org\/2000\/svg\" class=\"list-377408\" width=\"20px\" height=\"20px\" viewBox=\"0 0 24 24\" fill=\"none\"><path d=\"M6 6H4v2h2V6zm14 0H8v2h12V6zM4 11h2v2H4v-2zm16 0H8v2h12v-2zM4 16h2v2H4v-2zm16 0H8v2h12v-2z\" fill=\"currentColor\"><\/path><\/svg><svg style=\"fill: #999;color:#999\" class=\"arrow-unsorted-368013\" xmlns=\"http:\/\/www.w3.org\/2000\/svg\" width=\"10px\" height=\"10px\" viewBox=\"0 0 24 24\" version=\"1.2\" baseProfile=\"tiny\"><path d=\"M18.2 9.3l-6.2-6.3-6.2 6.3c-.2.2-.3.4-.3.7s.1.5.3.7c.2.2.4.3.7.3h11c.3 0 .5-.1.7-.3.2-.2.3-.5.3-.7s-.1-.5-.3-.7zM5.8 14.7l6.2 6.3 6.2-6.3c.2-.2.3-.5.3-.7s-.1-.5-.3-.7c-.2-.2-.4-.3-.7-.3h-11c-.3 0-.5.1-.7.3-.2.2-.3.5-.3.7s.1.5.3.7z\"\/><\/svg><\/span><\/span><\/label><input type=\"checkbox\"  id=\"ez-toc-cssicon-toggle-item-69f5ea9d671bf\"  aria-label=\"Alternar\" \/><nav><ul class='ez-toc-list ez-toc-list-level-1 ' ><li class='ez-toc-page-1 ez-toc-heading-level-2'><a class=\"ez-toc-link ez-toc-heading-1\" href=\"https:\/\/www.clicars.com\/blog\/comparativa\/comparativa-bmw-x2-vs-bmw-x3\/#BMW_X3_Consumo_de_Combustible\" >BMW X3: Consumo de Combustible<\/a><\/li><li class='ez-toc-page-1 ez-toc-heading-level-2'><a class=\"ez-toc-link ez-toc-heading-2\" href=\"https:\/\/www.clicars.com\/blog\/comparativa\/comparativa-bmw-x2-vs-bmw-x3\/#BMW_X2_Consumo_de_Combustible\" >BMW X2: Consumo de Combustible<\/a><\/li><li class='ez-toc-page-1 ez-toc-heading-level-2'><a class=\"ez-toc-link ez-toc-heading-3\" href=\"https:\/\/www.clicars.com\/blog\/comparativa\/comparativa-bmw-x2-vs-bmw-x3\/#BMW_X3_vs_BMW_X2_Caballos_de_Fuerza\" >BMW X3 vs BMW X2: Caballos de Fuerza<\/a><\/li><li class='ez-toc-page-1 ez-toc-heading-level-2'><a class=\"ez-toc-link ez-toc-heading-4\" href=\"https:\/\/www.clicars.com\/blog\/comparativa\/comparativa-bmw-x2-vs-bmw-x3\/#Comparativa_de_Consumo_y_Motorizacion_BMW_X2_vs_BMW_X3\" >Comparativa de Consumo y Motorizaci\u00f3n: BMW X2 vs BMW X3<\/a><ul class='ez-toc-list-level-3' ><li class='ez-toc-heading-level-3'><a class=\"ez-toc-link ez-toc-heading-5\" href=\"https:\/\/www.clicars.com\/blog\/comparativa\/comparativa-bmw-x2-vs-bmw-x3\/#BMW_X3\" >BMW X3<\/a><\/li><li class='ez-toc-page-1 ez-toc-heading-level-3'><a class=\"ez-toc-link ez-toc-heading-6\" href=\"https:\/\/www.clicars.com\/blog\/comparativa\/comparativa-bmw-x2-vs-bmw-x3\/#BMW_X2\" >BMW X2<\/a><\/li><\/ul><\/li><li class='ez-toc-page-1 ez-toc-heading-level-2'><a class=\"ez-toc-link ez-toc-heading-7\" href=\"https:\/\/www.clicars.com\/blog\/comparativa\/comparativa-bmw-x2-vs-bmw-x3\/#Fecha_de_Lanzamiento_del_BMW_X2_y_el_BMW_X3\" >Fecha de Lanzamiento del BMW X2 y el BMW X3<\/a><\/li><\/ul><\/nav><\/div>\n\n<h2><span class=\"ez-toc-section\" id=\"BMW_X3_Consumo_de_Combustible\"><\/span><span style=\"font-weight: 400;\">BMW X3: Consumo de Combustible<\/span><span class=\"ez-toc-section-end\"><\/span><\/h2>\n<p><span style=\"font-weight: 400;\">Comenzaremos analizando el <\/span><a href=\"https:\/\/www.clicars.com\/coches-segunda-mano-ocasion\/bmw\/x3\"><span style=\"font-weight: 400;\">BMW X3<\/span><\/a><span style=\"font-weight: 400;\">, un SUV de gama alta conocido por su elevado rendimiento y versatilidad. El consumo de <\/span><b>combustible del BMW X3<\/b><span style=\"font-weight: 400;\"> var\u00eda en aspectos como el estilo de conducci\u00f3n del usuario, la motorizaci\u00f3n o la conducci\u00f3n por ciudad y carretera. El BMW X3 est\u00e1 disponible en su versi\u00f3n de gasolina, di\u00e9sel e h\u00edbrido enchufable.<\/span><\/p>\n<p><span style=\"font-weight: 400;\">Este modelo tiene un <\/span><b>consumo de combustible de entre 2,0 y 10,8 l\/100 km<\/b><span style=\"font-weight: 400;\">. Estas cifras var\u00edan en base a la potencia del motor, configurable entre <\/span><b>150 y 510 CV<\/b><span style=\"font-weight: 400;\">. Este modelo integra las etiquetas medioambientales C, ECO y 0, lo que se ajusta a la normativa de circulaci\u00f3n de la mayor\u00eda de las ciudades y cascos hist\u00f3ricos.<\/span><\/p>\n<h2><span class=\"ez-toc-section\" id=\"BMW_X2_Consumo_de_Combustible\"><\/span><span style=\"font-weight: 400;\">BMW X2: Consumo de Combustible<\/span><span class=\"ez-toc-section-end\"><\/span><\/h2>\n<p><span style=\"font-weight: 400;\">El <\/span><a href=\"https:\/\/www.clicars.com\/coches-segunda-mano-ocasion\/bmw\/x2\"><span style=\"font-weight: 400;\">BMW X2<\/span><\/a><span style=\"font-weight: 400;\"> tiene ciertas similitudes con el BMX X3. En este caso, el consumo de combustible depende de las opciones de motorizaci\u00f3n, entre <\/span><b>116 y 306 CV<\/b><span style=\"font-weight: 400;\">. Este modelo tiene menor potencia que el BMX X3, por lo que el consumo es menor. El BMW X2 est\u00e1 disponible en su versi\u00f3n de gasolina, di\u00e9sel e h\u00edbrido enchufable.<\/span><\/p>\n<p><span style=\"font-weight: 400;\">El BMX X2 es un veh\u00edculo eficiente con un <\/span><b>consumo de entre 1,7 a 7,5 l\/100 km<\/b><span style=\"font-weight: 400;\">. El modelo integra las etiquetas medioambientales C y 0, algo menos contaminante que el BMX X3.<\/span><\/p>\n<p><img loading=\"lazy\" decoding=\"async\" class=\"aligncenter size-full wp-image-12232\" src=\"https:\/\/www.clicars.com\/blog\/wp-content\/uploads\/2023\/09\/bmw-x2-o-bmw-x3.jpg\" alt=\"bmw x2 o bmw x3\" width=\"800\" height=\"600\" \/><\/p>\n<h2><span class=\"ez-toc-section\" id=\"BMW_X3_vs_BMW_X2_Caballos_de_Fuerza\"><\/span><span style=\"font-weight: 400;\">BMW X3 vs BMW X2: Caballos de Fuerza<\/span><span class=\"ez-toc-section-end\"><\/span><\/h2>\n<p><span style=\"font-weight: 400;\">La marca alemana se caracteriza por la potencia de sus motores, lo que convierte a los veh\u00edculos en verdaderos todoterrenos con un espacio m\u00e1s que optimizado. La potencia del motor tiene que ver con los caballos y el tipo de tracci\u00f3n de cada modelo.<\/span><\/p>\n<p><span style=\"font-weight: 400;\">El <\/span><b>BMW X3 de gasolina<\/b><span style=\"font-weight: 400;\"> tiene un motor M Competition con 510 CV. El <\/span><b>BMW X3 h\u00edbrido<\/b><span style=\"font-weight: 400;\"> tiene un motor xDrive30e xLine de con 292 CV y el <\/span><b>BMW X3 di\u00e9sel<\/b><span style=\"font-weight: 400;\"> con motor sDrive18d xLine tiene una potencia de 150 CV. La tracci\u00f3n de este veh\u00edculo puede ser trasera o 4X4.<\/span><\/p>\n<p><span style=\"font-weight: 400;\">Por otro lado, El <\/span><b>BMX X2 de gasolina<\/b><span style=\"font-weight: 400;\"> 1.5 TwinPower Turbo tiene una potencia de 140 CV, el <\/span><b>BMW X2 di\u00e9sel<\/b><span style=\"font-weight: 400;\"> con motor xDrive20d tiene 150 CV y el <\/span><b>BMW X2 h\u00edbrido<\/b> <b>enchufable<\/b><span style=\"font-weight: 400;\"> tiene un motor xDrive20e de 70 kW con potencia de 220 CV. La tracci\u00f3n de este veh\u00edculo es 4X4, con opci\u00f3n de tracci\u00f3n trasera para la configuraci\u00f3n di\u00e9sel.<\/span><\/p>\n<h2><span class=\"ez-toc-section\" id=\"Comparativa_de_Consumo_y_Motorizacion_BMW_X2_vs_BMW_X3\"><\/span><span style=\"font-weight: 400;\">Comparativa de Consumo y Motorizaci\u00f3n: BMW X2 vs BMW X3<\/span><span class=\"ez-toc-section-end\"><\/span><\/h2>\n<p><span style=\"font-weight: 400;\">Para una comparaci\u00f3n m\u00e1s directa, presentaremos una tabla que muestra las cifras de <\/span><b>consumo y motorizaci\u00f3n del BMW X3 y el BMW X2<\/b><span style=\"font-weight: 400;\">.<\/span><\/p>\n<h3><span class=\"ez-toc-section\" id=\"BMW_X3\"><\/span><span style=\"font-weight: 400;\">BMW X3<\/span><span class=\"ez-toc-section-end\"><\/span><\/h3>\n<p><span style=\"font-weight: 400;\">Gasolina:<\/span><\/p>\n<ul>\n<li style=\"font-weight: 400;\" aria-level=\"1\"><span style=\"font-weight: 400;\">Motor M Competition<\/span><\/li>\n<li style=\"font-weight: 400;\" aria-level=\"1\"><span style=\"font-weight: 400;\">Potencia de 510 CV<\/span><\/li>\n<li style=\"font-weight: 400;\" aria-level=\"1\"><span style=\"font-weight: 400;\">Consumo de 10,8 l\/100 km<\/span><\/li>\n<\/ul>\n<p><span style=\"font-weight: 400;\">Di\u00e9sel<\/span><\/p>\n<ul>\n<li style=\"font-weight: 400;\" aria-level=\"1\"><span style=\"font-weight: 400;\">Motor sDrive18d xLine<\/span><\/li>\n<li style=\"font-weight: 400;\" aria-level=\"1\"><span style=\"font-weight: 400;\">Potencia de 150 CV.<\/span><\/li>\n<li style=\"font-weight: 400;\" aria-level=\"1\"><span style=\"font-weight: 400;\">Consumo de 5,6 l\/100 km<\/span><\/li>\n<\/ul>\n<p><span style=\"font-weight: 400;\">H\u00edbrido<\/span><\/p>\n<ul>\n<li style=\"font-weight: 400;\" aria-level=\"1\"><span style=\"font-weight: 400;\">Motor xDrive30e xLine<\/span><\/li>\n<li style=\"font-weight: 400;\" aria-level=\"1\"><span style=\"font-weight: 400;\">Potencia de 292 CV<\/span><\/li>\n<li style=\"font-weight: 400;\" aria-level=\"1\"><span style=\"font-weight: 400;\">Consumo de 2 l\/100 km<\/span><\/li>\n<\/ul>\n<h3><span class=\"ez-toc-section\" id=\"BMW_X2\"><\/span><span style=\"font-weight: 400;\">BMW X2<\/span><span class=\"ez-toc-section-end\"><\/span><\/h3>\n<p><span style=\"font-weight: 400;\">Gasolina:<\/span><\/p>\n<ul>\n<li style=\"font-weight: 400;\" aria-level=\"1\"><span style=\"font-weight: 400;\">Motor 1.5 TwinPower Turbo<\/span><\/li>\n<li style=\"font-weight: 400;\" aria-level=\"1\"><span style=\"font-weight: 400;\">Potencia de 140 CV<\/span><\/li>\n<li style=\"font-weight: 400;\" aria-level=\"1\"><span style=\"font-weight: 400;\">Consumo de 7,5 l\/100 km<\/span><\/li>\n<\/ul>\n<p><span style=\"font-weight: 400;\">Di\u00e9sel<\/span><\/p>\n<ul>\n<li style=\"font-weight: 400;\" aria-level=\"1\"><span style=\"font-weight: 400;\">Motor xDrive20d<\/span><\/li>\n<li style=\"font-weight: 400;\" aria-level=\"1\"><span style=\"font-weight: 400;\">Potencia de 150 CV<\/span><\/li>\n<li style=\"font-weight: 400;\" aria-level=\"1\"><span style=\"font-weight: 400;\">Consumo de 4,9 l\/100 km<\/span><\/li>\n<\/ul>\n<p><span style=\"font-weight: 400;\">H\u00edbrido enchufable<\/span><\/p>\n<ul>\n<li style=\"font-weight: 400;\" aria-level=\"1\"><span style=\"font-weight: 400;\">Motor xDrive20e de 70 kW<\/span><\/li>\n<li style=\"font-weight: 400;\" aria-level=\"1\"><span style=\"font-weight: 400;\">Potencia de 220 CV<\/span><\/li>\n<li style=\"font-weight: 400;\" aria-level=\"1\"><span style=\"font-weight: 400;\">Consumo de 1,7 l\/100 km<\/span><\/li>\n<\/ul>\n<h2><span class=\"ez-toc-section\" id=\"Fecha_de_Lanzamiento_del_BMW_X2_y_el_BMW_X3\"><\/span><span style=\"font-weight: 400;\">Fecha de Lanzamiento del BMW X2 y el BMW X3<\/span><span class=\"ez-toc-section-end\"><\/span><\/h2>\n<p><span style=\"font-weight: 400;\">La fecha de lanzamiento puede ser crucial en cuanto a la integraci\u00f3n de avances tecnol\u00f3gicos. La marca ha anunciado que el BMW X2 saldr\u00e1 a la venta durante el <\/span><b>primer trimestre de 2024<\/b><span style=\"font-weight: 400;\">. Se espera que el BMW X3 llegue al mercado algo antes: a <\/span><b>finales de 2023<\/b><span style=\"font-weight: 400;\">.<\/span><\/p>\n<p><span style=\"font-weight: 400;\">En conclusi\u00f3n, comprar un veh\u00edculo no es un acto casual o impulsivo. Es importante tener en cuenta las diferencias en consumo de combustible, motorizaci\u00f3n y la fecha de lanzamiento entre el BMW X3 y el BMW X2 para ajustar el veh\u00edculo a las necesidades de cada conductor.<\/span><\/p>\n","protected":false},"excerpt":{"rendered":"<p>BMW es una de las marcas m\u00e1s fiables del mercado dentro del segmento de gama&#8230;<\/p>\n","protected":false},"author":2,"featured_media":12231,"comment_status":"closed","ping_status":"closed","sticky":false,"template":"","format":"standard","meta":{"footnotes":""},"categories":[2],"tags":[],"class_list":{"0":"post-12230","1":"post","2":"type-post","3":"status-publish","4":"format-standard","5":"has-post-thumbnail","7":"category-comparativa"},"yoast_head":"<!-- This site is optimized with the Yoast SEO plugin v26.8 - https:\/\/yoast.com\/product\/yoast-seo-wordpress\/ -->\n<title>Comparativa BMW X3 vs BMW X2: \u00bfCu\u00e1l eliges? - Clicars Blog<\/title>\n<meta name=\"description\" content=\"\u25b7 Comparativa de estos dos cochazos. BMW X2 y BMW X3. Ponemos a prueba su potencia, espacio y acabados. \u00a1No te lo pierdas!\" \/>\n<meta name=\"robots\" content=\"index, follow, max-snippet:-1, max-image-preview:large, max-video-preview:-1\" \/>\n<link rel=\"canonical\" href=\"https:\/\/www.clicars.com\/blog\/comparativa\/comparativa-bmw-x2-vs-bmw-x3\/\" \/>\n<meta property=\"og:locale\" content=\"es_ES\" \/>\n<meta property=\"og:type\" content=\"article\" \/>\n<meta property=\"og:title\" content=\"Comparativa BMW X3 vs BMW X2: \u00bfCu\u00e1l eliges? - Clicars Blog\" \/>\n<meta property=\"og:description\" content=\"\u25b7 Comparativa de estos dos cochazos. BMW X2 y BMW X3. Ponemos a prueba su potencia, espacio y acabados. \u00a1No te lo pierdas!\" \/>\n<meta property=\"og:url\" content=\"https:\/\/www.clicars.com\/blog\/comparativa\/comparativa-bmw-x2-vs-bmw-x3\/\" \/>\n<meta property=\"og:site_name\" content=\"Clicars\" \/>\n<meta property=\"article:published_time\" content=\"2023-09-28T12:54:10+00:00\" \/>\n<meta property=\"og:image\" content=\"https:\/\/www.clicars.com\/blog\/wp-content\/uploads\/2023\/09\/comparativa-bmw-x2-bmw-x3.jpg\" \/>\n\t<meta property=\"og:image:width\" content=\"800\" \/>\n\t<meta property=\"og:image:height\" content=\"600\" \/>\n\t<meta property=\"og:image:type\" content=\"image\/jpeg\" \/>\n<meta name=\"author\" content=\"Clicars\" \/>\n<meta name=\"twitter:card\" content=\"summary_large_image\" \/>\n<meta name=\"twitter:label1\" content=\"Escrito por\" \/>\n\t<meta name=\"twitter:data1\" content=\"Clicars\" \/>\n\t<meta name=\"twitter:label2\" content=\"Tiempo de lectura\" \/>\n\t<meta name=\"twitter:data2\" content=\"4 minutos\" \/>\n<script type=\"application\/ld+json\" class=\"yoast-schema-graph\">{\"@context\":\"https:\/\/schema.org\",\"@graph\":[{\"@type\":\"Article\",\"@id\":\"https:\/\/www.clicars.com\/blog\/comparativa\/comparativa-bmw-x2-vs-bmw-x3\/#article\",\"isPartOf\":{\"@id\":\"https:\/\/www.clicars.com\/blog\/comparativa\/comparativa-bmw-x2-vs-bmw-x3\/\"},\"author\":{\"name\":\"Clicars\",\"@id\":\"https:\/\/www.clicars.com\/blog\/#\/schema\/person\/af686c41ba96962c68871392bf2bb62d\"},\"headline\":\"Comparativa BMW X3 vs BMW X2: \u00bfCu\u00e1l eliges?\",\"datePublished\":\"2023-09-28T12:54:10+00:00\",\"mainEntityOfPage\":{\"@id\":\"https:\/\/www.clicars.com\/blog\/comparativa\/comparativa-bmw-x2-vs-bmw-x3\/\"},\"wordCount\":729,\"image\":{\"@id\":\"https:\/\/www.clicars.com\/blog\/comparativa\/comparativa-bmw-x2-vs-bmw-x3\/#primaryimage\"},\"thumbnailUrl\":\"https:\/\/www.clicars.com\/blog\/wp-content\/uploads\/2023\/09\/comparativa-bmw-x2-bmw-x3.jpg\",\"articleSection\":[\"Comparativa\"],\"inLanguage\":\"es\"},{\"@type\":[\"WebPage\",\"ItemPage\"],\"@id\":\"https:\/\/www.clicars.com\/blog\/comparativa\/comparativa-bmw-x2-vs-bmw-x3\/\",\"url\":\"https:\/\/www.clicars.com\/blog\/comparativa\/comparativa-bmw-x2-vs-bmw-x3\/\",\"name\":\"Comparativa BMW X3 vs BMW X2: \u00bfCu\u00e1l eliges? - Clicars Blog\",\"isPartOf\":{\"@id\":\"https:\/\/www.clicars.com\/blog\/#website\"},\"primaryImageOfPage\":{\"@id\":\"https:\/\/www.clicars.com\/blog\/comparativa\/comparativa-bmw-x2-vs-bmw-x3\/#primaryimage\"},\"image\":{\"@id\":\"https:\/\/www.clicars.com\/blog\/comparativa\/comparativa-bmw-x2-vs-bmw-x3\/#primaryimage\"},\"thumbnailUrl\":\"https:\/\/www.clicars.com\/blog\/wp-content\/uploads\/2023\/09\/comparativa-bmw-x2-bmw-x3.jpg\",\"datePublished\":\"2023-09-28T12:54:10+00:00\",\"author\":{\"@id\":\"https:\/\/www.clicars.com\/blog\/#\/schema\/person\/af686c41ba96962c68871392bf2bb62d\"},\"description\":\"\u25b7 Comparativa de estos dos cochazos. BMW X2 y BMW X3. Ponemos a prueba su potencia, espacio y acabados. \u00a1No te lo pierdas!\",\"breadcrumb\":{\"@id\":\"https:\/\/www.clicars.com\/blog\/comparativa\/comparativa-bmw-x2-vs-bmw-x3\/#breadcrumb\"},\"inLanguage\":\"es\",\"potentialAction\":[{\"@type\":\"ReadAction\",\"target\":[\"https:\/\/www.clicars.com\/blog\/comparativa\/comparativa-bmw-x2-vs-bmw-x3\/\"]}]},{\"@type\":\"ImageObject\",\"inLanguage\":\"es\",\"@id\":\"https:\/\/www.clicars.com\/blog\/comparativa\/comparativa-bmw-x2-vs-bmw-x3\/#primaryimage\",\"url\":\"https:\/\/www.clicars.com\/blog\/wp-content\/uploads\/2023\/09\/comparativa-bmw-x2-bmw-x3.jpg\",\"contentUrl\":\"https:\/\/www.clicars.com\/blog\/wp-content\/uploads\/2023\/09\/comparativa-bmw-x2-bmw-x3.jpg\",\"width\":800,\"height\":600,\"caption\":\"comparativa bmw x2 bmw x3\"},{\"@type\":\"BreadcrumbList\",\"@id\":\"https:\/\/www.clicars.com\/blog\/comparativa\/comparativa-bmw-x2-vs-bmw-x3\/#breadcrumb\",\"itemListElement\":[{\"@type\":\"ListItem\",\"position\":1,\"name\":\"Portada\",\"item\":\"https:\/\/www.clicars.com\/blog\/\"},{\"@type\":\"ListItem\",\"position\":2,\"name\":\"Comparativa BMW X3 vs BMW X2: \u00bfCu\u00e1l eliges?\"}]},{\"@type\":\"WebSite\",\"@id\":\"https:\/\/www.clicars.com\/blog\/#website\",\"url\":\"https:\/\/www.clicars.com\/blog\/\",\"name\":\"Clicars\",\"description\":\"Compra tu coche de Buena Mano sin moverte de casa\",\"inLanguage\":\"es\"},{\"@type\":\"Person\",\"@id\":\"https:\/\/www.clicars.com\/blog\/#\/schema\/person\/af686c41ba96962c68871392bf2bb62d\",\"name\":\"Clicars\",\"image\":{\"@type\":\"ImageObject\",\"inLanguage\":\"es\",\"@id\":\"https:\/\/www.clicars.com\/blog\/#\/schema\/person\/image\/\",\"url\":\"https:\/\/secure.gravatar.com\/avatar\/3100622b0023049db14165cdba9dadaa9159743b871e83e440a0df9a70f80e56?s=96&d=mm&r=g\",\"contentUrl\":\"https:\/\/secure.gravatar.com\/avatar\/3100622b0023049db14165cdba9dadaa9159743b871e83e440a0df9a70f80e56?s=96&d=mm&r=g\",\"caption\":\"Clicars\"},\"sameAs\":[\"https:\/\/www.clicars.com\"],\"url\":\"https:\/\/www.clicars.com\/blog\/author\/clicars\/\"}]}<\/script>\n<!-- \/ Yoast SEO plugin. -->","yoast_head_json":{"title":"Comparativa BMW X3 vs BMW X2: \u00bfCu\u00e1l eliges? - Clicars Blog","description":"\u25b7 Comparativa de estos dos cochazos. BMW X2 y BMW X3. Ponemos a prueba su potencia, espacio y acabados. \u00a1No te lo pierdas!","robots":{"index":"index","follow":"follow","max-snippet":"max-snippet:-1","max-image-preview":"max-image-preview:large","max-video-preview":"max-video-preview:-1"},"canonical":"https:\/\/www.clicars.com\/blog\/comparativa\/comparativa-bmw-x2-vs-bmw-x3\/","og_locale":"es_ES","og_type":"article","og_title":"Comparativa BMW X3 vs BMW X2: \u00bfCu\u00e1l eliges? - Clicars Blog","og_description":"\u25b7 Comparativa de estos dos cochazos. BMW X2 y BMW X3. Ponemos a prueba su potencia, espacio y acabados. \u00a1No te lo pierdas!","og_url":"https:\/\/www.clicars.com\/blog\/comparativa\/comparativa-bmw-x2-vs-bmw-x3\/","og_site_name":"Clicars","article_published_time":"2023-09-28T12:54:10+00:00","og_image":[{"width":800,"height":600,"url":"https:\/\/www.clicars.com\/blog\/wp-content\/uploads\/2023\/09\/comparativa-bmw-x2-bmw-x3.jpg","type":"image\/jpeg"}],"author":"Clicars","twitter_card":"summary_large_image","twitter_misc":{"Escrito por":"Clicars","Tiempo de lectura":"4 minutos"},"schema":{"@context":"https:\/\/schema.org","@graph":[{"@type":"Article","@id":"https:\/\/www.clicars.com\/blog\/comparativa\/comparativa-bmw-x2-vs-bmw-x3\/#article","isPartOf":{"@id":"https:\/\/www.clicars.com\/blog\/comparativa\/comparativa-bmw-x2-vs-bmw-x3\/"},"author":{"name":"Clicars","@id":"https:\/\/www.clicars.com\/blog\/#\/schema\/person\/af686c41ba96962c68871392bf2bb62d"},"headline":"Comparativa BMW X3 vs BMW X2: \u00bfCu\u00e1l eliges?","datePublished":"2023-09-28T12:54:10+00:00","mainEntityOfPage":{"@id":"https:\/\/www.clicars.com\/blog\/comparativa\/comparativa-bmw-x2-vs-bmw-x3\/"},"wordCount":729,"image":{"@id":"https:\/\/www.clicars.com\/blog\/comparativa\/comparativa-bmw-x2-vs-bmw-x3\/#primaryimage"},"thumbnailUrl":"https:\/\/www.clicars.com\/blog\/wp-content\/uploads\/2023\/09\/comparativa-bmw-x2-bmw-x3.jpg","articleSection":["Comparativa"],"inLanguage":"es"},{"@type":["WebPage","ItemPage"],"@id":"https:\/\/www.clicars.com\/blog\/comparativa\/comparativa-bmw-x2-vs-bmw-x3\/","url":"https:\/\/www.clicars.com\/blog\/comparativa\/comparativa-bmw-x2-vs-bmw-x3\/","name":"Comparativa BMW X3 vs BMW X2: \u00bfCu\u00e1l eliges? - Clicars Blog","isPartOf":{"@id":"https:\/\/www.clicars.com\/blog\/#website"},"primaryImageOfPage":{"@id":"https:\/\/www.clicars.com\/blog\/comparativa\/comparativa-bmw-x2-vs-bmw-x3\/#primaryimage"},"image":{"@id":"https:\/\/www.clicars.com\/blog\/comparativa\/comparativa-bmw-x2-vs-bmw-x3\/#primaryimage"},"thumbnailUrl":"https:\/\/www.clicars.com\/blog\/wp-content\/uploads\/2023\/09\/comparativa-bmw-x2-bmw-x3.jpg","datePublished":"2023-09-28T12:54:10+00:00","author":{"@id":"https:\/\/www.clicars.com\/blog\/#\/schema\/person\/af686c41ba96962c68871392bf2bb62d"},"description":"\u25b7 Comparativa de estos dos cochazos. BMW X2 y BMW X3. Ponemos a prueba su potencia, espacio y acabados. \u00a1No te lo pierdas!","breadcrumb":{"@id":"https:\/\/www.clicars.com\/blog\/comparativa\/comparativa-bmw-x2-vs-bmw-x3\/#breadcrumb"},"inLanguage":"es","potentialAction":[{"@type":"ReadAction","target":["https:\/\/www.clicars.com\/blog\/comparativa\/comparativa-bmw-x2-vs-bmw-x3\/"]}]},{"@type":"ImageObject","inLanguage":"es","@id":"https:\/\/www.clicars.com\/blog\/comparativa\/comparativa-bmw-x2-vs-bmw-x3\/#primaryimage","url":"https:\/\/www.clicars.com\/blog\/wp-content\/uploads\/2023\/09\/comparativa-bmw-x2-bmw-x3.jpg","contentUrl":"https:\/\/www.clicars.com\/blog\/wp-content\/uploads\/2023\/09\/comparativa-bmw-x2-bmw-x3.jpg","width":800,"height":600,"caption":"comparativa bmw x2 bmw x3"},{"@type":"BreadcrumbList","@id":"https:\/\/www.clicars.com\/blog\/comparativa\/comparativa-bmw-x2-vs-bmw-x3\/#breadcrumb","itemListElement":[{"@type":"ListItem","position":1,"name":"Portada","item":"https:\/\/www.clicars.com\/blog\/"},{"@type":"ListItem","position":2,"name":"Comparativa BMW X3 vs BMW X2: \u00bfCu\u00e1l eliges?"}]},{"@type":"WebSite","@id":"https:\/\/www.clicars.com\/blog\/#website","url":"https:\/\/www.clicars.com\/blog\/","name":"Clicars","description":"Compra tu coche de Buena Mano sin moverte de casa","inLanguage":"es"},{"@type":"Person","@id":"https:\/\/www.clicars.com\/blog\/#\/schema\/person\/af686c41ba96962c68871392bf2bb62d","name":"Clicars","image":{"@type":"ImageObject","inLanguage":"es","@id":"https:\/\/www.clicars.com\/blog\/#\/schema\/person\/image\/","url":"https:\/\/secure.gravatar.com\/avatar\/3100622b0023049db14165cdba9dadaa9159743b871e83e440a0df9a70f80e56?s=96&d=mm&r=g","contentUrl":"https:\/\/secure.gravatar.com\/avatar\/3100622b0023049db14165cdba9dadaa9159743b871e83e440a0df9a70f80e56?s=96&d=mm&r=g","caption":"Clicars"},"sameAs":["https:\/\/www.clicars.com"],"url":"https:\/\/www.clicars.com\/blog\/author\/clicars\/"}]}},"_links":{"self":[{"href":"https:\/\/www.clicars.com\/blog\/wp-json\/wp\/v2\/posts\/12230","targetHints":{"allow":["GET"]}}],"collection":[{"href":"https:\/\/www.clicars.com\/blog\/wp-json\/wp\/v2\/posts"}],"about":[{"href":"https:\/\/www.clicars.com\/blog\/wp-json\/wp\/v2\/types\/post"}],"author":[{"embeddable":true,"href":"https:\/\/www.clicars.com\/blog\/wp-json\/wp\/v2\/users\/2"}],"replies":[{"embeddable":true,"href":"https:\/\/www.clicars.com\/blog\/wp-json\/wp\/v2\/comments?post=12230"}],"version-history":[{"count":1,"href":"https:\/\/www.clicars.com\/blog\/wp-json\/wp\/v2\/posts\/12230\/revisions"}],"predecessor-version":[{"id":12233,"href":"https:\/\/www.clicars.com\/blog\/wp-json\/wp\/v2\/posts\/12230\/revisions\/12233"}],"wp:featuredmedia":[{"embeddable":true,"href":"https:\/\/www.clicars.com\/blog\/wp-json\/wp\/v2\/media\/12231"}],"wp:attachment":[{"href":"https:\/\/www.clicars.com\/blog\/wp-json\/wp\/v2\/media?parent=12230"}],"wp:term":[{"taxonomy":"category","embeddable":true,"href":"https:\/\/www.clicars.com\/blog\/wp-json\/wp\/v2\/categories?post=12230"},{"taxonomy":"post_tag","embeddable":true,"href":"https:\/\/www.clicars.com\/blog\/wp-json\/wp\/v2\/tags?post=12230"}],"curies":[{"name":"wp","href":"https:\/\/api.w.org\/{rel}","templated":true}]}}