{"id":12251,"date":"2023-10-05T18:05:29","date_gmt":"2023-10-05T16:05:29","guid":{"rendered":"https:\/\/www.clicars.com\/blog\/?p=12251"},"modified":"2023-10-05T18:06:10","modified_gmt":"2023-10-05T16:06:10","slug":"llegada-a-zaragoza-este-mes-de-octubre","status":"publish","type":"post","link":"https:\/\/www.clicars.com\/blog\/actualidad\/llegada-a-zaragoza-este-mes-de-octubre\/","title":{"rendered":"Clicars llega a Zaragoza este mes de octubre"},"content":{"rendered":"<p><span style=\"font-weight: 400;\">Arrancamos este mes de octubre nuestro plan de expansi\u00f3n nacional con la apertura de nuestro primer punto de venta f\u00edsico fuera de Madrid, concretamente en la ciudad de Zaragoza, con el objetivo de ofrecer una experiencia mejorada en la compraventa de coches a clientes de Arag\u00f3n y comunidades de la zona norte y Catalu\u00f1a. Este plan continuar\u00e1 a principios de 2024 con la inauguraci\u00f3n de nuevas instalaciones en Valencia, consiguiendo una optimizaci\u00f3n todav\u00eda mayor de la log\u00edstica, entregas y experiencia de compra en las zonas del Levante y sur de la pen\u00ednsula, as\u00ed como en Baleares. El objetivo de estas aperturas es ofrecer a zaragozanos y valencianos la posibilidad de elegir entre el exitoso modelo <\/span><i><span style=\"font-weight: 400;\">online<\/span><\/i><span style=\"font-weight: 400;\"> (con entrega en la puerta de casa al d\u00eda siguiente o 2 horas en algunos modelos) y la misma experiencia de compra y venta de forma presencial en nuestras instalaciones.<\/span><\/p>\n<p><span style=\"font-weight: 400;\">\u201cNuestra obsesi\u00f3n es ser la compa\u00f1\u00eda de compra-venta de coches de segunda mano que ofrezca la mejor experiencia de compra a sus clientes y que les haga sentir la confianza de que les estamos entregando un coche con una calidad-precio inmejorable\u201d, afirma <\/span><b>Jos\u00e9 Carlos del Valle, CEO de Clicars<\/b><span style=\"font-weight: 400;\">. \u00abEste plan de expansi\u00f3n nacional es un reflejo de c\u00f3mo hemos asentado nuestro modelo de negocio como una de las opciones favoritas de los espa\u00f1oles a la hora de comprar o vender su coche y que estamos preparados para seguir creciendo e innovando\u00bb.<\/span><\/p>\n<p><span style=\"font-weight: 400;\">Para garantizar los m\u00e1ximos est\u00e1ndares de calidad, el stock de +2.500 coches superan la certificaci\u00f3n m\u00e1s completa del mercado en 320 puntos en la f\u00e1brica de reacondicionamiento que la tenemos en nuestra sede en Madrid, considerada la m\u00e1s grande de Europa. Con una edad promedio de entre 1-8 a\u00f1os, no solo destacan por su excelente estado, sino tambi\u00e9n por ofrecer kilometraje garantizado, un historial de mantenimiento actualizado, la seguridad de no haber sufrido accidentes graves y hasta 3 a\u00f1os de garant\u00eda. Adem\u00e1s, los precios inteligentes que tenmos son finales y sin letra peque\u00f1a con opci\u00f3n de pago al contado o a trav\u00e9s de financiaciones a medida y una garant\u00eda de devoluci\u00f3n de 15 d\u00edas \u00f3 1.000 kil\u00f3metros.<\/span><\/p>\n<p><b>Llegada a Zaragoza este mes de octubre<\/b><\/p>\n<p><span style=\"font-weight: 400;\">Desde mediados de octubre de 2023, todos los zaragozanos y residentes de Arag\u00f3n podr\u00e1n visitar nuestra nueva ubicaci\u00f3n en la Avenida de la Diagonal 20 (en la Plataforma Log\u00edstica de Zaragoza -PLAZA-). En este centro f\u00edsico con m\u00e1s de 2.000m2 de zona comercial, los usuarios podr\u00e1n comprar o vender su coche bajo el asesoramiento de nuestro equipo de expertos. Adem\u00e1s, encontrar\u00e1n una exposici\u00f3n interior con los modelos m\u00e1s populares entre los clientes de esta Comunidad Aut\u00f3noma, seleccionados a partir del hist\u00f3rico de ventas y el an\u00e1lisis de datos, para adaptarnos a los gustos y necesidades de los clientes locales y garantizar una experiencia de compra \u00fanica. Tambi\u00e9n contar\u00e1 con una zona de entrega inmediata de veh\u00edculos y un espacioso aparcamiento con 75 plazas.<\/span><\/p>\n<p><span style=\"font-weight: 400;\">\u201cCon inauguraciones como la de Zaragoza queremos ofrecer a los clientes la flexibilidad de que compren sus coches como ellos prefieran, ya sea en una visita f\u00edsica en nuestras instalaciones como a trav\u00e9s de nuestra web, y darles as\u00ed una experiencia de 10 bajo nuestros valores de sencillez, transparencia y confianza\u201d menciona <\/span><b>Jos\u00e9 Carlos del Valle, CEO de Clicars. <\/b><span style=\"font-weight: 400;\">\u201cLa elecci\u00f3n de Zaragoza como primer punto de venta f\u00edsico, m\u00e1s all\u00e1 de nuestra sede en Madrid, se debe a su ubicaci\u00f3n estrat\u00e9gica, lo que nos servir\u00e1 para optimizar a\u00fan m\u00e1s nuestras operaciones log\u00edsticas y la rapidez de nuestras entregas, as\u00ed como por la oportunidad de aportar un valor a\u00f1adido a nuestros clientes en una ciudad hist\u00f3ricamente asociada a la cultura de la automoci\u00f3n\u201d.<\/span><span style=\"font-weight: 400;\">\u00a0<\/span><\/p>\n<p><span style=\"font-weight: 400;\"><a href=\"https:\/\/www.clicars.com\/coches-segunda-mano-ocasion\/zaragoza\">Clicars Zaragoza<\/a> jugar\u00e1 un papel estrat\u00e9gico como punto de conexi\u00f3n con la sede central en Madrid, lo que nos permitir\u00e1 optimizar a\u00fan m\u00e1s el servicio ofrecido a los clientes de Arag\u00f3n, La Rioja, Navarra y Catalu\u00f1a.<\/span><\/p>\n<p><b>Valencia, la exposici\u00f3n interior m\u00e1s grande de Espa\u00f1a<\/b><\/p>\n<p><span style=\"font-weight: 400;\">Adem\u00e1s, durante el primer trimestre de 2024 est\u00e1 previsto la apertura de un punto de venta f\u00edsico en la ciudad de Valencia. Al igual que Clicars Zaragoza, este nuevo centro ofrecer\u00e1 la posibilidad de combinar la experiencia de compra online con entregas en la puerta de casa al d\u00eda siguiente o en 2 horas (en modelos seleccionados) o de forma f\u00edsica en su nuevo punto de venta, siempre asesorados por nuestro equipo de expertos. Con unas instalaciones de m\u00e1s de 14.000m2, Clicars Valencia contar\u00e1 con la mayor exposici\u00f3n interior de veh\u00edculos de Espa\u00f1a.\u00a0<\/span><\/p>\n<p><span style=\"font-weight: 400;\">Adem\u00e1s, Clicars Valencia tambi\u00e9n contribuir\u00e1 a la mejora de la log\u00edstica general, ya que se trata de un punto clave estrat\u00e9gico para el movimiento de stock por su conexi\u00f3n con Madrid, y permitir\u00e1 hacer entregas m\u00e1s r\u00e1pidas en ciudades de zonas en las que la compa\u00f1\u00eda ha consolidado un importante mercado como Levante, Catalu\u00f1a, Andaluc\u00eda y Baleares, entre otras.<\/span><\/p>\n<p><b>Coches reacondicionados, una opci\u00f3n inteligente y sostenible<\/b><\/p>\n<p><span style=\"font-weight: 400;\">En las nuevas instalaciones de Zaragoza y Valencia, ser\u00e1 posible acceder a una amplia variedad de\u00a0 coches \u201csostenibles\u201d revisados y reacondicionados en nuestra f\u00e1brica en Madrid. De esta manera, adem\u00e1s de contar con una opci\u00f3n que da una segunda vida a los coches, reduciendo la generaci\u00f3n de CO2, respecto a la fabricaci\u00f3n de uno nuevo, los clientes podr\u00e1n adquirir coches mec\u00e1nicamente impecables con pocos kil\u00f3metros y a\u00f1os y con precios hasta un 30% m\u00e1s econ\u00f3micos, a la vez que se ayuda al rejuvenecimiento del parque m\u00f3vil. El crecimiento en la compra de coches de segunda mano es una manifestaci\u00f3n clara de c\u00f3mo la econom\u00eda circular empieza a ganar cada vez m\u00e1s terreno en la industria de la automoci\u00f3n, una pr\u00e1ctica en la que, desde Clicars, estamos activamente involucrados, gracias a nuestro modelo de negocio donde el reacondicionamiento de coches es clave para apoyar los retos medioambientales actuales.\u00a0<\/span><\/p>\n","protected":false},"excerpt":{"rendered":"<p>Arrancamos este mes de octubre nuestro plan de expansi\u00f3n nacional con la apertura de nuestro&#8230;<\/p>\n","protected":false},"author":2,"featured_media":12252,"comment_status":"closed","ping_status":"closed","sticky":false,"template":"","format":"standard","meta":{"footnotes":""},"categories":[5],"tags":[],"class_list":{"0":"post-12251","1":"post","2":"type-post","3":"status-publish","4":"format-standard","5":"has-post-thumbnail","7":"category-actualidad"},"yoast_head":"<!-- This site is optimized with the Yoast SEO plugin v26.8 - https:\/\/yoast.com\/product\/yoast-seo-wordpress\/ -->\n<title>Clicars llega a Zaragoza este mes de octubre - Clicars Blog<\/title>\n<meta name=\"robots\" content=\"index, follow, max-snippet:-1, max-image-preview:large, max-video-preview:-1\" \/>\n<link rel=\"canonical\" href=\"https:\/\/www.clicars.com\/blog\/actualidad\/llegada-a-zaragoza-este-mes-de-octubre\/\" \/>\n<meta property=\"og:locale\" content=\"es_ES\" \/>\n<meta property=\"og:type\" content=\"article\" \/>\n<meta property=\"og:title\" content=\"Clicars llega a Zaragoza este mes de octubre - Clicars Blog\" \/>\n<meta property=\"og:description\" content=\"Arrancamos este mes de octubre nuestro plan de expansi\u00f3n nacional con la apertura de nuestro...\" \/>\n<meta property=\"og:url\" content=\"https:\/\/www.clicars.com\/blog\/actualidad\/llegada-a-zaragoza-este-mes-de-octubre\/\" \/>\n<meta property=\"og:site_name\" content=\"Clicars\" \/>\n<meta property=\"article:published_time\" content=\"2023-10-05T16:05:29+00:00\" \/>\n<meta property=\"article:modified_time\" content=\"2023-10-05T16:06:10+00:00\" \/>\n<meta property=\"og:image\" content=\"https:\/\/www.clicars.com\/blog\/wp-content\/uploads\/2023\/10\/Clicars-llega-a-zaragoza.jpg\" \/>\n\t<meta property=\"og:image:width\" content=\"800\" \/>\n\t<meta property=\"og:image:height\" content=\"600\" \/>\n\t<meta property=\"og:image:type\" content=\"image\/jpeg\" \/>\n<meta name=\"author\" content=\"Clicars\" \/>\n<meta name=\"twitter:card\" content=\"summary_large_image\" \/>\n<meta name=\"twitter:label1\" content=\"Escrito por\" \/>\n\t<meta name=\"twitter:data1\" content=\"Clicars\" \/>\n\t<meta name=\"twitter:label2\" content=\"Tiempo de lectura\" \/>\n\t<meta name=\"twitter:data2\" content=\"5 minutos\" \/>\n<script type=\"application\/ld+json\" class=\"yoast-schema-graph\">{\"@context\":\"https:\/\/schema.org\",\"@graph\":[{\"@type\":\"Article\",\"@id\":\"https:\/\/www.clicars.com\/blog\/actualidad\/llegada-a-zaragoza-este-mes-de-octubre\/#article\",\"isPartOf\":{\"@id\":\"https:\/\/www.clicars.com\/blog\/actualidad\/llegada-a-zaragoza-este-mes-de-octubre\/\"},\"author\":{\"name\":\"Clicars\",\"@id\":\"https:\/\/www.clicars.com\/blog\/#\/schema\/person\/af686c41ba96962c68871392bf2bb62d\"},\"headline\":\"Clicars llega a Zaragoza este mes de octubre\",\"datePublished\":\"2023-10-05T16:05:29+00:00\",\"dateModified\":\"2023-10-05T16:06:10+00:00\",\"mainEntityOfPage\":{\"@id\":\"https:\/\/www.clicars.com\/blog\/actualidad\/llegada-a-zaragoza-este-mes-de-octubre\/\"},\"wordCount\":1059,\"image\":{\"@id\":\"https:\/\/www.clicars.com\/blog\/actualidad\/llegada-a-zaragoza-este-mes-de-octubre\/#primaryimage\"},\"thumbnailUrl\":\"https:\/\/www.clicars.com\/blog\/wp-content\/uploads\/2023\/10\/Clicars-llega-a-zaragoza.jpg\",\"articleSection\":[\"Actualidad\"],\"inLanguage\":\"es\"},{\"@type\":[\"WebPage\",\"ItemPage\"],\"@id\":\"https:\/\/www.clicars.com\/blog\/actualidad\/llegada-a-zaragoza-este-mes-de-octubre\/\",\"url\":\"https:\/\/www.clicars.com\/blog\/actualidad\/llegada-a-zaragoza-este-mes-de-octubre\/\",\"name\":\"Clicars llega a Zaragoza este mes de octubre - Clicars Blog\",\"isPartOf\":{\"@id\":\"https:\/\/www.clicars.com\/blog\/#website\"},\"primaryImageOfPage\":{\"@id\":\"https:\/\/www.clicars.com\/blog\/actualidad\/llegada-a-zaragoza-este-mes-de-octubre\/#primaryimage\"},\"image\":{\"@id\":\"https:\/\/www.clicars.com\/blog\/actualidad\/llegada-a-zaragoza-este-mes-de-octubre\/#primaryimage\"},\"thumbnailUrl\":\"https:\/\/www.clicars.com\/blog\/wp-content\/uploads\/2023\/10\/Clicars-llega-a-zaragoza.jpg\",\"datePublished\":\"2023-10-05T16:05:29+00:00\",\"dateModified\":\"2023-10-05T16:06:10+00:00\",\"author\":{\"@id\":\"https:\/\/www.clicars.com\/blog\/#\/schema\/person\/af686c41ba96962c68871392bf2bb62d\"},\"breadcrumb\":{\"@id\":\"https:\/\/www.clicars.com\/blog\/actualidad\/llegada-a-zaragoza-este-mes-de-octubre\/#breadcrumb\"},\"inLanguage\":\"es\",\"potentialAction\":[{\"@type\":\"ReadAction\",\"target\":[\"https:\/\/www.clicars.com\/blog\/actualidad\/llegada-a-zaragoza-este-mes-de-octubre\/\"]}]},{\"@type\":\"ImageObject\",\"inLanguage\":\"es\",\"@id\":\"https:\/\/www.clicars.com\/blog\/actualidad\/llegada-a-zaragoza-este-mes-de-octubre\/#primaryimage\",\"url\":\"https:\/\/www.clicars.com\/blog\/wp-content\/uploads\/2023\/10\/Clicars-llega-a-zaragoza.jpg\",\"contentUrl\":\"https:\/\/www.clicars.com\/blog\/wp-content\/uploads\/2023\/10\/Clicars-llega-a-zaragoza.jpg\",\"width\":800,\"height\":600,\"caption\":\"Clicars llega a zaragoza\"},{\"@type\":\"BreadcrumbList\",\"@id\":\"https:\/\/www.clicars.com\/blog\/actualidad\/llegada-a-zaragoza-este-mes-de-octubre\/#breadcrumb\",\"itemListElement\":[{\"@type\":\"ListItem\",\"position\":1,\"name\":\"Portada\",\"item\":\"https:\/\/www.clicars.com\/blog\/\"},{\"@type\":\"ListItem\",\"position\":2,\"name\":\"Clicars llega a Zaragoza este mes de octubre\"}]},{\"@type\":\"WebSite\",\"@id\":\"https:\/\/www.clicars.com\/blog\/#website\",\"url\":\"https:\/\/www.clicars.com\/blog\/\",\"name\":\"Clicars\",\"description\":\"Compra tu coche de Buena Mano sin moverte de casa\",\"inLanguage\":\"es\"},{\"@type\":\"Person\",\"@id\":\"https:\/\/www.clicars.com\/blog\/#\/schema\/person\/af686c41ba96962c68871392bf2bb62d\",\"name\":\"Clicars\",\"image\":{\"@type\":\"ImageObject\",\"inLanguage\":\"es\",\"@id\":\"https:\/\/www.clicars.com\/blog\/#\/schema\/person\/image\/\",\"url\":\"https:\/\/secure.gravatar.com\/avatar\/3100622b0023049db14165cdba9dadaa9159743b871e83e440a0df9a70f80e56?s=96&d=mm&r=g\",\"contentUrl\":\"https:\/\/secure.gravatar.com\/avatar\/3100622b0023049db14165cdba9dadaa9159743b871e83e440a0df9a70f80e56?s=96&d=mm&r=g\",\"caption\":\"Clicars\"},\"sameAs\":[\"https:\/\/www.clicars.com\"],\"url\":\"https:\/\/www.clicars.com\/blog\/author\/clicars\/\"}]}<\/script>\n<!-- \/ Yoast SEO plugin. -->","yoast_head_json":{"title":"Clicars llega a Zaragoza este mes de octubre - Clicars Blog","robots":{"index":"index","follow":"follow","max-snippet":"max-snippet:-1","max-image-preview":"max-image-preview:large","max-video-preview":"max-video-preview:-1"},"canonical":"https:\/\/www.clicars.com\/blog\/actualidad\/llegada-a-zaragoza-este-mes-de-octubre\/","og_locale":"es_ES","og_type":"article","og_title":"Clicars llega a Zaragoza este mes de octubre - Clicars Blog","og_description":"Arrancamos este mes de octubre nuestro plan de expansi\u00f3n nacional con la apertura de nuestro...","og_url":"https:\/\/www.clicars.com\/blog\/actualidad\/llegada-a-zaragoza-este-mes-de-octubre\/","og_site_name":"Clicars","article_published_time":"2023-10-05T16:05:29+00:00","article_modified_time":"2023-10-05T16:06:10+00:00","og_image":[{"width":800,"height":600,"url":"https:\/\/www.clicars.com\/blog\/wp-content\/uploads\/2023\/10\/Clicars-llega-a-zaragoza.jpg","type":"image\/jpeg"}],"author":"Clicars","twitter_card":"summary_large_image","twitter_misc":{"Escrito por":"Clicars","Tiempo de lectura":"5 minutos"},"schema":{"@context":"https:\/\/schema.org","@graph":[{"@type":"Article","@id":"https:\/\/www.clicars.com\/blog\/actualidad\/llegada-a-zaragoza-este-mes-de-octubre\/#article","isPartOf":{"@id":"https:\/\/www.clicars.com\/blog\/actualidad\/llegada-a-zaragoza-este-mes-de-octubre\/"},"author":{"name":"Clicars","@id":"https:\/\/www.clicars.com\/blog\/#\/schema\/person\/af686c41ba96962c68871392bf2bb62d"},"headline":"Clicars llega a Zaragoza este mes de octubre","datePublished":"2023-10-05T16:05:29+00:00","dateModified":"2023-10-05T16:06:10+00:00","mainEntityOfPage":{"@id":"https:\/\/www.clicars.com\/blog\/actualidad\/llegada-a-zaragoza-este-mes-de-octubre\/"},"wordCount":1059,"image":{"@id":"https:\/\/www.clicars.com\/blog\/actualidad\/llegada-a-zaragoza-este-mes-de-octubre\/#primaryimage"},"thumbnailUrl":"https:\/\/www.clicars.com\/blog\/wp-content\/uploads\/2023\/10\/Clicars-llega-a-zaragoza.jpg","articleSection":["Actualidad"],"inLanguage":"es"},{"@type":["WebPage","ItemPage"],"@id":"https:\/\/www.clicars.com\/blog\/actualidad\/llegada-a-zaragoza-este-mes-de-octubre\/","url":"https:\/\/www.clicars.com\/blog\/actualidad\/llegada-a-zaragoza-este-mes-de-octubre\/","name":"Clicars llega a Zaragoza este mes de octubre - Clicars Blog","isPartOf":{"@id":"https:\/\/www.clicars.com\/blog\/#website"},"primaryImageOfPage":{"@id":"https:\/\/www.clicars.com\/blog\/actualidad\/llegada-a-zaragoza-este-mes-de-octubre\/#primaryimage"},"image":{"@id":"https:\/\/www.clicars.com\/blog\/actualidad\/llegada-a-zaragoza-este-mes-de-octubre\/#primaryimage"},"thumbnailUrl":"https:\/\/www.clicars.com\/blog\/wp-content\/uploads\/2023\/10\/Clicars-llega-a-zaragoza.jpg","datePublished":"2023-10-05T16:05:29+00:00","dateModified":"2023-10-05T16:06:10+00:00","author":{"@id":"https:\/\/www.clicars.com\/blog\/#\/schema\/person\/af686c41ba96962c68871392bf2bb62d"},"breadcrumb":{"@id":"https:\/\/www.clicars.com\/blog\/actualidad\/llegada-a-zaragoza-este-mes-de-octubre\/#breadcrumb"},"inLanguage":"es","potentialAction":[{"@type":"ReadAction","target":["https:\/\/www.clicars.com\/blog\/actualidad\/llegada-a-zaragoza-este-mes-de-octubre\/"]}]},{"@type":"ImageObject","inLanguage":"es","@id":"https:\/\/www.clicars.com\/blog\/actualidad\/llegada-a-zaragoza-este-mes-de-octubre\/#primaryimage","url":"https:\/\/www.clicars.com\/blog\/wp-content\/uploads\/2023\/10\/Clicars-llega-a-zaragoza.jpg","contentUrl":"https:\/\/www.clicars.com\/blog\/wp-content\/uploads\/2023\/10\/Clicars-llega-a-zaragoza.jpg","width":800,"height":600,"caption":"Clicars llega a zaragoza"},{"@type":"BreadcrumbList","@id":"https:\/\/www.clicars.com\/blog\/actualidad\/llegada-a-zaragoza-este-mes-de-octubre\/#breadcrumb","itemListElement":[{"@type":"ListItem","position":1,"name":"Portada","item":"https:\/\/www.clicars.com\/blog\/"},{"@type":"ListItem","position":2,"name":"Clicars llega a Zaragoza este mes de octubre"}]},{"@type":"WebSite","@id":"https:\/\/www.clicars.com\/blog\/#website","url":"https:\/\/www.clicars.com\/blog\/","name":"Clicars","description":"Compra tu coche de Buena Mano sin moverte de casa","inLanguage":"es"},{"@type":"Person","@id":"https:\/\/www.clicars.com\/blog\/#\/schema\/person\/af686c41ba96962c68871392bf2bb62d","name":"Clicars","image":{"@type":"ImageObject","inLanguage":"es","@id":"https:\/\/www.clicars.com\/blog\/#\/schema\/person\/image\/","url":"https:\/\/secure.gravatar.com\/avatar\/3100622b0023049db14165cdba9dadaa9159743b871e83e440a0df9a70f80e56?s=96&d=mm&r=g","contentUrl":"https:\/\/secure.gravatar.com\/avatar\/3100622b0023049db14165cdba9dadaa9159743b871e83e440a0df9a70f80e56?s=96&d=mm&r=g","caption":"Clicars"},"sameAs":["https:\/\/www.clicars.com"],"url":"https:\/\/www.clicars.com\/blog\/author\/clicars\/"}]}},"_links":{"self":[{"href":"https:\/\/www.clicars.com\/blog\/wp-json\/wp\/v2\/posts\/12251","targetHints":{"allow":["GET"]}}],"collection":[{"href":"https:\/\/www.clicars.com\/blog\/wp-json\/wp\/v2\/posts"}],"about":[{"href":"https:\/\/www.clicars.com\/blog\/wp-json\/wp\/v2\/types\/post"}],"author":[{"embeddable":true,"href":"https:\/\/www.clicars.com\/blog\/wp-json\/wp\/v2\/users\/2"}],"replies":[{"embeddable":true,"href":"https:\/\/www.clicars.com\/blog\/wp-json\/wp\/v2\/comments?post=12251"}],"version-history":[{"count":2,"href":"https:\/\/www.clicars.com\/blog\/wp-json\/wp\/v2\/posts\/12251\/revisions"}],"predecessor-version":[{"id":12254,"href":"https:\/\/www.clicars.com\/blog\/wp-json\/wp\/v2\/posts\/12251\/revisions\/12254"}],"wp:featuredmedia":[{"embeddable":true,"href":"https:\/\/www.clicars.com\/blog\/wp-json\/wp\/v2\/media\/12252"}],"wp:attachment":[{"href":"https:\/\/www.clicars.com\/blog\/wp-json\/wp\/v2\/media?parent=12251"}],"wp:term":[{"taxonomy":"category","embeddable":true,"href":"https:\/\/www.clicars.com\/blog\/wp-json\/wp\/v2\/categories?post=12251"},{"taxonomy":"post_tag","embeddable":true,"href":"https:\/\/www.clicars.com\/blog\/wp-json\/wp\/v2\/tags?post=12251"}],"curies":[{"name":"wp","href":"https:\/\/api.w.org\/{rel}","templated":true}]}}