{"id":12385,"date":"2023-11-21T10:02:44","date_gmt":"2023-11-21T08:02:44","guid":{"rendered":"https:\/\/www.clicars.com\/blog\/?p=12385"},"modified":"2023-11-21T10:02:44","modified_gmt":"2023-11-21T08:02:44","slug":"estos-son-los-coches-electricos-mas-vendidos-en-2023","status":"publish","type":"post","link":"https:\/\/www.clicars.com\/blog\/coches-eco\/estos-son-los-coches-electricos-mas-vendidos-en-2023\/","title":{"rendered":"Estos son los coches el\u00e9ctricos m\u00e1s vendidos en 2023"},"content":{"rendered":"<p><span style=\"font-weight: 400;\">Poco a poco, el <\/span><b>coche el\u00e9ctrico <\/b><span style=\"font-weight: 400;\">est\u00e1 calando entre los clientes de todo el mundo, inclusive en <\/span><b>Espa\u00f1a<\/b><span style=\"font-weight: 400;\">, donde parece que vamos algo m\u00e1s rezagados comparativamente hablando con el resto del <\/span><i><span style=\"font-weight: 400;\">Viejo Continente<\/span><\/i><span style=\"font-weight: 400;\">. Desde enero y hasta el mes de octubre de este 2023, ya se han matriculado m\u00e1s de 42.000 coches el\u00e9ctricos en nuestro pa\u00eds, un 74 % m\u00e1s que en <\/span><a href=\"https:\/\/www.clicars.com\/blog\/comparativa\/los-diez-coches-electricos-mas-vendidos-de-2022\/\"><span style=\"font-weight: 400;\">2022<\/span><\/a><span style=\"font-weight: 400;\">, y logrando una participaci\u00f3n del 5 % en el parque automovil\u00edstico nacional.<\/span><\/p>\n<div id=\"ez-toc-container\" class=\"ez-toc-v2_0_80 counter-hierarchy ez-toc-counter ez-toc-light-blue ez-toc-container-direction\">\n<p class=\"ez-toc-title\" style=\"cursor:inherit\">\u00cdndice de contenidos<\/p>\n<label for=\"ez-toc-cssicon-toggle-item-69f43e9a793b7\" class=\"ez-toc-cssicon-toggle-label\"><span class=\"ez-toc-cssicon\"><span class=\"eztoc-hide\" style=\"display:none;\">Toggle<\/span><span class=\"ez-toc-icon-toggle-span\"><svg style=\"fill: #999;color:#999\" xmlns=\"http:\/\/www.w3.org\/2000\/svg\" class=\"list-377408\" width=\"20px\" height=\"20px\" viewBox=\"0 0 24 24\" fill=\"none\"><path d=\"M6 6H4v2h2V6zm14 0H8v2h12V6zM4 11h2v2H4v-2zm16 0H8v2h12v-2zM4 16h2v2H4v-2zm16 0H8v2h12v-2z\" fill=\"currentColor\"><\/path><\/svg><svg style=\"fill: #999;color:#999\" class=\"arrow-unsorted-368013\" xmlns=\"http:\/\/www.w3.org\/2000\/svg\" width=\"10px\" height=\"10px\" viewBox=\"0 0 24 24\" version=\"1.2\" baseProfile=\"tiny\"><path d=\"M18.2 9.3l-6.2-6.3-6.2 6.3c-.2.2-.3.4-.3.7s.1.5.3.7c.2.2.4.3.7.3h11c.3 0 .5-.1.7-.3.2-.2.3-.5.3-.7s-.1-.5-.3-.7zM5.8 14.7l6.2 6.3 6.2-6.3c.2-.2.3-.5.3-.7s-.1-.5-.3-.7c-.2-.2-.4-.3-.7-.3h-11c-.3 0-.5.1-.7.3-.2.2-.3.5-.3.7s.1.5.3.7z\"\/><\/svg><\/span><\/span><\/label><input type=\"checkbox\"  id=\"ez-toc-cssicon-toggle-item-69f43e9a793b7\"  aria-label=\"Alternar\" \/><nav><ul class='ez-toc-list ez-toc-list-level-1 ' ><li class='ez-toc-page-1 ez-toc-heading-level-2'><a class=\"ez-toc-link ez-toc-heading-1\" href=\"https:\/\/www.clicars.com\/blog\/coches-eco\/estos-son-los-coches-electricos-mas-vendidos-en-2023\/#%C2%BFCuales_son_los_coches_electricos_mas_vendidos_en_Espana_en_2023\" >\u00bfCu\u00e1les son los coches el\u00e9ctricos m\u00e1s vendidos en Espa\u00f1a en 2023?<\/a><ul class='ez-toc-list-level-3' ><li class='ez-toc-heading-level-3'><a class=\"ez-toc-link ez-toc-heading-2\" href=\"https:\/\/www.clicars.com\/blog\/coches-eco\/estos-son-los-coches-electricos-mas-vendidos-en-2023\/#Marcas_y_modelos_de_coches_electricos_mas_vendidos_en_octubre_2023\" >Marcas y modelos de coches el\u00e9ctricos m\u00e1s vendidos en octubre 2023<\/a><\/li><li class='ez-toc-page-1 ez-toc-heading-level-3'><a class=\"ez-toc-link ez-toc-heading-3\" href=\"https:\/\/www.clicars.com\/blog\/coches-eco\/estos-son-los-coches-electricos-mas-vendidos-en-2023\/#Marcas_y_modelos_de_coches_electricos_mas_vendidos_en_octubre_2023-2\" >Marcas y modelos de coches el\u00e9ctricos m\u00e1s vendidos en octubre 2023<\/a><\/li><\/ul><\/li><\/ul><\/nav><\/div>\n\n<p><span style=\"font-weight: 400;\">Solo durante el mes de octubre se han vendido m\u00e1s de 5.000 coches el\u00e9ctricos, el doble de los que encontraron nuevo due\u00f1o en el mismo periodo de 2022 y superando a las ventas de h\u00edbridos enchufables (PHEV). Y si sumamos las cifras de estos dos \u00faltimos (5.624 el\u00e9ctricos y 5.450 PHEV), vemos que <\/span><b>superan a los di\u00e9sel<\/b><span style=\"font-weight: 400;\"> (10.847), que otro mes m\u00e1s siguen perdiendo cuota de mercado. Algo tendr\u00e1 que ver la reducci\u00f3n de la oferta por parte de las marcas y la demonizaci\u00f3n hacia este combustible desde el esc\u00e1ndalo de emisiones de Volkswagen.<\/span><\/p>\n<p><span style=\"font-weight: 400;\">Mientras el di\u00e9sel encarna su lenta desaparici\u00f3n, <\/span><b>la gasolina crece en la sombra<\/b><span style=\"font-weight: 400;\">, pero son los h\u00edbridos (enchufables y no enchufables) los que cada vez est\u00e1n m\u00e1s presentes, y los el\u00e9ctricos puros los que m\u00e1s est\u00e1n llegando en abundancia para quedarse. Con los 5.329 ejemplares el\u00e9ctricos adjudicados el mes pasado (un 92,9 % m\u00e1s que en octubre de 2022), este tipo de motorizaci\u00f3n se posiciona con un 6,73 % del total de ventas, siendo el segundo mejor mes de todo el a\u00f1o. Aparentemente, este porcentaje no har\u00e1 m\u00e1s que incrementarse.<\/span><\/p>\n<p><i><span style=\"font-weight: 400;\">Aunque en el acumulado del a\u00f1o se han matriculado cerca de 100.000 veh\u00edculos electrificados, Espa\u00f1a no lograr\u00e1 su objetivo de 190.000 unidades de cara a 2023, a la cola de la UE<\/span><\/i><\/p>\n<p><span style=\"font-weight: 400;\">Todos los datos publicados han sido tomados de los informes de la <\/span><b>Asociaci\u00f3n Empresarial para el Desarrollo e Impulso de la Movilidad El\u00e9ctrica (AEDIVE) <\/b><span style=\"font-weight: 400;\">y los datos de la <\/span><b>Asociaci\u00f3n Nacional de Vendedores de Veh\u00edculos (GANVAM)<\/b><span style=\"font-weight: 400;\">. Ahora pasemos a ver la lista de los coches el\u00e9ctricos m\u00e1s populares en Espa\u00f1a hasta la fecha, donde podemos ver a un claro ganador incluso antes de finalizar el a\u00f1o. Sin embargo, el resto de fabricantes se han puesto las pilas y parece que ese liderazgo no ser\u00e1 f\u00e1cil de mantener de cara a los pr\u00f3ximos a\u00f1os.<\/span><\/p>\n<h2><span class=\"ez-toc-section\" id=\"%C2%BFCuales_son_los_coches_electricos_mas_vendidos_en_Espana_en_2023\"><\/span><span style=\"font-weight: 400;\">\u00bfCu\u00e1les son los coches el\u00e9ctricos m\u00e1s vendidos en Espa\u00f1a en 2023?<\/span><span class=\"ez-toc-section-end\"><\/span><\/h2>\n<p><span style=\"font-weight: 400;\">Una vez m\u00e1s, <\/span><b>Tesla <\/b><span style=\"font-weight: 400;\">sigue triunfando en Espa\u00f1a y en el resto del suelo europeo. Pero no solo en octubre (756 unidades), tambi\u00e9n a lo largo del a\u00f1o (9.005 Uds.). Gracias a la puesta en escena del <\/span><a href=\"https:\/\/www.clicars.com\/coches-segunda-mano-ocasion\/tesla\/model-y\"><span style=\"font-weight: 400;\">Model Y<\/span><\/a><span style=\"font-weight: 400;\"> fabricado en Alemania, sus ventas crecen exponencialmente. Aun as\u00ed, es el<\/span><a href=\"https:\/\/www.clicars.com\/coches-segunda-mano-ocasion\/tesla\/model-3\"><span style=\"font-weight: 400;\"> Model 3<\/span><\/a><span style=\"font-weight: 400;\"> quien reina este mes, en gran medida ayudado por los agresivos descuentos de la firma californiana y por la primera gran actualizaci\u00f3n de su berlina de acceso. En ya una lejana segunda y tercera posici\u00f3n, se colocan el <\/span><a href=\"https:\/\/www.clicars.com\/coches-segunda-mano-ocasion\/kia\/e-niro\"><span style=\"font-weight: 400;\">Kia e-Niro<\/span><\/a><span style=\"font-weight: 400;\"> y el smart #1, respectivamente.<\/span><\/p>\n<h3><span class=\"ez-toc-section\" id=\"Marcas_y_modelos_de_coches_electricos_mas_vendidos_en_octubre_2023\"><\/span><span style=\"font-weight: 400;\">Marcas y modelos de coches el\u00e9ctricos m\u00e1s vendidos en octubre 2023<\/span><span class=\"ez-toc-section-end\"><\/span><\/h3>\n<ol>\n<li style=\"font-weight: 400;\" aria-level=\"1\"><span style=\"font-weight: 400;\">Tesla Model 3<\/span> <span style=\"font-weight: 400;\">624 unidades<\/span><\/li>\n<li style=\"font-weight: 400;\" aria-level=\"1\"><span style=\"font-weight: 400;\">Kia e-Niro<\/span> <span style=\"font-weight: 400;\">354 unidades<\/span><\/li>\n<li style=\"font-weight: 400;\" aria-level=\"1\"><span style=\"font-weight: 400;\">smart #1 <\/span> <span style=\"font-weight: 400;\">266 unidades<\/span><\/li>\n<li style=\"font-weight: 400;\" aria-level=\"1\"><span style=\"font-weight: 400;\">MG MG4 <\/span> <span style=\"font-weight: 400;\">255 unidades<\/span><\/li>\n<li style=\"font-weight: 400;\" aria-level=\"1\"><span style=\"font-weight: 400;\">CUPRA Born <\/span> <span style=\"font-weight: 400;\">235 unidades<\/span><\/li>\n<li style=\"font-weight: 400;\" aria-level=\"1\"><span style=\"font-weight: 400;\">Mercedes-Benz EQA <\/span> <span style=\"font-weight: 400;\">209 unidades<\/span><\/li>\n<li style=\"font-weight: 400;\" aria-level=\"1\"><span style=\"font-weight: 400;\">Dacia Spring <\/span> <span style=\"font-weight: 400;\">197 unidades<\/span><\/li>\n<li style=\"font-weight: 400;\" aria-level=\"1\"><span style=\"font-weight: 400;\">Volkswagen ID.4<\/span> <span style=\"font-weight: 400;\">189 unidades<\/span><\/li>\n<li style=\"font-weight: 400;\" aria-level=\"1\"><span style=\"font-weight: 400;\">KIA EV6 <\/span> <span style=\"font-weight: 400;\">182 unidades<\/span><\/li>\n<li style=\"font-weight: 400;\" aria-level=\"1\"><span style=\"font-weight: 400;\">Audi Q4 e-tron <\/span> <span style=\"font-weight: 400;\">176 unidades<\/span><\/li>\n<\/ol>\n<p><img loading=\"lazy\" decoding=\"async\" class=\"aligncenter size-full wp-image-12387\" src=\"https:\/\/www.clicars.com\/blog\/wp-content\/uploads\/2023\/11\/top-10-coches-electricos-mas-vendidos.jpg\" alt=\"top 10 coches el\u00e9ctricos m\u00e1s vendidos\" width=\"800\" height=\"600\" \/><\/p>\n<p><span style=\"font-weight: 400;\">En cuanto a los <\/span><b>coches el\u00e9ctricos m\u00e1s vendidos a lo largo de todo el a\u00f1o<\/b><span style=\"font-weight: 400;\">, el rey indiscutible aqu\u00ed es el Model Y de Tesla (5.095 unidades). Sin sorpresa para nadie, la medalla de plata es para el Model 3 (3.635). Lo que s\u00ed es una sorpresa es el cierre del<\/span><i><span style=\"font-weight: 400;\"> top 3<\/span><\/i><span style=\"font-weight: 400;\">, el <\/span><b>MG MG4<\/b><span style=\"font-weight: 400;\">. Este SUV compacto enfocado a la jungla urbana ya se convirti\u00f3 en el turismo el\u00e9ctrico con m\u00e1s adeptos en Espa\u00f1a en abril, y aunque ha perdido algo de terreno con los modelos compactos de Elon Musk, sus ventas no han hecho m\u00e1s que crecer exponencialmente.\u00a0<\/span><\/p>\n<h3><span class=\"ez-toc-section\" id=\"Marcas_y_modelos_de_coches_electricos_mas_vendidos_en_octubre_2023-2\"><\/span><span style=\"font-weight: 400;\">Marcas y modelos de coches el\u00e9ctricos m\u00e1s vendidos en octubre 2023<\/span><span class=\"ez-toc-section-end\"><\/span><\/h3>\n<ol>\n<li style=\"font-weight: 400;\" aria-level=\"1\"><span style=\"font-weight: 400;\">Tesla Model Y <\/span> <span style=\"font-weight: 400;\">5.095 unidades<\/span><\/li>\n<li style=\"font-weight: 400;\" aria-level=\"1\"><span style=\"font-weight: 400;\">Tesla Model 3 <\/span> <span style=\"font-weight: 400;\">3.635 unidades<\/span><\/li>\n<li style=\"font-weight: 400;\" aria-level=\"1\"><span style=\"font-weight: 400;\">MG MG4 <\/span> <span style=\"font-weight: 400;\">2.692 unidades<\/span><\/li>\n<li style=\"font-weight: 400;\" aria-level=\"1\"><span style=\"font-weight: 400;\">FIAT 500 <\/span> <span style=\"font-weight: 400;\">1.772 unidades<\/span><\/li>\n<li style=\"font-weight: 400;\" aria-level=\"1\"><span style=\"font-weight: 400;\">Dacia Spring <\/span> <span style=\"font-weight: 400;\">1.674 unidades<\/span><\/li>\n<li style=\"font-weight: 400;\" aria-level=\"1\"><span style=\"font-weight: 400;\">Audi Q4 e-tron <\/span> <span style=\"font-weight: 400;\">1.317 unidades<\/span><\/li>\n<li style=\"font-weight: 400;\" aria-level=\"1\"><span style=\"font-weight: 400;\">KIA e-Niro <\/span> <span style=\"font-weight: 400;\">1.200 unidades<\/span><\/li>\n<li style=\"font-weight: 400;\" aria-level=\"1\"><span style=\"font-weight: 400;\">Citro\u00ebn C4 X <\/span> <span style=\"font-weight: 400;\">1.092 unidades<\/span><\/li>\n<li style=\"font-weight: 400;\" aria-level=\"1\"><span style=\"font-weight: 400;\">CUPRA Born <\/span> <span style=\"font-weight: 400;\">1.037 unidades<\/span><\/li>\n<li style=\"font-weight: 400;\" aria-level=\"1\"><span style=\"font-weight: 400;\">Volkswagen ID.4 <\/span> <span style=\"font-weight: 400;\">1.023 unidades<\/span><\/li>\n<\/ol>\n<p><span style=\"font-weight: 400;\">Si est\u00e1s buscando un coche el\u00e9ctrico usado a buen precio, ya sabes cu\u00e1les ser\u00e1n los m\u00e1s f\u00e1ciles de encontrar. Y a m\u00e1s unidades, m\u00e1s probabilidades de obtener un precio competitivo en el mercado de ocasi\u00f3n. Por eso en <\/span><a href=\"https:\/\/www.clicars.com\/\"><i><span style=\"font-weight: 400;\">Clicars<\/span><\/i><\/a><span style=\"font-weight: 400;\"> tenemos una selecci\u00f3n de coches el\u00e9ctricos cada vez m\u00e1s amplia, una apta para cada bolsillo y persona.<\/span><\/p>\n","protected":false},"excerpt":{"rendered":"<p>Poco a poco, el coche el\u00e9ctrico est\u00e1 calando entre los clientes de todo el mundo,&#8230;<\/p>\n","protected":false},"author":2,"featured_media":12386,"comment_status":"closed","ping_status":"closed","sticky":false,"template":"","format":"standard","meta":{"footnotes":""},"categories":[828],"tags":[],"class_list":{"0":"post-12385","1":"post","2":"type-post","3":"status-publish","4":"format-standard","5":"has-post-thumbnail","7":"category-coches-eco"},"yoast_head":"<!-- This site is optimized with the Yoast SEO plugin v26.8 - https:\/\/yoast.com\/product\/yoast-seo-wordpress\/ -->\n<title>Los coches el\u00e9ctricos m\u00e1s vendidos en 2023 - Clicars Blog<\/title>\n<meta name=\"description\" content=\"\u25b7 \u00bfSabes cu\u00e1les son los coches el\u00e9ctricos m\u00e1s vendidos en lo que va de 2023? \u00a1Te lo contamos en este post!\" \/>\n<meta name=\"robots\" content=\"index, follow, max-snippet:-1, max-image-preview:large, max-video-preview:-1\" \/>\n<link rel=\"canonical\" href=\"https:\/\/www.clicars.com\/blog\/coches-eco\/estos-son-los-coches-electricos-mas-vendidos-en-2023\/\" \/>\n<meta property=\"og:locale\" content=\"es_ES\" \/>\n<meta property=\"og:type\" content=\"article\" \/>\n<meta property=\"og:title\" content=\"Los coches el\u00e9ctricos m\u00e1s vendidos en 2023 - Clicars Blog\" \/>\n<meta property=\"og:description\" content=\"\u25b7 \u00bfSabes cu\u00e1les son los coches el\u00e9ctricos m\u00e1s vendidos en lo que va de 2023? \u00a1Te lo contamos en este post!\" \/>\n<meta property=\"og:url\" content=\"https:\/\/www.clicars.com\/blog\/coches-eco\/estos-son-los-coches-electricos-mas-vendidos-en-2023\/\" \/>\n<meta property=\"og:site_name\" content=\"Clicars\" \/>\n<meta property=\"article:published_time\" content=\"2023-11-21T08:02:44+00:00\" \/>\n<meta property=\"og:image\" content=\"https:\/\/www.clicars.com\/blog\/wp-content\/uploads\/2023\/11\/coches-electricos-mas-vendidos-de-2023.jpg\" \/>\n\t<meta property=\"og:image:width\" content=\"800\" \/>\n\t<meta property=\"og:image:height\" content=\"600\" \/>\n\t<meta property=\"og:image:type\" content=\"image\/jpeg\" \/>\n<meta name=\"author\" content=\"Clicars\" \/>\n<meta name=\"twitter:card\" content=\"summary_large_image\" \/>\n<meta name=\"twitter:label1\" content=\"Escrito por\" \/>\n\t<meta name=\"twitter:data1\" content=\"Clicars\" \/>\n\t<meta name=\"twitter:label2\" content=\"Tiempo de lectura\" \/>\n\t<meta name=\"twitter:data2\" content=\"4 minutos\" \/>\n<script type=\"application\/ld+json\" class=\"yoast-schema-graph\">{\"@context\":\"https:\/\/schema.org\",\"@graph\":[{\"@type\":\"Article\",\"@id\":\"https:\/\/www.clicars.com\/blog\/coches-eco\/estos-son-los-coches-electricos-mas-vendidos-en-2023\/#article\",\"isPartOf\":{\"@id\":\"https:\/\/www.clicars.com\/blog\/coches-eco\/estos-son-los-coches-electricos-mas-vendidos-en-2023\/\"},\"author\":{\"name\":\"Clicars\",\"@id\":\"https:\/\/www.clicars.com\/blog\/#\/schema\/person\/af686c41ba96962c68871392bf2bb62d\"},\"headline\":\"Estos son los coches el\u00e9ctricos m\u00e1s vendidos en 2023\",\"datePublished\":\"2023-11-21T08:02:44+00:00\",\"mainEntityOfPage\":{\"@id\":\"https:\/\/www.clicars.com\/blog\/coches-eco\/estos-son-los-coches-electricos-mas-vendidos-en-2023\/\"},\"wordCount\":792,\"image\":{\"@id\":\"https:\/\/www.clicars.com\/blog\/coches-eco\/estos-son-los-coches-electricos-mas-vendidos-en-2023\/#primaryimage\"},\"thumbnailUrl\":\"https:\/\/www.clicars.com\/blog\/wp-content\/uploads\/2023\/11\/coches-electricos-mas-vendidos-de-2023.jpg\",\"articleSection\":[\"Coches ECO\"],\"inLanguage\":\"es\"},{\"@type\":[\"WebPage\",\"ItemPage\"],\"@id\":\"https:\/\/www.clicars.com\/blog\/coches-eco\/estos-son-los-coches-electricos-mas-vendidos-en-2023\/\",\"url\":\"https:\/\/www.clicars.com\/blog\/coches-eco\/estos-son-los-coches-electricos-mas-vendidos-en-2023\/\",\"name\":\"Los coches el\u00e9ctricos m\u00e1s vendidos en 2023 - Clicars Blog\",\"isPartOf\":{\"@id\":\"https:\/\/www.clicars.com\/blog\/#website\"},\"primaryImageOfPage\":{\"@id\":\"https:\/\/www.clicars.com\/blog\/coches-eco\/estos-son-los-coches-electricos-mas-vendidos-en-2023\/#primaryimage\"},\"image\":{\"@id\":\"https:\/\/www.clicars.com\/blog\/coches-eco\/estos-son-los-coches-electricos-mas-vendidos-en-2023\/#primaryimage\"},\"thumbnailUrl\":\"https:\/\/www.clicars.com\/blog\/wp-content\/uploads\/2023\/11\/coches-electricos-mas-vendidos-de-2023.jpg\",\"datePublished\":\"2023-11-21T08:02:44+00:00\",\"author\":{\"@id\":\"https:\/\/www.clicars.com\/blog\/#\/schema\/person\/af686c41ba96962c68871392bf2bb62d\"},\"description\":\"\u25b7 \u00bfSabes cu\u00e1les son los coches el\u00e9ctricos m\u00e1s vendidos en lo que va de 2023? \u00a1Te lo contamos en este post!\",\"breadcrumb\":{\"@id\":\"https:\/\/www.clicars.com\/blog\/coches-eco\/estos-son-los-coches-electricos-mas-vendidos-en-2023\/#breadcrumb\"},\"inLanguage\":\"es\",\"potentialAction\":[{\"@type\":\"ReadAction\",\"target\":[\"https:\/\/www.clicars.com\/blog\/coches-eco\/estos-son-los-coches-electricos-mas-vendidos-en-2023\/\"]}]},{\"@type\":\"ImageObject\",\"inLanguage\":\"es\",\"@id\":\"https:\/\/www.clicars.com\/blog\/coches-eco\/estos-son-los-coches-electricos-mas-vendidos-en-2023\/#primaryimage\",\"url\":\"https:\/\/www.clicars.com\/blog\/wp-content\/uploads\/2023\/11\/coches-electricos-mas-vendidos-de-2023.jpg\",\"contentUrl\":\"https:\/\/www.clicars.com\/blog\/wp-content\/uploads\/2023\/11\/coches-electricos-mas-vendidos-de-2023.jpg\",\"width\":800,\"height\":600,\"caption\":\"coches el\u00e9ctricos m\u00e1s vendidos de 2023\"},{\"@type\":\"BreadcrumbList\",\"@id\":\"https:\/\/www.clicars.com\/blog\/coches-eco\/estos-son-los-coches-electricos-mas-vendidos-en-2023\/#breadcrumb\",\"itemListElement\":[{\"@type\":\"ListItem\",\"position\":1,\"name\":\"Portada\",\"item\":\"https:\/\/www.clicars.com\/blog\/\"},{\"@type\":\"ListItem\",\"position\":2,\"name\":\"Estos son los coches el\u00e9ctricos m\u00e1s vendidos en 2023\"}]},{\"@type\":\"WebSite\",\"@id\":\"https:\/\/www.clicars.com\/blog\/#website\",\"url\":\"https:\/\/www.clicars.com\/blog\/\",\"name\":\"Clicars\",\"description\":\"Compra tu coche de Buena Mano sin moverte de casa\",\"inLanguage\":\"es\"},{\"@type\":\"Person\",\"@id\":\"https:\/\/www.clicars.com\/blog\/#\/schema\/person\/af686c41ba96962c68871392bf2bb62d\",\"name\":\"Clicars\",\"image\":{\"@type\":\"ImageObject\",\"inLanguage\":\"es\",\"@id\":\"https:\/\/www.clicars.com\/blog\/#\/schema\/person\/image\/\",\"url\":\"https:\/\/secure.gravatar.com\/avatar\/3100622b0023049db14165cdba9dadaa9159743b871e83e440a0df9a70f80e56?s=96&d=mm&r=g\",\"contentUrl\":\"https:\/\/secure.gravatar.com\/avatar\/3100622b0023049db14165cdba9dadaa9159743b871e83e440a0df9a70f80e56?s=96&d=mm&r=g\",\"caption\":\"Clicars\"},\"sameAs\":[\"https:\/\/www.clicars.com\"],\"url\":\"https:\/\/www.clicars.com\/blog\/author\/clicars\/\"}]}<\/script>\n<!-- \/ Yoast SEO plugin. -->","yoast_head_json":{"title":"Los coches el\u00e9ctricos m\u00e1s vendidos en 2023 - Clicars Blog","description":"\u25b7 \u00bfSabes cu\u00e1les son los coches el\u00e9ctricos m\u00e1s vendidos en lo que va de 2023? \u00a1Te lo contamos en este post!","robots":{"index":"index","follow":"follow","max-snippet":"max-snippet:-1","max-image-preview":"max-image-preview:large","max-video-preview":"max-video-preview:-1"},"canonical":"https:\/\/www.clicars.com\/blog\/coches-eco\/estos-son-los-coches-electricos-mas-vendidos-en-2023\/","og_locale":"es_ES","og_type":"article","og_title":"Los coches el\u00e9ctricos m\u00e1s vendidos en 2023 - Clicars Blog","og_description":"\u25b7 \u00bfSabes cu\u00e1les son los coches el\u00e9ctricos m\u00e1s vendidos en lo que va de 2023? \u00a1Te lo contamos en este post!","og_url":"https:\/\/www.clicars.com\/blog\/coches-eco\/estos-son-los-coches-electricos-mas-vendidos-en-2023\/","og_site_name":"Clicars","article_published_time":"2023-11-21T08:02:44+00:00","og_image":[{"width":800,"height":600,"url":"https:\/\/www.clicars.com\/blog\/wp-content\/uploads\/2023\/11\/coches-electricos-mas-vendidos-de-2023.jpg","type":"image\/jpeg"}],"author":"Clicars","twitter_card":"summary_large_image","twitter_misc":{"Escrito por":"Clicars","Tiempo de lectura":"4 minutos"},"schema":{"@context":"https:\/\/schema.org","@graph":[{"@type":"Article","@id":"https:\/\/www.clicars.com\/blog\/coches-eco\/estos-son-los-coches-electricos-mas-vendidos-en-2023\/#article","isPartOf":{"@id":"https:\/\/www.clicars.com\/blog\/coches-eco\/estos-son-los-coches-electricos-mas-vendidos-en-2023\/"},"author":{"name":"Clicars","@id":"https:\/\/www.clicars.com\/blog\/#\/schema\/person\/af686c41ba96962c68871392bf2bb62d"},"headline":"Estos son los coches el\u00e9ctricos m\u00e1s vendidos en 2023","datePublished":"2023-11-21T08:02:44+00:00","mainEntityOfPage":{"@id":"https:\/\/www.clicars.com\/blog\/coches-eco\/estos-son-los-coches-electricos-mas-vendidos-en-2023\/"},"wordCount":792,"image":{"@id":"https:\/\/www.clicars.com\/blog\/coches-eco\/estos-son-los-coches-electricos-mas-vendidos-en-2023\/#primaryimage"},"thumbnailUrl":"https:\/\/www.clicars.com\/blog\/wp-content\/uploads\/2023\/11\/coches-electricos-mas-vendidos-de-2023.jpg","articleSection":["Coches ECO"],"inLanguage":"es"},{"@type":["WebPage","ItemPage"],"@id":"https:\/\/www.clicars.com\/blog\/coches-eco\/estos-son-los-coches-electricos-mas-vendidos-en-2023\/","url":"https:\/\/www.clicars.com\/blog\/coches-eco\/estos-son-los-coches-electricos-mas-vendidos-en-2023\/","name":"Los coches el\u00e9ctricos m\u00e1s vendidos en 2023 - Clicars Blog","isPartOf":{"@id":"https:\/\/www.clicars.com\/blog\/#website"},"primaryImageOfPage":{"@id":"https:\/\/www.clicars.com\/blog\/coches-eco\/estos-son-los-coches-electricos-mas-vendidos-en-2023\/#primaryimage"},"image":{"@id":"https:\/\/www.clicars.com\/blog\/coches-eco\/estos-son-los-coches-electricos-mas-vendidos-en-2023\/#primaryimage"},"thumbnailUrl":"https:\/\/www.clicars.com\/blog\/wp-content\/uploads\/2023\/11\/coches-electricos-mas-vendidos-de-2023.jpg","datePublished":"2023-11-21T08:02:44+00:00","author":{"@id":"https:\/\/www.clicars.com\/blog\/#\/schema\/person\/af686c41ba96962c68871392bf2bb62d"},"description":"\u25b7 \u00bfSabes cu\u00e1les son los coches el\u00e9ctricos m\u00e1s vendidos en lo que va de 2023? \u00a1Te lo contamos en este post!","breadcrumb":{"@id":"https:\/\/www.clicars.com\/blog\/coches-eco\/estos-son-los-coches-electricos-mas-vendidos-en-2023\/#breadcrumb"},"inLanguage":"es","potentialAction":[{"@type":"ReadAction","target":["https:\/\/www.clicars.com\/blog\/coches-eco\/estos-son-los-coches-electricos-mas-vendidos-en-2023\/"]}]},{"@type":"ImageObject","inLanguage":"es","@id":"https:\/\/www.clicars.com\/blog\/coches-eco\/estos-son-los-coches-electricos-mas-vendidos-en-2023\/#primaryimage","url":"https:\/\/www.clicars.com\/blog\/wp-content\/uploads\/2023\/11\/coches-electricos-mas-vendidos-de-2023.jpg","contentUrl":"https:\/\/www.clicars.com\/blog\/wp-content\/uploads\/2023\/11\/coches-electricos-mas-vendidos-de-2023.jpg","width":800,"height":600,"caption":"coches el\u00e9ctricos m\u00e1s vendidos de 2023"},{"@type":"BreadcrumbList","@id":"https:\/\/www.clicars.com\/blog\/coches-eco\/estos-son-los-coches-electricos-mas-vendidos-en-2023\/#breadcrumb","itemListElement":[{"@type":"ListItem","position":1,"name":"Portada","item":"https:\/\/www.clicars.com\/blog\/"},{"@type":"ListItem","position":2,"name":"Estos son los coches el\u00e9ctricos m\u00e1s vendidos en 2023"}]},{"@type":"WebSite","@id":"https:\/\/www.clicars.com\/blog\/#website","url":"https:\/\/www.clicars.com\/blog\/","name":"Clicars","description":"Compra tu coche de Buena Mano sin moverte de casa","inLanguage":"es"},{"@type":"Person","@id":"https:\/\/www.clicars.com\/blog\/#\/schema\/person\/af686c41ba96962c68871392bf2bb62d","name":"Clicars","image":{"@type":"ImageObject","inLanguage":"es","@id":"https:\/\/www.clicars.com\/blog\/#\/schema\/person\/image\/","url":"https:\/\/secure.gravatar.com\/avatar\/3100622b0023049db14165cdba9dadaa9159743b871e83e440a0df9a70f80e56?s=96&d=mm&r=g","contentUrl":"https:\/\/secure.gravatar.com\/avatar\/3100622b0023049db14165cdba9dadaa9159743b871e83e440a0df9a70f80e56?s=96&d=mm&r=g","caption":"Clicars"},"sameAs":["https:\/\/www.clicars.com"],"url":"https:\/\/www.clicars.com\/blog\/author\/clicars\/"}]}},"_links":{"self":[{"href":"https:\/\/www.clicars.com\/blog\/wp-json\/wp\/v2\/posts\/12385","targetHints":{"allow":["GET"]}}],"collection":[{"href":"https:\/\/www.clicars.com\/blog\/wp-json\/wp\/v2\/posts"}],"about":[{"href":"https:\/\/www.clicars.com\/blog\/wp-json\/wp\/v2\/types\/post"}],"author":[{"embeddable":true,"href":"https:\/\/www.clicars.com\/blog\/wp-json\/wp\/v2\/users\/2"}],"replies":[{"embeddable":true,"href":"https:\/\/www.clicars.com\/blog\/wp-json\/wp\/v2\/comments?post=12385"}],"version-history":[{"count":1,"href":"https:\/\/www.clicars.com\/blog\/wp-json\/wp\/v2\/posts\/12385\/revisions"}],"predecessor-version":[{"id":12388,"href":"https:\/\/www.clicars.com\/blog\/wp-json\/wp\/v2\/posts\/12385\/revisions\/12388"}],"wp:featuredmedia":[{"embeddable":true,"href":"https:\/\/www.clicars.com\/blog\/wp-json\/wp\/v2\/media\/12386"}],"wp:attachment":[{"href":"https:\/\/www.clicars.com\/blog\/wp-json\/wp\/v2\/media?parent=12385"}],"wp:term":[{"taxonomy":"category","embeddable":true,"href":"https:\/\/www.clicars.com\/blog\/wp-json\/wp\/v2\/categories?post=12385"},{"taxonomy":"post_tag","embeddable":true,"href":"https:\/\/www.clicars.com\/blog\/wp-json\/wp\/v2\/tags?post=12385"}],"curies":[{"name":"wp","href":"https:\/\/api.w.org\/{rel}","templated":true}]}}