{"id":12409,"date":"2023-12-01T11:18:07","date_gmt":"2023-12-01T09:18:07","guid":{"rendered":"https:\/\/www.clicars.com\/blog\/?p=12409"},"modified":"2023-12-01T11:18:07","modified_gmt":"2023-12-01T09:18:07","slug":"las-ayudas-para-los-coches-electricos-se-amplian-hasta-julio-de-2024","status":"publish","type":"post","link":"https:\/\/www.clicars.com\/blog\/actualidad\/las-ayudas-para-los-coches-electricos-se-amplian-hasta-julio-de-2024\/","title":{"rendered":"Las ayudas para los coches el\u00e9ctricos se ampl\u00edan hasta julio de 2024"},"content":{"rendered":"<p><span style=\"font-weight: 400;\">En un emocionante paso hacia un futuro m\u00e1s sostenible, <\/span><b>el Gobierno ha anunciado la ampliaci\u00f3n de las ayudas del Plan Moves III hasta el 31 de julio de 2024. <\/b><span style=\"font-weight: 400;\">Eso quiere decir que los <\/span><b>coches 100% el\u00e9ctricos e h\u00edbridos enchufables <\/b><span style=\"font-weight: 400;\">podr\u00e1n beneficiarse hasta esa fecha de los beneficios fiscales que ofrec\u00eda un programa que acababa de manera inicial en este mismo a\u00f1o. La decisi\u00f3n del Ejecutivo refleja el compromiso continuo por fomentar la adopci\u00f3n de los veh\u00edculos alternativos a los motores de combusti\u00f3n tradicional y en la actualidad, de los<\/span><b> 1.200 millones de euros <\/b><span style=\"font-weight: 400;\">con los que ha sido dotado el programa tras sucesivas ampliaciones, la buena noticia para los usuarios que est\u00e1n pensando en dar el paso es que<\/span><b> todav\u00eda hay 300 millones disponibles.\u00a0<\/b><\/p>\n<p><span style=\"font-weight: 400;\">La extensi\u00f3n de las ayudas fue tomada por el Consejo de Ministros que, sin embargo, en un principio no ten\u00eda la capacidad para modificar las concesiones de esas ayudas. Sobre todo porque a pesar de anunciar la ampliaci\u00f3n, no han sido capaces de reaccionar a las cr\u00edticas sobre un modelo de concesiones (que gestionan las CCAA y que luego hay que declarar en el IRPF) en el que<\/span><b> el descuento no se aplica de manera directa<\/b><span style=\"font-weight: 400;\"> en el momento en el que se realiza la compra. De hecho<\/span><b>, la espera est\u00e1 estimada en varios meses<\/b><span style=\"font-weight: 400;\"> (entre 18 y dos a\u00f1os), aunque al fin y al cabo lo m\u00e1s importante es que los consumidores vean estos beneficios fiscales como<\/span><b> un impulso adicional para hacer la transici\u00f3n<\/b><span style=\"font-weight: 400;\">. Aunque eso no significa que desde el Gobierno no sean conscientes de los aspectos que deben mejorar.<\/span><\/p>\n<p><span style=\"font-weight: 400;\">\u201cSomos conscientes de que<\/span><b> el Plan Moves tiene sus fortalezas y sus debilidades\u201d, <\/b><span style=\"font-weight: 400;\">comentaba H\u00e9ctor G\u00f3mez, el todav\u00eda ministro en funciones de <\/span><span style=\"font-weight: 400;\">Industria, Turismo y Comercio el pasado mes de octubre. El funcionario se comprometi\u00f3 a<\/span><b> modificar esa condici\u00f3n<\/b><span style=\"font-weight: 400;\"> en un futuro pr\u00f3ximo, que no coincide con el anuncio de la ampliaci\u00f3n. \u201cFlexibilizar la ayuda para que se cobre cuando se compra el veh\u00edculo es un paso que vamos a dar, ese es el compromiso\u201d, recalc\u00f3 entonces, <\/span><span style=\"font-weight: 400;\">sobre una idea que deber\u00e1 seguir esperando todav\u00eda un poco m\u00e1s. Al fin y al cabo,<\/span><b> la prioridad es que la compra de un coche el\u00e9ctrico o h\u00edbrido enchufable sea m\u00e1s asequible,<\/b><span style=\"font-weight: 400;\"> sin importar demasiado en qu\u00e9 momento lo note el comprador en su bolsillo.<\/span><\/p>\n\n<h2><span style=\"font-weight: 400;\">El Plan Moves recibe 250.000 solicitudes<\/span><\/h2>\n<p><span style=\"font-weight: 400;\">Seg\u00fan la nota que se hizo p\u00fablica desde Industria, la prolongaci\u00f3n que han aprobado permitir\u00e1 que las ayudas lleguen en vigor hasta el periodo estival, que es cuando en Espa\u00f1a se registra el pico anual de ventas dentro del mercado automovil\u00edstico. A pesar de que evitan hacer estimaciones, desde el Ejecutivo s\u00ed informan de <\/span><b>las solicitudes que ha recibido el Plan Moves III<\/b><span style=\"font-weight: 400;\"> desde que se puso en marcha y en total, son<\/span><b> 250.000 peticiones de ayuda efectivas <\/b><span style=\"font-weight: 400;\">para la compra de veh\u00edculos el\u00e9ctricos que en consecuencia, van acompa\u00f1adas de la instalaci\u00f3n de los puntos de recarga. De hecho, fuera del \u00e1mbito privado, <\/span><b>se espera que la inversi\u00f3n en infraestructuras de recarga tambi\u00e9n se beneficie de la ampliaci\u00f3n de estas ayudas.<\/b><span style=\"font-weight: 400;\">\u00a0<\/span><\/p>\n<p><span style=\"font-weight: 400;\">La expansi\u00f3n de <\/span><b>estaciones de carga r\u00e1pida y puntos de carga <\/b><span style=\"font-weight: 400;\">en todo el pa\u00eds es esencial para abordar las preocupaciones de la autonom\u00eda y facilitar la transici\u00f3n hacia los veh\u00edculos el\u00e9ctricos. Tanto, que las cifras tambi\u00e9n evidencian c\u00f3mo las matriculaciones de veh\u00edculos el\u00e9ctricos e h\u00edbridos enchufables todav\u00eda no est\u00e1n cerca de los vol\u00famenes que presentan otros pa\u00edses europeos.\u00a0<\/span><\/p>\n<p><span style=\"font-weight: 400;\">Ese \u00faltimo detalle fue destacado por<\/span><b> Anfac, <\/b><span style=\"font-weight: 400;\">la patronal de los fabricantes espa\u00f1oles de veh\u00edculos. Tras conocer la ampliaci\u00f3n de las ayudas, el organismo valor\u00f3 \u201cmuy positivamente\u201d una medida que hab\u00edan pedido al Ejecutivo con una intenci\u00f3n muy clara: \u201cEvitar paralizar las ventas de coches el\u00e9ctricos, pues<\/span><b> es clave que los planes de ayuda a la compra tengan continuidad\u201d<\/b><span style=\"font-weight: 400;\">. Desde la asociaci\u00f3n creen que \u201cla pr\u00f3rroga permite continuar trabajando con las Administraciones para mejorar la eficacia de los futuros planes y, especialmente, <\/span><b>conseguir que las ayudas se cobren en el momento de la compra\u201d. <\/b><span style=\"font-weight: 400;\">Un detalle fundamental \u201cque dar\u00eda un empuj\u00f3n a esas matriculaciones\u201d donde Espa\u00f1a se encuentra a la zaga.\u00a0<\/span><\/p>\n<h2><span style=\"font-weight: 400;\">Casi la mitad de matriculaciones que en Europa<\/span><\/h2>\n<p><span style=\"font-weight: 400;\">La extensi\u00f3n de las ayudas ofrece a los conductores<\/span><b> una motivaci\u00f3n adicional <\/b><span style=\"font-weight: 400;\">para dejar atr\u00e1s los veh\u00edculos de combusti\u00f3n interna y abrazar la movilidad el\u00e9ctrica. Esta transici\u00f3n es <\/span><b>esencial para alcanzar los objetivos de sostenibilidad a largo plazo, <\/b><span style=\"font-weight: 400;\">pero todav\u00eda queda trabajo por hacer. Las cifras son evidentes y es cierto que la inclusi\u00f3n de los veh\u00edculos electrificados no deja de crecer, pues ya supone<\/span><b> un 12% de las ventas totales <\/b><span style=\"font-weight: 400;\">de nuevos turismos en este a\u00f1o. Pero el porcentaje contin\u00faa estando muy por detr\u00e1s de<\/span><b> la media europea, que se sit\u00faa en un 21%. <\/b><span style=\"font-weight: 400;\">De ah\u00ed que el Ejecutivo aprobase<\/span><b> una desgravaci\u00f3n del 15% del IRPF<\/b><span style=\"font-weight: 400;\"> para la adquisici\u00f3n de este tipo de coches (sobre un m\u00e1ximo de 20.000 euros) que estar\u00e1 en vigor hasta el 31 de diciembre de 2024.\u00a0<\/span><\/p>\n<p><span style=\"font-weight: 400;\">Todas las medidas dejan sobre relieve<\/span><b> un futuro evidente al que se quiere llegar.<\/b><span style=\"font-weight: 400;\"> La ampliaci\u00f3n de las ayudas a los coches el\u00e9ctricos hasta julio de 2024 marca un hito significativo en el camino hacia la movilidad sostenible y a medida que los conductores aprovechen estos incentivos, la circulaci\u00f3n libre de emisiones se asentar\u00e1 en las carreteras. Al fin y al cabo,<\/span><b> el futuro de la movilidad el\u00e9ctrica est\u00e1 m\u00e1s presente que nunca.\u00a0<\/b><\/p>\n<p>Si lo que buscas es un coche eco a buen precio, en Clicars tienes un amplio stock de <a href=\"https:\/\/www.clicars.com\/coches-segunda-mano-ocasion\/eco\">coches eco<\/a> al mejor precio garantizado. No lo dejes pasar y empieza a ahorrar ya comprando tu nuevo coche.<\/p>\n","protected":false},"excerpt":{"rendered":"<p>En un emocionante paso hacia un futuro m\u00e1s sostenible, el Gobierno ha anunciado la ampliaci\u00f3n&#8230;<\/p>\n","protected":false},"author":2,"featured_media":12410,"comment_status":"closed","ping_status":"closed","sticky":false,"template":"","format":"standard","meta":{"footnotes":""},"categories":[5],"tags":[],"class_list":{"0":"post-12409","1":"post","2":"type-post","3":"status-publish","4":"format-standard","5":"has-post-thumbnail","7":"category-actualidad"},"yoast_head":"<!-- This site is optimized with the Yoast SEO plugin v26.8 - https:\/\/yoast.com\/product\/yoast-seo-wordpress\/ -->\n<title>Las ayudas para los coches el\u00e9ctricos se ampl\u00edan hasta julio de 2024 - Clicars Blog<\/title>\n<meta name=\"description\" content=\"\u25b7 El Plan Moves III realiza una ampliaci\u00f3n hasta julio de 2024. \u00bfQuieres saberlo todo acerca de este plan? No te lo pierdas.\" \/>\n<meta name=\"robots\" content=\"index, follow, max-snippet:-1, max-image-preview:large, max-video-preview:-1\" \/>\n<link rel=\"canonical\" href=\"https:\/\/www.clicars.com\/blog\/actualidad\/las-ayudas-para-los-coches-electricos-se-amplian-hasta-julio-de-2024\/\" \/>\n<meta property=\"og:locale\" content=\"es_ES\" \/>\n<meta property=\"og:type\" content=\"article\" \/>\n<meta property=\"og:title\" content=\"Las ayudas para los coches el\u00e9ctricos se ampl\u00edan hasta julio de 2024 - Clicars Blog\" \/>\n<meta property=\"og:description\" content=\"\u25b7 El Plan Moves III realiza una ampliaci\u00f3n hasta julio de 2024. \u00bfQuieres saberlo todo acerca de este plan? No te lo pierdas.\" \/>\n<meta property=\"og:url\" content=\"https:\/\/www.clicars.com\/blog\/actualidad\/las-ayudas-para-los-coches-electricos-se-amplian-hasta-julio-de-2024\/\" \/>\n<meta property=\"og:site_name\" content=\"Clicars\" \/>\n<meta property=\"article:published_time\" content=\"2023-12-01T09:18:07+00:00\" \/>\n<meta property=\"og:image\" content=\"https:\/\/www.clicars.com\/blog\/wp-content\/uploads\/2023\/12\/plan-moves-iii-ampliacion.jpg\" \/>\n\t<meta property=\"og:image:width\" content=\"800\" \/>\n\t<meta property=\"og:image:height\" content=\"600\" \/>\n\t<meta property=\"og:image:type\" content=\"image\/jpeg\" \/>\n<meta name=\"author\" content=\"Clicars\" \/>\n<meta name=\"twitter:card\" content=\"summary_large_image\" \/>\n<meta name=\"twitter:label1\" content=\"Escrito por\" \/>\n\t<meta name=\"twitter:data1\" content=\"Clicars\" \/>\n\t<meta name=\"twitter:label2\" content=\"Tiempo de lectura\" \/>\n\t<meta name=\"twitter:data2\" content=\"5 minutos\" \/>\n<script type=\"application\/ld+json\" class=\"yoast-schema-graph\">{\"@context\":\"https:\/\/schema.org\",\"@graph\":[{\"@type\":\"Article\",\"@id\":\"https:\/\/www.clicars.com\/blog\/actualidad\/las-ayudas-para-los-coches-electricos-se-amplian-hasta-julio-de-2024\/#article\",\"isPartOf\":{\"@id\":\"https:\/\/www.clicars.com\/blog\/actualidad\/las-ayudas-para-los-coches-electricos-se-amplian-hasta-julio-de-2024\/\"},\"author\":{\"name\":\"Clicars\",\"@id\":\"https:\/\/www.clicars.com\/blog\/#\/schema\/person\/af686c41ba96962c68871392bf2bb62d\"},\"headline\":\"Las ayudas para los coches el\u00e9ctricos se ampl\u00edan hasta julio de 2024\",\"datePublished\":\"2023-12-01T09:18:07+00:00\",\"mainEntityOfPage\":{\"@id\":\"https:\/\/www.clicars.com\/blog\/actualidad\/las-ayudas-para-los-coches-electricos-se-amplian-hasta-julio-de-2024\/\"},\"wordCount\":1028,\"image\":{\"@id\":\"https:\/\/www.clicars.com\/blog\/actualidad\/las-ayudas-para-los-coches-electricos-se-amplian-hasta-julio-de-2024\/#primaryimage\"},\"thumbnailUrl\":\"https:\/\/www.clicars.com\/blog\/wp-content\/uploads\/2023\/12\/plan-moves-iii-ampliacion.jpg\",\"articleSection\":[\"Actualidad\"],\"inLanguage\":\"es\"},{\"@type\":[\"WebPage\",\"ItemPage\"],\"@id\":\"https:\/\/www.clicars.com\/blog\/actualidad\/las-ayudas-para-los-coches-electricos-se-amplian-hasta-julio-de-2024\/\",\"url\":\"https:\/\/www.clicars.com\/blog\/actualidad\/las-ayudas-para-los-coches-electricos-se-amplian-hasta-julio-de-2024\/\",\"name\":\"Las ayudas para los coches el\u00e9ctricos se ampl\u00edan hasta julio de 2024 - Clicars Blog\",\"isPartOf\":{\"@id\":\"https:\/\/www.clicars.com\/blog\/#website\"},\"primaryImageOfPage\":{\"@id\":\"https:\/\/www.clicars.com\/blog\/actualidad\/las-ayudas-para-los-coches-electricos-se-amplian-hasta-julio-de-2024\/#primaryimage\"},\"image\":{\"@id\":\"https:\/\/www.clicars.com\/blog\/actualidad\/las-ayudas-para-los-coches-electricos-se-amplian-hasta-julio-de-2024\/#primaryimage\"},\"thumbnailUrl\":\"https:\/\/www.clicars.com\/blog\/wp-content\/uploads\/2023\/12\/plan-moves-iii-ampliacion.jpg\",\"datePublished\":\"2023-12-01T09:18:07+00:00\",\"author\":{\"@id\":\"https:\/\/www.clicars.com\/blog\/#\/schema\/person\/af686c41ba96962c68871392bf2bb62d\"},\"description\":\"\u25b7 El Plan Moves III realiza una ampliaci\u00f3n hasta julio de 2024. \u00bfQuieres saberlo todo acerca de este plan? No te lo pierdas.\",\"breadcrumb\":{\"@id\":\"https:\/\/www.clicars.com\/blog\/actualidad\/las-ayudas-para-los-coches-electricos-se-amplian-hasta-julio-de-2024\/#breadcrumb\"},\"inLanguage\":\"es\",\"potentialAction\":[{\"@type\":\"ReadAction\",\"target\":[\"https:\/\/www.clicars.com\/blog\/actualidad\/las-ayudas-para-los-coches-electricos-se-amplian-hasta-julio-de-2024\/\"]}]},{\"@type\":\"ImageObject\",\"inLanguage\":\"es\",\"@id\":\"https:\/\/www.clicars.com\/blog\/actualidad\/las-ayudas-para-los-coches-electricos-se-amplian-hasta-julio-de-2024\/#primaryimage\",\"url\":\"https:\/\/www.clicars.com\/blog\/wp-content\/uploads\/2023\/12\/plan-moves-iii-ampliacion.jpg\",\"contentUrl\":\"https:\/\/www.clicars.com\/blog\/wp-content\/uploads\/2023\/12\/plan-moves-iii-ampliacion.jpg\",\"width\":800,\"height\":600,\"caption\":\"plan moves iii ampliacion\"},{\"@type\":\"BreadcrumbList\",\"@id\":\"https:\/\/www.clicars.com\/blog\/actualidad\/las-ayudas-para-los-coches-electricos-se-amplian-hasta-julio-de-2024\/#breadcrumb\",\"itemListElement\":[{\"@type\":\"ListItem\",\"position\":1,\"name\":\"Portada\",\"item\":\"https:\/\/www.clicars.com\/blog\/\"},{\"@type\":\"ListItem\",\"position\":2,\"name\":\"Las ayudas para los coches el\u00e9ctricos se ampl\u00edan hasta julio de 2024\"}]},{\"@type\":\"WebSite\",\"@id\":\"https:\/\/www.clicars.com\/blog\/#website\",\"url\":\"https:\/\/www.clicars.com\/blog\/\",\"name\":\"Clicars\",\"description\":\"Compra tu coche de Buena Mano sin moverte de casa\",\"inLanguage\":\"es\"},{\"@type\":\"Person\",\"@id\":\"https:\/\/www.clicars.com\/blog\/#\/schema\/person\/af686c41ba96962c68871392bf2bb62d\",\"name\":\"Clicars\",\"image\":{\"@type\":\"ImageObject\",\"inLanguage\":\"es\",\"@id\":\"https:\/\/www.clicars.com\/blog\/#\/schema\/person\/image\/\",\"url\":\"https:\/\/secure.gravatar.com\/avatar\/3100622b0023049db14165cdba9dadaa9159743b871e83e440a0df9a70f80e56?s=96&d=mm&r=g\",\"contentUrl\":\"https:\/\/secure.gravatar.com\/avatar\/3100622b0023049db14165cdba9dadaa9159743b871e83e440a0df9a70f80e56?s=96&d=mm&r=g\",\"caption\":\"Clicars\"},\"sameAs\":[\"https:\/\/www.clicars.com\"],\"url\":\"https:\/\/www.clicars.com\/blog\/author\/clicars\/\"}]}<\/script>\n<!-- \/ Yoast SEO plugin. -->","yoast_head_json":{"title":"Las ayudas para los coches el\u00e9ctricos se ampl\u00edan hasta julio de 2024 - Clicars Blog","description":"\u25b7 El Plan Moves III realiza una ampliaci\u00f3n hasta julio de 2024. \u00bfQuieres saberlo todo acerca de este plan? No te lo pierdas.","robots":{"index":"index","follow":"follow","max-snippet":"max-snippet:-1","max-image-preview":"max-image-preview:large","max-video-preview":"max-video-preview:-1"},"canonical":"https:\/\/www.clicars.com\/blog\/actualidad\/las-ayudas-para-los-coches-electricos-se-amplian-hasta-julio-de-2024\/","og_locale":"es_ES","og_type":"article","og_title":"Las ayudas para los coches el\u00e9ctricos se ampl\u00edan hasta julio de 2024 - Clicars Blog","og_description":"\u25b7 El Plan Moves III realiza una ampliaci\u00f3n hasta julio de 2024. \u00bfQuieres saberlo todo acerca de este plan? No te lo pierdas.","og_url":"https:\/\/www.clicars.com\/blog\/actualidad\/las-ayudas-para-los-coches-electricos-se-amplian-hasta-julio-de-2024\/","og_site_name":"Clicars","article_published_time":"2023-12-01T09:18:07+00:00","og_image":[{"width":800,"height":600,"url":"https:\/\/www.clicars.com\/blog\/wp-content\/uploads\/2023\/12\/plan-moves-iii-ampliacion.jpg","type":"image\/jpeg"}],"author":"Clicars","twitter_card":"summary_large_image","twitter_misc":{"Escrito por":"Clicars","Tiempo de lectura":"5 minutos"},"schema":{"@context":"https:\/\/schema.org","@graph":[{"@type":"Article","@id":"https:\/\/www.clicars.com\/blog\/actualidad\/las-ayudas-para-los-coches-electricos-se-amplian-hasta-julio-de-2024\/#article","isPartOf":{"@id":"https:\/\/www.clicars.com\/blog\/actualidad\/las-ayudas-para-los-coches-electricos-se-amplian-hasta-julio-de-2024\/"},"author":{"name":"Clicars","@id":"https:\/\/www.clicars.com\/blog\/#\/schema\/person\/af686c41ba96962c68871392bf2bb62d"},"headline":"Las ayudas para los coches el\u00e9ctricos se ampl\u00edan hasta julio de 2024","datePublished":"2023-12-01T09:18:07+00:00","mainEntityOfPage":{"@id":"https:\/\/www.clicars.com\/blog\/actualidad\/las-ayudas-para-los-coches-electricos-se-amplian-hasta-julio-de-2024\/"},"wordCount":1028,"image":{"@id":"https:\/\/www.clicars.com\/blog\/actualidad\/las-ayudas-para-los-coches-electricos-se-amplian-hasta-julio-de-2024\/#primaryimage"},"thumbnailUrl":"https:\/\/www.clicars.com\/blog\/wp-content\/uploads\/2023\/12\/plan-moves-iii-ampliacion.jpg","articleSection":["Actualidad"],"inLanguage":"es"},{"@type":["WebPage","ItemPage"],"@id":"https:\/\/www.clicars.com\/blog\/actualidad\/las-ayudas-para-los-coches-electricos-se-amplian-hasta-julio-de-2024\/","url":"https:\/\/www.clicars.com\/blog\/actualidad\/las-ayudas-para-los-coches-electricos-se-amplian-hasta-julio-de-2024\/","name":"Las ayudas para los coches el\u00e9ctricos se ampl\u00edan hasta julio de 2024 - Clicars Blog","isPartOf":{"@id":"https:\/\/www.clicars.com\/blog\/#website"},"primaryImageOfPage":{"@id":"https:\/\/www.clicars.com\/blog\/actualidad\/las-ayudas-para-los-coches-electricos-se-amplian-hasta-julio-de-2024\/#primaryimage"},"image":{"@id":"https:\/\/www.clicars.com\/blog\/actualidad\/las-ayudas-para-los-coches-electricos-se-amplian-hasta-julio-de-2024\/#primaryimage"},"thumbnailUrl":"https:\/\/www.clicars.com\/blog\/wp-content\/uploads\/2023\/12\/plan-moves-iii-ampliacion.jpg","datePublished":"2023-12-01T09:18:07+00:00","author":{"@id":"https:\/\/www.clicars.com\/blog\/#\/schema\/person\/af686c41ba96962c68871392bf2bb62d"},"description":"\u25b7 El Plan Moves III realiza una ampliaci\u00f3n hasta julio de 2024. \u00bfQuieres saberlo todo acerca de este plan? No te lo pierdas.","breadcrumb":{"@id":"https:\/\/www.clicars.com\/blog\/actualidad\/las-ayudas-para-los-coches-electricos-se-amplian-hasta-julio-de-2024\/#breadcrumb"},"inLanguage":"es","potentialAction":[{"@type":"ReadAction","target":["https:\/\/www.clicars.com\/blog\/actualidad\/las-ayudas-para-los-coches-electricos-se-amplian-hasta-julio-de-2024\/"]}]},{"@type":"ImageObject","inLanguage":"es","@id":"https:\/\/www.clicars.com\/blog\/actualidad\/las-ayudas-para-los-coches-electricos-se-amplian-hasta-julio-de-2024\/#primaryimage","url":"https:\/\/www.clicars.com\/blog\/wp-content\/uploads\/2023\/12\/plan-moves-iii-ampliacion.jpg","contentUrl":"https:\/\/www.clicars.com\/blog\/wp-content\/uploads\/2023\/12\/plan-moves-iii-ampliacion.jpg","width":800,"height":600,"caption":"plan moves iii ampliacion"},{"@type":"BreadcrumbList","@id":"https:\/\/www.clicars.com\/blog\/actualidad\/las-ayudas-para-los-coches-electricos-se-amplian-hasta-julio-de-2024\/#breadcrumb","itemListElement":[{"@type":"ListItem","position":1,"name":"Portada","item":"https:\/\/www.clicars.com\/blog\/"},{"@type":"ListItem","position":2,"name":"Las ayudas para los coches el\u00e9ctricos se ampl\u00edan hasta julio de 2024"}]},{"@type":"WebSite","@id":"https:\/\/www.clicars.com\/blog\/#website","url":"https:\/\/www.clicars.com\/blog\/","name":"Clicars","description":"Compra tu coche de Buena Mano sin moverte de casa","inLanguage":"es"},{"@type":"Person","@id":"https:\/\/www.clicars.com\/blog\/#\/schema\/person\/af686c41ba96962c68871392bf2bb62d","name":"Clicars","image":{"@type":"ImageObject","inLanguage":"es","@id":"https:\/\/www.clicars.com\/blog\/#\/schema\/person\/image\/","url":"https:\/\/secure.gravatar.com\/avatar\/3100622b0023049db14165cdba9dadaa9159743b871e83e440a0df9a70f80e56?s=96&d=mm&r=g","contentUrl":"https:\/\/secure.gravatar.com\/avatar\/3100622b0023049db14165cdba9dadaa9159743b871e83e440a0df9a70f80e56?s=96&d=mm&r=g","caption":"Clicars"},"sameAs":["https:\/\/www.clicars.com"],"url":"https:\/\/www.clicars.com\/blog\/author\/clicars\/"}]}},"_links":{"self":[{"href":"https:\/\/www.clicars.com\/blog\/wp-json\/wp\/v2\/posts\/12409","targetHints":{"allow":["GET"]}}],"collection":[{"href":"https:\/\/www.clicars.com\/blog\/wp-json\/wp\/v2\/posts"}],"about":[{"href":"https:\/\/www.clicars.com\/blog\/wp-json\/wp\/v2\/types\/post"}],"author":[{"embeddable":true,"href":"https:\/\/www.clicars.com\/blog\/wp-json\/wp\/v2\/users\/2"}],"replies":[{"embeddable":true,"href":"https:\/\/www.clicars.com\/blog\/wp-json\/wp\/v2\/comments?post=12409"}],"version-history":[{"count":1,"href":"https:\/\/www.clicars.com\/blog\/wp-json\/wp\/v2\/posts\/12409\/revisions"}],"predecessor-version":[{"id":12411,"href":"https:\/\/www.clicars.com\/blog\/wp-json\/wp\/v2\/posts\/12409\/revisions\/12411"}],"wp:featuredmedia":[{"embeddable":true,"href":"https:\/\/www.clicars.com\/blog\/wp-json\/wp\/v2\/media\/12410"}],"wp:attachment":[{"href":"https:\/\/www.clicars.com\/blog\/wp-json\/wp\/v2\/media?parent=12409"}],"wp:term":[{"taxonomy":"category","embeddable":true,"href":"https:\/\/www.clicars.com\/blog\/wp-json\/wp\/v2\/categories?post=12409"},{"taxonomy":"post_tag","embeddable":true,"href":"https:\/\/www.clicars.com\/blog\/wp-json\/wp\/v2\/tags?post=12409"}],"curies":[{"name":"wp","href":"https:\/\/api.w.org\/{rel}","templated":true}]}}