{"id":12462,"date":"2023-12-19T10:24:37","date_gmt":"2023-12-19T08:24:37","guid":{"rendered":"https:\/\/www.clicars.com\/blog\/?p=12462"},"modified":"2023-12-19T10:24:37","modified_gmt":"2023-12-19T08:24:37","slug":"cupra-una-marca-enfocada-a-la-deportividad","status":"publish","type":"post","link":"https:\/\/www.clicars.com\/blog\/actualidad\/cupra-una-marca-enfocada-a-la-deportividad\/","title":{"rendered":"CUPRA: una marca enfocada a la deportividad"},"content":{"rendered":"<p><span style=\"font-weight: 400;\">Al igual que Mercedes-Benz tiene a AMG y BMW tiene la gama M, SEAT tiene a <\/span><b>CUPRA<\/b><span style=\"font-weight: 400;\">. Esta era la submarca de la firma espa\u00f1ola nacida con la motivaci\u00f3n de ofrecer un alto rendimiento a un precio asequible. Y decimos que era la submarca porque, desde 2018, se estableci\u00f3 como una compa\u00f1\u00eda independiente con la intenci\u00f3n de ofrecer una gama de productos m\u00e1s amplia y atrevida que en sus hom\u00f3logos de SEAT.<\/span><\/p>\n<p><span style=\"font-weight: 400;\">En palabras del propio <\/span><b>Grupo Volkswagen<\/b><span style=\"font-weight: 400;\">, <\/span><i><span style=\"font-weight: 400;\">\u201c<\/span><\/i><a href=\"https:\/\/www.clicars.com\/coches-segunda-mano-ocasion\/cupra\"><i><span style=\"font-weight: 400;\">CUPRA<\/span><\/i><\/a><i><span style=\"font-weight: 400;\"> es la marca retadora poco convencional que combina un dise\u00f1o emocional, la electrificaci\u00f3n y el rendimiento para inspirar al mundo desde Barcelona. Disruptivo y distintivo, CUPRA es para quienes quieren destacarse entre la multitud, pero con algo que los distinga\u201d<\/span><\/i><span style=\"font-weight: 400;\">. En otras palabras, una entidad que se centra en ofrecer una imagen m\u00e1s distintiva y asertiva dentro del conglomerado germano.<\/span><\/p>\n<div id=\"ez-toc-container\" class=\"ez-toc-v2_0_80 counter-hierarchy ez-toc-counter ez-toc-light-blue ez-toc-container-direction\">\n<p class=\"ez-toc-title\" style=\"cursor:inherit\">\u00cdndice de contenidos<\/p>\n<label for=\"ez-toc-cssicon-toggle-item-69f0dfde25822\" class=\"ez-toc-cssicon-toggle-label\"><span class=\"ez-toc-cssicon\"><span class=\"eztoc-hide\" style=\"display:none;\">Toggle<\/span><span class=\"ez-toc-icon-toggle-span\"><svg style=\"fill: #999;color:#999\" xmlns=\"http:\/\/www.w3.org\/2000\/svg\" class=\"list-377408\" width=\"20px\" height=\"20px\" viewBox=\"0 0 24 24\" fill=\"none\"><path d=\"M6 6H4v2h2V6zm14 0H8v2h12V6zM4 11h2v2H4v-2zm16 0H8v2h12v-2zM4 16h2v2H4v-2zm16 0H8v2h12v-2z\" fill=\"currentColor\"><\/path><\/svg><svg style=\"fill: #999;color:#999\" class=\"arrow-unsorted-368013\" xmlns=\"http:\/\/www.w3.org\/2000\/svg\" width=\"10px\" height=\"10px\" viewBox=\"0 0 24 24\" version=\"1.2\" baseProfile=\"tiny\"><path d=\"M18.2 9.3l-6.2-6.3-6.2 6.3c-.2.2-.3.4-.3.7s.1.5.3.7c.2.2.4.3.7.3h11c.3 0 .5-.1.7-.3.2-.2.3-.5.3-.7s-.1-.5-.3-.7zM5.8 14.7l6.2 6.3 6.2-6.3c.2-.2.3-.5.3-.7s-.1-.5-.3-.7c-.2-.2-.4-.3-.7-.3h-11c-.3 0-.5.1-.7.3-.2.2-.3.5-.3.7s.1.5.3.7z\"\/><\/svg><\/span><\/span><\/label><input type=\"checkbox\"  id=\"ez-toc-cssicon-toggle-item-69f0dfde25822\"  aria-label=\"Alternar\" \/><nav><ul class='ez-toc-list ez-toc-list-level-1 ' ><li class='ez-toc-page-1 ez-toc-heading-level-2'><a class=\"ez-toc-link ez-toc-heading-1\" href=\"https:\/\/www.clicars.com\/blog\/actualidad\/cupra-una-marca-enfocada-a-la-deportividad\/#La_historia_de_SEAT_y_CUPRA\" >La historia de SEAT y CUPRA<\/a><\/li><li class='ez-toc-page-1 ez-toc-heading-level-2'><a class=\"ez-toc-link ez-toc-heading-2\" href=\"https:\/\/www.clicars.com\/blog\/actualidad\/cupra-una-marca-enfocada-a-la-deportividad\/#%C2%BFComo_ha_llegado_a_independizarse_CUPRA_de_SEAT\" >\u00bfC\u00f3mo ha llegado a independizarse CUPRA de SEAT?<\/a><\/li><li class='ez-toc-page-1 ez-toc-heading-level-2'><a class=\"ez-toc-link ez-toc-heading-3\" href=\"https:\/\/www.clicars.com\/blog\/actualidad\/cupra-una-marca-enfocada-a-la-deportividad\/#%C2%BFCual_es_la_gama_de_modelos_de_CUPRA\" >\u00bfCu\u00e1l es la gama de modelos de CUPRA?<\/a><\/li><li class='ez-toc-page-1 ez-toc-heading-level-2'><a class=\"ez-toc-link ez-toc-heading-4\" href=\"https:\/\/www.clicars.com\/blog\/actualidad\/cupra-una-marca-enfocada-a-la-deportividad\/#%C2%BFDonde_se_fabrican_los_modelos_de_CUPRA\" >\u00bfD\u00f3nde se fabrican los modelos de CUPRA?<\/a><\/li><li class='ez-toc-page-1 ez-toc-heading-level-2'><a class=\"ez-toc-link ez-toc-heading-5\" href=\"https:\/\/www.clicars.com\/blog\/actualidad\/cupra-una-marca-enfocada-a-la-deportividad\/#%C2%BFQue_hace_de_CUPRA_una_marca_especial\" >\u00bfQu\u00e9 hace de CUPRA una marca especial?<\/a><\/li><\/ul><\/nav><\/div>\n\n<h2><span class=\"ez-toc-section\" id=\"La_historia_de_SEAT_y_CUPRA\"><\/span><span style=\"font-weight: 400;\">La historia de SEAT y CUPRA<\/span><span class=\"ez-toc-section-end\"><\/span><\/h2>\n<p><span style=\"font-weight: 400;\">Antes de que existiera CUPRA como la conocemos ahora, los modelos de altas prestaciones de Martorell eran creados por <\/span><b>SEAT Sport<\/b><span style=\"font-weight: 400;\">, haci\u00e9ndose un nombre al participar en el mundo de los rallies y de carreras de turismos, adem\u00e1s de crear las mejores versiones la gama SEAT, tales como el <\/span><b>Le\u00f3n CUPRA<\/b><span style=\"font-weight: 400;\"> o el <\/span><b>Ibiza CUPRA<\/b><span style=\"font-weight: 400;\">.<\/span><\/p>\n<p><span style=\"font-weight: 400;\">El nombre CUPRA proviene de la combinaci\u00f3n de las palabras<\/span><i><span style=\"font-weight: 400;\"> \u201cCup\u201d<\/span><\/i><span style=\"font-weight: 400;\"> y <\/span><i><span style=\"font-weight: 400;\">\u201cRacing\u201d<\/span><\/i><span style=\"font-weight: 400;\">, que hacen alusi\u00f3n al condecorado pasado de la marca. El <\/span><b>SEAT Ibiza GTI Cupra Sport 16V<\/b><span style=\"font-weight: 400;\"> de 1996 fue la primera vez que la insignia CUPRA luci\u00f3 orgullosa en un modelo de calle, marcando el paso hacia la creaci\u00f3n de la gama de altas prestaciones que los entusiastas conocen y aman hoy en d\u00eda. Desde entonces, ha habido muchas versiones apreciadas de los coches de calle de SEAT con el sello deportivo CUPRA.<\/span><\/p>\n<p><i><span style=\"font-weight: 400;\">El \u00faltimo coche CUPRA con la insignia de SEAT fue el Le\u00f3n CUPRA R ST, presentado en el evento de lanzamiento de la marca en 2018<\/span><\/i><\/p>\n<p><span style=\"font-weight: 400;\">Desde su gestaci\u00f3n, CUPRA cuenta con distintivos, dise\u00f1os y versiones propios de los veh\u00edculos de SEAT. Su primer modelo fue el <\/span><b>CUPRA Ateca<\/b><span style=\"font-weight: 400;\">, uni\u00e9ndose a la moda de los SUV. Y en lugar del llamativo logotipo con forma de \u201cS\u201d, los modelos CUPRA vinieron adornados con la nueva insignia: un dise\u00f1o tribal de cruz sim\u00e9trica en un llamativo color bronce. Tras \u00e9l, llegaron el Ateca, el <\/span><b>Le\u00f3n <\/b><span style=\"font-weight: 400;\">y su variante familiar (Sportstouter). Pero no fue hasta septiembre de 2020 cuando lleg\u00f3 el primer modelo propio: el <\/span><a href=\"https:\/\/www.clicars.com\/coches-segunda-mano-ocasion\/cupra\/formentor\"><span style=\"font-weight: 400;\">Formentor<\/span><\/a><span style=\"font-weight: 400;\">.<\/span><\/p>\n<p><span style=\"font-weight: 400;\">Este fue el primer modelo sin su equivalente en la gama SEAT, apostando por las claves del \u00e9xito del mundo automovil\u00edstico actual. Un SUV compacto de aspecto coup\u00e9, dise\u00f1o afilado y con una oferta mec\u00e1nica que va desde los 150 CV hasta los 390 CV, pasando por opciones di\u00e9sel y gasolina e h\u00edbridas enchufables. El segundo modelo completamente propio fue el <\/span><b>Born <\/b><span style=\"font-weight: 400;\">totalmente el\u00e9ctrico, compartiendo sus fundamentos mec\u00e1nicos y estructurales con los del <\/span><b>Volkswagen ID.3<\/b><span style=\"font-weight: 400;\">, pero m\u00e1s llamativo en sus formas.<\/span><\/p>\n<p><img loading=\"lazy\" decoding=\"async\" class=\"aligncenter size-full wp-image-12464\" src=\"https:\/\/www.clicars.com\/blog\/wp-content\/uploads\/2023\/12\/la-marca-cupra.jpg\" alt=\"la marca cupra\" width=\"800\" height=\"600\" \/><\/p>\n<h2><span class=\"ez-toc-section\" id=\"%C2%BFComo_ha_llegado_a_independizarse_CUPRA_de_SEAT\"><\/span><span style=\"font-weight: 400;\">\u00bfC\u00f3mo ha llegado a independizarse CUPRA de SEAT?<\/span><span class=\"ez-toc-section-end\"><\/span><\/h2>\n<p><span style=\"font-weight: 400;\">La realidad es que SEAT no ha estado generando beneficios al Grupo Volkswagen durante la \u00faltima d\u00e9cada, a pesar de la completa oferta de modelos. Con eso en mente, y viendo que exist\u00eda <\/span><b>un mayor margen de beneficio en los modelos de alto rendimiento<\/b><span style=\"font-weight: 400;\">, el conglomerado alem\u00e1n decidi\u00f3 que ser\u00eda una buena idea separar CUPRA de SEAT.<\/span><\/p>\n<p><span style=\"font-weight: 400;\">As\u00ed, el 31 de enero de 2018 se anunci\u00f3 que CUPRA se convert\u00eda\u200b en una marca independiente y, el 22 de febrero de ese mismo a\u00f1o, nac\u00eda como tal. Desde entonces, CUPRA ha sabido destacar por<\/span><b> su enfoque en la deportividad y en el rendimiento<\/b><span style=\"font-weight: 400;\">. La compa\u00f1\u00eda ha sido capaz de combinar la tradici\u00f3n y el legado de SEAT, pero con una visi\u00f3n m\u00e1s innovadora y audaz. Y as\u00ed lo demuestran las cifras de ventas, que si bien a\u00fan est\u00e1n lejos de los n\u00fameros de otras marcas del grupo, no para de crecer exponencialmente mes a mes.<\/span><\/p>\n<h2><span class=\"ez-toc-section\" id=\"%C2%BFCual_es_la_gama_de_modelos_de_CUPRA\"><\/span><span style=\"font-weight: 400;\">\u00bfCu\u00e1l es la gama de modelos de CUPRA?<\/span><span class=\"ez-toc-section-end\"><\/span><\/h2>\n<p><span style=\"font-weight: 400;\">A cierre del a\u00f1o 2023, <\/span><b>la gama actual de CUPRA<\/b><span style=\"font-weight: 400;\"> se estructura en torno a cuatro modelos, los cuales ya han sido mencionados:<\/span><\/p>\n<ul>\n<li style=\"font-weight: 400;\" aria-level=\"1\"><span style=\"font-weight: 400;\">CUPRA Ateca<\/span><\/li>\n<li style=\"font-weight: 400;\" aria-level=\"1\"><span style=\"font-weight: 400;\">CUPRA Born<\/span><\/li>\n<li style=\"font-weight: 400;\" aria-level=\"1\"><span style=\"font-weight: 400;\">CUPRA Formentor<\/span><\/li>\n<li style=\"font-weight: 400;\" aria-level=\"1\"><span style=\"font-weight: 400;\">CUPRA Le\u00f3n (<\/span><i><span style=\"font-weight: 400;\">hatchback<\/span><\/i><span style=\"font-weight: 400;\"> y familiar)<\/span><\/li>\n<\/ul>\n<p><span style=\"font-weight: 400;\">De cara a 2024, la compa\u00f1\u00eda lanzar\u00e1 dos nuevos modelos SUV, el <\/span><b>Tavasc\u00e1n <\/b><span style=\"font-weight: 400;\">y el <\/span><b>Terramar<\/b><span style=\"font-weight: 400;\">, los dos ubicados por encima del Ateca y del Formentor y sin mec\u00e1nicas de combusti\u00f3n puras previstas. Asimismo, en 2025 llegar\u00e1 un nuevo modelo el\u00e9ctrico de orientaci\u00f3n urbana que, por el momento, se conoce como <\/span><b>Raval<\/b><span style=\"font-weight: 400;\">, y compartir\u00e1 sus fundamentos mec\u00e1nicos con el <\/span><b>Volkswagen ID.2<\/b><span style=\"font-weight: 400;\">, el llamado a ser el el\u00e9ctrico \u201cpor debajo de los 25.000 euros\u201d.<\/span><\/p>\n<h2><span class=\"ez-toc-section\" id=\"%C2%BFDonde_se_fabrican_los_modelos_de_CUPRA\"><\/span><span style=\"font-weight: 400;\">\u00bfD\u00f3nde se fabrican los modelos de CUPRA?<\/span><span class=\"ez-toc-section-end\"><\/span><\/h2>\n<p><span style=\"font-weight: 400;\">Los modelos equipados con mec\u00e1nicas de combusti\u00f3n interna, v\u00e9ase el Ateca, Formentor y Le\u00f3n, son construidos en <\/span><b>Martorell<\/b><span style=\"font-weight: 400;\">, <\/span><b>Barcelona<\/b><span style=\"font-weight: 400;\">, junto con sus hom\u00f3logos de SEAT. Por otro lado, el CUPRA Born sale de la planta alemana de <\/span><b>Zwickau<\/b><span style=\"font-weight: 400;\">, donde tambi\u00e9n se fabrica el ID.3 de Volkswagen. Y cuando el Tavasc\u00e1n entre en producci\u00f3n, lo har\u00e1 desde la ciudad china de <\/span><b>Anhui<\/b><span style=\"font-weight: 400;\">, tal y como se confirm\u00f3 en octubre de 2022.<\/span><\/p>\n<h2><span class=\"ez-toc-section\" id=\"%C2%BFQue_hace_de_CUPRA_una_marca_especial\"><\/span><span style=\"font-weight: 400;\">\u00bfQu\u00e9 hace de CUPRA una marca especial?<\/span><span class=\"ez-toc-section-end\"><\/span><\/h2>\n<p><span style=\"font-weight: 400;\">Como ya hemos mencionado, los modelos de CUPRA destacan por su dise\u00f1o afilado y de t\u00f3nica deportiva, combinado con un rendimiento a la altura de su est\u00e9tica en muchas de las versiones. Cada detalle de estos veh\u00edculos se cuida meticulosamente, desde la selecci\u00f3n de materiales hasta el ensamblaje de los mismos, buscando cada vez m\u00e1s <\/span><b>diferenciarse de lo que un d\u00eda fue su matriz<\/b><span style=\"font-weight: 400;\">.<\/span><\/p>\n","protected":false},"excerpt":{"rendered":"<p>Al igual que Mercedes-Benz tiene a AMG y BMW tiene la gama M, SEAT tiene&#8230;<\/p>\n","protected":false},"author":2,"featured_media":12463,"comment_status":"closed","ping_status":"closed","sticky":false,"template":"","format":"standard","meta":{"footnotes":""},"categories":[5],"tags":[],"class_list":{"0":"post-12462","1":"post","2":"type-post","3":"status-publish","4":"format-standard","5":"has-post-thumbnail","7":"category-actualidad"},"yoast_head":"<!-- This site is optimized with the Yoast SEO plugin v26.8 - https:\/\/yoast.com\/product\/yoast-seo-wordpress\/ -->\n<title>La marca CUPRA: Enfocada a la deportividad - Clicars Blog<\/title>\n<meta name=\"description\" content=\"\u25b7 La marca CUPRA nace con un car\u00e1cter 100% deportivo. Descubre su origen y toda su gama en este post.\" \/>\n<meta name=\"robots\" content=\"index, follow, max-snippet:-1, max-image-preview:large, max-video-preview:-1\" \/>\n<link rel=\"canonical\" href=\"https:\/\/www.clicars.com\/blog\/actualidad\/cupra-una-marca-enfocada-a-la-deportividad\/\" \/>\n<meta property=\"og:locale\" content=\"es_ES\" \/>\n<meta property=\"og:type\" content=\"article\" \/>\n<meta property=\"og:title\" content=\"La marca CUPRA: Enfocada a la deportividad - Clicars Blog\" \/>\n<meta property=\"og:description\" content=\"\u25b7 La marca CUPRA nace con un car\u00e1cter 100% deportivo. Descubre su origen y toda su gama en este post.\" \/>\n<meta property=\"og:url\" content=\"https:\/\/www.clicars.com\/blog\/actualidad\/cupra-una-marca-enfocada-a-la-deportividad\/\" \/>\n<meta property=\"og:site_name\" content=\"Clicars\" \/>\n<meta property=\"article:published_time\" content=\"2023-12-19T08:24:37+00:00\" \/>\n<meta property=\"og:image\" content=\"https:\/\/www.clicars.com\/blog\/wp-content\/uploads\/2023\/12\/cupra-que-marca-es.jpg\" \/>\n\t<meta property=\"og:image:width\" content=\"800\" \/>\n\t<meta property=\"og:image:height\" content=\"600\" \/>\n\t<meta property=\"og:image:type\" content=\"image\/jpeg\" \/>\n<meta name=\"author\" content=\"Clicars\" \/>\n<meta name=\"twitter:card\" content=\"summary_large_image\" \/>\n<meta name=\"twitter:label1\" content=\"Escrito por\" \/>\n\t<meta name=\"twitter:data1\" content=\"Clicars\" \/>\n\t<meta name=\"twitter:label2\" content=\"Tiempo de lectura\" \/>\n\t<meta name=\"twitter:data2\" content=\"5 minutos\" \/>\n<script type=\"application\/ld+json\" class=\"yoast-schema-graph\">{\"@context\":\"https:\/\/schema.org\",\"@graph\":[{\"@type\":\"Article\",\"@id\":\"https:\/\/www.clicars.com\/blog\/actualidad\/cupra-una-marca-enfocada-a-la-deportividad\/#article\",\"isPartOf\":{\"@id\":\"https:\/\/www.clicars.com\/blog\/actualidad\/cupra-una-marca-enfocada-a-la-deportividad\/\"},\"author\":{\"name\":\"Clicars\",\"@id\":\"https:\/\/www.clicars.com\/blog\/#\/schema\/person\/af686c41ba96962c68871392bf2bb62d\"},\"headline\":\"CUPRA: una marca enfocada a la deportividad\",\"datePublished\":\"2023-12-19T08:24:37+00:00\",\"mainEntityOfPage\":{\"@id\":\"https:\/\/www.clicars.com\/blog\/actualidad\/cupra-una-marca-enfocada-a-la-deportividad\/\"},\"wordCount\":973,\"image\":{\"@id\":\"https:\/\/www.clicars.com\/blog\/actualidad\/cupra-una-marca-enfocada-a-la-deportividad\/#primaryimage\"},\"thumbnailUrl\":\"https:\/\/www.clicars.com\/blog\/wp-content\/uploads\/2023\/12\/cupra-que-marca-es.jpg\",\"articleSection\":[\"Actualidad\"],\"inLanguage\":\"es\"},{\"@type\":[\"WebPage\",\"ItemPage\"],\"@id\":\"https:\/\/www.clicars.com\/blog\/actualidad\/cupra-una-marca-enfocada-a-la-deportividad\/\",\"url\":\"https:\/\/www.clicars.com\/blog\/actualidad\/cupra-una-marca-enfocada-a-la-deportividad\/\",\"name\":\"La marca CUPRA: Enfocada a la deportividad - Clicars Blog\",\"isPartOf\":{\"@id\":\"https:\/\/www.clicars.com\/blog\/#website\"},\"primaryImageOfPage\":{\"@id\":\"https:\/\/www.clicars.com\/blog\/actualidad\/cupra-una-marca-enfocada-a-la-deportividad\/#primaryimage\"},\"image\":{\"@id\":\"https:\/\/www.clicars.com\/blog\/actualidad\/cupra-una-marca-enfocada-a-la-deportividad\/#primaryimage\"},\"thumbnailUrl\":\"https:\/\/www.clicars.com\/blog\/wp-content\/uploads\/2023\/12\/cupra-que-marca-es.jpg\",\"datePublished\":\"2023-12-19T08:24:37+00:00\",\"author\":{\"@id\":\"https:\/\/www.clicars.com\/blog\/#\/schema\/person\/af686c41ba96962c68871392bf2bb62d\"},\"description\":\"\u25b7 La marca CUPRA nace con un car\u00e1cter 100% deportivo. Descubre su origen y toda su gama en este post.\",\"breadcrumb\":{\"@id\":\"https:\/\/www.clicars.com\/blog\/actualidad\/cupra-una-marca-enfocada-a-la-deportividad\/#breadcrumb\"},\"inLanguage\":\"es\",\"potentialAction\":[{\"@type\":\"ReadAction\",\"target\":[\"https:\/\/www.clicars.com\/blog\/actualidad\/cupra-una-marca-enfocada-a-la-deportividad\/\"]}]},{\"@type\":\"ImageObject\",\"inLanguage\":\"es\",\"@id\":\"https:\/\/www.clicars.com\/blog\/actualidad\/cupra-una-marca-enfocada-a-la-deportividad\/#primaryimage\",\"url\":\"https:\/\/www.clicars.com\/blog\/wp-content\/uploads\/2023\/12\/cupra-que-marca-es.jpg\",\"contentUrl\":\"https:\/\/www.clicars.com\/blog\/wp-content\/uploads\/2023\/12\/cupra-que-marca-es.jpg\",\"width\":800,\"height\":600,\"caption\":\"cupra que marca es\"},{\"@type\":\"BreadcrumbList\",\"@id\":\"https:\/\/www.clicars.com\/blog\/actualidad\/cupra-una-marca-enfocada-a-la-deportividad\/#breadcrumb\",\"itemListElement\":[{\"@type\":\"ListItem\",\"position\":1,\"name\":\"Portada\",\"item\":\"https:\/\/www.clicars.com\/blog\/\"},{\"@type\":\"ListItem\",\"position\":2,\"name\":\"CUPRA: una marca enfocada a la deportividad\"}]},{\"@type\":\"WebSite\",\"@id\":\"https:\/\/www.clicars.com\/blog\/#website\",\"url\":\"https:\/\/www.clicars.com\/blog\/\",\"name\":\"Clicars\",\"description\":\"Compra tu coche de Buena Mano sin moverte de casa\",\"inLanguage\":\"es\"},{\"@type\":\"Person\",\"@id\":\"https:\/\/www.clicars.com\/blog\/#\/schema\/person\/af686c41ba96962c68871392bf2bb62d\",\"name\":\"Clicars\",\"image\":{\"@type\":\"ImageObject\",\"inLanguage\":\"es\",\"@id\":\"https:\/\/www.clicars.com\/blog\/#\/schema\/person\/image\/\",\"url\":\"https:\/\/secure.gravatar.com\/avatar\/3100622b0023049db14165cdba9dadaa9159743b871e83e440a0df9a70f80e56?s=96&d=mm&r=g\",\"contentUrl\":\"https:\/\/secure.gravatar.com\/avatar\/3100622b0023049db14165cdba9dadaa9159743b871e83e440a0df9a70f80e56?s=96&d=mm&r=g\",\"caption\":\"Clicars\"},\"sameAs\":[\"https:\/\/www.clicars.com\"],\"url\":\"https:\/\/www.clicars.com\/blog\/author\/clicars\/\"}]}<\/script>\n<!-- \/ Yoast SEO plugin. -->","yoast_head_json":{"title":"La marca CUPRA: Enfocada a la deportividad - Clicars Blog","description":"\u25b7 La marca CUPRA nace con un car\u00e1cter 100% deportivo. Descubre su origen y toda su gama en este post.","robots":{"index":"index","follow":"follow","max-snippet":"max-snippet:-1","max-image-preview":"max-image-preview:large","max-video-preview":"max-video-preview:-1"},"canonical":"https:\/\/www.clicars.com\/blog\/actualidad\/cupra-una-marca-enfocada-a-la-deportividad\/","og_locale":"es_ES","og_type":"article","og_title":"La marca CUPRA: Enfocada a la deportividad - Clicars Blog","og_description":"\u25b7 La marca CUPRA nace con un car\u00e1cter 100% deportivo. Descubre su origen y toda su gama en este post.","og_url":"https:\/\/www.clicars.com\/blog\/actualidad\/cupra-una-marca-enfocada-a-la-deportividad\/","og_site_name":"Clicars","article_published_time":"2023-12-19T08:24:37+00:00","og_image":[{"width":800,"height":600,"url":"https:\/\/www.clicars.com\/blog\/wp-content\/uploads\/2023\/12\/cupra-que-marca-es.jpg","type":"image\/jpeg"}],"author":"Clicars","twitter_card":"summary_large_image","twitter_misc":{"Escrito por":"Clicars","Tiempo de lectura":"5 minutos"},"schema":{"@context":"https:\/\/schema.org","@graph":[{"@type":"Article","@id":"https:\/\/www.clicars.com\/blog\/actualidad\/cupra-una-marca-enfocada-a-la-deportividad\/#article","isPartOf":{"@id":"https:\/\/www.clicars.com\/blog\/actualidad\/cupra-una-marca-enfocada-a-la-deportividad\/"},"author":{"name":"Clicars","@id":"https:\/\/www.clicars.com\/blog\/#\/schema\/person\/af686c41ba96962c68871392bf2bb62d"},"headline":"CUPRA: una marca enfocada a la deportividad","datePublished":"2023-12-19T08:24:37+00:00","mainEntityOfPage":{"@id":"https:\/\/www.clicars.com\/blog\/actualidad\/cupra-una-marca-enfocada-a-la-deportividad\/"},"wordCount":973,"image":{"@id":"https:\/\/www.clicars.com\/blog\/actualidad\/cupra-una-marca-enfocada-a-la-deportividad\/#primaryimage"},"thumbnailUrl":"https:\/\/www.clicars.com\/blog\/wp-content\/uploads\/2023\/12\/cupra-que-marca-es.jpg","articleSection":["Actualidad"],"inLanguage":"es"},{"@type":["WebPage","ItemPage"],"@id":"https:\/\/www.clicars.com\/blog\/actualidad\/cupra-una-marca-enfocada-a-la-deportividad\/","url":"https:\/\/www.clicars.com\/blog\/actualidad\/cupra-una-marca-enfocada-a-la-deportividad\/","name":"La marca CUPRA: Enfocada a la deportividad - Clicars Blog","isPartOf":{"@id":"https:\/\/www.clicars.com\/blog\/#website"},"primaryImageOfPage":{"@id":"https:\/\/www.clicars.com\/blog\/actualidad\/cupra-una-marca-enfocada-a-la-deportividad\/#primaryimage"},"image":{"@id":"https:\/\/www.clicars.com\/blog\/actualidad\/cupra-una-marca-enfocada-a-la-deportividad\/#primaryimage"},"thumbnailUrl":"https:\/\/www.clicars.com\/blog\/wp-content\/uploads\/2023\/12\/cupra-que-marca-es.jpg","datePublished":"2023-12-19T08:24:37+00:00","author":{"@id":"https:\/\/www.clicars.com\/blog\/#\/schema\/person\/af686c41ba96962c68871392bf2bb62d"},"description":"\u25b7 La marca CUPRA nace con un car\u00e1cter 100% deportivo. Descubre su origen y toda su gama en este post.","breadcrumb":{"@id":"https:\/\/www.clicars.com\/blog\/actualidad\/cupra-una-marca-enfocada-a-la-deportividad\/#breadcrumb"},"inLanguage":"es","potentialAction":[{"@type":"ReadAction","target":["https:\/\/www.clicars.com\/blog\/actualidad\/cupra-una-marca-enfocada-a-la-deportividad\/"]}]},{"@type":"ImageObject","inLanguage":"es","@id":"https:\/\/www.clicars.com\/blog\/actualidad\/cupra-una-marca-enfocada-a-la-deportividad\/#primaryimage","url":"https:\/\/www.clicars.com\/blog\/wp-content\/uploads\/2023\/12\/cupra-que-marca-es.jpg","contentUrl":"https:\/\/www.clicars.com\/blog\/wp-content\/uploads\/2023\/12\/cupra-que-marca-es.jpg","width":800,"height":600,"caption":"cupra que marca es"},{"@type":"BreadcrumbList","@id":"https:\/\/www.clicars.com\/blog\/actualidad\/cupra-una-marca-enfocada-a-la-deportividad\/#breadcrumb","itemListElement":[{"@type":"ListItem","position":1,"name":"Portada","item":"https:\/\/www.clicars.com\/blog\/"},{"@type":"ListItem","position":2,"name":"CUPRA: una marca enfocada a la deportividad"}]},{"@type":"WebSite","@id":"https:\/\/www.clicars.com\/blog\/#website","url":"https:\/\/www.clicars.com\/blog\/","name":"Clicars","description":"Compra tu coche de Buena Mano sin moverte de casa","inLanguage":"es"},{"@type":"Person","@id":"https:\/\/www.clicars.com\/blog\/#\/schema\/person\/af686c41ba96962c68871392bf2bb62d","name":"Clicars","image":{"@type":"ImageObject","inLanguage":"es","@id":"https:\/\/www.clicars.com\/blog\/#\/schema\/person\/image\/","url":"https:\/\/secure.gravatar.com\/avatar\/3100622b0023049db14165cdba9dadaa9159743b871e83e440a0df9a70f80e56?s=96&d=mm&r=g","contentUrl":"https:\/\/secure.gravatar.com\/avatar\/3100622b0023049db14165cdba9dadaa9159743b871e83e440a0df9a70f80e56?s=96&d=mm&r=g","caption":"Clicars"},"sameAs":["https:\/\/www.clicars.com"],"url":"https:\/\/www.clicars.com\/blog\/author\/clicars\/"}]}},"_links":{"self":[{"href":"https:\/\/www.clicars.com\/blog\/wp-json\/wp\/v2\/posts\/12462","targetHints":{"allow":["GET"]}}],"collection":[{"href":"https:\/\/www.clicars.com\/blog\/wp-json\/wp\/v2\/posts"}],"about":[{"href":"https:\/\/www.clicars.com\/blog\/wp-json\/wp\/v2\/types\/post"}],"author":[{"embeddable":true,"href":"https:\/\/www.clicars.com\/blog\/wp-json\/wp\/v2\/users\/2"}],"replies":[{"embeddable":true,"href":"https:\/\/www.clicars.com\/blog\/wp-json\/wp\/v2\/comments?post=12462"}],"version-history":[{"count":2,"href":"https:\/\/www.clicars.com\/blog\/wp-json\/wp\/v2\/posts\/12462\/revisions"}],"predecessor-version":[{"id":12466,"href":"https:\/\/www.clicars.com\/blog\/wp-json\/wp\/v2\/posts\/12462\/revisions\/12466"}],"wp:featuredmedia":[{"embeddable":true,"href":"https:\/\/www.clicars.com\/blog\/wp-json\/wp\/v2\/media\/12463"}],"wp:attachment":[{"href":"https:\/\/www.clicars.com\/blog\/wp-json\/wp\/v2\/media?parent=12462"}],"wp:term":[{"taxonomy":"category","embeddable":true,"href":"https:\/\/www.clicars.com\/blog\/wp-json\/wp\/v2\/categories?post=12462"},{"taxonomy":"post_tag","embeddable":true,"href":"https:\/\/www.clicars.com\/blog\/wp-json\/wp\/v2\/tags?post=12462"}],"curies":[{"name":"wp","href":"https:\/\/api.w.org\/{rel}","templated":true}]}}