{"id":12469,"date":"2023-12-21T19:45:10","date_gmt":"2023-12-21T17:45:10","guid":{"rendered":"https:\/\/www.clicars.com\/blog\/?p=12469"},"modified":"2023-12-21T19:45:10","modified_gmt":"2023-12-21T17:45:10","slug":"bmw-m3-se-pasara-al-lado-electrico-de-la-impulsion","status":"publish","type":"post","link":"https:\/\/www.clicars.com\/blog\/actualidad\/bmw-m3-se-pasara-al-lado-electrico-de-la-impulsion\/","title":{"rendered":"El BMW M3 se pasar\u00e1 al lado el\u00e9ctrico de la impulsi\u00f3n"},"content":{"rendered":"<p><span style=\"font-weight: 400;\">El <\/span><b>BMW M3<\/b><span style=\"font-weight: 400;\">, f\u00e1cilmente el m\u00e1s venerado de los sedanes m\u00e1s r\u00e1pidos del segmento D, se volver\u00e1 el\u00e9ctrico a finales de la d\u00e9cada. Seg\u00fan el jefe de desarrollo de productos de <\/span><a href=\"https:\/\/www.clicars.com\/coches-segunda-mano-ocasion\/bmw\"><span style=\"font-weight: 400;\">BMW<\/span><\/a><span style=\"font-weight: 400;\">, Frank Weber, se lanzar\u00e1 a m\u00e1s tardar en 2027. Eso significa decir adi\u00f3s al propulsor de seis cilindros en l\u00ednea y dar la bienvenida a un silencioso, pero monstruosamente potente, motor el\u00e9ctrico.<\/span><\/p>\n<p><span style=\"font-weight: 400;\">Y quien dice un motor el\u00e9ctrico, dice cuatro, pues el inminente BMW M3 el\u00e9ctrico contar\u00e1 con uno en cada rueda. Esto lo convertir\u00e1 en una berlina de tracci\u00f3n total, tal y como lo es ahora. Pero que eso no desmerezca para aquellos que desean ir de lado continuamente sin preocuparse por las gomas traseras, pues la firma alemana ya ha confirmado que ofrecer\u00e1 <\/span><b>la misma diversi\u00f3n de un veh\u00edculo de propulsi\u00f3n trasera<\/b><span style=\"font-weight: 400;\">. Otra certeza que tenemos ser\u00e1 su nombre, o m\u00e1s bien c\u00f3mo no se llamar\u00e1: \u201ciM3\u201d.<\/span><\/p>\n<p><span style=\"font-weight: 400;\">En palabras de <\/span><b>Frank van Meel<\/b><span style=\"font-weight: 400;\">, CEO de BMW M, <\/span><i><span style=\"font-weight: 400;\">\u201cnunca usar\u00edamos una &#8216;i&#8217; en un M, incluso aunque fuera el\u00e9ctrico. [&#8230;] Porque un M3 ten\u00eda un motor de cuatro, seis y ocho cilindros; los de aspiraci\u00f3n natural y turboalimentados. Ahora incluso tiene un sistema xDrive, pero siempre\u00a0 fue un M3\u201d<\/span><\/i><span style=\"font-weight: 400;\">. Pero decir que nunca existir\u00e1 un BMW iM3 no es lo mismo que decir que la firma b\u00e1vara nunca har\u00e1 un sucesor del M3 propulsado por bater\u00edas. Simplemente, significa que la marca M3 es muy fuerte.<\/span><\/p>\n<p><img loading=\"lazy\" decoding=\"async\" class=\"aligncenter size-full wp-image-12472\" src=\"https:\/\/www.clicars.com\/blog\/wp-content\/uploads\/2023\/12\/bmw-serie-3-m3-electrico.jpg\" alt=\"bmw serie 3 m3 el\u00e9ctrico\" width=\"800\" height=\"600\" \/><\/p>\n<p><span style=\"font-weight: 400;\">Y debido a que el presumible BMW M3 el\u00e9ctrico <\/span><b>estar\u00e1 disponible al mismo tiempo que el M3 de combusti\u00f3n actual<\/b><span style=\"font-weight: 400;\">, imaginamos que tendr\u00e1 alg\u00fan tipo de insignia secundaria, algo del estilo como BMW usa <\/span><i><span style=\"font-weight: 400;\">\u201cCompetition\u201d<\/span><\/i><span style=\"font-weight: 400;\"> para marcar las versiones m\u00e1s populares hoy en d\u00eda, o <\/span><i><span style=\"font-weight: 400;\">\u201cxDrive\u201d<\/span><\/i><span style=\"font-weight: 400;\"> para referirse a los modelos de tracci\u00f3n total. Dado que el motor de seis cilindros en l\u00ednea y doble turbocompresor de 3.0 litros actual ha sido dise\u00f1ado para cumplir con el est\u00e1ndar de emisiones Euro 7, hay posibilidades de que todav\u00eda est\u00e9 en uso en 2027.<\/span><\/p>\n<p><i><span style=\"font-weight: 400;\">El BMW M3 el\u00e9ctrico se basar\u00e1 en la plataforma Neue Klasse \u2013\u2013anticipada por el prototipo hom\u00f3nimo en el Sal\u00f3n de Munich de 2023\u2013\u2013 y sustentar\u00e1 a la pr\u00f3xima generaci\u00f3n de la <\/span><\/i><a href=\"https:\/\/www.clicars.com\/coches-segunda-mano-ocasion\/bmw\/serie-3\"><i><span style=\"font-weight: 400;\">Serie 3<\/span><\/i><\/a><\/p>\n<p><span style=\"font-weight: 400;\">En cuanto a lo que respecta a las caracter\u00edsticas t\u00e9cnicas del nuevo modelo, la informaci\u00f3n m\u00e1s reciente sugiere que el a\u00fan secreto M3 el\u00e9ctrico se basar\u00e1 en la plataforma <\/span><b><i>Neue Klasse<\/i><\/b><span style=\"font-weight: 400;\"> de la marca. Esto nos evidencia que todav\u00eda faltan varios a\u00f1os para su producci\u00f3n, la cual se prev\u00e9 que comience en 2027. En teor\u00eda, podr\u00eda generar <\/span><b>hasta 1.341 CV (1 MW),<\/b><span style=\"font-weight: 400;\"> cortes\u00eda de un tren motriz el\u00e9ctrico de cuatro motores, aunque desde la c\u00fapula directiva de BMW M se est\u00e1 estudiando ofrecer tambi\u00e9n una versi\u00f3n de dos motores.<\/span><\/p>\n<p><span style=\"font-weight: 400;\">De acuerdo con las \u00faltimas declaraciones de la firma alemana, esta s\u00faper berlina utilizar\u00e1 un <\/span><i><span style=\"font-weight: 400;\">software <\/span><\/i><span style=\"font-weight: 400;\">de control de chasis activo con la intenci\u00f3n de <\/span><b>ofrecer un rendimiento din\u00e1mico \u201cmuy superior\u201d al de los BMW de moda de hoy<\/b><span style=\"font-weight: 400;\">. por supuesto, la fecha de lanzamiento para la pr\u00f3xima generaci\u00f3n del BMW M3 a\u00fan est\u00e1 bastante lejos, pero Weber tambi\u00e9n ha revelado que no estar\u00e1 muy lejos del lanzamiento de la plataforma <\/span><i><span style=\"font-weight: 400;\">Neue Klasse<\/span><\/i><span style=\"font-weight: 400;\"> a finales de 2025. \u00bfEst\u00e1s preperado para ver al BMW M3 siendo 100 % el\u00e9ctrico?<\/span><\/p>\n","protected":false},"excerpt":{"rendered":"<p>El BMW M3, f\u00e1cilmente el m\u00e1s venerado de los sedanes m\u00e1s r\u00e1pidos del segmento D,&#8230;<\/p>\n","protected":false},"author":2,"featured_media":12470,"comment_status":"closed","ping_status":"closed","sticky":false,"template":"","format":"standard","meta":{"footnotes":""},"categories":[5],"tags":[],"class_list":{"0":"post-12469","1":"post","2":"type-post","3":"status-publish","4":"format-standard","5":"has-post-thumbnail","7":"category-actualidad"},"yoast_head":"<!-- This site is optimized with the Yoast SEO plugin v26.8 - https:\/\/yoast.com\/product\/yoast-seo-wordpress\/ -->\n<title>El BMW M3 se pasar\u00e1 al lado el\u00e9ctrico de la impulsi\u00f3n - Clicars Blog<\/title>\n<meta name=\"description\" content=\"\u25b7 Lo \u00faltimo sobre el BMW M3. Se espera una versi\u00f3n el\u00e9ctrica de este coche ic\u00f3nico. \u00bfQuieres saber cu\u00e1ndo llegar\u00e1?\" \/>\n<meta name=\"robots\" content=\"index, follow, max-snippet:-1, max-image-preview:large, max-video-preview:-1\" \/>\n<link rel=\"canonical\" href=\"https:\/\/www.clicars.com\/blog\/actualidad\/bmw-m3-se-pasara-al-lado-electrico-de-la-impulsion\/\" \/>\n<meta property=\"og:locale\" content=\"es_ES\" \/>\n<meta property=\"og:type\" content=\"article\" \/>\n<meta property=\"og:title\" content=\"El BMW M3 se pasar\u00e1 al lado el\u00e9ctrico de la impulsi\u00f3n - Clicars Blog\" \/>\n<meta property=\"og:description\" content=\"\u25b7 Lo \u00faltimo sobre el BMW M3. Se espera una versi\u00f3n el\u00e9ctrica de este coche ic\u00f3nico. \u00bfQuieres saber cu\u00e1ndo llegar\u00e1?\" \/>\n<meta property=\"og:url\" content=\"https:\/\/www.clicars.com\/blog\/actualidad\/bmw-m3-se-pasara-al-lado-electrico-de-la-impulsion\/\" \/>\n<meta property=\"og:site_name\" content=\"Clicars\" \/>\n<meta property=\"article:published_time\" content=\"2023-12-21T17:45:10+00:00\" \/>\n<meta property=\"og:image\" content=\"https:\/\/www.clicars.com\/blog\/wp-content\/uploads\/2023\/12\/bmw-serie-3-m3.jpg\" \/>\n\t<meta property=\"og:image:width\" content=\"800\" \/>\n\t<meta property=\"og:image:height\" content=\"600\" \/>\n\t<meta property=\"og:image:type\" content=\"image\/jpeg\" \/>\n<meta name=\"author\" content=\"Clicars\" \/>\n<meta name=\"twitter:card\" content=\"summary_large_image\" \/>\n<meta name=\"twitter:label1\" content=\"Escrito por\" \/>\n\t<meta name=\"twitter:data1\" content=\"Clicars\" \/>\n\t<meta name=\"twitter:label2\" content=\"Tiempo de lectura\" \/>\n\t<meta name=\"twitter:data2\" content=\"3 minutos\" \/>\n<script type=\"application\/ld+json\" class=\"yoast-schema-graph\">{\"@context\":\"https:\/\/schema.org\",\"@graph\":[{\"@type\":\"Article\",\"@id\":\"https:\/\/www.clicars.com\/blog\/actualidad\/bmw-m3-se-pasara-al-lado-electrico-de-la-impulsion\/#article\",\"isPartOf\":{\"@id\":\"https:\/\/www.clicars.com\/blog\/actualidad\/bmw-m3-se-pasara-al-lado-electrico-de-la-impulsion\/\"},\"author\":{\"name\":\"Clicars\",\"@id\":\"https:\/\/www.clicars.com\/blog\/#\/schema\/person\/af686c41ba96962c68871392bf2bb62d\"},\"headline\":\"El BMW M3 se pasar\u00e1 al lado el\u00e9ctrico de la impulsi\u00f3n\",\"datePublished\":\"2023-12-21T17:45:10+00:00\",\"mainEntityOfPage\":{\"@id\":\"https:\/\/www.clicars.com\/blog\/actualidad\/bmw-m3-se-pasara-al-lado-electrico-de-la-impulsion\/\"},\"wordCount\":605,\"image\":{\"@id\":\"https:\/\/www.clicars.com\/blog\/actualidad\/bmw-m3-se-pasara-al-lado-electrico-de-la-impulsion\/#primaryimage\"},\"thumbnailUrl\":\"https:\/\/www.clicars.com\/blog\/wp-content\/uploads\/2023\/12\/bmw-serie-3-m3.jpg\",\"articleSection\":[\"Actualidad\"],\"inLanguage\":\"es\"},{\"@type\":[\"WebPage\",\"ItemPage\"],\"@id\":\"https:\/\/www.clicars.com\/blog\/actualidad\/bmw-m3-se-pasara-al-lado-electrico-de-la-impulsion\/\",\"url\":\"https:\/\/www.clicars.com\/blog\/actualidad\/bmw-m3-se-pasara-al-lado-electrico-de-la-impulsion\/\",\"name\":\"El BMW M3 se pasar\u00e1 al lado el\u00e9ctrico de la impulsi\u00f3n - Clicars Blog\",\"isPartOf\":{\"@id\":\"https:\/\/www.clicars.com\/blog\/#website\"},\"primaryImageOfPage\":{\"@id\":\"https:\/\/www.clicars.com\/blog\/actualidad\/bmw-m3-se-pasara-al-lado-electrico-de-la-impulsion\/#primaryimage\"},\"image\":{\"@id\":\"https:\/\/www.clicars.com\/blog\/actualidad\/bmw-m3-se-pasara-al-lado-electrico-de-la-impulsion\/#primaryimage\"},\"thumbnailUrl\":\"https:\/\/www.clicars.com\/blog\/wp-content\/uploads\/2023\/12\/bmw-serie-3-m3.jpg\",\"datePublished\":\"2023-12-21T17:45:10+00:00\",\"author\":{\"@id\":\"https:\/\/www.clicars.com\/blog\/#\/schema\/person\/af686c41ba96962c68871392bf2bb62d\"},\"description\":\"\u25b7 Lo \u00faltimo sobre el BMW M3. Se espera una versi\u00f3n el\u00e9ctrica de este coche ic\u00f3nico. \u00bfQuieres saber cu\u00e1ndo llegar\u00e1?\",\"breadcrumb\":{\"@id\":\"https:\/\/www.clicars.com\/blog\/actualidad\/bmw-m3-se-pasara-al-lado-electrico-de-la-impulsion\/#breadcrumb\"},\"inLanguage\":\"es\",\"potentialAction\":[{\"@type\":\"ReadAction\",\"target\":[\"https:\/\/www.clicars.com\/blog\/actualidad\/bmw-m3-se-pasara-al-lado-electrico-de-la-impulsion\/\"]}]},{\"@type\":\"ImageObject\",\"inLanguage\":\"es\",\"@id\":\"https:\/\/www.clicars.com\/blog\/actualidad\/bmw-m3-se-pasara-al-lado-electrico-de-la-impulsion\/#primaryimage\",\"url\":\"https:\/\/www.clicars.com\/blog\/wp-content\/uploads\/2023\/12\/bmw-serie-3-m3.jpg\",\"contentUrl\":\"https:\/\/www.clicars.com\/blog\/wp-content\/uploads\/2023\/12\/bmw-serie-3-m3.jpg\",\"width\":800,\"height\":600,\"caption\":\"bmw serie 3 m3\"},{\"@type\":\"BreadcrumbList\",\"@id\":\"https:\/\/www.clicars.com\/blog\/actualidad\/bmw-m3-se-pasara-al-lado-electrico-de-la-impulsion\/#breadcrumb\",\"itemListElement\":[{\"@type\":\"ListItem\",\"position\":1,\"name\":\"Portada\",\"item\":\"https:\/\/www.clicars.com\/blog\/\"},{\"@type\":\"ListItem\",\"position\":2,\"name\":\"El BMW M3 se pasar\u00e1 al lado el\u00e9ctrico de la impulsi\u00f3n\"}]},{\"@type\":\"WebSite\",\"@id\":\"https:\/\/www.clicars.com\/blog\/#website\",\"url\":\"https:\/\/www.clicars.com\/blog\/\",\"name\":\"Clicars\",\"description\":\"Compra tu coche de Buena Mano sin moverte de casa\",\"inLanguage\":\"es\"},{\"@type\":\"Person\",\"@id\":\"https:\/\/www.clicars.com\/blog\/#\/schema\/person\/af686c41ba96962c68871392bf2bb62d\",\"name\":\"Clicars\",\"image\":{\"@type\":\"ImageObject\",\"inLanguage\":\"es\",\"@id\":\"https:\/\/www.clicars.com\/blog\/#\/schema\/person\/image\/\",\"url\":\"https:\/\/secure.gravatar.com\/avatar\/3100622b0023049db14165cdba9dadaa9159743b871e83e440a0df9a70f80e56?s=96&d=mm&r=g\",\"contentUrl\":\"https:\/\/secure.gravatar.com\/avatar\/3100622b0023049db14165cdba9dadaa9159743b871e83e440a0df9a70f80e56?s=96&d=mm&r=g\",\"caption\":\"Clicars\"},\"sameAs\":[\"https:\/\/www.clicars.com\"],\"url\":\"https:\/\/www.clicars.com\/blog\/author\/clicars\/\"}]}<\/script>\n<!-- \/ Yoast SEO plugin. -->","yoast_head_json":{"title":"El BMW M3 se pasar\u00e1 al lado el\u00e9ctrico de la impulsi\u00f3n - Clicars Blog","description":"\u25b7 Lo \u00faltimo sobre el BMW M3. Se espera una versi\u00f3n el\u00e9ctrica de este coche ic\u00f3nico. \u00bfQuieres saber cu\u00e1ndo llegar\u00e1?","robots":{"index":"index","follow":"follow","max-snippet":"max-snippet:-1","max-image-preview":"max-image-preview:large","max-video-preview":"max-video-preview:-1"},"canonical":"https:\/\/www.clicars.com\/blog\/actualidad\/bmw-m3-se-pasara-al-lado-electrico-de-la-impulsion\/","og_locale":"es_ES","og_type":"article","og_title":"El BMW M3 se pasar\u00e1 al lado el\u00e9ctrico de la impulsi\u00f3n - Clicars Blog","og_description":"\u25b7 Lo \u00faltimo sobre el BMW M3. Se espera una versi\u00f3n el\u00e9ctrica de este coche ic\u00f3nico. \u00bfQuieres saber cu\u00e1ndo llegar\u00e1?","og_url":"https:\/\/www.clicars.com\/blog\/actualidad\/bmw-m3-se-pasara-al-lado-electrico-de-la-impulsion\/","og_site_name":"Clicars","article_published_time":"2023-12-21T17:45:10+00:00","og_image":[{"width":800,"height":600,"url":"https:\/\/www.clicars.com\/blog\/wp-content\/uploads\/2023\/12\/bmw-serie-3-m3.jpg","type":"image\/jpeg"}],"author":"Clicars","twitter_card":"summary_large_image","twitter_misc":{"Escrito por":"Clicars","Tiempo de lectura":"3 minutos"},"schema":{"@context":"https:\/\/schema.org","@graph":[{"@type":"Article","@id":"https:\/\/www.clicars.com\/blog\/actualidad\/bmw-m3-se-pasara-al-lado-electrico-de-la-impulsion\/#article","isPartOf":{"@id":"https:\/\/www.clicars.com\/blog\/actualidad\/bmw-m3-se-pasara-al-lado-electrico-de-la-impulsion\/"},"author":{"name":"Clicars","@id":"https:\/\/www.clicars.com\/blog\/#\/schema\/person\/af686c41ba96962c68871392bf2bb62d"},"headline":"El BMW M3 se pasar\u00e1 al lado el\u00e9ctrico de la impulsi\u00f3n","datePublished":"2023-12-21T17:45:10+00:00","mainEntityOfPage":{"@id":"https:\/\/www.clicars.com\/blog\/actualidad\/bmw-m3-se-pasara-al-lado-electrico-de-la-impulsion\/"},"wordCount":605,"image":{"@id":"https:\/\/www.clicars.com\/blog\/actualidad\/bmw-m3-se-pasara-al-lado-electrico-de-la-impulsion\/#primaryimage"},"thumbnailUrl":"https:\/\/www.clicars.com\/blog\/wp-content\/uploads\/2023\/12\/bmw-serie-3-m3.jpg","articleSection":["Actualidad"],"inLanguage":"es"},{"@type":["WebPage","ItemPage"],"@id":"https:\/\/www.clicars.com\/blog\/actualidad\/bmw-m3-se-pasara-al-lado-electrico-de-la-impulsion\/","url":"https:\/\/www.clicars.com\/blog\/actualidad\/bmw-m3-se-pasara-al-lado-electrico-de-la-impulsion\/","name":"El BMW M3 se pasar\u00e1 al lado el\u00e9ctrico de la impulsi\u00f3n - Clicars Blog","isPartOf":{"@id":"https:\/\/www.clicars.com\/blog\/#website"},"primaryImageOfPage":{"@id":"https:\/\/www.clicars.com\/blog\/actualidad\/bmw-m3-se-pasara-al-lado-electrico-de-la-impulsion\/#primaryimage"},"image":{"@id":"https:\/\/www.clicars.com\/blog\/actualidad\/bmw-m3-se-pasara-al-lado-electrico-de-la-impulsion\/#primaryimage"},"thumbnailUrl":"https:\/\/www.clicars.com\/blog\/wp-content\/uploads\/2023\/12\/bmw-serie-3-m3.jpg","datePublished":"2023-12-21T17:45:10+00:00","author":{"@id":"https:\/\/www.clicars.com\/blog\/#\/schema\/person\/af686c41ba96962c68871392bf2bb62d"},"description":"\u25b7 Lo \u00faltimo sobre el BMW M3. Se espera una versi\u00f3n el\u00e9ctrica de este coche ic\u00f3nico. \u00bfQuieres saber cu\u00e1ndo llegar\u00e1?","breadcrumb":{"@id":"https:\/\/www.clicars.com\/blog\/actualidad\/bmw-m3-se-pasara-al-lado-electrico-de-la-impulsion\/#breadcrumb"},"inLanguage":"es","potentialAction":[{"@type":"ReadAction","target":["https:\/\/www.clicars.com\/blog\/actualidad\/bmw-m3-se-pasara-al-lado-electrico-de-la-impulsion\/"]}]},{"@type":"ImageObject","inLanguage":"es","@id":"https:\/\/www.clicars.com\/blog\/actualidad\/bmw-m3-se-pasara-al-lado-electrico-de-la-impulsion\/#primaryimage","url":"https:\/\/www.clicars.com\/blog\/wp-content\/uploads\/2023\/12\/bmw-serie-3-m3.jpg","contentUrl":"https:\/\/www.clicars.com\/blog\/wp-content\/uploads\/2023\/12\/bmw-serie-3-m3.jpg","width":800,"height":600,"caption":"bmw serie 3 m3"},{"@type":"BreadcrumbList","@id":"https:\/\/www.clicars.com\/blog\/actualidad\/bmw-m3-se-pasara-al-lado-electrico-de-la-impulsion\/#breadcrumb","itemListElement":[{"@type":"ListItem","position":1,"name":"Portada","item":"https:\/\/www.clicars.com\/blog\/"},{"@type":"ListItem","position":2,"name":"El BMW M3 se pasar\u00e1 al lado el\u00e9ctrico de la impulsi\u00f3n"}]},{"@type":"WebSite","@id":"https:\/\/www.clicars.com\/blog\/#website","url":"https:\/\/www.clicars.com\/blog\/","name":"Clicars","description":"Compra tu coche de Buena Mano sin moverte de casa","inLanguage":"es"},{"@type":"Person","@id":"https:\/\/www.clicars.com\/blog\/#\/schema\/person\/af686c41ba96962c68871392bf2bb62d","name":"Clicars","image":{"@type":"ImageObject","inLanguage":"es","@id":"https:\/\/www.clicars.com\/blog\/#\/schema\/person\/image\/","url":"https:\/\/secure.gravatar.com\/avatar\/3100622b0023049db14165cdba9dadaa9159743b871e83e440a0df9a70f80e56?s=96&d=mm&r=g","contentUrl":"https:\/\/secure.gravatar.com\/avatar\/3100622b0023049db14165cdba9dadaa9159743b871e83e440a0df9a70f80e56?s=96&d=mm&r=g","caption":"Clicars"},"sameAs":["https:\/\/www.clicars.com"],"url":"https:\/\/www.clicars.com\/blog\/author\/clicars\/"}]}},"_links":{"self":[{"href":"https:\/\/www.clicars.com\/blog\/wp-json\/wp\/v2\/posts\/12469","targetHints":{"allow":["GET"]}}],"collection":[{"href":"https:\/\/www.clicars.com\/blog\/wp-json\/wp\/v2\/posts"}],"about":[{"href":"https:\/\/www.clicars.com\/blog\/wp-json\/wp\/v2\/types\/post"}],"author":[{"embeddable":true,"href":"https:\/\/www.clicars.com\/blog\/wp-json\/wp\/v2\/users\/2"}],"replies":[{"embeddable":true,"href":"https:\/\/www.clicars.com\/blog\/wp-json\/wp\/v2\/comments?post=12469"}],"version-history":[{"count":2,"href":"https:\/\/www.clicars.com\/blog\/wp-json\/wp\/v2\/posts\/12469\/revisions"}],"predecessor-version":[{"id":12473,"href":"https:\/\/www.clicars.com\/blog\/wp-json\/wp\/v2\/posts\/12469\/revisions\/12473"}],"wp:featuredmedia":[{"embeddable":true,"href":"https:\/\/www.clicars.com\/blog\/wp-json\/wp\/v2\/media\/12470"}],"wp:attachment":[{"href":"https:\/\/www.clicars.com\/blog\/wp-json\/wp\/v2\/media?parent=12469"}],"wp:term":[{"taxonomy":"category","embeddable":true,"href":"https:\/\/www.clicars.com\/blog\/wp-json\/wp\/v2\/categories?post=12469"},{"taxonomy":"post_tag","embeddable":true,"href":"https:\/\/www.clicars.com\/blog\/wp-json\/wp\/v2\/tags?post=12469"}],"curies":[{"name":"wp","href":"https:\/\/api.w.org\/{rel}","templated":true}]}}