{"id":12601,"date":"2024-01-30T09:51:09","date_gmt":"2024-01-30T07:51:09","guid":{"rendered":"https:\/\/www.clicars.com\/blog\/?p=12601"},"modified":"2024-01-30T09:51:09","modified_gmt":"2024-01-30T07:51:09","slug":"los-coches-con-el-maletero-mas-grande-espacio-y-capacidad","status":"publish","type":"post","link":"https:\/\/www.clicars.com\/blog\/comparativa\/los-coches-con-el-maletero-mas-grande-espacio-y-capacidad\/","title":{"rendered":"Los coches con el maletero m\u00e1s grande: espacio y capacidad"},"content":{"rendered":"<p><span style=\"font-weight: 400;\">Son muchos los requisitos que le pedimos a nuestro futuro coche: el tama\u00f1o, la potencia, el precio, el tipo de combustible\u2026 Hay numerosos elementos que debemos encajar en la ecuaci\u00f3n, pero lo cierto es que para muchos conductores<\/span><b> la capacidad del maletero<\/b><span style=\"font-weight: 400;\"> es un factor clave a la hora de elegir un nuevo veh\u00edculo. Nadie quiere un maletero donde no puedas ni llevar dos maletas. Ya sea para las aventuras familiares, el transporte de equipos deportivos o simplemente para tener espacio adicional, es evidente que<\/span><b> un maletero amplio puede marcar la diferencia.\u00a0<\/b><\/p>\n<p><span style=\"font-weight: 400;\">Por ese motivo hemos explorado algunos de los coches que m\u00e1s espacio tienen en su parte trasera, para brindarnos<\/span><b> un espacio sin l\u00edmites<\/b><span style=\"font-weight: 400;\"> y cumplir con nuestras necesidades de carga en nuestro d\u00eda a d\u00eda. Pero presta atenci\u00f3n, porque vamos a hablar de aquellos que ofrecen una mayor capacidad. Lo que no quiere decir que sea los m\u00e1s aprovechables\u2026<\/span><\/p>\n<div id=\"ez-toc-container\" class=\"ez-toc-v2_0_80 counter-hierarchy ez-toc-counter ez-toc-light-blue ez-toc-container-direction\">\n<p class=\"ez-toc-title\" style=\"cursor:inherit\">\u00cdndice de contenidos<\/p>\n<label for=\"ez-toc-cssicon-toggle-item-69ef921eae7e9\" class=\"ez-toc-cssicon-toggle-label\"><span class=\"ez-toc-cssicon\"><span class=\"eztoc-hide\" style=\"display:none;\">Toggle<\/span><span class=\"ez-toc-icon-toggle-span\"><svg style=\"fill: #999;color:#999\" xmlns=\"http:\/\/www.w3.org\/2000\/svg\" class=\"list-377408\" width=\"20px\" height=\"20px\" viewBox=\"0 0 24 24\" fill=\"none\"><path d=\"M6 6H4v2h2V6zm14 0H8v2h12V6zM4 11h2v2H4v-2zm16 0H8v2h12v-2zM4 16h2v2H4v-2zm16 0H8v2h12v-2z\" fill=\"currentColor\"><\/path><\/svg><svg style=\"fill: #999;color:#999\" class=\"arrow-unsorted-368013\" xmlns=\"http:\/\/www.w3.org\/2000\/svg\" width=\"10px\" height=\"10px\" viewBox=\"0 0 24 24\" version=\"1.2\" baseProfile=\"tiny\"><path d=\"M18.2 9.3l-6.2-6.3-6.2 6.3c-.2.2-.3.4-.3.7s.1.5.3.7c.2.2.4.3.7.3h11c.3 0 .5-.1.7-.3.2-.2.3-.5.3-.7s-.1-.5-.3-.7zM5.8 14.7l6.2 6.3 6.2-6.3c.2-.2.3-.5.3-.7s-.1-.5-.3-.7c-.2-.2-.4-.3-.7-.3h-11c-.3 0-.5.1-.7.3-.2.2-.3.5-.3.7s.1.5.3.7z\"\/><\/svg><\/span><\/span><\/label><input type=\"checkbox\"  id=\"ez-toc-cssicon-toggle-item-69ef921eae7e9\"  aria-label=\"Alternar\" \/><nav><ul class='ez-toc-list ez-toc-list-level-1 ' ><li class='ez-toc-page-1 ez-toc-heading-level-2'><a class=\"ez-toc-link ez-toc-heading-1\" href=\"https:\/\/www.clicars.com\/blog\/comparativa\/los-coches-con-el-maletero-mas-grande-espacio-y-capacidad\/#Turismos_con_el_maletero_mas_amplio\" >Turismos con el maletero m\u00e1s amplio<\/a><\/li><li class='ez-toc-page-1 ez-toc-heading-level-2'><a class=\"ez-toc-link ez-toc-heading-2\" href=\"https:\/\/www.clicars.com\/blog\/comparativa\/los-coches-con-el-maletero-mas-grande-espacio-y-capacidad\/#Coche_con_el_maletero_mas_grande_en_el_mercado\" >Coche con el maletero m\u00e1s grande en el mercado<\/a><\/li><li class='ez-toc-page-1 ez-toc-heading-level-2'><a class=\"ez-toc-link ez-toc-heading-3\" href=\"https:\/\/www.clicars.com\/blog\/comparativa\/los-coches-con-el-maletero-mas-grande-espacio-y-capacidad\/#Consejos_para_evaluar_el_espacio_del_maletero\" >Consejos para evaluar el espacio del maletero<\/a><\/li><\/ul><\/nav><\/div>\n\n<h2><span class=\"ez-toc-section\" id=\"Turismos_con_el_maletero_mas_amplio\"><\/span><span style=\"font-weight: 400;\">Turismos con el maletero m\u00e1s amplio<\/span><span class=\"ez-toc-section-end\"><\/span><\/h2>\n<p><span style=\"font-weight: 400;\">Si eres una de esas personas para las que el espacio de carga es uno de los aspectos m\u00e1s importantes en un coche, a continuaci\u00f3n encontrar\u00e1s <\/span><b>los coches con el maletero m\u00e1s grande del mercado<\/b><span style=\"font-weight: 400;\"> seg\u00fan su segmento. De esa manera podr\u00e1s elegir qu\u00e9 opci\u00f3n es la que mejor se adapta a tus necesidades o a tus gustos, pero recuerda que los segmentos inferiores, por sus dimensiones compactas, siempre ofrecer\u00e1n un menos volumen que todos aquellos modelos que superen los cinco metros.\u00a0<\/span><\/p>\n<ul>\n<li style=\"list-style-type: none;\">\n<ul>\n<li style=\"font-weight: 400;\" aria-level=\"1\"><b>SUV con el maletero m\u00e1s grande:<\/b><span style=\"font-weight: 400;\"> los todocaminos m\u00e1s grandes, en muchos casos tiene capacidad para hasta siete personas. Ese detalle obliga al comprador a elegir entre m\u00e1s ocupantes o capacidad del maletero y en eso \u00faltimo, dentro del segmento, sale ganando el <\/span><b>Audi Q7.<\/b><span style=\"font-weight: 400;\"> El coche de la marca alemana cuenta con <\/span><b>865 litros de capacidad, <\/b><span style=\"font-weight: 400;\">superando por mucho la media entre los todocaminos.\u00a0<\/span><\/li>\n<\/ul>\n<\/li>\n<\/ul>\n<ul>\n<li style=\"list-style-type: none;\"><img loading=\"lazy\" decoding=\"async\" class=\"aligncenter size-full wp-image-12602\" src=\"https:\/\/www.clicars.com\/blog\/wp-content\/uploads\/2024\/01\/audi-q7-coche-con-mas-maletero.jpg\" alt=\"audi q7 coche con mas maletero\" width=\"900\" height=\"600\" \/>\n<ul>\n<li style=\"font-weight: 400;\" aria-level=\"1\"><b>Monovolumen con el maletero m\u00e1s grande: <\/b><span style=\"font-weight: 400;\">son uno de los tipos de veh\u00edculos con una capacidad de maletero m\u00e1s pr\u00e1ctica y funcional. Aunque su carrocer\u00eda est\u00e1 evolucionando hacia una est\u00e9tica m\u00e1s SUV, eso no les ha hecho perder capacidad. Sobre todo al <\/span><b>Seat Alhambra, <\/b><span style=\"font-weight: 400;\">el monovolumen con mayor maletero gracias a sus <\/span><b>955 litros <\/b><span style=\"font-weight: 400;\">de capacidad.\u00a0<\/span><\/li>\n<li style=\"font-weight: 400;\" aria-level=\"1\"><b>Coche familiar con el maletero m\u00e1s grande:<\/b><span style=\"font-weight: 400;\"> su carrocer\u00eda tipo ranchera beneficia considerablemente a la capacidad de carga del maletero. Hasta la llegada de los SUV esta era la \u00fanica opci\u00f3n de contar con un maletero m\u00e1s grande de lo habitual, pero hay quienes siguen siendo devotos a este segmento donde el<\/span><b> Skoda Octavia Combi <\/b><span style=\"font-weight: 400;\">cuenta con el espacio m\u00e1s amplio en la parte trasera: su capacidad es de <\/span><b>660 litros.\u00a0<\/b><\/li>\n<\/ul>\n<\/li>\n<\/ul>\n<p><img loading=\"lazy\" decoding=\"async\" class=\"aligncenter size-full wp-image-12603\" src=\"https:\/\/www.clicars.com\/blog\/wp-content\/uploads\/2024\/01\/skoda-octvia-combi-maletero.jpg\" alt=\"skoda octvia combi maletero\" width=\"900\" height=\"600\" \/><\/p>\n<ul>\n<li style=\"list-style-type: none;\">\n<ul>\n<li aria-level=\"1\"><b>Berlina con el maletero m\u00e1s grande: <\/b><span style=\"font-weight: 400;\">este tipo de coche es el gran aliado de todos aquellos que siguen rehusando de los coches altos. A pesar de que no pasan por su mejor momento comercial, pues la resistencia frente a los SUV es escasa, siguen siendo una opci\u00f3n vers\u00e1til para aquellos que buscan espacio sin tener la necesidad de comprar un todocamino. En esta lista es el <\/span><b>Skoda Superb, <\/b><span style=\"font-weight: 400;\">con sus <\/span><b>625 litros de capacidad,<\/b><span style=\"font-weight: 400;\"> el modelo con el maletero m\u00e1s grande en el mercado.\u00a0<\/span><\/li>\n<\/ul>\n<\/li>\n<\/ul>\n<ul>\n<li style=\"list-style-type: none;\">\n<ul>\n<li aria-level=\"1\"><b>Compacto con el maletero m\u00e1s grande: <\/b><span style=\"font-weight: 400;\">son los coches con menos opciones de encontrar un gran maletero, pero uno de los segmentos m\u00e1s vendidos en Espa\u00f1a. Actualmente s\u00f3lo est\u00e1n superados por los SUV, a pesar de ese h\u00e1ndicap de capacidad donde es el <\/span><b>Honda Civic, <\/b><span style=\"font-weight: 400;\">con sus <\/span><b>478 litros, <\/b><span style=\"font-weight: 400;\">el que mayor espacio ofrece a los usuarios en la parte trasera. Una cifra suficiente para salir de vacaciones con la familia.\u00a0<\/span><\/li>\n<\/ul>\n<\/li>\n<\/ul>\n<h2><span class=\"ez-toc-section\" id=\"Coche_con_el_maletero_mas_grande_en_el_mercado\"><\/span><span style=\"font-weight: 400;\">Coche con el maletero m\u00e1s grande en el mercado<\/span><span class=\"ez-toc-section-end\"><\/span><\/h2>\n<p><span style=\"font-weight: 400;\">A pesar de que hist\u00f3ricamente las <\/span><b>furgonetas <\/b><span style=\"font-weight: 400;\">se han relacionado estrechamente con los profesionales, lo cierto es que cada vez son m\u00e1s las familias que apuestan por este segmento para convertirlo en su modelo de transporte\u2026 sobre todo cuando salen de la rutina. Esa transici\u00f3n se debe en gran parte a <\/span><b>una evoluci\u00f3n por parte de estos veh\u00edculos,<\/b><span style=\"font-weight: 400;\"> que se han convertido en medios de transporte <\/span><b>m\u00e1s c\u00f3modos, <\/b><span style=\"font-weight: 400;\">con mejores acabados y una mayor conectividad.<\/span><\/p>\n<p><span style=\"font-weight: 400;\">Todas esas evoluciones han llamado la atenci\u00f3n de los usuarios pero tambi\u00e9n, para aquellos que piensan mucho en el espacio, han encontrado un gran fil\u00f3n. Sobre todo en el caso del<\/span><b> Ford Grand Tourneo Connect. <\/b><span style=\"font-weight: 400;\">El coche del fabricante americano cuenta con <\/span><b>1.529 litros de capacidad. <\/b><span style=\"font-weight: 400;\">Se trata del coche con el mayor maletero del mercado y adem\u00e1s, si esa cifra ya sorprende, lo mejor de todo es que <\/span><b>puede alcanzar los 2.620 litros<\/b><span style=\"font-weight: 400;\"> si abatimos los asientos traseros. Un registro inalcanzable para el resto de segmentos pero real para las grandes familias.<\/span><\/p>\n<h2><span class=\"ez-toc-section\" id=\"Consejos_para_evaluar_el_espacio_del_maletero\"><\/span><span style=\"font-weight: 400;\">Consejos para evaluar el espacio del maletero<\/span><span class=\"ez-toc-section-end\"><\/span><\/h2>\n<p><span style=\"font-weight: 400;\">Si has decidido que en tu decisi\u00f3n va a tener prioridad<\/span><b> la capacidad del maletero, <\/b><span style=\"font-weight: 400;\">es importante que consultes las mediciones reales del espacio ya que los n\u00fameros variar\u00e1n seg\u00fan la marca y el modelo. Considera<\/span><b> la versatilidad de las configuraciones de los asientos, <\/b><span style=\"font-weight: 400;\">ya que aquellos abatibles ofrecen mayor flexibilidad para adaptarse a diferentes cargas y valora, por supuesto, las <\/span><b>comodidades y accesorios <\/b><span style=\"font-weight: 400;\">para transportar la carga.\u00a0<\/span><\/p>\n<p><span style=\"font-weight: 400;\">Contar con un maletero amplio puede ser fundamental para <\/span><b>cubrir nuestras necesidades de carga <\/b><span style=\"font-weight: 400;\">al viajar o para aquellas actividades que requieran mucho espacio. Al elegir un coche con un maletero espacioso, <\/span><b>est\u00e1s invirtiendo en la comodidad<\/b><span style=\"font-weight: 400;\"> y la funcionalidad diaria. Al fin y al cabo, la elecci\u00f3n de un coche con un maletero grande puede facilitar nuestras actividades diarias y brindar una mayor comodidad, al mismo tiempo que <\/span><b>llevas contigo todo lo que necesitas en tus viajes, <\/b><span style=\"font-weight: 400;\">sin pasar por el mal trago de tener que echar algo de menos<\/span><b>.<\/b><\/p>\n","protected":false},"excerpt":{"rendered":"<p>Son muchos los requisitos que le pedimos a nuestro futuro coche: el tama\u00f1o, la potencia,&#8230;<\/p>\n","protected":false},"author":2,"featured_media":12604,"comment_status":"closed","ping_status":"closed","sticky":false,"template":"","format":"standard","meta":{"footnotes":""},"categories":[2],"tags":[],"class_list":{"0":"post-12601","1":"post","2":"type-post","3":"status-publish","4":"format-standard","5":"has-post-thumbnail","7":"category-comparativa"},"yoast_head":"<!-- This site is optimized with the Yoast SEO plugin v26.8 - https:\/\/yoast.com\/product\/yoast-seo-wordpress\/ -->\n<title>Los coches con el maletero m\u00e1s grande - Clicars Blog<\/title>\n<meta name=\"description\" content=\"\u25b7 Estos son los coches con el maletero m\u00e1s grande de cada categor\u00eda. No te pierdas detalle y compara todos.\" \/>\n<meta name=\"robots\" content=\"index, follow, max-snippet:-1, max-image-preview:large, max-video-preview:-1\" \/>\n<link rel=\"canonical\" href=\"https:\/\/www.clicars.com\/blog\/comparativa\/los-coches-con-el-maletero-mas-grande-espacio-y-capacidad\/\" \/>\n<meta property=\"og:locale\" content=\"es_ES\" \/>\n<meta property=\"og:type\" content=\"article\" \/>\n<meta property=\"og:title\" content=\"Los coches con el maletero m\u00e1s grande - Clicars Blog\" \/>\n<meta property=\"og:description\" content=\"\u25b7 Estos son los coches con el maletero m\u00e1s grande de cada categor\u00eda. No te pierdas detalle y compara todos.\" \/>\n<meta property=\"og:url\" content=\"https:\/\/www.clicars.com\/blog\/comparativa\/los-coches-con-el-maletero-mas-grande-espacio-y-capacidad\/\" \/>\n<meta property=\"og:site_name\" content=\"Clicars\" \/>\n<meta property=\"article:published_time\" content=\"2024-01-30T07:51:09+00:00\" \/>\n<meta property=\"og:image\" content=\"https:\/\/www.clicars.com\/blog\/wp-content\/uploads\/2024\/01\/coches-com-mas-maletero.jpg\" \/>\n\t<meta property=\"og:image:width\" content=\"800\" \/>\n\t<meta property=\"og:image:height\" content=\"600\" \/>\n\t<meta property=\"og:image:type\" content=\"image\/jpeg\" \/>\n<meta name=\"author\" content=\"Clicars\" \/>\n<meta name=\"twitter:card\" content=\"summary_large_image\" \/>\n<meta name=\"twitter:label1\" content=\"Escrito por\" \/>\n\t<meta name=\"twitter:data1\" content=\"Clicars\" \/>\n\t<meta name=\"twitter:label2\" content=\"Tiempo de lectura\" \/>\n\t<meta name=\"twitter:data2\" content=\"5 minutos\" \/>\n<script type=\"application\/ld+json\" class=\"yoast-schema-graph\">{\"@context\":\"https:\/\/schema.org\",\"@graph\":[{\"@type\":\"Article\",\"@id\":\"https:\/\/www.clicars.com\/blog\/comparativa\/los-coches-con-el-maletero-mas-grande-espacio-y-capacidad\/#article\",\"isPartOf\":{\"@id\":\"https:\/\/www.clicars.com\/blog\/comparativa\/los-coches-con-el-maletero-mas-grande-espacio-y-capacidad\/\"},\"author\":{\"name\":\"Clicars\",\"@id\":\"https:\/\/www.clicars.com\/blog\/#\/schema\/person\/af686c41ba96962c68871392bf2bb62d\"},\"headline\":\"Los coches con el maletero m\u00e1s grande: espacio y capacidad\",\"datePublished\":\"2024-01-30T07:51:09+00:00\",\"mainEntityOfPage\":{\"@id\":\"https:\/\/www.clicars.com\/blog\/comparativa\/los-coches-con-el-maletero-mas-grande-espacio-y-capacidad\/\"},\"wordCount\":996,\"image\":{\"@id\":\"https:\/\/www.clicars.com\/blog\/comparativa\/los-coches-con-el-maletero-mas-grande-espacio-y-capacidad\/#primaryimage\"},\"thumbnailUrl\":\"https:\/\/www.clicars.com\/blog\/wp-content\/uploads\/2024\/01\/coches-com-mas-maletero.jpg\",\"articleSection\":[\"Comparativa\"],\"inLanguage\":\"es\"},{\"@type\":[\"WebPage\",\"ItemPage\"],\"@id\":\"https:\/\/www.clicars.com\/blog\/comparativa\/los-coches-con-el-maletero-mas-grande-espacio-y-capacidad\/\",\"url\":\"https:\/\/www.clicars.com\/blog\/comparativa\/los-coches-con-el-maletero-mas-grande-espacio-y-capacidad\/\",\"name\":\"Los coches con el maletero m\u00e1s grande - Clicars Blog\",\"isPartOf\":{\"@id\":\"https:\/\/www.clicars.com\/blog\/#website\"},\"primaryImageOfPage\":{\"@id\":\"https:\/\/www.clicars.com\/blog\/comparativa\/los-coches-con-el-maletero-mas-grande-espacio-y-capacidad\/#primaryimage\"},\"image\":{\"@id\":\"https:\/\/www.clicars.com\/blog\/comparativa\/los-coches-con-el-maletero-mas-grande-espacio-y-capacidad\/#primaryimage\"},\"thumbnailUrl\":\"https:\/\/www.clicars.com\/blog\/wp-content\/uploads\/2024\/01\/coches-com-mas-maletero.jpg\",\"datePublished\":\"2024-01-30T07:51:09+00:00\",\"author\":{\"@id\":\"https:\/\/www.clicars.com\/blog\/#\/schema\/person\/af686c41ba96962c68871392bf2bb62d\"},\"description\":\"\u25b7 Estos son los coches con el maletero m\u00e1s grande de cada categor\u00eda. No te pierdas detalle y compara todos.\",\"breadcrumb\":{\"@id\":\"https:\/\/www.clicars.com\/blog\/comparativa\/los-coches-con-el-maletero-mas-grande-espacio-y-capacidad\/#breadcrumb\"},\"inLanguage\":\"es\",\"potentialAction\":[{\"@type\":\"ReadAction\",\"target\":[\"https:\/\/www.clicars.com\/blog\/comparativa\/los-coches-con-el-maletero-mas-grande-espacio-y-capacidad\/\"]}]},{\"@type\":\"ImageObject\",\"inLanguage\":\"es\",\"@id\":\"https:\/\/www.clicars.com\/blog\/comparativa\/los-coches-con-el-maletero-mas-grande-espacio-y-capacidad\/#primaryimage\",\"url\":\"https:\/\/www.clicars.com\/blog\/wp-content\/uploads\/2024\/01\/coches-com-mas-maletero.jpg\",\"contentUrl\":\"https:\/\/www.clicars.com\/blog\/wp-content\/uploads\/2024\/01\/coches-com-mas-maletero.jpg\",\"width\":800,\"height\":600},{\"@type\":\"BreadcrumbList\",\"@id\":\"https:\/\/www.clicars.com\/blog\/comparativa\/los-coches-con-el-maletero-mas-grande-espacio-y-capacidad\/#breadcrumb\",\"itemListElement\":[{\"@type\":\"ListItem\",\"position\":1,\"name\":\"Portada\",\"item\":\"https:\/\/www.clicars.com\/blog\/\"},{\"@type\":\"ListItem\",\"position\":2,\"name\":\"Los coches con el maletero m\u00e1s grande: espacio y capacidad\"}]},{\"@type\":\"WebSite\",\"@id\":\"https:\/\/www.clicars.com\/blog\/#website\",\"url\":\"https:\/\/www.clicars.com\/blog\/\",\"name\":\"Clicars\",\"description\":\"Compra tu coche de Buena Mano sin moverte de casa\",\"inLanguage\":\"es\"},{\"@type\":\"Person\",\"@id\":\"https:\/\/www.clicars.com\/blog\/#\/schema\/person\/af686c41ba96962c68871392bf2bb62d\",\"name\":\"Clicars\",\"image\":{\"@type\":\"ImageObject\",\"inLanguage\":\"es\",\"@id\":\"https:\/\/www.clicars.com\/blog\/#\/schema\/person\/image\/\",\"url\":\"https:\/\/secure.gravatar.com\/avatar\/3100622b0023049db14165cdba9dadaa9159743b871e83e440a0df9a70f80e56?s=96&d=mm&r=g\",\"contentUrl\":\"https:\/\/secure.gravatar.com\/avatar\/3100622b0023049db14165cdba9dadaa9159743b871e83e440a0df9a70f80e56?s=96&d=mm&r=g\",\"caption\":\"Clicars\"},\"sameAs\":[\"https:\/\/www.clicars.com\"],\"url\":\"https:\/\/www.clicars.com\/blog\/author\/clicars\/\"}]}<\/script>\n<!-- \/ Yoast SEO plugin. -->","yoast_head_json":{"title":"Los coches con el maletero m\u00e1s grande - Clicars Blog","description":"\u25b7 Estos son los coches con el maletero m\u00e1s grande de cada categor\u00eda. No te pierdas detalle y compara todos.","robots":{"index":"index","follow":"follow","max-snippet":"max-snippet:-1","max-image-preview":"max-image-preview:large","max-video-preview":"max-video-preview:-1"},"canonical":"https:\/\/www.clicars.com\/blog\/comparativa\/los-coches-con-el-maletero-mas-grande-espacio-y-capacidad\/","og_locale":"es_ES","og_type":"article","og_title":"Los coches con el maletero m\u00e1s grande - Clicars Blog","og_description":"\u25b7 Estos son los coches con el maletero m\u00e1s grande de cada categor\u00eda. No te pierdas detalle y compara todos.","og_url":"https:\/\/www.clicars.com\/blog\/comparativa\/los-coches-con-el-maletero-mas-grande-espacio-y-capacidad\/","og_site_name":"Clicars","article_published_time":"2024-01-30T07:51:09+00:00","og_image":[{"width":800,"height":600,"url":"https:\/\/www.clicars.com\/blog\/wp-content\/uploads\/2024\/01\/coches-com-mas-maletero.jpg","type":"image\/jpeg"}],"author":"Clicars","twitter_card":"summary_large_image","twitter_misc":{"Escrito por":"Clicars","Tiempo de lectura":"5 minutos"},"schema":{"@context":"https:\/\/schema.org","@graph":[{"@type":"Article","@id":"https:\/\/www.clicars.com\/blog\/comparativa\/los-coches-con-el-maletero-mas-grande-espacio-y-capacidad\/#article","isPartOf":{"@id":"https:\/\/www.clicars.com\/blog\/comparativa\/los-coches-con-el-maletero-mas-grande-espacio-y-capacidad\/"},"author":{"name":"Clicars","@id":"https:\/\/www.clicars.com\/blog\/#\/schema\/person\/af686c41ba96962c68871392bf2bb62d"},"headline":"Los coches con el maletero m\u00e1s grande: espacio y capacidad","datePublished":"2024-01-30T07:51:09+00:00","mainEntityOfPage":{"@id":"https:\/\/www.clicars.com\/blog\/comparativa\/los-coches-con-el-maletero-mas-grande-espacio-y-capacidad\/"},"wordCount":996,"image":{"@id":"https:\/\/www.clicars.com\/blog\/comparativa\/los-coches-con-el-maletero-mas-grande-espacio-y-capacidad\/#primaryimage"},"thumbnailUrl":"https:\/\/www.clicars.com\/blog\/wp-content\/uploads\/2024\/01\/coches-com-mas-maletero.jpg","articleSection":["Comparativa"],"inLanguage":"es"},{"@type":["WebPage","ItemPage"],"@id":"https:\/\/www.clicars.com\/blog\/comparativa\/los-coches-con-el-maletero-mas-grande-espacio-y-capacidad\/","url":"https:\/\/www.clicars.com\/blog\/comparativa\/los-coches-con-el-maletero-mas-grande-espacio-y-capacidad\/","name":"Los coches con el maletero m\u00e1s grande - Clicars Blog","isPartOf":{"@id":"https:\/\/www.clicars.com\/blog\/#website"},"primaryImageOfPage":{"@id":"https:\/\/www.clicars.com\/blog\/comparativa\/los-coches-con-el-maletero-mas-grande-espacio-y-capacidad\/#primaryimage"},"image":{"@id":"https:\/\/www.clicars.com\/blog\/comparativa\/los-coches-con-el-maletero-mas-grande-espacio-y-capacidad\/#primaryimage"},"thumbnailUrl":"https:\/\/www.clicars.com\/blog\/wp-content\/uploads\/2024\/01\/coches-com-mas-maletero.jpg","datePublished":"2024-01-30T07:51:09+00:00","author":{"@id":"https:\/\/www.clicars.com\/blog\/#\/schema\/person\/af686c41ba96962c68871392bf2bb62d"},"description":"\u25b7 Estos son los coches con el maletero m\u00e1s grande de cada categor\u00eda. No te pierdas detalle y compara todos.","breadcrumb":{"@id":"https:\/\/www.clicars.com\/blog\/comparativa\/los-coches-con-el-maletero-mas-grande-espacio-y-capacidad\/#breadcrumb"},"inLanguage":"es","potentialAction":[{"@type":"ReadAction","target":["https:\/\/www.clicars.com\/blog\/comparativa\/los-coches-con-el-maletero-mas-grande-espacio-y-capacidad\/"]}]},{"@type":"ImageObject","inLanguage":"es","@id":"https:\/\/www.clicars.com\/blog\/comparativa\/los-coches-con-el-maletero-mas-grande-espacio-y-capacidad\/#primaryimage","url":"https:\/\/www.clicars.com\/blog\/wp-content\/uploads\/2024\/01\/coches-com-mas-maletero.jpg","contentUrl":"https:\/\/www.clicars.com\/blog\/wp-content\/uploads\/2024\/01\/coches-com-mas-maletero.jpg","width":800,"height":600},{"@type":"BreadcrumbList","@id":"https:\/\/www.clicars.com\/blog\/comparativa\/los-coches-con-el-maletero-mas-grande-espacio-y-capacidad\/#breadcrumb","itemListElement":[{"@type":"ListItem","position":1,"name":"Portada","item":"https:\/\/www.clicars.com\/blog\/"},{"@type":"ListItem","position":2,"name":"Los coches con el maletero m\u00e1s grande: espacio y capacidad"}]},{"@type":"WebSite","@id":"https:\/\/www.clicars.com\/blog\/#website","url":"https:\/\/www.clicars.com\/blog\/","name":"Clicars","description":"Compra tu coche de Buena Mano sin moverte de casa","inLanguage":"es"},{"@type":"Person","@id":"https:\/\/www.clicars.com\/blog\/#\/schema\/person\/af686c41ba96962c68871392bf2bb62d","name":"Clicars","image":{"@type":"ImageObject","inLanguage":"es","@id":"https:\/\/www.clicars.com\/blog\/#\/schema\/person\/image\/","url":"https:\/\/secure.gravatar.com\/avatar\/3100622b0023049db14165cdba9dadaa9159743b871e83e440a0df9a70f80e56?s=96&d=mm&r=g","contentUrl":"https:\/\/secure.gravatar.com\/avatar\/3100622b0023049db14165cdba9dadaa9159743b871e83e440a0df9a70f80e56?s=96&d=mm&r=g","caption":"Clicars"},"sameAs":["https:\/\/www.clicars.com"],"url":"https:\/\/www.clicars.com\/blog\/author\/clicars\/"}]}},"_links":{"self":[{"href":"https:\/\/www.clicars.com\/blog\/wp-json\/wp\/v2\/posts\/12601","targetHints":{"allow":["GET"]}}],"collection":[{"href":"https:\/\/www.clicars.com\/blog\/wp-json\/wp\/v2\/posts"}],"about":[{"href":"https:\/\/www.clicars.com\/blog\/wp-json\/wp\/v2\/types\/post"}],"author":[{"embeddable":true,"href":"https:\/\/www.clicars.com\/blog\/wp-json\/wp\/v2\/users\/2"}],"replies":[{"embeddable":true,"href":"https:\/\/www.clicars.com\/blog\/wp-json\/wp\/v2\/comments?post=12601"}],"version-history":[{"count":1,"href":"https:\/\/www.clicars.com\/blog\/wp-json\/wp\/v2\/posts\/12601\/revisions"}],"predecessor-version":[{"id":12605,"href":"https:\/\/www.clicars.com\/blog\/wp-json\/wp\/v2\/posts\/12601\/revisions\/12605"}],"wp:featuredmedia":[{"embeddable":true,"href":"https:\/\/www.clicars.com\/blog\/wp-json\/wp\/v2\/media\/12604"}],"wp:attachment":[{"href":"https:\/\/www.clicars.com\/blog\/wp-json\/wp\/v2\/media?parent=12601"}],"wp:term":[{"taxonomy":"category","embeddable":true,"href":"https:\/\/www.clicars.com\/blog\/wp-json\/wp\/v2\/categories?post=12601"},{"taxonomy":"post_tag","embeddable":true,"href":"https:\/\/www.clicars.com\/blog\/wp-json\/wp\/v2\/tags?post=12601"}],"curies":[{"name":"wp","href":"https:\/\/api.w.org\/{rel}","templated":true}]}}