{"id":12613,"date":"2024-02-02T11:21:32","date_gmt":"2024-02-02T09:21:32","guid":{"rendered":"https:\/\/www.clicars.com\/blog\/?p=12613"},"modified":"2024-01-30T10:36:36","modified_gmt":"2024-01-30T08:36:36","slug":"por-que-este-mercedes-benz-clase-g-vale-mas-de-1-millon-de-euros","status":"publish","type":"post","link":"https:\/\/www.clicars.com\/blog\/actualidad\/por-que-este-mercedes-benz-clase-g-vale-mas-de-1-millon-de-euros\/","title":{"rendered":"\u00bfPor qu\u00e9 este Mercedes-Benz Clase G vale m\u00e1s de 1 mill\u00f3n de euros?\u00a0"},"content":{"rendered":"<p><span style=\"font-weight: 400;\">El <\/span><b>Mercedes-Benz Clase G<\/b><span style=\"font-weight: 400;\"> es todo un icono en el mundo de los todoterrenos puros y duros. Si bien fue construido inicialmente como un veh\u00edculo militar, el paso de los a\u00f1os lo ha ido puliendo hacia un enfoque m\u00e1s lujoso y din\u00e1mico para un p\u00fablico m\u00e1s adinerado. Eso, por supuesto, tambi\u00e9n incluye a las potentes versiones firmadas por AMG o carrocer\u00edas de tres puertas, o incluso una vertiente descapotable.\u00a0<\/span><\/p>\n<p><span style=\"font-weight: 400;\">Esta \u00faltima hace m\u00e1s de dos d\u00e9cadas que se dej\u00f3 de fabricar, pero tambi\u00e9n es una de las m\u00e1s cotizadas. Adem\u00e1s, nunca se ofreci\u00f3 como un genuino AMG. Y es aqu\u00ed donde aparece <\/span><b>Refined Marques <\/b><span style=\"font-weight: 400;\">con un Mercedes-AMG G63 descapotable con puertas suicidas. La firma de superlujo solo construir\u00e1 20 unidades, cada una a partir de <\/span><b>1,2 millones de euros<\/b><span style=\"font-weight: 400;\">, lo que lo hace mucho m\u00e1s caro que cualquier otro Clase G que jam\u00e1s haya visto la luz. Posiblemente, incluso m\u00e1s de lo que ser\u00eda capaz de hacer Maybach (si estuviera dispuesta una vez m\u00e1s).<\/span><\/p>\n<p><img loading=\"lazy\" decoding=\"async\" class=\"aligncenter size-full wp-image-12617\" src=\"https:\/\/www.clicars.com\/blog\/wp-content\/uploads\/2024\/02\/mercedes-clase-g-mas-caro-1.jpg\" alt=\"mercedes clase g mas caro (1)\" width=\"640\" height=\"400\" \/><\/p>\n<p><span style=\"font-weight: 400;\">La historia tras este peculiar todoterreno comenz\u00f3 a trav\u00e9s de un propietario de un Clase G descapotable de casi una d\u00e9cada. Su hijo, de cinco a\u00f1os, le pregunt\u00f3 si el <\/span><b>Brabus G700 <\/b><span style=\"font-weight: 400;\">en el que viajaba pod\u00eda fabricarse con una capota blanda y un juego de puertas m\u00e1s peque\u00f1as en la zaga, facilitando el acceso a la segunda fila de asientos. Si bien la historia podr\u00eda haber terminado con un \u201cno, hijo, eso es imposible\u201d, en este caso era dif\u00edcil resistirse a esa petici\u00f3n (especialmente cuando puedes permit\u00edrtelo. As\u00ed, el deseo pronto se hizo realidad.<\/span><\/p>\n<p><span style=\"font-weight: 400;\">En 2014, la casa de la estrella lanz\u00f3 el <\/span><b>G500 Cabriolet Final Edition 200<\/b><span style=\"font-weight: 400;\">, una edici\u00f3n limitada que, como bien indica su nombre, no super\u00f3 las 200 unidades. Dada su rareza, encontrar uno en el mercado de ocasi\u00f3n es bastante complicado, y si lo consigues, prep\u00e1rate para desembolsar m\u00e1s de 300.000 euros. M\u00e1s tarde, <\/span><a href=\"https:\/\/www.clicars.com\/coches-segunda-mano-ocasion\/mercedes\"><span style=\"font-weight: 400;\">Mercedes <\/span><\/a><span style=\"font-weight: 400;\">tambi\u00e9n ofreci\u00f3 el <\/span><b>Maybach G650 Landaulet<\/b><span style=\"font-weight: 400;\">, la m\u00e1xima expresi\u00f3n del modelo de Stuttgart con la secci\u00f3n trasera del techo reemplazada por una capota de lona, \u200b\u200buna batalla ampliada y una mayor distancia al suelo.<\/span><\/p>\n<p><span style=\"font-weight: 400;\">Entonces, quien deseaba hacer feliz a su hijo ide\u00f3 un\u00a0 Mercedes-AMG G63 descapotable que fuese m\u00e1s peque\u00f1o que la habitual carrocer\u00eda de cinco puertas. Lo bueno es que el G63 no tiene problemas de potencia como se acus\u00f3 al G500 Cabriolet Final Edition, ya que su <\/span><b>V8 biturbo de 4.0 litros<\/b><span style=\"font-weight: 400;\"> entrega <\/span><b>585 CV <\/b><span style=\"font-weight: 400;\">y <\/span><b>850 Nm<\/b><span style=\"font-weight: 400;\">, suficientes para lanzar esta mole hasta los 100 km\/h 4,5 segundos y a una velocidad m\u00e1xima \u2013limitada\u2013 de 220 km\/h. Con una masa superior a las 2,5 toneladas, puedes esperar <\/span><a href=\"https:\/\/www.clicars.com\/blog\/cliconsejos\/consumo-real-del-coche-como-saber-cuanto-gasta-en-realidad-mi-vehiculo\/\"><span style=\"font-weight: 400;\">consumos <\/span><\/a><span style=\"font-weight: 400;\">de m\u00e1s de 15 l\/100 km.<\/span><\/p>\n<p><span style=\"font-weight: 400;\">Volviendo al caso que nos ocupa, cuando Refined Marques present\u00f3 su primer Mercedes-AMG G63 descapotable en una reuni\u00f3n en M\u00f3naco, algunos propietarios del G500 Cabriolet Final Edition 200 se pusieron en contacto con ellos para pedirles un poco de ayuda. Adem\u00e1s de las <\/span><b>puertas suicidas<\/b><span style=\"font-weight: 400;\">, el coche presentado en M\u00f3naco vest\u00eda una tonalidad <\/span><b><i>China Blue<\/i><\/b><span style=\"font-weight: 400;\"> que contrastaba con el interior de cuero rojo, pero hac\u00eda juego con las costuras azules, mientras que el techo en rojo combinaba con los asientos y las pinzas de freno rojas.<\/span><\/p>\n<p><span style=\"font-weight: 400;\">Refined Marques tard\u00f3 18 meses en construirlo. Para ello, contrat\u00f3 a <\/span><b>un equipo formado por mec\u00e1nicos de F\u00f3rmula 1 y de superdeportivos<\/b><span style=\"font-weight: 400;\">, centr\u00e1ndose en hacer que el mecanismo del techo fuera m\u00e1s f\u00e1cil de manejar. Ahora solo se necesitan unos simples pasos para que se desprenda. El conductor debe soltar los pestillos tanto del lado del pasajero como del del conductor, presionar el pedal del freno y presionar el bot\u00f3n que hace el resto del trabajo. Y, ciertamente, el resultado final parece haber salido directamente de las instalaciones de Mercedes.<\/span><\/p>\n<p><span style=\"font-weight: 400;\">Este <a href=\"https:\/\/www.clicars.com\/blog\/actualidad\/mercedes-clase-g-todoterreno-4x4\/\">Clase G<\/a> descapotable presentado en M\u00f3naco fue <\/span><b>uno de los 20 que se est\u00e1n fabricando<\/b><span style=\"font-weight: 400;\"> y no habr\u00e1 dos veh\u00edculos iguales, ya que los compradores podr\u00e1n personalizar la unidad en la que conducir\u00e1n a casa. Lamentablemente, parece que todas est\u00e1n destinadas al otro lado del charco. Aunque si el dinero no es un problema, \u00bfqu\u00e9 son unos cuantos miles de euros en transporte, aduanas y homologaci\u00f3n cuando vas a soltar m\u00e1s de un mill\u00f3n de euros?<\/span><\/p>\n","protected":false},"excerpt":{"rendered":"<p>El Mercedes-Benz Clase G es todo un icono en el mundo de los todoterrenos puros&#8230;<\/p>\n","protected":false},"author":2,"featured_media":12614,"comment_status":"closed","ping_status":"closed","sticky":false,"template":"","format":"standard","meta":{"footnotes":""},"categories":[5],"tags":[],"class_list":{"0":"post-12613","1":"post","2":"type-post","3":"status-publish","4":"format-standard","5":"has-post-thumbnail","7":"category-actualidad"},"yoast_head":"<!-- This site is optimized with the Yoast SEO plugin v26.8 - https:\/\/yoast.com\/product\/yoast-seo-wordpress\/ -->\n<title>El Mercedes-Benz Clase G que vale m\u00e1s de 1 mill\u00f3n de euros\u00a0- Clicars Blog<\/title>\n<meta name=\"description\" content=\"\u25b7 El Mercedes-Benz Clase G m\u00e1s caro hasta la fecha. \u00bfSabes el por qu\u00e9 de su precio? M\u00e1s de 1 mill\u00f3n de euros.\" \/>\n<meta name=\"robots\" content=\"index, follow, max-snippet:-1, max-image-preview:large, max-video-preview:-1\" \/>\n<link rel=\"canonical\" href=\"https:\/\/www.clicars.com\/blog\/actualidad\/por-que-este-mercedes-benz-clase-g-vale-mas-de-1-millon-de-euros\/\" \/>\n<meta property=\"og:locale\" content=\"es_ES\" \/>\n<meta property=\"og:type\" content=\"article\" \/>\n<meta property=\"og:title\" content=\"El Mercedes-Benz Clase G que vale m\u00e1s de 1 mill\u00f3n de euros\u00a0- Clicars Blog\" \/>\n<meta property=\"og:description\" content=\"\u25b7 El Mercedes-Benz Clase G m\u00e1s caro hasta la fecha. \u00bfSabes el por qu\u00e9 de su precio? M\u00e1s de 1 mill\u00f3n de euros.\" \/>\n<meta property=\"og:url\" content=\"https:\/\/www.clicars.com\/blog\/actualidad\/por-que-este-mercedes-benz-clase-g-vale-mas-de-1-millon-de-euros\/\" \/>\n<meta property=\"og:site_name\" content=\"Clicars\" \/>\n<meta property=\"article:published_time\" content=\"2024-02-02T09:21:32+00:00\" \/>\n<meta property=\"og:image\" content=\"https:\/\/www.clicars.com\/blog\/wp-content\/uploads\/2024\/01\/mercedes-clase-g-1-millon.png\" \/>\n\t<meta property=\"og:image:width\" content=\"1024\" \/>\n\t<meta property=\"og:image:height\" content=\"576\" \/>\n\t<meta property=\"og:image:type\" content=\"image\/png\" \/>\n<meta name=\"author\" content=\"Clicars\" \/>\n<meta name=\"twitter:card\" content=\"summary_large_image\" \/>\n<meta name=\"twitter:label1\" content=\"Escrito por\" \/>\n\t<meta name=\"twitter:data1\" content=\"Clicars\" \/>\n\t<meta name=\"twitter:label2\" content=\"Tiempo de lectura\" \/>\n\t<meta name=\"twitter:data2\" content=\"4 minutos\" \/>\n<script type=\"application\/ld+json\" class=\"yoast-schema-graph\">{\"@context\":\"https:\/\/schema.org\",\"@graph\":[{\"@type\":\"Article\",\"@id\":\"https:\/\/www.clicars.com\/blog\/actualidad\/por-que-este-mercedes-benz-clase-g-vale-mas-de-1-millon-de-euros\/#article\",\"isPartOf\":{\"@id\":\"https:\/\/www.clicars.com\/blog\/actualidad\/por-que-este-mercedes-benz-clase-g-vale-mas-de-1-millon-de-euros\/\"},\"author\":{\"name\":\"Clicars\",\"@id\":\"https:\/\/www.clicars.com\/blog\/#\/schema\/person\/af686c41ba96962c68871392bf2bb62d\"},\"headline\":\"\u00bfPor qu\u00e9 este Mercedes-Benz Clase G vale m\u00e1s de 1 mill\u00f3n de euros?\u00a0\",\"datePublished\":\"2024-02-02T09:21:32+00:00\",\"mainEntityOfPage\":{\"@id\":\"https:\/\/www.clicars.com\/blog\/actualidad\/por-que-este-mercedes-benz-clase-g-vale-mas-de-1-millon-de-euros\/\"},\"wordCount\":756,\"image\":{\"@id\":\"https:\/\/www.clicars.com\/blog\/actualidad\/por-que-este-mercedes-benz-clase-g-vale-mas-de-1-millon-de-euros\/#primaryimage\"},\"thumbnailUrl\":\"https:\/\/www.clicars.com\/blog\/wp-content\/uploads\/2024\/01\/mercedes-clase-g-1-millon.png\",\"articleSection\":[\"Actualidad\"],\"inLanguage\":\"es\"},{\"@type\":[\"WebPage\",\"ItemPage\"],\"@id\":\"https:\/\/www.clicars.com\/blog\/actualidad\/por-que-este-mercedes-benz-clase-g-vale-mas-de-1-millon-de-euros\/\",\"url\":\"https:\/\/www.clicars.com\/blog\/actualidad\/por-que-este-mercedes-benz-clase-g-vale-mas-de-1-millon-de-euros\/\",\"name\":\"El Mercedes-Benz Clase G que vale m\u00e1s de 1 mill\u00f3n de euros\u00a0- Clicars Blog\",\"isPartOf\":{\"@id\":\"https:\/\/www.clicars.com\/blog\/#website\"},\"primaryImageOfPage\":{\"@id\":\"https:\/\/www.clicars.com\/blog\/actualidad\/por-que-este-mercedes-benz-clase-g-vale-mas-de-1-millon-de-euros\/#primaryimage\"},\"image\":{\"@id\":\"https:\/\/www.clicars.com\/blog\/actualidad\/por-que-este-mercedes-benz-clase-g-vale-mas-de-1-millon-de-euros\/#primaryimage\"},\"thumbnailUrl\":\"https:\/\/www.clicars.com\/blog\/wp-content\/uploads\/2024\/01\/mercedes-clase-g-1-millon.png\",\"datePublished\":\"2024-02-02T09:21:32+00:00\",\"author\":{\"@id\":\"https:\/\/www.clicars.com\/blog\/#\/schema\/person\/af686c41ba96962c68871392bf2bb62d\"},\"description\":\"\u25b7 El Mercedes-Benz Clase G m\u00e1s caro hasta la fecha. \u00bfSabes el por qu\u00e9 de su precio? M\u00e1s de 1 mill\u00f3n de euros.\",\"breadcrumb\":{\"@id\":\"https:\/\/www.clicars.com\/blog\/actualidad\/por-que-este-mercedes-benz-clase-g-vale-mas-de-1-millon-de-euros\/#breadcrumb\"},\"inLanguage\":\"es\",\"potentialAction\":[{\"@type\":\"ReadAction\",\"target\":[\"https:\/\/www.clicars.com\/blog\/actualidad\/por-que-este-mercedes-benz-clase-g-vale-mas-de-1-millon-de-euros\/\"]}]},{\"@type\":\"ImageObject\",\"inLanguage\":\"es\",\"@id\":\"https:\/\/www.clicars.com\/blog\/actualidad\/por-que-este-mercedes-benz-clase-g-vale-mas-de-1-millon-de-euros\/#primaryimage\",\"url\":\"https:\/\/www.clicars.com\/blog\/wp-content\/uploads\/2024\/01\/mercedes-clase-g-1-millon.png\",\"contentUrl\":\"https:\/\/www.clicars.com\/blog\/wp-content\/uploads\/2024\/01\/mercedes-clase-g-1-millon.png\",\"width\":1024,\"height\":576,\"caption\":\"mercedes clase g 1 millon\"},{\"@type\":\"BreadcrumbList\",\"@id\":\"https:\/\/www.clicars.com\/blog\/actualidad\/por-que-este-mercedes-benz-clase-g-vale-mas-de-1-millon-de-euros\/#breadcrumb\",\"itemListElement\":[{\"@type\":\"ListItem\",\"position\":1,\"name\":\"Portada\",\"item\":\"https:\/\/www.clicars.com\/blog\/\"},{\"@type\":\"ListItem\",\"position\":2,\"name\":\"\u00bfPor qu\u00e9 este Mercedes-Benz Clase G vale m\u00e1s de 1 mill\u00f3n de euros?\u00a0\"}]},{\"@type\":\"WebSite\",\"@id\":\"https:\/\/www.clicars.com\/blog\/#website\",\"url\":\"https:\/\/www.clicars.com\/blog\/\",\"name\":\"Clicars\",\"description\":\"Compra tu coche de Buena Mano sin moverte de casa\",\"inLanguage\":\"es\"},{\"@type\":\"Person\",\"@id\":\"https:\/\/www.clicars.com\/blog\/#\/schema\/person\/af686c41ba96962c68871392bf2bb62d\",\"name\":\"Clicars\",\"image\":{\"@type\":\"ImageObject\",\"inLanguage\":\"es\",\"@id\":\"https:\/\/www.clicars.com\/blog\/#\/schema\/person\/image\/\",\"url\":\"https:\/\/secure.gravatar.com\/avatar\/3100622b0023049db14165cdba9dadaa9159743b871e83e440a0df9a70f80e56?s=96&d=mm&r=g\",\"contentUrl\":\"https:\/\/secure.gravatar.com\/avatar\/3100622b0023049db14165cdba9dadaa9159743b871e83e440a0df9a70f80e56?s=96&d=mm&r=g\",\"caption\":\"Clicars\"},\"sameAs\":[\"https:\/\/www.clicars.com\"],\"url\":\"https:\/\/www.clicars.com\/blog\/author\/clicars\/\"}]}<\/script>\n<!-- \/ Yoast SEO plugin. -->","yoast_head_json":{"title":"El Mercedes-Benz Clase G que vale m\u00e1s de 1 mill\u00f3n de euros\u00a0- Clicars Blog","description":"\u25b7 El Mercedes-Benz Clase G m\u00e1s caro hasta la fecha. \u00bfSabes el por qu\u00e9 de su precio? M\u00e1s de 1 mill\u00f3n de euros.","robots":{"index":"index","follow":"follow","max-snippet":"max-snippet:-1","max-image-preview":"max-image-preview:large","max-video-preview":"max-video-preview:-1"},"canonical":"https:\/\/www.clicars.com\/blog\/actualidad\/por-que-este-mercedes-benz-clase-g-vale-mas-de-1-millon-de-euros\/","og_locale":"es_ES","og_type":"article","og_title":"El Mercedes-Benz Clase G que vale m\u00e1s de 1 mill\u00f3n de euros\u00a0- Clicars Blog","og_description":"\u25b7 El Mercedes-Benz Clase G m\u00e1s caro hasta la fecha. \u00bfSabes el por qu\u00e9 de su precio? M\u00e1s de 1 mill\u00f3n de euros.","og_url":"https:\/\/www.clicars.com\/blog\/actualidad\/por-que-este-mercedes-benz-clase-g-vale-mas-de-1-millon-de-euros\/","og_site_name":"Clicars","article_published_time":"2024-02-02T09:21:32+00:00","og_image":[{"width":1024,"height":576,"url":"https:\/\/www.clicars.com\/blog\/wp-content\/uploads\/2024\/01\/mercedes-clase-g-1-millon.png","type":"image\/png"}],"author":"Clicars","twitter_card":"summary_large_image","twitter_misc":{"Escrito por":"Clicars","Tiempo de lectura":"4 minutos"},"schema":{"@context":"https:\/\/schema.org","@graph":[{"@type":"Article","@id":"https:\/\/www.clicars.com\/blog\/actualidad\/por-que-este-mercedes-benz-clase-g-vale-mas-de-1-millon-de-euros\/#article","isPartOf":{"@id":"https:\/\/www.clicars.com\/blog\/actualidad\/por-que-este-mercedes-benz-clase-g-vale-mas-de-1-millon-de-euros\/"},"author":{"name":"Clicars","@id":"https:\/\/www.clicars.com\/blog\/#\/schema\/person\/af686c41ba96962c68871392bf2bb62d"},"headline":"\u00bfPor qu\u00e9 este Mercedes-Benz Clase G vale m\u00e1s de 1 mill\u00f3n de euros?\u00a0","datePublished":"2024-02-02T09:21:32+00:00","mainEntityOfPage":{"@id":"https:\/\/www.clicars.com\/blog\/actualidad\/por-que-este-mercedes-benz-clase-g-vale-mas-de-1-millon-de-euros\/"},"wordCount":756,"image":{"@id":"https:\/\/www.clicars.com\/blog\/actualidad\/por-que-este-mercedes-benz-clase-g-vale-mas-de-1-millon-de-euros\/#primaryimage"},"thumbnailUrl":"https:\/\/www.clicars.com\/blog\/wp-content\/uploads\/2024\/01\/mercedes-clase-g-1-millon.png","articleSection":["Actualidad"],"inLanguage":"es"},{"@type":["WebPage","ItemPage"],"@id":"https:\/\/www.clicars.com\/blog\/actualidad\/por-que-este-mercedes-benz-clase-g-vale-mas-de-1-millon-de-euros\/","url":"https:\/\/www.clicars.com\/blog\/actualidad\/por-que-este-mercedes-benz-clase-g-vale-mas-de-1-millon-de-euros\/","name":"El Mercedes-Benz Clase G que vale m\u00e1s de 1 mill\u00f3n de euros\u00a0- Clicars Blog","isPartOf":{"@id":"https:\/\/www.clicars.com\/blog\/#website"},"primaryImageOfPage":{"@id":"https:\/\/www.clicars.com\/blog\/actualidad\/por-que-este-mercedes-benz-clase-g-vale-mas-de-1-millon-de-euros\/#primaryimage"},"image":{"@id":"https:\/\/www.clicars.com\/blog\/actualidad\/por-que-este-mercedes-benz-clase-g-vale-mas-de-1-millon-de-euros\/#primaryimage"},"thumbnailUrl":"https:\/\/www.clicars.com\/blog\/wp-content\/uploads\/2024\/01\/mercedes-clase-g-1-millon.png","datePublished":"2024-02-02T09:21:32+00:00","author":{"@id":"https:\/\/www.clicars.com\/blog\/#\/schema\/person\/af686c41ba96962c68871392bf2bb62d"},"description":"\u25b7 El Mercedes-Benz Clase G m\u00e1s caro hasta la fecha. \u00bfSabes el por qu\u00e9 de su precio? M\u00e1s de 1 mill\u00f3n de euros.","breadcrumb":{"@id":"https:\/\/www.clicars.com\/blog\/actualidad\/por-que-este-mercedes-benz-clase-g-vale-mas-de-1-millon-de-euros\/#breadcrumb"},"inLanguage":"es","potentialAction":[{"@type":"ReadAction","target":["https:\/\/www.clicars.com\/blog\/actualidad\/por-que-este-mercedes-benz-clase-g-vale-mas-de-1-millon-de-euros\/"]}]},{"@type":"ImageObject","inLanguage":"es","@id":"https:\/\/www.clicars.com\/blog\/actualidad\/por-que-este-mercedes-benz-clase-g-vale-mas-de-1-millon-de-euros\/#primaryimage","url":"https:\/\/www.clicars.com\/blog\/wp-content\/uploads\/2024\/01\/mercedes-clase-g-1-millon.png","contentUrl":"https:\/\/www.clicars.com\/blog\/wp-content\/uploads\/2024\/01\/mercedes-clase-g-1-millon.png","width":1024,"height":576,"caption":"mercedes clase g 1 millon"},{"@type":"BreadcrumbList","@id":"https:\/\/www.clicars.com\/blog\/actualidad\/por-que-este-mercedes-benz-clase-g-vale-mas-de-1-millon-de-euros\/#breadcrumb","itemListElement":[{"@type":"ListItem","position":1,"name":"Portada","item":"https:\/\/www.clicars.com\/blog\/"},{"@type":"ListItem","position":2,"name":"\u00bfPor qu\u00e9 este Mercedes-Benz Clase G vale m\u00e1s de 1 mill\u00f3n de euros?\u00a0"}]},{"@type":"WebSite","@id":"https:\/\/www.clicars.com\/blog\/#website","url":"https:\/\/www.clicars.com\/blog\/","name":"Clicars","description":"Compra tu coche de Buena Mano sin moverte de casa","inLanguage":"es"},{"@type":"Person","@id":"https:\/\/www.clicars.com\/blog\/#\/schema\/person\/af686c41ba96962c68871392bf2bb62d","name":"Clicars","image":{"@type":"ImageObject","inLanguage":"es","@id":"https:\/\/www.clicars.com\/blog\/#\/schema\/person\/image\/","url":"https:\/\/secure.gravatar.com\/avatar\/3100622b0023049db14165cdba9dadaa9159743b871e83e440a0df9a70f80e56?s=96&d=mm&r=g","contentUrl":"https:\/\/secure.gravatar.com\/avatar\/3100622b0023049db14165cdba9dadaa9159743b871e83e440a0df9a70f80e56?s=96&d=mm&r=g","caption":"Clicars"},"sameAs":["https:\/\/www.clicars.com"],"url":"https:\/\/www.clicars.com\/blog\/author\/clicars\/"}]}},"_links":{"self":[{"href":"https:\/\/www.clicars.com\/blog\/wp-json\/wp\/v2\/posts\/12613","targetHints":{"allow":["GET"]}}],"collection":[{"href":"https:\/\/www.clicars.com\/blog\/wp-json\/wp\/v2\/posts"}],"about":[{"href":"https:\/\/www.clicars.com\/blog\/wp-json\/wp\/v2\/types\/post"}],"author":[{"embeddable":true,"href":"https:\/\/www.clicars.com\/blog\/wp-json\/wp\/v2\/users\/2"}],"replies":[{"embeddable":true,"href":"https:\/\/www.clicars.com\/blog\/wp-json\/wp\/v2\/comments?post=12613"}],"version-history":[{"count":4,"href":"https:\/\/www.clicars.com\/blog\/wp-json\/wp\/v2\/posts\/12613\/revisions"}],"predecessor-version":[{"id":12619,"href":"https:\/\/www.clicars.com\/blog\/wp-json\/wp\/v2\/posts\/12613\/revisions\/12619"}],"wp:featuredmedia":[{"embeddable":true,"href":"https:\/\/www.clicars.com\/blog\/wp-json\/wp\/v2\/media\/12614"}],"wp:attachment":[{"href":"https:\/\/www.clicars.com\/blog\/wp-json\/wp\/v2\/media?parent=12613"}],"wp:term":[{"taxonomy":"category","embeddable":true,"href":"https:\/\/www.clicars.com\/blog\/wp-json\/wp\/v2\/categories?post=12613"},{"taxonomy":"post_tag","embeddable":true,"href":"https:\/\/www.clicars.com\/blog\/wp-json\/wp\/v2\/tags?post=12613"}],"curies":[{"name":"wp","href":"https:\/\/api.w.org\/{rel}","templated":true}]}}