{"id":12693,"date":"2024-02-22T16:49:24","date_gmt":"2024-02-22T14:49:24","guid":{"rendered":"https:\/\/www.clicars.com\/blog\/?p=12693"},"modified":"2024-02-22T16:49:24","modified_gmt":"2024-02-22T14:49:24","slug":"cinco-coches-que-la-dgt-considerara-historicos-en-2024","status":"publish","type":"post","link":"https:\/\/www.clicars.com\/blog\/actualidad\/cinco-coches-que-la-dgt-considerara-historicos-en-2024\/","title":{"rendered":"Cinco coches que la DGT considerar\u00e1 hist\u00f3ricos en 2024"},"content":{"rendered":"<p><span style=\"font-weight: 400;\">El parque m\u00f3vil espa\u00f1ol es sin duda uno de los m\u00e1s longevos en la Uni\u00f3n Europea. La edad media de los veh\u00edculos que circulan en nuestras carreteras es de<\/span><b> 13 a\u00f1os y medio,<\/b><span style=\"font-weight: 400;\"> dos por encima de la media comunitaria, y a pesar de todos los esfuerzos que se est\u00e1n llevando a cabo por renovar el parque automovil\u00edstico, lo cierto es que<\/span><b> siempre existir\u00e1n una serie de veh\u00edculos que alzar\u00e1n esa edad.\u00a0<\/b><\/p>\n<p><span style=\"font-weight: 400;\">\u00bfDe qu\u00e9 hablamos? De los<\/span><b> coches hist\u00f3ricos. <\/b><span style=\"font-weight: 400;\">Para que un coche est\u00e9 considerado como hist\u00f3rico debe reunir una serie de caracter\u00edsticas: inter\u00e9s especial, veh\u00edculo de colecci\u00f3n y antig\u00fcedad. Y es en ese \u00faltimo apartado donde est\u00e1 la clave. No es hasta el momento en el que <\/span><b>un coche cumple 30 a\u00f1os desde su fecha de matriculaci\u00f3n,<\/b><span style=\"font-weight: 400;\"> cuando se pueda catalogar como hist\u00f3rico. Antes se habr\u00e1 comprobado que se encuentra en estado original y <\/span><b>no ha sufrido cambios en sus caracter\u00edsticas o componentes principales<\/b><span style=\"font-weight: 400;\"> como el motor, frenos, direcci\u00f3n, suspensi\u00f3n o carrocer\u00eda, y a partir de ese momento, contar\u00e1 con una serie de beneficios respecto a la inspecci\u00f3n t\u00e9cnica de veh\u00edculos (ITV) o las restricciones de tr\u00e1fico.<\/span><\/p>\n<p><span style=\"font-weight: 400;\">En su p\u00e1gina web la Direcci\u00f3n General de Tr\u00e1fico (DGT), indica los requisitos necesarios para que un coche obtenga esa certificaci\u00f3n y en cuanto a su circulaci\u00f3n, se est\u00e1 preparando<\/span><b> un nuevo reglamento para estos coches <\/b><span style=\"font-weight: 400;\">que, por sorprendente que parezca, no est\u00e1n sometidos a las restricciones de circulaci\u00f3n vigentes en las zonas de bajas emisiones. Eso quiere decir que podr\u00e1s ver por el centro de la ciudad cualquier coche hist\u00f3rico de una lista, donde<\/span><b> se suman cinco modelos <\/b><span style=\"font-weight: 400;\">que destacan por su exclusividad y las sensaciones al volante. \u00a1Y a\u00fan est\u00e1s a tiempo de hacerte con una unidad a un precio razonable!<\/span><\/p>\n<div id=\"ez-toc-container\" class=\"ez-toc-v2_0_80 counter-hierarchy ez-toc-counter ez-toc-light-blue ez-toc-container-direction\">\n<p class=\"ez-toc-title\" style=\"cursor:inherit\">\u00cdndice de contenidos<\/p>\n<label for=\"ez-toc-cssicon-toggle-item-69f4b57223de7\" class=\"ez-toc-cssicon-toggle-label\"><span class=\"ez-toc-cssicon\"><span class=\"eztoc-hide\" style=\"display:none;\">Toggle<\/span><span class=\"ez-toc-icon-toggle-span\"><svg style=\"fill: #999;color:#999\" xmlns=\"http:\/\/www.w3.org\/2000\/svg\" class=\"list-377408\" width=\"20px\" height=\"20px\" viewBox=\"0 0 24 24\" fill=\"none\"><path d=\"M6 6H4v2h2V6zm14 0H8v2h12V6zM4 11h2v2H4v-2zm16 0H8v2h12v-2zM4 16h2v2H4v-2zm16 0H8v2h12v-2z\" fill=\"currentColor\"><\/path><\/svg><svg style=\"fill: #999;color:#999\" class=\"arrow-unsorted-368013\" xmlns=\"http:\/\/www.w3.org\/2000\/svg\" width=\"10px\" height=\"10px\" viewBox=\"0 0 24 24\" version=\"1.2\" baseProfile=\"tiny\"><path d=\"M18.2 9.3l-6.2-6.3-6.2 6.3c-.2.2-.3.4-.3.7s.1.5.3.7c.2.2.4.3.7.3h11c.3 0 .5-.1.7-.3.2-.2.3-.5.3-.7s-.1-.5-.3-.7zM5.8 14.7l6.2 6.3 6.2-6.3c.2-.2.3-.5.3-.7s-.1-.5-.3-.7c-.2-.2-.4-.3-.7-.3h-11c-.3 0-.5.1-.7.3-.2.2-.3.5-.3.7s.1.5.3.7z\"\/><\/svg><\/span><\/span><\/label><input type=\"checkbox\"  id=\"ez-toc-cssicon-toggle-item-69f4b57223de7\"  aria-label=\"Alternar\" \/><nav><ul class='ez-toc-list ez-toc-list-level-1 ' ><li class='ez-toc-page-1 ez-toc-heading-level-2'><a class=\"ez-toc-link ez-toc-heading-1\" href=\"https:\/\/www.clicars.com\/blog\/actualidad\/cinco-coches-que-la-dgt-considerara-historicos-en-2024\/#Porsche_Boxster\" >Porsche Boxster<\/a><\/li><li class='ez-toc-page-1 ez-toc-heading-level-2'><a class=\"ez-toc-link ez-toc-heading-2\" href=\"https:\/\/www.clicars.com\/blog\/actualidad\/cinco-coches-que-la-dgt-considerara-historicos-en-2024\/#BMW_Z3\" >BMW Z3<\/a><\/li><li class='ez-toc-page-1 ez-toc-heading-level-2'><a class=\"ez-toc-link ez-toc-heading-3\" href=\"https:\/\/www.clicars.com\/blog\/actualidad\/cinco-coches-que-la-dgt-considerara-historicos-en-2024\/#Volvo_480\" >Volvo 480<\/a><\/li><li class='ez-toc-page-1 ez-toc-heading-level-2'><a class=\"ez-toc-link ez-toc-heading-4\" href=\"https:\/\/www.clicars.com\/blog\/actualidad\/cinco-coches-que-la-dgt-considerara-historicos-en-2024\/#Audi_TT\" >Audi TT<\/a><\/li><li class='ez-toc-page-1 ez-toc-heading-level-2'><a class=\"ez-toc-link ez-toc-heading-5\" href=\"https:\/\/www.clicars.com\/blog\/actualidad\/cinco-coches-que-la-dgt-considerara-historicos-en-2024\/#Mercedes_SLK\" >Mercedes SLK<\/a><\/li><\/ul><\/nav><\/div>\n\n<h2><span class=\"ez-toc-section\" id=\"Porsche_Boxster\"><\/span><span style=\"font-weight: 400;\">Porsche Boxster<\/span><span class=\"ez-toc-section-end\"><\/span><\/h2>\n<p><span style=\"font-weight: 400;\">La primera generaci\u00f3n de este superdeportivo <\/span><b>vio la luz en 1997.<\/b><span style=\"font-weight: 400;\"> Eso quiere decir que en tres a\u00f1os estar\u00e1 de aniversario por todo lo alto y cumplir\u00e1 los 30, ya considerado como un coche hist\u00f3rico. Sali\u00f3 al mercado con un<\/span><b> motor b\u00f3xer de gasolina 2.5 situado en posici\u00f3n central y con 204 CV de potencia.<\/b><span style=\"font-weight: 400;\"> Esta generaci\u00f3n se denomin\u00f3 986 y sus rasgos eran un cap\u00f3 largo, buena distancia entre ejes, una cabina justo delante del motor y un escape central indicando que el motor estaba cerca&#8230; pero m\u00e1s lejos que en un 911. Precisamente fue <\/span><b>el segundo modelo m\u00e1s vendido junto a ese ic\u00f3nico 911<\/b><span style=\"font-weight: 400;\"> y naci\u00f3 para ser el nuevo deportivo de acceso de Porsche. Triunf\u00f3 r\u00e1pidamente luchando contra los prejuicios y la crisis financiera que atravesaba la marca de Stuttgart, y desarrollaron<\/span><b> cuatro generaciones de \u00e9xito <\/b><span style=\"font-weight: 400;\">que tuvieron su origen en este modelo para la historia.<\/span><\/p>\n<p><img loading=\"lazy\" decoding=\"async\" class=\"aligncenter size-full wp-image-12695\" src=\"https:\/\/www.clicars.com\/blog\/wp-content\/uploads\/2024\/02\/coches-historicos-en-2024.jpg\" alt=\"coches historicos en 2024\" width=\"800\" height=\"600\" \/><\/p>\n<h2><span class=\"ez-toc-section\" id=\"BMW_Z3\"><\/span><span style=\"font-weight: 400;\">BMW Z3<\/span><span class=\"ez-toc-section-end\"><\/span><\/h2>\n<p><span style=\"font-weight: 400;\">Apenas faltan cuatro a\u00f1os para que el BMW Z3 est\u00e9 de celebraci\u00f3n por todo lo alto y cumpla esos 30 a\u00f1os que son necesarios para asentarse definitivamente como hist\u00f3rico, aunque ya estar\u00e1 considerado como tal. Este lanzamiento que<\/span> <span style=\"font-weight: 400;\">lleg\u00f3 al mercado en 1996, supuso <\/span><b>la vuelta de los roadsters a la marca alemana<\/b><span style=\"font-weight: 400;\"> y desde un principio naci\u00f3 con vocaci\u00f3n de cl\u00e1sico, no s\u00f3lo en sus formas y soluciones t\u00e9cnicas, sino tambi\u00e9n por su concepci\u00f3n y conducci\u00f3n. Este <\/span><b>biplaza descapotable apost\u00f3 por los motores tetracil\u00edndricos, <\/b><span style=\"font-weight: 400;\">aunque un a\u00f1o m\u00e1s tarde se le unieron los demandados seis cilindros (2.8 y 3.2), y con el paso del tiempo <\/span><b>su valor ha ido en alza <\/b><span style=\"font-weight: 400;\">hasta el punto, de que ser\u00e1 historia del automovilismo.<\/span><\/p>\n<h2><span class=\"ez-toc-section\" id=\"Volvo_480\"><\/span><span style=\"font-weight: 400;\">Volvo 480<\/span><span class=\"ez-toc-section-end\"><\/span><\/h2>\n<p><span style=\"font-weight: 400;\">Era el coche que nadie esperaba, pero al mismo tiemp<\/span>o<b> un modelo tan equilibrado como original. <\/b><span style=\"font-weight: 400;\">El Volvo 480 supuso una aut\u00e9ntica revoluci\u00f3n para la marca ya que despu\u00e9s de casi 60 a\u00f1os de historia, en 1985 cambi\u00f3 por completo la tendencia:<\/span><b> fue el primer modelo con tracci\u00f3n delantera.<\/b><span style=\"font-weight: 400;\"> Hoy en d\u00eda todos los Volvo tienen tracci\u00f3n delantera o a las cuatro ruedas, pero en su momento ese cambio supuso una nueva era t\u00e9cnica adem\u00e1s de visual. El modelo en cuesti\u00f3n dio paso a un cambio estil\u00edstico que alej\u00f3 a la marca de su ic\u00f3nica imagen gris. El 480 llam\u00f3 la atenci\u00f3n inmediatamente y lo hizo<\/span><b> sin perder un \u00e1pice de credibilidad en la fiabilidad y seguridad <\/b><span style=\"font-weight: 400;\">de las que siempre ha hecho gala la marca.<\/span><\/p>\n<h2><span class=\"ez-toc-section\" id=\"Audi_TT\"><\/span><span style=\"font-weight: 400;\">Audi TT<\/span><span class=\"ez-toc-section-end\"><\/span><\/h2>\n<p><span style=\"font-weight: 400;\">Por primera vez sali\u00f3 a la luz en el Sal\u00f3n del Autom\u00f3vil de Frankfurt en 1995 y tres a\u00f1os despu\u00e9s, se lanz\u00f3 este deportivo alem\u00e1n con <\/span><b>un dise\u00f1o rompedor y una amplia gama mec\u00e1nica. <\/b><span style=\"font-weight: 400;\">El Audi TT se present\u00f3 como un coup\u00e9 con potencias que iban desde los 150 a los 225 CV. En un mercado dominado por los SUV y los crossover, consigui\u00f3 sobrevivir un cuarto de siglo y desde el 18 de febrero de 1998 hasta el 10 de noviembre de 2023, la firma de los cuatro aros <\/span><b>ensambl\u00f3 un total de 662.762 ejemplares. <\/b>N<span style=\"font-weight: 400;\">i siquiera hace un a\u00f1o que el ya legendario &#8216;Tourist Trophy&#8217; haya dejado de producirse, pero despu\u00e9s de tres generaciones su historia no ha hecho m\u00e1s que comenzar.\u00a0<\/span><\/p>\n<h2><span class=\"ez-toc-section\" id=\"Mercedes_SLK\"><\/span><span style=\"font-weight: 400;\">Mercedes SLK<\/span><span class=\"ez-toc-section-end\"><\/span><\/h2>\n<p><span style=\"font-weight: 400;\">Este carism\u00e1tico modelo se lanz\u00f3 en 1996. Mercedes se sac\u00f3 de la chistera <\/span><b>un nuevo concepto de veh\u00edculo, <\/b><span style=\"font-weight: 400;\">que tom\u00f3 forma de roadster biplaza acompa\u00f1ado por un techo r\u00edgido plegable que acabar\u00eda convirti\u00e9ndose en una oleada imparable de coup\u00e9-cabriolet en los a\u00f1os posteriores. El SLK fue<\/span><b> el biplaza descapotable insignia de la marca alemana<\/b><span style=\"font-weight: 400;\"> (se desarroll\u00f3 como el hermano peque\u00f1o del Mercedes SL) y en su lanzamiento, contaba con <\/span><b>dos motores de cuatro cilindros y 136 o 193 CV.<\/b><span style=\"font-weight: 400;\"> A pesar de sus caracter\u00edsticas, introdujo algunas novedades interesantes en materia de seguridad y de hecho, recibi\u00f3 muy buenas puntuaciones en las pruebas de choque de la \u00e9poca, incluidas las de vuelco.<\/span><\/p>\n","protected":false},"excerpt":{"rendered":"<p>El parque m\u00f3vil espa\u00f1ol es sin duda uno de los m\u00e1s longevos en la Uni\u00f3n&#8230;<\/p>\n","protected":false},"author":2,"featured_media":12694,"comment_status":"closed","ping_status":"closed","sticky":false,"template":"","format":"standard","meta":{"footnotes":""},"categories":[5],"tags":[],"class_list":{"0":"post-12693","1":"post","2":"type-post","3":"status-publish","4":"format-standard","5":"has-post-thumbnail","7":"category-actualidad"},"yoast_head":"<!-- This site is optimized with the Yoast SEO plugin v26.8 - https:\/\/yoast.com\/product\/yoast-seo-wordpress\/ -->\n<title>Cinco coches que la DGT considerar\u00e1 hist\u00f3ricos en 2024 - Clicars Blog<\/title>\n<meta name=\"description\" content=\"\u25b7 Estos 5 coches pasar\u00e1n a ser hist\u00f3ricos en 2024. \u00bfLo sab\u00edas? Desubre cuales son estos cochazos que han hecho historia.\" \/>\n<meta name=\"robots\" content=\"index, follow, max-snippet:-1, max-image-preview:large, max-video-preview:-1\" \/>\n<link rel=\"canonical\" href=\"https:\/\/www.clicars.com\/blog\/actualidad\/cinco-coches-que-la-dgt-considerara-historicos-en-2024\/\" \/>\n<meta property=\"og:locale\" content=\"es_ES\" \/>\n<meta property=\"og:type\" content=\"article\" \/>\n<meta property=\"og:title\" content=\"Cinco coches que la DGT considerar\u00e1 hist\u00f3ricos en 2024 - Clicars Blog\" \/>\n<meta property=\"og:description\" content=\"\u25b7 Estos 5 coches pasar\u00e1n a ser hist\u00f3ricos en 2024. \u00bfLo sab\u00edas? Desubre cuales son estos cochazos que han hecho historia.\" \/>\n<meta property=\"og:url\" content=\"https:\/\/www.clicars.com\/blog\/actualidad\/cinco-coches-que-la-dgt-considerara-historicos-en-2024\/\" \/>\n<meta property=\"og:site_name\" content=\"Clicars\" \/>\n<meta property=\"article:published_time\" content=\"2024-02-22T14:49:24+00:00\" \/>\n<meta property=\"og:image\" content=\"https:\/\/www.clicars.com\/blog\/wp-content\/uploads\/2024\/02\/top-5-coches-historicos.jpg\" \/>\n\t<meta property=\"og:image:width\" content=\"800\" \/>\n\t<meta property=\"og:image:height\" content=\"600\" \/>\n\t<meta property=\"og:image:type\" content=\"image\/jpeg\" \/>\n<meta name=\"author\" content=\"Clicars\" \/>\n<meta name=\"twitter:card\" content=\"summary_large_image\" \/>\n<meta name=\"twitter:label1\" content=\"Escrito por\" \/>\n\t<meta name=\"twitter:data1\" content=\"Clicars\" \/>\n\t<meta name=\"twitter:label2\" content=\"Tiempo de lectura\" \/>\n\t<meta name=\"twitter:data2\" content=\"5 minutos\" \/>\n<script type=\"application\/ld+json\" class=\"yoast-schema-graph\">{\"@context\":\"https:\/\/schema.org\",\"@graph\":[{\"@type\":\"Article\",\"@id\":\"https:\/\/www.clicars.com\/blog\/actualidad\/cinco-coches-que-la-dgt-considerara-historicos-en-2024\/#article\",\"isPartOf\":{\"@id\":\"https:\/\/www.clicars.com\/blog\/actualidad\/cinco-coches-que-la-dgt-considerara-historicos-en-2024\/\"},\"author\":{\"name\":\"Clicars\",\"@id\":\"https:\/\/www.clicars.com\/blog\/#\/schema\/person\/af686c41ba96962c68871392bf2bb62d\"},\"headline\":\"Cinco coches que la DGT considerar\u00e1 hist\u00f3ricos en 2024\",\"datePublished\":\"2024-02-22T14:49:24+00:00\",\"mainEntityOfPage\":{\"@id\":\"https:\/\/www.clicars.com\/blog\/actualidad\/cinco-coches-que-la-dgt-considerara-historicos-en-2024\/\"},\"wordCount\":1010,\"image\":{\"@id\":\"https:\/\/www.clicars.com\/blog\/actualidad\/cinco-coches-que-la-dgt-considerara-historicos-en-2024\/#primaryimage\"},\"thumbnailUrl\":\"https:\/\/www.clicars.com\/blog\/wp-content\/uploads\/2024\/02\/top-5-coches-historicos.jpg\",\"articleSection\":[\"Actualidad\"],\"inLanguage\":\"es\"},{\"@type\":[\"WebPage\",\"ItemPage\"],\"@id\":\"https:\/\/www.clicars.com\/blog\/actualidad\/cinco-coches-que-la-dgt-considerara-historicos-en-2024\/\",\"url\":\"https:\/\/www.clicars.com\/blog\/actualidad\/cinco-coches-que-la-dgt-considerara-historicos-en-2024\/\",\"name\":\"Cinco coches que la DGT considerar\u00e1 hist\u00f3ricos en 2024 - Clicars Blog\",\"isPartOf\":{\"@id\":\"https:\/\/www.clicars.com\/blog\/#website\"},\"primaryImageOfPage\":{\"@id\":\"https:\/\/www.clicars.com\/blog\/actualidad\/cinco-coches-que-la-dgt-considerara-historicos-en-2024\/#primaryimage\"},\"image\":{\"@id\":\"https:\/\/www.clicars.com\/blog\/actualidad\/cinco-coches-que-la-dgt-considerara-historicos-en-2024\/#primaryimage\"},\"thumbnailUrl\":\"https:\/\/www.clicars.com\/blog\/wp-content\/uploads\/2024\/02\/top-5-coches-historicos.jpg\",\"datePublished\":\"2024-02-22T14:49:24+00:00\",\"author\":{\"@id\":\"https:\/\/www.clicars.com\/blog\/#\/schema\/person\/af686c41ba96962c68871392bf2bb62d\"},\"description\":\"\u25b7 Estos 5 coches pasar\u00e1n a ser hist\u00f3ricos en 2024. \u00bfLo sab\u00edas? Desubre cuales son estos cochazos que han hecho historia.\",\"breadcrumb\":{\"@id\":\"https:\/\/www.clicars.com\/blog\/actualidad\/cinco-coches-que-la-dgt-considerara-historicos-en-2024\/#breadcrumb\"},\"inLanguage\":\"es\",\"potentialAction\":[{\"@type\":\"ReadAction\",\"target\":[\"https:\/\/www.clicars.com\/blog\/actualidad\/cinco-coches-que-la-dgt-considerara-historicos-en-2024\/\"]}]},{\"@type\":\"ImageObject\",\"inLanguage\":\"es\",\"@id\":\"https:\/\/www.clicars.com\/blog\/actualidad\/cinco-coches-que-la-dgt-considerara-historicos-en-2024\/#primaryimage\",\"url\":\"https:\/\/www.clicars.com\/blog\/wp-content\/uploads\/2024\/02\/top-5-coches-historicos.jpg\",\"contentUrl\":\"https:\/\/www.clicars.com\/blog\/wp-content\/uploads\/2024\/02\/top-5-coches-historicos.jpg\",\"width\":800,\"height\":600,\"caption\":\"top 5 coches historicos\"},{\"@type\":\"BreadcrumbList\",\"@id\":\"https:\/\/www.clicars.com\/blog\/actualidad\/cinco-coches-que-la-dgt-considerara-historicos-en-2024\/#breadcrumb\",\"itemListElement\":[{\"@type\":\"ListItem\",\"position\":1,\"name\":\"Portada\",\"item\":\"https:\/\/www.clicars.com\/blog\/\"},{\"@type\":\"ListItem\",\"position\":2,\"name\":\"Cinco coches que la DGT considerar\u00e1 hist\u00f3ricos en 2024\"}]},{\"@type\":\"WebSite\",\"@id\":\"https:\/\/www.clicars.com\/blog\/#website\",\"url\":\"https:\/\/www.clicars.com\/blog\/\",\"name\":\"Clicars\",\"description\":\"Compra tu coche de Buena Mano sin moverte de casa\",\"inLanguage\":\"es\"},{\"@type\":\"Person\",\"@id\":\"https:\/\/www.clicars.com\/blog\/#\/schema\/person\/af686c41ba96962c68871392bf2bb62d\",\"name\":\"Clicars\",\"image\":{\"@type\":\"ImageObject\",\"inLanguage\":\"es\",\"@id\":\"https:\/\/www.clicars.com\/blog\/#\/schema\/person\/image\/\",\"url\":\"https:\/\/secure.gravatar.com\/avatar\/3100622b0023049db14165cdba9dadaa9159743b871e83e440a0df9a70f80e56?s=96&d=mm&r=g\",\"contentUrl\":\"https:\/\/secure.gravatar.com\/avatar\/3100622b0023049db14165cdba9dadaa9159743b871e83e440a0df9a70f80e56?s=96&d=mm&r=g\",\"caption\":\"Clicars\"},\"sameAs\":[\"https:\/\/www.clicars.com\"],\"url\":\"https:\/\/www.clicars.com\/blog\/author\/clicars\/\"}]}<\/script>\n<!-- \/ Yoast SEO plugin. -->","yoast_head_json":{"title":"Cinco coches que la DGT considerar\u00e1 hist\u00f3ricos en 2024 - Clicars Blog","description":"\u25b7 Estos 5 coches pasar\u00e1n a ser hist\u00f3ricos en 2024. \u00bfLo sab\u00edas? Desubre cuales son estos cochazos que han hecho historia.","robots":{"index":"index","follow":"follow","max-snippet":"max-snippet:-1","max-image-preview":"max-image-preview:large","max-video-preview":"max-video-preview:-1"},"canonical":"https:\/\/www.clicars.com\/blog\/actualidad\/cinco-coches-que-la-dgt-considerara-historicos-en-2024\/","og_locale":"es_ES","og_type":"article","og_title":"Cinco coches que la DGT considerar\u00e1 hist\u00f3ricos en 2024 - Clicars Blog","og_description":"\u25b7 Estos 5 coches pasar\u00e1n a ser hist\u00f3ricos en 2024. \u00bfLo sab\u00edas? Desubre cuales son estos cochazos que han hecho historia.","og_url":"https:\/\/www.clicars.com\/blog\/actualidad\/cinco-coches-que-la-dgt-considerara-historicos-en-2024\/","og_site_name":"Clicars","article_published_time":"2024-02-22T14:49:24+00:00","og_image":[{"width":800,"height":600,"url":"https:\/\/www.clicars.com\/blog\/wp-content\/uploads\/2024\/02\/top-5-coches-historicos.jpg","type":"image\/jpeg"}],"author":"Clicars","twitter_card":"summary_large_image","twitter_misc":{"Escrito por":"Clicars","Tiempo de lectura":"5 minutos"},"schema":{"@context":"https:\/\/schema.org","@graph":[{"@type":"Article","@id":"https:\/\/www.clicars.com\/blog\/actualidad\/cinco-coches-que-la-dgt-considerara-historicos-en-2024\/#article","isPartOf":{"@id":"https:\/\/www.clicars.com\/blog\/actualidad\/cinco-coches-que-la-dgt-considerara-historicos-en-2024\/"},"author":{"name":"Clicars","@id":"https:\/\/www.clicars.com\/blog\/#\/schema\/person\/af686c41ba96962c68871392bf2bb62d"},"headline":"Cinco coches que la DGT considerar\u00e1 hist\u00f3ricos en 2024","datePublished":"2024-02-22T14:49:24+00:00","mainEntityOfPage":{"@id":"https:\/\/www.clicars.com\/blog\/actualidad\/cinco-coches-que-la-dgt-considerara-historicos-en-2024\/"},"wordCount":1010,"image":{"@id":"https:\/\/www.clicars.com\/blog\/actualidad\/cinco-coches-que-la-dgt-considerara-historicos-en-2024\/#primaryimage"},"thumbnailUrl":"https:\/\/www.clicars.com\/blog\/wp-content\/uploads\/2024\/02\/top-5-coches-historicos.jpg","articleSection":["Actualidad"],"inLanguage":"es"},{"@type":["WebPage","ItemPage"],"@id":"https:\/\/www.clicars.com\/blog\/actualidad\/cinco-coches-que-la-dgt-considerara-historicos-en-2024\/","url":"https:\/\/www.clicars.com\/blog\/actualidad\/cinco-coches-que-la-dgt-considerara-historicos-en-2024\/","name":"Cinco coches que la DGT considerar\u00e1 hist\u00f3ricos en 2024 - Clicars Blog","isPartOf":{"@id":"https:\/\/www.clicars.com\/blog\/#website"},"primaryImageOfPage":{"@id":"https:\/\/www.clicars.com\/blog\/actualidad\/cinco-coches-que-la-dgt-considerara-historicos-en-2024\/#primaryimage"},"image":{"@id":"https:\/\/www.clicars.com\/blog\/actualidad\/cinco-coches-que-la-dgt-considerara-historicos-en-2024\/#primaryimage"},"thumbnailUrl":"https:\/\/www.clicars.com\/blog\/wp-content\/uploads\/2024\/02\/top-5-coches-historicos.jpg","datePublished":"2024-02-22T14:49:24+00:00","author":{"@id":"https:\/\/www.clicars.com\/blog\/#\/schema\/person\/af686c41ba96962c68871392bf2bb62d"},"description":"\u25b7 Estos 5 coches pasar\u00e1n a ser hist\u00f3ricos en 2024. \u00bfLo sab\u00edas? Desubre cuales son estos cochazos que han hecho historia.","breadcrumb":{"@id":"https:\/\/www.clicars.com\/blog\/actualidad\/cinco-coches-que-la-dgt-considerara-historicos-en-2024\/#breadcrumb"},"inLanguage":"es","potentialAction":[{"@type":"ReadAction","target":["https:\/\/www.clicars.com\/blog\/actualidad\/cinco-coches-que-la-dgt-considerara-historicos-en-2024\/"]}]},{"@type":"ImageObject","inLanguage":"es","@id":"https:\/\/www.clicars.com\/blog\/actualidad\/cinco-coches-que-la-dgt-considerara-historicos-en-2024\/#primaryimage","url":"https:\/\/www.clicars.com\/blog\/wp-content\/uploads\/2024\/02\/top-5-coches-historicos.jpg","contentUrl":"https:\/\/www.clicars.com\/blog\/wp-content\/uploads\/2024\/02\/top-5-coches-historicos.jpg","width":800,"height":600,"caption":"top 5 coches historicos"},{"@type":"BreadcrumbList","@id":"https:\/\/www.clicars.com\/blog\/actualidad\/cinco-coches-que-la-dgt-considerara-historicos-en-2024\/#breadcrumb","itemListElement":[{"@type":"ListItem","position":1,"name":"Portada","item":"https:\/\/www.clicars.com\/blog\/"},{"@type":"ListItem","position":2,"name":"Cinco coches que la DGT considerar\u00e1 hist\u00f3ricos en 2024"}]},{"@type":"WebSite","@id":"https:\/\/www.clicars.com\/blog\/#website","url":"https:\/\/www.clicars.com\/blog\/","name":"Clicars","description":"Compra tu coche de Buena Mano sin moverte de casa","inLanguage":"es"},{"@type":"Person","@id":"https:\/\/www.clicars.com\/blog\/#\/schema\/person\/af686c41ba96962c68871392bf2bb62d","name":"Clicars","image":{"@type":"ImageObject","inLanguage":"es","@id":"https:\/\/www.clicars.com\/blog\/#\/schema\/person\/image\/","url":"https:\/\/secure.gravatar.com\/avatar\/3100622b0023049db14165cdba9dadaa9159743b871e83e440a0df9a70f80e56?s=96&d=mm&r=g","contentUrl":"https:\/\/secure.gravatar.com\/avatar\/3100622b0023049db14165cdba9dadaa9159743b871e83e440a0df9a70f80e56?s=96&d=mm&r=g","caption":"Clicars"},"sameAs":["https:\/\/www.clicars.com"],"url":"https:\/\/www.clicars.com\/blog\/author\/clicars\/"}]}},"_links":{"self":[{"href":"https:\/\/www.clicars.com\/blog\/wp-json\/wp\/v2\/posts\/12693","targetHints":{"allow":["GET"]}}],"collection":[{"href":"https:\/\/www.clicars.com\/blog\/wp-json\/wp\/v2\/posts"}],"about":[{"href":"https:\/\/www.clicars.com\/blog\/wp-json\/wp\/v2\/types\/post"}],"author":[{"embeddable":true,"href":"https:\/\/www.clicars.com\/blog\/wp-json\/wp\/v2\/users\/2"}],"replies":[{"embeddable":true,"href":"https:\/\/www.clicars.com\/blog\/wp-json\/wp\/v2\/comments?post=12693"}],"version-history":[{"count":1,"href":"https:\/\/www.clicars.com\/blog\/wp-json\/wp\/v2\/posts\/12693\/revisions"}],"predecessor-version":[{"id":12696,"href":"https:\/\/www.clicars.com\/blog\/wp-json\/wp\/v2\/posts\/12693\/revisions\/12696"}],"wp:featuredmedia":[{"embeddable":true,"href":"https:\/\/www.clicars.com\/blog\/wp-json\/wp\/v2\/media\/12694"}],"wp:attachment":[{"href":"https:\/\/www.clicars.com\/blog\/wp-json\/wp\/v2\/media?parent=12693"}],"wp:term":[{"taxonomy":"category","embeddable":true,"href":"https:\/\/www.clicars.com\/blog\/wp-json\/wp\/v2\/categories?post=12693"},{"taxonomy":"post_tag","embeddable":true,"href":"https:\/\/www.clicars.com\/blog\/wp-json\/wp\/v2\/tags?post=12693"}],"curies":[{"name":"wp","href":"https:\/\/api.w.org\/{rel}","templated":true}]}}