{"id":12802,"date":"2024-03-20T10:06:19","date_gmt":"2024-03-20T08:06:19","guid":{"rendered":"https:\/\/www.clicars.com\/blog\/?p=12802"},"modified":"2024-03-25T10:58:58","modified_gmt":"2024-03-25T08:58:58","slug":"todo-lo-que-debes-saber-sobre-la-normativa-euro-7","status":"publish","type":"post","link":"https:\/\/www.clicars.com\/blog\/actualidad\/todo-lo-que-debes-saber-sobre-la-normativa-euro-7\/","title":{"rendered":"Todo lo que Debes Saber sobre la Normativa Euro 7"},"content":{"rendered":"<p dir=\"ltr\" style=\"line-height: 1.38; margin-top: 0pt; margin-bottom: 0pt;\"><span style=\"font-size: 11pt; font-family: Arial,sans-serif; color: #000000; background-color: transparent; font-weight: 400; font-style: normal; font-variant: normal; text-decoration: none; vertical-align: baseline; white-space: pre-wrap;\">Las normativas relacionadas con las <\/span><span style=\"font-size: 11pt; font-family: Arial,sans-serif; color: #000000; background-color: transparent; font-weight: bold; font-style: normal; font-variant: normal; text-decoration: none; vertical-align: baseline; white-space: pre-wrap;\">emisiones <\/span><span style=\"font-size: 11pt; font-family: Arial,sans-serif; color: #000000; background-color: transparent; font-weight: 400; font-style: normal; font-variant: normal; text-decoration: none; vertical-align: baseline; white-space: pre-wrap;\">se han convertido en el centro de atenci\u00f3n durante los \u00faltimos a\u00f1os. Ante el objetivo de reducir emisiones y facilitar <\/span><span style=\"font-size: 11pt; font-family: Arial,sans-serif; color: #000000; background-color: transparent; font-weight: bold; font-style: normal; font-variant: normal; text-decoration: none; vertical-align: baseline; white-space: pre-wrap;\">una transici\u00f3n ecol\u00f3gica <\/span><span style=\"font-size: 11pt; font-family: Arial,sans-serif; color: #000000; background-color: transparent; font-weight: 400; font-style: normal; font-variant: normal; text-decoration: none; vertical-align: baseline; white-space: pre-wrap;\">que quiere llevar a cabo la Uni\u00f3n Europea bajo el objetivo del<\/span><span style=\"font-size: 11pt; font-family: Arial,sans-serif; color: #000000; background-color: transparent; font-weight: bold; font-style: normal; font-variant: normal; text-decoration: none; vertical-align: baseline; white-space: pre-wrap;\"> Plan Europa 2035,<\/span><span style=\"font-size: 11pt; font-family: Arial,sans-serif; color: #000000; background-color: transparent; font-weight: 400; font-style: normal; font-variant: normal; text-decoration: none; vertical-align: baseline; white-space: pre-wrap;\"> fecha donde estar\u00e1 prohibida la comercializaci\u00f3n de veh\u00edculos nuevos que funcionen mediante un motor de combusti\u00f3n, la preocupaci\u00f3n de aquellos conductores que no cuentan en sus garajes con <\/span><span style=\"font-size: 11pt; font-family: Arial,sans-serif; color: #000000; background-color: transparent; font-weight: bold; font-style: normal; font-variant: normal; text-decoration: none; vertical-align: baseline; white-space: pre-wrap;\">un coche el\u00e9ctrico o con <\/span><a style=\"text-decoration: none;\" href=\"https:\/\/www.clicars.com\/blog\/coches-eco\/los-coches-mas-baratos-con-etiqueta-eco-que-puedes-comprar-este-2024\/\"><span style=\"font-size: 11pt; font-family: Arial,sans-serif; color: #1155cc; background-color: transparent; font-weight: bold; font-style: normal; font-variant: normal; text-decoration: underline; -webkit-text-decoration-skip: none; text-decoration-skip-ink: none; vertical-align: baseline; white-space: pre-wrap;\">la etiqueta ECO<\/span><\/a> <span style=\"font-size: 11pt; font-family: Arial,sans-serif; color: #000000; background-color: transparent; font-weight: 400; font-style: normal; font-variant: normal; text-decoration: none; vertical-align: baseline; white-space: pre-wrap;\">ha ido creciendo. Lo cierto es que en la actualidad todav\u00eda sigue vigente la normativa Euro 6, pero antes de lo que esperas entrar\u00e1 en vigor la<\/span><span style=\"font-size: 11pt; font-family: Arial,sans-serif; color: #000000; background-color: transparent; font-weight: bold; font-style: normal; font-variant: normal; text-decoration: none; vertical-align: baseline; white-space: pre-wrap;\"> Euro 7. <\/span><span style=\"font-size: 11pt; font-family: Arial,sans-serif; color: #000000; background-color: transparent; font-weight: 400; font-style: normal; font-variant: normal; text-decoration: none; vertical-align: baseline; white-space: pre-wrap;\">Pero, \u00bfen qu\u00e9 afectar\u00e1 en nuestras vidas?<\/span><\/p>\n<p dir=\"ltr\" style=\"line-height: 1.38; margin-top: 0pt; margin-bottom: 0pt;\"><b style=\"font-weight: normal;\"><\/b><span style=\"font-size: 11pt; font-family: Arial,sans-serif; color: #000000; background-color: transparent; font-weight: 400; font-style: normal; font-variant: normal; text-decoration: none; vertical-align: baseline; white-space: pre-wrap;\">La normativa Euro 7 emerge como un est\u00e1ndar clave en la <\/span><span style=\"font-size: 11pt; font-family: Arial,sans-serif; color: #000000; background-color: transparent; font-weight: bold; font-style: normal; font-variant: normal; text-decoration: none; vertical-align: baseline; white-space: pre-wrap;\">lucha contra la contaminaci\u00f3n atmosf\u00e9rica<\/span><span style=\"font-size: 11pt; font-family: Arial,sans-serif; color: #000000; background-color: transparent; font-weight: 400; font-style: normal; font-variant: normal; text-decoration: none; vertical-align: baseline; white-space: pre-wrap;\"> y la reducci\u00f3n de las emisiones de gases contaminantes provenientes de los veh\u00edculos. Se trata de la <\/span><span style=\"font-size: 11pt; font-family: Arial,sans-serif; color: #000000; background-color: transparent; font-weight: bold; font-style: normal; font-variant: normal; text-decoration: none; vertical-align: baseline; white-space: pre-wrap;\">pr\u00f3xima generaci\u00f3n de est\u00e1ndares de emisiones <\/span><span style=\"font-size: 11pt; font-family: Arial,sans-serif; color: #000000; background-color: transparent; font-weight: 400; font-style: normal; font-variant: normal; text-decoration: none; vertical-align: baseline; white-space: pre-wrap;\">de veh\u00edculos que se implementar\u00e1 en la Uni\u00f3n Europea y establece<\/span><span style=\"font-size: 11pt; font-family: Arial,sans-serif; color: #000000; background-color: transparent; font-weight: bold; font-style: normal; font-variant: normal; text-decoration: none; vertical-align: baseline; white-space: pre-wrap;\"> l\u00edmites m\u00e1s estrictos <\/span><span style=\"font-size: 11pt; font-family: Arial,sans-serif; color: #000000; background-color: transparent; font-weight: 400; font-style: normal; font-variant: normal; text-decoration: none; vertical-align: baseline; white-space: pre-wrap;\">para las emisiones de gases contaminantes, as\u00ed como para la introducci\u00f3n de nuevas tecnolog\u00edas que mejoren la eficiencia y limpieza de los motores.<\/span><\/p>\n<p dir=\"ltr\" style=\"line-height: 1.38; margin-top: 0pt; margin-bottom: 0pt;\"><span style=\"font-size: 11pt; font-family: Arial,sans-serif; color: #000000; background-color: transparent; font-weight: 400; font-style: normal; font-variant: normal; text-decoration: none; vertical-align: baseline; white-space: pre-wrap;\">A trav\u00e9s de esta serie de medidas se busca <\/span><span style=\"font-size: 11pt; font-family: Arial,sans-serif; color: #000000; background-color: transparent; font-weight: bold; font-style: normal; font-variant: normal; text-decoration: none; vertical-align: baseline; white-space: pre-wrap;\">reducir el impacto negativo de los veh\u00edculo<\/span><span style=\"font-size: 11pt; font-family: Arial,sans-serif; color: #000000; background-color: transparent; font-weight: 400; font-style: normal; font-variant: normal; text-decoration: none; vertical-align: baseline; white-space: pre-wrap;\">s en la calidad del aire y la salud p\u00fablica. Se espera que la normativa Euro 7 contribuya a mejorar la calidad del aire, especialmente en las \u00e1reas urbanas donde mayores \u00edndices de contaminaci\u00f3n se registran, y a <\/span><span style=\"font-size: 11pt; font-family: Arial,sans-serif; color: #000000; background-color: transparent; font-weight: bold; font-style: normal; font-variant: normal; text-decoration: none; vertical-align: baseline; white-space: pre-wrap;\">mitigar el cambio clim\u00e1tico <\/span><span style=\"font-size: 11pt; font-family: Arial,sans-serif; color: #000000; background-color: transparent; font-weight: 400; font-style: normal; font-variant: normal; text-decoration: none; vertical-align: baseline; white-space: pre-wrap;\">al limitar las emisiones de gases de efecto invernadero. Y todo ese proceso espera llevarse a cambio con la promoci\u00f3n de veh\u00edculos el\u00e9ctricos, h\u00edbridos y de bajas emisiones, para acabar desterrando los veh\u00edculos de combusti\u00f3n interna que nos han acompa\u00f1ado hasta d\u00eda de hoy.\u00a0<\/span><\/p>\n<p dir=\"ltr\"><div id=\"ez-toc-container\" class=\"ez-toc-v2_0_80 counter-hierarchy ez-toc-counter ez-toc-light-blue ez-toc-container-direction\">\n<p class=\"ez-toc-title\" style=\"cursor:inherit\">\u00cdndice de contenidos<\/p>\n<label for=\"ez-toc-cssicon-toggle-item-69f4b4c5cd754\" class=\"ez-toc-cssicon-toggle-label\"><span class=\"ez-toc-cssicon\"><span class=\"eztoc-hide\" style=\"display:none;\">Toggle<\/span><span class=\"ez-toc-icon-toggle-span\"><svg style=\"fill: #999;color:#999\" xmlns=\"http:\/\/www.w3.org\/2000\/svg\" class=\"list-377408\" width=\"20px\" height=\"20px\" viewBox=\"0 0 24 24\" fill=\"none\"><path d=\"M6 6H4v2h2V6zm14 0H8v2h12V6zM4 11h2v2H4v-2zm16 0H8v2h12v-2zM4 16h2v2H4v-2zm16 0H8v2h12v-2z\" fill=\"currentColor\"><\/path><\/svg><svg style=\"fill: #999;color:#999\" class=\"arrow-unsorted-368013\" xmlns=\"http:\/\/www.w3.org\/2000\/svg\" width=\"10px\" height=\"10px\" viewBox=\"0 0 24 24\" version=\"1.2\" baseProfile=\"tiny\"><path d=\"M18.2 9.3l-6.2-6.3-6.2 6.3c-.2.2-.3.4-.3.7s.1.5.3.7c.2.2.4.3.7.3h11c.3 0 .5-.1.7-.3.2-.2.3-.5.3-.7s-.1-.5-.3-.7zM5.8 14.7l6.2 6.3 6.2-6.3c.2-.2.3-.5.3-.7s-.1-.5-.3-.7c-.2-.2-.4-.3-.7-.3h-11c-.3 0-.5.1-.7.3-.2.2-.3.5-.3.7s.1.5.3.7z\"\/><\/svg><\/span><\/span><\/label><input type=\"checkbox\"  id=\"ez-toc-cssicon-toggle-item-69f4b4c5cd754\"  aria-label=\"Alternar\" \/><nav><ul class='ez-toc-list ez-toc-list-level-1 ' ><li class='ez-toc-page-1 ez-toc-heading-level-2'><a class=\"ez-toc-link ez-toc-heading-1\" href=\"https:\/\/www.clicars.com\/blog\/actualidad\/todo-lo-que-debes-saber-sobre-la-normativa-euro-7\/#Fecha_de_Entrada_en_Vigor_de_Euro_7\" >Fecha de Entrada en Vigor de Euro 7<\/a><\/li><li class='ez-toc-page-1 ez-toc-heading-level-2'><a class=\"ez-toc-link ez-toc-heading-2\" href=\"https:\/\/www.clicars.com\/blog\/actualidad\/todo-lo-que-debes-saber-sobre-la-normativa-euro-7\/#Que_Vehiculos_se_Veran_Afectados_con_la_Normativa_Euro_7\" >Qu\u00e9 Veh\u00edculos se Ver\u00e1n Afectados con la Normativa Euro 7<\/a><\/li><li class='ez-toc-page-1 ez-toc-heading-level-2'><a class=\"ez-toc-link ez-toc-heading-3\" href=\"https:\/\/www.clicars.com\/blog\/actualidad\/todo-lo-que-debes-saber-sobre-la-normativa-euro-7\/#Vehiculos_que_Cumplen_con_la_Normativa_Euro_7\" >Veh\u00edculos que Cumplen con la Normativa Euro 7<\/a><\/li><li class='ez-toc-page-1 ez-toc-heading-level-2'><a class=\"ez-toc-link ez-toc-heading-4\" href=\"https:\/\/www.clicars.com\/blog\/actualidad\/todo-lo-que-debes-saber-sobre-la-normativa-euro-7\/#Una_Normativa_para_Todos_los_Vehiculos\" >Una Normativa para Todos los Veh\u00edculos<\/a><\/li><\/ul><\/nav><\/div>\n\n<h2 dir=\"ltr\" style=\"line-height: 1.38; margin-top: 12pt; margin-bottom: 12pt;\"><span class=\"ez-toc-section\" id=\"Fecha_de_Entrada_en_Vigor_de_Euro_7\"><\/span><span style=\"font-size: 16pt; font-family: Arial,sans-serif; color: #000000; background-color: transparent; font-weight: 400; font-style: normal; font-variant: normal; text-decoration: none; vertical-align: baseline; white-space: pre-wrap;\">Fecha de Entrada en Vigor de Euro 7<\/span><span class=\"ez-toc-section-end\"><\/span><\/h2>\n<p dir=\"ltr\" style=\"line-height: 1.38; margin-top: 0pt; margin-bottom: 0pt;\"><span style=\"font-size: 11pt; font-family: Arial,sans-serif; color: #000000; background-color: transparent; font-weight: 400; font-style: normal; font-variant: normal; text-decoration: none; vertical-align: baseline; white-space: pre-wrap;\">La nueva norma Euro 7 fue desarrollada dentro del Paco Verde Europeo que present\u00f3 la propia comisi\u00f3n europea en 2019. Como ves, es una idea a la que se le lleva dando forma desde hace un lustro y su principal objetivo es establecer unas normas m\u00e1s estrictas a la hora de medir las emisiones contaminantes de los veh\u00edculos de combusti\u00f3n en general, y las motorizaciones di\u00e9sel en particular. El objetivo es limitar el n\u00famero de emisiones que pueden generar los veh\u00edculos nuevos, al mismo tiempo que se incentiva a las marcas a desarrollar sistemas de propulsi\u00f3n menos contaminantes.\u00a0\u00a0<\/span><\/p>\n<p dir=\"ltr\" style=\"line-height: 1.38; margin-top: 0pt; margin-bottom: 0pt;\"><span style=\"font-size: 11pt; font-family: Arial,sans-serif; color: #000000; background-color: transparent; font-weight: 400; font-style: normal; font-variant: normal; text-decoration: none; vertical-align: baseline; white-space: pre-wrap;\">Una vez se acordaron los matices de esta normativa, en un principio <\/span><span style=\"font-size: 11pt; font-family: Arial,sans-serif; color: #000000; background-color: transparent; font-weight: bold; font-style: normal; font-variant: normal; text-decoration: none; vertical-align: baseline; white-space: pre-wrap;\">se marc\u00f3 el 2025 como fecha de entrada en vigor para la Euro 7, <\/span><span style=\"font-size: 11pt; font-family: Arial,sans-serif; color: #000000; background-color: transparent; font-weight: 400; font-style: normal; font-variant: normal; text-decoration: none; vertical-align: baseline; white-space: pre-wrap;\">pero la industria del autom\u00f3vil logr\u00f3\u00a0<\/span><span style=\"font-size: 11pt; font-family: Arial,sans-serif; color: #000000; background-color: transparent; font-weight: 400; font-style: normal; font-variant: normal; text-decoration: none; vertical-align: baseline; white-space: pre-wrap;\">que los pa\u00edses de la Uni\u00f3n Europea retrasasen<\/span><span style=\"font-size: 11pt; font-family: Arial,sans-serif; color: #000000; background-color: transparent; font-weight: bold; font-style: normal; font-variant: normal; text-decoration: none; vertical-align: baseline; white-space: pre-wrap;\"> la nueva norma de emisiones hasta 2027. <\/span><span style=\"font-size: 11pt; font-family: Arial,sans-serif; color: #000000; background-color: transparent; font-weight: 400; font-style: normal; font-variant: normal; text-decoration: none; vertical-align: baseline; white-space: pre-wrap;\">Por lo tanto, esta regulaci\u00f3n que iba a endurecer los l\u00edmites (que se relajar\u00e1n en part\u00edculas de frenos y neum\u00e1ticos) y las condiciones de las pruebas de emisiones en los coches nuevos, todav\u00eda deber\u00e1 esperar unos a\u00f1os m\u00e1s sobre todo para<\/span><span style=\"font-size: 11pt; font-family: Arial,sans-serif; color: #000000; background-color: transparent; font-weight: bold; font-style: normal; font-variant: normal; text-decoration: none; vertical-align: baseline; white-space: pre-wrap;\"> los veh\u00edculos industriales, ya que no se ver\u00e1n afectados por la regla hasta 2029<\/span><span style=\"font-size: 11pt; font-family: Arial,sans-serif; color: #000000; background-color: transparent; font-weight: 400; font-style: normal; font-variant: normal; text-decoration: none; vertical-align: baseline; white-space: pre-wrap;\">.<\/span><\/p>\n<h2 dir=\"ltr\" style=\"line-height: 1.38; margin-top: 12pt; margin-bottom: 12pt;\"><span class=\"ez-toc-section\" id=\"Que_Vehiculos_se_Veran_Afectados_con_la_Normativa_Euro_7\"><\/span><span style=\"font-size: 16pt; font-family: Arial,sans-serif; color: #000000; background-color: transparent; font-weight: 400; font-style: normal; font-variant: normal; text-decoration: none; vertical-align: baseline; white-space: pre-wrap;\">Qu\u00e9 Veh\u00edculos se Ver\u00e1n Afectados con la Normativa Euro 7<\/span><span class=\"ez-toc-section-end\"><\/span><\/h2>\n<p dir=\"ltr\" style=\"line-height: 1.38; margin-top: 12pt; margin-bottom: 12pt;\"><span style=\"font-size: 11pt; font-family: Arial,sans-serif; color: #000000; background-color: transparent; font-weight: 400; font-style: normal; font-variant: normal; text-decoration: none; vertical-align: baseline; white-space: pre-wrap;\">Despu\u00e9s de llegar a un acuerdo para retrasar la fecha de entrada en vigor de la normativa, en la que <\/span><span style=\"font-size: 11pt; font-family: Arial,sans-serif; color: #000000; background-color: transparent; font-weight: bold; font-style: normal; font-variant: normal; text-decoration: none; vertical-align: baseline; white-space: pre-wrap;\">Ruman\u00eda, Espa\u00f1a, Rep\u00fablica Checa, Italia, Hungr\u00eda, Bulgar\u00eda, Eslovaquia y Polonia<\/span><span style=\"font-size: 11pt; font-family: Arial,sans-serif; color: #000000; background-color: transparent; font-weight: 400; font-style: normal; font-variant: normal; text-decoration: none; vertical-align: baseline; white-space: pre-wrap;\"> fueron los primeros pa\u00edses que se opusieron a los plazos que fijaba la propuesta original, la Euro 7 entrar\u00e1 en vigor a partir del<\/span><span style=\"font-size: 11pt; font-family: Arial,sans-serif; color: #000000; background-color: transparent; font-weight: bold; font-style: normal; font-variant: normal; text-decoration: none; vertical-align: baseline; white-space: pre-wrap;\"> 1 de julio de 2027 para turismos y furgonetas.<\/span><span style=\"font-size: 11pt; font-family: Arial,sans-serif; color: #000000; background-color: transparent; font-weight: 400; font-style: normal; font-variant: normal; text-decoration: none; vertical-align: baseline; white-space: pre-wrap;\"> Como hemos explicado, afectar\u00e1 a todos los veh\u00edculos de motor nuevos que se comercialicen dentro de la Uni\u00f3n Europea y los motores di\u00e9sel ser\u00e1n los peor parados ya que la intenci\u00f3n del Viejo Continente, es <strong>r<\/strong><\/span><span style=\"font-size: 11pt; font-family: Arial,sans-serif; color: #000000; background-color: transparent; font-weight: bold; font-style: normal; font-variant: normal; text-decoration: none; vertical-align: baseline; white-space: pre-wrap;\">educir en un 50% el n\u00famero de emisiones de \u00f3xidos de nitr\u00f3geno (NOx) <\/span><span style=\"font-size: 11pt; font-family: Arial,sans-serif; color: #000000; background-color: transparent; font-weight: 400; font-style: normal; font-variant: normal; text-decoration: none; vertical-align: baseline; white-space: pre-wrap;\">frente a la antigua normativa.<\/span><\/p>\n<p dir=\"ltr\" style=\"line-height: 1.38; margin-top: 12pt; margin-bottom: 12pt;\"><span style=\"font-size: 11pt; font-family: Arial,sans-serif; color: #000000; background-color: transparent; font-weight: 400; font-style: normal; font-variant: normal; text-decoration: none; vertical-align: baseline; white-space: pre-wrap;\">El \u00edndice se reduce a los coches di\u00e9sel frente a los gasolina, ya que emiten una mayor cantidad de esos gases, pero<\/span><span style=\"font-size: 11pt; font-family: Arial,sans-serif; color: #000000; background-color: transparent; font-weight: bold; font-style: normal; font-variant: normal; text-decoration: none; vertical-align: baseline; white-space: pre-wrap;\"> los gasolina no se escapan de reducciones que, en su caso, ser\u00e1n del 40%.<\/span><span style=\"font-size: 11pt; font-family: Arial,sans-serif; color: #000000; background-color: transparent; font-weight: 400; font-style: normal; font-variant: normal; text-decoration: none; vertical-align: baseline; white-space: pre-wrap;\"> Resulta evidente que la normativa no afectar\u00e1 por igual a todas las motorizaciones, ya que adem\u00e1s se est\u00e1 estudiando la posibilidad de limitar la cantidad de <\/span><span style=\"font-size: 11pt; font-family: Arial,sans-serif; color: #000000; background-color: transparent; font-weight: bold; font-style: normal; font-variant: normal; text-decoration: none; vertical-align: baseline; white-space: pre-wrap;\">gases de metano, \u00f3xido de nitr\u00f3geno y amon\u00edaco.<\/span><span style=\"font-size: 11pt; font-family: Arial,sans-serif; color: #000000; background-color: transparent; font-weight: 400; font-style: normal; font-variant: normal; text-decoration: none; vertical-align: baseline; white-space: pre-wrap;\"> \u00bfQu\u00e9 quiere decir eso? Que se podr\u00edan limitar gases que, anteriormente, no se ten\u00eda en cuenta.\u00a0<\/span><\/p>\n<p dir=\"ltr\"><img loading=\"lazy\" decoding=\"async\" class=\"aligncenter size-full wp-image-12805\" src=\"https:\/\/www.clicars.com\/blog\/wp-content\/uploads\/2024\/03\/la-nueva-normativa-euro-7.jpg\" alt=\"la nueva normativa euro 7\" width=\"800\" height=\"600\" \/><\/p>\n<h2 dir=\"ltr\" style=\"line-height: 1.38; margin-top: 12pt; margin-bottom: 12pt;\"><span class=\"ez-toc-section\" id=\"Vehiculos_que_Cumplen_con_la_Normativa_Euro_7\"><\/span><span style=\"font-size: 16pt; font-family: Arial,sans-serif; color: #000000; background-color: transparent; font-weight: 400; font-style: normal; font-variant: normal; text-decoration: none; vertical-align: baseline; white-space: pre-wrap;\">Veh\u00edculos que Cumplen con la Normativa Euro 7<\/span><span class=\"ez-toc-section-end\"><\/span><\/h2>\n<p dir=\"ltr\" style=\"line-height: 1.38; background-color: #ffffff; margin-top: 0pt; margin-bottom: 15pt;\"><span style=\"font-size: 11pt; font-family: Arial,sans-serif; color: #0d0d0d; background-color: transparent; font-weight: 400; font-style: normal; font-variant: normal; text-decoration: none; vertical-align: baseline; white-space: pre-wrap;\">Los veh\u00edculos que cumplen con los est\u00e1ndares de la normativa Euro 7 son aquellos que han sido<\/span><span style=\"font-size: 11pt; font-family: Arial,sans-serif; color: #0d0d0d; background-color: transparent; font-weight: bold; font-style: normal; font-variant: normal; text-decoration: none; vertical-align: baseline; white-space: pre-wrap;\"> dise\u00f1ados y fabricados de acuerdo con los criterios<\/span><span style=\"font-size: 11pt; font-family: Arial,sans-serif; color: #0d0d0d; background-color: transparent; font-weight: 400; font-style: normal; font-variant: normal; text-decoration: none; vertical-align: baseline; white-space: pre-wrap;\"> establecidos en esta normativa. Por lo tanto, existen una serie de caracter\u00edsticas clave para cumplir con la regulaci\u00f3n, que establecen una diferencia con los modelos que no la cumplen:<\/span><\/p>\n<ul>\n<li dir=\"ltr\" style=\"line-height: 1.38; background-color: #ffffff;\" role=\"presentation\"><span style=\"font-size: 11pt; font-family: Arial,sans-serif; color: #0d0d0d; background-color: transparent; font-weight: bold; font-style: normal; font-variant: normal; text-decoration: none; vertical-align: baseline; white-space: pre-wrap;\">Emisiones Reducidas:<\/span><span style=\"font-size: 11pt; font-family: Arial,sans-serif; color: #0d0d0d; background-color: transparent; font-weight: 400; font-style: normal; font-variant: normal; text-decoration: none; vertical-align: baseline; white-space: pre-wrap;\"> los veh\u00edculos Euro 7 est\u00e1n dise\u00f1ados para emitir menos contaminantes, como \u00f3xidos de nitr\u00f3geno (NOx), part\u00edculas finas y otros compuestos nocivos. Utilizan tecnolog\u00edas avanzadas de control de emisiones, como sistemas de postratamiento m\u00e1s eficientes y motores m\u00e1s limpios.<\/span><\/li>\n<li dir=\"ltr\" style=\"line-height: 1.38; background-color: #ffffff;\" role=\"presentation\"><span style=\"font-size: 11pt; font-family: Arial,sans-serif; color: #0d0d0d; background-color: transparent; font-weight: bold; font-style: normal; font-variant: normal; text-decoration: none; vertical-align: baseline; white-space: pre-wrap;\">Tecnolog\u00edas de propulsi\u00f3n avanzadas: <\/span><span style=\"font-size: 11pt; font-family: Arial,sans-serif; color: #0d0d0d; background-color: transparent; font-weight: 400; font-style: normal; font-variant: normal; text-decoration: none; vertical-align: baseline; white-space: pre-wrap;\">suelen incorporar tecnolog\u00edas de propulsi\u00f3n m\u00e1s limpias, como motores h\u00edbridos, el\u00e9ctricos o de combustibles alternativos (como el hidr\u00f3geno), que reducen significativamente las emisiones en comparaci\u00f3n con los motores de combusti\u00f3n interna convencionales.<\/span><\/li>\n<li dir=\"ltr\" style=\"line-height: 1.38; background-color: #ffffff;\" role=\"presentation\"><span style=\"font-size: 11pt; font-family: Arial,sans-serif; color: #0d0d0d; background-color: transparent; font-weight: bold; font-style: normal; font-variant: normal; text-decoration: none; vertical-align: baseline; white-space: pre-wrap;\">Est\u00e1ndares m\u00e1s estrictos de control de emisiones:<\/span><span style=\"font-size: 11pt; font-family: Arial,sans-serif; color: #0d0d0d; background-color: transparent; font-weight: 400; font-style: normal; font-variant: normal; text-decoration: none; vertical-align: baseline; white-space: pre-wrap;\"> los fabricantes de veh\u00edculos desarrollan tecnolog\u00edas m\u00e1s avanzadas de control de emisiones para cumplir con los nuevos l\u00edmites.<\/span><\/li>\n<li dir=\"ltr\" style=\"line-height: 1.38; background-color: #ffffff;\" role=\"presentation\"><span style=\"font-size: 11pt; font-family: Arial,sans-serif; color: #0d0d0d; background-color: transparent; font-weight: bold; font-style: normal; font-variant: normal; text-decoration: none; vertical-align: baseline; white-space: pre-wrap;\">Mayor eficiencia energ\u00e9tica:<\/span><span style=\"font-size: 11pt; font-family: Arial,sans-serif; color: #0d0d0d; background-color: transparent; font-weight: 400; font-style: normal; font-variant: normal; text-decoration: none; vertical-align: baseline; white-space: pre-wrap;\"> a menudo est\u00e1n dise\u00f1ados para ser m\u00e1s eficientes en t\u00e9rminos de consumo de combustible, lo que no solo reduce las emisiones de gases de escape, sino que tambi\u00e9n ayuda a reducir la dependencia de los combustibles f\u00f3siles y las emisiones de di\u00f3xido de carbono (CO2).<\/span><\/li>\n<\/ul>\n<h2 dir=\"ltr\" style=\"line-height: 1.38; background-color: #ffffff; margin-top: 18pt; margin-bottom: 0pt; padding: 0pt 0pt 15pt 0pt;\"><span class=\"ez-toc-section\" id=\"Una_Normativa_para_Todos_los_Vehiculos\"><\/span><span style=\"font-size: 16pt; font-family: Arial,sans-serif; color: #000000; background-color: transparent; font-weight: 400; font-style: normal; font-variant: normal; text-decoration: none; vertical-align: baseline; white-space: pre-wrap;\">Una Normativa para Todos los Veh\u00edculos<\/span><span class=\"ez-toc-section-end\"><\/span><\/h2>\n<p dir=\"ltr\" style=\"line-height: 1.38; background-color: #ffffff; margin-top: 0pt; margin-bottom: 0pt; padding: 0pt 0pt 15pt 0pt;\"><span style=\"font-size: 11pt; font-family: Arial,sans-serif; color: #0d0d0d; background-color: transparent; font-weight: 400; font-style: normal; font-variant: normal; text-decoration: none; vertical-align: baseline; white-space: pre-wrap;\">A pesar de que se habla mucho de los motores de combusti\u00f3n y que la <\/span><span style=\"font-size: 11pt; font-family: Arial,sans-serif; color: #0d0d0d; background-color: transparent; font-weight: bold; font-style: normal; font-variant: normal; text-decoration: none; vertical-align: baseline; white-space: pre-wrap;\">normativa Euro 7<\/span><span style=\"font-size: 11pt; font-family: Arial,sans-serif; color: #0d0d0d; background-color: transparent; font-weight: 400; font-style: normal; font-variant: normal; text-decoration: none; vertical-align: baseline; white-space: pre-wrap;\"> no afecta directamente a los veh\u00edculos de cero emisiones como los el\u00e9ctricos, las nuevas reglas afectan a todo el parque automovil\u00edstico. Porque los l\u00edmites ser\u00e1n m\u00e1s estrictos tambi\u00e9n en torno a los<\/span><span style=\"font-size: 11pt; font-family: Arial,sans-serif; color: #0d0d0d; background-color: transparent; font-weight: bold; font-style: normal; font-variant: normal; text-decoration: none; vertical-align: baseline; white-space: pre-wrap;\"> contaminantes atmosf\u00e9ricos que se generan durante la producci\u00f3n <\/span><span style=\"font-size: 11pt; font-family: Arial,sans-serif; color: #0d0d0d; background-color: transparent; font-weight: 400; font-style: normal; font-variant: normal; text-decoration: none; vertical-align: baseline; white-space: pre-wrap;\">de los veh\u00edculos y tambi\u00e9n, establecer\u00e1 <\/span><span style=\"font-size: 11pt; font-family: Arial,sans-serif; color: #0d0d0d; background-color: transparent; font-weight: bold; font-style: normal; font-variant: normal; text-decoration: none; vertical-align: baseline; white-space: pre-wrap;\">requisitos de durabilidad de las bater\u00edas.<\/span><\/p>\n<p dir=\"ltr\" style=\"line-height: 1.38; background-color: #ffffff; margin-top: 0pt; margin-bottom: 15pt;\"><span style=\"font-size: 11pt; font-family: Arial,sans-serif; color: #0d0d0d; background-color: transparent; font-weight: 400; font-style: normal; font-variant: normal; text-decoration: none; vertical-align: baseline; white-space: pre-wrap;\">Por lo tanto, aunque los veh\u00edculos de cero emisiones no est\u00e1n directamente afectados por los l\u00edmites de emisiones de escape, si deber\u00e1n cumplir con otros requisitos de la Euro 7 para<\/span><span style=\"font-size: 11pt; font-family: Arial,sans-serif; color: #0d0d0d; background-color: transparent; font-weight: bold; font-style: normal; font-variant: normal; text-decoration: none; vertical-align: baseline; white-space: pre-wrap;\"> reducir su impacto ambiental. <\/span><span style=\"font-size: 11pt; font-family: Arial,sans-serif; color: #0d0d0d; background-color: transparent; font-weight: 400; font-style: normal; font-variant: normal; text-decoration: none; vertical-align: baseline; white-space: pre-wrap;\">Esta normativa representa un paso importante hacia un futuro m\u00e1s limpio y sostenible donde todos deben poner de su parte, para cumplir con el objetivo de descarbonizaci\u00f3n que prepara la Uni\u00f3n Europea de cara al futuro m\u00e1s pr\u00f3ximo.\u00a0<\/span><\/p>\n","protected":false},"excerpt":{"rendered":"<p>Las normativas relacionadas con las emisiones se han convertido en el centro de atenci\u00f3n durante&#8230;<\/p>\n","protected":false},"author":2,"featured_media":12804,"comment_status":"closed","ping_status":"closed","sticky":false,"template":"","format":"standard","meta":{"footnotes":""},"categories":[5],"tags":[],"class_list":{"0":"post-12802","1":"post","2":"type-post","3":"status-publish","4":"format-standard","5":"has-post-thumbnail","7":"category-actualidad"},"yoast_head":"<!-- This site is optimized with the Yoast SEO plugin v26.8 - https:\/\/yoast.com\/product\/yoast-seo-wordpress\/ -->\n<title>Todo lo que Debes Saber sobre la Normativa Euro 7 - Clicars Blog<\/title>\n<meta name=\"description\" content=\"\u25b7 Te contamos todo lo necesario sobre la normativa Euro 7. \u00bfC\u00f3mo te afecta esta norma? No te lo pierdas en este post.\" \/>\n<meta name=\"robots\" content=\"index, follow, max-snippet:-1, max-image-preview:large, max-video-preview:-1\" \/>\n<link rel=\"canonical\" href=\"https:\/\/www.clicars.com\/blog\/actualidad\/todo-lo-que-debes-saber-sobre-la-normativa-euro-7\/\" \/>\n<meta property=\"og:locale\" content=\"es_ES\" \/>\n<meta property=\"og:type\" content=\"article\" \/>\n<meta property=\"og:title\" content=\"Todo lo que Debes Saber sobre la Normativa Euro 7 - Clicars Blog\" \/>\n<meta property=\"og:description\" content=\"\u25b7 Te contamos todo lo necesario sobre la normativa Euro 7. \u00bfC\u00f3mo te afecta esta norma? No te lo pierdas en este post.\" \/>\n<meta property=\"og:url\" content=\"https:\/\/www.clicars.com\/blog\/actualidad\/todo-lo-que-debes-saber-sobre-la-normativa-euro-7\/\" \/>\n<meta property=\"og:site_name\" content=\"Clicars\" \/>\n<meta property=\"article:published_time\" content=\"2024-03-20T08:06:19+00:00\" \/>\n<meta property=\"article:modified_time\" content=\"2024-03-25T08:58:58+00:00\" \/>\n<meta property=\"og:image\" content=\"http:\/\/www.clicars.com\/blog\/wp-content\/uploads\/2024\/03\/nueva-normativa-euro-7.jpg\" \/>\n\t<meta property=\"og:image:width\" content=\"800\" \/>\n\t<meta property=\"og:image:height\" content=\"600\" \/>\n\t<meta property=\"og:image:type\" content=\"image\/jpeg\" \/>\n<meta name=\"author\" content=\"Clicars\" \/>\n<meta name=\"twitter:card\" content=\"summary_large_image\" \/>\n<meta name=\"twitter:label1\" content=\"Escrito por\" \/>\n\t<meta name=\"twitter:data1\" content=\"Clicars\" \/>\n\t<meta name=\"twitter:label2\" content=\"Tiempo de lectura\" \/>\n\t<meta name=\"twitter:data2\" content=\"6 minutos\" \/>\n<script type=\"application\/ld+json\" class=\"yoast-schema-graph\">{\"@context\":\"https:\/\/schema.org\",\"@graph\":[{\"@type\":\"Article\",\"@id\":\"https:\/\/www.clicars.com\/blog\/actualidad\/todo-lo-que-debes-saber-sobre-la-normativa-euro-7\/#article\",\"isPartOf\":{\"@id\":\"https:\/\/www.clicars.com\/blog\/actualidad\/todo-lo-que-debes-saber-sobre-la-normativa-euro-7\/\"},\"author\":{\"name\":\"Clicars\",\"@id\":\"https:\/\/www.clicars.com\/blog\/#\/schema\/person\/af686c41ba96962c68871392bf2bb62d\"},\"headline\":\"Todo lo que Debes Saber sobre la Normativa Euro 7\",\"datePublished\":\"2024-03-20T08:06:19+00:00\",\"dateModified\":\"2024-03-25T08:58:58+00:00\",\"mainEntityOfPage\":{\"@id\":\"https:\/\/www.clicars.com\/blog\/actualidad\/todo-lo-que-debes-saber-sobre-la-normativa-euro-7\/\"},\"wordCount\":1205,\"image\":{\"@id\":\"https:\/\/www.clicars.com\/blog\/actualidad\/todo-lo-que-debes-saber-sobre-la-normativa-euro-7\/#primaryimage\"},\"thumbnailUrl\":\"https:\/\/www.clicars.com\/blog\/wp-content\/uploads\/2024\/03\/nueva-normativa-euro-7.jpg\",\"articleSection\":[\"Actualidad\"],\"inLanguage\":\"es\"},{\"@type\":[\"WebPage\",\"ItemPage\"],\"@id\":\"https:\/\/www.clicars.com\/blog\/actualidad\/todo-lo-que-debes-saber-sobre-la-normativa-euro-7\/\",\"url\":\"https:\/\/www.clicars.com\/blog\/actualidad\/todo-lo-que-debes-saber-sobre-la-normativa-euro-7\/\",\"name\":\"Todo lo que Debes Saber sobre la Normativa Euro 7 - Clicars Blog\",\"isPartOf\":{\"@id\":\"https:\/\/www.clicars.com\/blog\/#website\"},\"primaryImageOfPage\":{\"@id\":\"https:\/\/www.clicars.com\/blog\/actualidad\/todo-lo-que-debes-saber-sobre-la-normativa-euro-7\/#primaryimage\"},\"image\":{\"@id\":\"https:\/\/www.clicars.com\/blog\/actualidad\/todo-lo-que-debes-saber-sobre-la-normativa-euro-7\/#primaryimage\"},\"thumbnailUrl\":\"https:\/\/www.clicars.com\/blog\/wp-content\/uploads\/2024\/03\/nueva-normativa-euro-7.jpg\",\"datePublished\":\"2024-03-20T08:06:19+00:00\",\"dateModified\":\"2024-03-25T08:58:58+00:00\",\"author\":{\"@id\":\"https:\/\/www.clicars.com\/blog\/#\/schema\/person\/af686c41ba96962c68871392bf2bb62d\"},\"description\":\"\u25b7 Te contamos todo lo necesario sobre la normativa Euro 7. \u00bfC\u00f3mo te afecta esta norma? No te lo pierdas en este post.\",\"breadcrumb\":{\"@id\":\"https:\/\/www.clicars.com\/blog\/actualidad\/todo-lo-que-debes-saber-sobre-la-normativa-euro-7\/#breadcrumb\"},\"inLanguage\":\"es\",\"potentialAction\":[{\"@type\":\"ReadAction\",\"target\":[\"https:\/\/www.clicars.com\/blog\/actualidad\/todo-lo-que-debes-saber-sobre-la-normativa-euro-7\/\"]}]},{\"@type\":\"ImageObject\",\"inLanguage\":\"es\",\"@id\":\"https:\/\/www.clicars.com\/blog\/actualidad\/todo-lo-que-debes-saber-sobre-la-normativa-euro-7\/#primaryimage\",\"url\":\"https:\/\/www.clicars.com\/blog\/wp-content\/uploads\/2024\/03\/nueva-normativa-euro-7.jpg\",\"contentUrl\":\"https:\/\/www.clicars.com\/blog\/wp-content\/uploads\/2024\/03\/nueva-normativa-euro-7.jpg\",\"width\":800,\"height\":600,\"caption\":\"nueva normativa euro 7\"},{\"@type\":\"BreadcrumbList\",\"@id\":\"https:\/\/www.clicars.com\/blog\/actualidad\/todo-lo-que-debes-saber-sobre-la-normativa-euro-7\/#breadcrumb\",\"itemListElement\":[{\"@type\":\"ListItem\",\"position\":1,\"name\":\"Portada\",\"item\":\"https:\/\/www.clicars.com\/blog\/\"},{\"@type\":\"ListItem\",\"position\":2,\"name\":\"Todo lo que Debes Saber sobre la Normativa Euro 7\"}]},{\"@type\":\"WebSite\",\"@id\":\"https:\/\/www.clicars.com\/blog\/#website\",\"url\":\"https:\/\/www.clicars.com\/blog\/\",\"name\":\"Clicars\",\"description\":\"Compra tu coche de Buena Mano sin moverte de casa\",\"inLanguage\":\"es\"},{\"@type\":\"Person\",\"@id\":\"https:\/\/www.clicars.com\/blog\/#\/schema\/person\/af686c41ba96962c68871392bf2bb62d\",\"name\":\"Clicars\",\"image\":{\"@type\":\"ImageObject\",\"inLanguage\":\"es\",\"@id\":\"https:\/\/www.clicars.com\/blog\/#\/schema\/person\/image\/\",\"url\":\"https:\/\/secure.gravatar.com\/avatar\/3100622b0023049db14165cdba9dadaa9159743b871e83e440a0df9a70f80e56?s=96&d=mm&r=g\",\"contentUrl\":\"https:\/\/secure.gravatar.com\/avatar\/3100622b0023049db14165cdba9dadaa9159743b871e83e440a0df9a70f80e56?s=96&d=mm&r=g\",\"caption\":\"Clicars\"},\"sameAs\":[\"https:\/\/www.clicars.com\"],\"url\":\"https:\/\/www.clicars.com\/blog\/author\/clicars\/\"}]}<\/script>\n<!-- \/ Yoast SEO plugin. -->","yoast_head_json":{"title":"Todo lo que Debes Saber sobre la Normativa Euro 7 - Clicars Blog","description":"\u25b7 Te contamos todo lo necesario sobre la normativa Euro 7. \u00bfC\u00f3mo te afecta esta norma? No te lo pierdas en este post.","robots":{"index":"index","follow":"follow","max-snippet":"max-snippet:-1","max-image-preview":"max-image-preview:large","max-video-preview":"max-video-preview:-1"},"canonical":"https:\/\/www.clicars.com\/blog\/actualidad\/todo-lo-que-debes-saber-sobre-la-normativa-euro-7\/","og_locale":"es_ES","og_type":"article","og_title":"Todo lo que Debes Saber sobre la Normativa Euro 7 - Clicars Blog","og_description":"\u25b7 Te contamos todo lo necesario sobre la normativa Euro 7. \u00bfC\u00f3mo te afecta esta norma? No te lo pierdas en este post.","og_url":"https:\/\/www.clicars.com\/blog\/actualidad\/todo-lo-que-debes-saber-sobre-la-normativa-euro-7\/","og_site_name":"Clicars","article_published_time":"2024-03-20T08:06:19+00:00","article_modified_time":"2024-03-25T08:58:58+00:00","og_image":[{"width":800,"height":600,"url":"http:\/\/www.clicars.com\/blog\/wp-content\/uploads\/2024\/03\/nueva-normativa-euro-7.jpg","type":"image\/jpeg"}],"author":"Clicars","twitter_card":"summary_large_image","twitter_misc":{"Escrito por":"Clicars","Tiempo de lectura":"6 minutos"},"schema":{"@context":"https:\/\/schema.org","@graph":[{"@type":"Article","@id":"https:\/\/www.clicars.com\/blog\/actualidad\/todo-lo-que-debes-saber-sobre-la-normativa-euro-7\/#article","isPartOf":{"@id":"https:\/\/www.clicars.com\/blog\/actualidad\/todo-lo-que-debes-saber-sobre-la-normativa-euro-7\/"},"author":{"name":"Clicars","@id":"https:\/\/www.clicars.com\/blog\/#\/schema\/person\/af686c41ba96962c68871392bf2bb62d"},"headline":"Todo lo que Debes Saber sobre la Normativa Euro 7","datePublished":"2024-03-20T08:06:19+00:00","dateModified":"2024-03-25T08:58:58+00:00","mainEntityOfPage":{"@id":"https:\/\/www.clicars.com\/blog\/actualidad\/todo-lo-que-debes-saber-sobre-la-normativa-euro-7\/"},"wordCount":1205,"image":{"@id":"https:\/\/www.clicars.com\/blog\/actualidad\/todo-lo-que-debes-saber-sobre-la-normativa-euro-7\/#primaryimage"},"thumbnailUrl":"https:\/\/www.clicars.com\/blog\/wp-content\/uploads\/2024\/03\/nueva-normativa-euro-7.jpg","articleSection":["Actualidad"],"inLanguage":"es"},{"@type":["WebPage","ItemPage"],"@id":"https:\/\/www.clicars.com\/blog\/actualidad\/todo-lo-que-debes-saber-sobre-la-normativa-euro-7\/","url":"https:\/\/www.clicars.com\/blog\/actualidad\/todo-lo-que-debes-saber-sobre-la-normativa-euro-7\/","name":"Todo lo que Debes Saber sobre la Normativa Euro 7 - Clicars Blog","isPartOf":{"@id":"https:\/\/www.clicars.com\/blog\/#website"},"primaryImageOfPage":{"@id":"https:\/\/www.clicars.com\/blog\/actualidad\/todo-lo-que-debes-saber-sobre-la-normativa-euro-7\/#primaryimage"},"image":{"@id":"https:\/\/www.clicars.com\/blog\/actualidad\/todo-lo-que-debes-saber-sobre-la-normativa-euro-7\/#primaryimage"},"thumbnailUrl":"https:\/\/www.clicars.com\/blog\/wp-content\/uploads\/2024\/03\/nueva-normativa-euro-7.jpg","datePublished":"2024-03-20T08:06:19+00:00","dateModified":"2024-03-25T08:58:58+00:00","author":{"@id":"https:\/\/www.clicars.com\/blog\/#\/schema\/person\/af686c41ba96962c68871392bf2bb62d"},"description":"\u25b7 Te contamos todo lo necesario sobre la normativa Euro 7. \u00bfC\u00f3mo te afecta esta norma? No te lo pierdas en este post.","breadcrumb":{"@id":"https:\/\/www.clicars.com\/blog\/actualidad\/todo-lo-que-debes-saber-sobre-la-normativa-euro-7\/#breadcrumb"},"inLanguage":"es","potentialAction":[{"@type":"ReadAction","target":["https:\/\/www.clicars.com\/blog\/actualidad\/todo-lo-que-debes-saber-sobre-la-normativa-euro-7\/"]}]},{"@type":"ImageObject","inLanguage":"es","@id":"https:\/\/www.clicars.com\/blog\/actualidad\/todo-lo-que-debes-saber-sobre-la-normativa-euro-7\/#primaryimage","url":"https:\/\/www.clicars.com\/blog\/wp-content\/uploads\/2024\/03\/nueva-normativa-euro-7.jpg","contentUrl":"https:\/\/www.clicars.com\/blog\/wp-content\/uploads\/2024\/03\/nueva-normativa-euro-7.jpg","width":800,"height":600,"caption":"nueva normativa euro 7"},{"@type":"BreadcrumbList","@id":"https:\/\/www.clicars.com\/blog\/actualidad\/todo-lo-que-debes-saber-sobre-la-normativa-euro-7\/#breadcrumb","itemListElement":[{"@type":"ListItem","position":1,"name":"Portada","item":"https:\/\/www.clicars.com\/blog\/"},{"@type":"ListItem","position":2,"name":"Todo lo que Debes Saber sobre la Normativa Euro 7"}]},{"@type":"WebSite","@id":"https:\/\/www.clicars.com\/blog\/#website","url":"https:\/\/www.clicars.com\/blog\/","name":"Clicars","description":"Compra tu coche de Buena Mano sin moverte de casa","inLanguage":"es"},{"@type":"Person","@id":"https:\/\/www.clicars.com\/blog\/#\/schema\/person\/af686c41ba96962c68871392bf2bb62d","name":"Clicars","image":{"@type":"ImageObject","inLanguage":"es","@id":"https:\/\/www.clicars.com\/blog\/#\/schema\/person\/image\/","url":"https:\/\/secure.gravatar.com\/avatar\/3100622b0023049db14165cdba9dadaa9159743b871e83e440a0df9a70f80e56?s=96&d=mm&r=g","contentUrl":"https:\/\/secure.gravatar.com\/avatar\/3100622b0023049db14165cdba9dadaa9159743b871e83e440a0df9a70f80e56?s=96&d=mm&r=g","caption":"Clicars"},"sameAs":["https:\/\/www.clicars.com"],"url":"https:\/\/www.clicars.com\/blog\/author\/clicars\/"}]}},"_links":{"self":[{"href":"https:\/\/www.clicars.com\/blog\/wp-json\/wp\/v2\/posts\/12802","targetHints":{"allow":["GET"]}}],"collection":[{"href":"https:\/\/www.clicars.com\/blog\/wp-json\/wp\/v2\/posts"}],"about":[{"href":"https:\/\/www.clicars.com\/blog\/wp-json\/wp\/v2\/types\/post"}],"author":[{"embeddable":true,"href":"https:\/\/www.clicars.com\/blog\/wp-json\/wp\/v2\/users\/2"}],"replies":[{"embeddable":true,"href":"https:\/\/www.clicars.com\/blog\/wp-json\/wp\/v2\/comments?post=12802"}],"version-history":[{"count":4,"href":"https:\/\/www.clicars.com\/blog\/wp-json\/wp\/v2\/posts\/12802\/revisions"}],"predecessor-version":[{"id":12817,"href":"https:\/\/www.clicars.com\/blog\/wp-json\/wp\/v2\/posts\/12802\/revisions\/12817"}],"wp:featuredmedia":[{"embeddable":true,"href":"https:\/\/www.clicars.com\/blog\/wp-json\/wp\/v2\/media\/12804"}],"wp:attachment":[{"href":"https:\/\/www.clicars.com\/blog\/wp-json\/wp\/v2\/media?parent=12802"}],"wp:term":[{"taxonomy":"category","embeddable":true,"href":"https:\/\/www.clicars.com\/blog\/wp-json\/wp\/v2\/categories?post=12802"},{"taxonomy":"post_tag","embeddable":true,"href":"https:\/\/www.clicars.com\/blog\/wp-json\/wp\/v2\/tags?post=12802"}],"curies":[{"name":"wp","href":"https:\/\/api.w.org\/{rel}","templated":true}]}}