{"id":12808,"date":"2024-03-21T10:24:33","date_gmt":"2024-03-21T08:24:33","guid":{"rendered":"https:\/\/www.clicars.com\/blog\/?p=12808"},"modified":"2024-03-19T10:37:05","modified_gmt":"2024-03-19T08:37:05","slug":"el-motor-diesel-vuelve-a-la-citroen-berlingo","status":"publish","type":"post","link":"https:\/\/www.clicars.com\/blog\/actualidad\/el-motor-diesel-vuelve-a-la-citroen-berlingo\/","title":{"rendered":"El motor di\u00e9sel vuelve a la Citro\u00ebn Berlingo\u00a0"},"content":{"rendered":"<p><span style=\"font-weight: 400;\">No es que el motor di\u00e9sel se haya ido de la <\/span><b>Citro\u00ebn Berlingo<\/b><span style=\"font-weight: 400;\"> como tal, pero en 2022 la firma francesa retir\u00f3 este combustible de las versiones orientadas al transporte de pasajeros. Esta carrocer\u00eda, llamada <\/span><b>Multiespace<\/b><span style=\"font-weight: 400;\">, tan solo se ha estado comercializando como turismo 100 % el\u00e9ctrico, limitando la opci\u00f3n de gasoil a las variantes comerciales. Esta decisi\u00f3n tambi\u00e9n se aplic\u00f3 a los hom\u00f3logos de la Berlingo, la <\/span><b>Peugeot Rifter<\/b><span style=\"font-weight: 400;\"> y la <\/span><b>Opel Combo Life<\/b><span style=\"font-weight: 400;\">.<\/span><\/p>\n<p><span style=\"font-weight: 400;\">Hasta la fecha, la casa de los dos chevrones no ha especificado en qu\u00e9 mercados se lanzar\u00e1 la Berlingo Multiespace di\u00e9sel de nuevo, aunque es muy probable que <\/span><b>incluya Espa\u00f1a<\/b><span style=\"font-weight: 400;\"> donde siempre ha disfrutado de un gran \u00e9xito, as\u00ed como otros mercados. Tampoco se ha detallado la gama que ofrecer\u00e1, pero antes de su suspensi\u00f3n en la gama hace dos a\u00f1os, la Berlingo di\u00e9sel ven\u00eda equipada con un motor de cuatro cilindros de<\/span><b> 1.5 litro<\/b><span style=\"font-weight: 400;\">s, bien con <\/span><b>100 CV<\/b><span style=\"font-weight: 400;\"> y un cambio manual, o con<\/span><b> 130 CV<\/b><span style=\"font-weight: 400;\"> y un cambio autom\u00e1tico, ofreciendo un gran equilibrio entre prestaciones y consumos y una destacada suavidad de uso.<\/span><\/p>\n<p><span style=\"font-weight: 400;\">Asimismo, la Citro\u00ebn Berlingo di\u00e9sel enfocada a la vida m\u00e1s familiar y viajera se pod\u00eda elegir entre dos longitudes (corta y larga), siendo la m\u00e1s peque\u00f1a de cinco plazas y la m\u00e1s grande de siete gracias a un voladizo posterior ampliado. Un gran punto a favor de la Berlingo es su <\/span><b>espacio a bordo<\/b><span style=\"font-weight: 400;\">, siendo una opci\u00f3n que realmente ofrece tres plazas de tama\u00f1o completo en la segunda fila de asientos. Eso, unido a un tama\u00f1o exterior para nada voluminoso y a un precio relativamente ajustado para todo lo que ofrec\u00eda, han hecho que la Citro\u00ebn Berlingo Multiespace siempre haya sido una opci\u00f3n muy apetecible para familias con ni\u00f1os o gente aventurera.<\/span><\/p>\n<p><span style=\"font-weight: 400;\">Sin embargo, cuando Stellantis retir\u00f3 en las versiones de pasajeros de las furgonetas medias (Citro\u00ebn SpaceTourer, Peugeot Traveller, Opel Zafira Life y Fiat Scudo) y peque\u00f1as (arriba) la mec\u00e1nica di\u00e9sel para ofrecerlas \u00fanicamente como el\u00e9ctricas, estas alternativas dejaron de ser igual de apetecibles y accesibles. El <\/span><b>elevado precio<\/b><span style=\"font-weight: 400;\"> de estas variantes, y en especial su <\/span><b>escasa autonom\u00eda<\/b><span style=\"font-weight: 400;\">, han hecho que la Berlingo y dem\u00e1s compa\u00f1eras hayan desaparecido como una alternativa a un turismo tradicional o un SUV\/<\/span><i><span style=\"font-weight: 400;\">crossover<\/span><\/i><span style=\"font-weight: 400;\">. Mientras tanto, la variante comercial de la Berlingo, con su motor di\u00e9sel, mantiene el liderato en su segmento.<\/span><\/p>\n<p><span style=\"font-weight: 400;\">Ahora, con las ventas de veh\u00edculos parcial y completamente el\u00e9ctricos en aumento, Stellantis ha conseguido rebajar su media de emisiones, por lo que Citro\u00ebn ha podido volver a ofrecer el Berlingo di\u00e9sel. Coincidiendo con la <\/span><b>\u00faltima renovaci\u00f3n del modelo galo<\/b><span style=\"font-weight: 400;\">, el propulsor di\u00e9sel estar\u00e1 de nuevo disponible tan pronto como las primeras unidades comiencen a llegar a los concesionarios antes de que finalice el trimestre. Si no puedes esperar tanto o buscas una unidad m\u00e1s barata, en <\/span><b><i>Clicars <\/i><\/b><a href=\"https:\/\/www.clicars.com\/coches-segunda-mano-ocasion\/citroen\/berlingo\"><span style=\"font-weight: 400;\">Citro\u00ebn Berlingo<\/span><\/a><span style=\"font-weight: 400;\"> en buen estado y completamente revisadas por nuestros mec\u00e1nicos.<\/span><\/p>\n","protected":false},"excerpt":{"rendered":"<p>No es que el motor di\u00e9sel se haya ido de la Citro\u00ebn Berlingo como tal,&#8230;<\/p>\n","protected":false},"author":2,"featured_media":12810,"comment_status":"closed","ping_status":"closed","sticky":false,"template":"","format":"standard","meta":{"footnotes":""},"categories":[5],"tags":[],"class_list":{"0":"post-12808","1":"post","2":"type-post","3":"status-publish","4":"format-standard","5":"has-post-thumbnail","7":"category-actualidad"},"yoast_head":"<!-- This site is optimized with the Yoast SEO plugin v26.8 - https:\/\/yoast.com\/product\/yoast-seo-wordpress\/ -->\n<title>El motor di\u00e9sel vuelve a la Citro\u00ebn Berlingo\u00a0 - Clicars Blog<\/title>\n<meta name=\"description\" content=\"\u25b7 La opci\u00f3n de la Berlingo para pasajeros se hab\u00eda quedado sin opci\u00f3n di\u00e9sel. Pero Citro\u00ebn da marcha atr\u00e1s y vuelve a contar con ella. \u00a1Aqu\u00ed m\u00e1s!\" \/>\n<meta name=\"robots\" content=\"index, follow, max-snippet:-1, max-image-preview:large, max-video-preview:-1\" \/>\n<link rel=\"canonical\" href=\"https:\/\/www.clicars.com\/blog\/actualidad\/el-motor-diesel-vuelve-a-la-citroen-berlingo\/\" \/>\n<meta property=\"og:locale\" content=\"es_ES\" \/>\n<meta property=\"og:type\" content=\"article\" \/>\n<meta property=\"og:title\" content=\"El motor di\u00e9sel vuelve a la Citro\u00ebn Berlingo\u00a0 - Clicars Blog\" \/>\n<meta property=\"og:description\" content=\"\u25b7 La opci\u00f3n de la Berlingo para pasajeros se hab\u00eda quedado sin opci\u00f3n di\u00e9sel. Pero Citro\u00ebn da marcha atr\u00e1s y vuelve a contar con ella. \u00a1Aqu\u00ed m\u00e1s!\" \/>\n<meta property=\"og:url\" content=\"https:\/\/www.clicars.com\/blog\/actualidad\/el-motor-diesel-vuelve-a-la-citroen-berlingo\/\" \/>\n<meta property=\"og:site_name\" content=\"Clicars\" \/>\n<meta property=\"article:published_time\" content=\"2024-03-21T08:24:33+00:00\" \/>\n<meta property=\"og:image\" content=\"https:\/\/www.clicars.com\/blog\/wp-content\/uploads\/2024\/03\/citroen-berlingo-diesel.jpg\" \/>\n\t<meta property=\"og:image:width\" content=\"900\" \/>\n\t<meta property=\"og:image:height\" content=\"600\" \/>\n\t<meta property=\"og:image:type\" content=\"image\/jpeg\" \/>\n<meta name=\"author\" content=\"Clicars\" \/>\n<meta name=\"twitter:card\" content=\"summary_large_image\" \/>\n<meta name=\"twitter:label1\" content=\"Escrito por\" \/>\n\t<meta name=\"twitter:data1\" content=\"Clicars\" \/>\n\t<meta name=\"twitter:label2\" content=\"Tiempo de lectura\" \/>\n\t<meta name=\"twitter:data2\" content=\"3 minutos\" \/>\n<script type=\"application\/ld+json\" class=\"yoast-schema-graph\">{\"@context\":\"https:\/\/schema.org\",\"@graph\":[{\"@type\":\"Article\",\"@id\":\"https:\/\/www.clicars.com\/blog\/actualidad\/el-motor-diesel-vuelve-a-la-citroen-berlingo\/#article\",\"isPartOf\":{\"@id\":\"https:\/\/www.clicars.com\/blog\/actualidad\/el-motor-diesel-vuelve-a-la-citroen-berlingo\/\"},\"author\":{\"name\":\"Clicars\",\"@id\":\"https:\/\/www.clicars.com\/blog\/#\/schema\/person\/af686c41ba96962c68871392bf2bb62d\"},\"headline\":\"El motor di\u00e9sel vuelve a la Citro\u00ebn Berlingo\u00a0\",\"datePublished\":\"2024-03-21T08:24:33+00:00\",\"mainEntityOfPage\":{\"@id\":\"https:\/\/www.clicars.com\/blog\/actualidad\/el-motor-diesel-vuelve-a-la-citroen-berlingo\/\"},\"wordCount\":529,\"image\":{\"@id\":\"https:\/\/www.clicars.com\/blog\/actualidad\/el-motor-diesel-vuelve-a-la-citroen-berlingo\/#primaryimage\"},\"thumbnailUrl\":\"https:\/\/www.clicars.com\/blog\/wp-content\/uploads\/2024\/03\/citroen-berlingo-diesel.jpg\",\"articleSection\":[\"Actualidad\"],\"inLanguage\":\"es\"},{\"@type\":[\"WebPage\",\"ItemPage\"],\"@id\":\"https:\/\/www.clicars.com\/blog\/actualidad\/el-motor-diesel-vuelve-a-la-citroen-berlingo\/\",\"url\":\"https:\/\/www.clicars.com\/blog\/actualidad\/el-motor-diesel-vuelve-a-la-citroen-berlingo\/\",\"name\":\"El motor di\u00e9sel vuelve a la Citro\u00ebn Berlingo\u00a0 - Clicars Blog\",\"isPartOf\":{\"@id\":\"https:\/\/www.clicars.com\/blog\/#website\"},\"primaryImageOfPage\":{\"@id\":\"https:\/\/www.clicars.com\/blog\/actualidad\/el-motor-diesel-vuelve-a-la-citroen-berlingo\/#primaryimage\"},\"image\":{\"@id\":\"https:\/\/www.clicars.com\/blog\/actualidad\/el-motor-diesel-vuelve-a-la-citroen-berlingo\/#primaryimage\"},\"thumbnailUrl\":\"https:\/\/www.clicars.com\/blog\/wp-content\/uploads\/2024\/03\/citroen-berlingo-diesel.jpg\",\"datePublished\":\"2024-03-21T08:24:33+00:00\",\"author\":{\"@id\":\"https:\/\/www.clicars.com\/blog\/#\/schema\/person\/af686c41ba96962c68871392bf2bb62d\"},\"description\":\"\u25b7 La opci\u00f3n de la Berlingo para pasajeros se hab\u00eda quedado sin opci\u00f3n di\u00e9sel. Pero Citro\u00ebn da marcha atr\u00e1s y vuelve a contar con ella. \u00a1Aqu\u00ed m\u00e1s!\",\"breadcrumb\":{\"@id\":\"https:\/\/www.clicars.com\/blog\/actualidad\/el-motor-diesel-vuelve-a-la-citroen-berlingo\/#breadcrumb\"},\"inLanguage\":\"es\",\"potentialAction\":[{\"@type\":\"ReadAction\",\"target\":[\"https:\/\/www.clicars.com\/blog\/actualidad\/el-motor-diesel-vuelve-a-la-citroen-berlingo\/\"]}]},{\"@type\":\"ImageObject\",\"inLanguage\":\"es\",\"@id\":\"https:\/\/www.clicars.com\/blog\/actualidad\/el-motor-diesel-vuelve-a-la-citroen-berlingo\/#primaryimage\",\"url\":\"https:\/\/www.clicars.com\/blog\/wp-content\/uploads\/2024\/03\/citroen-berlingo-diesel.jpg\",\"contentUrl\":\"https:\/\/www.clicars.com\/blog\/wp-content\/uploads\/2024\/03\/citroen-berlingo-diesel.jpg\",\"width\":900,\"height\":600,\"caption\":\"citroen berlingo diesel\"},{\"@type\":\"BreadcrumbList\",\"@id\":\"https:\/\/www.clicars.com\/blog\/actualidad\/el-motor-diesel-vuelve-a-la-citroen-berlingo\/#breadcrumb\",\"itemListElement\":[{\"@type\":\"ListItem\",\"position\":1,\"name\":\"Portada\",\"item\":\"https:\/\/www.clicars.com\/blog\/\"},{\"@type\":\"ListItem\",\"position\":2,\"name\":\"El motor di\u00e9sel vuelve a la Citro\u00ebn Berlingo\u00a0\"}]},{\"@type\":\"WebSite\",\"@id\":\"https:\/\/www.clicars.com\/blog\/#website\",\"url\":\"https:\/\/www.clicars.com\/blog\/\",\"name\":\"Clicars\",\"description\":\"Compra tu coche de Buena Mano sin moverte de casa\",\"inLanguage\":\"es\"},{\"@type\":\"Person\",\"@id\":\"https:\/\/www.clicars.com\/blog\/#\/schema\/person\/af686c41ba96962c68871392bf2bb62d\",\"name\":\"Clicars\",\"image\":{\"@type\":\"ImageObject\",\"inLanguage\":\"es\",\"@id\":\"https:\/\/www.clicars.com\/blog\/#\/schema\/person\/image\/\",\"url\":\"https:\/\/secure.gravatar.com\/avatar\/3100622b0023049db14165cdba9dadaa9159743b871e83e440a0df9a70f80e56?s=96&d=mm&r=g\",\"contentUrl\":\"https:\/\/secure.gravatar.com\/avatar\/3100622b0023049db14165cdba9dadaa9159743b871e83e440a0df9a70f80e56?s=96&d=mm&r=g\",\"caption\":\"Clicars\"},\"sameAs\":[\"https:\/\/www.clicars.com\"],\"url\":\"https:\/\/www.clicars.com\/blog\/author\/clicars\/\"}]}<\/script>\n<!-- \/ Yoast SEO plugin. -->","yoast_head_json":{"title":"El motor di\u00e9sel vuelve a la Citro\u00ebn Berlingo\u00a0 - Clicars Blog","description":"\u25b7 La opci\u00f3n de la Berlingo para pasajeros se hab\u00eda quedado sin opci\u00f3n di\u00e9sel. Pero Citro\u00ebn da marcha atr\u00e1s y vuelve a contar con ella. \u00a1Aqu\u00ed m\u00e1s!","robots":{"index":"index","follow":"follow","max-snippet":"max-snippet:-1","max-image-preview":"max-image-preview:large","max-video-preview":"max-video-preview:-1"},"canonical":"https:\/\/www.clicars.com\/blog\/actualidad\/el-motor-diesel-vuelve-a-la-citroen-berlingo\/","og_locale":"es_ES","og_type":"article","og_title":"El motor di\u00e9sel vuelve a la Citro\u00ebn Berlingo\u00a0 - Clicars Blog","og_description":"\u25b7 La opci\u00f3n de la Berlingo para pasajeros se hab\u00eda quedado sin opci\u00f3n di\u00e9sel. Pero Citro\u00ebn da marcha atr\u00e1s y vuelve a contar con ella. \u00a1Aqu\u00ed m\u00e1s!","og_url":"https:\/\/www.clicars.com\/blog\/actualidad\/el-motor-diesel-vuelve-a-la-citroen-berlingo\/","og_site_name":"Clicars","article_published_time":"2024-03-21T08:24:33+00:00","og_image":[{"width":900,"height":600,"url":"https:\/\/www.clicars.com\/blog\/wp-content\/uploads\/2024\/03\/citroen-berlingo-diesel.jpg","type":"image\/jpeg"}],"author":"Clicars","twitter_card":"summary_large_image","twitter_misc":{"Escrito por":"Clicars","Tiempo de lectura":"3 minutos"},"schema":{"@context":"https:\/\/schema.org","@graph":[{"@type":"Article","@id":"https:\/\/www.clicars.com\/blog\/actualidad\/el-motor-diesel-vuelve-a-la-citroen-berlingo\/#article","isPartOf":{"@id":"https:\/\/www.clicars.com\/blog\/actualidad\/el-motor-diesel-vuelve-a-la-citroen-berlingo\/"},"author":{"name":"Clicars","@id":"https:\/\/www.clicars.com\/blog\/#\/schema\/person\/af686c41ba96962c68871392bf2bb62d"},"headline":"El motor di\u00e9sel vuelve a la Citro\u00ebn Berlingo\u00a0","datePublished":"2024-03-21T08:24:33+00:00","mainEntityOfPage":{"@id":"https:\/\/www.clicars.com\/blog\/actualidad\/el-motor-diesel-vuelve-a-la-citroen-berlingo\/"},"wordCount":529,"image":{"@id":"https:\/\/www.clicars.com\/blog\/actualidad\/el-motor-diesel-vuelve-a-la-citroen-berlingo\/#primaryimage"},"thumbnailUrl":"https:\/\/www.clicars.com\/blog\/wp-content\/uploads\/2024\/03\/citroen-berlingo-diesel.jpg","articleSection":["Actualidad"],"inLanguage":"es"},{"@type":["WebPage","ItemPage"],"@id":"https:\/\/www.clicars.com\/blog\/actualidad\/el-motor-diesel-vuelve-a-la-citroen-berlingo\/","url":"https:\/\/www.clicars.com\/blog\/actualidad\/el-motor-diesel-vuelve-a-la-citroen-berlingo\/","name":"El motor di\u00e9sel vuelve a la Citro\u00ebn Berlingo\u00a0 - Clicars Blog","isPartOf":{"@id":"https:\/\/www.clicars.com\/blog\/#website"},"primaryImageOfPage":{"@id":"https:\/\/www.clicars.com\/blog\/actualidad\/el-motor-diesel-vuelve-a-la-citroen-berlingo\/#primaryimage"},"image":{"@id":"https:\/\/www.clicars.com\/blog\/actualidad\/el-motor-diesel-vuelve-a-la-citroen-berlingo\/#primaryimage"},"thumbnailUrl":"https:\/\/www.clicars.com\/blog\/wp-content\/uploads\/2024\/03\/citroen-berlingo-diesel.jpg","datePublished":"2024-03-21T08:24:33+00:00","author":{"@id":"https:\/\/www.clicars.com\/blog\/#\/schema\/person\/af686c41ba96962c68871392bf2bb62d"},"description":"\u25b7 La opci\u00f3n de la Berlingo para pasajeros se hab\u00eda quedado sin opci\u00f3n di\u00e9sel. Pero Citro\u00ebn da marcha atr\u00e1s y vuelve a contar con ella. \u00a1Aqu\u00ed m\u00e1s!","breadcrumb":{"@id":"https:\/\/www.clicars.com\/blog\/actualidad\/el-motor-diesel-vuelve-a-la-citroen-berlingo\/#breadcrumb"},"inLanguage":"es","potentialAction":[{"@type":"ReadAction","target":["https:\/\/www.clicars.com\/blog\/actualidad\/el-motor-diesel-vuelve-a-la-citroen-berlingo\/"]}]},{"@type":"ImageObject","inLanguage":"es","@id":"https:\/\/www.clicars.com\/blog\/actualidad\/el-motor-diesel-vuelve-a-la-citroen-berlingo\/#primaryimage","url":"https:\/\/www.clicars.com\/blog\/wp-content\/uploads\/2024\/03\/citroen-berlingo-diesel.jpg","contentUrl":"https:\/\/www.clicars.com\/blog\/wp-content\/uploads\/2024\/03\/citroen-berlingo-diesel.jpg","width":900,"height":600,"caption":"citroen berlingo diesel"},{"@type":"BreadcrumbList","@id":"https:\/\/www.clicars.com\/blog\/actualidad\/el-motor-diesel-vuelve-a-la-citroen-berlingo\/#breadcrumb","itemListElement":[{"@type":"ListItem","position":1,"name":"Portada","item":"https:\/\/www.clicars.com\/blog\/"},{"@type":"ListItem","position":2,"name":"El motor di\u00e9sel vuelve a la Citro\u00ebn Berlingo\u00a0"}]},{"@type":"WebSite","@id":"https:\/\/www.clicars.com\/blog\/#website","url":"https:\/\/www.clicars.com\/blog\/","name":"Clicars","description":"Compra tu coche de Buena Mano sin moverte de casa","inLanguage":"es"},{"@type":"Person","@id":"https:\/\/www.clicars.com\/blog\/#\/schema\/person\/af686c41ba96962c68871392bf2bb62d","name":"Clicars","image":{"@type":"ImageObject","inLanguage":"es","@id":"https:\/\/www.clicars.com\/blog\/#\/schema\/person\/image\/","url":"https:\/\/secure.gravatar.com\/avatar\/3100622b0023049db14165cdba9dadaa9159743b871e83e440a0df9a70f80e56?s=96&d=mm&r=g","contentUrl":"https:\/\/secure.gravatar.com\/avatar\/3100622b0023049db14165cdba9dadaa9159743b871e83e440a0df9a70f80e56?s=96&d=mm&r=g","caption":"Clicars"},"sameAs":["https:\/\/www.clicars.com"],"url":"https:\/\/www.clicars.com\/blog\/author\/clicars\/"}]}},"_links":{"self":[{"href":"https:\/\/www.clicars.com\/blog\/wp-json\/wp\/v2\/posts\/12808","targetHints":{"allow":["GET"]}}],"collection":[{"href":"https:\/\/www.clicars.com\/blog\/wp-json\/wp\/v2\/posts"}],"about":[{"href":"https:\/\/www.clicars.com\/blog\/wp-json\/wp\/v2\/types\/post"}],"author":[{"embeddable":true,"href":"https:\/\/www.clicars.com\/blog\/wp-json\/wp\/v2\/users\/2"}],"replies":[{"embeddable":true,"href":"https:\/\/www.clicars.com\/blog\/wp-json\/wp\/v2\/comments?post=12808"}],"version-history":[{"count":2,"href":"https:\/\/www.clicars.com\/blog\/wp-json\/wp\/v2\/posts\/12808\/revisions"}],"predecessor-version":[{"id":12811,"href":"https:\/\/www.clicars.com\/blog\/wp-json\/wp\/v2\/posts\/12808\/revisions\/12811"}],"wp:featuredmedia":[{"embeddable":true,"href":"https:\/\/www.clicars.com\/blog\/wp-json\/wp\/v2\/media\/12810"}],"wp:attachment":[{"href":"https:\/\/www.clicars.com\/blog\/wp-json\/wp\/v2\/media?parent=12808"}],"wp:term":[{"taxonomy":"category","embeddable":true,"href":"https:\/\/www.clicars.com\/blog\/wp-json\/wp\/v2\/categories?post=12808"},{"taxonomy":"post_tag","embeddable":true,"href":"https:\/\/www.clicars.com\/blog\/wp-json\/wp\/v2\/tags?post=12808"}],"curies":[{"name":"wp","href":"https:\/\/api.w.org\/{rel}","templated":true}]}}