{"id":12812,"date":"2024-03-25T10:00:25","date_gmt":"2024-03-25T08:00:25","guid":{"rendered":"https:\/\/www.clicars.com\/blog\/?p=12812"},"modified":"2024-03-25T10:58:17","modified_gmt":"2024-03-25T08:58:17","slug":"los-coches-electricos-con-mayor-autonomia-en-el-mercado","status":"publish","type":"post","link":"https:\/\/www.clicars.com\/blog\/coches-eco\/los-coches-electricos-con-mayor-autonomia-en-el-mercado\/","title":{"rendered":"Los Coches El\u00e9ctricos con Mayor Autonom\u00eda en el Mercado"},"content":{"rendered":"<p dir=\"ltr\" style=\"line-height: 1.38; margin-top: 0pt; margin-bottom: 0pt;\"><span style=\"font-size: 11pt; font-family: Arial,sans-serif; color: #000000; background-color: transparent; font-weight: 400; font-style: normal; font-variant: normal; text-decoration: none; vertical-align: baseline; white-space: pre-wrap;\">Estamos en la era de la movilidad sostenible y la b\u00fasqueda de alternativas a las motorizaciones tradicionales que nos han acompa\u00f1ado desde que naci\u00f3 en autom\u00f3vil. En medio de esa transici\u00f3n, <\/span><a style=\"text-decoration: none;\" href=\"https:\/\/www.clicars.com\/coches-segunda-mano-ocasion\/electrico\"><span style=\"font-size: 11pt; font-family: Arial,sans-serif; color: #1155cc; background-color: transparent; font-weight: bold; font-style: normal; font-variant: normal; text-decoration: underline; -webkit-text-decoration-skip: none; text-decoration-skip-ink: none; vertical-align: baseline; white-space: pre-wrap;\">los coches el\u00e9ctricos<\/span><\/a><span style=\"font-size: 11pt; font-family: Arial,sans-serif; color: #000000; background-color: transparent; font-weight: 400; font-style: normal; font-variant: normal; text-decoration: none; vertical-align: baseline; white-space: pre-wrap;\"> se han convertido en una opci\u00f3n cada vez m\u00e1s popular para los consumidores y sin duda, uno de<\/span><span style=\"font-size: 11pt; font-family: Arial,sans-serif; color: #000000; background-color: transparent; font-weight: bold; font-style: normal; font-variant: normal; text-decoration: none; vertical-align: baseline; white-space: pre-wrap;\"> los aspectos m\u00e1s importantes a considerar<\/span><span style=\"font-size: 11pt; font-family: Arial,sans-serif; color: #000000; background-color: transparent; font-weight: 400; font-style: normal; font-variant: normal; text-decoration: none; vertical-align: baseline; white-space: pre-wrap;\"> cuando vamos a comprar un coche el\u00e9ctrico, es su <\/span><span style=\"font-size: 11pt; font-family: Arial,sans-serif; color: #000000; background-color: transparent; font-weight: bold; font-style: normal; font-variant: normal; text-decoration: none; vertical-align: baseline; white-space: pre-wrap;\">autonom\u00eda<\/span><span style=\"font-size: 11pt; font-family: Arial,sans-serif; color: #000000; background-color: transparent; font-weight: 400; font-style: normal; font-variant: normal; text-decoration: none; vertical-align: baseline; white-space: pre-wrap;\">.\u00a0<\/span><b id=\"docs-internal-guid-bad718f1-7fff-9e39-56e1-cf7ffc345bd1\" style=\"font-weight: normal;\"><\/b><\/p>\n<p dir=\"ltr\" style=\"line-height: 1.38; margin-top: 0pt; margin-bottom: 0pt;\"><span style=\"font-size: 11pt; font-family: Arial,sans-serif; color: #000000; background-color: transparent; font-weight: 400; font-style: normal; font-variant: normal; text-decoration: none; vertical-align: baseline; white-space: pre-wrap;\">Si eres de los que ya se ha planteado dar el paso hacia la movilidad el\u00e9ctrica, sabr\u00e1s de sobra que<\/span><span style=\"font-size: 11pt; font-family: Arial,sans-serif; color: #000000; background-color: transparent; font-weight: bold; font-style: normal; font-variant: normal; text-decoration: none; vertical-align: baseline; white-space: pre-wrap;\"> la autonom\u00eda de un coche el\u00e9ctrico juega un papel crucial <\/span><span style=\"font-size: 11pt; font-family: Arial,sans-serif; color: #000000; background-color: transparent; font-weight: 400; font-style: normal; font-variant: normal; text-decoration: none; vertical-align: baseline; white-space: pre-wrap;\">en la decisi\u00f3n de compra a la hora de decantarnos por un modelo u otro. Ese factor determina la practicidad del veh\u00edculo para satisfacer nuestras necesidades diarias y es evidente, que<\/span><span style=\"font-size: 11pt; font-family: Arial,sans-serif; color: #000000; background-color: transparent; font-weight: bold; font-style: normal; font-variant: normal; text-decoration: none; vertical-align: baseline; white-space: pre-wrap;\"> una mayor autonom\u00eda significa menos preocupaciones<\/span><span style=\"font-size: 11pt; font-family: Arial,sans-serif; color: #000000; background-color: transparent; font-weight: 400; font-style: normal; font-variant: normal; text-decoration: none; vertical-align: baseline; white-space: pre-wrap;\"> sobre la necesidad de recargar la bater\u00eda con frecuencia\u00a0 y una mayor flexibilidad para realizar viajes m\u00e1s largos sin interrupciones. Sobre todo por la escasa red de puntos de carga que existen en la actualidad.<\/span><\/p>\n<p><b style=\"font-weight: normal;\">\u00a0<\/b><\/p>\n<p dir=\"ltr\" style=\"line-height: 1.38; margin-top: 0pt; margin-bottom: 0pt;\"><span style=\"font-size: 11pt; font-family: Arial,sans-serif; color: #000000; background-color: transparent; font-weight: 400; font-style: normal; font-variant: normal; text-decoration: none; vertical-align: baseline; white-space: pre-wrap;\">Con el paso del tiempo, en un mercado que no termina de destacarse, la autonom\u00eda se ha convertido en<\/span><span style=\"font-size: 11pt; font-family: Arial,sans-serif; color: #000000; background-color: transparent; font-weight: bold; font-style: normal; font-variant: normal; text-decoration: none; vertical-align: baseline; white-space: pre-wrap;\"> un factor clave para impulsar la adopci\u00f3n de los coches el\u00e9ctricos <\/span><span style=\"font-size: 11pt; font-family: Arial,sans-serif; color: #000000; background-color: transparent; font-weight: 400; font-style: normal; font-variant: normal; text-decoration: none; vertical-align: baseline; white-space: pre-wrap;\">y<\/span><span style=\"font-size: 11pt; font-family: Arial,sans-serif; color: #000000; background-color: transparent; font-weight: bold; font-style: normal; font-variant: normal; text-decoration: none; vertical-align: baseline; white-space: pre-wrap;\"> por <\/span><span style=\"font-size: 11pt; font-family: Arial,sans-serif; color: #000000; background-color: transparent; font-weight: 400; font-style: normal; font-variant: normal; text-decoration: none; vertical-align: baseline; white-space: pre-wrap;\">suerte,<\/span> <span style=\"font-size: 11pt; font-family: Arial,sans-serif; color: #000000; background-color: transparent; font-weight: 400; font-style: normal; font-variant: normal; text-decoration: none; vertical-align: baseline; white-space: pre-wrap;\">los avances tecnol\u00f3gicos en la industria de las bater\u00edas est\u00e1n permitiendo que los fabricantes <\/span><span style=\"font-size: 11pt; font-family: Arial,sans-serif; color: #000000; background-color: transparent; font-weight: bold; font-style: normal; font-variant: normal; text-decoration: none; vertical-align: baseline; white-space: pre-wrap;\">aumenten la autonom\u00eda de los veh\u00edculos el\u00e9ctricos<\/span><span style=\"font-size: 11pt; font-family: Arial,sans-serif; color: #000000; background-color: transparent; font-weight: 400; font-style: normal; font-variant: normal; text-decoration: none; vertical-align: baseline; white-space: pre-wrap;\">, acerc\u00e1ndolos cada vez m\u00e1s a los est\u00e1ndares de los veh\u00edculos de combusti\u00f3n interna en t\u00e9rminos de alcance y rendimiento para consolidar una transici\u00f3n, que todav\u00eda sigue en proceso.\u00a0<\/span><\/p>\n<p><b style=\"font-weight: normal;\"><div id=\"ez-toc-container\" class=\"ez-toc-v2_0_80 counter-hierarchy ez-toc-counter ez-toc-light-blue ez-toc-container-direction\">\n<p class=\"ez-toc-title\" style=\"cursor:inherit\">\u00cdndice de contenidos<\/p>\n<label for=\"ez-toc-cssicon-toggle-item-69f42741c8ca8\" class=\"ez-toc-cssicon-toggle-label\"><span class=\"ez-toc-cssicon\"><span class=\"eztoc-hide\" style=\"display:none;\">Toggle<\/span><span class=\"ez-toc-icon-toggle-span\"><svg style=\"fill: #999;color:#999\" xmlns=\"http:\/\/www.w3.org\/2000\/svg\" class=\"list-377408\" width=\"20px\" height=\"20px\" viewBox=\"0 0 24 24\" fill=\"none\"><path d=\"M6 6H4v2h2V6zm14 0H8v2h12V6zM4 11h2v2H4v-2zm16 0H8v2h12v-2zM4 16h2v2H4v-2zm16 0H8v2h12v-2z\" fill=\"currentColor\"><\/path><\/svg><svg style=\"fill: #999;color:#999\" class=\"arrow-unsorted-368013\" xmlns=\"http:\/\/www.w3.org\/2000\/svg\" width=\"10px\" height=\"10px\" viewBox=\"0 0 24 24\" version=\"1.2\" baseProfile=\"tiny\"><path d=\"M18.2 9.3l-6.2-6.3-6.2 6.3c-.2.2-.3.4-.3.7s.1.5.3.7c.2.2.4.3.7.3h11c.3 0 .5-.1.7-.3.2-.2.3-.5.3-.7s-.1-.5-.3-.7zM5.8 14.7l6.2 6.3 6.2-6.3c.2-.2.3-.5.3-.7s-.1-.5-.3-.7c-.2-.2-.4-.3-.7-.3h-11c-.3 0-.5.1-.7.3-.2.2-.3.5-.3.7s.1.5.3.7z\"\/><\/svg><\/span><\/span><\/label><input type=\"checkbox\"  id=\"ez-toc-cssicon-toggle-item-69f42741c8ca8\"  aria-label=\"Alternar\" \/><nav><ul class='ez-toc-list ez-toc-list-level-1 ' ><li class='ez-toc-page-1 ez-toc-heading-level-2'><a class=\"ez-toc-link ez-toc-heading-1\" href=\"https:\/\/www.clicars.com\/blog\/coches-eco\/los-coches-electricos-con-mayor-autonomia-en-el-mercado\/#Tendencias_en_Autonomia_del_Coche_Electrico\" >Tendencias en Autonom\u00eda del Coche El\u00e9ctrico<\/a><\/li><li class='ez-toc-page-1 ez-toc-heading-level-2'><a class=\"ez-toc-link ez-toc-heading-2\" href=\"https:\/\/www.clicars.com\/blog\/coches-eco\/los-coches-electricos-con-mayor-autonomia-en-el-mercado\/#Coches_Electricos_con_Mayor_Autonomia_en_el_Mercado\" >Coches El\u00e9ctricos con Mayor Autonom\u00eda en el Mercado<\/a><\/li><li class='ez-toc-page-1 ez-toc-heading-level-2'><a class=\"ez-toc-link ez-toc-heading-3\" href=\"https:\/\/www.clicars.com\/blog\/coches-eco\/los-coches-electricos-con-mayor-autonomia-en-el-mercado\/#El_Futuro_de_la_Autonomia_en_los_Coches_Electricos\" >El Futuro de la Autonom\u00eda en los Coches El\u00e9ctricos<\/a><\/li><\/ul><\/nav><\/div>\n<\/b><\/p>\n<h2 dir=\"ltr\" style=\"line-height: 1.38; margin-top: 18pt; margin-bottom: 6pt;\"><span class=\"ez-toc-section\" id=\"Tendencias_en_Autonomia_del_Coche_Electrico\"><\/span><span style=\"font-size: 16pt; font-family: Arial,sans-serif; color: #000000; background-color: transparent; font-weight: 400; font-style: normal; font-variant: normal; text-decoration: none; vertical-align: baseline; white-space: pre-wrap;\">Tendencias en Autonom\u00eda del Coche El\u00e9ctrico<\/span><span class=\"ez-toc-section-end\"><\/span><\/h2>\n<p dir=\"ltr\" style=\"line-height: 1.38; margin-top: 0pt; margin-bottom: 0pt;\"><span style=\"font-size: 11pt; font-family: Arial,sans-serif; color: #000000; background-color: transparent; font-weight: 400; font-style: normal; font-variant: normal; text-decoration: none; vertical-align: baseline; white-space: pre-wrap;\">En la \u00faltima d\u00e9cada, desde que irrumpi\u00f3 el coche el\u00e9ctrico en el mercado, hemos sido testigos de<\/span><span style=\"font-size: 11pt; font-family: Arial,sans-serif; color: #000000; background-color: transparent; font-weight: bold; font-style: normal; font-variant: normal; text-decoration: none; vertical-align: baseline; white-space: pre-wrap;\"> avances significativos en la tecnolog\u00eda de bater\u00edas<\/span><span style=\"font-size: 11pt; font-family: Arial,sans-serif; color: #000000; background-color: transparent; font-weight: 400; font-style: normal; font-variant: normal; text-decoration: none; vertical-align: baseline; white-space: pre-wrap;\"> y la eficiencia de estos veh\u00edculos, lo que ha llevado a mejoras notables en su autonom\u00eda. Actualmente, en una clara apuesta por parte de las marcas de electrificar cada vez m\u00e1s sus gamas,<\/span><span style=\"font-size: 11pt; font-family: Arial,sans-serif; color: #000000; background-color: transparent; font-weight: bold; font-style: normal; font-variant: normal; text-decoration: none; vertical-align: baseline; white-space: pre-wrap;\"> los modelos ya superan f\u00e1cilmente los 600 kil\u00f3metros de autonom\u00eda<\/span><span style=\"font-size: 11pt; font-family: Arial,sans-serif; color: #000000; background-color: transparent; font-weight: 400; font-style: normal; font-variant: normal; text-decoration: none; vertical-align: baseline; white-space: pre-wrap;\"> con una sola carga en condiciones \u00f3ptimas. Y se trata de una cifra considerable, porque el EV-1 que present\u00f3 General Motors en 1996, tan <\/span><span style=\"font-size: 11pt; font-family: Arial,sans-serif; color: #000000; background-color: transparent; font-weight: bold; font-style: normal; font-variant: normal; text-decoration: none; vertical-align: baseline; white-space: pre-wrap;\">solo ofrec\u00eda 160 kil\u00f3metros <\/span><span style=\"font-size: 11pt; font-family: Arial,sans-serif; color: #000000; background-color: transparent; font-weight: 400; font-style: normal; font-variant: normal; text-decoration: none; vertical-align: baseline; white-space: pre-wrap;\">de autonom\u00eda.\u00a0<\/span><\/p>\n<p><b style=\"font-weight: normal;\">\u00a0<\/b><\/p>\n<p dir=\"ltr\" style=\"line-height: 1.38; margin-top: 0pt; margin-bottom: 0pt;\"><span style=\"font-size: 11pt; font-family: Arial,sans-serif; color: #000000; background-color: transparent; font-weight: 400; font-style: normal; font-variant: normal; text-decoration: none; vertical-align: baseline; white-space: pre-wrap;\">A pesar de la mejora que se ha conseguido con el paso del tiempo, es cierto que el aumento de la autonom\u00eda, como evidencian las fechas, no ha experimentado un aumento imparable. Y de hecho, a pesar de que las cifras son esperanzadoras, <\/span><span style=\"font-size: 11pt; font-family: Arial,sans-serif; color: #000000; background-color: transparent; font-weight: bold; font-style: normal; font-variant: normal; text-decoration: none; vertical-align: baseline; white-space: pre-wrap;\">\u00a0alcanzar la marca de los 1000 kil\u00f3metros<\/span><span style=\"font-size: 11pt; font-family: Arial,sans-serif; color: #000000; background-color: transparent; font-weight: 400; font-style: normal; font-variant: normal; text-decoration: none; vertical-align: baseline; white-space: pre-wrap;\"> sigue siendo un objetivo ambicioso, pero <\/span><span style=\"font-size: 11pt; font-family: Arial,sans-serif; color: #000000; background-color: transparent; font-weight: bold; font-style: normal; font-variant: normal; text-decoration: none; vertical-align: baseline; white-space: pre-wrap;\">factible, que muchos fabricantes persiguen activamente.<\/span><\/p>\n<p><b style=\"font-weight: normal;\">\u00a0<\/b><\/p>\n<p dir=\"ltr\" style=\"line-height: 1.38; margin-top: 0pt; margin-bottom: 0pt;\"><span style=\"font-size: 11pt; font-family: Arial,sans-serif; color: #000000; background-color: transparent; font-weight: 400; font-style: normal; font-variant: normal; text-decoration: none; vertical-align: baseline; white-space: pre-wrap;\">La estimaci\u00f3n de alcanzar esa cifra a nivel de autonom\u00eda, seg\u00fan los expertos de la industria, est\u00e1 en torno hacia la segunda mitad de la d\u00e9cada. Porque a pesar de que la marca china conocida como<\/span><span style=\"font-size: 11pt; font-family: Arial,sans-serif; color: #000000; background-color: transparent; font-weight: bold; font-style: normal; font-variant: normal; text-decoration: none; vertical-align: baseline; white-space: pre-wrap;\"> NIO present\u00f3 el primer coche el\u00e9ctrico con m\u00e1s de 1000 kil\u00f3metros <\/span><span style=\"font-size: 11pt; font-family: Arial,sans-serif; color: #000000; background-color: transparent; font-weight: 400; font-style: normal; font-variant: normal; text-decoration: none; vertical-align: baseline; white-space: pre-wrap;\">de autonom\u00eda y se anunciaba su producci\u00f3n en este mismo 2024, lo cierto es que esa autonom\u00eda solo ser\u00e1 homologada en el pa\u00eds asi\u00e1tico y en Europa, reducir\u00e1 considerablemente su cifra. Pero es innegable que con <\/span><span style=\"font-size: 11pt; font-family: Arial,sans-serif; color: #000000; background-color: transparent; font-weight: bold; font-style: normal; font-variant: normal; text-decoration: none; vertical-align: baseline; white-space: pre-wrap;\">los avances continuos en el desarollo de nuevas formas de almacenamiento <\/span><span style=\"font-size: 11pt; font-family: Arial,sans-serif; color: #000000; background-color: transparent; font-weight: 400; font-style: normal; font-variant: normal; text-decoration: none; vertical-align: baseline; white-space: pre-wrap;\">de energ\u00eda, los fabricantes est\u00e1n cada vez m\u00e1s cerca de superar esta marca.<\/span><\/p>\n<p dir=\"ltr\"><img loading=\"lazy\" decoding=\"async\" class=\"aligncenter size-full wp-image-12814\" src=\"https:\/\/www.clicars.com\/blog\/wp-content\/uploads\/2024\/03\/autonomia-del-coche-electrico.jpg\" alt=\"autonomia del coche el\u00e9ctrico\" width=\"800\" height=\"600\" \/><\/p>\n<h2 dir=\"ltr\" style=\"line-height: 1.38; margin-top: 12pt; margin-bottom: 12pt;\"><span class=\"ez-toc-section\" id=\"Coches_Electricos_con_Mayor_Autonomia_en_el_Mercado\"><\/span><span style=\"font-size: 16pt; font-family: Arial,sans-serif; color: #000000; background-color: transparent; font-weight: 400; font-style: normal; font-variant: normal; text-decoration: none; vertical-align: baseline; white-space: pre-wrap;\">Coches El\u00e9ctricos con Mayor Autonom\u00eda en el Mercado<\/span><span class=\"ez-toc-section-end\"><\/span><\/h2>\n<p dir=\"ltr\" style=\"line-height: 1.38; margin-top: 12pt; margin-bottom: 12pt;\"><span style=\"font-size: 11pt; font-family: Arial,sans-serif; color: #000000; background-color: transparent; font-weight: 400; font-style: normal; font-variant: normal; text-decoration: none; vertical-align: baseline; white-space: pre-wrap;\">Puesto a que la autonom\u00eda es una de las grandes preocupaciones de aquellos que aspiran a comprar un coche el\u00e9ctrico, a continuaci\u00f3n te contamos cu\u00e1les son los modelos con mayor autonom\u00eda del mercado a d\u00eda de hoy:<\/span><\/p>\n<ul style=\"margin-top: 0; margin-bottom: 0; padding-inline-start: 48px;\">\n<li dir=\"ltr\" style=\"list-style-type: disc; font-size: 11pt; font-family: Arial,sans-serif; color: #000000; background-color: transparent; font-weight: 400; font-style: normal; font-variant: normal; text-decoration: none; vertical-align: baseline; white-space: pre;\" aria-level=\"1\">\n<p dir=\"ltr\" style=\"line-height: 1.38; margin-top: 12pt; margin-bottom: 0pt;\" role=\"presentation\"><span style=\"font-size: 11pt; font-family: Arial,sans-serif; color: #000000; background-color: transparent; font-weight: bold; font-style: normal; font-variant: normal; text-decoration: none; vertical-align: baseline; white-space: pre-wrap;\">Mercedes EQS: <\/span><span style=\"font-size: 11pt; font-family: Arial,sans-serif; color: #000000; background-color: transparent; font-weight: 400; font-style: normal; font-variant: normal; text-decoration: none; vertical-align: baseline; white-space: pre-wrap;\">es el l\u00edder por excelencia de esta lista gracias a sus 732 kil\u00f3metros de autonom\u00eda. Esta berlina del fabricante alem\u00e1n emerge como una obra maestra de innovaci\u00f3n y elegancia, al mismo tiempo que consigue desmarcarse como el buque insignia de la familia de veh\u00edculos el\u00e9ctricos en la marca de la estrella. Este modelo est\u00e1 lleno de lujos y tecnolog\u00eda, a los que acompa\u00f1an unas bater\u00edas de 107,8 kWh. Bajo el cap\u00f3 ofrece 360 CV de potencia en la versi\u00f3n 450+.<\/span><\/p>\n<\/li>\n<li dir=\"ltr\" style=\"list-style-type: disc; font-size: 11pt; font-family: Arial,sans-serif; color: #000000; background-color: transparent; font-weight: 400; font-style: normal; font-variant: normal; text-decoration: none; vertical-align: baseline; white-space: pre;\" aria-level=\"1\">\n<p dir=\"ltr\" style=\"line-height: 1.38; margin-top: 0pt; margin-bottom: 0pt;\" role=\"presentation\"><span style=\"font-size: 11pt; font-family: Arial,sans-serif; color: #000000; background-color: transparent; font-weight: bold; font-style: normal; font-variant: normal; text-decoration: none; vertical-align: baseline; white-space: pre-wrap;\">Mercedes EQS 450 4MATIC:<\/span><span style=\"font-size: 11pt; font-family: Arial,sans-serif; color: #000000; background-color: transparent; font-weight: 400; font-style: normal; font-variant: normal; text-decoration: none; vertical-align: baseline; white-space: pre-wrap;\"> es el SUV el\u00e9ctrico con m\u00e1s autonom\u00eda en el mercado espa\u00f1ol. En total ofrece una conducci\u00f3n de hasta 656 kil\u00f3metros sin necesidad de recarga y destaca por su confort y calidad de rodadura. Pero tiene otra particularidad; su amplio habit\u00e1culo ofrece espacio para hasta siete personas.\u00a0<\/span><\/p>\n<\/li>\n<li dir=\"ltr\" style=\"list-style-type: disc; font-size: 11pt; font-family: Arial,sans-serif; color: #000000; background-color: transparent; font-weight: 400; font-style: normal; font-variant: normal; text-decoration: none; vertical-align: baseline; white-space: pre;\" aria-level=\"1\">\n<p dir=\"ltr\" style=\"line-height: 1.38; margin-top: 0pt; margin-bottom: 0pt;\" role=\"presentation\"><span style=\"font-size: 11pt; font-family: Arial,sans-serif; color: #000000; background-color: transparent; font-weight: bold; font-style: normal; font-variant: normal; text-decoration: none; vertical-align: baseline; white-space: pre-wrap;\">Polestar 2: <\/span><span style=\"font-size: 11pt; font-family: Arial,sans-serif; color: #000000; background-color: transparent; font-weight: 400; font-style: normal; font-variant: normal; text-decoration: none; vertical-align: baseline; white-space: pre-wrap;\">por un precio mucho m\u00e1s econ\u00f3mico que los veh\u00edculos de Mercedes, este reci\u00e9n actualizado modelo se cuela en la lista gracias a sus 655 kil\u00f3metros de autonom\u00eda que ofrece en la versi\u00f3n Long Range Single Motor. Su motor el\u00e9ctrico ofrece 299 CV de potencia y la capacidad de su bater\u00eda es de 82 kWh.\u00a0<\/span><\/p>\n<\/li>\n<li dir=\"ltr\" style=\"list-style-type: disc; font-size: 11pt; font-family: Arial,sans-serif; color: #000000; background-color: transparent; font-weight: 400; font-style: normal; font-variant: normal; text-decoration: none; vertical-align: baseline; white-space: pre;\" aria-level=\"1\">\n<p dir=\"ltr\" style=\"line-height: 1.38; margin-top: 0pt; margin-bottom: 0pt;\" role=\"presentation\"><span style=\"font-size: 11pt; font-family: Arial,sans-serif; color: #000000; background-color: transparent; font-weight: bold; font-style: normal; font-variant: normal; text-decoration: none; vertical-align: baseline; white-space: pre-wrap;\">Tesla Model S:<\/span><span style=\"font-size: 11pt; font-family: Arial,sans-serif; color: #000000; background-color: transparent; font-weight: 400; font-style: normal; font-variant: normal; text-decoration: none; vertical-align: baseline; white-space: pre-wrap;\"> es la segunda berlina de la lista y aunque su autonom\u00eda es de 634 kil\u00f3metros, esa distancia a d\u00eda de hoy sigue siendo una de las m\u00e1s importantes que ofrece el mercado. Se fabrica desde 2012 y lleg\u00f3 a ser el veh\u00edculo con mayor autonom\u00eda del mercado, antes de ser desbancada por Mercedes. Los tiempos han cambiado y tambi\u00e9n lo ha hecho un prototipo que se ha actualizado con una versi\u00f3n de altas prestaciones que es capaz de acelerar de 0 a 100 km\/h en 2,1 segundos.<\/span><\/p>\n<\/li>\n<li dir=\"ltr\" style=\"list-style-type: disc; font-size: 11pt; font-family: Arial,sans-serif; color: #000000; background-color: transparent; font-weight: 400; font-style: normal; font-variant: normal; text-decoration: none; vertical-align: baseline; white-space: pre;\" aria-level=\"1\">\n<p dir=\"ltr\" style=\"line-height: 1.38; margin-top: 0pt; margin-bottom: 12pt;\" role=\"presentation\"><span style=\"font-size: 11pt; font-family: Arial,sans-serif; color: #000000; background-color: transparent; font-weight: bold; font-style: normal; font-variant: normal; text-decoration: none; vertical-align: baseline; white-space: pre-wrap;\">Tesla Model 3:<\/span><span style=\"font-size: 11pt; font-family: Arial,sans-serif; color: #000000; background-color: transparent; font-weight: 400; font-style: normal; font-variant: normal; text-decoration: none; vertical-align: baseline; white-space: pre-wrap;\"> tambi\u00e9n desde California llega un imprescindible de esta lista que, adem\u00e1s, es el el\u00e9ctrico m\u00e1s asequible de la marca. Se trata de uno de los modelos m\u00e1s destacados del mercado ya que es capaz de ofrecer hasta 629 kil\u00f3metros de autonom\u00eda, y en esta versi\u00f3n con tracci\u00f3n a las cuatro ruedas sus 49.999 euros de coste le hacen una opci\u00f3n muy atractiva para todos aquellos que quieren hacer la transici\u00f3n hacia la electrificaci\u00f3n.\u00a0<\/span><\/p>\n<\/li>\n<\/ul>\n<h2 dir=\"ltr\" style=\"line-height: 1.38; margin-top: 12pt; margin-bottom: 12pt;\"><span class=\"ez-toc-section\" id=\"El_Futuro_de_la_Autonomia_en_los_Coches_Electricos\"><\/span><span style=\"font-size: 16pt; font-family: Arial,sans-serif; color: #000000; background-color: transparent; font-weight: 400; font-style: normal; font-variant: normal; text-decoration: none; vertical-align: baseline; white-space: pre-wrap;\">El Futuro de la Autonom\u00eda en los Coches El\u00e9ctricos<\/span><span class=\"ez-toc-section-end\"><\/span><\/h2>\n<p dir=\"ltr\" style=\"line-height: 1.38; margin-top: 0pt; margin-bottom: 0pt;\"><span style=\"font-size: 11pt; font-family: Arial,sans-serif; color: #000000; background-color: transparent; font-weight: 400; font-style: normal; font-variant: normal; text-decoration: none; vertical-align: baseline; white-space: pre-wrap;\">Como habr\u00e1s podido apreciar, hay marcas que est\u00e1n liderando la carrera hacia un futuro electrificado. La autonom\u00eda es casi el aspecto m\u00e1s importante de este tipo de veh\u00edculos y a medida que la tecnolog\u00eda de las bater\u00edas evolucione, se espera que<\/span><span style=\"font-size: 11pt; font-family: Arial,sans-serif; color: #000000; background-color: transparent; font-weight: bold; font-style: normal; font-variant: normal; text-decoration: none; vertical-align: baseline; white-space: pre-wrap;\"> la autonom\u00eda de los coches el\u00e9ctricos experimente mejoras significativas<\/span><span style=\"font-size: 11pt; font-family: Arial,sans-serif; color: #000000; background-color: transparent; font-weight: 400; font-style: normal; font-variant: normal; text-decoration: none; vertical-align: baseline; white-space: pre-wrap;\"> en un futuro no muy lejano. Sin embargo, hay que tener en cuenta que la autonom\u00eda de un coche el\u00e9ctrico no solo depende de la tecnolog\u00eda de las bater\u00edas.\u00a0<\/span><\/p>\n<p dir=\"ltr\" style=\"line-height: 1.38; margin-top: 0pt; margin-bottom: 0pt;\"><span style=\"font-size: 11pt; font-family: Arial,sans-serif; color: #000000; background-color: transparent; font-weight: 400; font-style: normal; font-variant: normal; text-decoration: none; vertical-align: baseline; white-space: pre-wrap;\">Hay una serie de factores que influyen en la distancia que un veh\u00edculo el\u00e9ctrico puede recorrer con una sola carga, y es importante tener en cuenta estos aspectos al considerar el futuro de la autonom\u00eda de los coches el\u00e9ctricos.<\/span><span style=\"font-size: 11pt; font-family: Arial,sans-serif; color: #000000; background-color: transparent; font-weight: bold; font-style: normal; font-variant: normal; text-decoration: none; vertical-align: baseline; white-space: pre-wrap;\"> La aerodin\u00e1mica, el peso del veh\u00edculo y la eficiencia del sistema de propulsi\u00f3n<\/span><span style=\"font-size: 11pt; font-family: Arial,sans-serif; color: #000000; background-color: transparent; font-weight: 400; font-style: normal; font-variant: normal; text-decoration: none; vertical-align: baseline; white-space: pre-wrap;\"> tambi\u00e9n afectan la autonom\u00eda de un coche el\u00e9ctrico; y factores como la velocidad, la topograf\u00eda del terreno y el clima tambi\u00e9n influir\u00e1n en la autonom\u00eda de un coche el\u00e9ctrico. Pero lo verdaderamente relevante, es que <\/span><span style=\"font-size: 11pt; font-family: Arial,sans-serif; color: #000000; background-color: transparent; font-weight: bold; font-style: normal; font-variant: normal; text-decoration: none; vertical-align: baseline; white-space: pre-wrap;\">el futuro de la autonom\u00eda de los coches el\u00e9ctricos es prometedor.\u00a0<\/span><\/p>\n<p>&nbsp;<\/p>\n<p dir=\"ltr\" style=\"line-height: 1.38; margin-top: 0pt; margin-bottom: 0pt;\"><span style=\"font-size: 11pt; font-family: Arial,sans-serif; color: #000000; background-color: transparent; font-weight: 400; font-style: normal; font-variant: normal; text-decoration: none; vertical-align: baseline; white-space: pre-wrap;\">Lon avances tecnol\u00f3gicos y<\/span><span style=\"font-size: 11pt; font-family: Arial,sans-serif; color: #000000; background-color: transparent; font-weight: bold; font-style: normal; font-variant: normal; text-decoration: none; vertical-align: baseline; white-space: pre-wrap;\"> mejoras en la infraestructura de carga <\/span><span style=\"font-size: 11pt; font-family: Arial,sans-serif; color: #000000; background-color: transparent; font-weight: 400; font-style: normal; font-variant: normal; text-decoration: none; vertical-align: baseline; white-space: pre-wrap;\">est\u00e1n allanando el camino para veh\u00edculos el\u00e9ctricos con autonom\u00edas cada vez mayores. Con la continua inversi\u00f3n en investigaci\u00f3n y desarrollo, podemos esperar ver<\/span><span style=\"font-size: 11pt; font-family: Arial,sans-serif; color: #000000; background-color: transparent; font-weight: bold; font-style: normal; font-variant: normal; text-decoration: none; vertical-align: baseline; white-space: pre-wrap;\"> una adopci\u00f3n m\u00e1s amplia de coches el\u00e9ctricos en el futuro<\/span><span style=\"font-size: 11pt; font-family: Arial,sans-serif; color: #000000; background-color: transparent; font-weight: 400; font-style: normal; font-variant: normal; text-decoration: none; vertical-align: baseline; white-space: pre-wrap;\">, impulsando la transici\u00f3n hacia una movilidad m\u00e1s sostenible de la cual, si quieres formar parte, s\u00f3lo tienes que<\/span><span style=\"font-size: 11pt; font-family: Arial,sans-serif; color: #000000; background-color: transparent; font-weight: bold; font-style: normal; font-variant: normal; text-decoration: none; vertical-align: baseline; white-space: pre-wrap;\"> buscar en <\/span><a style=\"text-decoration: none;\" href=\"https:\/\/www.clicars.com\/\"><span style=\"font-size: 11pt; font-family: Arial,sans-serif; color: #1155cc; background-color: transparent; font-weight: bold; font-style: normal; font-variant: normal; text-decoration: underline; -webkit-text-decoration-skip: none; text-decoration-skip-ink: none; vertical-align: baseline; white-space: pre-wrap;\">Clicars <\/span><\/a><span style=\"font-size: 11pt; font-family: Arial,sans-serif; color: #000000; background-color: transparent; font-weight: bold; font-style: normal; font-variant: normal; text-decoration: none; vertical-align: baseline; white-space: pre-wrap;\">el modelo que mejor se adapte a tus necesidades.<\/span><span style=\"font-size: 11pt; font-family: Arial,sans-serif; color: #000000; background-color: transparent; font-weight: 400; font-style: normal; font-variant: normal; text-decoration: none; vertical-align: baseline; white-space: pre-wrap;\"> \u00a1No lo dejes escapar!<\/span><\/p>\n","protected":false},"excerpt":{"rendered":"<p>Estamos en la era de la movilidad sostenible y la b\u00fasqueda de alternativas a las&#8230;<\/p>\n","protected":false},"author":2,"featured_media":12813,"comment_status":"closed","ping_status":"closed","sticky":false,"template":"","format":"standard","meta":{"footnotes":""},"categories":[828],"tags":[],"class_list":{"0":"post-12812","1":"post","2":"type-post","3":"status-publish","4":"format-standard","5":"has-post-thumbnail","7":"category-coches-eco"},"yoast_head":"<!-- This site is optimized with the Yoast SEO plugin v26.8 - https:\/\/yoast.com\/product\/yoast-seo-wordpress\/ -->\n<title>Los Coches El\u00e9ctricos con Mayor Autonom\u00eda en el Mercado - Clicars Blog<\/title>\n<meta name=\"description\" content=\"\u25b7 Uno de los factores m\u00e1s importantes a la hora de comprar un el\u00e9ctricos es la autonom\u00eda. Descubre cu\u00e1les son los coches el\u00e9ctrcos con m\u00e1s autonom\u00eda.\" \/>\n<meta name=\"robots\" content=\"index, follow, max-snippet:-1, max-image-preview:large, max-video-preview:-1\" \/>\n<link rel=\"canonical\" href=\"https:\/\/www.clicars.com\/blog\/coches-eco\/los-coches-electricos-con-mayor-autonomia-en-el-mercado\/\" \/>\n<meta property=\"og:locale\" content=\"es_ES\" \/>\n<meta property=\"og:type\" content=\"article\" \/>\n<meta property=\"og:title\" content=\"Los Coches El\u00e9ctricos con Mayor Autonom\u00eda en el Mercado - Clicars Blog\" \/>\n<meta property=\"og:description\" content=\"\u25b7 Uno de los factores m\u00e1s importantes a la hora de comprar un el\u00e9ctricos es la autonom\u00eda. Descubre cu\u00e1les son los coches el\u00e9ctrcos con m\u00e1s autonom\u00eda.\" \/>\n<meta property=\"og:url\" content=\"https:\/\/www.clicars.com\/blog\/coches-eco\/los-coches-electricos-con-mayor-autonomia-en-el-mercado\/\" \/>\n<meta property=\"og:site_name\" content=\"Clicars\" \/>\n<meta property=\"article:published_time\" content=\"2024-03-25T08:00:25+00:00\" \/>\n<meta property=\"article:modified_time\" content=\"2024-03-25T08:58:17+00:00\" \/>\n<meta property=\"og:image\" content=\"https:\/\/www.clicars.com\/blog\/wp-content\/uploads\/2024\/03\/coches-electricos-con-mas-autonomia.jpg\" \/>\n\t<meta property=\"og:image:width\" content=\"800\" \/>\n\t<meta property=\"og:image:height\" content=\"600\" \/>\n\t<meta property=\"og:image:type\" content=\"image\/jpeg\" \/>\n<meta name=\"author\" content=\"Clicars\" \/>\n<meta name=\"twitter:card\" content=\"summary_large_image\" \/>\n<meta name=\"twitter:label1\" content=\"Escrito por\" \/>\n\t<meta name=\"twitter:data1\" content=\"Clicars\" \/>\n\t<meta name=\"twitter:label2\" content=\"Tiempo de lectura\" \/>\n\t<meta name=\"twitter:data2\" content=\"6 minutos\" \/>\n<script type=\"application\/ld+json\" class=\"yoast-schema-graph\">{\"@context\":\"https:\/\/schema.org\",\"@graph\":[{\"@type\":\"Article\",\"@id\":\"https:\/\/www.clicars.com\/blog\/coches-eco\/los-coches-electricos-con-mayor-autonomia-en-el-mercado\/#article\",\"isPartOf\":{\"@id\":\"https:\/\/www.clicars.com\/blog\/coches-eco\/los-coches-electricos-con-mayor-autonomia-en-el-mercado\/\"},\"author\":{\"name\":\"Clicars\",\"@id\":\"https:\/\/www.clicars.com\/blog\/#\/schema\/person\/af686c41ba96962c68871392bf2bb62d\"},\"headline\":\"Los Coches El\u00e9ctricos con Mayor Autonom\u00eda en el Mercado\",\"datePublished\":\"2024-03-25T08:00:25+00:00\",\"dateModified\":\"2024-03-25T08:58:17+00:00\",\"mainEntityOfPage\":{\"@id\":\"https:\/\/www.clicars.com\/blog\/coches-eco\/los-coches-electricos-con-mayor-autonomia-en-el-mercado\/\"},\"wordCount\":1344,\"image\":{\"@id\":\"https:\/\/www.clicars.com\/blog\/coches-eco\/los-coches-electricos-con-mayor-autonomia-en-el-mercado\/#primaryimage\"},\"thumbnailUrl\":\"https:\/\/www.clicars.com\/blog\/wp-content\/uploads\/2024\/03\/coches-electricos-con-mas-autonomia.jpg\",\"articleSection\":[\"Coches ECO\"],\"inLanguage\":\"es\"},{\"@type\":[\"WebPage\",\"ItemPage\"],\"@id\":\"https:\/\/www.clicars.com\/blog\/coches-eco\/los-coches-electricos-con-mayor-autonomia-en-el-mercado\/\",\"url\":\"https:\/\/www.clicars.com\/blog\/coches-eco\/los-coches-electricos-con-mayor-autonomia-en-el-mercado\/\",\"name\":\"Los Coches El\u00e9ctricos con Mayor Autonom\u00eda en el Mercado - Clicars Blog\",\"isPartOf\":{\"@id\":\"https:\/\/www.clicars.com\/blog\/#website\"},\"primaryImageOfPage\":{\"@id\":\"https:\/\/www.clicars.com\/blog\/coches-eco\/los-coches-electricos-con-mayor-autonomia-en-el-mercado\/#primaryimage\"},\"image\":{\"@id\":\"https:\/\/www.clicars.com\/blog\/coches-eco\/los-coches-electricos-con-mayor-autonomia-en-el-mercado\/#primaryimage\"},\"thumbnailUrl\":\"https:\/\/www.clicars.com\/blog\/wp-content\/uploads\/2024\/03\/coches-electricos-con-mas-autonomia.jpg\",\"datePublished\":\"2024-03-25T08:00:25+00:00\",\"dateModified\":\"2024-03-25T08:58:17+00:00\",\"author\":{\"@id\":\"https:\/\/www.clicars.com\/blog\/#\/schema\/person\/af686c41ba96962c68871392bf2bb62d\"},\"description\":\"\u25b7 Uno de los factores m\u00e1s importantes a la hora de comprar un el\u00e9ctricos es la autonom\u00eda. Descubre cu\u00e1les son los coches el\u00e9ctrcos con m\u00e1s autonom\u00eda.\",\"breadcrumb\":{\"@id\":\"https:\/\/www.clicars.com\/blog\/coches-eco\/los-coches-electricos-con-mayor-autonomia-en-el-mercado\/#breadcrumb\"},\"inLanguage\":\"es\",\"potentialAction\":[{\"@type\":\"ReadAction\",\"target\":[\"https:\/\/www.clicars.com\/blog\/coches-eco\/los-coches-electricos-con-mayor-autonomia-en-el-mercado\/\"]}]},{\"@type\":\"ImageObject\",\"inLanguage\":\"es\",\"@id\":\"https:\/\/www.clicars.com\/blog\/coches-eco\/los-coches-electricos-con-mayor-autonomia-en-el-mercado\/#primaryimage\",\"url\":\"https:\/\/www.clicars.com\/blog\/wp-content\/uploads\/2024\/03\/coches-electricos-con-mas-autonomia.jpg\",\"contentUrl\":\"https:\/\/www.clicars.com\/blog\/wp-content\/uploads\/2024\/03\/coches-electricos-con-mas-autonomia.jpg\",\"width\":800,\"height\":600,\"caption\":\"coches electricos con mas autonom\u00eda\"},{\"@type\":\"BreadcrumbList\",\"@id\":\"https:\/\/www.clicars.com\/blog\/coches-eco\/los-coches-electricos-con-mayor-autonomia-en-el-mercado\/#breadcrumb\",\"itemListElement\":[{\"@type\":\"ListItem\",\"position\":1,\"name\":\"Portada\",\"item\":\"https:\/\/www.clicars.com\/blog\/\"},{\"@type\":\"ListItem\",\"position\":2,\"name\":\"Los Coches El\u00e9ctricos con Mayor Autonom\u00eda en el Mercado\"}]},{\"@type\":\"WebSite\",\"@id\":\"https:\/\/www.clicars.com\/blog\/#website\",\"url\":\"https:\/\/www.clicars.com\/blog\/\",\"name\":\"Clicars\",\"description\":\"Compra tu coche de Buena Mano sin moverte de casa\",\"inLanguage\":\"es\"},{\"@type\":\"Person\",\"@id\":\"https:\/\/www.clicars.com\/blog\/#\/schema\/person\/af686c41ba96962c68871392bf2bb62d\",\"name\":\"Clicars\",\"image\":{\"@type\":\"ImageObject\",\"inLanguage\":\"es\",\"@id\":\"https:\/\/www.clicars.com\/blog\/#\/schema\/person\/image\/\",\"url\":\"https:\/\/secure.gravatar.com\/avatar\/3100622b0023049db14165cdba9dadaa9159743b871e83e440a0df9a70f80e56?s=96&d=mm&r=g\",\"contentUrl\":\"https:\/\/secure.gravatar.com\/avatar\/3100622b0023049db14165cdba9dadaa9159743b871e83e440a0df9a70f80e56?s=96&d=mm&r=g\",\"caption\":\"Clicars\"},\"sameAs\":[\"https:\/\/www.clicars.com\"],\"url\":\"https:\/\/www.clicars.com\/blog\/author\/clicars\/\"}]}<\/script>\n<!-- \/ Yoast SEO plugin. -->","yoast_head_json":{"title":"Los Coches El\u00e9ctricos con Mayor Autonom\u00eda en el Mercado - Clicars Blog","description":"\u25b7 Uno de los factores m\u00e1s importantes a la hora de comprar un el\u00e9ctricos es la autonom\u00eda. Descubre cu\u00e1les son los coches el\u00e9ctrcos con m\u00e1s autonom\u00eda.","robots":{"index":"index","follow":"follow","max-snippet":"max-snippet:-1","max-image-preview":"max-image-preview:large","max-video-preview":"max-video-preview:-1"},"canonical":"https:\/\/www.clicars.com\/blog\/coches-eco\/los-coches-electricos-con-mayor-autonomia-en-el-mercado\/","og_locale":"es_ES","og_type":"article","og_title":"Los Coches El\u00e9ctricos con Mayor Autonom\u00eda en el Mercado - Clicars Blog","og_description":"\u25b7 Uno de los factores m\u00e1s importantes a la hora de comprar un el\u00e9ctricos es la autonom\u00eda. Descubre cu\u00e1les son los coches el\u00e9ctrcos con m\u00e1s autonom\u00eda.","og_url":"https:\/\/www.clicars.com\/blog\/coches-eco\/los-coches-electricos-con-mayor-autonomia-en-el-mercado\/","og_site_name":"Clicars","article_published_time":"2024-03-25T08:00:25+00:00","article_modified_time":"2024-03-25T08:58:17+00:00","og_image":[{"width":800,"height":600,"url":"https:\/\/www.clicars.com\/blog\/wp-content\/uploads\/2024\/03\/coches-electricos-con-mas-autonomia.jpg","type":"image\/jpeg"}],"author":"Clicars","twitter_card":"summary_large_image","twitter_misc":{"Escrito por":"Clicars","Tiempo de lectura":"6 minutos"},"schema":{"@context":"https:\/\/schema.org","@graph":[{"@type":"Article","@id":"https:\/\/www.clicars.com\/blog\/coches-eco\/los-coches-electricos-con-mayor-autonomia-en-el-mercado\/#article","isPartOf":{"@id":"https:\/\/www.clicars.com\/blog\/coches-eco\/los-coches-electricos-con-mayor-autonomia-en-el-mercado\/"},"author":{"name":"Clicars","@id":"https:\/\/www.clicars.com\/blog\/#\/schema\/person\/af686c41ba96962c68871392bf2bb62d"},"headline":"Los Coches El\u00e9ctricos con Mayor Autonom\u00eda en el Mercado","datePublished":"2024-03-25T08:00:25+00:00","dateModified":"2024-03-25T08:58:17+00:00","mainEntityOfPage":{"@id":"https:\/\/www.clicars.com\/blog\/coches-eco\/los-coches-electricos-con-mayor-autonomia-en-el-mercado\/"},"wordCount":1344,"image":{"@id":"https:\/\/www.clicars.com\/blog\/coches-eco\/los-coches-electricos-con-mayor-autonomia-en-el-mercado\/#primaryimage"},"thumbnailUrl":"https:\/\/www.clicars.com\/blog\/wp-content\/uploads\/2024\/03\/coches-electricos-con-mas-autonomia.jpg","articleSection":["Coches ECO"],"inLanguage":"es"},{"@type":["WebPage","ItemPage"],"@id":"https:\/\/www.clicars.com\/blog\/coches-eco\/los-coches-electricos-con-mayor-autonomia-en-el-mercado\/","url":"https:\/\/www.clicars.com\/blog\/coches-eco\/los-coches-electricos-con-mayor-autonomia-en-el-mercado\/","name":"Los Coches El\u00e9ctricos con Mayor Autonom\u00eda en el Mercado - Clicars Blog","isPartOf":{"@id":"https:\/\/www.clicars.com\/blog\/#website"},"primaryImageOfPage":{"@id":"https:\/\/www.clicars.com\/blog\/coches-eco\/los-coches-electricos-con-mayor-autonomia-en-el-mercado\/#primaryimage"},"image":{"@id":"https:\/\/www.clicars.com\/blog\/coches-eco\/los-coches-electricos-con-mayor-autonomia-en-el-mercado\/#primaryimage"},"thumbnailUrl":"https:\/\/www.clicars.com\/blog\/wp-content\/uploads\/2024\/03\/coches-electricos-con-mas-autonomia.jpg","datePublished":"2024-03-25T08:00:25+00:00","dateModified":"2024-03-25T08:58:17+00:00","author":{"@id":"https:\/\/www.clicars.com\/blog\/#\/schema\/person\/af686c41ba96962c68871392bf2bb62d"},"description":"\u25b7 Uno de los factores m\u00e1s importantes a la hora de comprar un el\u00e9ctricos es la autonom\u00eda. Descubre cu\u00e1les son los coches el\u00e9ctrcos con m\u00e1s autonom\u00eda.","breadcrumb":{"@id":"https:\/\/www.clicars.com\/blog\/coches-eco\/los-coches-electricos-con-mayor-autonomia-en-el-mercado\/#breadcrumb"},"inLanguage":"es","potentialAction":[{"@type":"ReadAction","target":["https:\/\/www.clicars.com\/blog\/coches-eco\/los-coches-electricos-con-mayor-autonomia-en-el-mercado\/"]}]},{"@type":"ImageObject","inLanguage":"es","@id":"https:\/\/www.clicars.com\/blog\/coches-eco\/los-coches-electricos-con-mayor-autonomia-en-el-mercado\/#primaryimage","url":"https:\/\/www.clicars.com\/blog\/wp-content\/uploads\/2024\/03\/coches-electricos-con-mas-autonomia.jpg","contentUrl":"https:\/\/www.clicars.com\/blog\/wp-content\/uploads\/2024\/03\/coches-electricos-con-mas-autonomia.jpg","width":800,"height":600,"caption":"coches electricos con mas autonom\u00eda"},{"@type":"BreadcrumbList","@id":"https:\/\/www.clicars.com\/blog\/coches-eco\/los-coches-electricos-con-mayor-autonomia-en-el-mercado\/#breadcrumb","itemListElement":[{"@type":"ListItem","position":1,"name":"Portada","item":"https:\/\/www.clicars.com\/blog\/"},{"@type":"ListItem","position":2,"name":"Los Coches El\u00e9ctricos con Mayor Autonom\u00eda en el Mercado"}]},{"@type":"WebSite","@id":"https:\/\/www.clicars.com\/blog\/#website","url":"https:\/\/www.clicars.com\/blog\/","name":"Clicars","description":"Compra tu coche de Buena Mano sin moverte de casa","inLanguage":"es"},{"@type":"Person","@id":"https:\/\/www.clicars.com\/blog\/#\/schema\/person\/af686c41ba96962c68871392bf2bb62d","name":"Clicars","image":{"@type":"ImageObject","inLanguage":"es","@id":"https:\/\/www.clicars.com\/blog\/#\/schema\/person\/image\/","url":"https:\/\/secure.gravatar.com\/avatar\/3100622b0023049db14165cdba9dadaa9159743b871e83e440a0df9a70f80e56?s=96&d=mm&r=g","contentUrl":"https:\/\/secure.gravatar.com\/avatar\/3100622b0023049db14165cdba9dadaa9159743b871e83e440a0df9a70f80e56?s=96&d=mm&r=g","caption":"Clicars"},"sameAs":["https:\/\/www.clicars.com"],"url":"https:\/\/www.clicars.com\/blog\/author\/clicars\/"}]}},"_links":{"self":[{"href":"https:\/\/www.clicars.com\/blog\/wp-json\/wp\/v2\/posts\/12812","targetHints":{"allow":["GET"]}}],"collection":[{"href":"https:\/\/www.clicars.com\/blog\/wp-json\/wp\/v2\/posts"}],"about":[{"href":"https:\/\/www.clicars.com\/blog\/wp-json\/wp\/v2\/types\/post"}],"author":[{"embeddable":true,"href":"https:\/\/www.clicars.com\/blog\/wp-json\/wp\/v2\/users\/2"}],"replies":[{"embeddable":true,"href":"https:\/\/www.clicars.com\/blog\/wp-json\/wp\/v2\/comments?post=12812"}],"version-history":[{"count":2,"href":"https:\/\/www.clicars.com\/blog\/wp-json\/wp\/v2\/posts\/12812\/revisions"}],"predecessor-version":[{"id":12816,"href":"https:\/\/www.clicars.com\/blog\/wp-json\/wp\/v2\/posts\/12812\/revisions\/12816"}],"wp:featuredmedia":[{"embeddable":true,"href":"https:\/\/www.clicars.com\/blog\/wp-json\/wp\/v2\/media\/12813"}],"wp:attachment":[{"href":"https:\/\/www.clicars.com\/blog\/wp-json\/wp\/v2\/media?parent=12812"}],"wp:term":[{"taxonomy":"category","embeddable":true,"href":"https:\/\/www.clicars.com\/blog\/wp-json\/wp\/v2\/categories?post=12812"},{"taxonomy":"post_tag","embeddable":true,"href":"https:\/\/www.clicars.com\/blog\/wp-json\/wp\/v2\/tags?post=12812"}],"curies":[{"name":"wp","href":"https:\/\/api.w.org\/{rel}","templated":true}]}}