{"id":12867,"date":"2024-04-11T10:56:55","date_gmt":"2024-04-11T08:56:55","guid":{"rendered":"https:\/\/www.clicars.com\/blog\/?p=12867"},"modified":"2024-04-11T10:56:55","modified_gmt":"2024-04-11T08:56:55","slug":"coches-pequenos-con-maletero-grande-combinacion-perfecta-para-ciudad","status":"publish","type":"post","link":"https:\/\/www.clicars.com\/blog\/comparativa\/coches-pequenos-con-maletero-grande-combinacion-perfecta-para-ciudad\/","title":{"rendered":"Coches peque\u00f1os con maletero grande: combinaci\u00f3n perfecta para ciudad"},"content":{"rendered":"<div id=\"ez-toc-container\" class=\"ez-toc-v2_0_80 counter-hierarchy ez-toc-counter ez-toc-light-blue ez-toc-container-direction\">\n<p class=\"ez-toc-title\" style=\"cursor:inherit\">\u00cdndice de contenidos<\/p>\n<label for=\"ez-toc-cssicon-toggle-item-69f499861bc54\" class=\"ez-toc-cssicon-toggle-label\"><span class=\"ez-toc-cssicon\"><span class=\"eztoc-hide\" style=\"display:none;\">Toggle<\/span><span class=\"ez-toc-icon-toggle-span\"><svg style=\"fill: #999;color:#999\" xmlns=\"http:\/\/www.w3.org\/2000\/svg\" class=\"list-377408\" width=\"20px\" height=\"20px\" viewBox=\"0 0 24 24\" fill=\"none\"><path d=\"M6 6H4v2h2V6zm14 0H8v2h12V6zM4 11h2v2H4v-2zm16 0H8v2h12v-2zM4 16h2v2H4v-2zm16 0H8v2h12v-2z\" fill=\"currentColor\"><\/path><\/svg><svg style=\"fill: #999;color:#999\" class=\"arrow-unsorted-368013\" xmlns=\"http:\/\/www.w3.org\/2000\/svg\" width=\"10px\" height=\"10px\" viewBox=\"0 0 24 24\" version=\"1.2\" baseProfile=\"tiny\"><path d=\"M18.2 9.3l-6.2-6.3-6.2 6.3c-.2.2-.3.4-.3.7s.1.5.3.7c.2.2.4.3.7.3h11c.3 0 .5-.1.7-.3.2-.2.3-.5.3-.7s-.1-.5-.3-.7zM5.8 14.7l6.2 6.3 6.2-6.3c.2-.2.3-.5.3-.7s-.1-.5-.3-.7c-.2-.2-.4-.3-.7-.3h-11c-.3 0-.5.1-.7.3-.2.2-.3.5-.3.7s.1.5.3.7z\"\/><\/svg><\/span><\/span><\/label><input type=\"checkbox\"  id=\"ez-toc-cssicon-toggle-item-69f499861bc54\"  aria-label=\"Alternar\" \/><nav><ul class='ez-toc-list ez-toc-list-level-1 ' ><li class='ez-toc-page-1 ez-toc-heading-level-2'><a class=\"ez-toc-link ez-toc-heading-1\" href=\"https:\/\/www.clicars.com\/blog\/comparativa\/coches-pequenos-con-maletero-grande-combinacion-perfecta-para-ciudad\/#Dacia_Spring\" >Dacia Spring\u00a0<\/a><\/li><li class='ez-toc-page-1 ez-toc-heading-level-2'><a class=\"ez-toc-link ez-toc-heading-2\" href=\"https:\/\/www.clicars.com\/blog\/comparativa\/coches-pequenos-con-maletero-grande-combinacion-perfecta-para-ciudad\/#Suzuki_Ignis\" >Suzuki Ignis<\/a><\/li><li class='ez-toc-page-1 ez-toc-heading-level-2'><a class=\"ez-toc-link ez-toc-heading-3\" href=\"https:\/\/www.clicars.com\/blog\/comparativa\/coches-pequenos-con-maletero-grande-combinacion-perfecta-para-ciudad\/#KIA_Picanto\" >KIA Picanto<\/a><\/li><li class='ez-toc-page-1 ez-toc-heading-level-2'><a class=\"ez-toc-link ez-toc-heading-4\" href=\"https:\/\/www.clicars.com\/blog\/comparativa\/coches-pequenos-con-maletero-grande-combinacion-perfecta-para-ciudad\/#Hyundai_i10\" >Hyundai i10<\/a><\/li><li class='ez-toc-page-1 ez-toc-heading-level-2'><a class=\"ez-toc-link ez-toc-heading-5\" href=\"https:\/\/www.clicars.com\/blog\/comparativa\/coches-pequenos-con-maletero-grande-combinacion-perfecta-para-ciudad\/#Toyota_Aygo_X_Cross\" >Toyota Aygo X Cross<\/a><\/li><\/ul><\/nav><\/div>\n\n<p><span style=\"font-weight: 400;\">\u00bfVives en una ciudad y te encuentras en la b\u00fasqueda del coche perfecto, pero no quieres sacrificar el espacio del maletero? No te preocupes, porque existe soluci\u00f3n. Por extra\u00f1o que parezca, existen coches peque\u00f1os en el mercado que sorprenden con sus amplios y vers\u00e1tiles maleteros. A menudo<\/span><b> asociamos el tama\u00f1o con la capacidad de carga.<\/b><span style=\"font-weight: 400;\"> Sin embargo, hay una clase de veh\u00edculos que desaf\u00eda esta l\u00f3gica ya que estos veh\u00edculos compactos, han sido dise\u00f1ados con inteligencia para ofrecer<\/span><b> una generosa cantidad de espacio de carga, <\/b><span style=\"font-weight: 400;\">sin comprometer su tama\u00f1o exterior.\u00a0<\/span><\/p>\n<p><span style=\"font-weight: 400;\">En un primer vistazo, puede parecer contradictorio<\/span><b> pensar en un coche peque\u00f1o con un maletero grande<\/b><span style=\"font-weight: 400;\">. Sin embargo, la industria automotriz ha demostrado que esta aparente paradoja es completamente posible. Mediante el uso de dise\u00f1os innovadores, tecnolog\u00eda inteligente y un enfoque centrado en la eficiencia del espacio, los fabricantes han logrado crear coches compactos que ofrecen <\/span><b>sorprendentes capacidades de carga<\/b><span style=\"font-weight: 400;\">. Porque m\u00e1s all\u00e1 del precio o la est\u00e9tica, saben que se da otro aspecto que puede<\/span><b> inclinar la balanza a favor o en contra de una compra<\/b><span style=\"font-weight: 400;\"> y ese, no es otro que la capacidad del maletero.\u00a0<\/span><\/p>\n<p><span style=\"font-weight: 400;\">No hay que olvidar que los coches urbanos no son veh\u00edculos pensados para llevar mucho equipaje y por lo tanto, <\/span><b>el volumen declarado simplemente indica el tama\u00f1o del maletero. <\/b><span style=\"font-weight: 400;\">\u00bfQu\u00e9 quiere decir eso? Que no todos los modelos aprovechan igual de bien el espacio disponible y por lo tanto, habr\u00e1 que<\/span><b> buscar esos dise\u00f1os que cumplan con nuestros intereses y sean aprovechables.<\/b><span style=\"font-weight: 400;\"> Pero tranquilo, porque en <\/span><a href=\"https:\/\/www.clicars.com\/\"><span style=\"font-weight: 400;\">Clicars <\/span><\/a><span style=\"font-weight: 400;\">hemos llevado a cabo esa tarea por ti.<\/span><\/p>\n<h2><span class=\"ez-toc-section\" id=\"Dacia_Spring\"><\/span><a href=\"https:\/\/www.clicars.com\/coches-segunda-mano-ocasion\/dacia\/spring\"><span style=\"font-weight: 400;\">Dacia Spring\u00a0<\/span><\/a><span class=\"ez-toc-section-end\"><\/span><\/h2>\n<p><span style=\"font-weight: 400;\">Este <\/span><span style=\"font-weight: 400;\">peque\u00f1o urbano de la marca rumana<\/span><span style=\"font-weight: 400;\"> que lleg\u00f3 al mercado en 2021 mide <\/span><b>3,73 metros de longitud. <\/b><span style=\"font-weight: 400;\">Pero cuando nos desplazamos hasta su parte trasera, encontramos la sorpresa. Su maletero tiene<\/span><b> 270 litros de capacidad <\/b><span style=\"font-weight: 400;\">(adem\u00e1s ofrece la posibilidad de abatir los respaldos traseros, con lo cual el volumen aumenta a<\/span><b> 620 litros de capacidad). <\/b><span style=\"font-weight: 400;\">Pero todo no acaba ah\u00ed. Es 100% el\u00e9ctrico y su motor tiene una potencia de 33 kW (44 CV) y una bater\u00eda de 27,4 kW que le ofrece una autonom\u00eda de hasta 270 kil\u00f3metros. Su condici\u00f3n de el\u00e9ctrico le otorga la etiqueta Cero de la Direcci\u00f3n General de Tr\u00e1fico (DGT) y <\/span><b>parte de los 18.590 euros.\u00a0<\/b><\/p>\n<h2><span class=\"ez-toc-section\" id=\"Suzuki_Ignis\"><\/span><a href=\"https:\/\/www.clicars.com\/coches-segunda-mano-ocasion\/suzuki\/ignis\"><span style=\"font-weight: 400;\">Suzuki Ignis<\/span><\/a><span class=\"ez-toc-section-end\"><\/span><\/h2>\n<p><span style=\"font-weight: 400;\">Actualmente se comercializa en su segunda generaci\u00f3n presentada en 2017, y <\/span><span style=\"font-weight: 400;\">este SUV<\/span><span style=\"font-weight: 400;\"> que se caracteriza por ser un modelo pensado por y para la ciudad, el espacio interior se ha sabido aprovechar al m\u00e1ximo. <\/span><b>Con 3,70 metros de longitud, la capacidad de su maletero es de 260 litros. <\/b><span style=\"font-weight: 400;\">Si el conductor necesita un veh\u00edculo que m\u00e1s all\u00e1 del d\u00eda a d\u00eda, le pueda cubrir alg\u00fan viaje, este prototipo con cierta vocaci\u00f3n off-road presenta una combinaci\u00f3n que cumple con esos criterios. Su motor es un tetracil\u00edndrico de 1.2 litros Dualjet con 83 DV y su precio <\/span><b>parte de los 18.274 euros.\u00a0<\/b><\/p>\n<p>&nbsp;<\/p>\n<h2><span class=\"ez-toc-section\" id=\"KIA_Picanto\"><\/span><a href=\"https:\/\/www.clicars.com\/coches-segunda-mano-ocasion\/kia\/picanto\"><span style=\"font-weight: 400;\">KIA Picanto<\/span><\/a><span class=\"ez-toc-section-end\"><\/span><\/h2>\n<p><span style=\"font-weight: 400;\">Este <\/span><span style=\"font-weight: 400;\">peque\u00f1o urbano<\/span><span style=\"font-weight: 400;\"> se comercializa actualmente en su tercera generaci\u00f3n, que fue presentada en 2017 (aunque ha recibido dos actualizaciones en 2021 y 2023), y tampoco pod\u00eda faltar en esta lista. Con sus<\/span><b> 3,59 metros de longitud, el maletero de este modelo acoge hasta 255 litros<\/b><span style=\"font-weight: 400;\"> de capacidad (puedes abatir los respaldos traseros y tiene un doble fondo). Todas las opciones mec\u00e1nicas disponibles dan protagonismo a la gasolina y la versi\u00f3n de acceso, con una mec\u00e1nica de 1.0 DPI de 67 CV<\/span><b>, parte de los 14.100 euros.\u00a0<\/b><\/p>\n<h2><span class=\"ez-toc-section\" id=\"Hyundai_i10\"><\/span><a href=\"https:\/\/www.clicars.com\/coches-segunda-mano-ocasion\/hyundai\/i10\"><span style=\"font-weight: 400;\">Hyundai i10<\/span><\/a><span class=\"ez-toc-section-end\"><\/span><\/h2>\n<p><span style=\"font-weight: 400;\">Este <\/span><span style=\"font-weight: 400;\">peque\u00f1o coche urbano<\/span><span style=\"font-weight: 400;\"> de cinco puertas se comercializa actualmente en la tercera generaci\u00f3n, que fue presentada en 2019. Puede que te sorprenda encontrarlo en esta lista, pues se caracteriza por ser el coche m\u00e1s peque\u00f1o y barato de la gama, pero<\/span><b> sus 3,67 metros de longitud <\/b><span style=\"font-weight: 400;\">no le impiden ofrecer un espacio a tener en cuenta.<\/span><b> El Hyundai i10 tiene un maletero de 252 litros de capacidad, <\/b><span style=\"font-weight: 400;\">y aunque no deja de ser un volumen limitado, resulta muy aprovechable gracias a que sus formas son regulares. De hecho los acabados superiores, tienen una tabla que se puede colocar a dos alturas para llevar un doble fondo.<\/span><\/p>\n<p><span style=\"font-weight: 400;\">En cuanto a la mec\u00e1nica, cuenta con tres motores de gasolina de 66, 84 y 100 CV y su precio<\/span><b> parte de los 16.090 euros.\u00a0<\/b><\/p>\n<p><img loading=\"lazy\" decoding=\"async\" class=\"aligncenter size-full wp-image-12868\" src=\"https:\/\/www.clicars.com\/blog\/wp-content\/uploads\/2024\/04\/hyundai-i10-maletero-grande.jpg\" alt=\"hyundai i10 maletero grande\" width=\"1800\" height=\"1200\" \/><\/p>\n<h2><span class=\"ez-toc-section\" id=\"Toyota_Aygo_X_Cross\"><\/span><span style=\"font-weight: 400;\">Toyota Aygo X Cross<\/span><span class=\"ez-toc-section-end\"><\/span><\/h2>\n<p><span style=\"font-weight: 400;\">Este peque\u00f1o crossover fabricado por la marca japonesa desde 2022, lleg\u00f3 como sustituto del <\/span><a href=\"https:\/\/www.clicars.com\/coches-segunda-mano-ocasion\/toyota\/aygo\"><span style=\"font-weight: 400;\">Toyota Aygo<\/span><\/a><span style=\"font-weight: 400;\">. El peque\u00f1o Toyota tiene <\/span><b>una longitud de 3,70 metros<\/b><span style=\"font-weight: 400;\"> y con respecto al modelo anterior, gana 60 litros en el maletero. Su <\/span><b>capacidad total en la actualidad es de 231 litros,<\/b><span style=\"font-weight: 400;\"> pero en el caso de que abatamos los asientos el espacio aumenta hasta los 829 litros. Adem\u00e1s, el maletero est\u00e1 bien optimizado y por lo tanto este coche se entiende como un modelo polivalente y al mismo tiempo, indicado para peque\u00f1as familias. Su mec\u00e1nica es una gasolina tricil\u00edndrica de un litro y 72 CV y <\/span><b>parte de los 17.699 euros.\u00a0<\/b><\/p>\n<p><img loading=\"lazy\" decoding=\"async\" class=\"aligncenter size-full wp-image-12869\" src=\"https:\/\/www.clicars.com\/blog\/wp-content\/uploads\/2024\/04\/toyota-aygo-maletero-grande.jpg\" alt=\"toyota aygo maletero grande\" width=\"900\" height=\"600\" \/><\/p>\n<p><span style=\"font-weight: 400;\">Como habr\u00e1s podido observar, a pesar de que <\/span><span style=\"font-weight: 400;\">los coches urbanos no son veh\u00edculos pensados para llevar mucho equipaje y su objetivo principal es moverse con soltura por la ciudad, <\/span><b>nunca est\u00e1 de m\u00e1s contar con espacio de carga extra <\/b><span style=\"font-weight: 400;\">y las marcas son conscientes de ello. Por eso, a pesar de su tama\u00f1o compacto, estos coches demuestran que <\/span><b>es posible maximizar el espacio de almacenamiento sin comprometer la comodidad <\/b><span style=\"font-weight: 400;\">o la practicidad. Ya sea para viajes largos, desplazamientos diarios o simplemente para la vida urbana, estos veh\u00edculos ofrecen una combinaci\u00f3n perfecta de tama\u00f1o y funcionalidad.<\/span><\/p>\n","protected":false},"excerpt":{"rendered":"<p>\u00bfVives en una ciudad y te encuentras en la b\u00fasqueda del coche perfecto, pero no&#8230;<\/p>\n","protected":false},"author":2,"featured_media":12870,"comment_status":"closed","ping_status":"closed","sticky":false,"template":"","format":"standard","meta":{"footnotes":""},"categories":[2],"tags":[],"class_list":{"0":"post-12867","1":"post","2":"type-post","3":"status-publish","4":"format-standard","5":"has-post-thumbnail","7":"category-comparativa"},"yoast_head":"<!-- This site is optimized with the Yoast SEO plugin v26.8 - https:\/\/yoast.com\/product\/yoast-seo-wordpress\/ -->\n<title>Coches peque\u00f1os con maletero grande - Clicars Blog<\/title>\n<meta name=\"description\" content=\"\u25b7 Un coche peque\u00f1o no tiene por que significar un maletero min\u00fasculo. Te traemos las mejores opciones de coches peque\u00f1os con buen maletero.\" \/>\n<meta name=\"robots\" content=\"index, follow, max-snippet:-1, max-image-preview:large, max-video-preview:-1\" \/>\n<link rel=\"canonical\" href=\"https:\/\/www.clicars.com\/blog\/comparativa\/coches-pequenos-con-maletero-grande-combinacion-perfecta-para-ciudad\/\" \/>\n<meta property=\"og:locale\" content=\"es_ES\" \/>\n<meta property=\"og:type\" content=\"article\" \/>\n<meta property=\"og:title\" content=\"Coches peque\u00f1os con maletero grande - Clicars Blog\" \/>\n<meta property=\"og:description\" content=\"\u25b7 Un coche peque\u00f1o no tiene por que significar un maletero min\u00fasculo. Te traemos las mejores opciones de coches peque\u00f1os con buen maletero.\" \/>\n<meta property=\"og:url\" content=\"https:\/\/www.clicars.com\/blog\/comparativa\/coches-pequenos-con-maletero-grande-combinacion-perfecta-para-ciudad\/\" \/>\n<meta property=\"og:site_name\" content=\"Clicars\" \/>\n<meta property=\"article:published_time\" content=\"2024-04-11T08:56:55+00:00\" \/>\n<meta property=\"og:image\" content=\"https:\/\/www.clicars.com\/blog\/wp-content\/uploads\/2024\/04\/coches-pequenos-con-maletero-grande.jpg\" \/>\n\t<meta property=\"og:image:width\" content=\"800\" \/>\n\t<meta property=\"og:image:height\" content=\"600\" \/>\n\t<meta property=\"og:image:type\" content=\"image\/jpeg\" \/>\n<meta name=\"author\" content=\"Clicars\" \/>\n<meta name=\"twitter:card\" content=\"summary_large_image\" \/>\n<meta name=\"twitter:label1\" content=\"Escrito por\" \/>\n\t<meta name=\"twitter:data1\" content=\"Clicars\" \/>\n\t<meta name=\"twitter:label2\" content=\"Tiempo de lectura\" \/>\n\t<meta name=\"twitter:data2\" content=\"5 minutos\" \/>\n<script type=\"application\/ld+json\" class=\"yoast-schema-graph\">{\"@context\":\"https:\/\/schema.org\",\"@graph\":[{\"@type\":\"Article\",\"@id\":\"https:\/\/www.clicars.com\/blog\/comparativa\/coches-pequenos-con-maletero-grande-combinacion-perfecta-para-ciudad\/#article\",\"isPartOf\":{\"@id\":\"https:\/\/www.clicars.com\/blog\/comparativa\/coches-pequenos-con-maletero-grande-combinacion-perfecta-para-ciudad\/\"},\"author\":{\"name\":\"Clicars\",\"@id\":\"https:\/\/www.clicars.com\/blog\/#\/schema\/person\/af686c41ba96962c68871392bf2bb62d\"},\"headline\":\"Coches peque\u00f1os con maletero grande: combinaci\u00f3n perfecta para ciudad\",\"datePublished\":\"2024-04-11T08:56:55+00:00\",\"mainEntityOfPage\":{\"@id\":\"https:\/\/www.clicars.com\/blog\/comparativa\/coches-pequenos-con-maletero-grande-combinacion-perfecta-para-ciudad\/\"},\"wordCount\":948,\"image\":{\"@id\":\"https:\/\/www.clicars.com\/blog\/comparativa\/coches-pequenos-con-maletero-grande-combinacion-perfecta-para-ciudad\/#primaryimage\"},\"thumbnailUrl\":\"https:\/\/www.clicars.com\/blog\/wp-content\/uploads\/2024\/04\/coches-pequenos-con-maletero-grande.jpg\",\"articleSection\":[\"Comparativa\"],\"inLanguage\":\"es\"},{\"@type\":[\"WebPage\",\"ItemPage\"],\"@id\":\"https:\/\/www.clicars.com\/blog\/comparativa\/coches-pequenos-con-maletero-grande-combinacion-perfecta-para-ciudad\/\",\"url\":\"https:\/\/www.clicars.com\/blog\/comparativa\/coches-pequenos-con-maletero-grande-combinacion-perfecta-para-ciudad\/\",\"name\":\"Coches peque\u00f1os con maletero grande - Clicars Blog\",\"isPartOf\":{\"@id\":\"https:\/\/www.clicars.com\/blog\/#website\"},\"primaryImageOfPage\":{\"@id\":\"https:\/\/www.clicars.com\/blog\/comparativa\/coches-pequenos-con-maletero-grande-combinacion-perfecta-para-ciudad\/#primaryimage\"},\"image\":{\"@id\":\"https:\/\/www.clicars.com\/blog\/comparativa\/coches-pequenos-con-maletero-grande-combinacion-perfecta-para-ciudad\/#primaryimage\"},\"thumbnailUrl\":\"https:\/\/www.clicars.com\/blog\/wp-content\/uploads\/2024\/04\/coches-pequenos-con-maletero-grande.jpg\",\"datePublished\":\"2024-04-11T08:56:55+00:00\",\"author\":{\"@id\":\"https:\/\/www.clicars.com\/blog\/#\/schema\/person\/af686c41ba96962c68871392bf2bb62d\"},\"description\":\"\u25b7 Un coche peque\u00f1o no tiene por que significar un maletero min\u00fasculo. Te traemos las mejores opciones de coches peque\u00f1os con buen maletero.\",\"breadcrumb\":{\"@id\":\"https:\/\/www.clicars.com\/blog\/comparativa\/coches-pequenos-con-maletero-grande-combinacion-perfecta-para-ciudad\/#breadcrumb\"},\"inLanguage\":\"es\",\"potentialAction\":[{\"@type\":\"ReadAction\",\"target\":[\"https:\/\/www.clicars.com\/blog\/comparativa\/coches-pequenos-con-maletero-grande-combinacion-perfecta-para-ciudad\/\"]}]},{\"@type\":\"ImageObject\",\"inLanguage\":\"es\",\"@id\":\"https:\/\/www.clicars.com\/blog\/comparativa\/coches-pequenos-con-maletero-grande-combinacion-perfecta-para-ciudad\/#primaryimage\",\"url\":\"https:\/\/www.clicars.com\/blog\/wp-content\/uploads\/2024\/04\/coches-pequenos-con-maletero-grande.jpg\",\"contentUrl\":\"https:\/\/www.clicars.com\/blog\/wp-content\/uploads\/2024\/04\/coches-pequenos-con-maletero-grande.jpg\",\"width\":800,\"height\":600,\"caption\":\"coches peque\u00f1os con maletero grande\"},{\"@type\":\"BreadcrumbList\",\"@id\":\"https:\/\/www.clicars.com\/blog\/comparativa\/coches-pequenos-con-maletero-grande-combinacion-perfecta-para-ciudad\/#breadcrumb\",\"itemListElement\":[{\"@type\":\"ListItem\",\"position\":1,\"name\":\"Portada\",\"item\":\"https:\/\/www.clicars.com\/blog\/\"},{\"@type\":\"ListItem\",\"position\":2,\"name\":\"Coches peque\u00f1os con maletero grande: combinaci\u00f3n perfecta para ciudad\"}]},{\"@type\":\"WebSite\",\"@id\":\"https:\/\/www.clicars.com\/blog\/#website\",\"url\":\"https:\/\/www.clicars.com\/blog\/\",\"name\":\"Clicars\",\"description\":\"Compra tu coche de Buena Mano sin moverte de casa\",\"inLanguage\":\"es\"},{\"@type\":\"Person\",\"@id\":\"https:\/\/www.clicars.com\/blog\/#\/schema\/person\/af686c41ba96962c68871392bf2bb62d\",\"name\":\"Clicars\",\"image\":{\"@type\":\"ImageObject\",\"inLanguage\":\"es\",\"@id\":\"https:\/\/www.clicars.com\/blog\/#\/schema\/person\/image\/\",\"url\":\"https:\/\/secure.gravatar.com\/avatar\/3100622b0023049db14165cdba9dadaa9159743b871e83e440a0df9a70f80e56?s=96&d=mm&r=g\",\"contentUrl\":\"https:\/\/secure.gravatar.com\/avatar\/3100622b0023049db14165cdba9dadaa9159743b871e83e440a0df9a70f80e56?s=96&d=mm&r=g\",\"caption\":\"Clicars\"},\"sameAs\":[\"https:\/\/www.clicars.com\"],\"url\":\"https:\/\/www.clicars.com\/blog\/author\/clicars\/\"}]}<\/script>\n<!-- \/ Yoast SEO plugin. -->","yoast_head_json":{"title":"Coches peque\u00f1os con maletero grande - Clicars Blog","description":"\u25b7 Un coche peque\u00f1o no tiene por que significar un maletero min\u00fasculo. Te traemos las mejores opciones de coches peque\u00f1os con buen maletero.","robots":{"index":"index","follow":"follow","max-snippet":"max-snippet:-1","max-image-preview":"max-image-preview:large","max-video-preview":"max-video-preview:-1"},"canonical":"https:\/\/www.clicars.com\/blog\/comparativa\/coches-pequenos-con-maletero-grande-combinacion-perfecta-para-ciudad\/","og_locale":"es_ES","og_type":"article","og_title":"Coches peque\u00f1os con maletero grande - Clicars Blog","og_description":"\u25b7 Un coche peque\u00f1o no tiene por que significar un maletero min\u00fasculo. Te traemos las mejores opciones de coches peque\u00f1os con buen maletero.","og_url":"https:\/\/www.clicars.com\/blog\/comparativa\/coches-pequenos-con-maletero-grande-combinacion-perfecta-para-ciudad\/","og_site_name":"Clicars","article_published_time":"2024-04-11T08:56:55+00:00","og_image":[{"width":800,"height":600,"url":"https:\/\/www.clicars.com\/blog\/wp-content\/uploads\/2024\/04\/coches-pequenos-con-maletero-grande.jpg","type":"image\/jpeg"}],"author":"Clicars","twitter_card":"summary_large_image","twitter_misc":{"Escrito por":"Clicars","Tiempo de lectura":"5 minutos"},"schema":{"@context":"https:\/\/schema.org","@graph":[{"@type":"Article","@id":"https:\/\/www.clicars.com\/blog\/comparativa\/coches-pequenos-con-maletero-grande-combinacion-perfecta-para-ciudad\/#article","isPartOf":{"@id":"https:\/\/www.clicars.com\/blog\/comparativa\/coches-pequenos-con-maletero-grande-combinacion-perfecta-para-ciudad\/"},"author":{"name":"Clicars","@id":"https:\/\/www.clicars.com\/blog\/#\/schema\/person\/af686c41ba96962c68871392bf2bb62d"},"headline":"Coches peque\u00f1os con maletero grande: combinaci\u00f3n perfecta para ciudad","datePublished":"2024-04-11T08:56:55+00:00","mainEntityOfPage":{"@id":"https:\/\/www.clicars.com\/blog\/comparativa\/coches-pequenos-con-maletero-grande-combinacion-perfecta-para-ciudad\/"},"wordCount":948,"image":{"@id":"https:\/\/www.clicars.com\/blog\/comparativa\/coches-pequenos-con-maletero-grande-combinacion-perfecta-para-ciudad\/#primaryimage"},"thumbnailUrl":"https:\/\/www.clicars.com\/blog\/wp-content\/uploads\/2024\/04\/coches-pequenos-con-maletero-grande.jpg","articleSection":["Comparativa"],"inLanguage":"es"},{"@type":["WebPage","ItemPage"],"@id":"https:\/\/www.clicars.com\/blog\/comparativa\/coches-pequenos-con-maletero-grande-combinacion-perfecta-para-ciudad\/","url":"https:\/\/www.clicars.com\/blog\/comparativa\/coches-pequenos-con-maletero-grande-combinacion-perfecta-para-ciudad\/","name":"Coches peque\u00f1os con maletero grande - Clicars Blog","isPartOf":{"@id":"https:\/\/www.clicars.com\/blog\/#website"},"primaryImageOfPage":{"@id":"https:\/\/www.clicars.com\/blog\/comparativa\/coches-pequenos-con-maletero-grande-combinacion-perfecta-para-ciudad\/#primaryimage"},"image":{"@id":"https:\/\/www.clicars.com\/blog\/comparativa\/coches-pequenos-con-maletero-grande-combinacion-perfecta-para-ciudad\/#primaryimage"},"thumbnailUrl":"https:\/\/www.clicars.com\/blog\/wp-content\/uploads\/2024\/04\/coches-pequenos-con-maletero-grande.jpg","datePublished":"2024-04-11T08:56:55+00:00","author":{"@id":"https:\/\/www.clicars.com\/blog\/#\/schema\/person\/af686c41ba96962c68871392bf2bb62d"},"description":"\u25b7 Un coche peque\u00f1o no tiene por que significar un maletero min\u00fasculo. Te traemos las mejores opciones de coches peque\u00f1os con buen maletero.","breadcrumb":{"@id":"https:\/\/www.clicars.com\/blog\/comparativa\/coches-pequenos-con-maletero-grande-combinacion-perfecta-para-ciudad\/#breadcrumb"},"inLanguage":"es","potentialAction":[{"@type":"ReadAction","target":["https:\/\/www.clicars.com\/blog\/comparativa\/coches-pequenos-con-maletero-grande-combinacion-perfecta-para-ciudad\/"]}]},{"@type":"ImageObject","inLanguage":"es","@id":"https:\/\/www.clicars.com\/blog\/comparativa\/coches-pequenos-con-maletero-grande-combinacion-perfecta-para-ciudad\/#primaryimage","url":"https:\/\/www.clicars.com\/blog\/wp-content\/uploads\/2024\/04\/coches-pequenos-con-maletero-grande.jpg","contentUrl":"https:\/\/www.clicars.com\/blog\/wp-content\/uploads\/2024\/04\/coches-pequenos-con-maletero-grande.jpg","width":800,"height":600,"caption":"coches peque\u00f1os con maletero grande"},{"@type":"BreadcrumbList","@id":"https:\/\/www.clicars.com\/blog\/comparativa\/coches-pequenos-con-maletero-grande-combinacion-perfecta-para-ciudad\/#breadcrumb","itemListElement":[{"@type":"ListItem","position":1,"name":"Portada","item":"https:\/\/www.clicars.com\/blog\/"},{"@type":"ListItem","position":2,"name":"Coches peque\u00f1os con maletero grande: combinaci\u00f3n perfecta para ciudad"}]},{"@type":"WebSite","@id":"https:\/\/www.clicars.com\/blog\/#website","url":"https:\/\/www.clicars.com\/blog\/","name":"Clicars","description":"Compra tu coche de Buena Mano sin moverte de casa","inLanguage":"es"},{"@type":"Person","@id":"https:\/\/www.clicars.com\/blog\/#\/schema\/person\/af686c41ba96962c68871392bf2bb62d","name":"Clicars","image":{"@type":"ImageObject","inLanguage":"es","@id":"https:\/\/www.clicars.com\/blog\/#\/schema\/person\/image\/","url":"https:\/\/secure.gravatar.com\/avatar\/3100622b0023049db14165cdba9dadaa9159743b871e83e440a0df9a70f80e56?s=96&d=mm&r=g","contentUrl":"https:\/\/secure.gravatar.com\/avatar\/3100622b0023049db14165cdba9dadaa9159743b871e83e440a0df9a70f80e56?s=96&d=mm&r=g","caption":"Clicars"},"sameAs":["https:\/\/www.clicars.com"],"url":"https:\/\/www.clicars.com\/blog\/author\/clicars\/"}]}},"_links":{"self":[{"href":"https:\/\/www.clicars.com\/blog\/wp-json\/wp\/v2\/posts\/12867","targetHints":{"allow":["GET"]}}],"collection":[{"href":"https:\/\/www.clicars.com\/blog\/wp-json\/wp\/v2\/posts"}],"about":[{"href":"https:\/\/www.clicars.com\/blog\/wp-json\/wp\/v2\/types\/post"}],"author":[{"embeddable":true,"href":"https:\/\/www.clicars.com\/blog\/wp-json\/wp\/v2\/users\/2"}],"replies":[{"embeddable":true,"href":"https:\/\/www.clicars.com\/blog\/wp-json\/wp\/v2\/comments?post=12867"}],"version-history":[{"count":1,"href":"https:\/\/www.clicars.com\/blog\/wp-json\/wp\/v2\/posts\/12867\/revisions"}],"predecessor-version":[{"id":12871,"href":"https:\/\/www.clicars.com\/blog\/wp-json\/wp\/v2\/posts\/12867\/revisions\/12871"}],"wp:featuredmedia":[{"embeddable":true,"href":"https:\/\/www.clicars.com\/blog\/wp-json\/wp\/v2\/media\/12870"}],"wp:attachment":[{"href":"https:\/\/www.clicars.com\/blog\/wp-json\/wp\/v2\/media?parent=12867"}],"wp:term":[{"taxonomy":"category","embeddable":true,"href":"https:\/\/www.clicars.com\/blog\/wp-json\/wp\/v2\/categories?post=12867"},{"taxonomy":"post_tag","embeddable":true,"href":"https:\/\/www.clicars.com\/blog\/wp-json\/wp\/v2\/tags?post=12867"}],"curies":[{"name":"wp","href":"https:\/\/api.w.org\/{rel}","templated":true}]}}