{"id":12962,"date":"2024-05-17T13:07:54","date_gmt":"2024-05-17T11:07:54","guid":{"rendered":"https:\/\/www.clicars.com\/blog\/?p=12962"},"modified":"2024-05-17T13:07:54","modified_gmt":"2024-05-17T11:07:54","slug":"el-proximo-volkswagen-t-roc-se-llamara-id-roc-solo-electrico","status":"publish","type":"post","link":"https:\/\/www.clicars.com\/blog\/actualidad\/el-proximo-volkswagen-t-roc-se-llamara-id-roc-solo-electrico\/","title":{"rendered":"El pr\u00f3ximo Volkswagen T-Roc se llamar\u00e1 ID. Roc: solo el\u00e9ctrico\u00a0"},"content":{"rendered":"\n<p><span style=\"font-weight: 400;\">El <\/span><b>Volkswagen T-Roc<\/b><span style=\"font-weight: 400;\"> ha demostrado ser todo un \u00e9xito para la marca, desplazando incluso a mitos como el <\/span><a href=\"https:\/\/www.clicars.com\/coches-segunda-mano-ocasion\/volkswagen\/golf\"><span style=\"font-weight: 400;\">Golf<\/span><\/a><span style=\"font-weight: 400;\">. Con el grupo dando significativos pasos hacia la electrificaci\u00f3n bajo la submarca <\/span><b>\u201cID.\u201d<\/b><span style=\"font-weight: 400;\"> en una cada vez m\u00e1s amplia oferta de modelos, no es una sorpresa que el SUV compacto de combusti\u00f3n interna m\u00e1s popular de la marca se pase a las bater\u00edas. Por eso la pr\u00f3xima generaci\u00f3n del Volkswagen T-Roc se llamar\u00e1<\/span><b> ID. Roc<\/b><span style=\"font-weight: 400;\">.<\/span><\/p>\n<p><span style=\"font-weight: 400;\">As\u00ed lo confirma el registro oficial de la nomenclatura <\/span><i><span style=\"font-weight: 400;\">\u201cID. Roc\u201d<\/span><\/i><span style=\"font-weight: 400;\"> por parte de Volkswagen en la <\/span><b>Oficina de Propiedad Internacional de Islandia<\/b><span style=\"font-weight: 400;\">, se\u00f1alando la llegada del sucesor el\u00e9ctrico del T-Roc. Con respecto al ID.4 que actualmente tiene Volkswagen entre sus filas, el ID. Roc se posicionar\u00eda un pelda\u00f1o por debajo, tal y como est\u00e1 ahora colocado frente al <\/span><a href=\"https:\/\/www.clicars.com\/coches-segunda-mano-ocasion\/volkswagen\/tiguan\"><span style=\"font-weight: 400;\">Tiguan<\/span><\/a><span style=\"font-weight: 400;\">. Esto se reafirma a\u00fan m\u00e1s con la llegada del <\/span><b>Audi Q2 el\u00e9ctrico<\/b> <b>en 2027<\/b><span style=\"font-weight: 400;\">, un modelo que se fabricar\u00e1 en Ingolstadt y ser\u00e1 <\/span><i><span style=\"font-weight: 400;\">\u201cmaravilloso y \u00fanico\u201d<\/span><\/i><span style=\"font-weight: 400;\">, seg\u00fan el CEO de la compa\u00f1\u00eda, Gernot D\u00f6llner.<\/span><\/p>\n<p><img loading=\"lazy\" decoding=\"async\" class=\"aligncenter size-full wp-image-12964\" src=\"https:\/\/www.clicars.com\/blog\/wp-content\/uploads\/2024\/05\/volkswagen-t-roc-electrico.jpg\" alt=\"volkswagen t roc electrico\" width=\"800\" height=\"600\" \/><\/p>\n<p><span style=\"font-weight: 400;\">El T-Roc actual est\u00e1 respaldado por la plataforma <\/span><b>MQB A1<\/b><span style=\"font-weight: 400;\">, compartida con modelos como el <\/span><a href=\"https:\/\/www.clicars.com\/coches-segunda-mano-ocasion\/volkswagen\/golf\"><span style=\"font-weight: 400;\">Volkswagen Golf<\/span><\/a><span style=\"font-weight: 400;\"> o el <\/span><a href=\"https:\/\/www.clicars.com\/coches-segunda-mano-ocasion\/skoda\/octavia\"><span style=\"font-weight: 400;\">Skoda Octavia<\/span><\/a><span style=\"font-weight: 400;\">. Mientras tanto, la versi\u00f3n el\u00e9ctrica estar\u00eda sustentada por una plataforma el\u00e9ctrica dedicada, pero hasta que se desarrolla dicha nueva familia de plataformas modulares (MEB II), sospechamos que el ID. Roc <\/span><b>aprovechar\u00eda el esqueleto MEB existente<\/b><span style=\"font-weight: 400;\"> empleado en el <\/span><a href=\"https:\/\/www.clicars.com\/coches-segunda-mano-ocasion\/volkswagen\/id-4\"><span style=\"font-weight: 400;\">ID.4<\/span><\/a><span style=\"font-weight: 400;\">. Esto le otorgar\u00eda varias posibilidades mec\u00e1nicas y le permitir\u00eda mantenerse cerca de sus proporciones actuales, as\u00ed como una llegada r\u00e1pida al mercado.<\/span><\/p>\n<p><span style=\"font-weight: 400;\">Audi cit\u00f3 recientemente que su Q2 podr\u00eda llegar bajo la arquitectura <\/span><b>MEBa<\/b><span style=\"font-weight: 400;\">, algo que tendr\u00eda sentido tambi\u00e9n en el inminente Volkswagen ID. Roc si ambos van a compartir estructura y pretenden aterrizar en los concesionarios europeos en los pr\u00f3ximos dos o tres a\u00f1os. Si hay algo que el Grupo Volkswagen sabe es <\/span><b>c\u00f3mo aprovechar al m\u00e1ximo el uso compartido de las plataformas entre sus marcas<\/b><span style=\"font-weight: 400;\">, desarrollando a menudo varios veh\u00edculos simult\u00e1neamente que ocupan segmentos similares para cubrir todos y cada uno de los nichos posibles.<\/span><\/p>\n<p><span style=\"font-weight: 400;\">A\u00fan es pronto para conocer todos los detalles, pero el Volkswagen ID. Roc estar\u00e1 listo para electrificar el segmento de los SUV compactos con una nueva plataforma, una apariencia y ciertas caracter\u00edsticas tecnol\u00f3gicas que a buen seguro conquistar\u00e1n a una gran parte de su p\u00fablico objetivo. La fecha de lanzamiento del T-Roc el\u00e9ctrico sigue siendo desconocida, pero teniendo en cuenta que la iteraci\u00f3n actual se lanz\u00f3 en 2017 (y actualizado en 2021), no es descabellado pensar que <\/span><b>podr\u00eda llegar a lo largo del a\u00f1o que viene o comienzos de 2026<\/b><span style=\"font-weight: 400;\">.<\/span><\/p>\n<p><span style=\"font-weight: 400;\">Como siempre, habr\u00e1 que esperar a tener m\u00e1s informaci\u00f3n por parte de Volkswagen. En el caso de que te sientas interesado en hacerte con un modelo usado a buen precio (y con las garant\u00edas de un coche nuevo), en <\/span><b><i>Clicars <\/i><\/b><span style=\"font-weight: 400;\">disponemos de <\/span><a href=\"https:\/\/www.clicars.com\/coches-segunda-mano-ocasion\"><span style=\"font-weight: 400;\">una amplia selecci\u00f3n de modelos revisados<\/span><\/a><span style=\"font-weight: 400;\"> por nuestro equipo de profesionales.<\/span><\/p>\n","protected":false},"excerpt":{"rendered":"<p>El Volkswagen T-Roc ha demostrado ser todo un \u00e9xito para la marca, desplazando incluso a&#8230;<\/p>\n","protected":false},"author":2,"featured_media":12963,"comment_status":"closed","ping_status":"closed","sticky":false,"template":"","format":"standard","meta":{"footnotes":""},"categories":[5],"tags":[],"class_list":{"0":"post-12962","1":"post","2":"type-post","3":"status-publish","4":"format-standard","5":"has-post-thumbnail","7":"category-actualidad"},"yoast_head":"<!-- This site is optimized with the Yoast SEO plugin v26.8 - https:\/\/yoast.com\/product\/yoast-seo-wordpress\/ -->\n<title>Volkswagen T-Roc se llamar\u00e1 ID. Roc: solo el\u00e9ctrico\u00a0- Clicars Blog<\/title>\n<meta name=\"description\" content=\"\u25b7 \u00bfTe has enterado de lo nuevo del Volkswagen T-Roc? Cambia su nombre para volverse el\u00e9ctrico. \u00a1No te lo pierdas!\" \/>\n<meta name=\"robots\" content=\"index, follow, max-snippet:-1, max-image-preview:large, max-video-preview:-1\" \/>\n<link rel=\"canonical\" href=\"https:\/\/www.clicars.com\/blog\/actualidad\/el-proximo-volkswagen-t-roc-se-llamara-id-roc-solo-electrico\/\" \/>\n<meta property=\"og:locale\" content=\"es_ES\" \/>\n<meta property=\"og:type\" content=\"article\" \/>\n<meta property=\"og:title\" content=\"Volkswagen T-Roc se llamar\u00e1 ID. Roc: solo el\u00e9ctrico\u00a0- Clicars Blog\" \/>\n<meta property=\"og:description\" content=\"\u25b7 \u00bfTe has enterado de lo nuevo del Volkswagen T-Roc? Cambia su nombre para volverse el\u00e9ctrico. \u00a1No te lo pierdas!\" \/>\n<meta property=\"og:url\" content=\"https:\/\/www.clicars.com\/blog\/actualidad\/el-proximo-volkswagen-t-roc-se-llamara-id-roc-solo-electrico\/\" \/>\n<meta property=\"og:site_name\" content=\"Clicars\" \/>\n<meta property=\"article:published_time\" content=\"2024-05-17T11:07:54+00:00\" \/>\n<meta property=\"og:image\" content=\"https:\/\/www.clicars.com\/blog\/wp-content\/uploads\/2024\/05\/volkswagen-id-roc.jpg\" \/>\n\t<meta property=\"og:image:width\" content=\"800\" \/>\n\t<meta property=\"og:image:height\" content=\"600\" \/>\n\t<meta property=\"og:image:type\" content=\"image\/jpeg\" \/>\n<meta name=\"author\" content=\"Clicars\" \/>\n<meta name=\"twitter:card\" content=\"summary_large_image\" \/>\n<meta name=\"twitter:label1\" content=\"Escrito por\" \/>\n\t<meta name=\"twitter:data1\" content=\"Clicars\" \/>\n\t<meta name=\"twitter:label2\" content=\"Tiempo de lectura\" \/>\n\t<meta name=\"twitter:data2\" content=\"3 minutos\" \/>\n<script type=\"application\/ld+json\" class=\"yoast-schema-graph\">{\"@context\":\"https:\/\/schema.org\",\"@graph\":[{\"@type\":\"Article\",\"@id\":\"https:\/\/www.clicars.com\/blog\/actualidad\/el-proximo-volkswagen-t-roc-se-llamara-id-roc-solo-electrico\/#article\",\"isPartOf\":{\"@id\":\"https:\/\/www.clicars.com\/blog\/actualidad\/el-proximo-volkswagen-t-roc-se-llamara-id-roc-solo-electrico\/\"},\"author\":{\"name\":\"Clicars\",\"@id\":\"https:\/\/www.clicars.com\/blog\/#\/schema\/person\/af686c41ba96962c68871392bf2bb62d\"},\"headline\":\"El pr\u00f3ximo Volkswagen T-Roc se llamar\u00e1 ID. Roc: solo el\u00e9ctrico\u00a0\",\"datePublished\":\"2024-05-17T11:07:54+00:00\",\"mainEntityOfPage\":{\"@id\":\"https:\/\/www.clicars.com\/blog\/actualidad\/el-proximo-volkswagen-t-roc-se-llamara-id-roc-solo-electrico\/\"},\"wordCount\":535,\"image\":{\"@id\":\"https:\/\/www.clicars.com\/blog\/actualidad\/el-proximo-volkswagen-t-roc-se-llamara-id-roc-solo-electrico\/#primaryimage\"},\"thumbnailUrl\":\"https:\/\/www.clicars.com\/blog\/wp-content\/uploads\/2024\/05\/volkswagen-id-roc.jpg\",\"articleSection\":[\"Actualidad\"],\"inLanguage\":\"es\"},{\"@type\":[\"WebPage\",\"ItemPage\"],\"@id\":\"https:\/\/www.clicars.com\/blog\/actualidad\/el-proximo-volkswagen-t-roc-se-llamara-id-roc-solo-electrico\/\",\"url\":\"https:\/\/www.clicars.com\/blog\/actualidad\/el-proximo-volkswagen-t-roc-se-llamara-id-roc-solo-electrico\/\",\"name\":\"Volkswagen T-Roc se llamar\u00e1 ID. Roc: solo el\u00e9ctrico\u00a0- Clicars Blog\",\"isPartOf\":{\"@id\":\"https:\/\/www.clicars.com\/blog\/#website\"},\"primaryImageOfPage\":{\"@id\":\"https:\/\/www.clicars.com\/blog\/actualidad\/el-proximo-volkswagen-t-roc-se-llamara-id-roc-solo-electrico\/#primaryimage\"},\"image\":{\"@id\":\"https:\/\/www.clicars.com\/blog\/actualidad\/el-proximo-volkswagen-t-roc-se-llamara-id-roc-solo-electrico\/#primaryimage\"},\"thumbnailUrl\":\"https:\/\/www.clicars.com\/blog\/wp-content\/uploads\/2024\/05\/volkswagen-id-roc.jpg\",\"datePublished\":\"2024-05-17T11:07:54+00:00\",\"author\":{\"@id\":\"https:\/\/www.clicars.com\/blog\/#\/schema\/person\/af686c41ba96962c68871392bf2bb62d\"},\"description\":\"\u25b7 \u00bfTe has enterado de lo nuevo del Volkswagen T-Roc? Cambia su nombre para volverse el\u00e9ctrico. \u00a1No te lo pierdas!\",\"breadcrumb\":{\"@id\":\"https:\/\/www.clicars.com\/blog\/actualidad\/el-proximo-volkswagen-t-roc-se-llamara-id-roc-solo-electrico\/#breadcrumb\"},\"inLanguage\":\"es\",\"potentialAction\":[{\"@type\":\"ReadAction\",\"target\":[\"https:\/\/www.clicars.com\/blog\/actualidad\/el-proximo-volkswagen-t-roc-se-llamara-id-roc-solo-electrico\/\"]}]},{\"@type\":\"ImageObject\",\"inLanguage\":\"es\",\"@id\":\"https:\/\/www.clicars.com\/blog\/actualidad\/el-proximo-volkswagen-t-roc-se-llamara-id-roc-solo-electrico\/#primaryimage\",\"url\":\"https:\/\/www.clicars.com\/blog\/wp-content\/uploads\/2024\/05\/volkswagen-id-roc.jpg\",\"contentUrl\":\"https:\/\/www.clicars.com\/blog\/wp-content\/uploads\/2024\/05\/volkswagen-id-roc.jpg\",\"width\":800,\"height\":600,\"caption\":\"volkswagen id roc\"},{\"@type\":\"BreadcrumbList\",\"@id\":\"https:\/\/www.clicars.com\/blog\/actualidad\/el-proximo-volkswagen-t-roc-se-llamara-id-roc-solo-electrico\/#breadcrumb\",\"itemListElement\":[{\"@type\":\"ListItem\",\"position\":1,\"name\":\"Portada\",\"item\":\"https:\/\/www.clicars.com\/blog\/\"},{\"@type\":\"ListItem\",\"position\":2,\"name\":\"El pr\u00f3ximo Volkswagen T-Roc se llamar\u00e1 ID. Roc: solo el\u00e9ctrico\u00a0\"}]},{\"@type\":\"WebSite\",\"@id\":\"https:\/\/www.clicars.com\/blog\/#website\",\"url\":\"https:\/\/www.clicars.com\/blog\/\",\"name\":\"Clicars\",\"description\":\"Compra tu coche de Buena Mano sin moverte de casa\",\"inLanguage\":\"es\"},{\"@type\":\"Person\",\"@id\":\"https:\/\/www.clicars.com\/blog\/#\/schema\/person\/af686c41ba96962c68871392bf2bb62d\",\"name\":\"Clicars\",\"image\":{\"@type\":\"ImageObject\",\"inLanguage\":\"es\",\"@id\":\"https:\/\/www.clicars.com\/blog\/#\/schema\/person\/image\/\",\"url\":\"https:\/\/secure.gravatar.com\/avatar\/3100622b0023049db14165cdba9dadaa9159743b871e83e440a0df9a70f80e56?s=96&d=mm&r=g\",\"contentUrl\":\"https:\/\/secure.gravatar.com\/avatar\/3100622b0023049db14165cdba9dadaa9159743b871e83e440a0df9a70f80e56?s=96&d=mm&r=g\",\"caption\":\"Clicars\"},\"sameAs\":[\"https:\/\/www.clicars.com\"],\"url\":\"https:\/\/www.clicars.com\/blog\/author\/clicars\/\"}]}<\/script>\n<!-- \/ Yoast SEO plugin. -->","yoast_head_json":{"title":"Volkswagen T-Roc se llamar\u00e1 ID. Roc: solo el\u00e9ctrico\u00a0- Clicars Blog","description":"\u25b7 \u00bfTe has enterado de lo nuevo del Volkswagen T-Roc? Cambia su nombre para volverse el\u00e9ctrico. \u00a1No te lo pierdas!","robots":{"index":"index","follow":"follow","max-snippet":"max-snippet:-1","max-image-preview":"max-image-preview:large","max-video-preview":"max-video-preview:-1"},"canonical":"https:\/\/www.clicars.com\/blog\/actualidad\/el-proximo-volkswagen-t-roc-se-llamara-id-roc-solo-electrico\/","og_locale":"es_ES","og_type":"article","og_title":"Volkswagen T-Roc se llamar\u00e1 ID. Roc: solo el\u00e9ctrico\u00a0- Clicars Blog","og_description":"\u25b7 \u00bfTe has enterado de lo nuevo del Volkswagen T-Roc? Cambia su nombre para volverse el\u00e9ctrico. \u00a1No te lo pierdas!","og_url":"https:\/\/www.clicars.com\/blog\/actualidad\/el-proximo-volkswagen-t-roc-se-llamara-id-roc-solo-electrico\/","og_site_name":"Clicars","article_published_time":"2024-05-17T11:07:54+00:00","og_image":[{"width":800,"height":600,"url":"https:\/\/www.clicars.com\/blog\/wp-content\/uploads\/2024\/05\/volkswagen-id-roc.jpg","type":"image\/jpeg"}],"author":"Clicars","twitter_card":"summary_large_image","twitter_misc":{"Escrito por":"Clicars","Tiempo de lectura":"3 minutos"},"schema":{"@context":"https:\/\/schema.org","@graph":[{"@type":"Article","@id":"https:\/\/www.clicars.com\/blog\/actualidad\/el-proximo-volkswagen-t-roc-se-llamara-id-roc-solo-electrico\/#article","isPartOf":{"@id":"https:\/\/www.clicars.com\/blog\/actualidad\/el-proximo-volkswagen-t-roc-se-llamara-id-roc-solo-electrico\/"},"author":{"name":"Clicars","@id":"https:\/\/www.clicars.com\/blog\/#\/schema\/person\/af686c41ba96962c68871392bf2bb62d"},"headline":"El pr\u00f3ximo Volkswagen T-Roc se llamar\u00e1 ID. Roc: solo el\u00e9ctrico\u00a0","datePublished":"2024-05-17T11:07:54+00:00","mainEntityOfPage":{"@id":"https:\/\/www.clicars.com\/blog\/actualidad\/el-proximo-volkswagen-t-roc-se-llamara-id-roc-solo-electrico\/"},"wordCount":535,"image":{"@id":"https:\/\/www.clicars.com\/blog\/actualidad\/el-proximo-volkswagen-t-roc-se-llamara-id-roc-solo-electrico\/#primaryimage"},"thumbnailUrl":"https:\/\/www.clicars.com\/blog\/wp-content\/uploads\/2024\/05\/volkswagen-id-roc.jpg","articleSection":["Actualidad"],"inLanguage":"es"},{"@type":["WebPage","ItemPage"],"@id":"https:\/\/www.clicars.com\/blog\/actualidad\/el-proximo-volkswagen-t-roc-se-llamara-id-roc-solo-electrico\/","url":"https:\/\/www.clicars.com\/blog\/actualidad\/el-proximo-volkswagen-t-roc-se-llamara-id-roc-solo-electrico\/","name":"Volkswagen T-Roc se llamar\u00e1 ID. Roc: solo el\u00e9ctrico\u00a0- Clicars Blog","isPartOf":{"@id":"https:\/\/www.clicars.com\/blog\/#website"},"primaryImageOfPage":{"@id":"https:\/\/www.clicars.com\/blog\/actualidad\/el-proximo-volkswagen-t-roc-se-llamara-id-roc-solo-electrico\/#primaryimage"},"image":{"@id":"https:\/\/www.clicars.com\/blog\/actualidad\/el-proximo-volkswagen-t-roc-se-llamara-id-roc-solo-electrico\/#primaryimage"},"thumbnailUrl":"https:\/\/www.clicars.com\/blog\/wp-content\/uploads\/2024\/05\/volkswagen-id-roc.jpg","datePublished":"2024-05-17T11:07:54+00:00","author":{"@id":"https:\/\/www.clicars.com\/blog\/#\/schema\/person\/af686c41ba96962c68871392bf2bb62d"},"description":"\u25b7 \u00bfTe has enterado de lo nuevo del Volkswagen T-Roc? Cambia su nombre para volverse el\u00e9ctrico. \u00a1No te lo pierdas!","breadcrumb":{"@id":"https:\/\/www.clicars.com\/blog\/actualidad\/el-proximo-volkswagen-t-roc-se-llamara-id-roc-solo-electrico\/#breadcrumb"},"inLanguage":"es","potentialAction":[{"@type":"ReadAction","target":["https:\/\/www.clicars.com\/blog\/actualidad\/el-proximo-volkswagen-t-roc-se-llamara-id-roc-solo-electrico\/"]}]},{"@type":"ImageObject","inLanguage":"es","@id":"https:\/\/www.clicars.com\/blog\/actualidad\/el-proximo-volkswagen-t-roc-se-llamara-id-roc-solo-electrico\/#primaryimage","url":"https:\/\/www.clicars.com\/blog\/wp-content\/uploads\/2024\/05\/volkswagen-id-roc.jpg","contentUrl":"https:\/\/www.clicars.com\/blog\/wp-content\/uploads\/2024\/05\/volkswagen-id-roc.jpg","width":800,"height":600,"caption":"volkswagen id roc"},{"@type":"BreadcrumbList","@id":"https:\/\/www.clicars.com\/blog\/actualidad\/el-proximo-volkswagen-t-roc-se-llamara-id-roc-solo-electrico\/#breadcrumb","itemListElement":[{"@type":"ListItem","position":1,"name":"Portada","item":"https:\/\/www.clicars.com\/blog\/"},{"@type":"ListItem","position":2,"name":"El pr\u00f3ximo Volkswagen T-Roc se llamar\u00e1 ID. Roc: solo el\u00e9ctrico\u00a0"}]},{"@type":"WebSite","@id":"https:\/\/www.clicars.com\/blog\/#website","url":"https:\/\/www.clicars.com\/blog\/","name":"Clicars","description":"Compra tu coche de Buena Mano sin moverte de casa","inLanguage":"es"},{"@type":"Person","@id":"https:\/\/www.clicars.com\/blog\/#\/schema\/person\/af686c41ba96962c68871392bf2bb62d","name":"Clicars","image":{"@type":"ImageObject","inLanguage":"es","@id":"https:\/\/www.clicars.com\/blog\/#\/schema\/person\/image\/","url":"https:\/\/secure.gravatar.com\/avatar\/3100622b0023049db14165cdba9dadaa9159743b871e83e440a0df9a70f80e56?s=96&d=mm&r=g","contentUrl":"https:\/\/secure.gravatar.com\/avatar\/3100622b0023049db14165cdba9dadaa9159743b871e83e440a0df9a70f80e56?s=96&d=mm&r=g","caption":"Clicars"},"sameAs":["https:\/\/www.clicars.com"],"url":"https:\/\/www.clicars.com\/blog\/author\/clicars\/"}]}},"_links":{"self":[{"href":"https:\/\/www.clicars.com\/blog\/wp-json\/wp\/v2\/posts\/12962","targetHints":{"allow":["GET"]}}],"collection":[{"href":"https:\/\/www.clicars.com\/blog\/wp-json\/wp\/v2\/posts"}],"about":[{"href":"https:\/\/www.clicars.com\/blog\/wp-json\/wp\/v2\/types\/post"}],"author":[{"embeddable":true,"href":"https:\/\/www.clicars.com\/blog\/wp-json\/wp\/v2\/users\/2"}],"replies":[{"embeddable":true,"href":"https:\/\/www.clicars.com\/blog\/wp-json\/wp\/v2\/comments?post=12962"}],"version-history":[{"count":1,"href":"https:\/\/www.clicars.com\/blog\/wp-json\/wp\/v2\/posts\/12962\/revisions"}],"predecessor-version":[{"id":12965,"href":"https:\/\/www.clicars.com\/blog\/wp-json\/wp\/v2\/posts\/12962\/revisions\/12965"}],"wp:featuredmedia":[{"embeddable":true,"href":"https:\/\/www.clicars.com\/blog\/wp-json\/wp\/v2\/media\/12963"}],"wp:attachment":[{"href":"https:\/\/www.clicars.com\/blog\/wp-json\/wp\/v2\/media?parent=12962"}],"wp:term":[{"taxonomy":"category","embeddable":true,"href":"https:\/\/www.clicars.com\/blog\/wp-json\/wp\/v2\/categories?post=12962"},{"taxonomy":"post_tag","embeddable":true,"href":"https:\/\/www.clicars.com\/blog\/wp-json\/wp\/v2\/tags?post=12962"}],"curies":[{"name":"wp","href":"https:\/\/api.w.org\/{rel}","templated":true}]}}