{"id":12991,"date":"2024-06-05T12:54:31","date_gmt":"2024-06-05T10:54:31","guid":{"rendered":"https:\/\/www.clicars.com\/blog\/?p=12991"},"modified":"2024-06-05T12:54:31","modified_gmt":"2024-06-05T10:54:31","slug":"la-venta-de-coches-en-espana-vuelve-a-ser-positiva-en-abril","status":"publish","type":"post","link":"https:\/\/www.clicars.com\/blog\/actualidad\/la-venta-de-coches-en-espana-vuelve-a-ser-positiva-en-abril\/","title":{"rendered":"La venta de coches en Espa\u00f1a vuelve a ser positiva en abril"},"content":{"rendered":"<div id=\"ez-toc-container\" class=\"ez-toc-v2_0_80 counter-hierarchy ez-toc-counter ez-toc-light-blue ez-toc-container-direction\">\n<p class=\"ez-toc-title\" style=\"cursor:inherit\">\u00cdndice de contenidos<\/p>\n<label for=\"ez-toc-cssicon-toggle-item-69f49994adffd\" class=\"ez-toc-cssicon-toggle-label\"><span class=\"ez-toc-cssicon\"><span class=\"eztoc-hide\" style=\"display:none;\">Toggle<\/span><span class=\"ez-toc-icon-toggle-span\"><svg style=\"fill: #999;color:#999\" xmlns=\"http:\/\/www.w3.org\/2000\/svg\" class=\"list-377408\" width=\"20px\" height=\"20px\" viewBox=\"0 0 24 24\" fill=\"none\"><path d=\"M6 6H4v2h2V6zm14 0H8v2h12V6zM4 11h2v2H4v-2zm16 0H8v2h12v-2zM4 16h2v2H4v-2zm16 0H8v2h12v-2z\" fill=\"currentColor\"><\/path><\/svg><svg style=\"fill: #999;color:#999\" class=\"arrow-unsorted-368013\" xmlns=\"http:\/\/www.w3.org\/2000\/svg\" width=\"10px\" height=\"10px\" viewBox=\"0 0 24 24\" version=\"1.2\" baseProfile=\"tiny\"><path d=\"M18.2 9.3l-6.2-6.3-6.2 6.3c-.2.2-.3.4-.3.7s.1.5.3.7c.2.2.4.3.7.3h11c.3 0 .5-.1.7-.3.2-.2.3-.5.3-.7s-.1-.5-.3-.7zM5.8 14.7l6.2 6.3 6.2-6.3c.2-.2.3-.5.3-.7s-.1-.5-.3-.7c-.2-.2-.4-.3-.7-.3h-11c-.3 0-.5.1-.7.3-.2.2-.3.5-.3.7s.1.5.3.7z\"\/><\/svg><\/span><\/span><\/label><input type=\"checkbox\"  id=\"ez-toc-cssicon-toggle-item-69f49994adffd\"  aria-label=\"Alternar\" \/><nav><ul class='ez-toc-list ez-toc-list-level-1 ' ><li class='ez-toc-page-1 ez-toc-heading-level-2'><a class=\"ez-toc-link ez-toc-heading-1\" href=\"https:\/\/www.clicars.com\/blog\/actualidad\/la-venta-de-coches-en-espana-vuelve-a-ser-positiva-en-abril\/#Aumento_de_matriculaciones\" >Aumento de matriculaciones<\/a><\/li><li class='ez-toc-page-1 ez-toc-heading-level-2'><a class=\"ez-toc-link ez-toc-heading-2\" href=\"https:\/\/www.clicars.com\/blog\/actualidad\/la-venta-de-coches-en-espana-vuelve-a-ser-positiva-en-abril\/#Toyota_mantiene_el_liderazgo\" >Toyota mantiene el liderazgo<\/a><\/li><li class='ez-toc-page-1 ez-toc-heading-level-2'><a class=\"ez-toc-link ez-toc-heading-3\" href=\"https:\/\/www.clicars.com\/blog\/actualidad\/la-venta-de-coches-en-espana-vuelve-a-ser-positiva-en-abril\/#Tambien_ha_favorito_el_Sandero\" >Tambi\u00e9n ha favorito: el Sandero<\/a><\/li><li class='ez-toc-page-1 ez-toc-heading-level-2'><a class=\"ez-toc-link ez-toc-heading-4\" href=\"https:\/\/www.clicars.com\/blog\/actualidad\/la-venta-de-coches-en-espana-vuelve-a-ser-positiva-en-abril\/#El_mercado_electrificado_no_despega\" >El mercado electrificado no despega<\/a><\/li><\/ul><\/nav><\/div>\n\n<p><span style=\"font-weight: 400;\">Despu\u00e9s de que las vacaciones de Semana Santa supusieran un frenazo a la venta de coches en Espa\u00f1a, el fin de la festividad y la vuelta a la rutina tambi\u00e9n han instaurado la normalidad en la venta de coches. O al menos, se han registrado los datos que ven\u00edan siendo habituales en este 2024. Porque el mercado de turismos y todoterrenos comenz\u00f3 con cifras positivas desde que se estren\u00f3 el a\u00f1o y<\/span><b> en abril, volvi\u00f3 a resurgir con un crecimiento del 23,1%<\/b><span style=\"font-weight: 400;\">. El mercado registr\u00f3 <\/span><b>92.000 matriculaciones en total, <\/b><span style=\"font-weight: 400;\">que suponen un importante crecimiento que se relaciona al aumento de los d\u00edas h\u00e1biles de los que ha dispuesto el mes, despu\u00e9s de que la Semana Santa que celebrase a finales de marzo.<\/span><\/p>\n<p><span style=\"font-weight: 400;\">Entonces las ventas registraron <\/span><b>un retroceso del 4,7%<\/b><span style=\"font-weight: 400;\"> en comparaci\u00f3n al mismo per\u00edodo de tiempo en su ejercicio anterior, lo que al mismo tiempo supuso el primer descenso de los \u00faltimos 15 meses seg\u00fan los datos que difundieron las asociaciones (Anfac, Faconauto y Ganvam). Pero <\/span><b>las malas noticias simplemente han sido pasajeras<\/b><span style=\"font-weight: 400;\"> como ratifica un mes de abril que se cierra al alza y con noticias positivas para el mercado de la automoci\u00f3n.<\/span><\/p>\n<h2><span class=\"ez-toc-section\" id=\"Aumento_de_matriculaciones\"><\/span><span style=\"font-weight: 400;\">Aumento de matriculaciones<\/span><span class=\"ez-toc-section-end\"><\/span><\/h2>\n<p><span style=\"font-weight: 400;\">La decadencia de cifras pasa completamente desapercibida si se comparan los resultados conjuntos del bimestre. <\/span><b>En 2024 las matriculaciones ascendieron a las 186.840 unidades, <\/b><span style=\"font-weight: 400;\">dejando los datos de marzo como un efecto estacional que apenas ha tenido efecto en el c\u00f3mputo global. Pues la cifra del bimestre supone un<\/span><b> incremento del 7,2%<\/b><span style=\"font-weight: 400;\"> en comparaci\u00f3n al curso anterior y adem\u00e1s, cuenta con un aliciente a\u00f1adido: los buenos resultados de enero y febrero, hacen que<\/span><b> el acumulado registre 336.826 operaciones. <\/b><span style=\"font-weight: 400;\">Un 7,8% m\u00e1s en comparaci\u00f3n a 2023&#8230; aunque no remontan las cifras anteriores a la pandemia.<\/span><\/p>\n<p><span style=\"font-weight: 400;\">Durante <\/span><b>los primeros cuatro meses de 2019 se matricularon un 23% m\u00e1s de autom\u00f3viles que en este inicio de 2024. <\/b><span style=\"font-weight: 400;\">Pero tampoco hay que perder de vista, que el canal de las flotas contin\u00faa deprimido con un retroceso del 12,5%. Porque desde que comenz\u00f3 el presente curso, los clientes privados y las alquiladoras han protagonizado m\u00e1s de 180.000 adquisiciones. Por concretar, <\/span><b>los particulares han adquirido 141.162 turismos y 4&#215;4 <\/b><span style=\"font-weight: 400;\">(un 9,5% m\u00e1s en comparaci\u00f3n a 2023), mientras que<\/span><b> el rent a car responde a otras 82.386 ventas<\/b><span style=\"font-weight: 400;\"> (un incremento del 52,6%).<\/span><\/p>\n<h2><span class=\"ez-toc-section\" id=\"Toyota_mantiene_el_liderazgo\"><\/span><span style=\"font-weight: 400;\">Toyota mantiene el liderazgo<\/span><span class=\"ez-toc-section-end\"><\/span><\/h2>\n<p><span style=\"font-weight: 400;\">En cuanto a los resultados por modelos y marcas, no hay sorpresa y <\/span><b>Toyota contin\u00faa intratable.<\/b><span style=\"font-weight: 400;\"> La marca japonesa sigue sonriendo y adem\u00e1s, lo hace por partida doble. Porque adem\u00e1s de mantener su liderazgo, este ha aumentado en el mes de abril pues ya sacan m\u00e1s de 9.000 coches a Seat. <\/span><b>De las 31.901 unidades distribuidas por parte del fabricante nip\u00f3n, a las 22.864 de la marca espa\u00f1ola.<\/b><span style=\"font-weight: 400;\"> En la tercera posici\u00f3n del r\u00e1nking se posiciona Volkswagen con 21.279 matriculaciones.<\/span><\/p>\n<h2><span class=\"ez-toc-section\" id=\"Tambien_ha_favorito_el_Sandero\"><\/span><span style=\"font-weight: 400;\">Tambi\u00e9n ha favorito: el Sandero<\/span><span class=\"ez-toc-section-end\"><\/span><\/h2>\n<p><span style=\"font-weight: 400;\">Mientras que Toyota sigue imbatible a nivel de marcas, <\/span><b>el Dacia Sandero se ha posicionado como el m\u00e1s demandado en el r\u00e1nking por modelos. <\/b><span style=\"font-weight: 400;\">El prototipo franc\u00e9s fue el preferido por delante del Seat Ibiza y del Renault Clio, con 10.541 ventas en el mes de abril. De esa manera destrona al Nissan Qashqai, que fue el prototipo m\u00e1s comercializado en el mes de marzo y sin embargo, ni siquiera aparece en la lista de los 10 primeros en este mes de abril. A su favor, se posiciona en la quinta posici\u00f3n del cuatrimestre y es el SUV l\u00edder entre los de tama\u00f1o medio y compacto, aunque el protagonismo en el \u00faltimo recuento, siempre por detr\u00e1s del Sandero, fue para el <\/span><b>Toyota Corolla (con 8.252 unidades vendidas) y el Seat Arona (con 7.475).<\/b><\/p>\n<p><img loading=\"lazy\" decoding=\"async\" class=\"aligncenter size-full wp-image-12993\" src=\"https:\/\/www.clicars.com\/blog\/wp-content\/uploads\/2024\/06\/dacia-sandero-coche-mas-vendidos.jpg\" alt=\"dacia sandero coche mas vendidos\" width=\"900\" height=\"600\" \/><\/p>\n<h2><span class=\"ez-toc-section\" id=\"El_mercado_electrificado_no_despega\"><\/span><span style=\"font-weight: 400;\">El mercado electrificado no despega<\/span><span class=\"ez-toc-section-end\"><\/span><\/h2>\n<p><span style=\"font-weight: 400;\">En un momento que coincide con un auge de ventas a nivel general,<\/span><b> las registradas en el mercado el\u00e9ctrico no terminan de asemejarse a las estimaciones<\/b><span style=\"font-weight: 400;\">. La venta de turismos con enchufe no termina de despegar y a pesar de que en abril se matricularon<\/span><b> 3.842 unidades<\/b><span style=\"font-weight: 400;\"> (un 11,8% m\u00e1s que las registradas en 2023), este \u00edndice de auge no coincide con los objetivos marcados para este ejercicio dentro del sector electrificado.\u00a0<\/span><\/p>\n<p><span style=\"font-weight: 400;\">La cuota<\/span><b> apenas supone el 4,5% de ventas <\/b><span style=\"font-weight: 400;\">(desde enero tan solo se han registrado 15.220 matriculaciones) y aumenta de forma considerable para maquillar el resultado, si tambi\u00e9n se tienen en cuenta los h\u00edbridos enchufables. Aunque el porcentaje se quedar\u00eda<\/span><b> por debajo del 11%, con un total de 35.979 unidades en lo que va de a\u00f1o.<\/b><span style=\"font-weight: 400;\"> Una cifra todav\u00eda pobre, para lo que se espera en ese proceso de descarbonizaci\u00f3n donde todo el protagonismo y las oportunidades, se est\u00e1n centrando en torno a un mercado electrificado que no termina de convencer. O al menos, eso es lo que dicen las cifras.\u00a0<\/span><\/p>\n","protected":false},"excerpt":{"rendered":"<p>Despu\u00e9s de que las vacaciones de Semana Santa supusieran un frenazo a la venta de&#8230;<\/p>\n","protected":false},"author":2,"featured_media":12992,"comment_status":"closed","ping_status":"closed","sticky":false,"template":"","format":"standard","meta":{"footnotes":""},"categories":[5],"tags":[],"class_list":{"0":"post-12991","1":"post","2":"type-post","3":"status-publish","4":"format-standard","5":"has-post-thumbnail","7":"category-actualidad"},"yoast_head":"<!-- This site is optimized with the Yoast SEO plugin v26.8 - https:\/\/yoast.com\/product\/yoast-seo-wordpress\/ -->\n<title>La venta de coches en Espa\u00f1a vuelve a ser positiva en abril - Clicars Blog<\/title>\n<meta name=\"description\" content=\"\u25b7 La venta de coches sigue creciendo el mes de abril. \u00bfQuieres saber cu\u00e1les han sido los favoritos elegidos para este mes? \u00a1Aqu\u00ed!\" \/>\n<meta name=\"robots\" content=\"index, follow, max-snippet:-1, max-image-preview:large, max-video-preview:-1\" \/>\n<link rel=\"canonical\" href=\"https:\/\/www.clicars.com\/blog\/actualidad\/la-venta-de-coches-en-espana-vuelve-a-ser-positiva-en-abril\/\" \/>\n<meta property=\"og:locale\" content=\"es_ES\" \/>\n<meta property=\"og:type\" content=\"article\" \/>\n<meta property=\"og:title\" content=\"La venta de coches en Espa\u00f1a vuelve a ser positiva en abril - Clicars Blog\" \/>\n<meta property=\"og:description\" content=\"\u25b7 La venta de coches sigue creciendo el mes de abril. \u00bfQuieres saber cu\u00e1les han sido los favoritos elegidos para este mes? \u00a1Aqu\u00ed!\" \/>\n<meta property=\"og:url\" content=\"https:\/\/www.clicars.com\/blog\/actualidad\/la-venta-de-coches-en-espana-vuelve-a-ser-positiva-en-abril\/\" \/>\n<meta property=\"og:site_name\" content=\"Clicars\" \/>\n<meta property=\"article:published_time\" content=\"2024-06-05T10:54:31+00:00\" \/>\n<meta property=\"og:image\" content=\"https:\/\/www.clicars.com\/blog\/wp-content\/uploads\/2024\/06\/venta-de-coches-abril.jpg\" \/>\n\t<meta property=\"og:image:width\" content=\"800\" \/>\n\t<meta property=\"og:image:height\" content=\"600\" \/>\n\t<meta property=\"og:image:type\" content=\"image\/jpeg\" \/>\n<meta name=\"author\" content=\"Clicars\" \/>\n<meta name=\"twitter:card\" content=\"summary_large_image\" \/>\n<meta name=\"twitter:label1\" content=\"Escrito por\" \/>\n\t<meta name=\"twitter:data1\" content=\"Clicars\" \/>\n\t<meta name=\"twitter:label2\" content=\"Tiempo de lectura\" \/>\n\t<meta name=\"twitter:data2\" content=\"4 minutos\" \/>\n<script type=\"application\/ld+json\" class=\"yoast-schema-graph\">{\"@context\":\"https:\/\/schema.org\",\"@graph\":[{\"@type\":\"Article\",\"@id\":\"https:\/\/www.clicars.com\/blog\/actualidad\/la-venta-de-coches-en-espana-vuelve-a-ser-positiva-en-abril\/#article\",\"isPartOf\":{\"@id\":\"https:\/\/www.clicars.com\/blog\/actualidad\/la-venta-de-coches-en-espana-vuelve-a-ser-positiva-en-abril\/\"},\"author\":{\"name\":\"Clicars\",\"@id\":\"https:\/\/www.clicars.com\/blog\/#\/schema\/person\/af686c41ba96962c68871392bf2bb62d\"},\"headline\":\"La venta de coches en Espa\u00f1a vuelve a ser positiva en abril\",\"datePublished\":\"2024-06-05T10:54:31+00:00\",\"mainEntityOfPage\":{\"@id\":\"https:\/\/www.clicars.com\/blog\/actualidad\/la-venta-de-coches-en-espana-vuelve-a-ser-positiva-en-abril\/\"},\"wordCount\":811,\"image\":{\"@id\":\"https:\/\/www.clicars.com\/blog\/actualidad\/la-venta-de-coches-en-espana-vuelve-a-ser-positiva-en-abril\/#primaryimage\"},\"thumbnailUrl\":\"https:\/\/www.clicars.com\/blog\/wp-content\/uploads\/2024\/06\/venta-de-coches-abril.jpg\",\"articleSection\":[\"Actualidad\"],\"inLanguage\":\"es\"},{\"@type\":[\"WebPage\",\"ItemPage\"],\"@id\":\"https:\/\/www.clicars.com\/blog\/actualidad\/la-venta-de-coches-en-espana-vuelve-a-ser-positiva-en-abril\/\",\"url\":\"https:\/\/www.clicars.com\/blog\/actualidad\/la-venta-de-coches-en-espana-vuelve-a-ser-positiva-en-abril\/\",\"name\":\"La venta de coches en Espa\u00f1a vuelve a ser positiva en abril - Clicars Blog\",\"isPartOf\":{\"@id\":\"https:\/\/www.clicars.com\/blog\/#website\"},\"primaryImageOfPage\":{\"@id\":\"https:\/\/www.clicars.com\/blog\/actualidad\/la-venta-de-coches-en-espana-vuelve-a-ser-positiva-en-abril\/#primaryimage\"},\"image\":{\"@id\":\"https:\/\/www.clicars.com\/blog\/actualidad\/la-venta-de-coches-en-espana-vuelve-a-ser-positiva-en-abril\/#primaryimage\"},\"thumbnailUrl\":\"https:\/\/www.clicars.com\/blog\/wp-content\/uploads\/2024\/06\/venta-de-coches-abril.jpg\",\"datePublished\":\"2024-06-05T10:54:31+00:00\",\"author\":{\"@id\":\"https:\/\/www.clicars.com\/blog\/#\/schema\/person\/af686c41ba96962c68871392bf2bb62d\"},\"description\":\"\u25b7 La venta de coches sigue creciendo el mes de abril. \u00bfQuieres saber cu\u00e1les han sido los favoritos elegidos para este mes? \u00a1Aqu\u00ed!\",\"breadcrumb\":{\"@id\":\"https:\/\/www.clicars.com\/blog\/actualidad\/la-venta-de-coches-en-espana-vuelve-a-ser-positiva-en-abril\/#breadcrumb\"},\"inLanguage\":\"es\",\"potentialAction\":[{\"@type\":\"ReadAction\",\"target\":[\"https:\/\/www.clicars.com\/blog\/actualidad\/la-venta-de-coches-en-espana-vuelve-a-ser-positiva-en-abril\/\"]}]},{\"@type\":\"ImageObject\",\"inLanguage\":\"es\",\"@id\":\"https:\/\/www.clicars.com\/blog\/actualidad\/la-venta-de-coches-en-espana-vuelve-a-ser-positiva-en-abril\/#primaryimage\",\"url\":\"https:\/\/www.clicars.com\/blog\/wp-content\/uploads\/2024\/06\/venta-de-coches-abril.jpg\",\"contentUrl\":\"https:\/\/www.clicars.com\/blog\/wp-content\/uploads\/2024\/06\/venta-de-coches-abril.jpg\",\"width\":800,\"height\":600,\"caption\":\"venta de coches abril\"},{\"@type\":\"BreadcrumbList\",\"@id\":\"https:\/\/www.clicars.com\/blog\/actualidad\/la-venta-de-coches-en-espana-vuelve-a-ser-positiva-en-abril\/#breadcrumb\",\"itemListElement\":[{\"@type\":\"ListItem\",\"position\":1,\"name\":\"Portada\",\"item\":\"https:\/\/www.clicars.com\/blog\/\"},{\"@type\":\"ListItem\",\"position\":2,\"name\":\"La venta de coches en Espa\u00f1a vuelve a ser positiva en abril\"}]},{\"@type\":\"WebSite\",\"@id\":\"https:\/\/www.clicars.com\/blog\/#website\",\"url\":\"https:\/\/www.clicars.com\/blog\/\",\"name\":\"Clicars\",\"description\":\"Compra tu coche de Buena Mano sin moverte de casa\",\"inLanguage\":\"es\"},{\"@type\":\"Person\",\"@id\":\"https:\/\/www.clicars.com\/blog\/#\/schema\/person\/af686c41ba96962c68871392bf2bb62d\",\"name\":\"Clicars\",\"image\":{\"@type\":\"ImageObject\",\"inLanguage\":\"es\",\"@id\":\"https:\/\/www.clicars.com\/blog\/#\/schema\/person\/image\/\",\"url\":\"https:\/\/secure.gravatar.com\/avatar\/3100622b0023049db14165cdba9dadaa9159743b871e83e440a0df9a70f80e56?s=96&d=mm&r=g\",\"contentUrl\":\"https:\/\/secure.gravatar.com\/avatar\/3100622b0023049db14165cdba9dadaa9159743b871e83e440a0df9a70f80e56?s=96&d=mm&r=g\",\"caption\":\"Clicars\"},\"sameAs\":[\"https:\/\/www.clicars.com\"],\"url\":\"https:\/\/www.clicars.com\/blog\/author\/clicars\/\"}]}<\/script>\n<!-- \/ Yoast SEO plugin. -->","yoast_head_json":{"title":"La venta de coches en Espa\u00f1a vuelve a ser positiva en abril - Clicars Blog","description":"\u25b7 La venta de coches sigue creciendo el mes de abril. \u00bfQuieres saber cu\u00e1les han sido los favoritos elegidos para este mes? \u00a1Aqu\u00ed!","robots":{"index":"index","follow":"follow","max-snippet":"max-snippet:-1","max-image-preview":"max-image-preview:large","max-video-preview":"max-video-preview:-1"},"canonical":"https:\/\/www.clicars.com\/blog\/actualidad\/la-venta-de-coches-en-espana-vuelve-a-ser-positiva-en-abril\/","og_locale":"es_ES","og_type":"article","og_title":"La venta de coches en Espa\u00f1a vuelve a ser positiva en abril - Clicars Blog","og_description":"\u25b7 La venta de coches sigue creciendo el mes de abril. \u00bfQuieres saber cu\u00e1les han sido los favoritos elegidos para este mes? \u00a1Aqu\u00ed!","og_url":"https:\/\/www.clicars.com\/blog\/actualidad\/la-venta-de-coches-en-espana-vuelve-a-ser-positiva-en-abril\/","og_site_name":"Clicars","article_published_time":"2024-06-05T10:54:31+00:00","og_image":[{"width":800,"height":600,"url":"https:\/\/www.clicars.com\/blog\/wp-content\/uploads\/2024\/06\/venta-de-coches-abril.jpg","type":"image\/jpeg"}],"author":"Clicars","twitter_card":"summary_large_image","twitter_misc":{"Escrito por":"Clicars","Tiempo de lectura":"4 minutos"},"schema":{"@context":"https:\/\/schema.org","@graph":[{"@type":"Article","@id":"https:\/\/www.clicars.com\/blog\/actualidad\/la-venta-de-coches-en-espana-vuelve-a-ser-positiva-en-abril\/#article","isPartOf":{"@id":"https:\/\/www.clicars.com\/blog\/actualidad\/la-venta-de-coches-en-espana-vuelve-a-ser-positiva-en-abril\/"},"author":{"name":"Clicars","@id":"https:\/\/www.clicars.com\/blog\/#\/schema\/person\/af686c41ba96962c68871392bf2bb62d"},"headline":"La venta de coches en Espa\u00f1a vuelve a ser positiva en abril","datePublished":"2024-06-05T10:54:31+00:00","mainEntityOfPage":{"@id":"https:\/\/www.clicars.com\/blog\/actualidad\/la-venta-de-coches-en-espana-vuelve-a-ser-positiva-en-abril\/"},"wordCount":811,"image":{"@id":"https:\/\/www.clicars.com\/blog\/actualidad\/la-venta-de-coches-en-espana-vuelve-a-ser-positiva-en-abril\/#primaryimage"},"thumbnailUrl":"https:\/\/www.clicars.com\/blog\/wp-content\/uploads\/2024\/06\/venta-de-coches-abril.jpg","articleSection":["Actualidad"],"inLanguage":"es"},{"@type":["WebPage","ItemPage"],"@id":"https:\/\/www.clicars.com\/blog\/actualidad\/la-venta-de-coches-en-espana-vuelve-a-ser-positiva-en-abril\/","url":"https:\/\/www.clicars.com\/blog\/actualidad\/la-venta-de-coches-en-espana-vuelve-a-ser-positiva-en-abril\/","name":"La venta de coches en Espa\u00f1a vuelve a ser positiva en abril - Clicars Blog","isPartOf":{"@id":"https:\/\/www.clicars.com\/blog\/#website"},"primaryImageOfPage":{"@id":"https:\/\/www.clicars.com\/blog\/actualidad\/la-venta-de-coches-en-espana-vuelve-a-ser-positiva-en-abril\/#primaryimage"},"image":{"@id":"https:\/\/www.clicars.com\/blog\/actualidad\/la-venta-de-coches-en-espana-vuelve-a-ser-positiva-en-abril\/#primaryimage"},"thumbnailUrl":"https:\/\/www.clicars.com\/blog\/wp-content\/uploads\/2024\/06\/venta-de-coches-abril.jpg","datePublished":"2024-06-05T10:54:31+00:00","author":{"@id":"https:\/\/www.clicars.com\/blog\/#\/schema\/person\/af686c41ba96962c68871392bf2bb62d"},"description":"\u25b7 La venta de coches sigue creciendo el mes de abril. \u00bfQuieres saber cu\u00e1les han sido los favoritos elegidos para este mes? \u00a1Aqu\u00ed!","breadcrumb":{"@id":"https:\/\/www.clicars.com\/blog\/actualidad\/la-venta-de-coches-en-espana-vuelve-a-ser-positiva-en-abril\/#breadcrumb"},"inLanguage":"es","potentialAction":[{"@type":"ReadAction","target":["https:\/\/www.clicars.com\/blog\/actualidad\/la-venta-de-coches-en-espana-vuelve-a-ser-positiva-en-abril\/"]}]},{"@type":"ImageObject","inLanguage":"es","@id":"https:\/\/www.clicars.com\/blog\/actualidad\/la-venta-de-coches-en-espana-vuelve-a-ser-positiva-en-abril\/#primaryimage","url":"https:\/\/www.clicars.com\/blog\/wp-content\/uploads\/2024\/06\/venta-de-coches-abril.jpg","contentUrl":"https:\/\/www.clicars.com\/blog\/wp-content\/uploads\/2024\/06\/venta-de-coches-abril.jpg","width":800,"height":600,"caption":"venta de coches abril"},{"@type":"BreadcrumbList","@id":"https:\/\/www.clicars.com\/blog\/actualidad\/la-venta-de-coches-en-espana-vuelve-a-ser-positiva-en-abril\/#breadcrumb","itemListElement":[{"@type":"ListItem","position":1,"name":"Portada","item":"https:\/\/www.clicars.com\/blog\/"},{"@type":"ListItem","position":2,"name":"La venta de coches en Espa\u00f1a vuelve a ser positiva en abril"}]},{"@type":"WebSite","@id":"https:\/\/www.clicars.com\/blog\/#website","url":"https:\/\/www.clicars.com\/blog\/","name":"Clicars","description":"Compra tu coche de Buena Mano sin moverte de casa","inLanguage":"es"},{"@type":"Person","@id":"https:\/\/www.clicars.com\/blog\/#\/schema\/person\/af686c41ba96962c68871392bf2bb62d","name":"Clicars","image":{"@type":"ImageObject","inLanguage":"es","@id":"https:\/\/www.clicars.com\/blog\/#\/schema\/person\/image\/","url":"https:\/\/secure.gravatar.com\/avatar\/3100622b0023049db14165cdba9dadaa9159743b871e83e440a0df9a70f80e56?s=96&d=mm&r=g","contentUrl":"https:\/\/secure.gravatar.com\/avatar\/3100622b0023049db14165cdba9dadaa9159743b871e83e440a0df9a70f80e56?s=96&d=mm&r=g","caption":"Clicars"},"sameAs":["https:\/\/www.clicars.com"],"url":"https:\/\/www.clicars.com\/blog\/author\/clicars\/"}]}},"_links":{"self":[{"href":"https:\/\/www.clicars.com\/blog\/wp-json\/wp\/v2\/posts\/12991","targetHints":{"allow":["GET"]}}],"collection":[{"href":"https:\/\/www.clicars.com\/blog\/wp-json\/wp\/v2\/posts"}],"about":[{"href":"https:\/\/www.clicars.com\/blog\/wp-json\/wp\/v2\/types\/post"}],"author":[{"embeddable":true,"href":"https:\/\/www.clicars.com\/blog\/wp-json\/wp\/v2\/users\/2"}],"replies":[{"embeddable":true,"href":"https:\/\/www.clicars.com\/blog\/wp-json\/wp\/v2\/comments?post=12991"}],"version-history":[{"count":1,"href":"https:\/\/www.clicars.com\/blog\/wp-json\/wp\/v2\/posts\/12991\/revisions"}],"predecessor-version":[{"id":12994,"href":"https:\/\/www.clicars.com\/blog\/wp-json\/wp\/v2\/posts\/12991\/revisions\/12994"}],"wp:featuredmedia":[{"embeddable":true,"href":"https:\/\/www.clicars.com\/blog\/wp-json\/wp\/v2\/media\/12992"}],"wp:attachment":[{"href":"https:\/\/www.clicars.com\/blog\/wp-json\/wp\/v2\/media?parent=12991"}],"wp:term":[{"taxonomy":"category","embeddable":true,"href":"https:\/\/www.clicars.com\/blog\/wp-json\/wp\/v2\/categories?post=12991"},{"taxonomy":"post_tag","embeddable":true,"href":"https:\/\/www.clicars.com\/blog\/wp-json\/wp\/v2\/tags?post=12991"}],"curies":[{"name":"wp","href":"https:\/\/api.w.org\/{rel}","templated":true}]}}