{"id":12999,"date":"2024-06-13T08:18:39","date_gmt":"2024-06-13T06:18:39","guid":{"rendered":"https:\/\/www.clicars.com\/blog\/?p=12999"},"modified":"2024-06-13T08:18:39","modified_gmt":"2024-06-13T06:18:39","slug":"apple-no-tomara-el-control-de-los-proximos-mercedes","status":"publish","type":"post","link":"https:\/\/www.clicars.com\/blog\/actualidad\/apple-no-tomara-el-control-de-los-proximos-mercedes\/","title":{"rendered":"Apple no tomara el control de los pr\u00f3ximos Mercedes"},"content":{"rendered":"\n<p><span style=\"font-weight: 400;\">Como una compa\u00f1\u00eda de posicionamiento premium, la interfaz de usuario, los controles y la ergonom\u00eda son muy importantes para la experiencia general de cualquier propietario de un <\/span><a href=\"https:\/\/www.clicars.com\/coches-segunda-mano-ocasion\/mercedes?campaignid=&amp;adgroupid=&amp;kwd=&amp;creative=&amp;source_campaign=&amp;gad_source=1&amp;gclid=Cj0KCQjw0MexBhD3ARIsAEI3WHK5DzObqWwHRhmJZoxzbdOFbjEz6V2TvUsuLQqtdZSc2yii-BlNf-kaAigNEALw_wcB\"><span style=\"font-weight: 400;\">Mercedes-Benz<\/span><\/a><span style=\"font-weight: 400;\">. Ahora, con el auge de <\/span><a href=\"https:\/\/www.clicars.com\/blog\/comparativa\/android-auto-vs-apple-carplay\/\"><span style=\"font-weight: 400;\">Apple CarPlay y Android Auto,<\/span><\/a><span style=\"font-weight: 400;\"> muchos fabricantes se han propuesto integrar sus <\/span><i><span style=\"font-weight: 400;\">softwares <\/span><\/i><span style=\"font-weight: 400;\">directamente en sus coches. Sin embargo, parece que <\/span><b>Mercedes no est\u00e1 muy de acuerdo con que Apple tome el control inform\u00e1tico de sus coches<\/b><span style=\"font-weight: 400;\">.<\/span><\/p>\n<p><span style=\"font-weight: 400;\">Que Apple reemplace la experiencia de usuario de Mercedes-Benz podr\u00eda potencialmente diluir ese sentimiento de diferencia con respecto a otros competidores, y el director ejecutivo de la compa\u00f1\u00eda, \u00d6la Kallenius, as\u00ed lo ha insinuado: <\/span><i><span style=\"font-weight: 400;\">\u201cCreo fundamentalmente que la experiencia integral del cliente la podemos lograr mejor nosotros, y le serviremos\u201d<\/span><\/i><span style=\"font-weight: 400;\">. En pocas palabras, seg\u00fan sus declaraciones a <\/span><i><span style=\"font-weight: 400;\">The Verge<\/span><\/i><span style=\"font-weight: 400;\">, el fabricante alem\u00e1n <\/span><b>no tiene planes de adoptar la versi\u00f3n de pr\u00f3xima generaci\u00f3n de CarPlay de Apple<\/b><span style=\"font-weight: 400;\">.<\/span><\/p>\n<p><span style=\"font-weight: 400;\">Vista previa a finales del a\u00f1o pasado, la pr\u00f3xima actualizaci\u00f3n de Apple CarPlay se integrar\u00e1 en todas las pantallas disponibles, incluida la pantalla del pasajero y las pantallas auxiliares. Sin embargo, <\/span><b>Mercedes no quiere continuar m\u00e1s all\u00e1 de de este paso<\/b><span style=\"font-weight: 400;\">. El CEO de la compa\u00f1\u00eda afirma que la marca necesitar\u00e1 crear una \u201carquitectura de <\/span><i><span style=\"font-weight: 400;\">software <\/span><\/i><span style=\"font-weight: 400;\">hol\u00edstica\u201d que satisfaga todas las demandas de los clientes que buscan la mejor tecnolog\u00eda para sus autom\u00f3viles, a pesar de los \u00faltimos movimientos.<\/span><\/p>\n<p><img loading=\"lazy\" decoding=\"async\" class=\"aligncenter size-full wp-image-13002\" src=\"https:\/\/www.clicars.com\/blog\/wp-content\/uploads\/2024\/06\/Mercedes-y-apple-carplay.jpg\" alt=\"Mercedes y apple carplay\" width=\"800\" height=\"600\" \/><\/p>\n<p><span style=\"font-weight: 400;\">Si bien se espera que <\/span><b>Porsche <\/b><span style=\"font-weight: 400;\">y <\/span><b>Aston Martin<\/b><span style=\"font-weight: 400;\"> sean las primeras marcas en adoptar la nueva versi\u00f3n de CarPlay, Mercedes claramente duda en permitir que la entidad californiana tome el control de los diales digitales, el sistema de informaci\u00f3n y entretenimiento y los controles de climatizador. Como varias otras marcas, <\/span><b>Mercedes est\u00e1 trabajando estrechamente con Google en una funci\u00f3n de navegaci\u00f3n a\u00fan no especificada relacionada con Google Maps<\/b><span style=\"font-weight: 400;\">. Sin embargo, la relaci\u00f3n no es unilateral.<\/span><\/p>\n<p><span style=\"font-weight: 400;\">Los ingenieros de Mercedes tambi\u00e9n est\u00e1n formando parte del proceso de desarrollo. Pero esto no debe de ser un motivo de preocupaci\u00f3n, pues<\/span><b> la marca no tiene intenci\u00f3n de excluir Apple CarPlay (o Android Auto) de sus veh\u00edculos<\/b><span style=\"font-weight: 400;\">. Ambos sistemas son utilizados por millones de personas y, a menudo, influyen en las decisiones de compra a la hora de hacerse con un coche nuevo. Pero para Mercedes, la naturaleza intrusiva del Apple CarPlay de la pr\u00f3xima generaci\u00f3n es que va demasiado lejos.\u00a0<\/span><\/p>\n<p><i><span style=\"font-weight: 400;\">\u201cRenunciar a toda la unidad principal del habit\u00e1culo \u2013en nuestro caso, una pantalla dedicada tambi\u00e9n al pasajero\u2013 y a otras personas, para nosotros respuesta es no\u201d<\/span><\/i><span style=\"font-weight: 400;\">, explic\u00f3 Kallenius. Y vale la pena se\u00f1alar que <\/span><b>el Departamento de Justicia de Estados Unidos ya ha demandado a Apple por, supuestamente, crear un monopolio y obligar a la industria automotriz a seguir sus reglas<\/b><span style=\"font-weight: 400;\">. Un extracto de la demanda afirma que Apple ha dicho a los fabricantes que se har\u00e1n cargo de las pantallas <\/span><i><span style=\"font-weight: 400;\">\u201csi quieren utilizar cualquiera de las funciones de CarPlay\u201d<\/span><\/i><span style=\"font-weight: 400;\">.<\/span><\/p>\n","protected":false},"excerpt":{"rendered":"<p>Como una compa\u00f1\u00eda de posicionamiento premium, la interfaz de usuario, los controles y la ergonom\u00eda&#8230;<\/p>\n","protected":false},"author":2,"featured_media":13000,"comment_status":"closed","ping_status":"closed","sticky":false,"template":"","format":"standard","meta":{"footnotes":""},"categories":[5],"tags":[],"class_list":{"0":"post-12999","1":"post","2":"type-post","3":"status-publish","4":"format-standard","5":"has-post-thumbnail","7":"category-actualidad"},"yoast_head":"<!-- This site is optimized with the Yoast SEO plugin v26.8 - https:\/\/yoast.com\/product\/yoast-seo-wordpress\/ -->\n<title>Apple no tomara el control de los pr\u00f3ximos Mercedes - Clicars Blog<\/title>\n<meta name=\"description\" content=\"\u25b7 Apple sigue desarrollando sistemas m\u00e1s complejos para los coches. Pero parece que no todas las marcas quieren subirse al carro.\" \/>\n<meta name=\"robots\" content=\"index, follow, max-snippet:-1, max-image-preview:large, max-video-preview:-1\" \/>\n<link rel=\"canonical\" href=\"https:\/\/www.clicars.com\/blog\/actualidad\/apple-no-tomara-el-control-de-los-proximos-mercedes\/\" \/>\n<meta property=\"og:locale\" content=\"es_ES\" \/>\n<meta property=\"og:type\" content=\"article\" \/>\n<meta property=\"og:title\" content=\"Apple no tomara el control de los pr\u00f3ximos Mercedes - Clicars Blog\" \/>\n<meta property=\"og:description\" content=\"\u25b7 Apple sigue desarrollando sistemas m\u00e1s complejos para los coches. Pero parece que no todas las marcas quieren subirse al carro.\" \/>\n<meta property=\"og:url\" content=\"https:\/\/www.clicars.com\/blog\/actualidad\/apple-no-tomara-el-control-de-los-proximos-mercedes\/\" \/>\n<meta property=\"og:site_name\" content=\"Clicars\" \/>\n<meta property=\"article:published_time\" content=\"2024-06-13T06:18:39+00:00\" \/>\n<meta property=\"og:image\" content=\"https:\/\/www.clicars.com\/blog\/wp-content\/uploads\/2024\/06\/mercedes-vs-apple.jpg\" \/>\n\t<meta property=\"og:image:width\" content=\"800\" \/>\n\t<meta property=\"og:image:height\" content=\"600\" \/>\n\t<meta property=\"og:image:type\" content=\"image\/jpeg\" \/>\n<meta name=\"author\" content=\"Clicars\" \/>\n<meta name=\"twitter:card\" content=\"summary_large_image\" \/>\n<meta name=\"twitter:label1\" content=\"Escrito por\" \/>\n\t<meta name=\"twitter:data1\" content=\"Clicars\" \/>\n\t<meta name=\"twitter:label2\" content=\"Tiempo de lectura\" \/>\n\t<meta name=\"twitter:data2\" content=\"3 minutos\" \/>\n<script type=\"application\/ld+json\" class=\"yoast-schema-graph\">{\"@context\":\"https:\/\/schema.org\",\"@graph\":[{\"@type\":\"Article\",\"@id\":\"https:\/\/www.clicars.com\/blog\/actualidad\/apple-no-tomara-el-control-de-los-proximos-mercedes\/#article\",\"isPartOf\":{\"@id\":\"https:\/\/www.clicars.com\/blog\/actualidad\/apple-no-tomara-el-control-de-los-proximos-mercedes\/\"},\"author\":{\"name\":\"Clicars\",\"@id\":\"https:\/\/www.clicars.com\/blog\/#\/schema\/person\/af686c41ba96962c68871392bf2bb62d\"},\"headline\":\"Apple no tomara el control de los pr\u00f3ximos Mercedes\",\"datePublished\":\"2024-06-13T06:18:39+00:00\",\"mainEntityOfPage\":{\"@id\":\"https:\/\/www.clicars.com\/blog\/actualidad\/apple-no-tomara-el-control-de-los-proximos-mercedes\/\"},\"wordCount\":519,\"image\":{\"@id\":\"https:\/\/www.clicars.com\/blog\/actualidad\/apple-no-tomara-el-control-de-los-proximos-mercedes\/#primaryimage\"},\"thumbnailUrl\":\"https:\/\/www.clicars.com\/blog\/wp-content\/uploads\/2024\/06\/mercedes-vs-apple.jpg\",\"articleSection\":[\"Actualidad\"],\"inLanguage\":\"es\"},{\"@type\":[\"WebPage\",\"ItemPage\"],\"@id\":\"https:\/\/www.clicars.com\/blog\/actualidad\/apple-no-tomara-el-control-de-los-proximos-mercedes\/\",\"url\":\"https:\/\/www.clicars.com\/blog\/actualidad\/apple-no-tomara-el-control-de-los-proximos-mercedes\/\",\"name\":\"Apple no tomara el control de los pr\u00f3ximos Mercedes - Clicars Blog\",\"isPartOf\":{\"@id\":\"https:\/\/www.clicars.com\/blog\/#website\"},\"primaryImageOfPage\":{\"@id\":\"https:\/\/www.clicars.com\/blog\/actualidad\/apple-no-tomara-el-control-de-los-proximos-mercedes\/#primaryimage\"},\"image\":{\"@id\":\"https:\/\/www.clicars.com\/blog\/actualidad\/apple-no-tomara-el-control-de-los-proximos-mercedes\/#primaryimage\"},\"thumbnailUrl\":\"https:\/\/www.clicars.com\/blog\/wp-content\/uploads\/2024\/06\/mercedes-vs-apple.jpg\",\"datePublished\":\"2024-06-13T06:18:39+00:00\",\"author\":{\"@id\":\"https:\/\/www.clicars.com\/blog\/#\/schema\/person\/af686c41ba96962c68871392bf2bb62d\"},\"description\":\"\u25b7 Apple sigue desarrollando sistemas m\u00e1s complejos para los coches. Pero parece que no todas las marcas quieren subirse al carro.\",\"breadcrumb\":{\"@id\":\"https:\/\/www.clicars.com\/blog\/actualidad\/apple-no-tomara-el-control-de-los-proximos-mercedes\/#breadcrumb\"},\"inLanguage\":\"es\",\"potentialAction\":[{\"@type\":\"ReadAction\",\"target\":[\"https:\/\/www.clicars.com\/blog\/actualidad\/apple-no-tomara-el-control-de-los-proximos-mercedes\/\"]}]},{\"@type\":\"ImageObject\",\"inLanguage\":\"es\",\"@id\":\"https:\/\/www.clicars.com\/blog\/actualidad\/apple-no-tomara-el-control-de-los-proximos-mercedes\/#primaryimage\",\"url\":\"https:\/\/www.clicars.com\/blog\/wp-content\/uploads\/2024\/06\/mercedes-vs-apple.jpg\",\"contentUrl\":\"https:\/\/www.clicars.com\/blog\/wp-content\/uploads\/2024\/06\/mercedes-vs-apple.jpg\",\"width\":800,\"height\":600,\"caption\":\"mercedes vs apple\"},{\"@type\":\"BreadcrumbList\",\"@id\":\"https:\/\/www.clicars.com\/blog\/actualidad\/apple-no-tomara-el-control-de-los-proximos-mercedes\/#breadcrumb\",\"itemListElement\":[{\"@type\":\"ListItem\",\"position\":1,\"name\":\"Portada\",\"item\":\"https:\/\/www.clicars.com\/blog\/\"},{\"@type\":\"ListItem\",\"position\":2,\"name\":\"Apple no tomara el control de los pr\u00f3ximos Mercedes\"}]},{\"@type\":\"WebSite\",\"@id\":\"https:\/\/www.clicars.com\/blog\/#website\",\"url\":\"https:\/\/www.clicars.com\/blog\/\",\"name\":\"Clicars\",\"description\":\"Compra tu coche de Buena Mano sin moverte de casa\",\"inLanguage\":\"es\"},{\"@type\":\"Person\",\"@id\":\"https:\/\/www.clicars.com\/blog\/#\/schema\/person\/af686c41ba96962c68871392bf2bb62d\",\"name\":\"Clicars\",\"image\":{\"@type\":\"ImageObject\",\"inLanguage\":\"es\",\"@id\":\"https:\/\/www.clicars.com\/blog\/#\/schema\/person\/image\/\",\"url\":\"https:\/\/secure.gravatar.com\/avatar\/3100622b0023049db14165cdba9dadaa9159743b871e83e440a0df9a70f80e56?s=96&d=mm&r=g\",\"contentUrl\":\"https:\/\/secure.gravatar.com\/avatar\/3100622b0023049db14165cdba9dadaa9159743b871e83e440a0df9a70f80e56?s=96&d=mm&r=g\",\"caption\":\"Clicars\"},\"sameAs\":[\"https:\/\/www.clicars.com\"],\"url\":\"https:\/\/www.clicars.com\/blog\/author\/clicars\/\"}]}<\/script>\n<!-- \/ Yoast SEO plugin. -->","yoast_head_json":{"title":"Apple no tomara el control de los pr\u00f3ximos Mercedes - Clicars Blog","description":"\u25b7 Apple sigue desarrollando sistemas m\u00e1s complejos para los coches. Pero parece que no todas las marcas quieren subirse al carro.","robots":{"index":"index","follow":"follow","max-snippet":"max-snippet:-1","max-image-preview":"max-image-preview:large","max-video-preview":"max-video-preview:-1"},"canonical":"https:\/\/www.clicars.com\/blog\/actualidad\/apple-no-tomara-el-control-de-los-proximos-mercedes\/","og_locale":"es_ES","og_type":"article","og_title":"Apple no tomara el control de los pr\u00f3ximos Mercedes - Clicars Blog","og_description":"\u25b7 Apple sigue desarrollando sistemas m\u00e1s complejos para los coches. Pero parece que no todas las marcas quieren subirse al carro.","og_url":"https:\/\/www.clicars.com\/blog\/actualidad\/apple-no-tomara-el-control-de-los-proximos-mercedes\/","og_site_name":"Clicars","article_published_time":"2024-06-13T06:18:39+00:00","og_image":[{"width":800,"height":600,"url":"https:\/\/www.clicars.com\/blog\/wp-content\/uploads\/2024\/06\/mercedes-vs-apple.jpg","type":"image\/jpeg"}],"author":"Clicars","twitter_card":"summary_large_image","twitter_misc":{"Escrito por":"Clicars","Tiempo de lectura":"3 minutos"},"schema":{"@context":"https:\/\/schema.org","@graph":[{"@type":"Article","@id":"https:\/\/www.clicars.com\/blog\/actualidad\/apple-no-tomara-el-control-de-los-proximos-mercedes\/#article","isPartOf":{"@id":"https:\/\/www.clicars.com\/blog\/actualidad\/apple-no-tomara-el-control-de-los-proximos-mercedes\/"},"author":{"name":"Clicars","@id":"https:\/\/www.clicars.com\/blog\/#\/schema\/person\/af686c41ba96962c68871392bf2bb62d"},"headline":"Apple no tomara el control de los pr\u00f3ximos Mercedes","datePublished":"2024-06-13T06:18:39+00:00","mainEntityOfPage":{"@id":"https:\/\/www.clicars.com\/blog\/actualidad\/apple-no-tomara-el-control-de-los-proximos-mercedes\/"},"wordCount":519,"image":{"@id":"https:\/\/www.clicars.com\/blog\/actualidad\/apple-no-tomara-el-control-de-los-proximos-mercedes\/#primaryimage"},"thumbnailUrl":"https:\/\/www.clicars.com\/blog\/wp-content\/uploads\/2024\/06\/mercedes-vs-apple.jpg","articleSection":["Actualidad"],"inLanguage":"es"},{"@type":["WebPage","ItemPage"],"@id":"https:\/\/www.clicars.com\/blog\/actualidad\/apple-no-tomara-el-control-de-los-proximos-mercedes\/","url":"https:\/\/www.clicars.com\/blog\/actualidad\/apple-no-tomara-el-control-de-los-proximos-mercedes\/","name":"Apple no tomara el control de los pr\u00f3ximos Mercedes - Clicars Blog","isPartOf":{"@id":"https:\/\/www.clicars.com\/blog\/#website"},"primaryImageOfPage":{"@id":"https:\/\/www.clicars.com\/blog\/actualidad\/apple-no-tomara-el-control-de-los-proximos-mercedes\/#primaryimage"},"image":{"@id":"https:\/\/www.clicars.com\/blog\/actualidad\/apple-no-tomara-el-control-de-los-proximos-mercedes\/#primaryimage"},"thumbnailUrl":"https:\/\/www.clicars.com\/blog\/wp-content\/uploads\/2024\/06\/mercedes-vs-apple.jpg","datePublished":"2024-06-13T06:18:39+00:00","author":{"@id":"https:\/\/www.clicars.com\/blog\/#\/schema\/person\/af686c41ba96962c68871392bf2bb62d"},"description":"\u25b7 Apple sigue desarrollando sistemas m\u00e1s complejos para los coches. Pero parece que no todas las marcas quieren subirse al carro.","breadcrumb":{"@id":"https:\/\/www.clicars.com\/blog\/actualidad\/apple-no-tomara-el-control-de-los-proximos-mercedes\/#breadcrumb"},"inLanguage":"es","potentialAction":[{"@type":"ReadAction","target":["https:\/\/www.clicars.com\/blog\/actualidad\/apple-no-tomara-el-control-de-los-proximos-mercedes\/"]}]},{"@type":"ImageObject","inLanguage":"es","@id":"https:\/\/www.clicars.com\/blog\/actualidad\/apple-no-tomara-el-control-de-los-proximos-mercedes\/#primaryimage","url":"https:\/\/www.clicars.com\/blog\/wp-content\/uploads\/2024\/06\/mercedes-vs-apple.jpg","contentUrl":"https:\/\/www.clicars.com\/blog\/wp-content\/uploads\/2024\/06\/mercedes-vs-apple.jpg","width":800,"height":600,"caption":"mercedes vs apple"},{"@type":"BreadcrumbList","@id":"https:\/\/www.clicars.com\/blog\/actualidad\/apple-no-tomara-el-control-de-los-proximos-mercedes\/#breadcrumb","itemListElement":[{"@type":"ListItem","position":1,"name":"Portada","item":"https:\/\/www.clicars.com\/blog\/"},{"@type":"ListItem","position":2,"name":"Apple no tomara el control de los pr\u00f3ximos Mercedes"}]},{"@type":"WebSite","@id":"https:\/\/www.clicars.com\/blog\/#website","url":"https:\/\/www.clicars.com\/blog\/","name":"Clicars","description":"Compra tu coche de Buena Mano sin moverte de casa","inLanguage":"es"},{"@type":"Person","@id":"https:\/\/www.clicars.com\/blog\/#\/schema\/person\/af686c41ba96962c68871392bf2bb62d","name":"Clicars","image":{"@type":"ImageObject","inLanguage":"es","@id":"https:\/\/www.clicars.com\/blog\/#\/schema\/person\/image\/","url":"https:\/\/secure.gravatar.com\/avatar\/3100622b0023049db14165cdba9dadaa9159743b871e83e440a0df9a70f80e56?s=96&d=mm&r=g","contentUrl":"https:\/\/secure.gravatar.com\/avatar\/3100622b0023049db14165cdba9dadaa9159743b871e83e440a0df9a70f80e56?s=96&d=mm&r=g","caption":"Clicars"},"sameAs":["https:\/\/www.clicars.com"],"url":"https:\/\/www.clicars.com\/blog\/author\/clicars\/"}]}},"_links":{"self":[{"href":"https:\/\/www.clicars.com\/blog\/wp-json\/wp\/v2\/posts\/12999","targetHints":{"allow":["GET"]}}],"collection":[{"href":"https:\/\/www.clicars.com\/blog\/wp-json\/wp\/v2\/posts"}],"about":[{"href":"https:\/\/www.clicars.com\/blog\/wp-json\/wp\/v2\/types\/post"}],"author":[{"embeddable":true,"href":"https:\/\/www.clicars.com\/blog\/wp-json\/wp\/v2\/users\/2"}],"replies":[{"embeddable":true,"href":"https:\/\/www.clicars.com\/blog\/wp-json\/wp\/v2\/comments?post=12999"}],"version-history":[{"count":2,"href":"https:\/\/www.clicars.com\/blog\/wp-json\/wp\/v2\/posts\/12999\/revisions"}],"predecessor-version":[{"id":13003,"href":"https:\/\/www.clicars.com\/blog\/wp-json\/wp\/v2\/posts\/12999\/revisions\/13003"}],"wp:featuredmedia":[{"embeddable":true,"href":"https:\/\/www.clicars.com\/blog\/wp-json\/wp\/v2\/media\/13000"}],"wp:attachment":[{"href":"https:\/\/www.clicars.com\/blog\/wp-json\/wp\/v2\/media?parent=12999"}],"wp:term":[{"taxonomy":"category","embeddable":true,"href":"https:\/\/www.clicars.com\/blog\/wp-json\/wp\/v2\/categories?post=12999"},{"taxonomy":"post_tag","embeddable":true,"href":"https:\/\/www.clicars.com\/blog\/wp-json\/wp\/v2\/tags?post=12999"}],"curies":[{"name":"wp","href":"https:\/\/api.w.org\/{rel}","templated":true}]}}