{"id":13038,"date":"2024-06-25T13:22:44","date_gmt":"2024-06-25T11:22:44","guid":{"rendered":"https:\/\/www.clicars.com\/blog\/?p=13038"},"modified":"2024-06-25T13:22:44","modified_gmt":"2024-06-25T11:22:44","slug":"seat-esta-de-celebracion-el-mitico-ibiza-cumple-40-anos","status":"publish","type":"post","link":"https:\/\/www.clicars.com\/blog\/actualidad\/seat-esta-de-celebracion-el-mitico-ibiza-cumple-40-anos\/","title":{"rendered":"Seat est\u00e1 de celebraci\u00f3n: el m\u00edtico Ibiza cumple 40 a\u00f1os"},"content":{"rendered":"<div id=\"ez-toc-container\" class=\"ez-toc-v2_0_80 counter-hierarchy ez-toc-counter ez-toc-light-blue ez-toc-container-direction\">\n<p class=\"ez-toc-title\" style=\"cursor:inherit\">\u00cdndice de contenidos<\/p>\n<label for=\"ez-toc-cssicon-toggle-item-69f499d0c6af5\" class=\"ez-toc-cssicon-toggle-label\"><span class=\"ez-toc-cssicon\"><span class=\"eztoc-hide\" style=\"display:none;\">Toggle<\/span><span class=\"ez-toc-icon-toggle-span\"><svg style=\"fill: #999;color:#999\" xmlns=\"http:\/\/www.w3.org\/2000\/svg\" class=\"list-377408\" width=\"20px\" height=\"20px\" viewBox=\"0 0 24 24\" fill=\"none\"><path d=\"M6 6H4v2h2V6zm14 0H8v2h12V6zM4 11h2v2H4v-2zm16 0H8v2h12v-2zM4 16h2v2H4v-2zm16 0H8v2h12v-2z\" fill=\"currentColor\"><\/path><\/svg><svg style=\"fill: #999;color:#999\" class=\"arrow-unsorted-368013\" xmlns=\"http:\/\/www.w3.org\/2000\/svg\" width=\"10px\" height=\"10px\" viewBox=\"0 0 24 24\" version=\"1.2\" baseProfile=\"tiny\"><path d=\"M18.2 9.3l-6.2-6.3-6.2 6.3c-.2.2-.3.4-.3.7s.1.5.3.7c.2.2.4.3.7.3h11c.3 0 .5-.1.7-.3.2-.2.3-.5.3-.7s-.1-.5-.3-.7zM5.8 14.7l6.2 6.3 6.2-6.3c.2-.2.3-.5.3-.7s-.1-.5-.3-.7c-.2-.2-.4-.3-.7-.3h-11c-.3 0-.5.1-.7.3-.2.2-.3.5-.3.7s.1.5.3.7z\"\/><\/svg><\/span><\/span><\/label><input type=\"checkbox\"  id=\"ez-toc-cssicon-toggle-item-69f499d0c6af5\"  aria-label=\"Alternar\" \/><nav><ul class='ez-toc-list ez-toc-list-level-1 ' ><li class='ez-toc-page-1 ez-toc-heading-level-2'><a class=\"ez-toc-link ez-toc-heading-1\" href=\"https:\/\/www.clicars.com\/blog\/actualidad\/seat-esta-de-celebracion-el-mitico-ibiza-cumple-40-anos\/#Primeros_pasos_del_Seat_Ibiza\" >Primeros pasos del Seat Ibiza<\/a><\/li><li class='ez-toc-page-1 ez-toc-heading-level-2'><a class=\"ez-toc-link ez-toc-heading-2\" href=\"https:\/\/www.clicars.com\/blog\/actualidad\/seat-esta-de-celebracion-el-mitico-ibiza-cumple-40-anos\/#Un_Ibiza_muy_real\" >Un Ibiza muy real<\/a><\/li><li class='ez-toc-page-1 ez-toc-heading-level-2'><a class=\"ez-toc-link ez-toc-heading-3\" href=\"https:\/\/www.clicars.com\/blog\/actualidad\/seat-esta-de-celebracion-el-mitico-ibiza-cumple-40-anos\/#El_buque_insignia_del_Ibiza\" >El buque insignia del Ibiza<\/a><\/li><li class='ez-toc-page-1 ez-toc-heading-level-2'><a class=\"ez-toc-link ez-toc-heading-4\" href=\"https:\/\/www.clicars.com\/blog\/actualidad\/seat-esta-de-celebracion-el-mitico-ibiza-cumple-40-anos\/#Exito_en_competicion\" >\u00c9xito en competici\u00f3n<\/a><\/li><li class='ez-toc-page-1 ez-toc-heading-level-2'><a class=\"ez-toc-link ez-toc-heading-5\" href=\"https:\/\/www.clicars.com\/blog\/actualidad\/seat-esta-de-celebracion-el-mitico-ibiza-cumple-40-anos\/#Un_legado_duradero\" >Un legado duradero<\/a><\/li><\/ul><\/nav><\/div>\n\n<p><span style=\"font-weight: 400;\">Seat est\u00e1 de celebraci\u00f3n y aunque<\/span><b> la historia de ese m\u00edtico Ibiza comenz\u00f3 hace 40 a\u00f1os, <\/b><span style=\"font-weight: 400;\">anteriormente la marca espa\u00f1ola comenz\u00f3 su aventura en el mundo de la automoci\u00f3n con un hito hist\u00f3rico. En 1950 Seat lleg\u00f3 para hacer historia y se convirti\u00f3 en el <\/span><b>primer fabricante de turismos en Espa\u00f1a<\/b><span style=\"font-weight: 400;\"> para, a d\u00eda de hoy, tener reconocimiento a nivel mundial. Esa peque\u00f1a producci\u00f3n que comenz\u00f3 con 10.000 veh\u00edculos por a\u00f1o, fue creciendo con el paso del tiempo e<\/span><b> hizo del Seat 600 su primer modelo ic\u00f3nico.\u00a0<\/b><\/p>\n<p><span style=\"font-weight: 400;\">Con el 600 naci\u00f3 una estrella y fue el momento de dar un paso m\u00e1s en el mundo de la automoci\u00f3n. Porque comenz\u00f3 a aumentar la demanda internacional hasta alcanzar m\u00e1s de un mill\u00f3n de unidades, que tuvieron como resultado un coche hist\u00f3rico: <\/span><b>el Ibiza.<\/b><span style=\"font-weight: 400;\"> Este modelo se impuso en el mercado de los coches urbanos compactos y con \u00e9l, <\/span><b>Seat se convirti\u00f3 en parte de la familia Volkswagen<\/b><span style=\"font-weight: 400;\"> para asegurar su futuro y supervivencia en la industria. El grupo VW se hizo con el 75% de la compa\u00f1\u00eda espa\u00f1ola, que dos a\u00f1os antes (1984) hab\u00eda lanzado el Ibiza como carta de presentaci\u00f3n para convencer de que hab\u00edan llegado para quedarse.<\/span><\/p>\n<p><b>El Ibiza fue uno de esos modelos que trascienden en el tiempo<\/b><span style=\"font-weight: 400;\"> y dejan una huella imborrable en la historia del sector. Y lo hizo cautivando a conductores de todo el mundo, para celebrar ahora <\/span><b>40 a\u00f1os de historia<\/b><span style=\"font-weight: 400;\"> como uno de los pilares de la industria automotriz espa\u00f1ola, que comenz\u00f3 a hacer historia en <\/span><b>la planta de Zona Franca el 27 de abril de 1984. <\/b><span style=\"font-weight: 400;\">Porque este modelo fue el primero que desarroll\u00f3 \u00edntegramente por su cuenta la marca espa\u00f1ola y al mismo tiempo, el pionero de su expansi\u00f3n internacional.\u00a0<\/span><\/p>\n<h2><span style=\"font-weight: 400;\"><img loading=\"lazy\" decoding=\"async\" class=\"aligncenter size-full wp-image-13040\" src=\"https:\/\/www.clicars.com\/blog\/wp-content\/uploads\/2024\/06\/seat-ibiza-modelo.jpg\" alt=\"Seat Ibiza Modelo\" width=\"900\" height=\"600\" \/><\/span><\/h2>\n<h2><span class=\"ez-toc-section\" id=\"Primeros_pasos_del_Seat_Ibiza\"><\/span><span style=\"font-weight: 400;\">Primeros pasos del Seat Ibiza<\/span><span class=\"ez-toc-section-end\"><\/span><\/h2>\n<p><span style=\"font-weight: 400;\">Desde sus inicios, el Seat Ibiza se destac\u00f3 por<\/span><b> su innovaci\u00f3n y su capacidad<\/b><span style=\"font-weight: 400;\"> para adaptarse a las cambiantes demandas del mercado. Para su debut en el mercado colabor\u00f3 con firmas de renombre como Italdesing, que se encarg\u00f3 del dise\u00f1o, o <\/span><b>Porsche, encargado de retocar algunas mec\u00e1nicas<\/b><span style=\"font-weight: 400;\"> que luc\u00edan orgullosas en la tapa de la culata. El Ibiza marc\u00f3 un hito con su estilo moderno y deportivo, para capturar la atenci\u00f3n de los aficionados al autom\u00f3vil en todo el mundo.<\/span><\/p>\n<p><span style=\"font-weight: 400;\">Destacaba <\/span><b>una longitud de 3,6 metros y ofrec\u00eda un notable espacio interior,<\/b><span style=\"font-weight: 400;\"> en esa carrocer\u00eda que destacaba por su gran superficie acristalada y las ruedas en los extremos. Esta primera generaci\u00f3n sali\u00f3 a la venta por unas 825.000 pesetas (que ser\u00edan el equivalente a 16.000 euros en la actualidad) y baj\u00f3 el cap\u00f3,<\/span><b> estaba dotado con motores de gasolina y di\u00e9sel que abarcaban entre 44 y 100 CV.<\/b><\/p>\n<h2><span class=\"ez-toc-section\" id=\"Un_Ibiza_muy_real\"><\/span><span style=\"font-weight: 400;\">Un Ibiza muy real<\/span><span class=\"ez-toc-section-end\"><\/span><\/h2>\n<p><span style=\"font-weight: 400;\">A lo largo de las d\u00e9cadas, el Ibiza ha experimentado numerosas actualizaciones y renovaciones. Sin embargo, la realidad es que convenci\u00f3 desde el primer momento. <\/span><b>De su primera generaci\u00f3n se comercializaron 1,29 millones de unidades. <\/b><span style=\"font-weight: 400;\">Y entre ellas siempre existi\u00f3 una muy especial: aquella que<\/span><b> el Rey Juan Carlos regal\u00f3 en 1986 a su hijo Felipe, <\/b><span style=\"font-weight: 400;\">el actual monarca, cuando estrenaba la mayor\u00eda de edad y por supuesto, tambi\u00e9n su permiso de conducir.\u00a0<\/span><\/p>\n<p><span style=\"font-weight: 400;\">Esa unidad sali\u00f3 de la f\u00e1brica pintada en<\/span><b> un color dorado especia<\/b><span style=\"font-weight: 400;\"><strong>l<\/strong>, como gui\u00f1o a la corona, y ten\u00eda m\u00faltiples detalles \u00fanicos como aletas traseras ensanchadas o un doble aler\u00f3n posterior, que <\/span><b>se mov\u00edan al comp\u00e1s de los 100 CV <\/b><span style=\"font-weight: 400;\">que ofrec\u00eda un propulsor, que en aquel momento no estaba disponible para ninguna otra de las versiones que estaban puestas a la venta.<\/span><\/p>\n<h2><span class=\"ez-toc-section\" id=\"El_buque_insignia_del_Ibiza\"><\/span><span style=\"font-weight: 400;\">El buque insignia del Ibiza<\/span><span class=\"ez-toc-section-end\"><\/span><\/h2>\n<p><span style=\"font-weight: 400;\">Hoy en d\u00eda, el Seat Ibiza contin\u00faa siendo uno de los modelos m\u00e1s populares y exitosos de la marca. Sin embargo,<\/span><b> su segunda entrega se posicion\u00f3 como una de las m\u00e1s populares de la historia<\/b><span style=\"font-weight: 400;\">. En total se fabricaron <\/span><b>1,5 millones de unidades <\/b><span style=\"font-weight: 400;\">y protagoniz\u00f3 su estreno oficial en la f\u00e1brica de Martorell en 1993. Entonces el lanzamiento ya lo hizo bajo la \u00f3rbita de VW y se convirti\u00f3 en un icono de la industria gracias a <\/span><b>sus versiones TDI <\/b><span style=\"font-weight: 400;\">que ven\u00edan con sorpresa incluida: daban mucha m\u00e1s potencia de la anunciada.\u00a0<\/span><\/p>\n<h2><span class=\"ez-toc-section\" id=\"Exito_en_competicion\"><\/span><span style=\"font-weight: 400;\">\u00c9xito en competici\u00f3n<\/span><span class=\"ez-toc-section-end\"><\/span><\/h2>\n<p><span style=\"font-weight: 400;\">Precisamente esa segunda versi\u00f3n fue <\/span><b>la base del Ibiza Kit Car con el que Seat despunt\u00f3 en el mundo de la competici\u00f3n.<\/b><span style=\"font-weight: 400;\"> Con participaci\u00f3n en diversos eventos, el colof\u00f3n definitivo para el Ibiza fue su presencia en el Mundial de Rallys, donde cosech\u00f3 numerosos \u00e9xitos y victorias. Su agilidad, potencia y fiabilidad lo convirtieron en una opci\u00f3n popular y le llev\u00f3 a <\/span><b>ganar tres Campeonatos del Mundo FIA de dos litros<\/b><span style=\"font-weight: 400;\"> (en 1996, 1997 y 1998). Y de ah\u00ed surgieron las variantes de Cupra, que a d\u00eda de hoy se ha convertido en una exitosa marca propia que tambi\u00e9n hace presencia en campeonatos mundiales como el de <\/span><b>Turismos El\u00e9ctricos o la F\u00f3rmula E.<\/b><\/p>\n<h2><span class=\"ez-toc-section\" id=\"Un_legado_duradero\"><\/span><span style=\"font-weight: 400;\">Un legado duradero<\/span><span class=\"ez-toc-section-end\"><\/span><\/h2>\n<p><span style=\"font-weight: 400;\">A lo largo de sus 40 a\u00f1os de historia,<\/span><b> el Seat Ibiza ha sido objeto de elogios y reconocimientos<\/b><span style=\"font-weight: 400;\"> por parte de la industria automotriz y los medios especializados. Actualmente se comercializa en su sexta generaci\u00f3n y acumula m\u00e1s de seis millones de veh\u00edculos fabricados. Esta entrega se ha convertido en la de mayor \u00e9xito para Seat en toda su trayectoria a lo largo de la historia y adem\u00e1s, durante varios a\u00f1os<\/span><b> fue el modelo que m\u00e1s comercializ\u00f3 la marca espa\u00f1ola en el mercado. <\/b><span style=\"font-weight: 400;\">A lo largo del tiempo present\u00f3 curiosos prototipos como un cabrio o un Ibiza el\u00e9ctrico en la segunda generaci\u00f3n, pero siempre ser\u00e1 recordado por su<\/span><b> dise\u00f1o, rendimiento y calidad, <\/b><span style=\"font-weight: 400;\">que han consolidado su reputaci\u00f3n como uno de los mejores autom\u00f3viles de su clase.<\/span><\/p>\n","protected":false},"excerpt":{"rendered":"<p>Seat est\u00e1 de celebraci\u00f3n y aunque la historia de ese m\u00edtico Ibiza comenz\u00f3 hace 40&#8230;<\/p>\n","protected":false},"author":2,"featured_media":13039,"comment_status":"closed","ping_status":"closed","sticky":false,"template":"","format":"standard","meta":{"footnotes":""},"categories":[5],"tags":[],"class_list":{"0":"post-13038","1":"post","2":"type-post","3":"status-publish","4":"format-standard","5":"has-post-thumbnail","7":"category-actualidad"},"yoast_head":"<!-- This site is optimized with the Yoast SEO plugin v26.8 - https:\/\/yoast.com\/product\/yoast-seo-wordpress\/ -->\n<title>Seat est\u00e1 de celebraci\u00f3n: el m\u00edtico Ibiza cumple 40 a\u00f1os - Clicars Blog<\/title>\n<meta name=\"description\" content=\"\u25b7 Aqu\u00ed conocer\u00e1s la historia del m\u00edtico Seat Ibiza. La marca est\u00e1 de celebraci\u00f3n porque el modelo cumple 40 a\u00f1os.\" \/>\n<meta name=\"robots\" content=\"index, follow, max-snippet:-1, max-image-preview:large, max-video-preview:-1\" \/>\n<link rel=\"canonical\" href=\"https:\/\/www.clicars.com\/blog\/actualidad\/seat-esta-de-celebracion-el-mitico-ibiza-cumple-40-anos\/\" \/>\n<meta property=\"og:locale\" content=\"es_ES\" \/>\n<meta property=\"og:type\" content=\"article\" \/>\n<meta property=\"og:title\" content=\"Seat est\u00e1 de celebraci\u00f3n: el m\u00edtico Ibiza cumple 40 a\u00f1os - Clicars Blog\" \/>\n<meta property=\"og:description\" content=\"\u25b7 Aqu\u00ed conocer\u00e1s la historia del m\u00edtico Seat Ibiza. La marca est\u00e1 de celebraci\u00f3n porque el modelo cumple 40 a\u00f1os.\" \/>\n<meta property=\"og:url\" content=\"https:\/\/www.clicars.com\/blog\/actualidad\/seat-esta-de-celebracion-el-mitico-ibiza-cumple-40-anos\/\" \/>\n<meta property=\"og:site_name\" content=\"Clicars\" \/>\n<meta property=\"article:published_time\" content=\"2024-06-25T11:22:44+00:00\" \/>\n<meta property=\"og:image\" content=\"http:\/\/www.clicars.com\/blog\/wp-content\/uploads\/2024\/06\/seat-esta-de-celebracion-el-mitico-ibiza-cumple-40-anos.jpg\" \/>\n\t<meta property=\"og:image:width\" content=\"900\" \/>\n\t<meta property=\"og:image:height\" content=\"600\" \/>\n\t<meta property=\"og:image:type\" content=\"image\/jpeg\" \/>\n<meta name=\"author\" content=\"Clicars\" \/>\n<meta name=\"twitter:card\" content=\"summary_large_image\" \/>\n<meta name=\"twitter:label1\" content=\"Escrito por\" \/>\n\t<meta name=\"twitter:data1\" content=\"Clicars\" \/>\n\t<meta name=\"twitter:label2\" content=\"Tiempo de lectura\" \/>\n\t<meta name=\"twitter:data2\" content=\"5 minutos\" \/>\n<script type=\"application\/ld+json\" class=\"yoast-schema-graph\">{\"@context\":\"https:\/\/schema.org\",\"@graph\":[{\"@type\":\"Article\",\"@id\":\"https:\/\/www.clicars.com\/blog\/actualidad\/seat-esta-de-celebracion-el-mitico-ibiza-cumple-40-anos\/#article\",\"isPartOf\":{\"@id\":\"https:\/\/www.clicars.com\/blog\/actualidad\/seat-esta-de-celebracion-el-mitico-ibiza-cumple-40-anos\/\"},\"author\":{\"name\":\"Clicars\",\"@id\":\"https:\/\/www.clicars.com\/blog\/#\/schema\/person\/af686c41ba96962c68871392bf2bb62d\"},\"headline\":\"Seat est\u00e1 de celebraci\u00f3n: el m\u00edtico Ibiza cumple 40 a\u00f1os\",\"datePublished\":\"2024-06-25T11:22:44+00:00\",\"mainEntityOfPage\":{\"@id\":\"https:\/\/www.clicars.com\/blog\/actualidad\/seat-esta-de-celebracion-el-mitico-ibiza-cumple-40-anos\/\"},\"wordCount\":996,\"image\":{\"@id\":\"https:\/\/www.clicars.com\/blog\/actualidad\/seat-esta-de-celebracion-el-mitico-ibiza-cumple-40-anos\/#primaryimage\"},\"thumbnailUrl\":\"https:\/\/www.clicars.com\/blog\/wp-content\/uploads\/2024\/06\/seat-esta-de-celebracion-el-mitico-ibiza-cumple-40-anos.jpg\",\"articleSection\":[\"Actualidad\"],\"inLanguage\":\"es\"},{\"@type\":[\"WebPage\",\"ItemPage\"],\"@id\":\"https:\/\/www.clicars.com\/blog\/actualidad\/seat-esta-de-celebracion-el-mitico-ibiza-cumple-40-anos\/\",\"url\":\"https:\/\/www.clicars.com\/blog\/actualidad\/seat-esta-de-celebracion-el-mitico-ibiza-cumple-40-anos\/\",\"name\":\"Seat est\u00e1 de celebraci\u00f3n: el m\u00edtico Ibiza cumple 40 a\u00f1os - Clicars Blog\",\"isPartOf\":{\"@id\":\"https:\/\/www.clicars.com\/blog\/#website\"},\"primaryImageOfPage\":{\"@id\":\"https:\/\/www.clicars.com\/blog\/actualidad\/seat-esta-de-celebracion-el-mitico-ibiza-cumple-40-anos\/#primaryimage\"},\"image\":{\"@id\":\"https:\/\/www.clicars.com\/blog\/actualidad\/seat-esta-de-celebracion-el-mitico-ibiza-cumple-40-anos\/#primaryimage\"},\"thumbnailUrl\":\"https:\/\/www.clicars.com\/blog\/wp-content\/uploads\/2024\/06\/seat-esta-de-celebracion-el-mitico-ibiza-cumple-40-anos.jpg\",\"datePublished\":\"2024-06-25T11:22:44+00:00\",\"author\":{\"@id\":\"https:\/\/www.clicars.com\/blog\/#\/schema\/person\/af686c41ba96962c68871392bf2bb62d\"},\"description\":\"\u25b7 Aqu\u00ed conocer\u00e1s la historia del m\u00edtico Seat Ibiza. La marca est\u00e1 de celebraci\u00f3n porque el modelo cumple 40 a\u00f1os.\",\"breadcrumb\":{\"@id\":\"https:\/\/www.clicars.com\/blog\/actualidad\/seat-esta-de-celebracion-el-mitico-ibiza-cumple-40-anos\/#breadcrumb\"},\"inLanguage\":\"es\",\"potentialAction\":[{\"@type\":\"ReadAction\",\"target\":[\"https:\/\/www.clicars.com\/blog\/actualidad\/seat-esta-de-celebracion-el-mitico-ibiza-cumple-40-anos\/\"]}]},{\"@type\":\"ImageObject\",\"inLanguage\":\"es\",\"@id\":\"https:\/\/www.clicars.com\/blog\/actualidad\/seat-esta-de-celebracion-el-mitico-ibiza-cumple-40-anos\/#primaryimage\",\"url\":\"https:\/\/www.clicars.com\/blog\/wp-content\/uploads\/2024\/06\/seat-esta-de-celebracion-el-mitico-ibiza-cumple-40-anos.jpg\",\"contentUrl\":\"https:\/\/www.clicars.com\/blog\/wp-content\/uploads\/2024\/06\/seat-esta-de-celebracion-el-mitico-ibiza-cumple-40-anos.jpg\",\"width\":900,\"height\":600,\"caption\":\"Seat est\u00e1 de celebraci\u00f3n: el m\u00edtico Seat Ibiza cumple 40 a\u00f1os\"},{\"@type\":\"BreadcrumbList\",\"@id\":\"https:\/\/www.clicars.com\/blog\/actualidad\/seat-esta-de-celebracion-el-mitico-ibiza-cumple-40-anos\/#breadcrumb\",\"itemListElement\":[{\"@type\":\"ListItem\",\"position\":1,\"name\":\"Portada\",\"item\":\"https:\/\/www.clicars.com\/blog\/\"},{\"@type\":\"ListItem\",\"position\":2,\"name\":\"Seat est\u00e1 de celebraci\u00f3n: el m\u00edtico Ibiza cumple 40 a\u00f1os\"}]},{\"@type\":\"WebSite\",\"@id\":\"https:\/\/www.clicars.com\/blog\/#website\",\"url\":\"https:\/\/www.clicars.com\/blog\/\",\"name\":\"Clicars\",\"description\":\"Compra tu coche de Buena Mano sin moverte de casa\",\"inLanguage\":\"es\"},{\"@type\":\"Person\",\"@id\":\"https:\/\/www.clicars.com\/blog\/#\/schema\/person\/af686c41ba96962c68871392bf2bb62d\",\"name\":\"Clicars\",\"image\":{\"@type\":\"ImageObject\",\"inLanguage\":\"es\",\"@id\":\"https:\/\/www.clicars.com\/blog\/#\/schema\/person\/image\/\",\"url\":\"https:\/\/secure.gravatar.com\/avatar\/3100622b0023049db14165cdba9dadaa9159743b871e83e440a0df9a70f80e56?s=96&d=mm&r=g\",\"contentUrl\":\"https:\/\/secure.gravatar.com\/avatar\/3100622b0023049db14165cdba9dadaa9159743b871e83e440a0df9a70f80e56?s=96&d=mm&r=g\",\"caption\":\"Clicars\"},\"sameAs\":[\"https:\/\/www.clicars.com\"],\"url\":\"https:\/\/www.clicars.com\/blog\/author\/clicars\/\"}]}<\/script>\n<!-- \/ Yoast SEO plugin. -->","yoast_head_json":{"title":"Seat est\u00e1 de celebraci\u00f3n: el m\u00edtico Ibiza cumple 40 a\u00f1os - Clicars Blog","description":"\u25b7 Aqu\u00ed conocer\u00e1s la historia del m\u00edtico Seat Ibiza. La marca est\u00e1 de celebraci\u00f3n porque el modelo cumple 40 a\u00f1os.","robots":{"index":"index","follow":"follow","max-snippet":"max-snippet:-1","max-image-preview":"max-image-preview:large","max-video-preview":"max-video-preview:-1"},"canonical":"https:\/\/www.clicars.com\/blog\/actualidad\/seat-esta-de-celebracion-el-mitico-ibiza-cumple-40-anos\/","og_locale":"es_ES","og_type":"article","og_title":"Seat est\u00e1 de celebraci\u00f3n: el m\u00edtico Ibiza cumple 40 a\u00f1os - Clicars Blog","og_description":"\u25b7 Aqu\u00ed conocer\u00e1s la historia del m\u00edtico Seat Ibiza. La marca est\u00e1 de celebraci\u00f3n porque el modelo cumple 40 a\u00f1os.","og_url":"https:\/\/www.clicars.com\/blog\/actualidad\/seat-esta-de-celebracion-el-mitico-ibiza-cumple-40-anos\/","og_site_name":"Clicars","article_published_time":"2024-06-25T11:22:44+00:00","og_image":[{"width":900,"height":600,"url":"http:\/\/www.clicars.com\/blog\/wp-content\/uploads\/2024\/06\/seat-esta-de-celebracion-el-mitico-ibiza-cumple-40-anos.jpg","type":"image\/jpeg"}],"author":"Clicars","twitter_card":"summary_large_image","twitter_misc":{"Escrito por":"Clicars","Tiempo de lectura":"5 minutos"},"schema":{"@context":"https:\/\/schema.org","@graph":[{"@type":"Article","@id":"https:\/\/www.clicars.com\/blog\/actualidad\/seat-esta-de-celebracion-el-mitico-ibiza-cumple-40-anos\/#article","isPartOf":{"@id":"https:\/\/www.clicars.com\/blog\/actualidad\/seat-esta-de-celebracion-el-mitico-ibiza-cumple-40-anos\/"},"author":{"name":"Clicars","@id":"https:\/\/www.clicars.com\/blog\/#\/schema\/person\/af686c41ba96962c68871392bf2bb62d"},"headline":"Seat est\u00e1 de celebraci\u00f3n: el m\u00edtico Ibiza cumple 40 a\u00f1os","datePublished":"2024-06-25T11:22:44+00:00","mainEntityOfPage":{"@id":"https:\/\/www.clicars.com\/blog\/actualidad\/seat-esta-de-celebracion-el-mitico-ibiza-cumple-40-anos\/"},"wordCount":996,"image":{"@id":"https:\/\/www.clicars.com\/blog\/actualidad\/seat-esta-de-celebracion-el-mitico-ibiza-cumple-40-anos\/#primaryimage"},"thumbnailUrl":"https:\/\/www.clicars.com\/blog\/wp-content\/uploads\/2024\/06\/seat-esta-de-celebracion-el-mitico-ibiza-cumple-40-anos.jpg","articleSection":["Actualidad"],"inLanguage":"es"},{"@type":["WebPage","ItemPage"],"@id":"https:\/\/www.clicars.com\/blog\/actualidad\/seat-esta-de-celebracion-el-mitico-ibiza-cumple-40-anos\/","url":"https:\/\/www.clicars.com\/blog\/actualidad\/seat-esta-de-celebracion-el-mitico-ibiza-cumple-40-anos\/","name":"Seat est\u00e1 de celebraci\u00f3n: el m\u00edtico Ibiza cumple 40 a\u00f1os - Clicars Blog","isPartOf":{"@id":"https:\/\/www.clicars.com\/blog\/#website"},"primaryImageOfPage":{"@id":"https:\/\/www.clicars.com\/blog\/actualidad\/seat-esta-de-celebracion-el-mitico-ibiza-cumple-40-anos\/#primaryimage"},"image":{"@id":"https:\/\/www.clicars.com\/blog\/actualidad\/seat-esta-de-celebracion-el-mitico-ibiza-cumple-40-anos\/#primaryimage"},"thumbnailUrl":"https:\/\/www.clicars.com\/blog\/wp-content\/uploads\/2024\/06\/seat-esta-de-celebracion-el-mitico-ibiza-cumple-40-anos.jpg","datePublished":"2024-06-25T11:22:44+00:00","author":{"@id":"https:\/\/www.clicars.com\/blog\/#\/schema\/person\/af686c41ba96962c68871392bf2bb62d"},"description":"\u25b7 Aqu\u00ed conocer\u00e1s la historia del m\u00edtico Seat Ibiza. La marca est\u00e1 de celebraci\u00f3n porque el modelo cumple 40 a\u00f1os.","breadcrumb":{"@id":"https:\/\/www.clicars.com\/blog\/actualidad\/seat-esta-de-celebracion-el-mitico-ibiza-cumple-40-anos\/#breadcrumb"},"inLanguage":"es","potentialAction":[{"@type":"ReadAction","target":["https:\/\/www.clicars.com\/blog\/actualidad\/seat-esta-de-celebracion-el-mitico-ibiza-cumple-40-anos\/"]}]},{"@type":"ImageObject","inLanguage":"es","@id":"https:\/\/www.clicars.com\/blog\/actualidad\/seat-esta-de-celebracion-el-mitico-ibiza-cumple-40-anos\/#primaryimage","url":"https:\/\/www.clicars.com\/blog\/wp-content\/uploads\/2024\/06\/seat-esta-de-celebracion-el-mitico-ibiza-cumple-40-anos.jpg","contentUrl":"https:\/\/www.clicars.com\/blog\/wp-content\/uploads\/2024\/06\/seat-esta-de-celebracion-el-mitico-ibiza-cumple-40-anos.jpg","width":900,"height":600,"caption":"Seat est\u00e1 de celebraci\u00f3n: el m\u00edtico Seat Ibiza cumple 40 a\u00f1os"},{"@type":"BreadcrumbList","@id":"https:\/\/www.clicars.com\/blog\/actualidad\/seat-esta-de-celebracion-el-mitico-ibiza-cumple-40-anos\/#breadcrumb","itemListElement":[{"@type":"ListItem","position":1,"name":"Portada","item":"https:\/\/www.clicars.com\/blog\/"},{"@type":"ListItem","position":2,"name":"Seat est\u00e1 de celebraci\u00f3n: el m\u00edtico Ibiza cumple 40 a\u00f1os"}]},{"@type":"WebSite","@id":"https:\/\/www.clicars.com\/blog\/#website","url":"https:\/\/www.clicars.com\/blog\/","name":"Clicars","description":"Compra tu coche de Buena Mano sin moverte de casa","inLanguage":"es"},{"@type":"Person","@id":"https:\/\/www.clicars.com\/blog\/#\/schema\/person\/af686c41ba96962c68871392bf2bb62d","name":"Clicars","image":{"@type":"ImageObject","inLanguage":"es","@id":"https:\/\/www.clicars.com\/blog\/#\/schema\/person\/image\/","url":"https:\/\/secure.gravatar.com\/avatar\/3100622b0023049db14165cdba9dadaa9159743b871e83e440a0df9a70f80e56?s=96&d=mm&r=g","contentUrl":"https:\/\/secure.gravatar.com\/avatar\/3100622b0023049db14165cdba9dadaa9159743b871e83e440a0df9a70f80e56?s=96&d=mm&r=g","caption":"Clicars"},"sameAs":["https:\/\/www.clicars.com"],"url":"https:\/\/www.clicars.com\/blog\/author\/clicars\/"}]}},"_links":{"self":[{"href":"https:\/\/www.clicars.com\/blog\/wp-json\/wp\/v2\/posts\/13038","targetHints":{"allow":["GET"]}}],"collection":[{"href":"https:\/\/www.clicars.com\/blog\/wp-json\/wp\/v2\/posts"}],"about":[{"href":"https:\/\/www.clicars.com\/blog\/wp-json\/wp\/v2\/types\/post"}],"author":[{"embeddable":true,"href":"https:\/\/www.clicars.com\/blog\/wp-json\/wp\/v2\/users\/2"}],"replies":[{"embeddable":true,"href":"https:\/\/www.clicars.com\/blog\/wp-json\/wp\/v2\/comments?post=13038"}],"version-history":[{"count":3,"href":"https:\/\/www.clicars.com\/blog\/wp-json\/wp\/v2\/posts\/13038\/revisions"}],"predecessor-version":[{"id":13043,"href":"https:\/\/www.clicars.com\/blog\/wp-json\/wp\/v2\/posts\/13038\/revisions\/13043"}],"wp:featuredmedia":[{"embeddable":true,"href":"https:\/\/www.clicars.com\/blog\/wp-json\/wp\/v2\/media\/13039"}],"wp:attachment":[{"href":"https:\/\/www.clicars.com\/blog\/wp-json\/wp\/v2\/media?parent=13038"}],"wp:term":[{"taxonomy":"category","embeddable":true,"href":"https:\/\/www.clicars.com\/blog\/wp-json\/wp\/v2\/categories?post=13038"},{"taxonomy":"post_tag","embeddable":true,"href":"https:\/\/www.clicars.com\/blog\/wp-json\/wp\/v2\/tags?post=13038"}],"curies":[{"name":"wp","href":"https:\/\/api.w.org\/{rel}","templated":true}]}}