{"id":13044,"date":"2024-06-28T15:14:35","date_gmt":"2024-06-28T13:14:35","guid":{"rendered":"https:\/\/www.clicars.com\/blog\/?p=13044"},"modified":"2024-06-28T15:14:35","modified_gmt":"2024-06-28T13:14:35","slug":"conoce-el-interior-y-el-espacio-del-maletero-del-opel-corsa","status":"publish","type":"post","link":"https:\/\/www.clicars.com\/blog\/curiosidades\/conoce-el-interior-y-el-espacio-del-maletero-del-opel-corsa\/","title":{"rendered":"Conoce el interior y el espacio del maletero del Opel Corsa"},"content":{"rendered":"<div id=\"ez-toc-container\" class=\"ez-toc-v2_0_80 counter-hierarchy ez-toc-counter ez-toc-light-blue ez-toc-container-direction\">\n<p class=\"ez-toc-title\" style=\"cursor:inherit\">\u00cdndice de contenidos<\/p>\n<label for=\"ez-toc-cssicon-toggle-item-69f3bd4898004\" class=\"ez-toc-cssicon-toggle-label\"><span class=\"ez-toc-cssicon\"><span class=\"eztoc-hide\" style=\"display:none;\">Toggle<\/span><span class=\"ez-toc-icon-toggle-span\"><svg style=\"fill: #999;color:#999\" xmlns=\"http:\/\/www.w3.org\/2000\/svg\" class=\"list-377408\" width=\"20px\" height=\"20px\" viewBox=\"0 0 24 24\" fill=\"none\"><path d=\"M6 6H4v2h2V6zm14 0H8v2h12V6zM4 11h2v2H4v-2zm16 0H8v2h12v-2zM4 16h2v2H4v-2zm16 0H8v2h12v-2z\" fill=\"currentColor\"><\/path><\/svg><svg style=\"fill: #999;color:#999\" class=\"arrow-unsorted-368013\" xmlns=\"http:\/\/www.w3.org\/2000\/svg\" width=\"10px\" height=\"10px\" viewBox=\"0 0 24 24\" version=\"1.2\" baseProfile=\"tiny\"><path d=\"M18.2 9.3l-6.2-6.3-6.2 6.3c-.2.2-.3.4-.3.7s.1.5.3.7c.2.2.4.3.7.3h11c.3 0 .5-.1.7-.3.2-.2.3-.5.3-.7s-.1-.5-.3-.7zM5.8 14.7l6.2 6.3 6.2-6.3c.2-.2.3-.5.3-.7s-.1-.5-.3-.7c-.2-.2-.4-.3-.7-.3h-11c-.3 0-.5.1-.7.3-.2.2-.3.5-.3.7s.1.5.3.7z\"\/><\/svg><\/span><\/span><\/label><input type=\"checkbox\"  id=\"ez-toc-cssicon-toggle-item-69f3bd4898004\"  aria-label=\"Alternar\" \/><nav><ul class='ez-toc-list ez-toc-list-level-1 ' ><li class='ez-toc-page-1 ez-toc-heading-level-2'><a class=\"ez-toc-link ez-toc-heading-1\" href=\"https:\/\/www.clicars.com\/blog\/curiosidades\/conoce-el-interior-y-el-espacio-del-maletero-del-opel-corsa\/#Diseno_y_materiales_del_interior\" >Dise\u00f1o y materiales del interior<\/a><\/li><li class='ez-toc-page-1 ez-toc-heading-level-2'><a class=\"ez-toc-link ez-toc-heading-2\" href=\"https:\/\/www.clicars.com\/blog\/curiosidades\/conoce-el-interior-y-el-espacio-del-maletero-del-opel-corsa\/#Comodidad_y_ergonomia\" >Comodidad y ergonom\u00eda<\/a><\/li><li class='ez-toc-page-1 ez-toc-heading-level-2'><a class=\"ez-toc-link ez-toc-heading-3\" href=\"https:\/\/www.clicars.com\/blog\/curiosidades\/conoce-el-interior-y-el-espacio-del-maletero-del-opel-corsa\/#Tecnologia_y_caracteristicas_interiores\" >Tecnolog\u00eda y caracter\u00edsticas interiores<\/a><\/li><li class='ez-toc-page-1 ez-toc-heading-level-2'><a class=\"ez-toc-link ez-toc-heading-4\" href=\"https:\/\/www.clicars.com\/blog\/curiosidades\/conoce-el-interior-y-el-espacio-del-maletero-del-opel-corsa\/#Espacio_del_maletero\" >Espacio del maletero<\/a><\/li><li class='ez-toc-page-1 ez-toc-heading-level-2'><a class=\"ez-toc-link ez-toc-heading-5\" href=\"https:\/\/www.clicars.com\/blog\/curiosidades\/conoce-el-interior-y-el-espacio-del-maletero-del-opel-corsa\/#Experiencia_de_usuario\" >Experiencia de usuario<\/a><\/li><li class='ez-toc-page-1 ez-toc-heading-level-2'><a class=\"ez-toc-link ez-toc-heading-6\" href=\"https:\/\/www.clicars.com\/blog\/curiosidades\/conoce-el-interior-y-el-espacio-del-maletero-del-opel-corsa\/#Comparacion_con_la_competencia\" >Comparaci\u00f3n con la competencia<\/a><\/li><\/ul><\/nav><\/div>\n\n<p><span style=\"font-weight: 400;\">El <\/span><a href=\"https:\/\/www.clicars.com\/coches-segunda-mano-ocasion\/opel\/corsa\"><span style=\"font-weight: 400;\">Opel Corsa<\/span><\/a><span style=\"font-weight: 400;\"> ha sido durante mucho tiempo <\/span><b>un competidor destacado en el segmento de los urbanitas<\/b><span style=\"font-weight: 400;\">, gan\u00e1ndose un lugar en el coraz\u00f3n de los conductores por su combinaci\u00f3n de estilo, rendimiento y practicidad. Como uno de los modelos m\u00e1s populares de Opel, el Corsa ha evolucionado a lo largo de los a\u00f1os para adaptarse a las necesidades cambiantes de los conductores urbanos y suburbanos.<\/span><\/p>\n<p><span style=\"font-weight: 400;\">Una de las caracter\u00edsticas m\u00e1s importantes a considerar al elegir un autom\u00f3vil como el Opel Corsa es <\/span><b>su interior y espacio de carga<\/b><span style=\"font-weight: 400;\">. Aunque pueda parecer un aspecto secundario para algunos, el dise\u00f1o y la utilidad del interior marcan una gran diferencia en la comodidad y la conveniencia de tu experiencia de conducci\u00f3n. Al examinar el interior del Corsa, encontrar\u00e1s un dise\u00f1o moderno y funcional que ofrece comodidad tanto para el conductor como para los pasajeros.\u00a0<\/span><\/p>\n<p><span style=\"font-weight: 400;\">Desde asientos ergon\u00f3micos (un sello de la firma del rayo) hasta tecnolog\u00eda intuitiva y una disposici\u00f3n inteligente de los controles, el Corsa est\u00e1 dise\u00f1ado para hacer que cada viaje sea agradable y sin complicaciones. Adem\u00e1s, el espacio de carga es otro aspecto a destacar. A pesar de su <\/span><b>tama\u00f1o compacto<\/b><span style=\"font-weight: 400;\">, el Corsa ofrece un generoso espacio de carga en su maletero, lo que lo convierte en un compa\u00f1ero ideal para viajes largos, compras o actividades recreativas.\u00a0<\/span><\/p>\n<h2><span class=\"ez-toc-section\" id=\"Diseno_y_materiales_del_interior\"><\/span><span style=\"font-weight: 400;\">Dise\u00f1o y materiales del interior<\/span><span class=\"ez-toc-section-end\"><\/span><\/h2>\n<p><span style=\"font-weight: 400;\">El dise\u00f1o interior del Opel Corsa refleja una combinaci\u00f3n de <\/span><b>estilo contempor\u00e1neo<\/b><span style=\"font-weight: 400;\"> y de una <\/span><b>apropiada funcionalidad y calidad<\/b><span style=\"font-weight: 400;\"> en sus ajustes, al menos si lo comparamos con el resto de sus predecesores. Si bien los materiales son los propios de un coche del segmento B con ra\u00edces francesas (recordar que el \u00faltimo Opel Corsa se gest\u00f3 bajo el paraguas de Stellantis, compartiendo plataforma con el <\/span><span style=\"font-weight: 400;\">Peugeot 208<\/span><span style=\"font-weight: 400;\">), en general, las terminaciones son buenas.<\/span><\/p>\n<p><span style=\"font-weight: 400;\">Fuera de las variantes de acceso, el Opel Corsa puede contar con suaves tejidos de tela y de cuero y acabados en cromo que buscan <\/span><b>crear un ambiente <\/b><b><i>premium<\/i><\/b> <span style=\"font-weight: 400;\">entre tanto pl\u00e1stico duro. Los paneles de instrumentos y las molduras interiores se presentan en una variedad de acabados, desde texturas modernas hasta elegantes tonos satinados, para adaptarse a diferentes gustos y estilos. Asimismo, cuenta con varias opciones de personalizaci\u00f3n y hasta con un acabado de orientaci\u00f3n deportiva (GS).<\/span><\/p>\n<p>&nbsp;<\/p>\n<h2><span style=\"font-weight: 400;\"><img loading=\"lazy\" decoding=\"async\" class=\"aligncenter size-full wp-image-13048\" src=\"https:\/\/www.clicars.com\/blog\/wp-content\/uploads\/2024\/06\/opel-corsa-interior.jpg\" alt=\"Opel Corsa Interior\" width=\"900\" height=\"600\" \/><\/span><\/h2>\n<h2><span class=\"ez-toc-section\" id=\"Comodidad_y_ergonomia\"><\/span><span style=\"font-weight: 400;\">Comodidad y ergonom\u00eda<\/span><span class=\"ez-toc-section-end\"><\/span><\/h2>\n<p><span style=\"font-weight: 400;\">Los controles dentro del habit\u00e1culo est\u00e1n estrat\u00e9gicamente ubicados para <\/span><b>facilitar su acceso y uso<\/b><span style=\"font-weight: 400;\">. Los interruptores, botones y diales se disponen de manera intuitiva en el panel de instrumentos y la consola central, lo que permite al conductor operar las funciones del veh\u00edculo con facilidad y sin distracciones. Realmente es muy f\u00e1cil sentirse a gusto y familiarizado con el Opel Corsa.<\/span><\/p>\n<p><span style=\"font-weight: 400;\">Como la gran mayor\u00eda de veh\u00edculos de este segmento, <\/span><b>el dise\u00f1o general se basa en facilitar la experiencia de usuario lo m\u00e1ximo posible.<\/b><span style=\"font-weight: 400;\"> Eso significa que todos los elementos est\u00e1n bien posicionados, los espacios de almacenamiento est\u00e1n ubicados de manera conveniente, y los portavasos y compartimentos adicionales permiten mantener el habit\u00e1culo ordenado y organizado. No encontrar\u00e1s nada fuera de lugar a bordo del Opel Corsa.<\/span><\/p>\n<h2><span class=\"ez-toc-section\" id=\"Tecnologia_y_caracteristicas_interiores\"><\/span><span style=\"font-weight: 400;\">Tecnolog\u00eda y caracter\u00edsticas interiores<\/span><span class=\"ez-toc-section-end\"><\/span><\/h2>\n<p><span style=\"font-weight: 400;\">En lo que respecta al apartado tecnol\u00f3gico, en el interior del Opel Corsa destaca el <\/span><b>sistema de infoentretenimiento en la consola central de hasta 10 pulgadas<\/b><span style=\"font-weight: 400;\">, as\u00ed como un cuadro de instrumentos que tambi\u00e9n puede ser completamente digital en algunas de las versiones. En general, el sistema es correcto, con una gran calidad de imagen y visibilidad a\u00fan en los d\u00edas m\u00e1s luminosos, pero sensiblemente por detr\u00e1s en cuanto a rapidez y fluidez y facilidad de manejo comparativamente con sus rivales.<\/span><\/p>\n<p><span style=\"font-weight: 400;\">Este sistema multimedia tambi\u00e9n es mejor que el de serie en cuanto a conectividad, pues incluye una conexi\u00f3n permanente a internet para ofrecer servicios online (actualizaciones OTA, por ejemplo), un sistema de reconocimiento de comandos vocales de lenguaje natural y una superficie de carga inal\u00e1mbrica para tel\u00e9fonos m\u00f3viles. Y en contra de las tendencias actuales, la consola central del Opel Corsa todav\u00eda alberga un <\/span><b>climatizador con botones y diales f\u00edsicos<\/b><span style=\"font-weight: 400;\">, mejorando la intuitividad y la seguridad a bordo.<\/span><\/p>\n<h2><span class=\"ez-toc-section\" id=\"Espacio_del_maletero\"><\/span><span style=\"font-weight: 400;\">Espacio del maletero<\/span><span class=\"ez-toc-section-end\"><\/span><\/h2>\n<p><span style=\"font-weight: 400;\">El \u00faltimo Opel Corsa tiene un espacio similar al del modelo de su predecesor, lo que significa que <\/span><b>cuatro adultos de estatura media pueden viajar c\u00f3modamente<\/b> <b>con cierto equipaje<\/b><span style=\"font-weight: 400;\">. Sin embargo, si planeas utilizar regularmente las plazas traseras para transportar ni\u00f1os en sillas infantiles, existen opciones m\u00e1s recomendables.\u00a0<\/span><\/p>\n<p><span style=\"font-weight: 400;\">En lo que respecta al espacio de carga, el maletero tiene <\/span><b>309 litros<\/b><span style=\"font-weight: 400;\"> de capacidad siempre y cuando no venga con rueda de repuesto (opcional); en cuyo caso el volumen de carga queda reducido a 265 litros. Este es un valor intermedio-bajo en relaci\u00f3n al de sus alternativas. Hay varias que tienen un maletero m\u00e1s grande, como el <\/span><span style=\"font-weight: 400;\">SEAT Ibiza<\/span><span style=\"font-weight: 400;\"> (355 litros), el <\/span><span style=\"font-weight: 400;\">Volkswagen Polo<\/span><span style=\"font-weight: 400;\"> (351 l) y el <\/span><span style=\"font-weight: 400;\">Renault Clio<\/span><span style=\"font-weight: 400;\"> (340 l), aunque tambi\u00e9n m\u00e1s peque\u00f1o, como el <\/span><span style=\"font-weight: 400;\">Citro\u00ebn C3<\/span><span style=\"font-weight: 400;\"> (300 l), el <\/span><span style=\"font-weight: 400;\">Mazda2 <\/span><span style=\"font-weight: 400;\">(250 l) y el <\/span><span style=\"font-weight: 400;\">Toyota Yaris<\/span><span style=\"font-weight: 400;\"> (286 l).<\/span><\/p>\n<p><span style=\"font-weight: 400;\">Por su parte, las formas del \u00e1rea de carga son bastante regulares y el aprovechamiento del espacio disponible es sencillo. Si cuentas con un <\/span><i><span style=\"font-weight: 400;\">kit <\/span><\/i><span style=\"font-weight: 400;\">de reparaci\u00f3n de pinchazos, este se aloja debajo del piso, el cual no se puede colocar a diferentes alturas como s\u00ed que se puede hacer en algunos otros modelos. Con el fin de mejorar la versatilidad, <\/span><b>los respaldos traseros est\u00e1n divididos en dos partes (60\/40)<\/b> <b>abatibles individualmente<\/b><span style=\"font-weight: 400;\">, quedando la superficie del suelo a unos cent\u00edmetros por debajo de los respaldos abatidos.<\/span><\/p>\n<h2><span style=\"font-weight: 400;\"><img loading=\"lazy\" decoding=\"async\" class=\"aligncenter size-full wp-image-13047\" src=\"https:\/\/www.clicars.com\/blog\/wp-content\/uploads\/2024\/06\/opel-corsa-maletero.jpg\" alt=\"Opel Corsa Maletero\" width=\"900\" height=\"600\" \/><\/span><\/h2>\n<h2><span class=\"ez-toc-section\" id=\"Experiencia_de_usuario\"><\/span><span style=\"font-weight: 400;\">Experiencia de usuario<\/span><span class=\"ez-toc-section-end\"><\/span><\/h2>\n<p><span style=\"font-weight: 400;\">Las opiniones y comentarios de propietarios actuales y expertos sobre la experiencia de uso del interior y el espacio del maletero del Opel Corsa suelen ser variados y <\/span><b>dependen de las preferencias individuales y las necesidades espec\u00edficas de cada usuario<\/b><span style=\"font-weight: 400;\">. Muchos propietarios y expertos elogian el dise\u00f1o interior, mucho m\u00e1s cl\u00e1sico que el de su hom\u00f3logo del le\u00f3n (de igual forma, para otros puede resultar demasiado simple o aburrido).<\/span><\/p>\n<p><span style=\"font-weight: 400;\">Tambi\u00e9n, el Opel Corsa ofrece un espacio decente para el segmento, pero no es l\u00edder en su clase en t\u00e9rminos de capacidad de carga. Muchos afirman que el maletero es lo suficientemente amplio para el uso diario, con espacio para compras, equipaje ligero y otros art\u00edculos, pero <\/span><b>puede ser un poco limitado para alojar cargas m\u00e1s voluminosas o para hacer largos viajes<\/b><span style=\"font-weight: 400;\">. Sin embargo, a pesar de no ser el m\u00e1s espacioso del segmento, el Corsa reluce por el buen aprovechamiento de su espacio interior y versatilidad.<\/span><\/p>\n<h2><span class=\"ez-toc-section\" id=\"Comparacion_con_la_competencia\"><\/span><span style=\"font-weight: 400;\">Comparaci\u00f3n con la competencia<\/span><span class=\"ez-toc-section-end\"><\/span><\/h2>\n<p><span style=\"font-weight: 400;\">Existen algunas alternativas que ofrecen m\u00e1s espacio, si bien la diferencia es de un m\u00e1ximo de dos cent\u00edmetros en la mayor\u00eda de los casos. Tambi\u00e9n los hay con mejores acabados (al menos con materiales m\u00e1s agradables al tacto) o con sistemas multimedia m\u00e1s avanzados. Sin embargo, la idea del Corsa es la de ofrecerte <\/span><b>un coche con el que te sientas c\u00f3modo y feliz en los trayectos de tu d\u00eda a d\u00eda<\/b><span style=\"font-weight: 400;\">. No destaca especialmente en nada, pero cumple con todas tus necesidades (e incluso con alguna m\u00e1s con la que no contabas).<\/span><\/p>\n","protected":false},"excerpt":{"rendered":"<p>El Opel Corsa ha sido durante mucho tiempo un competidor destacado en el segmento de&#8230;<\/p>\n","protected":false},"author":2,"featured_media":13046,"comment_status":"closed","ping_status":"closed","sticky":false,"template":"","format":"standard","meta":{"footnotes":""},"categories":[4],"tags":[],"class_list":{"0":"post-13044","1":"post","2":"type-post","3":"status-publish","4":"format-standard","5":"has-post-thumbnail","7":"category-curiosidades"},"yoast_head":"<!-- This site is optimized with the Yoast SEO plugin v26.8 - https:\/\/yoast.com\/product\/yoast-seo-wordpress\/ -->\n<title>Conoce el interior y el espacio del maletero del Opel Corsa - Clicars Blog<\/title>\n<meta name=\"description\" content=\"\u25b7 Aqu\u00ed descubrir\u00e1s el interior y el espacio del maletero del Opel Corsa. Conoce sus caracter\u00edsticas y su gran espacio de almacenamiento.\" \/>\n<meta name=\"robots\" content=\"index, follow, max-snippet:-1, max-image-preview:large, max-video-preview:-1\" \/>\n<link rel=\"canonical\" href=\"https:\/\/www.clicars.com\/blog\/curiosidades\/conoce-el-interior-y-el-espacio-del-maletero-del-opel-corsa\/\" \/>\n<meta property=\"og:locale\" content=\"es_ES\" \/>\n<meta property=\"og:type\" content=\"article\" \/>\n<meta property=\"og:title\" content=\"Conoce el interior y el espacio del maletero del Opel Corsa - Clicars Blog\" \/>\n<meta property=\"og:description\" content=\"\u25b7 Aqu\u00ed descubrir\u00e1s el interior y el espacio del maletero del Opel Corsa. Conoce sus caracter\u00edsticas y su gran espacio de almacenamiento.\" \/>\n<meta property=\"og:url\" content=\"https:\/\/www.clicars.com\/blog\/curiosidades\/conoce-el-interior-y-el-espacio-del-maletero-del-opel-corsa\/\" \/>\n<meta property=\"og:site_name\" content=\"Clicars\" \/>\n<meta property=\"article:published_time\" content=\"2024-06-28T13:14:35+00:00\" \/>\n<meta property=\"og:image\" content=\"http:\/\/www.clicars.com\/blog\/wp-content\/uploads\/2024\/06\/conoce-el-interior-y-el-espacio-del-maletero-del-opel-corsa.jpg\" \/>\n\t<meta property=\"og:image:width\" content=\"900\" \/>\n\t<meta property=\"og:image:height\" content=\"600\" \/>\n\t<meta property=\"og:image:type\" content=\"image\/jpeg\" \/>\n<meta name=\"author\" content=\"Clicars\" \/>\n<meta name=\"twitter:card\" content=\"summary_large_image\" \/>\n<meta name=\"twitter:label1\" content=\"Escrito por\" \/>\n\t<meta name=\"twitter:data1\" content=\"Clicars\" \/>\n\t<meta name=\"twitter:label2\" content=\"Tiempo de lectura\" \/>\n\t<meta name=\"twitter:data2\" content=\"6 minutos\" \/>\n<script type=\"application\/ld+json\" class=\"yoast-schema-graph\">{\"@context\":\"https:\/\/schema.org\",\"@graph\":[{\"@type\":\"Article\",\"@id\":\"https:\/\/www.clicars.com\/blog\/curiosidades\/conoce-el-interior-y-el-espacio-del-maletero-del-opel-corsa\/#article\",\"isPartOf\":{\"@id\":\"https:\/\/www.clicars.com\/blog\/curiosidades\/conoce-el-interior-y-el-espacio-del-maletero-del-opel-corsa\/\"},\"author\":{\"name\":\"Clicars\",\"@id\":\"https:\/\/www.clicars.com\/blog\/#\/schema\/person\/af686c41ba96962c68871392bf2bb62d\"},\"headline\":\"Conoce el interior y el espacio del maletero del Opel Corsa\",\"datePublished\":\"2024-06-28T13:14:35+00:00\",\"mainEntityOfPage\":{\"@id\":\"https:\/\/www.clicars.com\/blog\/curiosidades\/conoce-el-interior-y-el-espacio-del-maletero-del-opel-corsa\/\"},\"wordCount\":1246,\"image\":{\"@id\":\"https:\/\/www.clicars.com\/blog\/curiosidades\/conoce-el-interior-y-el-espacio-del-maletero-del-opel-corsa\/#primaryimage\"},\"thumbnailUrl\":\"https:\/\/www.clicars.com\/blog\/wp-content\/uploads\/2024\/06\/conoce-el-interior-y-el-espacio-del-maletero-del-opel-corsa.jpg\",\"articleSection\":[\"Curiosidades\"],\"inLanguage\":\"es\"},{\"@type\":[\"WebPage\",\"ItemPage\"],\"@id\":\"https:\/\/www.clicars.com\/blog\/curiosidades\/conoce-el-interior-y-el-espacio-del-maletero-del-opel-corsa\/\",\"url\":\"https:\/\/www.clicars.com\/blog\/curiosidades\/conoce-el-interior-y-el-espacio-del-maletero-del-opel-corsa\/\",\"name\":\"Conoce el interior y el espacio del maletero del Opel Corsa - Clicars Blog\",\"isPartOf\":{\"@id\":\"https:\/\/www.clicars.com\/blog\/#website\"},\"primaryImageOfPage\":{\"@id\":\"https:\/\/www.clicars.com\/blog\/curiosidades\/conoce-el-interior-y-el-espacio-del-maletero-del-opel-corsa\/#primaryimage\"},\"image\":{\"@id\":\"https:\/\/www.clicars.com\/blog\/curiosidades\/conoce-el-interior-y-el-espacio-del-maletero-del-opel-corsa\/#primaryimage\"},\"thumbnailUrl\":\"https:\/\/www.clicars.com\/blog\/wp-content\/uploads\/2024\/06\/conoce-el-interior-y-el-espacio-del-maletero-del-opel-corsa.jpg\",\"datePublished\":\"2024-06-28T13:14:35+00:00\",\"author\":{\"@id\":\"https:\/\/www.clicars.com\/blog\/#\/schema\/person\/af686c41ba96962c68871392bf2bb62d\"},\"description\":\"\u25b7 Aqu\u00ed descubrir\u00e1s el interior y el espacio del maletero del Opel Corsa. Conoce sus caracter\u00edsticas y su gran espacio de almacenamiento.\",\"breadcrumb\":{\"@id\":\"https:\/\/www.clicars.com\/blog\/curiosidades\/conoce-el-interior-y-el-espacio-del-maletero-del-opel-corsa\/#breadcrumb\"},\"inLanguage\":\"es\",\"potentialAction\":[{\"@type\":\"ReadAction\",\"target\":[\"https:\/\/www.clicars.com\/blog\/curiosidades\/conoce-el-interior-y-el-espacio-del-maletero-del-opel-corsa\/\"]}]},{\"@type\":\"ImageObject\",\"inLanguage\":\"es\",\"@id\":\"https:\/\/www.clicars.com\/blog\/curiosidades\/conoce-el-interior-y-el-espacio-del-maletero-del-opel-corsa\/#primaryimage\",\"url\":\"https:\/\/www.clicars.com\/blog\/wp-content\/uploads\/2024\/06\/conoce-el-interior-y-el-espacio-del-maletero-del-opel-corsa.jpg\",\"contentUrl\":\"https:\/\/www.clicars.com\/blog\/wp-content\/uploads\/2024\/06\/conoce-el-interior-y-el-espacio-del-maletero-del-opel-corsa.jpg\",\"width\":900,\"height\":600,\"caption\":\"Conoce el interior y el maletero del Opel Corsa\"},{\"@type\":\"BreadcrumbList\",\"@id\":\"https:\/\/www.clicars.com\/blog\/curiosidades\/conoce-el-interior-y-el-espacio-del-maletero-del-opel-corsa\/#breadcrumb\",\"itemListElement\":[{\"@type\":\"ListItem\",\"position\":1,\"name\":\"Portada\",\"item\":\"https:\/\/www.clicars.com\/blog\/\"},{\"@type\":\"ListItem\",\"position\":2,\"name\":\"Conoce el interior y el espacio del maletero del Opel Corsa\"}]},{\"@type\":\"WebSite\",\"@id\":\"https:\/\/www.clicars.com\/blog\/#website\",\"url\":\"https:\/\/www.clicars.com\/blog\/\",\"name\":\"Clicars\",\"description\":\"Compra tu coche de Buena Mano sin moverte de casa\",\"inLanguage\":\"es\"},{\"@type\":\"Person\",\"@id\":\"https:\/\/www.clicars.com\/blog\/#\/schema\/person\/af686c41ba96962c68871392bf2bb62d\",\"name\":\"Clicars\",\"image\":{\"@type\":\"ImageObject\",\"inLanguage\":\"es\",\"@id\":\"https:\/\/www.clicars.com\/blog\/#\/schema\/person\/image\/\",\"url\":\"https:\/\/secure.gravatar.com\/avatar\/3100622b0023049db14165cdba9dadaa9159743b871e83e440a0df9a70f80e56?s=96&d=mm&r=g\",\"contentUrl\":\"https:\/\/secure.gravatar.com\/avatar\/3100622b0023049db14165cdba9dadaa9159743b871e83e440a0df9a70f80e56?s=96&d=mm&r=g\",\"caption\":\"Clicars\"},\"sameAs\":[\"https:\/\/www.clicars.com\"],\"url\":\"https:\/\/www.clicars.com\/blog\/author\/clicars\/\"}]}<\/script>\n<!-- \/ Yoast SEO plugin. -->","yoast_head_json":{"title":"Conoce el interior y el espacio del maletero del Opel Corsa - Clicars Blog","description":"\u25b7 Aqu\u00ed descubrir\u00e1s el interior y el espacio del maletero del Opel Corsa. Conoce sus caracter\u00edsticas y su gran espacio de almacenamiento.","robots":{"index":"index","follow":"follow","max-snippet":"max-snippet:-1","max-image-preview":"max-image-preview:large","max-video-preview":"max-video-preview:-1"},"canonical":"https:\/\/www.clicars.com\/blog\/curiosidades\/conoce-el-interior-y-el-espacio-del-maletero-del-opel-corsa\/","og_locale":"es_ES","og_type":"article","og_title":"Conoce el interior y el espacio del maletero del Opel Corsa - Clicars Blog","og_description":"\u25b7 Aqu\u00ed descubrir\u00e1s el interior y el espacio del maletero del Opel Corsa. Conoce sus caracter\u00edsticas y su gran espacio de almacenamiento.","og_url":"https:\/\/www.clicars.com\/blog\/curiosidades\/conoce-el-interior-y-el-espacio-del-maletero-del-opel-corsa\/","og_site_name":"Clicars","article_published_time":"2024-06-28T13:14:35+00:00","og_image":[{"width":900,"height":600,"url":"http:\/\/www.clicars.com\/blog\/wp-content\/uploads\/2024\/06\/conoce-el-interior-y-el-espacio-del-maletero-del-opel-corsa.jpg","type":"image\/jpeg"}],"author":"Clicars","twitter_card":"summary_large_image","twitter_misc":{"Escrito por":"Clicars","Tiempo de lectura":"6 minutos"},"schema":{"@context":"https:\/\/schema.org","@graph":[{"@type":"Article","@id":"https:\/\/www.clicars.com\/blog\/curiosidades\/conoce-el-interior-y-el-espacio-del-maletero-del-opel-corsa\/#article","isPartOf":{"@id":"https:\/\/www.clicars.com\/blog\/curiosidades\/conoce-el-interior-y-el-espacio-del-maletero-del-opel-corsa\/"},"author":{"name":"Clicars","@id":"https:\/\/www.clicars.com\/blog\/#\/schema\/person\/af686c41ba96962c68871392bf2bb62d"},"headline":"Conoce el interior y el espacio del maletero del Opel Corsa","datePublished":"2024-06-28T13:14:35+00:00","mainEntityOfPage":{"@id":"https:\/\/www.clicars.com\/blog\/curiosidades\/conoce-el-interior-y-el-espacio-del-maletero-del-opel-corsa\/"},"wordCount":1246,"image":{"@id":"https:\/\/www.clicars.com\/blog\/curiosidades\/conoce-el-interior-y-el-espacio-del-maletero-del-opel-corsa\/#primaryimage"},"thumbnailUrl":"https:\/\/www.clicars.com\/blog\/wp-content\/uploads\/2024\/06\/conoce-el-interior-y-el-espacio-del-maletero-del-opel-corsa.jpg","articleSection":["Curiosidades"],"inLanguage":"es"},{"@type":["WebPage","ItemPage"],"@id":"https:\/\/www.clicars.com\/blog\/curiosidades\/conoce-el-interior-y-el-espacio-del-maletero-del-opel-corsa\/","url":"https:\/\/www.clicars.com\/blog\/curiosidades\/conoce-el-interior-y-el-espacio-del-maletero-del-opel-corsa\/","name":"Conoce el interior y el espacio del maletero del Opel Corsa - Clicars Blog","isPartOf":{"@id":"https:\/\/www.clicars.com\/blog\/#website"},"primaryImageOfPage":{"@id":"https:\/\/www.clicars.com\/blog\/curiosidades\/conoce-el-interior-y-el-espacio-del-maletero-del-opel-corsa\/#primaryimage"},"image":{"@id":"https:\/\/www.clicars.com\/blog\/curiosidades\/conoce-el-interior-y-el-espacio-del-maletero-del-opel-corsa\/#primaryimage"},"thumbnailUrl":"https:\/\/www.clicars.com\/blog\/wp-content\/uploads\/2024\/06\/conoce-el-interior-y-el-espacio-del-maletero-del-opel-corsa.jpg","datePublished":"2024-06-28T13:14:35+00:00","author":{"@id":"https:\/\/www.clicars.com\/blog\/#\/schema\/person\/af686c41ba96962c68871392bf2bb62d"},"description":"\u25b7 Aqu\u00ed descubrir\u00e1s el interior y el espacio del maletero del Opel Corsa. Conoce sus caracter\u00edsticas y su gran espacio de almacenamiento.","breadcrumb":{"@id":"https:\/\/www.clicars.com\/blog\/curiosidades\/conoce-el-interior-y-el-espacio-del-maletero-del-opel-corsa\/#breadcrumb"},"inLanguage":"es","potentialAction":[{"@type":"ReadAction","target":["https:\/\/www.clicars.com\/blog\/curiosidades\/conoce-el-interior-y-el-espacio-del-maletero-del-opel-corsa\/"]}]},{"@type":"ImageObject","inLanguage":"es","@id":"https:\/\/www.clicars.com\/blog\/curiosidades\/conoce-el-interior-y-el-espacio-del-maletero-del-opel-corsa\/#primaryimage","url":"https:\/\/www.clicars.com\/blog\/wp-content\/uploads\/2024\/06\/conoce-el-interior-y-el-espacio-del-maletero-del-opel-corsa.jpg","contentUrl":"https:\/\/www.clicars.com\/blog\/wp-content\/uploads\/2024\/06\/conoce-el-interior-y-el-espacio-del-maletero-del-opel-corsa.jpg","width":900,"height":600,"caption":"Conoce el interior y el maletero del Opel Corsa"},{"@type":"BreadcrumbList","@id":"https:\/\/www.clicars.com\/blog\/curiosidades\/conoce-el-interior-y-el-espacio-del-maletero-del-opel-corsa\/#breadcrumb","itemListElement":[{"@type":"ListItem","position":1,"name":"Portada","item":"https:\/\/www.clicars.com\/blog\/"},{"@type":"ListItem","position":2,"name":"Conoce el interior y el espacio del maletero del Opel Corsa"}]},{"@type":"WebSite","@id":"https:\/\/www.clicars.com\/blog\/#website","url":"https:\/\/www.clicars.com\/blog\/","name":"Clicars","description":"Compra tu coche de Buena Mano sin moverte de casa","inLanguage":"es"},{"@type":"Person","@id":"https:\/\/www.clicars.com\/blog\/#\/schema\/person\/af686c41ba96962c68871392bf2bb62d","name":"Clicars","image":{"@type":"ImageObject","inLanguage":"es","@id":"https:\/\/www.clicars.com\/blog\/#\/schema\/person\/image\/","url":"https:\/\/secure.gravatar.com\/avatar\/3100622b0023049db14165cdba9dadaa9159743b871e83e440a0df9a70f80e56?s=96&d=mm&r=g","contentUrl":"https:\/\/secure.gravatar.com\/avatar\/3100622b0023049db14165cdba9dadaa9159743b871e83e440a0df9a70f80e56?s=96&d=mm&r=g","caption":"Clicars"},"sameAs":["https:\/\/www.clicars.com"],"url":"https:\/\/www.clicars.com\/blog\/author\/clicars\/"}]}},"_links":{"self":[{"href":"https:\/\/www.clicars.com\/blog\/wp-json\/wp\/v2\/posts\/13044","targetHints":{"allow":["GET"]}}],"collection":[{"href":"https:\/\/www.clicars.com\/blog\/wp-json\/wp\/v2\/posts"}],"about":[{"href":"https:\/\/www.clicars.com\/blog\/wp-json\/wp\/v2\/types\/post"}],"author":[{"embeddable":true,"href":"https:\/\/www.clicars.com\/blog\/wp-json\/wp\/v2\/users\/2"}],"replies":[{"embeddable":true,"href":"https:\/\/www.clicars.com\/blog\/wp-json\/wp\/v2\/comments?post=13044"}],"version-history":[{"count":3,"href":"https:\/\/www.clicars.com\/blog\/wp-json\/wp\/v2\/posts\/13044\/revisions"}],"predecessor-version":[{"id":13056,"href":"https:\/\/www.clicars.com\/blog\/wp-json\/wp\/v2\/posts\/13044\/revisions\/13056"}],"wp:featuredmedia":[{"embeddable":true,"href":"https:\/\/www.clicars.com\/blog\/wp-json\/wp\/v2\/media\/13046"}],"wp:attachment":[{"href":"https:\/\/www.clicars.com\/blog\/wp-json\/wp\/v2\/media?parent=13044"}],"wp:term":[{"taxonomy":"category","embeddable":true,"href":"https:\/\/www.clicars.com\/blog\/wp-json\/wp\/v2\/categories?post=13044"},{"taxonomy":"post_tag","embeddable":true,"href":"https:\/\/www.clicars.com\/blog\/wp-json\/wp\/v2\/tags?post=13044"}],"curies":[{"name":"wp","href":"https:\/\/api.w.org\/{rel}","templated":true}]}}