{"id":13124,"date":"2024-07-26T10:44:13","date_gmt":"2024-07-26T08:44:13","guid":{"rendered":"https:\/\/www.clicars.com\/blog\/?p=13124"},"modified":"2024-09-03T11:06:50","modified_gmt":"2024-09-03T09:06:50","slug":"restricciones-para-los-coches-sin-etiqueta-en-madrid","status":"publish","type":"post","link":"https:\/\/www.clicars.com\/blog\/actualidad\/restricciones-para-los-coches-sin-etiqueta-en-madrid\/","title":{"rendered":"Restricciones para los coches sin etiqueta en Madrid"},"content":{"rendered":"<div id=\"ez-toc-container\" class=\"ez-toc-v2_0_80 counter-hierarchy ez-toc-counter ez-toc-light-blue ez-toc-container-direction\">\n<p class=\"ez-toc-title\" style=\"cursor:inherit\">\u00cdndice de contenidos<\/p>\n<label for=\"ez-toc-cssicon-toggle-item-69f35d668320a\" class=\"ez-toc-cssicon-toggle-label\"><span class=\"ez-toc-cssicon\"><span class=\"eztoc-hide\" style=\"display:none;\">Toggle<\/span><span class=\"ez-toc-icon-toggle-span\"><svg style=\"fill: #999;color:#999\" xmlns=\"http:\/\/www.w3.org\/2000\/svg\" class=\"list-377408\" width=\"20px\" height=\"20px\" viewBox=\"0 0 24 24\" fill=\"none\"><path d=\"M6 6H4v2h2V6zm14 0H8v2h12V6zM4 11h2v2H4v-2zm16 0H8v2h12v-2zM4 16h2v2H4v-2zm16 0H8v2h12v-2z\" fill=\"currentColor\"><\/path><\/svg><svg style=\"fill: #999;color:#999\" class=\"arrow-unsorted-368013\" xmlns=\"http:\/\/www.w3.org\/2000\/svg\" width=\"10px\" height=\"10px\" viewBox=\"0 0 24 24\" version=\"1.2\" baseProfile=\"tiny\"><path d=\"M18.2 9.3l-6.2-6.3-6.2 6.3c-.2.2-.3.4-.3.7s.1.5.3.7c.2.2.4.3.7.3h11c.3 0 .5-.1.7-.3.2-.2.3-.5.3-.7s-.1-.5-.3-.7zM5.8 14.7l6.2 6.3 6.2-6.3c.2-.2.3-.5.3-.7s-.1-.5-.3-.7c-.2-.2-.4-.3-.7-.3h-11c-.3 0-.5.1-.7.3-.2.2-.3.5-.3.7s.1.5.3.7z\"\/><\/svg><\/span><\/span><\/label><input type=\"checkbox\"  id=\"ez-toc-cssicon-toggle-item-69f35d668320a\"  aria-label=\"Alternar\" \/><nav><ul class='ez-toc-list ez-toc-list-level-1 ' ><li class='ez-toc-page-1 ez-toc-heading-level-2'><a class=\"ez-toc-link ez-toc-heading-1\" href=\"https:\/\/www.clicars.com\/blog\/actualidad\/restricciones-para-los-coches-sin-etiqueta-en-madrid\/#%C2%BFPueden_circular_los_coches_sin_etiqueta_por_la_M-40\" >\u00bfPueden circular los coches sin etiqueta por la M-40?<\/a><\/li><li class='ez-toc-page-1 ez-toc-heading-level-2'><a class=\"ez-toc-link ez-toc-heading-2\" href=\"https:\/\/www.clicars.com\/blog\/actualidad\/restricciones-para-los-coches-sin-etiqueta-en-madrid\/#Multas_por_circular_entre_la_M-30_y_la_M-40\" >Multas por circular entre la M-30 y la M-40<\/a><\/li><li class='ez-toc-page-1 ez-toc-heading-level-2'><a class=\"ez-toc-link ez-toc-heading-3\" href=\"https:\/\/www.clicars.com\/blog\/actualidad\/restricciones-para-los-coches-sin-etiqueta-en-madrid\/#Excepciones_para_coches_sin_etiqueta\" >Excepciones para coches sin etiqueta<\/a><\/li><\/ul><\/nav><\/div>\n\n<p><span style=\"font-weight: 400;\">Los <\/span><b>veh\u00edculos sin etiqueta de la DGT <\/b><span style=\"font-weight: 400;\">se enfrentan a partir del 1 de julio al m\u00e1s dif\u00edcil todav\u00eda en <\/span><b>Madrid<\/b><span style=\"font-weight: 400;\">. Reci\u00e9n estrenado el verano, el Ayuntamiento de la capital ha decidido pasar a la acci\u00f3n y multar\u00e1 a todos esos coches que circulen por cualquiera de sus calles o v\u00edas sin lucir ese distintivo ambiental que cada vez est\u00e1 ganando m\u00e1s fuerza en las grandes ciudades. Y no ser\u00e1 algo puntual. Las restricciones de tr\u00e1fico<\/span><b> afectar\u00e1n a todo el t\u00e9rmino municipal de Madrid <\/b><span style=\"font-weight: 400;\">y por lo tanto la movilidad resultar\u00e1 m\u00e1s limitada a partir de ahora en la capital, gracias a<\/span><b> una medida que ha llegado para quedarse.\u00a0<\/b><\/p>\n<p><span style=\"font-weight: 400;\">Una vez superado el <\/span><b>periodo de aviso sin multa <\/b><span style=\"font-weight: 400;\">que se extendi\u00f3 del 1 de febrero de 2024 hasta el 30 de junio de ese mismo a\u00f1o, ha llegado el momento de pasar a la acci\u00f3n con todos aquellos coches <\/span><b>matriculados antes de 2006 en el caso de las motorizaciones di\u00e9sel, o los gasolina anteriores al a\u00f1o 2000. <\/b><span style=\"font-weight: 400;\">Esos son los l\u00edmites que marca la DGT para otorgar la etiqueta medioambiental y esos modelos, ser\u00e1n los que se ver\u00e1n<\/span><b> afectados con sanciones <\/b><span style=\"font-weight: 400;\">en caso de circular por cualquiera de las calles o v\u00edas de Madrid. El precio a pagar por circular en las zonas restringidas sin cumplir los requisitos es de<\/span><b> 200 euros<\/b><span style=\"font-weight: 400;\"> (100 durante el periodo reducido) y en total, se estima que<\/span><b> el castigo podr\u00eda afectar a 1.400 conductores al d\u00eda.\u00a0<\/b><\/p>\n<h2><span class=\"ez-toc-section\" id=\"%C2%BFPueden_circular_los_coches_sin_etiqueta_por_la_M-40\"><\/span><span style=\"font-weight: 400;\">\u00bfPueden circular los coches sin etiqueta por la M-40?<\/span><span class=\"ez-toc-section-end\"><\/span><\/h2>\n<p><span style=\"font-weight: 400;\">Esta nueva medida ha despertado muchas inc\u00f3gnitas en torno a la circulaci\u00f3n dentro de la Comunidad de Madrid. Una de las m\u00e1s recurrentes es saber si pueden <\/span><b>circular los coches sin etiqueta por la M-40 <\/b><span style=\"font-weight: 400;\">y la respuesta es clara: s\u00ed. Pero como para todo, en este caso tambi\u00e9n existe un por qu\u00e9. La M-40 pertenece a la Red Nacional de Carreteras y por lo tanto, no cuenta con restricciones a la circulaci\u00f3n impuestas por el Ayuntamiento de Madrid.<\/span><\/p>\n<p><span style=\"font-weight: 400;\">En un momento donde cada vez se es <\/span><b>m\u00e1s estricto con el tipo de veh\u00edculos que circulan por nuestras carreteras<\/b><span style=\"font-weight: 400;\"> debido a esa ambici\u00f3n que existe por cumplir con el objetivo de reducci\u00f3n de emisiones contaminantes, esa libertad de la que gozan hoy en d\u00eda los coches sin etiqueta de la DGT en la M-40 no quiere decir que vaya a ser eterna. De hecho, cualquier<\/span><b> conductor sin etiqueta debe conocer muy bien cu\u00e1l es su destino,<\/b><span style=\"font-weight: 400;\"> ya que <\/span><b>muchas salidas de la M-40 acaban en el t\u00e9rmino municipal de Madrid<\/b><span style=\"font-weight: 400;\"> y por lo tanto, no tendr\u00e1n permitido el acceso. Si lo hacen, ser\u00e1n sancionados y en este caso no hay excepci\u00f3n.<\/span><\/p>\n<p><span style=\"font-weight: 400;\">Para evitar posibles conflictos y sanciones innecesarias, <\/span><b>el Ayuntamiento de Madrid ha colocado se\u00f1ales verticales<\/b><span style=\"font-weight: 400;\"> en todas esas salidas de la M-40 que desembocan en alg\u00fan t\u00e9rmino municipal de la capital. La misi\u00f3n de esas se\u00f1ales es<\/span><b> avisar a los conductores<\/b><span style=\"font-weight: 400;\"> de que s\u00f3lo podr\u00e1n tomar ese camino si su coche luce la etiqueta<\/span><b> B, C, ECO y Cero de la DGT<\/b><span style=\"font-weight: 400;\">, pues en la ciudad est\u00e1 completamente prohibido circular sin el distintivo.\u00a0<\/span><\/p>\n<h2><span style=\"font-weight: 400;\"><img loading=\"lazy\" decoding=\"async\" class=\"aligncenter size-full wp-image-13127\" src=\"https:\/\/www.clicars.com\/blog\/wp-content\/uploads\/2024\/07\/coches-empadronados-en-madrid-sin-etiqueta.jpg\" alt=\"Coches empadronados en Madrid sin etiqueta\" width=\"900\" height=\"600\" \/><\/span><\/h2>\n<h2><span class=\"ez-toc-section\" id=\"Multas_por_circular_entre_la_M-30_y_la_M-40\"><\/span><span style=\"font-weight: 400;\">Multas por circular entre la M-30 y la M-40<\/span><span class=\"ez-toc-section-end\"><\/span><\/h2>\n<p><span style=\"font-weight: 400;\">Acabar en Madrid con un coche sin etiqueta ser\u00e1 sancionado con 200 euros, seg\u00fan se estableci\u00f3 en la reforma de la <\/span><b>Ley de Tr\u00e1fico del 21 de marzo de 2022. <\/b><span style=\"font-weight: 400;\">Este tipo de sanci\u00f3n admite el<\/span><b> descuento del 50% por pronto pago<\/b><span style=\"font-weight: 400;\"> (deber\u00e1s abonarla en los 20 primeros d\u00edas desde que recibes la notificaci\u00f3n), pero de esa manera renunciar a la posibilidad de interponer un recurso que apenas tendr\u00eda validez. Pues pr\u00e1cticamente la mayor\u00eda de esas sanciones, son captadas por dispositivos foto-rojo y <\/span><b>c\u00e1maras con lector de matr\u00edculas <\/b><span style=\"font-weight: 400;\">que no dejan lugar a dudas.\u00a0<\/span><\/p>\n<p><span style=\"font-weight: 400;\">Independientemente de cu\u00e1l sea la infracci\u00f3n relacionada con la <\/span><b>Zona de Bajas Emisiones<\/b><span style=\"font-weight: 400;\"> (ZBE) de la Comunidad de Madrid, el importe no cambiar\u00e1 ya que se castigar\u00e1 de la misma manera cualquier acceso indebido a zonas restringidas. Y <\/span><b>en ning\u00fan caso, supondr\u00e1 la retirada de puntos del carnet de conducir.\u00a0<\/b><\/p>\n<h2><span class=\"ez-toc-section\" id=\"Excepciones_para_coches_sin_etiqueta\"><\/span><span style=\"font-weight: 400;\">Excepciones para coches sin etiqueta<\/span><span class=\"ez-toc-section-end\"><\/span><\/h2>\n<p><span style=\"font-weight: 400;\">Como sucede en cualquier \u00e1mbito de la vida cotidiana, siempre hay excepciones que confirman la regla y eso tambi\u00e9n se cumple en la<\/span><b> Zona de Bajas Emisiones de Madrid<\/b><span style=\"font-weight: 400;\">.Por lo tanto, existen ciertos veh\u00edculos que pueden <\/span><b>circular entre la M-40 y la M-30 sin el distintivo ambiental de la DGT<\/b><span style=\"font-weight: 400;\"> y te los contamos a continuaci\u00f3n:<\/span><\/p>\n<ul>\n<li style=\"font-weight: 400;\" aria-level=\"1\"><span style=\"font-weight: 400;\">Veh\u00edculos que, a fecha 1 de enero de 2022, estuvieran <\/span><b>domiciliados en la ciudad de Madrid<\/b><span style=\"font-weight: 400;\"> y estuviesen al corriente de pago del impuesto de Circulaci\u00f3n. Para poder circular, deben tener vigor ambos requisitos.\u00a0<\/span><\/li>\n<li style=\"font-weight: 400;\" aria-level=\"1\"><span style=\"font-weight: 400;\">Veh\u00edculos que se usen para el <\/span><b>traslado de personas con movilidad reducida<\/b><span style=\"font-weight: 400;\">. El titular del coche siempre debe ser una persona con una minusval\u00eda y para evitar las sanciones, estos veh\u00edculos deben estar registrados en el sistema de gesti\u00f3n de accesos a \u2018Madrid Zona de Bajas Emisiones\u2019. Adem\u00e1s, en todo momento deben <\/span><b>disponer de la tarjeta de estacionamiento para personas con movilidad reducida.<\/b><span style=\"font-weight: 400;\">\u00a0<\/span><\/li>\n<li style=\"font-weight: 400;\" aria-level=\"1\"><span style=\"font-weight: 400;\">Veh\u00edculos que tengan la <\/span><b>consideraci\u00f3n de hist\u00f3ricos<\/b><span style=\"font-weight: 400;\">. Ese grupo est\u00e1 formado por aquellos modelos con, al menos, 30 a\u00f1os de vida desde su primera matriculaci\u00f3n o fabricaci\u00f3n y que se encuentren en su estado original. Por lo que no puede haber sufrido cambios en sus caracter\u00edsticas ni componentes principales.<\/span><\/li>\n<li style=\"font-weight: 400;\" aria-level=\"1\"><b>Veh\u00edculos sin etiqueta que no sean turismos.<\/b><span style=\"font-weight: 400;\"> Las furgonetas, motocicletas, ciclomotores y camiones tambi\u00e9n tendr\u00e1n libre acceso hasta el 31 de diciembre de 2024. Solo la Plaza El\u00edptica y Madrid Centro, las dos zonas marcadas por la ZBE, estar\u00e1n restringidas para estos veh\u00edculos.<\/span><\/li>\n<\/ul>\n<p><span style=\"font-weight: 400;\">Una vez se ha adoptado este camino hacia una movilidad m\u00e1s sostenible en el centro de Madrid, a partir del 1 de enero de 2025 las medidas se endurecer\u00e1n todav\u00eda m\u00e1s para los <\/span><b>veh\u00edculos sin pegatina de la DGT<\/b><span style=\"font-weight: 400;\"> y por lo tanto, el n\u00famero de excepciones se reducir\u00e1. Al fin y al cabo, el Ayuntamiento quiere una ciudad m\u00e1s limpia al mismo tiempo que cumple con <\/span><b>ese objetivo de descarbonizaci\u00f3n <\/b><span style=\"font-weight: 400;\">que han impuesto desde Europa.<\/span><\/p>\n","protected":false},"excerpt":{"rendered":"<p>Los veh\u00edculos sin etiqueta de la DGT se enfrentan a partir del 1 de julio&#8230;<\/p>\n","protected":false},"author":11,"featured_media":13126,"comment_status":"closed","ping_status":"closed","sticky":false,"template":"","format":"standard","meta":{"footnotes":""},"categories":[5],"tags":[],"class_list":{"0":"post-13124","1":"post","2":"type-post","3":"status-publish","4":"format-standard","5":"has-post-thumbnail","7":"category-actualidad"},"yoast_head":"<!-- This site is optimized with the Yoast SEO plugin v26.8 - https:\/\/yoast.com\/product\/yoast-seo-wordpress\/ -->\n<title>Restricciones para los coches sin etiqueta en Madrid - Clicars Blog<\/title>\n<meta name=\"description\" content=\"\u25b7 Conoce las multas y las restricciones si a\u00fan no tienes etiqueta en tu coche y resides en la ciudad de Madrid.\" \/>\n<meta name=\"robots\" content=\"index, follow, max-snippet:-1, max-image-preview:large, max-video-preview:-1\" \/>\n<link rel=\"canonical\" href=\"https:\/\/www.clicars.com\/blog\/actualidad\/restricciones-para-los-coches-sin-etiqueta-en-madrid\/\" \/>\n<meta property=\"og:locale\" content=\"es_ES\" \/>\n<meta property=\"og:type\" content=\"article\" \/>\n<meta property=\"og:title\" content=\"Restricciones para los coches sin etiqueta en Madrid - Clicars Blog\" \/>\n<meta property=\"og:description\" content=\"\u25b7 Conoce las multas y las restricciones si a\u00fan no tienes etiqueta en tu coche y resides en la ciudad de Madrid.\" \/>\n<meta property=\"og:url\" content=\"https:\/\/www.clicars.com\/blog\/actualidad\/restricciones-para-los-coches-sin-etiqueta-en-madrid\/\" \/>\n<meta property=\"og:site_name\" content=\"Clicars\" \/>\n<meta property=\"article:published_time\" content=\"2024-07-26T08:44:13+00:00\" \/>\n<meta property=\"article:modified_time\" content=\"2024-09-03T09:06:50+00:00\" \/>\n<meta property=\"og:image\" content=\"http:\/\/www.clicars.com\/blog\/wp-content\/uploads\/2024\/07\/restricciones-para-los-coches-sin-etiqueta-en-madrid.jpg\" \/>\n\t<meta property=\"og:image:width\" content=\"900\" \/>\n\t<meta property=\"og:image:height\" content=\"600\" \/>\n\t<meta property=\"og:image:type\" content=\"image\/jpeg\" \/>\n<meta name=\"author\" content=\"Carmen Ruiz\" \/>\n<meta name=\"twitter:card\" content=\"summary_large_image\" \/>\n<meta name=\"twitter:label1\" content=\"Escrito por\" \/>\n\t<meta name=\"twitter:data1\" content=\"Carmen Ruiz\" \/>\n\t<meta name=\"twitter:label2\" content=\"Tiempo de lectura\" \/>\n\t<meta name=\"twitter:data2\" content=\"5 minutos\" \/>\n<script type=\"application\/ld+json\" class=\"yoast-schema-graph\">{\"@context\":\"https:\/\/schema.org\",\"@graph\":[{\"@type\":\"Article\",\"@id\":\"https:\/\/www.clicars.com\/blog\/actualidad\/restricciones-para-los-coches-sin-etiqueta-en-madrid\/#article\",\"isPartOf\":{\"@id\":\"https:\/\/www.clicars.com\/blog\/actualidad\/restricciones-para-los-coches-sin-etiqueta-en-madrid\/\"},\"author\":{\"name\":\"Carmen Ruiz\",\"@id\":\"https:\/\/www.clicars.com\/blog\/#\/schema\/person\/479c02bf75aade1cf125545238f39cd8\"},\"headline\":\"Restricciones para los coches sin etiqueta en Madrid\",\"datePublished\":\"2024-07-26T08:44:13+00:00\",\"dateModified\":\"2024-09-03T09:06:50+00:00\",\"mainEntityOfPage\":{\"@id\":\"https:\/\/www.clicars.com\/blog\/actualidad\/restricciones-para-los-coches-sin-etiqueta-en-madrid\/\"},\"wordCount\":1072,\"image\":{\"@id\":\"https:\/\/www.clicars.com\/blog\/actualidad\/restricciones-para-los-coches-sin-etiqueta-en-madrid\/#primaryimage\"},\"thumbnailUrl\":\"https:\/\/www.clicars.com\/blog\/wp-content\/uploads\/2024\/07\/restricciones-para-los-coches-sin-etiqueta-en-madrid.jpg\",\"articleSection\":[\"Actualidad\"],\"inLanguage\":\"es\"},{\"@type\":[\"WebPage\",\"ItemPage\"],\"@id\":\"https:\/\/www.clicars.com\/blog\/actualidad\/restricciones-para-los-coches-sin-etiqueta-en-madrid\/\",\"url\":\"https:\/\/www.clicars.com\/blog\/actualidad\/restricciones-para-los-coches-sin-etiqueta-en-madrid\/\",\"name\":\"Restricciones para los coches sin etiqueta en Madrid - Clicars Blog\",\"isPartOf\":{\"@id\":\"https:\/\/www.clicars.com\/blog\/#website\"},\"primaryImageOfPage\":{\"@id\":\"https:\/\/www.clicars.com\/blog\/actualidad\/restricciones-para-los-coches-sin-etiqueta-en-madrid\/#primaryimage\"},\"image\":{\"@id\":\"https:\/\/www.clicars.com\/blog\/actualidad\/restricciones-para-los-coches-sin-etiqueta-en-madrid\/#primaryimage\"},\"thumbnailUrl\":\"https:\/\/www.clicars.com\/blog\/wp-content\/uploads\/2024\/07\/restricciones-para-los-coches-sin-etiqueta-en-madrid.jpg\",\"datePublished\":\"2024-07-26T08:44:13+00:00\",\"dateModified\":\"2024-09-03T09:06:50+00:00\",\"author\":{\"@id\":\"https:\/\/www.clicars.com\/blog\/#\/schema\/person\/479c02bf75aade1cf125545238f39cd8\"},\"description\":\"\u25b7 Conoce las multas y las restricciones si a\u00fan no tienes etiqueta en tu coche y resides en la ciudad de Madrid.\",\"breadcrumb\":{\"@id\":\"https:\/\/www.clicars.com\/blog\/actualidad\/restricciones-para-los-coches-sin-etiqueta-en-madrid\/#breadcrumb\"},\"inLanguage\":\"es\",\"potentialAction\":[{\"@type\":\"ReadAction\",\"target\":[\"https:\/\/www.clicars.com\/blog\/actualidad\/restricciones-para-los-coches-sin-etiqueta-en-madrid\/\"]}]},{\"@type\":\"ImageObject\",\"inLanguage\":\"es\",\"@id\":\"https:\/\/www.clicars.com\/blog\/actualidad\/restricciones-para-los-coches-sin-etiqueta-en-madrid\/#primaryimage\",\"url\":\"https:\/\/www.clicars.com\/blog\/wp-content\/uploads\/2024\/07\/restricciones-para-los-coches-sin-etiqueta-en-madrid.jpg\",\"contentUrl\":\"https:\/\/www.clicars.com\/blog\/wp-content\/uploads\/2024\/07\/restricciones-para-los-coches-sin-etiqueta-en-madrid.jpg\",\"width\":900,\"height\":600,\"caption\":\"Restricciones para los coches sin etiqueta en Madrid\"},{\"@type\":\"BreadcrumbList\",\"@id\":\"https:\/\/www.clicars.com\/blog\/actualidad\/restricciones-para-los-coches-sin-etiqueta-en-madrid\/#breadcrumb\",\"itemListElement\":[{\"@type\":\"ListItem\",\"position\":1,\"name\":\"Portada\",\"item\":\"https:\/\/www.clicars.com\/blog\/\"},{\"@type\":\"ListItem\",\"position\":2,\"name\":\"Restricciones para los coches sin etiqueta en Madrid\"}]},{\"@type\":\"WebSite\",\"@id\":\"https:\/\/www.clicars.com\/blog\/#website\",\"url\":\"https:\/\/www.clicars.com\/blog\/\",\"name\":\"Clicars\",\"description\":\"Compra tu coche de Buena Mano sin moverte de casa\",\"inLanguage\":\"es\"},{\"@type\":\"Person\",\"@id\":\"https:\/\/www.clicars.com\/blog\/#\/schema\/person\/479c02bf75aade1cf125545238f39cd8\",\"name\":\"Carmen Ruiz\",\"image\":{\"@type\":\"ImageObject\",\"inLanguage\":\"es\",\"@id\":\"https:\/\/www.clicars.com\/blog\/#\/schema\/person\/image\/\",\"url\":\"https:\/\/secure.gravatar.com\/avatar\/a0423e471ced02f73a62b5c5f5b49f4431469fa6c61214e7aca040fb6b5a9d62?s=96&d=mm&r=g\",\"contentUrl\":\"https:\/\/secure.gravatar.com\/avatar\/a0423e471ced02f73a62b5c5f5b49f4431469fa6c61214e7aca040fb6b5a9d62?s=96&d=mm&r=g\",\"caption\":\"Carmen Ruiz\"},\"description\":\"Mayo del 97. Empec\u00e9 a escribir sobre motor en El Mundo unos cuantos a\u00f1os m\u00e1s tarde y aunque sent\u00eda que llegaba tarde, supe que era lo que quer\u00eda hacer toda la vida. Me sub\u00ed a muchos asientos en la zona del conductor y despu\u00e9s de probar unos cuantos coches, hice una parada en AS para pasar al lado de la competici\u00f3n. He invertido mucha parte de mi tiempo en los circuitos, pero tambi\u00e9n he podido ver carreras en el desierto como enviada especial al Dakar. Y aunque en la competici\u00f3n todo es m\u00e1s fren\u00e9tico, he comprobado que la adrenalina de pisar un acelerador para descubrir las bondades, nunca desparace.\",\"sameAs\":[\"https:\/\/es.linkedin.com\/in\/carmen-mar\u00eda-ruiz-mart\u00ednez-3440a1116\"],\"url\":\"https:\/\/www.clicars.com\/blog\/author\/carmen-ruiz\/\"}]}<\/script>\n<!-- \/ Yoast SEO plugin. -->","yoast_head_json":{"title":"Restricciones para los coches sin etiqueta en Madrid - Clicars Blog","description":"\u25b7 Conoce las multas y las restricciones si a\u00fan no tienes etiqueta en tu coche y resides en la ciudad de Madrid.","robots":{"index":"index","follow":"follow","max-snippet":"max-snippet:-1","max-image-preview":"max-image-preview:large","max-video-preview":"max-video-preview:-1"},"canonical":"https:\/\/www.clicars.com\/blog\/actualidad\/restricciones-para-los-coches-sin-etiqueta-en-madrid\/","og_locale":"es_ES","og_type":"article","og_title":"Restricciones para los coches sin etiqueta en Madrid - Clicars Blog","og_description":"\u25b7 Conoce las multas y las restricciones si a\u00fan no tienes etiqueta en tu coche y resides en la ciudad de Madrid.","og_url":"https:\/\/www.clicars.com\/blog\/actualidad\/restricciones-para-los-coches-sin-etiqueta-en-madrid\/","og_site_name":"Clicars","article_published_time":"2024-07-26T08:44:13+00:00","article_modified_time":"2024-09-03T09:06:50+00:00","og_image":[{"width":900,"height":600,"url":"http:\/\/www.clicars.com\/blog\/wp-content\/uploads\/2024\/07\/restricciones-para-los-coches-sin-etiqueta-en-madrid.jpg","type":"image\/jpeg"}],"author":"Carmen Ruiz","twitter_card":"summary_large_image","twitter_misc":{"Escrito por":"Carmen Ruiz","Tiempo de lectura":"5 minutos"},"schema":{"@context":"https:\/\/schema.org","@graph":[{"@type":"Article","@id":"https:\/\/www.clicars.com\/blog\/actualidad\/restricciones-para-los-coches-sin-etiqueta-en-madrid\/#article","isPartOf":{"@id":"https:\/\/www.clicars.com\/blog\/actualidad\/restricciones-para-los-coches-sin-etiqueta-en-madrid\/"},"author":{"name":"Carmen Ruiz","@id":"https:\/\/www.clicars.com\/blog\/#\/schema\/person\/479c02bf75aade1cf125545238f39cd8"},"headline":"Restricciones para los coches sin etiqueta en Madrid","datePublished":"2024-07-26T08:44:13+00:00","dateModified":"2024-09-03T09:06:50+00:00","mainEntityOfPage":{"@id":"https:\/\/www.clicars.com\/blog\/actualidad\/restricciones-para-los-coches-sin-etiqueta-en-madrid\/"},"wordCount":1072,"image":{"@id":"https:\/\/www.clicars.com\/blog\/actualidad\/restricciones-para-los-coches-sin-etiqueta-en-madrid\/#primaryimage"},"thumbnailUrl":"https:\/\/www.clicars.com\/blog\/wp-content\/uploads\/2024\/07\/restricciones-para-los-coches-sin-etiqueta-en-madrid.jpg","articleSection":["Actualidad"],"inLanguage":"es"},{"@type":["WebPage","ItemPage"],"@id":"https:\/\/www.clicars.com\/blog\/actualidad\/restricciones-para-los-coches-sin-etiqueta-en-madrid\/","url":"https:\/\/www.clicars.com\/blog\/actualidad\/restricciones-para-los-coches-sin-etiqueta-en-madrid\/","name":"Restricciones para los coches sin etiqueta en Madrid - Clicars Blog","isPartOf":{"@id":"https:\/\/www.clicars.com\/blog\/#website"},"primaryImageOfPage":{"@id":"https:\/\/www.clicars.com\/blog\/actualidad\/restricciones-para-los-coches-sin-etiqueta-en-madrid\/#primaryimage"},"image":{"@id":"https:\/\/www.clicars.com\/blog\/actualidad\/restricciones-para-los-coches-sin-etiqueta-en-madrid\/#primaryimage"},"thumbnailUrl":"https:\/\/www.clicars.com\/blog\/wp-content\/uploads\/2024\/07\/restricciones-para-los-coches-sin-etiqueta-en-madrid.jpg","datePublished":"2024-07-26T08:44:13+00:00","dateModified":"2024-09-03T09:06:50+00:00","author":{"@id":"https:\/\/www.clicars.com\/blog\/#\/schema\/person\/479c02bf75aade1cf125545238f39cd8"},"description":"\u25b7 Conoce las multas y las restricciones si a\u00fan no tienes etiqueta en tu coche y resides en la ciudad de Madrid.","breadcrumb":{"@id":"https:\/\/www.clicars.com\/blog\/actualidad\/restricciones-para-los-coches-sin-etiqueta-en-madrid\/#breadcrumb"},"inLanguage":"es","potentialAction":[{"@type":"ReadAction","target":["https:\/\/www.clicars.com\/blog\/actualidad\/restricciones-para-los-coches-sin-etiqueta-en-madrid\/"]}]},{"@type":"ImageObject","inLanguage":"es","@id":"https:\/\/www.clicars.com\/blog\/actualidad\/restricciones-para-los-coches-sin-etiqueta-en-madrid\/#primaryimage","url":"https:\/\/www.clicars.com\/blog\/wp-content\/uploads\/2024\/07\/restricciones-para-los-coches-sin-etiqueta-en-madrid.jpg","contentUrl":"https:\/\/www.clicars.com\/blog\/wp-content\/uploads\/2024\/07\/restricciones-para-los-coches-sin-etiqueta-en-madrid.jpg","width":900,"height":600,"caption":"Restricciones para los coches sin etiqueta en Madrid"},{"@type":"BreadcrumbList","@id":"https:\/\/www.clicars.com\/blog\/actualidad\/restricciones-para-los-coches-sin-etiqueta-en-madrid\/#breadcrumb","itemListElement":[{"@type":"ListItem","position":1,"name":"Portada","item":"https:\/\/www.clicars.com\/blog\/"},{"@type":"ListItem","position":2,"name":"Restricciones para los coches sin etiqueta en Madrid"}]},{"@type":"WebSite","@id":"https:\/\/www.clicars.com\/blog\/#website","url":"https:\/\/www.clicars.com\/blog\/","name":"Clicars","description":"Compra tu coche de Buena Mano sin moverte de casa","inLanguage":"es"},{"@type":"Person","@id":"https:\/\/www.clicars.com\/blog\/#\/schema\/person\/479c02bf75aade1cf125545238f39cd8","name":"Carmen Ruiz","image":{"@type":"ImageObject","inLanguage":"es","@id":"https:\/\/www.clicars.com\/blog\/#\/schema\/person\/image\/","url":"https:\/\/secure.gravatar.com\/avatar\/a0423e471ced02f73a62b5c5f5b49f4431469fa6c61214e7aca040fb6b5a9d62?s=96&d=mm&r=g","contentUrl":"https:\/\/secure.gravatar.com\/avatar\/a0423e471ced02f73a62b5c5f5b49f4431469fa6c61214e7aca040fb6b5a9d62?s=96&d=mm&r=g","caption":"Carmen Ruiz"},"description":"Mayo del 97. Empec\u00e9 a escribir sobre motor en El Mundo unos cuantos a\u00f1os m\u00e1s tarde y aunque sent\u00eda que llegaba tarde, supe que era lo que quer\u00eda hacer toda la vida. Me sub\u00ed a muchos asientos en la zona del conductor y despu\u00e9s de probar unos cuantos coches, hice una parada en AS para pasar al lado de la competici\u00f3n. He invertido mucha parte de mi tiempo en los circuitos, pero tambi\u00e9n he podido ver carreras en el desierto como enviada especial al Dakar. Y aunque en la competici\u00f3n todo es m\u00e1s fren\u00e9tico, he comprobado que la adrenalina de pisar un acelerador para descubrir las bondades, nunca desparace.","sameAs":["https:\/\/es.linkedin.com\/in\/carmen-mar\u00eda-ruiz-mart\u00ednez-3440a1116"],"url":"https:\/\/www.clicars.com\/blog\/author\/carmen-ruiz\/"}]}},"_links":{"self":[{"href":"https:\/\/www.clicars.com\/blog\/wp-json\/wp\/v2\/posts\/13124","targetHints":{"allow":["GET"]}}],"collection":[{"href":"https:\/\/www.clicars.com\/blog\/wp-json\/wp\/v2\/posts"}],"about":[{"href":"https:\/\/www.clicars.com\/blog\/wp-json\/wp\/v2\/types\/post"}],"author":[{"embeddable":true,"href":"https:\/\/www.clicars.com\/blog\/wp-json\/wp\/v2\/users\/11"}],"replies":[{"embeddable":true,"href":"https:\/\/www.clicars.com\/blog\/wp-json\/wp\/v2\/comments?post=13124"}],"version-history":[{"count":2,"href":"https:\/\/www.clicars.com\/blog\/wp-json\/wp\/v2\/posts\/13124\/revisions"}],"predecessor-version":[{"id":13128,"href":"https:\/\/www.clicars.com\/blog\/wp-json\/wp\/v2\/posts\/13124\/revisions\/13128"}],"wp:featuredmedia":[{"embeddable":true,"href":"https:\/\/www.clicars.com\/blog\/wp-json\/wp\/v2\/media\/13126"}],"wp:attachment":[{"href":"https:\/\/www.clicars.com\/blog\/wp-json\/wp\/v2\/media?parent=13124"}],"wp:term":[{"taxonomy":"category","embeddable":true,"href":"https:\/\/www.clicars.com\/blog\/wp-json\/wp\/v2\/categories?post=13124"},{"taxonomy":"post_tag","embeddable":true,"href":"https:\/\/www.clicars.com\/blog\/wp-json\/wp\/v2\/tags?post=13124"}],"curies":[{"name":"wp","href":"https:\/\/api.w.org\/{rel}","templated":true}]}}