{"id":13253,"date":"2024-09-06T12:10:43","date_gmt":"2024-09-06T10:10:43","guid":{"rendered":"https:\/\/www.clicars.com\/blog\/?p=13253"},"modified":"2024-09-06T12:10:43","modified_gmt":"2024-09-06T10:10:43","slug":"el-coche-electrico-seguira-recibiendo-ayudas-el-gobierno-prorroga-las-medidas","status":"publish","type":"post","link":"https:\/\/www.clicars.com\/blog\/actualidad\/el-coche-electrico-seguira-recibiendo-ayudas-el-gobierno-prorroga-las-medidas\/","title":{"rendered":"El coche el\u00e9ctrico seguir\u00e1 recibiendo ayudas: el Gobierno prorroga las medidas"},"content":{"rendered":"<div id=\"ez-toc-container\" class=\"ez-toc-v2_0_80 counter-hierarchy ez-toc-counter ez-toc-light-blue ez-toc-container-direction\">\n<p class=\"ez-toc-title\" style=\"cursor:inherit\">\u00cdndice de contenidos<\/p>\n<label for=\"ez-toc-cssicon-toggle-item-69f360083a505\" class=\"ez-toc-cssicon-toggle-label\"><span class=\"ez-toc-cssicon\"><span class=\"eztoc-hide\" style=\"display:none;\">Toggle<\/span><span class=\"ez-toc-icon-toggle-span\"><svg style=\"fill: #999;color:#999\" xmlns=\"http:\/\/www.w3.org\/2000\/svg\" class=\"list-377408\" width=\"20px\" height=\"20px\" viewBox=\"0 0 24 24\" fill=\"none\"><path d=\"M6 6H4v2h2V6zm14 0H8v2h12V6zM4 11h2v2H4v-2zm16 0H8v2h12v-2zM4 16h2v2H4v-2zm16 0H8v2h12v-2z\" fill=\"currentColor\"><\/path><\/svg><svg style=\"fill: #999;color:#999\" class=\"arrow-unsorted-368013\" xmlns=\"http:\/\/www.w3.org\/2000\/svg\" width=\"10px\" height=\"10px\" viewBox=\"0 0 24 24\" version=\"1.2\" baseProfile=\"tiny\"><path d=\"M18.2 9.3l-6.2-6.3-6.2 6.3c-.2.2-.3.4-.3.7s.1.5.3.7c.2.2.4.3.7.3h11c.3 0 .5-.1.7-.3.2-.2.3-.5.3-.7s-.1-.5-.3-.7zM5.8 14.7l6.2 6.3 6.2-6.3c.2-.2.3-.5.3-.7s-.1-.5-.3-.7c-.2-.2-.4-.3-.7-.3h-11c-.3 0-.5.1-.7.3-.2.2-.3.5-.3.7s.1.5.3.7z\"\/><\/svg><\/span><\/span><\/label><input type=\"checkbox\"  id=\"ez-toc-cssicon-toggle-item-69f360083a505\"  aria-label=\"Alternar\" \/><nav><ul class='ez-toc-list ez-toc-list-level-1 ' ><li class='ez-toc-page-1 ez-toc-heading-level-2'><a class=\"ez-toc-link ez-toc-heading-1\" href=\"https:\/\/www.clicars.com\/blog\/actualidad\/el-coche-electrico-seguira-recibiendo-ayudas-el-gobierno-prorroga-las-medidas\/#Sin_cambios_para_las_empresas\" >Sin cambios para las empresas<\/a><\/li><li class='ez-toc-page-1 ez-toc-heading-level-2'><a class=\"ez-toc-link ez-toc-heading-2\" href=\"https:\/\/www.clicars.com\/blog\/actualidad\/el-coche-electrico-seguira-recibiendo-ayudas-el-gobierno-prorroga-las-medidas\/#El_Plan_Moves_III_en_cifras\" >El Plan Moves III en cifras\u00a0<\/a><\/li><li class='ez-toc-page-1 ez-toc-heading-level-2'><a class=\"ez-toc-link ez-toc-heading-3\" href=\"https:\/\/www.clicars.com\/blog\/actualidad\/el-coche-electrico-seguira-recibiendo-ayudas-el-gobierno-prorroga-las-medidas\/#Las_ventas_del_coche_electrico\" >Las ventas del coche el\u00e9ctrico<\/a><\/li><\/ul><\/nav><\/div>\n\n<p><span style=\"font-weight: 400;\">Ha pasado pr\u00e1cticamente medio a\u00f1o desde que Wayne Griffiths, antiguo presidente de la Anfac, abandon\u00f3 su puesto. Y ese mismo lapso de tiempo, ha sido el que el Gobierno ha tardado en responder a una de las grandes peticiones que lleva realizando el sector de la automoci\u00f3n en la actualidad. Las <\/span><b>ayudas a la compra de coches 100% el\u00e9ctricos e h\u00edbridos enchufables<\/b><span style=\"font-weight: 400;\"> necesitaban un impulso nuevo que llegar\u00e1 con el <\/span><b>Plan Moves III. <\/b><span style=\"font-weight: 400;\">No se trata de una gran revoluci\u00f3n, pues las ayudas se seguir\u00e1n cobrando en diferido y luego habr\u00e1 que declararlas en el IRPF, pero al menos suponen un avance en este tipo de apoyos y adem\u00e1s se extender\u00e1n hasta el 31 de diciembre de este 2024.<\/span><\/p>\n<p><span style=\"font-weight: 400;\">En un primer momento, las subvenciones ya fueron prorrogadas hasta el 31 de julio. Pero ahora la medida, en un momento donde el mercado del coche el\u00e9ctrico no acaba de despegar, seguir\u00e1 teniendo <\/span><b>validez hasta finales de a\u00f1o. <\/b><span style=\"font-weight: 400;\">Hasta entonces los cambios no ser\u00e1n significativos ya que se espera, que las grandes negociaciones que reclaman los consumidores comiencen de cara a 2025. Por lo tanto, <\/span><b>cobrar de forma directa la ayuda estatal seguir\u00e1 sin ser posible <\/b><span style=\"font-weight: 400;\">y todo depender\u00e1 de<\/span><b> los plazo que marque cada Comunidad Aut\u00f3noma<\/b><span style=\"font-weight: 400;\">. En algunos casos, las demoras llegan hasta los dos a\u00f1os desde que el usuario solicita la ayuda hasta que la recibe.\u00a0<\/span><\/p>\n<p><span style=\"font-weight: 400;\">Sea como fuere, una vez reciba el importe, el comprador tendr\u00e1 que continuar declar\u00e1ndolo en el correspondiente ejercicio del IRPF en el que cobre esta ayuda. En este sentido, tampoco habr\u00e1 cambios y por lo tanto tambi\u00e9n seguir\u00e1 vigente hasta finales de a\u00f1o l<\/span><b>a desgravaci\u00f3n del 15%<\/b><span style=\"font-weight: 400;\"> en caso de comprar un coche que est\u00e9 dentro de los modelos elegibles que aceptan las ayudas. El tope seguir\u00e1 siendo de<\/span><b> 3.000 euros de beneficio.<\/b><\/p>\n<h2><span class=\"ez-toc-section\" id=\"Sin_cambios_para_las_empresas\"><\/span><span style=\"font-weight: 400;\">Sin cambios para las empresas<\/span><span class=\"ez-toc-section-end\"><\/span><\/h2>\n<p><span style=\"font-weight: 400;\">Aunque estaba sobre la mesa hacer efectivas ciertas actualizaciones que involucrasen al usuario o la empresa, finalmente tampoco habr\u00e1 variaciones en el tratamiento de las compras de coches con enchufe que lleven a cabo las empresas. A pesar de que este tipo de operaciones supone<\/span><b> m\u00e1s del 60% del total<\/b><span style=\"font-weight: 400;\"> relacionadas con el coche el\u00e9ctrico que se producen en el mercado espa\u00f1ol, las novedades tendr\u00e1n que esperar a pesar de que el sector reclama poder<\/span><b> descontarse la totalidad del IVA.<\/b><span style=\"font-weight: 400;\"> Una pr\u00e1ctica que ocurre en Portugal con este tipo de veh\u00edculos.\u00a0<\/span><\/p>\n<p><span style=\"font-weight: 400;\">El hecho de que el reparto de las ayudas se haga en consecuencia al criterio demogr\u00e1fico en lugar de atender al mercado real, ha hecho que la<\/span><b> ampliaci\u00f3n del Moves III <\/b><span style=\"font-weight: 400;\">no suponga un efecto positivo en la compra del coche el\u00e9ctrico. La estrategia del Gobierno pasa por ampliar el plazo de incentivos para el coche el\u00e9ctrico ante el descontento del sector, pero una simple ampliaci\u00f3n no deja satisfecho a un p\u00fablico que ha <\/span><b>desincentivado la demanda en algunas regiones.<\/b><\/p>\n<p><img loading=\"lazy\" decoding=\"async\" class=\"aligncenter size-full wp-image-13255\" src=\"http:\/\/www.clicars.com\/blog\/wp-content\/uploads\/2024\/09\/ayudas-del-gobierno-al-coche-electrico.jpg\" alt=\"ayudas del gobierno al coche electrico\" width=\"1200\" height=\"900\" srcset=\"https:\/\/www.clicars.com\/blog\/wp-content\/uploads\/2024\/09\/ayudas-del-gobierno-al-coche-electrico.jpg 1200w, https:\/\/www.clicars.com\/blog\/wp-content\/uploads\/2024\/09\/ayudas-del-gobierno-al-coche-electrico-300x225.jpg 300w, https:\/\/www.clicars.com\/blog\/wp-content\/uploads\/2024\/09\/ayudas-del-gobierno-al-coche-electrico-1024x768.jpg 1024w, https:\/\/www.clicars.com\/blog\/wp-content\/uploads\/2024\/09\/ayudas-del-gobierno-al-coche-electrico-768x576.jpg 768w\" sizes=\"auto, (max-width: 1200px) 100vw, 1200px\" \/><\/p>\n<h2><span class=\"ez-toc-section\" id=\"El_Plan_Moves_III_en_cifras\"><\/span><span style=\"font-weight: 400;\">El Plan Moves III en cifras\u00a0<\/span><span class=\"ez-toc-section-end\"><\/span><\/h2>\n<p><span style=\"font-weight: 400;\">Seg\u00fan los datos facilitados por el IDAE, de los <\/span><b>1.200 millones de euros destinados<\/b> <b>a los fondos<\/b><span style=\"font-weight: 400;\"> con los que se dot\u00f3 el programa de ayudas al coche el\u00e9ctrico, y sus respectivas ampliaciones, en lo que va de tiempo se han asignado un total de 1.068 millones de euros entre las distintas Comunidades Aut\u00f3nomas. De toda esa cifra que est\u00e1 cerca de llegar al l\u00edmite, la realidad es que los expedientes resueltos (pero no cobrados), no llegan ni siquiera al 60% total del presupuesto. Un dato que demuestra <\/span><b>esa dilataci\u00f3n en el tiempo que no convence a los usuarios <\/b><span style=\"font-weight: 400;\">y se pone en valor, junto a otros de los contras que presenta el coche el\u00e9ctrico en la actualidad.<\/span><\/p>\n<p><span style=\"font-weight: 400;\">A pesar del gran inter\u00e9s que existe por fomentar este tipo de veh\u00edculos, la realidad es que <\/span><b>la red de carga no avanza<\/b><span style=\"font-weight: 400;\"> a la velocidad requerida y ni siquiera existen puntos de carga estrat\u00e9gicos en todo el pa\u00eds. Pero adem\u00e1s, el<\/span><b> alto precio a pagar por un coche de estas caracter\u00edsticas<\/b><span style=\"font-weight: 400;\"> sigue siendo una barrera muy importante para el comprador, especialmente sabiendo que la depreciaci\u00f3n de su coche ser\u00e1 mucho mayor que la de cualquier unidad con un motor de combusti\u00f3n tradicional.\u00a0<\/span><\/p>\n<h2><span class=\"ez-toc-section\" id=\"Las_ventas_del_coche_electrico\"><\/span><span style=\"font-weight: 400;\">Las ventas del coche el\u00e9ctrico<\/span><span class=\"ez-toc-section-end\"><\/span><\/h2>\n<p><span style=\"font-weight: 400;\">A\u00fan con todos los inconvenientes que se ponen encima de la mesa en torno al coche el\u00e9ctrico e h\u00edbrido enchufable, la realidad es que<\/span><b> las matriculaciones<\/b><span style=\"font-weight: 400;\"> siguen aumentando en Espa\u00f1a. Aunque no lo hacen al ritmo que deber\u00edan. En junio de este mismo a\u00f1o se han contabilizado <\/span><b>5.531 entregas<\/b><span style=\"font-weight: 400;\">. En total se representa una subida del 1,04% en comparaci\u00f3n al ejercicio anterior y la cuota de mercado para el coche el\u00e9ctrico en la actualidad, se sit\u00faa en el 5,35% del total de las ventas. Lo que demuestra que todav\u00eda queda trabajo por hacer, a pesar, de que en el primer semestre de este 2024 se han matriculado <\/span><b>un 5,22% m\u00e1s de veh\u00edculos enchufables <\/b><span style=\"font-weight: 400;\">con respecto al mismo periodo del a\u00f1o anterior, siendo el Model 3 de Tesla el prototipo que m\u00e1s \u00e9xito ha generado.\u00a0<\/span><\/p>\n","protected":false},"excerpt":{"rendered":"<p>Ha pasado pr\u00e1cticamente medio a\u00f1o desde que Wayne Griffiths, antiguo presidente de la Anfac, abandon\u00f3&#8230;<\/p>\n","protected":false},"author":11,"featured_media":13254,"comment_status":"closed","ping_status":"closed","sticky":false,"template":"","format":"standard","meta":{"footnotes":""},"categories":[5],"tags":[],"class_list":{"0":"post-13253","1":"post","2":"type-post","3":"status-publish","4":"format-standard","5":"has-post-thumbnail","7":"category-actualidad"},"yoast_head":"<!-- This site is optimized with the Yoast SEO plugin v26.8 - https:\/\/yoast.com\/product\/yoast-seo-wordpress\/ -->\n<title>El coche el\u00e9ctrico seguir\u00e1 recibiendo ayudas - Clicars Blog<\/title>\n<meta name=\"description\" content=\"\u25b7 El gobierno prorroga las ayudas al coche el\u00e9ctrico. Te contamos la nueva fecha hasta la que se prolongan estas ayudas.\" \/>\n<meta name=\"robots\" content=\"index, follow, max-snippet:-1, max-image-preview:large, max-video-preview:-1\" \/>\n<link rel=\"canonical\" href=\"https:\/\/www.clicars.com\/blog\/actualidad\/el-coche-electrico-seguira-recibiendo-ayudas-el-gobierno-prorroga-las-medidas\/\" \/>\n<meta property=\"og:locale\" content=\"es_ES\" \/>\n<meta property=\"og:type\" content=\"article\" \/>\n<meta property=\"og:title\" content=\"El coche el\u00e9ctrico seguir\u00e1 recibiendo ayudas - Clicars Blog\" \/>\n<meta property=\"og:description\" content=\"\u25b7 El gobierno prorroga las ayudas al coche el\u00e9ctrico. Te contamos la nueva fecha hasta la que se prolongan estas ayudas.\" \/>\n<meta property=\"og:url\" content=\"https:\/\/www.clicars.com\/blog\/actualidad\/el-coche-electrico-seguira-recibiendo-ayudas-el-gobierno-prorroga-las-medidas\/\" \/>\n<meta property=\"og:site_name\" content=\"Clicars\" \/>\n<meta property=\"article:published_time\" content=\"2024-09-06T10:10:43+00:00\" \/>\n<meta property=\"og:image\" content=\"http:\/\/www.clicars.com\/blog\/wp-content\/uploads\/2024\/09\/ayudas-al-coche-electrico.jpg\" \/>\n\t<meta property=\"og:image:width\" content=\"1200\" \/>\n\t<meta property=\"og:image:height\" content=\"900\" \/>\n\t<meta property=\"og:image:type\" content=\"image\/jpeg\" \/>\n<meta name=\"author\" content=\"Carmen Ruiz\" \/>\n<meta name=\"twitter:card\" content=\"summary_large_image\" \/>\n<meta name=\"twitter:label1\" content=\"Escrito por\" \/>\n\t<meta name=\"twitter:data1\" content=\"Carmen Ruiz\" \/>\n\t<meta name=\"twitter:label2\" content=\"Tiempo de lectura\" \/>\n\t<meta name=\"twitter:data2\" content=\"5 minutos\" \/>\n<script type=\"application\/ld+json\" class=\"yoast-schema-graph\">{\"@context\":\"https:\/\/schema.org\",\"@graph\":[{\"@type\":\"Article\",\"@id\":\"https:\/\/www.clicars.com\/blog\/actualidad\/el-coche-electrico-seguira-recibiendo-ayudas-el-gobierno-prorroga-las-medidas\/#article\",\"isPartOf\":{\"@id\":\"https:\/\/www.clicars.com\/blog\/actualidad\/el-coche-electrico-seguira-recibiendo-ayudas-el-gobierno-prorroga-las-medidas\/\"},\"author\":{\"name\":\"Carmen Ruiz\",\"@id\":\"https:\/\/www.clicars.com\/blog\/#\/schema\/person\/479c02bf75aade1cf125545238f39cd8\"},\"headline\":\"El coche el\u00e9ctrico seguir\u00e1 recibiendo ayudas: el Gobierno prorroga las medidas\",\"datePublished\":\"2024-09-06T10:10:43+00:00\",\"mainEntityOfPage\":{\"@id\":\"https:\/\/www.clicars.com\/blog\/actualidad\/el-coche-electrico-seguira-recibiendo-ayudas-el-gobierno-prorroga-las-medidas\/\"},\"wordCount\":878,\"image\":{\"@id\":\"https:\/\/www.clicars.com\/blog\/actualidad\/el-coche-electrico-seguira-recibiendo-ayudas-el-gobierno-prorroga-las-medidas\/#primaryimage\"},\"thumbnailUrl\":\"https:\/\/www.clicars.com\/blog\/wp-content\/uploads\/2024\/09\/ayudas-al-coche-electrico.jpg\",\"articleSection\":[\"Actualidad\"],\"inLanguage\":\"es\"},{\"@type\":[\"WebPage\",\"ItemPage\"],\"@id\":\"https:\/\/www.clicars.com\/blog\/actualidad\/el-coche-electrico-seguira-recibiendo-ayudas-el-gobierno-prorroga-las-medidas\/\",\"url\":\"https:\/\/www.clicars.com\/blog\/actualidad\/el-coche-electrico-seguira-recibiendo-ayudas-el-gobierno-prorroga-las-medidas\/\",\"name\":\"El coche el\u00e9ctrico seguir\u00e1 recibiendo ayudas - Clicars Blog\",\"isPartOf\":{\"@id\":\"https:\/\/www.clicars.com\/blog\/#website\"},\"primaryImageOfPage\":{\"@id\":\"https:\/\/www.clicars.com\/blog\/actualidad\/el-coche-electrico-seguira-recibiendo-ayudas-el-gobierno-prorroga-las-medidas\/#primaryimage\"},\"image\":{\"@id\":\"https:\/\/www.clicars.com\/blog\/actualidad\/el-coche-electrico-seguira-recibiendo-ayudas-el-gobierno-prorroga-las-medidas\/#primaryimage\"},\"thumbnailUrl\":\"https:\/\/www.clicars.com\/blog\/wp-content\/uploads\/2024\/09\/ayudas-al-coche-electrico.jpg\",\"datePublished\":\"2024-09-06T10:10:43+00:00\",\"author\":{\"@id\":\"https:\/\/www.clicars.com\/blog\/#\/schema\/person\/479c02bf75aade1cf125545238f39cd8\"},\"description\":\"\u25b7 El gobierno prorroga las ayudas al coche el\u00e9ctrico. Te contamos la nueva fecha hasta la que se prolongan estas ayudas.\",\"breadcrumb\":{\"@id\":\"https:\/\/www.clicars.com\/blog\/actualidad\/el-coche-electrico-seguira-recibiendo-ayudas-el-gobierno-prorroga-las-medidas\/#breadcrumb\"},\"inLanguage\":\"es\",\"potentialAction\":[{\"@type\":\"ReadAction\",\"target\":[\"https:\/\/www.clicars.com\/blog\/actualidad\/el-coche-electrico-seguira-recibiendo-ayudas-el-gobierno-prorroga-las-medidas\/\"]}]},{\"@type\":\"ImageObject\",\"inLanguage\":\"es\",\"@id\":\"https:\/\/www.clicars.com\/blog\/actualidad\/el-coche-electrico-seguira-recibiendo-ayudas-el-gobierno-prorroga-las-medidas\/#primaryimage\",\"url\":\"https:\/\/www.clicars.com\/blog\/wp-content\/uploads\/2024\/09\/ayudas-al-coche-electrico.jpg\",\"contentUrl\":\"https:\/\/www.clicars.com\/blog\/wp-content\/uploads\/2024\/09\/ayudas-al-coche-electrico.jpg\",\"width\":1200,\"height\":900,\"caption\":\"ayudas al coche electrico\"},{\"@type\":\"BreadcrumbList\",\"@id\":\"https:\/\/www.clicars.com\/blog\/actualidad\/el-coche-electrico-seguira-recibiendo-ayudas-el-gobierno-prorroga-las-medidas\/#breadcrumb\",\"itemListElement\":[{\"@type\":\"ListItem\",\"position\":1,\"name\":\"Portada\",\"item\":\"https:\/\/www.clicars.com\/blog\/\"},{\"@type\":\"ListItem\",\"position\":2,\"name\":\"El coche el\u00e9ctrico seguir\u00e1 recibiendo ayudas: el Gobierno prorroga las medidas\"}]},{\"@type\":\"WebSite\",\"@id\":\"https:\/\/www.clicars.com\/blog\/#website\",\"url\":\"https:\/\/www.clicars.com\/blog\/\",\"name\":\"Clicars\",\"description\":\"Compra tu coche de Buena Mano sin moverte de casa\",\"inLanguage\":\"es\"},{\"@type\":\"Person\",\"@id\":\"https:\/\/www.clicars.com\/blog\/#\/schema\/person\/479c02bf75aade1cf125545238f39cd8\",\"name\":\"Carmen Ruiz\",\"image\":{\"@type\":\"ImageObject\",\"inLanguage\":\"es\",\"@id\":\"https:\/\/www.clicars.com\/blog\/#\/schema\/person\/image\/\",\"url\":\"https:\/\/secure.gravatar.com\/avatar\/a0423e471ced02f73a62b5c5f5b49f4431469fa6c61214e7aca040fb6b5a9d62?s=96&d=mm&r=g\",\"contentUrl\":\"https:\/\/secure.gravatar.com\/avatar\/a0423e471ced02f73a62b5c5f5b49f4431469fa6c61214e7aca040fb6b5a9d62?s=96&d=mm&r=g\",\"caption\":\"Carmen Ruiz\"},\"description\":\"Mayo del 97. Empec\u00e9 a escribir sobre motor en El Mundo unos cuantos a\u00f1os m\u00e1s tarde y aunque sent\u00eda que llegaba tarde, supe que era lo que quer\u00eda hacer toda la vida. Me sub\u00ed a muchos asientos en la zona del conductor y despu\u00e9s de probar unos cuantos coches, hice una parada en AS para pasar al lado de la competici\u00f3n. He invertido mucha parte de mi tiempo en los circuitos, pero tambi\u00e9n he podido ver carreras en el desierto como enviada especial al Dakar. Y aunque en la competici\u00f3n todo es m\u00e1s fren\u00e9tico, he comprobado que la adrenalina de pisar un acelerador para descubrir las bondades, nunca desparace.\",\"sameAs\":[\"https:\/\/es.linkedin.com\/in\/carmen-mar\u00eda-ruiz-mart\u00ednez-3440a1116\"],\"url\":\"https:\/\/www.clicars.com\/blog\/author\/carmen-ruiz\/\"}]}<\/script>\n<!-- \/ Yoast SEO plugin. -->","yoast_head_json":{"title":"El coche el\u00e9ctrico seguir\u00e1 recibiendo ayudas - Clicars Blog","description":"\u25b7 El gobierno prorroga las ayudas al coche el\u00e9ctrico. Te contamos la nueva fecha hasta la que se prolongan estas ayudas.","robots":{"index":"index","follow":"follow","max-snippet":"max-snippet:-1","max-image-preview":"max-image-preview:large","max-video-preview":"max-video-preview:-1"},"canonical":"https:\/\/www.clicars.com\/blog\/actualidad\/el-coche-electrico-seguira-recibiendo-ayudas-el-gobierno-prorroga-las-medidas\/","og_locale":"es_ES","og_type":"article","og_title":"El coche el\u00e9ctrico seguir\u00e1 recibiendo ayudas - Clicars Blog","og_description":"\u25b7 El gobierno prorroga las ayudas al coche el\u00e9ctrico. Te contamos la nueva fecha hasta la que se prolongan estas ayudas.","og_url":"https:\/\/www.clicars.com\/blog\/actualidad\/el-coche-electrico-seguira-recibiendo-ayudas-el-gobierno-prorroga-las-medidas\/","og_site_name":"Clicars","article_published_time":"2024-09-06T10:10:43+00:00","og_image":[{"width":1200,"height":900,"url":"http:\/\/www.clicars.com\/blog\/wp-content\/uploads\/2024\/09\/ayudas-al-coche-electrico.jpg","type":"image\/jpeg"}],"author":"Carmen Ruiz","twitter_card":"summary_large_image","twitter_misc":{"Escrito por":"Carmen Ruiz","Tiempo de lectura":"5 minutos"},"schema":{"@context":"https:\/\/schema.org","@graph":[{"@type":"Article","@id":"https:\/\/www.clicars.com\/blog\/actualidad\/el-coche-electrico-seguira-recibiendo-ayudas-el-gobierno-prorroga-las-medidas\/#article","isPartOf":{"@id":"https:\/\/www.clicars.com\/blog\/actualidad\/el-coche-electrico-seguira-recibiendo-ayudas-el-gobierno-prorroga-las-medidas\/"},"author":{"name":"Carmen Ruiz","@id":"https:\/\/www.clicars.com\/blog\/#\/schema\/person\/479c02bf75aade1cf125545238f39cd8"},"headline":"El coche el\u00e9ctrico seguir\u00e1 recibiendo ayudas: el Gobierno prorroga las medidas","datePublished":"2024-09-06T10:10:43+00:00","mainEntityOfPage":{"@id":"https:\/\/www.clicars.com\/blog\/actualidad\/el-coche-electrico-seguira-recibiendo-ayudas-el-gobierno-prorroga-las-medidas\/"},"wordCount":878,"image":{"@id":"https:\/\/www.clicars.com\/blog\/actualidad\/el-coche-electrico-seguira-recibiendo-ayudas-el-gobierno-prorroga-las-medidas\/#primaryimage"},"thumbnailUrl":"https:\/\/www.clicars.com\/blog\/wp-content\/uploads\/2024\/09\/ayudas-al-coche-electrico.jpg","articleSection":["Actualidad"],"inLanguage":"es"},{"@type":["WebPage","ItemPage"],"@id":"https:\/\/www.clicars.com\/blog\/actualidad\/el-coche-electrico-seguira-recibiendo-ayudas-el-gobierno-prorroga-las-medidas\/","url":"https:\/\/www.clicars.com\/blog\/actualidad\/el-coche-electrico-seguira-recibiendo-ayudas-el-gobierno-prorroga-las-medidas\/","name":"El coche el\u00e9ctrico seguir\u00e1 recibiendo ayudas - Clicars Blog","isPartOf":{"@id":"https:\/\/www.clicars.com\/blog\/#website"},"primaryImageOfPage":{"@id":"https:\/\/www.clicars.com\/blog\/actualidad\/el-coche-electrico-seguira-recibiendo-ayudas-el-gobierno-prorroga-las-medidas\/#primaryimage"},"image":{"@id":"https:\/\/www.clicars.com\/blog\/actualidad\/el-coche-electrico-seguira-recibiendo-ayudas-el-gobierno-prorroga-las-medidas\/#primaryimage"},"thumbnailUrl":"https:\/\/www.clicars.com\/blog\/wp-content\/uploads\/2024\/09\/ayudas-al-coche-electrico.jpg","datePublished":"2024-09-06T10:10:43+00:00","author":{"@id":"https:\/\/www.clicars.com\/blog\/#\/schema\/person\/479c02bf75aade1cf125545238f39cd8"},"description":"\u25b7 El gobierno prorroga las ayudas al coche el\u00e9ctrico. Te contamos la nueva fecha hasta la que se prolongan estas ayudas.","breadcrumb":{"@id":"https:\/\/www.clicars.com\/blog\/actualidad\/el-coche-electrico-seguira-recibiendo-ayudas-el-gobierno-prorroga-las-medidas\/#breadcrumb"},"inLanguage":"es","potentialAction":[{"@type":"ReadAction","target":["https:\/\/www.clicars.com\/blog\/actualidad\/el-coche-electrico-seguira-recibiendo-ayudas-el-gobierno-prorroga-las-medidas\/"]}]},{"@type":"ImageObject","inLanguage":"es","@id":"https:\/\/www.clicars.com\/blog\/actualidad\/el-coche-electrico-seguira-recibiendo-ayudas-el-gobierno-prorroga-las-medidas\/#primaryimage","url":"https:\/\/www.clicars.com\/blog\/wp-content\/uploads\/2024\/09\/ayudas-al-coche-electrico.jpg","contentUrl":"https:\/\/www.clicars.com\/blog\/wp-content\/uploads\/2024\/09\/ayudas-al-coche-electrico.jpg","width":1200,"height":900,"caption":"ayudas al coche electrico"},{"@type":"BreadcrumbList","@id":"https:\/\/www.clicars.com\/blog\/actualidad\/el-coche-electrico-seguira-recibiendo-ayudas-el-gobierno-prorroga-las-medidas\/#breadcrumb","itemListElement":[{"@type":"ListItem","position":1,"name":"Portada","item":"https:\/\/www.clicars.com\/blog\/"},{"@type":"ListItem","position":2,"name":"El coche el\u00e9ctrico seguir\u00e1 recibiendo ayudas: el Gobierno prorroga las medidas"}]},{"@type":"WebSite","@id":"https:\/\/www.clicars.com\/blog\/#website","url":"https:\/\/www.clicars.com\/blog\/","name":"Clicars","description":"Compra tu coche de Buena Mano sin moverte de casa","inLanguage":"es"},{"@type":"Person","@id":"https:\/\/www.clicars.com\/blog\/#\/schema\/person\/479c02bf75aade1cf125545238f39cd8","name":"Carmen Ruiz","image":{"@type":"ImageObject","inLanguage":"es","@id":"https:\/\/www.clicars.com\/blog\/#\/schema\/person\/image\/","url":"https:\/\/secure.gravatar.com\/avatar\/a0423e471ced02f73a62b5c5f5b49f4431469fa6c61214e7aca040fb6b5a9d62?s=96&d=mm&r=g","contentUrl":"https:\/\/secure.gravatar.com\/avatar\/a0423e471ced02f73a62b5c5f5b49f4431469fa6c61214e7aca040fb6b5a9d62?s=96&d=mm&r=g","caption":"Carmen Ruiz"},"description":"Mayo del 97. Empec\u00e9 a escribir sobre motor en El Mundo unos cuantos a\u00f1os m\u00e1s tarde y aunque sent\u00eda que llegaba tarde, supe que era lo que quer\u00eda hacer toda la vida. Me sub\u00ed a muchos asientos en la zona del conductor y despu\u00e9s de probar unos cuantos coches, hice una parada en AS para pasar al lado de la competici\u00f3n. He invertido mucha parte de mi tiempo en los circuitos, pero tambi\u00e9n he podido ver carreras en el desierto como enviada especial al Dakar. Y aunque en la competici\u00f3n todo es m\u00e1s fren\u00e9tico, he comprobado que la adrenalina de pisar un acelerador para descubrir las bondades, nunca desparace.","sameAs":["https:\/\/es.linkedin.com\/in\/carmen-mar\u00eda-ruiz-mart\u00ednez-3440a1116"],"url":"https:\/\/www.clicars.com\/blog\/author\/carmen-ruiz\/"}]}},"_links":{"self":[{"href":"https:\/\/www.clicars.com\/blog\/wp-json\/wp\/v2\/posts\/13253","targetHints":{"allow":["GET"]}}],"collection":[{"href":"https:\/\/www.clicars.com\/blog\/wp-json\/wp\/v2\/posts"}],"about":[{"href":"https:\/\/www.clicars.com\/blog\/wp-json\/wp\/v2\/types\/post"}],"author":[{"embeddable":true,"href":"https:\/\/www.clicars.com\/blog\/wp-json\/wp\/v2\/users\/11"}],"replies":[{"embeddable":true,"href":"https:\/\/www.clicars.com\/blog\/wp-json\/wp\/v2\/comments?post=13253"}],"version-history":[{"count":1,"href":"https:\/\/www.clicars.com\/blog\/wp-json\/wp\/v2\/posts\/13253\/revisions"}],"predecessor-version":[{"id":13256,"href":"https:\/\/www.clicars.com\/blog\/wp-json\/wp\/v2\/posts\/13253\/revisions\/13256"}],"wp:featuredmedia":[{"embeddable":true,"href":"https:\/\/www.clicars.com\/blog\/wp-json\/wp\/v2\/media\/13254"}],"wp:attachment":[{"href":"https:\/\/www.clicars.com\/blog\/wp-json\/wp\/v2\/media?parent=13253"}],"wp:term":[{"taxonomy":"category","embeddable":true,"href":"https:\/\/www.clicars.com\/blog\/wp-json\/wp\/v2\/categories?post=13253"},{"taxonomy":"post_tag","embeddable":true,"href":"https:\/\/www.clicars.com\/blog\/wp-json\/wp\/v2\/tags?post=13253"}],"curies":[{"name":"wp","href":"https:\/\/api.w.org\/{rel}","templated":true}]}}