{"id":13257,"date":"2024-09-06T12:38:10","date_gmt":"2024-09-06T10:38:10","guid":{"rendered":"https:\/\/www.clicars.com\/blog\/?p=13257"},"modified":"2024-09-06T12:38:10","modified_gmt":"2024-09-06T10:38:10","slug":"hyundai-inster-la-opcion-electrica-mas-pequena-y-competente-del-mercado","status":"publish","type":"post","link":"https:\/\/www.clicars.com\/blog\/actualidad\/hyundai-inster-la-opcion-electrica-mas-pequena-y-competente-del-mercado\/","title":{"rendered":"Hyundai Inster: la opci\u00f3n el\u00e9ctrica m\u00e1s peque\u00f1a y competente del mercado"},"content":{"rendered":"\n<p><a href=\"https:\/\/www.clicars.com\/coches-segunda-mano-ocasion\/hyundai\"><span style=\"font-weight: 400;\">Hyundai <\/span><\/a><span style=\"font-weight: 400;\">ha ingresado al mercado de veh\u00edculos el\u00e9ctricos asequibles con el nuevo <\/span><b>Inster<\/b><span style=\"font-weight: 400;\">, un <\/span><a href=\"https:\/\/www.clicars.com\/coches-segunda-mano-ocasion\/4x4-suv\"><i><span style=\"font-weight: 400;\">crossover <\/span><\/i><\/a><span style=\"font-weight: 400;\">compacto y econ\u00f3mico que tiene como objetivo poner la propiedad de coches el\u00e9ctricos al alcance de millones de personas. Con un estilo bastante moderno, dimensiones compactas y una autonom\u00eda realmente impresionante (para su clase), el Inster es todo lo que busca un urbanita moderno y consciente del medio ambiente.<\/span><\/p>\n<p><span style=\"font-weight: 400;\">El Hyundai Inster, basado en el <\/span><b>Casper <\/b><span style=\"font-weight: 400;\">con motor de gasolina del mercado coreano, llegar\u00e1 a finales de este a\u00f1o a las calles, con <\/span><b>una autonom\u00eda de hasta 355 kil\u00f3metros y un precio de partida previsto justo por debajo de los 20.000 euros<\/b><span style=\"font-weight: 400;\">, siendo la opci\u00f3n completamente EV m\u00e1s accesible del mercado junto con el <\/span><a href=\"https:\/\/www.clicars.com\/coches-segunda-mano-ocasion\/dacia\/spring\"><span style=\"font-weight: 400;\">Dacia Spring<\/span><\/a><span style=\"font-weight: 400;\">. Sin embargo, a diferencia de este, el Hyundai Inster de acceso ya ofrecer\u00e1 tanto m\u00e1s potencia como m\u00e1s autonom\u00eda que la mejor de las vertientes tope de gama del Spring.<\/span><\/p>\n<p><img loading=\"lazy\" decoding=\"async\" class=\"aligncenter size-full wp-image-13259\" src=\"http:\/\/www.clicars.com\/blog\/wp-content\/uploads\/2024\/09\/nuevo-hyundai.jpg\" alt=\"nuevo hyundai\" width=\"1200\" height=\"600\" srcset=\"https:\/\/www.clicars.com\/blog\/wp-content\/uploads\/2024\/09\/nuevo-hyundai.jpg 1200w, https:\/\/www.clicars.com\/blog\/wp-content\/uploads\/2024\/09\/nuevo-hyundai-300x150.jpg 300w, https:\/\/www.clicars.com\/blog\/wp-content\/uploads\/2024\/09\/nuevo-hyundai-1024x512.jpg 1024w, https:\/\/www.clicars.com\/blog\/wp-content\/uploads\/2024\/09\/nuevo-hyundai-768x384.jpg 768w, https:\/\/www.clicars.com\/blog\/wp-content\/uploads\/2024\/09\/nuevo-hyundai-1000x500.jpg 1000w, https:\/\/www.clicars.com\/blog\/wp-content\/uploads\/2024\/09\/nuevo-hyundai-670x335.jpg 670w\" sizes=\"auto, (max-width: 1200px) 100vw, 1200px\" \/><\/p>\n<p><span style=\"font-weight: 400;\">La carrocer\u00eda y la distancia entre ejes del Inster se han alargado ligeramente en comparaci\u00f3n con el Casper de gasolina, probablemente para dar cabida al nuevo sistema de propulsi\u00f3n del coche. Con <\/span><b>3.825 mil\u00edmetros de largo, 1.610 mm de ancho y 1.575 mm de alto, y una batalla de 2.580 mm<\/b><span style=\"font-weight: 400;\">, el Hyundai es un poco m\u00e1s largo que el Spring, pero m\u00e1s corto que el <\/span><a href=\"https:\/\/www.clicars.com\/coches-segunda-mano-ocasion\/citroen\/c3\"><span style=\"font-weight: 400;\">Citro\u00ebn e-C3<\/span><\/a><span style=\"font-weight: 400;\"> . Y con un maletero de 280 litros (o 351 l con los asientos traseros deslizantes totalmente desplazados hacia delante), tambi\u00e9n es m\u00e1s pr\u00e1ctico.<\/span><\/p>\n<p><span style=\"font-weight: 400;\">En el interior, el Inster cuenta con <\/span><b>asientos plegables para las cuatro plazas<\/b><span style=\"font-weight: 400;\">. No existe una consola central como tal; en cambio, los asientos delanteros se fusionan en una especie de banco, con un par de posavasos ubicados en su interior adem\u00e1s de un apoyabrazos plegable para crear cierta separaci\u00f3n. No se han anunciado especificaciones exactas, pero Hyundai afirma que \u201cla mayor\u00eda del equipamiento y las tecnolog\u00edas vendr\u00e1n de serie\u201d con algunas de las \u201ccaracter\u00edsticas de dise\u00f1o y equipamiento disponibles opcionalmenteW.\u00a0<\/span><\/p>\n<p><span style=\"font-weight: 400;\">El salpicadero cuenta con <\/span><b>una pareja de pantallas de 10,25 pulgadas<\/b><span style=\"font-weight: 400;\"> con navegaci\u00f3n y carga inal\u00e1mbrica. Tambi\u00e9n est\u00e1n disponibles asientos delanteros con calefacci\u00f3n y volante con calefacci\u00f3n. Si bien no hemos tenido la oportunidad de echar un vistazo, la cabina del Inster parece adoptar un enfoque m\u00e1s sofisticado que el Dacia que regresa a lo b\u00e1sico. Adem\u00e1s, entre las opciones podemos encontrar iluminaci\u00f3n ambiental con hasta 64 colores y techo panor\u00e1mico de crital practicable, as\u00ed como numerosos sistemas ADAS.<\/span><\/p>\n<p><span style=\"font-weight: 400;\">El reci\u00e9n llegado surcoreano est\u00e1 equipado con una bater\u00eda de 42 kWh de serie, pero es la de 49 kWh la que acaparar\u00e1 los titulares. Hyundai dice que el modelo de \u201clargo alcance\u201d <\/span><b>es capaz de alcanzar un consumo bastante conservador<\/b><span style=\"font-weight: 400;\"> (y estimado, en esta etapa)<\/span><b> de 6,6 km\/kWh<\/b><span style=\"font-weight: 400;\">, que en conjunto con las llantas m\u00e1s peque\u00f1as de 15 pulgadas, contribuir\u00e1 a que la autonom\u00eda sea muy superior a la declarada por Dacia Spring (de 220 km, en el mejor de los casos). Nadie ofrece mejores caracter\u00edsticas a ese precio.<\/span><\/p>\n<p><span style=\"font-weight: 400;\">En lo que respecta a las prestaciones, el Hyundai Inster contar\u00e1 con <\/span><b>un motor el\u00e9ctrico de 96 CV para el modelo b\u00e1sico, o de 113 CV<\/b><span style=\"font-weight: 400;\"> en las variantes optimizadas para mejorar la autonom\u00eda. La velocidad m\u00e1xima se sit\u00faa en 140 o 150 km\/h, dependiendo de si se opta por el modelo Standard o Long Range, aunque el par motor se calcula en 147 Nm en todos los modelos. Asimismo, el peque\u00f1o Inster podr\u00e1 alcanzar los 100 km\/h desde parado en unos respetables 10,6 segundos con la mec\u00e1nica m\u00e1s en\u00e9rgica.<\/span><\/p>\n<p><img loading=\"lazy\" decoding=\"async\" class=\"aligncenter size-full wp-image-13260\" src=\"http:\/\/www.clicars.com\/blog\/wp-content\/uploads\/2024\/09\/fotos-inster.jpg\" alt=\"fotos inster\" width=\"1200\" height=\"600\" srcset=\"https:\/\/www.clicars.com\/blog\/wp-content\/uploads\/2024\/09\/fotos-inster.jpg 1200w, https:\/\/www.clicars.com\/blog\/wp-content\/uploads\/2024\/09\/fotos-inster-300x150.jpg 300w, https:\/\/www.clicars.com\/blog\/wp-content\/uploads\/2024\/09\/fotos-inster-1024x512.jpg 1024w, https:\/\/www.clicars.com\/blog\/wp-content\/uploads\/2024\/09\/fotos-inster-768x384.jpg 768w, https:\/\/www.clicars.com\/blog\/wp-content\/uploads\/2024\/09\/fotos-inster-1000x500.jpg 1000w, https:\/\/www.clicars.com\/blog\/wp-content\/uploads\/2024\/09\/fotos-inster-670x335.jpg 670w\" sizes=\"auto, (max-width: 1200px) 100vw, 1200px\" \/><\/p>\n<p><span style=\"font-weight: 400;\">Ambos cuentan con <\/span><b>una tasa de carga de corriente continua (CC) m\u00e1xima de 120 kW<\/b><span style=\"font-weight: 400;\">, lo que, seg\u00fan Hyundai, hace que el Inster sea bueno para recargar del 10 al 80 % en 30 minutos. El peque\u00f1o urbanita cargar\u00e1 a <\/span><b>11 kW mediante corriente alterna (CA) cuando las condiciones lo permitan<\/b><span style=\"font-weight: 400;\">, lo que significa que es posible cargar completamente la bater\u00eda m\u00e1s grande en cuatro horas y 35 minutos. El puerto de carga (tanto de CA como de CC) se ubica al frente y cuenta con la tecnolog\u00eda para cargar accesorios externos (V2L).<\/span><\/p>\n<p><span style=\"font-weight: 400;\">Hyundai ofrecer\u00e1 una amplia paleta de colores exteriores, y los clientes podr\u00e1n elegir entre molduras interiores de dos tonos en negro, marr\u00f3n caqui y beige <\/span><i><span style=\"font-weight: 400;\">Newtro<\/span><\/i><span style=\"font-weight: 400;\">. El fabricante dice que el nuevo modelo <\/span><b>cuenta con muchos materiales sostenibles<\/b><span style=\"font-weight: 400;\">, incluida pintura hecha de neum\u00e1ticos, adem\u00e1s de botellas recicladas y de material de biopolipropileno \u00abextra\u00eddo de la ca\u00f1a de az\u00facar\u00bb en el interior. De cualquier forma, <\/span><b>tendremos que esperar al menos hasta 2025<\/b><span style=\"font-weight: 400;\"> para poder ver al Hyundai Inster en todo su esplendor.<\/span><\/p>\n","protected":false},"excerpt":{"rendered":"<p>Hyundai ha ingresado al mercado de veh\u00edculos el\u00e9ctricos asequibles con el nuevo Inster, un crossover&#8230;<\/p>\n","protected":false},"author":2,"featured_media":13258,"comment_status":"closed","ping_status":"closed","sticky":false,"template":"","format":"standard","meta":{"footnotes":""},"categories":[5],"tags":[],"class_list":{"0":"post-13257","1":"post","2":"type-post","3":"status-publish","4":"format-standard","5":"has-post-thumbnail","7":"category-actualidad"},"yoast_head":"<!-- This site is optimized with the Yoast SEO plugin v26.8 - https:\/\/yoast.com\/product\/yoast-seo-wordpress\/ -->\n<title>Hyundai Inster: la opci\u00f3n el\u00e9ctrica m\u00e1s peque\u00f1a - Clicars Blog<\/title>\n<meta name=\"description\" content=\"\u25b7 Hyundai regresaa con el Inster, una opci\u00f3n de coche el\u00e9ctrico, muy vers\u00e1til que llega para conquistar las calles de las ciudades.\" \/>\n<meta name=\"robots\" content=\"index, follow, max-snippet:-1, max-image-preview:large, max-video-preview:-1\" \/>\n<link rel=\"canonical\" href=\"https:\/\/www.clicars.com\/blog\/actualidad\/hyundai-inster-la-opcion-electrica-mas-pequena-y-competente-del-mercado\/\" \/>\n<meta property=\"og:locale\" content=\"es_ES\" \/>\n<meta property=\"og:type\" content=\"article\" \/>\n<meta property=\"og:title\" content=\"Hyundai Inster: la opci\u00f3n el\u00e9ctrica m\u00e1s peque\u00f1a - Clicars Blog\" \/>\n<meta property=\"og:description\" content=\"\u25b7 Hyundai regresaa con el Inster, una opci\u00f3n de coche el\u00e9ctrico, muy vers\u00e1til que llega para conquistar las calles de las ciudades.\" \/>\n<meta property=\"og:url\" content=\"https:\/\/www.clicars.com\/blog\/actualidad\/hyundai-inster-la-opcion-electrica-mas-pequena-y-competente-del-mercado\/\" \/>\n<meta property=\"og:site_name\" content=\"Clicars\" \/>\n<meta property=\"article:published_time\" content=\"2024-09-06T10:38:10+00:00\" \/>\n<meta property=\"og:image\" content=\"http:\/\/www.clicars.com\/blog\/wp-content\/uploads\/2024\/09\/hyundai-inster.jpg\" \/>\n\t<meta property=\"og:image:width\" content=\"1200\" \/>\n\t<meta property=\"og:image:height\" content=\"600\" \/>\n\t<meta property=\"og:image:type\" content=\"image\/jpeg\" \/>\n<meta name=\"author\" content=\"Clicars\" \/>\n<meta name=\"twitter:card\" content=\"summary_large_image\" \/>\n<meta name=\"twitter:label1\" content=\"Escrito por\" \/>\n\t<meta name=\"twitter:data1\" content=\"Clicars\" \/>\n\t<meta name=\"twitter:label2\" content=\"Tiempo de lectura\" \/>\n\t<meta name=\"twitter:data2\" content=\"5 minutos\" \/>\n<script type=\"application\/ld+json\" class=\"yoast-schema-graph\">{\"@context\":\"https:\/\/schema.org\",\"@graph\":[{\"@type\":\"Article\",\"@id\":\"https:\/\/www.clicars.com\/blog\/actualidad\/hyundai-inster-la-opcion-electrica-mas-pequena-y-competente-del-mercado\/#article\",\"isPartOf\":{\"@id\":\"https:\/\/www.clicars.com\/blog\/actualidad\/hyundai-inster-la-opcion-electrica-mas-pequena-y-competente-del-mercado\/\"},\"author\":{\"name\":\"Clicars\",\"@id\":\"https:\/\/www.clicars.com\/blog\/#\/schema\/person\/af686c41ba96962c68871392bf2bb62d\"},\"headline\":\"Hyundai Inster: la opci\u00f3n el\u00e9ctrica m\u00e1s peque\u00f1a y competente del mercado\",\"datePublished\":\"2024-09-06T10:38:10+00:00\",\"mainEntityOfPage\":{\"@id\":\"https:\/\/www.clicars.com\/blog\/actualidad\/hyundai-inster-la-opcion-electrica-mas-pequena-y-competente-del-mercado\/\"},\"wordCount\":815,\"image\":{\"@id\":\"https:\/\/www.clicars.com\/blog\/actualidad\/hyundai-inster-la-opcion-electrica-mas-pequena-y-competente-del-mercado\/#primaryimage\"},\"thumbnailUrl\":\"https:\/\/www.clicars.com\/blog\/wp-content\/uploads\/2024\/09\/hyundai-inster.jpg\",\"articleSection\":[\"Actualidad\"],\"inLanguage\":\"es\"},{\"@type\":[\"WebPage\",\"ItemPage\"],\"@id\":\"https:\/\/www.clicars.com\/blog\/actualidad\/hyundai-inster-la-opcion-electrica-mas-pequena-y-competente-del-mercado\/\",\"url\":\"https:\/\/www.clicars.com\/blog\/actualidad\/hyundai-inster-la-opcion-electrica-mas-pequena-y-competente-del-mercado\/\",\"name\":\"Hyundai Inster: la opci\u00f3n el\u00e9ctrica m\u00e1s peque\u00f1a - Clicars Blog\",\"isPartOf\":{\"@id\":\"https:\/\/www.clicars.com\/blog\/#website\"},\"primaryImageOfPage\":{\"@id\":\"https:\/\/www.clicars.com\/blog\/actualidad\/hyundai-inster-la-opcion-electrica-mas-pequena-y-competente-del-mercado\/#primaryimage\"},\"image\":{\"@id\":\"https:\/\/www.clicars.com\/blog\/actualidad\/hyundai-inster-la-opcion-electrica-mas-pequena-y-competente-del-mercado\/#primaryimage\"},\"thumbnailUrl\":\"https:\/\/www.clicars.com\/blog\/wp-content\/uploads\/2024\/09\/hyundai-inster.jpg\",\"datePublished\":\"2024-09-06T10:38:10+00:00\",\"author\":{\"@id\":\"https:\/\/www.clicars.com\/blog\/#\/schema\/person\/af686c41ba96962c68871392bf2bb62d\"},\"description\":\"\u25b7 Hyundai regresaa con el Inster, una opci\u00f3n de coche el\u00e9ctrico, muy vers\u00e1til que llega para conquistar las calles de las ciudades.\",\"breadcrumb\":{\"@id\":\"https:\/\/www.clicars.com\/blog\/actualidad\/hyundai-inster-la-opcion-electrica-mas-pequena-y-competente-del-mercado\/#breadcrumb\"},\"inLanguage\":\"es\",\"potentialAction\":[{\"@type\":\"ReadAction\",\"target\":[\"https:\/\/www.clicars.com\/blog\/actualidad\/hyundai-inster-la-opcion-electrica-mas-pequena-y-competente-del-mercado\/\"]}]},{\"@type\":\"ImageObject\",\"inLanguage\":\"es\",\"@id\":\"https:\/\/www.clicars.com\/blog\/actualidad\/hyundai-inster-la-opcion-electrica-mas-pequena-y-competente-del-mercado\/#primaryimage\",\"url\":\"https:\/\/www.clicars.com\/blog\/wp-content\/uploads\/2024\/09\/hyundai-inster.jpg\",\"contentUrl\":\"https:\/\/www.clicars.com\/blog\/wp-content\/uploads\/2024\/09\/hyundai-inster.jpg\",\"width\":1200,\"height\":600,\"caption\":\"hyundai inster\"},{\"@type\":\"BreadcrumbList\",\"@id\":\"https:\/\/www.clicars.com\/blog\/actualidad\/hyundai-inster-la-opcion-electrica-mas-pequena-y-competente-del-mercado\/#breadcrumb\",\"itemListElement\":[{\"@type\":\"ListItem\",\"position\":1,\"name\":\"Portada\",\"item\":\"https:\/\/www.clicars.com\/blog\/\"},{\"@type\":\"ListItem\",\"position\":2,\"name\":\"Hyundai Inster: la opci\u00f3n el\u00e9ctrica m\u00e1s peque\u00f1a y competente del mercado\"}]},{\"@type\":\"WebSite\",\"@id\":\"https:\/\/www.clicars.com\/blog\/#website\",\"url\":\"https:\/\/www.clicars.com\/blog\/\",\"name\":\"Clicars\",\"description\":\"Compra tu coche de Buena Mano sin moverte de casa\",\"inLanguage\":\"es\"},{\"@type\":\"Person\",\"@id\":\"https:\/\/www.clicars.com\/blog\/#\/schema\/person\/af686c41ba96962c68871392bf2bb62d\",\"name\":\"Clicars\",\"image\":{\"@type\":\"ImageObject\",\"inLanguage\":\"es\",\"@id\":\"https:\/\/www.clicars.com\/blog\/#\/schema\/person\/image\/\",\"url\":\"https:\/\/secure.gravatar.com\/avatar\/3100622b0023049db14165cdba9dadaa9159743b871e83e440a0df9a70f80e56?s=96&d=mm&r=g\",\"contentUrl\":\"https:\/\/secure.gravatar.com\/avatar\/3100622b0023049db14165cdba9dadaa9159743b871e83e440a0df9a70f80e56?s=96&d=mm&r=g\",\"caption\":\"Clicars\"},\"sameAs\":[\"https:\/\/www.clicars.com\"],\"url\":\"https:\/\/www.clicars.com\/blog\/author\/clicars\/\"}]}<\/script>\n<!-- \/ Yoast SEO plugin. -->","yoast_head_json":{"title":"Hyundai Inster: la opci\u00f3n el\u00e9ctrica m\u00e1s peque\u00f1a - Clicars Blog","description":"\u25b7 Hyundai regresaa con el Inster, una opci\u00f3n de coche el\u00e9ctrico, muy vers\u00e1til que llega para conquistar las calles de las ciudades.","robots":{"index":"index","follow":"follow","max-snippet":"max-snippet:-1","max-image-preview":"max-image-preview:large","max-video-preview":"max-video-preview:-1"},"canonical":"https:\/\/www.clicars.com\/blog\/actualidad\/hyundai-inster-la-opcion-electrica-mas-pequena-y-competente-del-mercado\/","og_locale":"es_ES","og_type":"article","og_title":"Hyundai Inster: la opci\u00f3n el\u00e9ctrica m\u00e1s peque\u00f1a - Clicars Blog","og_description":"\u25b7 Hyundai regresaa con el Inster, una opci\u00f3n de coche el\u00e9ctrico, muy vers\u00e1til que llega para conquistar las calles de las ciudades.","og_url":"https:\/\/www.clicars.com\/blog\/actualidad\/hyundai-inster-la-opcion-electrica-mas-pequena-y-competente-del-mercado\/","og_site_name":"Clicars","article_published_time":"2024-09-06T10:38:10+00:00","og_image":[{"width":1200,"height":600,"url":"http:\/\/www.clicars.com\/blog\/wp-content\/uploads\/2024\/09\/hyundai-inster.jpg","type":"image\/jpeg"}],"author":"Clicars","twitter_card":"summary_large_image","twitter_misc":{"Escrito por":"Clicars","Tiempo de lectura":"5 minutos"},"schema":{"@context":"https:\/\/schema.org","@graph":[{"@type":"Article","@id":"https:\/\/www.clicars.com\/blog\/actualidad\/hyundai-inster-la-opcion-electrica-mas-pequena-y-competente-del-mercado\/#article","isPartOf":{"@id":"https:\/\/www.clicars.com\/blog\/actualidad\/hyundai-inster-la-opcion-electrica-mas-pequena-y-competente-del-mercado\/"},"author":{"name":"Clicars","@id":"https:\/\/www.clicars.com\/blog\/#\/schema\/person\/af686c41ba96962c68871392bf2bb62d"},"headline":"Hyundai Inster: la opci\u00f3n el\u00e9ctrica m\u00e1s peque\u00f1a y competente del mercado","datePublished":"2024-09-06T10:38:10+00:00","mainEntityOfPage":{"@id":"https:\/\/www.clicars.com\/blog\/actualidad\/hyundai-inster-la-opcion-electrica-mas-pequena-y-competente-del-mercado\/"},"wordCount":815,"image":{"@id":"https:\/\/www.clicars.com\/blog\/actualidad\/hyundai-inster-la-opcion-electrica-mas-pequena-y-competente-del-mercado\/#primaryimage"},"thumbnailUrl":"https:\/\/www.clicars.com\/blog\/wp-content\/uploads\/2024\/09\/hyundai-inster.jpg","articleSection":["Actualidad"],"inLanguage":"es"},{"@type":["WebPage","ItemPage"],"@id":"https:\/\/www.clicars.com\/blog\/actualidad\/hyundai-inster-la-opcion-electrica-mas-pequena-y-competente-del-mercado\/","url":"https:\/\/www.clicars.com\/blog\/actualidad\/hyundai-inster-la-opcion-electrica-mas-pequena-y-competente-del-mercado\/","name":"Hyundai Inster: la opci\u00f3n el\u00e9ctrica m\u00e1s peque\u00f1a - Clicars Blog","isPartOf":{"@id":"https:\/\/www.clicars.com\/blog\/#website"},"primaryImageOfPage":{"@id":"https:\/\/www.clicars.com\/blog\/actualidad\/hyundai-inster-la-opcion-electrica-mas-pequena-y-competente-del-mercado\/#primaryimage"},"image":{"@id":"https:\/\/www.clicars.com\/blog\/actualidad\/hyundai-inster-la-opcion-electrica-mas-pequena-y-competente-del-mercado\/#primaryimage"},"thumbnailUrl":"https:\/\/www.clicars.com\/blog\/wp-content\/uploads\/2024\/09\/hyundai-inster.jpg","datePublished":"2024-09-06T10:38:10+00:00","author":{"@id":"https:\/\/www.clicars.com\/blog\/#\/schema\/person\/af686c41ba96962c68871392bf2bb62d"},"description":"\u25b7 Hyundai regresaa con el Inster, una opci\u00f3n de coche el\u00e9ctrico, muy vers\u00e1til que llega para conquistar las calles de las ciudades.","breadcrumb":{"@id":"https:\/\/www.clicars.com\/blog\/actualidad\/hyundai-inster-la-opcion-electrica-mas-pequena-y-competente-del-mercado\/#breadcrumb"},"inLanguage":"es","potentialAction":[{"@type":"ReadAction","target":["https:\/\/www.clicars.com\/blog\/actualidad\/hyundai-inster-la-opcion-electrica-mas-pequena-y-competente-del-mercado\/"]}]},{"@type":"ImageObject","inLanguage":"es","@id":"https:\/\/www.clicars.com\/blog\/actualidad\/hyundai-inster-la-opcion-electrica-mas-pequena-y-competente-del-mercado\/#primaryimage","url":"https:\/\/www.clicars.com\/blog\/wp-content\/uploads\/2024\/09\/hyundai-inster.jpg","contentUrl":"https:\/\/www.clicars.com\/blog\/wp-content\/uploads\/2024\/09\/hyundai-inster.jpg","width":1200,"height":600,"caption":"hyundai inster"},{"@type":"BreadcrumbList","@id":"https:\/\/www.clicars.com\/blog\/actualidad\/hyundai-inster-la-opcion-electrica-mas-pequena-y-competente-del-mercado\/#breadcrumb","itemListElement":[{"@type":"ListItem","position":1,"name":"Portada","item":"https:\/\/www.clicars.com\/blog\/"},{"@type":"ListItem","position":2,"name":"Hyundai Inster: la opci\u00f3n el\u00e9ctrica m\u00e1s peque\u00f1a y competente del mercado"}]},{"@type":"WebSite","@id":"https:\/\/www.clicars.com\/blog\/#website","url":"https:\/\/www.clicars.com\/blog\/","name":"Clicars","description":"Compra tu coche de Buena Mano sin moverte de casa","inLanguage":"es"},{"@type":"Person","@id":"https:\/\/www.clicars.com\/blog\/#\/schema\/person\/af686c41ba96962c68871392bf2bb62d","name":"Clicars","image":{"@type":"ImageObject","inLanguage":"es","@id":"https:\/\/www.clicars.com\/blog\/#\/schema\/person\/image\/","url":"https:\/\/secure.gravatar.com\/avatar\/3100622b0023049db14165cdba9dadaa9159743b871e83e440a0df9a70f80e56?s=96&d=mm&r=g","contentUrl":"https:\/\/secure.gravatar.com\/avatar\/3100622b0023049db14165cdba9dadaa9159743b871e83e440a0df9a70f80e56?s=96&d=mm&r=g","caption":"Clicars"},"sameAs":["https:\/\/www.clicars.com"],"url":"https:\/\/www.clicars.com\/blog\/author\/clicars\/"}]}},"_links":{"self":[{"href":"https:\/\/www.clicars.com\/blog\/wp-json\/wp\/v2\/posts\/13257","targetHints":{"allow":["GET"]}}],"collection":[{"href":"https:\/\/www.clicars.com\/blog\/wp-json\/wp\/v2\/posts"}],"about":[{"href":"https:\/\/www.clicars.com\/blog\/wp-json\/wp\/v2\/types\/post"}],"author":[{"embeddable":true,"href":"https:\/\/www.clicars.com\/blog\/wp-json\/wp\/v2\/users\/2"}],"replies":[{"embeddable":true,"href":"https:\/\/www.clicars.com\/blog\/wp-json\/wp\/v2\/comments?post=13257"}],"version-history":[{"count":1,"href":"https:\/\/www.clicars.com\/blog\/wp-json\/wp\/v2\/posts\/13257\/revisions"}],"predecessor-version":[{"id":13261,"href":"https:\/\/www.clicars.com\/blog\/wp-json\/wp\/v2\/posts\/13257\/revisions\/13261"}],"wp:featuredmedia":[{"embeddable":true,"href":"https:\/\/www.clicars.com\/blog\/wp-json\/wp\/v2\/media\/13258"}],"wp:attachment":[{"href":"https:\/\/www.clicars.com\/blog\/wp-json\/wp\/v2\/media?parent=13257"}],"wp:term":[{"taxonomy":"category","embeddable":true,"href":"https:\/\/www.clicars.com\/blog\/wp-json\/wp\/v2\/categories?post=13257"},{"taxonomy":"post_tag","embeddable":true,"href":"https:\/\/www.clicars.com\/blog\/wp-json\/wp\/v2\/tags?post=13257"}],"curies":[{"name":"wp","href":"https:\/\/api.w.org\/{rel}","templated":true}]}}