{"id":13302,"date":"2024-09-12T10:35:16","date_gmt":"2024-09-12T08:35:16","guid":{"rendered":"https:\/\/www.clicars.com\/blog\/?p=13302"},"modified":"2024-09-12T10:35:16","modified_gmt":"2024-09-12T08:35:16","slug":"seat-ateca-fr-special-edition-ahora-con-el-motor-1-0-tsi-de-115-cv","status":"publish","type":"post","link":"https:\/\/www.clicars.com\/blog\/actualidad\/seat-ateca-fr-special-edition-ahora-con-el-motor-1-0-tsi-de-115-cv\/","title":{"rendered":"SEAT Ateca FR Special Edition: ahora con el motor 1.0 TSI de 115 CV"},"content":{"rendered":"\n<p><a href=\"https:\/\/www.clicars.com\/coches-segunda-mano-ocasion\/seat\"><span style=\"font-weight: 400;\">SEAT <\/span><\/a><span style=\"font-weight: 400;\">ha ampliado su gama mec\u00e1nica en el ya veterano <\/span><b>Ateca <\/b><span style=\"font-weight: 400;\">(lanzado en 2016 y actualizado en 2020) con la llegada de la versi\u00f3n de corte deportivo \u201c<\/span><b>FR Special Edition<\/b><span style=\"font-weight: 400;\">\u201d, incorporando el motor 1.0 TSI de 115 CV asociado a una caja de cambios manual de seis velocidades. Este nuevo motor se suma a la opci\u00f3n ya existente de gasolina, el 1.5 TSI de 150 CV, disponible tanto con transmisi\u00f3n manual como autom\u00e1tica DSG.<\/span><\/p>\n<p><span style=\"font-weight: 400;\">La vertiente FR Special Edition busca destacar por su dise\u00f1o deportivo, caracter\u00edstico de los acabados FR de SEAT, y su comportamiento din\u00e1mico, gracias a la optimizaci\u00f3n del chasis con una puesta a punto m\u00e1s afinada. Pero, para la gran mayor\u00eda, estos no ser\u00e1n los mejores puntos a remarcar. Lo har\u00e1 por contar con <\/span><b>un equipamiento de serie muy completo <\/b><span style=\"font-weight: 400;\">con un \u00e9nfasis en confort, dise\u00f1o, seguridad y tecnolog\u00eda de conectividad, con <\/span><b>la relaci\u00f3n calidad-precio m\u00e1s tentadora del segmento<\/b><span style=\"font-weight: 400;\"> de los<\/span><a href=\"https:\/\/www.clicars.com\/blog\/actualidad\/descubre-los-mejores-suv-para-el-2024\/\"><span style=\"font-weight: 400;\"> SUV compactos<\/span><\/a><span style=\"font-weight: 400;\">.<\/span><\/p>\n<p><span style=\"font-weight: 400;\">En t\u00e9rminos de dinamismo, de serie se incluye el denominado <\/span><b><i>SEAT Drive Profile<\/i><\/b><span style=\"font-weight: 400;\">, que sirve para seleccionar los distintos modos de conducci\u00f3n, as\u00ed como direcci\u00f3n progresiva, bloqueo electr\u00f3nico del diferencial electr\u00f3nico (XDS) y llantas de aleaci\u00f3n de 18 pulgadas. Siguiendo en el apartado est\u00e9tico, se aprecian los paragolpes espec\u00edficos del acabado FR, unos pasos de rueda m\u00e1s musculosos, el <\/span><i><span style=\"font-weight: 400;\">spoiler <\/span><\/i><span style=\"font-weight: 400;\">y <\/span><i><span style=\"font-weight: 400;\">splitter <\/span><\/i><span style=\"font-weight: 400;\">en color de la carrocer\u00eda y, a bordo, tapicer\u00eda Din\u00e1mica negra, volante multifunci\u00f3n en piel y pedales de aluminio.<\/span><\/p>\n<p><span style=\"font-weight: 400;\">En cuanto a <\/span><b>confort<\/b><span style=\"font-weight: 400;\">, el asistente de aparcamiento autom\u00e1tico, la c\u00e1mara de visi\u00f3n de 360 grados, el port\u00f3n trasero el\u00e9ctrico con funci\u00f3n manos libres y el sistema de apertura y arranque sin llave tambi\u00e9n forman parte de la dotaci\u00f3n de serie. La <\/span><b>seguridad <\/b><span style=\"font-weight: 400;\">tambi\u00e9n es un aspecto clave, raz\u00f3n por la que encontramos faros delanteros y traseros <\/span><i><span style=\"font-weight: 400;\">Full LED<\/span><\/i><span style=\"font-weight: 400;\">, asistente de mantenimiento de carril <\/span><i><span style=\"font-weight: 400;\">(Lane Assist)<\/span><\/i><span style=\"font-weight: 400;\">, asistente de frenada de emergencia <\/span><i><span style=\"font-weight: 400;\">(Front Assist)<\/span><\/i><span style=\"font-weight: 400;\">, asistente de luces autom\u00e1ticas, reconocimiento de se\u00f1ales de tr\u00e1fico, detector de \u00e1ngulo muerto, alerta de tr\u00e1fico posterior y asistente de precolisi\u00f3n.<\/span><\/p>\n<p><span style=\"font-weight: 400;\">Y en cuanto a <\/span><b>conectividad<\/b><span style=\"font-weight: 400;\">, el SEAT Ateca en esta versi\u00f3n incluye un <\/span><b>sistema de infoentretenimiento con pantalla de 9,2\u2019\u2019<\/b><span style=\"font-weight: 400;\">, un <\/span><b>cuadro de instrumentos de 10,25\u2019\u2019<\/b><span style=\"font-weight: 400;\"> personalizable <\/span><i><span style=\"font-weight: 400;\">(Digital Cockpit)<\/span><\/i><span style=\"font-weight: 400;\">, el sistema inal\u00e1mbrico <\/span><i><span style=\"font-weight: 400;\">Full Link<\/span><\/i><span style=\"font-weight: 400;\"> (compatible con <\/span><a href=\"https:\/\/www.clicars.com\/blog\/comparativa\/android-auto-vs-apple-carplay\/\"><span style=\"font-weight: 400;\">Android Auto y Apple CarPlay<\/span><\/a><span style=\"font-weight: 400;\">), un cargador inal\u00e1mbrico para dispositivos m\u00f3viles y el sistema <\/span><i><span style=\"font-weight: 400;\">SEAT Connect<\/span><\/i><span style=\"font-weight: 400;\">, que permite funciones remotas a trav\u00e9s de la aplicaci\u00f3n <\/span><i><span style=\"font-weight: 400;\">My SEAT<\/span><\/i><span style=\"font-weight: 400;\">. Adem\u00e1s, el SEAT Ateca FR Special Edition ofrece la posibilidad de elegir entre cinco colores y dos tipos de llantas de aleaci\u00f3n 18\u2019\u2019.<\/span><\/p>\n<p><span style=\"font-weight: 400;\">En lo que respecta a las prestaciones puras y duras, el propulsor turboalimentado de <\/span><b>tres cilindros 1.0 TSI <\/b><span style=\"font-weight: 400;\">ofrece <\/span><b>115 CV y 200 Nm<\/b><span style=\"font-weight: 400;\">. Presente tambi\u00e9n en otros modelos de la marca como el Ibiza o el Le\u00f3n, los puntos fuertes de este motor entonan por otorgar consumos ajustados y prestaciones adecuadas para moverse con agilidad entre el tr\u00e1fico urbano. En el caso del Ateca, el 0 a 100 km\/h lo cubre en 11 segundos y la velocidad m\u00e1xima es de 183 km\/h, homologando un consumo medio (WLTP) de 6 l\/100 km.<\/span><\/p>\n<p><span style=\"font-weight: 400;\">El nuevo SEAT Ateca FR Special Edition con motor 1.0 TSI de 115 CV <\/span><b>est\u00e1 disponible a partir de 31.100 euros<\/b><span style=\"font-weight: 400;\">, con descuentos base ofrecidos por la marca. SEAT tambi\u00e9n proporciona una opci\u00f3n de garant\u00eda extendida de hasta 10 a\u00f1os en toda su gama. Y si no puedes esperar a que te llegue tu nuevo modelo, en <\/span><a href=\"https:\/\/www.clicars.com\/coches-segunda-mano-ocasion\/seat\"><span style=\"font-weight: 400;\">Clicars disponemos de una amplia selecci\u00f3n de Ateca<\/span><\/a><span style=\"font-weight: 400;\">, que incluye tambi\u00e9n alternativas di\u00e9sel de 150 CV y de gasolina m\u00e1s potentes de 190 CV.<\/span><\/p>\n","protected":false},"excerpt":{"rendered":"<p>SEAT ha ampliado su gama mec\u00e1nica en el ya veterano Ateca (lanzado en 2016 y&#8230;<\/p>\n","protected":false},"author":9,"featured_media":13303,"comment_status":"closed","ping_status":"closed","sticky":false,"template":"","format":"standard","meta":{"footnotes":""},"categories":[5],"tags":[],"class_list":{"0":"post-13302","1":"post","2":"type-post","3":"status-publish","4":"format-standard","5":"has-post-thumbnail","7":"category-actualidad"},"yoast_head":"<!-- This site is optimized with the Yoast SEO plugin v26.8 - https:\/\/yoast.com\/product\/yoast-seo-wordpress\/ -->\n<title>SEAT Ateca FR Special Edition: Motor 1.0 TSI - Clicars Blog<\/title>\n<meta name=\"description\" content=\"\u25b7 Ya tenemos aqu\u00ed el m\u00edtico SEAT Ateca FR en otra variante de motor m\u00e1s accesible. Un agran opci\u00f3n para los amantes del FR\" \/>\n<meta name=\"robots\" content=\"index, follow, max-snippet:-1, max-image-preview:large, max-video-preview:-1\" \/>\n<link rel=\"canonical\" href=\"https:\/\/www.clicars.com\/blog\/actualidad\/seat-ateca-fr-special-edition-ahora-con-el-motor-1-0-tsi-de-115-cv\/\" \/>\n<meta property=\"og:locale\" content=\"es_ES\" \/>\n<meta property=\"og:type\" content=\"article\" \/>\n<meta property=\"og:title\" content=\"SEAT Ateca FR Special Edition: Motor 1.0 TSI - Clicars Blog\" \/>\n<meta property=\"og:description\" content=\"\u25b7 Ya tenemos aqu\u00ed el m\u00edtico SEAT Ateca FR en otra variante de motor m\u00e1s accesible. Un agran opci\u00f3n para los amantes del FR\" \/>\n<meta property=\"og:url\" content=\"https:\/\/www.clicars.com\/blog\/actualidad\/seat-ateca-fr-special-edition-ahora-con-el-motor-1-0-tsi-de-115-cv\/\" \/>\n<meta property=\"og:site_name\" content=\"Clicars\" \/>\n<meta property=\"article:published_time\" content=\"2024-09-12T08:35:16+00:00\" \/>\n<meta property=\"og:image\" content=\"http:\/\/www.clicars.com\/blog\/wp-content\/uploads\/2024\/09\/Seat-Ateca-FR-special-edition-1.jpg\" \/>\n\t<meta property=\"og:image:width\" content=\"1200\" \/>\n\t<meta property=\"og:image:height\" content=\"800\" \/>\n\t<meta property=\"og:image:type\" content=\"image\/jpeg\" \/>\n<meta name=\"author\" content=\"Luis Bl\u00e1zquez\" \/>\n<meta name=\"twitter:card\" content=\"summary_large_image\" \/>\n<meta name=\"twitter:label1\" content=\"Escrito por\" \/>\n\t<meta name=\"twitter:data1\" content=\"Luis Bl\u00e1zquez\" \/>\n\t<meta name=\"twitter:label2\" content=\"Tiempo de lectura\" \/>\n\t<meta name=\"twitter:data2\" content=\"3 minutos\" \/>\n<script type=\"application\/ld+json\" class=\"yoast-schema-graph\">{\"@context\":\"https:\/\/schema.org\",\"@graph\":[{\"@type\":\"Article\",\"@id\":\"https:\/\/www.clicars.com\/blog\/actualidad\/seat-ateca-fr-special-edition-ahora-con-el-motor-1-0-tsi-de-115-cv\/#article\",\"isPartOf\":{\"@id\":\"https:\/\/www.clicars.com\/blog\/actualidad\/seat-ateca-fr-special-edition-ahora-con-el-motor-1-0-tsi-de-115-cv\/\"},\"author\":{\"name\":\"Luis Bl\u00e1zquez\",\"@id\":\"https:\/\/www.clicars.com\/blog\/#\/schema\/person\/c89c17578baf7e98a71929208c7fcc7f\"},\"headline\":\"SEAT Ateca FR Special Edition: ahora con el motor 1.0 TSI de 115 CV\",\"datePublished\":\"2024-09-12T08:35:16+00:00\",\"mainEntityOfPage\":{\"@id\":\"https:\/\/www.clicars.com\/blog\/actualidad\/seat-ateca-fr-special-edition-ahora-con-el-motor-1-0-tsi-de-115-cv\/\"},\"wordCount\":644,\"image\":{\"@id\":\"https:\/\/www.clicars.com\/blog\/actualidad\/seat-ateca-fr-special-edition-ahora-con-el-motor-1-0-tsi-de-115-cv\/#primaryimage\"},\"thumbnailUrl\":\"https:\/\/www.clicars.com\/blog\/wp-content\/uploads\/2024\/09\/Seat-Ateca-FR-special-edition-1.jpg\",\"articleSection\":[\"Actualidad\"],\"inLanguage\":\"es\"},{\"@type\":[\"WebPage\",\"ItemPage\"],\"@id\":\"https:\/\/www.clicars.com\/blog\/actualidad\/seat-ateca-fr-special-edition-ahora-con-el-motor-1-0-tsi-de-115-cv\/\",\"url\":\"https:\/\/www.clicars.com\/blog\/actualidad\/seat-ateca-fr-special-edition-ahora-con-el-motor-1-0-tsi-de-115-cv\/\",\"name\":\"SEAT Ateca FR Special Edition: Motor 1.0 TSI - Clicars Blog\",\"isPartOf\":{\"@id\":\"https:\/\/www.clicars.com\/blog\/#website\"},\"primaryImageOfPage\":{\"@id\":\"https:\/\/www.clicars.com\/blog\/actualidad\/seat-ateca-fr-special-edition-ahora-con-el-motor-1-0-tsi-de-115-cv\/#primaryimage\"},\"image\":{\"@id\":\"https:\/\/www.clicars.com\/blog\/actualidad\/seat-ateca-fr-special-edition-ahora-con-el-motor-1-0-tsi-de-115-cv\/#primaryimage\"},\"thumbnailUrl\":\"https:\/\/www.clicars.com\/blog\/wp-content\/uploads\/2024\/09\/Seat-Ateca-FR-special-edition-1.jpg\",\"datePublished\":\"2024-09-12T08:35:16+00:00\",\"author\":{\"@id\":\"https:\/\/www.clicars.com\/blog\/#\/schema\/person\/c89c17578baf7e98a71929208c7fcc7f\"},\"description\":\"\u25b7 Ya tenemos aqu\u00ed el m\u00edtico SEAT Ateca FR en otra variante de motor m\u00e1s accesible. Un agran opci\u00f3n para los amantes del FR\",\"breadcrumb\":{\"@id\":\"https:\/\/www.clicars.com\/blog\/actualidad\/seat-ateca-fr-special-edition-ahora-con-el-motor-1-0-tsi-de-115-cv\/#breadcrumb\"},\"inLanguage\":\"es\",\"potentialAction\":[{\"@type\":\"ReadAction\",\"target\":[\"https:\/\/www.clicars.com\/blog\/actualidad\/seat-ateca-fr-special-edition-ahora-con-el-motor-1-0-tsi-de-115-cv\/\"]}]},{\"@type\":\"ImageObject\",\"inLanguage\":\"es\",\"@id\":\"https:\/\/www.clicars.com\/blog\/actualidad\/seat-ateca-fr-special-edition-ahora-con-el-motor-1-0-tsi-de-115-cv\/#primaryimage\",\"url\":\"https:\/\/www.clicars.com\/blog\/wp-content\/uploads\/2024\/09\/Seat-Ateca-FR-special-edition-1.jpg\",\"contentUrl\":\"https:\/\/www.clicars.com\/blog\/wp-content\/uploads\/2024\/09\/Seat-Ateca-FR-special-edition-1.jpg\",\"width\":1200,\"height\":800,\"caption\":\"Seat Ateca FR special edition (1)\"},{\"@type\":\"BreadcrumbList\",\"@id\":\"https:\/\/www.clicars.com\/blog\/actualidad\/seat-ateca-fr-special-edition-ahora-con-el-motor-1-0-tsi-de-115-cv\/#breadcrumb\",\"itemListElement\":[{\"@type\":\"ListItem\",\"position\":1,\"name\":\"Portada\",\"item\":\"https:\/\/www.clicars.com\/blog\/\"},{\"@type\":\"ListItem\",\"position\":2,\"name\":\"SEAT Ateca FR Special Edition: ahora con el motor 1.0 TSI de 115 CV\"}]},{\"@type\":\"WebSite\",\"@id\":\"https:\/\/www.clicars.com\/blog\/#website\",\"url\":\"https:\/\/www.clicars.com\/blog\/\",\"name\":\"Clicars\",\"description\":\"Compra tu coche de Buena Mano sin moverte de casa\",\"inLanguage\":\"es\"},{\"@type\":\"Person\",\"@id\":\"https:\/\/www.clicars.com\/blog\/#\/schema\/person\/c89c17578baf7e98a71929208c7fcc7f\",\"name\":\"Luis Bl\u00e1zquez\",\"image\":{\"@type\":\"ImageObject\",\"inLanguage\":\"es\",\"@id\":\"https:\/\/www.clicars.com\/blog\/#\/schema\/person\/image\/\",\"url\":\"https:\/\/secure.gravatar.com\/avatar\/5214422833f62ac5eff4b49b98cf2bb3da6d1c0bd202eb91b732410ef94c8981?s=96&d=mm&r=g\",\"contentUrl\":\"https:\/\/secure.gravatar.com\/avatar\/5214422833f62ac5eff4b49b98cf2bb3da6d1c0bd202eb91b732410ef94c8981?s=96&d=mm&r=g\",\"caption\":\"Luis Bl\u00e1zquez\"},\"description\":\"Apasionado de todo lo que tenga ruedas previamente a tener uso de raz\u00f3n. Por mis venas corre la gasolina que me permite plasmar con palabras cualquier asunto relacionado con el mundo de la automoci\u00f3n. Para algunos dos m\u00e1s dos son cuatro; para m\u00ed, es un coche.\",\"sameAs\":[\"https:\/\/es.linkedin.com\/in\/luis-bl\u00e1zquez-b7b5ba207\"],\"url\":\"https:\/\/www.clicars.com\/blog\/author\/luis-blazquez\/\"}]}<\/script>\n<!-- \/ Yoast SEO plugin. -->","yoast_head_json":{"title":"SEAT Ateca FR Special Edition: Motor 1.0 TSI - Clicars Blog","description":"\u25b7 Ya tenemos aqu\u00ed el m\u00edtico SEAT Ateca FR en otra variante de motor m\u00e1s accesible. Un agran opci\u00f3n para los amantes del FR","robots":{"index":"index","follow":"follow","max-snippet":"max-snippet:-1","max-image-preview":"max-image-preview:large","max-video-preview":"max-video-preview:-1"},"canonical":"https:\/\/www.clicars.com\/blog\/actualidad\/seat-ateca-fr-special-edition-ahora-con-el-motor-1-0-tsi-de-115-cv\/","og_locale":"es_ES","og_type":"article","og_title":"SEAT Ateca FR Special Edition: Motor 1.0 TSI - Clicars Blog","og_description":"\u25b7 Ya tenemos aqu\u00ed el m\u00edtico SEAT Ateca FR en otra variante de motor m\u00e1s accesible. Un agran opci\u00f3n para los amantes del FR","og_url":"https:\/\/www.clicars.com\/blog\/actualidad\/seat-ateca-fr-special-edition-ahora-con-el-motor-1-0-tsi-de-115-cv\/","og_site_name":"Clicars","article_published_time":"2024-09-12T08:35:16+00:00","og_image":[{"width":1200,"height":800,"url":"http:\/\/www.clicars.com\/blog\/wp-content\/uploads\/2024\/09\/Seat-Ateca-FR-special-edition-1.jpg","type":"image\/jpeg"}],"author":"Luis Bl\u00e1zquez","twitter_card":"summary_large_image","twitter_misc":{"Escrito por":"Luis Bl\u00e1zquez","Tiempo de lectura":"3 minutos"},"schema":{"@context":"https:\/\/schema.org","@graph":[{"@type":"Article","@id":"https:\/\/www.clicars.com\/blog\/actualidad\/seat-ateca-fr-special-edition-ahora-con-el-motor-1-0-tsi-de-115-cv\/#article","isPartOf":{"@id":"https:\/\/www.clicars.com\/blog\/actualidad\/seat-ateca-fr-special-edition-ahora-con-el-motor-1-0-tsi-de-115-cv\/"},"author":{"name":"Luis Bl\u00e1zquez","@id":"https:\/\/www.clicars.com\/blog\/#\/schema\/person\/c89c17578baf7e98a71929208c7fcc7f"},"headline":"SEAT Ateca FR Special Edition: ahora con el motor 1.0 TSI de 115 CV","datePublished":"2024-09-12T08:35:16+00:00","mainEntityOfPage":{"@id":"https:\/\/www.clicars.com\/blog\/actualidad\/seat-ateca-fr-special-edition-ahora-con-el-motor-1-0-tsi-de-115-cv\/"},"wordCount":644,"image":{"@id":"https:\/\/www.clicars.com\/blog\/actualidad\/seat-ateca-fr-special-edition-ahora-con-el-motor-1-0-tsi-de-115-cv\/#primaryimage"},"thumbnailUrl":"https:\/\/www.clicars.com\/blog\/wp-content\/uploads\/2024\/09\/Seat-Ateca-FR-special-edition-1.jpg","articleSection":["Actualidad"],"inLanguage":"es"},{"@type":["WebPage","ItemPage"],"@id":"https:\/\/www.clicars.com\/blog\/actualidad\/seat-ateca-fr-special-edition-ahora-con-el-motor-1-0-tsi-de-115-cv\/","url":"https:\/\/www.clicars.com\/blog\/actualidad\/seat-ateca-fr-special-edition-ahora-con-el-motor-1-0-tsi-de-115-cv\/","name":"SEAT Ateca FR Special Edition: Motor 1.0 TSI - Clicars Blog","isPartOf":{"@id":"https:\/\/www.clicars.com\/blog\/#website"},"primaryImageOfPage":{"@id":"https:\/\/www.clicars.com\/blog\/actualidad\/seat-ateca-fr-special-edition-ahora-con-el-motor-1-0-tsi-de-115-cv\/#primaryimage"},"image":{"@id":"https:\/\/www.clicars.com\/blog\/actualidad\/seat-ateca-fr-special-edition-ahora-con-el-motor-1-0-tsi-de-115-cv\/#primaryimage"},"thumbnailUrl":"https:\/\/www.clicars.com\/blog\/wp-content\/uploads\/2024\/09\/Seat-Ateca-FR-special-edition-1.jpg","datePublished":"2024-09-12T08:35:16+00:00","author":{"@id":"https:\/\/www.clicars.com\/blog\/#\/schema\/person\/c89c17578baf7e98a71929208c7fcc7f"},"description":"\u25b7 Ya tenemos aqu\u00ed el m\u00edtico SEAT Ateca FR en otra variante de motor m\u00e1s accesible. Un agran opci\u00f3n para los amantes del FR","breadcrumb":{"@id":"https:\/\/www.clicars.com\/blog\/actualidad\/seat-ateca-fr-special-edition-ahora-con-el-motor-1-0-tsi-de-115-cv\/#breadcrumb"},"inLanguage":"es","potentialAction":[{"@type":"ReadAction","target":["https:\/\/www.clicars.com\/blog\/actualidad\/seat-ateca-fr-special-edition-ahora-con-el-motor-1-0-tsi-de-115-cv\/"]}]},{"@type":"ImageObject","inLanguage":"es","@id":"https:\/\/www.clicars.com\/blog\/actualidad\/seat-ateca-fr-special-edition-ahora-con-el-motor-1-0-tsi-de-115-cv\/#primaryimage","url":"https:\/\/www.clicars.com\/blog\/wp-content\/uploads\/2024\/09\/Seat-Ateca-FR-special-edition-1.jpg","contentUrl":"https:\/\/www.clicars.com\/blog\/wp-content\/uploads\/2024\/09\/Seat-Ateca-FR-special-edition-1.jpg","width":1200,"height":800,"caption":"Seat Ateca FR special edition (1)"},{"@type":"BreadcrumbList","@id":"https:\/\/www.clicars.com\/blog\/actualidad\/seat-ateca-fr-special-edition-ahora-con-el-motor-1-0-tsi-de-115-cv\/#breadcrumb","itemListElement":[{"@type":"ListItem","position":1,"name":"Portada","item":"https:\/\/www.clicars.com\/blog\/"},{"@type":"ListItem","position":2,"name":"SEAT Ateca FR Special Edition: ahora con el motor 1.0 TSI de 115 CV"}]},{"@type":"WebSite","@id":"https:\/\/www.clicars.com\/blog\/#website","url":"https:\/\/www.clicars.com\/blog\/","name":"Clicars","description":"Compra tu coche de Buena Mano sin moverte de casa","inLanguage":"es"},{"@type":"Person","@id":"https:\/\/www.clicars.com\/blog\/#\/schema\/person\/c89c17578baf7e98a71929208c7fcc7f","name":"Luis Bl\u00e1zquez","image":{"@type":"ImageObject","inLanguage":"es","@id":"https:\/\/www.clicars.com\/blog\/#\/schema\/person\/image\/","url":"https:\/\/secure.gravatar.com\/avatar\/5214422833f62ac5eff4b49b98cf2bb3da6d1c0bd202eb91b732410ef94c8981?s=96&d=mm&r=g","contentUrl":"https:\/\/secure.gravatar.com\/avatar\/5214422833f62ac5eff4b49b98cf2bb3da6d1c0bd202eb91b732410ef94c8981?s=96&d=mm&r=g","caption":"Luis Bl\u00e1zquez"},"description":"Apasionado de todo lo que tenga ruedas previamente a tener uso de raz\u00f3n. Por mis venas corre la gasolina que me permite plasmar con palabras cualquier asunto relacionado con el mundo de la automoci\u00f3n. Para algunos dos m\u00e1s dos son cuatro; para m\u00ed, es un coche.","sameAs":["https:\/\/es.linkedin.com\/in\/luis-bl\u00e1zquez-b7b5ba207"],"url":"https:\/\/www.clicars.com\/blog\/author\/luis-blazquez\/"}]}},"_links":{"self":[{"href":"https:\/\/www.clicars.com\/blog\/wp-json\/wp\/v2\/posts\/13302","targetHints":{"allow":["GET"]}}],"collection":[{"href":"https:\/\/www.clicars.com\/blog\/wp-json\/wp\/v2\/posts"}],"about":[{"href":"https:\/\/www.clicars.com\/blog\/wp-json\/wp\/v2\/types\/post"}],"author":[{"embeddable":true,"href":"https:\/\/www.clicars.com\/blog\/wp-json\/wp\/v2\/users\/9"}],"replies":[{"embeddable":true,"href":"https:\/\/www.clicars.com\/blog\/wp-json\/wp\/v2\/comments?post=13302"}],"version-history":[{"count":1,"href":"https:\/\/www.clicars.com\/blog\/wp-json\/wp\/v2\/posts\/13302\/revisions"}],"predecessor-version":[{"id":13304,"href":"https:\/\/www.clicars.com\/blog\/wp-json\/wp\/v2\/posts\/13302\/revisions\/13304"}],"wp:featuredmedia":[{"embeddable":true,"href":"https:\/\/www.clicars.com\/blog\/wp-json\/wp\/v2\/media\/13303"}],"wp:attachment":[{"href":"https:\/\/www.clicars.com\/blog\/wp-json\/wp\/v2\/media?parent=13302"}],"wp:term":[{"taxonomy":"category","embeddable":true,"href":"https:\/\/www.clicars.com\/blog\/wp-json\/wp\/v2\/categories?post=13302"},{"taxonomy":"post_tag","embeddable":true,"href":"https:\/\/www.clicars.com\/blog\/wp-json\/wp\/v2\/tags?post=13302"}],"curies":[{"name":"wp","href":"https:\/\/api.w.org\/{rel}","templated":true}]}}