{"id":13389,"date":"2024-09-27T09:18:58","date_gmt":"2024-09-27T07:18:58","guid":{"rendered":"https:\/\/www.clicars.com\/blog\/?p=13389"},"modified":"2024-09-27T09:18:58","modified_gmt":"2024-09-27T07:18:58","slug":"tesla-baja-sus-precios-el-model-3-y-model-y","status":"publish","type":"post","link":"https:\/\/www.clicars.com\/blog\/actualidad\/tesla-baja-sus-precios-el-model-3-y-model-y\/","title":{"rendered":"Tesla baja sus precios: el Model 3 y Model Y"},"content":{"rendered":"<div id=\"ez-toc-container\" class=\"ez-toc-v2_0_80 counter-hierarchy ez-toc-counter ez-toc-light-blue ez-toc-container-direction\">\n<p class=\"ez-toc-title\" style=\"cursor:inherit\">\u00cdndice de contenidos<\/p>\n<label for=\"ez-toc-cssicon-toggle-item-69f35d513ecac\" class=\"ez-toc-cssicon-toggle-label\"><span class=\"ez-toc-cssicon\"><span class=\"eztoc-hide\" style=\"display:none;\">Toggle<\/span><span class=\"ez-toc-icon-toggle-span\"><svg style=\"fill: #999;color:#999\" xmlns=\"http:\/\/www.w3.org\/2000\/svg\" class=\"list-377408\" width=\"20px\" height=\"20px\" viewBox=\"0 0 24 24\" fill=\"none\"><path d=\"M6 6H4v2h2V6zm14 0H8v2h12V6zM4 11h2v2H4v-2zm16 0H8v2h12v-2zM4 16h2v2H4v-2zm16 0H8v2h12v-2z\" fill=\"currentColor\"><\/path><\/svg><svg style=\"fill: #999;color:#999\" class=\"arrow-unsorted-368013\" xmlns=\"http:\/\/www.w3.org\/2000\/svg\" width=\"10px\" height=\"10px\" viewBox=\"0 0 24 24\" version=\"1.2\" baseProfile=\"tiny\"><path d=\"M18.2 9.3l-6.2-6.3-6.2 6.3c-.2.2-.3.4-.3.7s.1.5.3.7c.2.2.4.3.7.3h11c.3 0 .5-.1.7-.3.2-.2.3-.5.3-.7s-.1-.5-.3-.7zM5.8 14.7l6.2 6.3 6.2-6.3c.2-.2.3-.5.3-.7s-.1-.5-.3-.7c-.2-.2-.4-.3-.7-.3h-11c-.3 0-.5.1-.7.3-.2.2-.3.5-.3.7s.1.5.3.7z\"\/><\/svg><\/span><\/span><\/label><input type=\"checkbox\"  id=\"ez-toc-cssicon-toggle-item-69f35d513ecac\"  aria-label=\"Alternar\" \/><nav><ul class='ez-toc-list ez-toc-list-level-1 ' ><li class='ez-toc-page-1 ez-toc-heading-level-2'><a class=\"ez-toc-link ez-toc-heading-1\" href=\"https:\/\/www.clicars.com\/blog\/actualidad\/tesla-baja-sus-precios-el-model-3-y-model-y\/#Tesla_apuesta_por_precios_competitivos\" >Tesla apuesta por precios competitivos<\/a><\/li><li class='ez-toc-page-1 ez-toc-heading-level-2'><a class=\"ez-toc-link ez-toc-heading-2\" href=\"https:\/\/www.clicars.com\/blog\/actualidad\/tesla-baja-sus-precios-el-model-3-y-model-y\/#Tesla_sigue_creciendo\" >Tesla sigue creciendo\u00a0<\/a><\/li><li class='ez-toc-page-1 ez-toc-heading-level-2'><a class=\"ez-toc-link ez-toc-heading-3\" href=\"https:\/\/www.clicars.com\/blog\/actualidad\/tesla-baja-sus-precios-el-model-3-y-model-y\/#Compatible_con_el_Plan_MOVES\" >Compatible con el Plan MOVES<\/a><\/li><\/ul><\/nav><\/div>\n\n<p><b>Tesla ha vuelto a reavivar la guerra de precios<\/b><span style=\"font-weight: 400;\">. Otra vez. Despu\u00e9s de iniciar esta batalla en el mercado del coche el\u00e9ctrico hace m\u00e1s de un a\u00f1o (durante el comienzo de 2023), la marca estadounidense ha vuelto a la carga despu\u00e9s de varios meses de subidas de precios continuadas en los coches nuevos y tambi\u00e9n, en los de segunda mano. En ese momento, la firma de<\/span><b> Elon Musk<\/b><span style=\"font-weight: 400;\"> ya se propuso<\/span><b> seguir liderando el mercado de los coches<\/b><span style=\"font-weight: 400;\"> el\u00e9ctricos, acertaron con la estrategia viendo como el <\/span><b>Model Y<\/b><span style=\"font-weight: 400;\"> acababa siendo el coche m\u00e1s vendido en todo el mundo y oblig\u00f3 al resto de fabricantes a mover ficha.<\/span><\/p>\n<p><span style=\"font-weight: 400;\">La competencia directa no tard\u00f3 en reaccionar ya que <\/span><b>la jugada de Tesla fue un golpe sobre la mesa<\/b><span style=\"font-weight: 400;\">. Pero una vez recibida la respuesta, la marca estadounidense ha vuelto a meter la tijera en sus tarifas y no de una forma cualquiera. Porque <\/span><b>han bajado los precios de sus modelos m\u00e1s vendidos.<\/b><span style=\"font-weight: 400;\"> En lo que llevamos de 2024, el <\/span><b>Model 3<\/b><span style=\"font-weight: 400;\"> es su primer coche m\u00e1s vendido y justo por detr\u00e1s, le sigue el <\/span><b>Model Y. <\/b><span style=\"font-weight: 400;\">Su dominio es tal que entre ambos prototipos, suman m\u00e1s unidades vendidas que los otros ocho coches que componen el r\u00e1nking de los 10 m\u00e1s vendidos. Y para reconfirmar su poder\u00edo, ahora ser\u00e1n todav\u00eda m\u00e1s baratos.<\/span><\/p>\n<h2><span class=\"ez-toc-section\" id=\"Tesla_apuesta_por_precios_competitivos\"><\/span><span style=\"font-weight: 400;\">Tesla apuesta por precios competitivos<\/span><span class=\"ez-toc-section-end\"><\/span><\/h2>\n<p><span style=\"font-weight: 400;\">Tesla ha bajado (y subido) el precio de sus coches en m\u00e1s de una ocasi\u00f3n. Sin embargo, el decrecimiento siempre ha sido mucho m\u00e1s importante y es que la firma estadounidense, siempre ha apostado por unos <\/span><b>precios proporcionalmente mucho m\u00e1s competitivos que la mayor\u00eda de sus rivales <\/b><span style=\"font-weight: 400;\">directos. Todo ello, a costa de comerse parte de sus m\u00e1rgenes empresariales en alguna ocasi\u00f3n. <\/span><b>Musk quiere, por encima de todo, vender. <\/b><span style=\"font-weight: 400;\">Y este \u00faltimo movimiento es una demostraci\u00f3n m\u00e1s de su agresividad comercial. Porque tan solo unos d\u00edas despu\u00e9s de haber incrementado las tarifas en <\/span><b>1.500 euros a causa de los aranceles a los el\u00e9ctricos chinos, vuelven a llegar las rebajas.<\/b><\/p>\n<p><span style=\"font-weight: 400;\">Tesla ha lanzado una campa\u00f1a de descuento directo en Espa\u00f1a, con un valor que doblega esa cifra que provoc\u00f3 un incremento de precios. El programa que ha puesto en vigor la firma estadounidense se presenta bajo el nombre de <\/span><b>\u2018Tesla Boost\u2019 <\/b><span style=\"font-weight: 400;\">y presten atenci\u00f3n a las rebajas. El <\/span><b>SUV el\u00e9ctrico,<\/b><span style=\"font-weight: 400;\"> que ya ten\u00eda un precio imbatible antes de este movimiento (estaba disponible en Espa\u00f1a desde 44.990 euros), ahora es todav\u00eda m\u00e1s barato. El <\/span><b>Model Y<\/b><span style=\"font-weight: 400;\"> ha reducido su precio de partida en <\/span><b>3.290 euros<\/b><span style=\"font-weight: 400;\"> y esa cantidad, tambi\u00e9n en su variante de acceso, es aplicable a las gamas del <\/span><b>Model 3.<\/b><\/p>\n<p><img loading=\"lazy\" decoding=\"async\" class=\"size-full wp-image-13391\" src=\"http:\/\/www.clicars.com\/blog\/wp-content\/uploads\/2024\/09\/tesla-model-y.jpg\" alt=\"Tesla Model Y\" width=\"800\" height=\"600\" srcset=\"https:\/\/www.clicars.com\/blog\/wp-content\/uploads\/2024\/09\/tesla-model-y.jpg 800w, https:\/\/www.clicars.com\/blog\/wp-content\/uploads\/2024\/09\/tesla-model-y-300x225.jpg 300w, https:\/\/www.clicars.com\/blog\/wp-content\/uploads\/2024\/09\/tesla-model-y-768x576.jpg 768w\" sizes=\"auto, (max-width: 800px) 100vw, 800px\" \/><\/p>\n<h2><span class=\"ez-toc-section\" id=\"Tesla_sigue_creciendo\"><\/span><span style=\"font-weight: 400;\">Tesla sigue creciendo\u00a0<\/span><span class=\"ez-toc-section-end\"><\/span><\/h2>\n<p><span style=\"font-weight: 400;\">A pesar de que Tesla est\u00e1 dispuesta a aprovechar cualquier m\u00ednima oportuidad para econtrar la manera de <\/span><b>seguir liderando el mercado, <\/b><span style=\"font-weight: 400;\">a la marca estadouidense ni siquiera le ha hecho falta llegar a esta rebaja para que sus cifras contin\u00faen en aumento. En lo que va de a\u00f1o, la firma de Elon Musk acumula <\/span><b>un crecimiento del 36%<\/b><span style=\"font-weight: 400;\"> despu\u00e9s de seis meses, que pretenden incrementar considerablemente durante la segunda mitad del curso. Porque sus dos modelos m\u00e1s vendidos, El<\/span> <a href=\"https:\/\/www.clicars.com\/coches-segunda-mano-ocasion\/tesla\/model-3\"><b>Model 3<\/b><\/a><b> y el <\/b><a href=\"https:\/\/www.clicars.com\/coches-segunda-mano-ocasion\/tesla\/model-y\"><b>Model Y<\/b><\/a><b>, se pueden encontrar por menos de 27.000 y 30.000 euros<\/b><span style=\"font-weight: 400;\"> respectivamente (sumando las ayudas estatales).<\/span><\/p>\n<p><span style=\"font-weight: 400;\">Esos precios corresponden a las versiones de tracci\u00f3n trasera y bater\u00eda de 60 kWh de capacidad. En el caso del <\/span><b>Model 3, este cuenta con 293 CV de potencia y 513 kil\u00f3metros <\/b><span style=\"font-weight: 400;\">de autonom\u00eda. Mientras que el <\/span><b>Model Y presume de 299 CV de potencia y 455 kil\u00f3metros<\/b><span style=\"font-weight: 400;\"> de alcance sin recarga (en ciclo combinado WLTP). Las cifras son muy similares y en lo refereido a velocidad m\u00e1xima, id\u00e9nticas. Ambos modelos<\/span><b> superan los 200 km\/h <\/b><span style=\"font-weight: 400;\">y bajan de los siete segundos en pasar de 0 a 100 km\/h. \u00bfD\u00f3nde est\u00e1n sus diferencias? En la velocidad de recarga en corriente continua: 170 del Model 3 a 250 kW del Model Y.<\/span><\/p>\n<h2><span class=\"ez-toc-section\" id=\"Compatible_con_el_Plan_MOVES\"><\/span><span style=\"font-weight: 400;\">Compatible con el Plan MOVES<\/span><span class=\"ez-toc-section-end\"><\/span><\/h2>\n<p><span style=\"font-weight: 400;\">Por si las cifras no fuesen lo suficientemente convincentes, el gran aliciente de esta operaci\u00f3n est\u00e1 en su compativilidad co las ayudas del<\/span><b> Plan MOVES III. <\/b><span style=\"font-weight: 400;\">Este plan de incentivos que pone el Gobierno a disposici\u00f3n de aquellos que optan por la compra de un coche el\u00e9ctrico es acumulable a la oferta que presenta<\/span><b> Tesla y que estar\u00e1 vigente hasta el 30 de septiembre. <\/b><span style=\"font-weight: 400;\">Aunque debe tener en cuenta, que en un primer momento tan solo contar\u00e1 con el descuento directo de Tesla.<\/span><\/p>\n<p><span style=\"font-weight: 400;\">De primeras tendr\u00e1 que <\/span><b>adelantar la subvenci\u00f3n del Plan MOVES<\/b><span style=\"font-weight: 400;\">: hasta 7.000 euros de descuento y otros 3.000 euros m\u00e1ximo de la desgravaci\u00f3n del 15% en el IRPF. Pero mientras tanto, en caso de ser <\/span><b>particular<\/b><span style=\"font-weight: 400;\">, tambi\u00e9n podr\u00e1 disfrutar de un <\/span><b>descuento adicional de 1.210 euros<\/b><span style=\"font-weight: 400;\"> que pone Tesla a tu disposici\u00f3n para que no te pienses la compra. Simplemente, act\u00faes.<\/span><\/p>\n","protected":false},"excerpt":{"rendered":"<p>Tesla ha vuelto a reavivar la guerra de precios. Otra vez. Despu\u00e9s de iniciar esta&#8230;<\/p>\n","protected":false},"author":2,"featured_media":13390,"comment_status":"closed","ping_status":"closed","sticky":false,"template":"","format":"standard","meta":{"footnotes":""},"categories":[5],"tags":[],"class_list":{"0":"post-13389","1":"post","2":"type-post","3":"status-publish","4":"format-standard","5":"has-post-thumbnail","7":"category-actualidad"},"yoast_head":"<!-- This site is optimized with the Yoast SEO plugin v26.8 - https:\/\/yoast.com\/product\/yoast-seo-wordpress\/ -->\n<title>Tesla baja sus precios: el Model 3 y Model Y - Clicars Blog<\/title>\n<meta name=\"description\" content=\"Conoce la bajada de precios de Tesla: Model 3 y Model Y m\u00e1s econ\u00f3micos que nunca. Compatible con Plan MOVES.\" \/>\n<meta name=\"robots\" content=\"index, follow, max-snippet:-1, max-image-preview:large, max-video-preview:-1\" \/>\n<link rel=\"canonical\" href=\"https:\/\/www.clicars.com\/blog\/actualidad\/tesla-baja-sus-precios-el-model-3-y-model-y\/\" \/>\n<meta property=\"og:locale\" content=\"es_ES\" \/>\n<meta property=\"og:type\" content=\"article\" \/>\n<meta property=\"og:title\" content=\"Tesla baja sus precios: el Model 3 y Model Y - Clicars Blog\" \/>\n<meta property=\"og:description\" content=\"Conoce la bajada de precios de Tesla: Model 3 y Model Y m\u00e1s econ\u00f3micos que nunca. Compatible con Plan MOVES.\" \/>\n<meta property=\"og:url\" content=\"https:\/\/www.clicars.com\/blog\/actualidad\/tesla-baja-sus-precios-el-model-3-y-model-y\/\" \/>\n<meta property=\"og:site_name\" content=\"Clicars\" \/>\n<meta property=\"article:published_time\" content=\"2024-09-27T07:18:58+00:00\" \/>\n<meta property=\"og:image\" content=\"http:\/\/www.clicars.com\/blog\/wp-content\/uploads\/2024\/09\/Tesla-baja-sus-precios-el-model-3-y-model-y.jpg\" \/>\n\t<meta property=\"og:image:width\" content=\"800\" \/>\n\t<meta property=\"og:image:height\" content=\"600\" \/>\n\t<meta property=\"og:image:type\" content=\"image\/jpeg\" \/>\n<meta name=\"author\" content=\"Clicars\" \/>\n<meta name=\"twitter:card\" content=\"summary_large_image\" \/>\n<meta name=\"twitter:label1\" content=\"Escrito por\" \/>\n\t<meta name=\"twitter:data1\" content=\"Clicars\" \/>\n\t<meta name=\"twitter:label2\" content=\"Tiempo de lectura\" \/>\n\t<meta name=\"twitter:data2\" content=\"5 minutos\" \/>\n<script type=\"application\/ld+json\" class=\"yoast-schema-graph\">{\"@context\":\"https:\/\/schema.org\",\"@graph\":[{\"@type\":\"Article\",\"@id\":\"https:\/\/www.clicars.com\/blog\/actualidad\/tesla-baja-sus-precios-el-model-3-y-model-y\/#article\",\"isPartOf\":{\"@id\":\"https:\/\/www.clicars.com\/blog\/actualidad\/tesla-baja-sus-precios-el-model-3-y-model-y\/\"},\"author\":{\"name\":\"Clicars\",\"@id\":\"https:\/\/www.clicars.com\/blog\/#\/schema\/person\/af686c41ba96962c68871392bf2bb62d\"},\"headline\":\"Tesla baja sus precios: el Model 3 y Model Y\",\"datePublished\":\"2024-09-27T07:18:58+00:00\",\"mainEntityOfPage\":{\"@id\":\"https:\/\/www.clicars.com\/blog\/actualidad\/tesla-baja-sus-precios-el-model-3-y-model-y\/\"},\"wordCount\":842,\"image\":{\"@id\":\"https:\/\/www.clicars.com\/blog\/actualidad\/tesla-baja-sus-precios-el-model-3-y-model-y\/#primaryimage\"},\"thumbnailUrl\":\"https:\/\/www.clicars.com\/blog\/wp-content\/uploads\/2024\/09\/Tesla-baja-sus-precios-el-model-3-y-model-y.jpg\",\"articleSection\":[\"Actualidad\"],\"inLanguage\":\"es\"},{\"@type\":[\"WebPage\",\"ItemPage\"],\"@id\":\"https:\/\/www.clicars.com\/blog\/actualidad\/tesla-baja-sus-precios-el-model-3-y-model-y\/\",\"url\":\"https:\/\/www.clicars.com\/blog\/actualidad\/tesla-baja-sus-precios-el-model-3-y-model-y\/\",\"name\":\"Tesla baja sus precios: el Model 3 y Model Y - Clicars Blog\",\"isPartOf\":{\"@id\":\"https:\/\/www.clicars.com\/blog\/#website\"},\"primaryImageOfPage\":{\"@id\":\"https:\/\/www.clicars.com\/blog\/actualidad\/tesla-baja-sus-precios-el-model-3-y-model-y\/#primaryimage\"},\"image\":{\"@id\":\"https:\/\/www.clicars.com\/blog\/actualidad\/tesla-baja-sus-precios-el-model-3-y-model-y\/#primaryimage\"},\"thumbnailUrl\":\"https:\/\/www.clicars.com\/blog\/wp-content\/uploads\/2024\/09\/Tesla-baja-sus-precios-el-model-3-y-model-y.jpg\",\"datePublished\":\"2024-09-27T07:18:58+00:00\",\"author\":{\"@id\":\"https:\/\/www.clicars.com\/blog\/#\/schema\/person\/af686c41ba96962c68871392bf2bb62d\"},\"description\":\"Conoce la bajada de precios de Tesla: Model 3 y Model Y m\u00e1s econ\u00f3micos que nunca. Compatible con Plan MOVES.\",\"breadcrumb\":{\"@id\":\"https:\/\/www.clicars.com\/blog\/actualidad\/tesla-baja-sus-precios-el-model-3-y-model-y\/#breadcrumb\"},\"inLanguage\":\"es\",\"potentialAction\":[{\"@type\":\"ReadAction\",\"target\":[\"https:\/\/www.clicars.com\/blog\/actualidad\/tesla-baja-sus-precios-el-model-3-y-model-y\/\"]}]},{\"@type\":\"ImageObject\",\"inLanguage\":\"es\",\"@id\":\"https:\/\/www.clicars.com\/blog\/actualidad\/tesla-baja-sus-precios-el-model-3-y-model-y\/#primaryimage\",\"url\":\"https:\/\/www.clicars.com\/blog\/wp-content\/uploads\/2024\/09\/Tesla-baja-sus-precios-el-model-3-y-model-y.jpg\",\"contentUrl\":\"https:\/\/www.clicars.com\/blog\/wp-content\/uploads\/2024\/09\/Tesla-baja-sus-precios-el-model-3-y-model-y.jpg\",\"width\":800,\"height\":600,\"caption\":\"Dise\u00f1o sin t\u00edtulo - 1\"},{\"@type\":\"BreadcrumbList\",\"@id\":\"https:\/\/www.clicars.com\/blog\/actualidad\/tesla-baja-sus-precios-el-model-3-y-model-y\/#breadcrumb\",\"itemListElement\":[{\"@type\":\"ListItem\",\"position\":1,\"name\":\"Portada\",\"item\":\"https:\/\/www.clicars.com\/blog\/\"},{\"@type\":\"ListItem\",\"position\":2,\"name\":\"Tesla baja sus precios: el Model 3 y Model Y\"}]},{\"@type\":\"WebSite\",\"@id\":\"https:\/\/www.clicars.com\/blog\/#website\",\"url\":\"https:\/\/www.clicars.com\/blog\/\",\"name\":\"Clicars\",\"description\":\"Compra tu coche de Buena Mano sin moverte de casa\",\"inLanguage\":\"es\"},{\"@type\":\"Person\",\"@id\":\"https:\/\/www.clicars.com\/blog\/#\/schema\/person\/af686c41ba96962c68871392bf2bb62d\",\"name\":\"Clicars\",\"image\":{\"@type\":\"ImageObject\",\"inLanguage\":\"es\",\"@id\":\"https:\/\/www.clicars.com\/blog\/#\/schema\/person\/image\/\",\"url\":\"https:\/\/secure.gravatar.com\/avatar\/3100622b0023049db14165cdba9dadaa9159743b871e83e440a0df9a70f80e56?s=96&d=mm&r=g\",\"contentUrl\":\"https:\/\/secure.gravatar.com\/avatar\/3100622b0023049db14165cdba9dadaa9159743b871e83e440a0df9a70f80e56?s=96&d=mm&r=g\",\"caption\":\"Clicars\"},\"sameAs\":[\"https:\/\/www.clicars.com\"],\"url\":\"https:\/\/www.clicars.com\/blog\/author\/clicars\/\"}]}<\/script>\n<!-- \/ Yoast SEO plugin. -->","yoast_head_json":{"title":"Tesla baja sus precios: el Model 3 y Model Y - Clicars Blog","description":"Conoce la bajada de precios de Tesla: Model 3 y Model Y m\u00e1s econ\u00f3micos que nunca. Compatible con Plan MOVES.","robots":{"index":"index","follow":"follow","max-snippet":"max-snippet:-1","max-image-preview":"max-image-preview:large","max-video-preview":"max-video-preview:-1"},"canonical":"https:\/\/www.clicars.com\/blog\/actualidad\/tesla-baja-sus-precios-el-model-3-y-model-y\/","og_locale":"es_ES","og_type":"article","og_title":"Tesla baja sus precios: el Model 3 y Model Y - Clicars Blog","og_description":"Conoce la bajada de precios de Tesla: Model 3 y Model Y m\u00e1s econ\u00f3micos que nunca. Compatible con Plan MOVES.","og_url":"https:\/\/www.clicars.com\/blog\/actualidad\/tesla-baja-sus-precios-el-model-3-y-model-y\/","og_site_name":"Clicars","article_published_time":"2024-09-27T07:18:58+00:00","og_image":[{"width":800,"height":600,"url":"http:\/\/www.clicars.com\/blog\/wp-content\/uploads\/2024\/09\/Tesla-baja-sus-precios-el-model-3-y-model-y.jpg","type":"image\/jpeg"}],"author":"Clicars","twitter_card":"summary_large_image","twitter_misc":{"Escrito por":"Clicars","Tiempo de lectura":"5 minutos"},"schema":{"@context":"https:\/\/schema.org","@graph":[{"@type":"Article","@id":"https:\/\/www.clicars.com\/blog\/actualidad\/tesla-baja-sus-precios-el-model-3-y-model-y\/#article","isPartOf":{"@id":"https:\/\/www.clicars.com\/blog\/actualidad\/tesla-baja-sus-precios-el-model-3-y-model-y\/"},"author":{"name":"Clicars","@id":"https:\/\/www.clicars.com\/blog\/#\/schema\/person\/af686c41ba96962c68871392bf2bb62d"},"headline":"Tesla baja sus precios: el Model 3 y Model Y","datePublished":"2024-09-27T07:18:58+00:00","mainEntityOfPage":{"@id":"https:\/\/www.clicars.com\/blog\/actualidad\/tesla-baja-sus-precios-el-model-3-y-model-y\/"},"wordCount":842,"image":{"@id":"https:\/\/www.clicars.com\/blog\/actualidad\/tesla-baja-sus-precios-el-model-3-y-model-y\/#primaryimage"},"thumbnailUrl":"https:\/\/www.clicars.com\/blog\/wp-content\/uploads\/2024\/09\/Tesla-baja-sus-precios-el-model-3-y-model-y.jpg","articleSection":["Actualidad"],"inLanguage":"es"},{"@type":["WebPage","ItemPage"],"@id":"https:\/\/www.clicars.com\/blog\/actualidad\/tesla-baja-sus-precios-el-model-3-y-model-y\/","url":"https:\/\/www.clicars.com\/blog\/actualidad\/tesla-baja-sus-precios-el-model-3-y-model-y\/","name":"Tesla baja sus precios: el Model 3 y Model Y - Clicars Blog","isPartOf":{"@id":"https:\/\/www.clicars.com\/blog\/#website"},"primaryImageOfPage":{"@id":"https:\/\/www.clicars.com\/blog\/actualidad\/tesla-baja-sus-precios-el-model-3-y-model-y\/#primaryimage"},"image":{"@id":"https:\/\/www.clicars.com\/blog\/actualidad\/tesla-baja-sus-precios-el-model-3-y-model-y\/#primaryimage"},"thumbnailUrl":"https:\/\/www.clicars.com\/blog\/wp-content\/uploads\/2024\/09\/Tesla-baja-sus-precios-el-model-3-y-model-y.jpg","datePublished":"2024-09-27T07:18:58+00:00","author":{"@id":"https:\/\/www.clicars.com\/blog\/#\/schema\/person\/af686c41ba96962c68871392bf2bb62d"},"description":"Conoce la bajada de precios de Tesla: Model 3 y Model Y m\u00e1s econ\u00f3micos que nunca. Compatible con Plan MOVES.","breadcrumb":{"@id":"https:\/\/www.clicars.com\/blog\/actualidad\/tesla-baja-sus-precios-el-model-3-y-model-y\/#breadcrumb"},"inLanguage":"es","potentialAction":[{"@type":"ReadAction","target":["https:\/\/www.clicars.com\/blog\/actualidad\/tesla-baja-sus-precios-el-model-3-y-model-y\/"]}]},{"@type":"ImageObject","inLanguage":"es","@id":"https:\/\/www.clicars.com\/blog\/actualidad\/tesla-baja-sus-precios-el-model-3-y-model-y\/#primaryimage","url":"https:\/\/www.clicars.com\/blog\/wp-content\/uploads\/2024\/09\/Tesla-baja-sus-precios-el-model-3-y-model-y.jpg","contentUrl":"https:\/\/www.clicars.com\/blog\/wp-content\/uploads\/2024\/09\/Tesla-baja-sus-precios-el-model-3-y-model-y.jpg","width":800,"height":600,"caption":"Dise\u00f1o sin t\u00edtulo - 1"},{"@type":"BreadcrumbList","@id":"https:\/\/www.clicars.com\/blog\/actualidad\/tesla-baja-sus-precios-el-model-3-y-model-y\/#breadcrumb","itemListElement":[{"@type":"ListItem","position":1,"name":"Portada","item":"https:\/\/www.clicars.com\/blog\/"},{"@type":"ListItem","position":2,"name":"Tesla baja sus precios: el Model 3 y Model Y"}]},{"@type":"WebSite","@id":"https:\/\/www.clicars.com\/blog\/#website","url":"https:\/\/www.clicars.com\/blog\/","name":"Clicars","description":"Compra tu coche de Buena Mano sin moverte de casa","inLanguage":"es"},{"@type":"Person","@id":"https:\/\/www.clicars.com\/blog\/#\/schema\/person\/af686c41ba96962c68871392bf2bb62d","name":"Clicars","image":{"@type":"ImageObject","inLanguage":"es","@id":"https:\/\/www.clicars.com\/blog\/#\/schema\/person\/image\/","url":"https:\/\/secure.gravatar.com\/avatar\/3100622b0023049db14165cdba9dadaa9159743b871e83e440a0df9a70f80e56?s=96&d=mm&r=g","contentUrl":"https:\/\/secure.gravatar.com\/avatar\/3100622b0023049db14165cdba9dadaa9159743b871e83e440a0df9a70f80e56?s=96&d=mm&r=g","caption":"Clicars"},"sameAs":["https:\/\/www.clicars.com"],"url":"https:\/\/www.clicars.com\/blog\/author\/clicars\/"}]}},"_links":{"self":[{"href":"https:\/\/www.clicars.com\/blog\/wp-json\/wp\/v2\/posts\/13389","targetHints":{"allow":["GET"]}}],"collection":[{"href":"https:\/\/www.clicars.com\/blog\/wp-json\/wp\/v2\/posts"}],"about":[{"href":"https:\/\/www.clicars.com\/blog\/wp-json\/wp\/v2\/types\/post"}],"author":[{"embeddable":true,"href":"https:\/\/www.clicars.com\/blog\/wp-json\/wp\/v2\/users\/2"}],"replies":[{"embeddable":true,"href":"https:\/\/www.clicars.com\/blog\/wp-json\/wp\/v2\/comments?post=13389"}],"version-history":[{"count":1,"href":"https:\/\/www.clicars.com\/blog\/wp-json\/wp\/v2\/posts\/13389\/revisions"}],"predecessor-version":[{"id":13392,"href":"https:\/\/www.clicars.com\/blog\/wp-json\/wp\/v2\/posts\/13389\/revisions\/13392"}],"wp:featuredmedia":[{"embeddable":true,"href":"https:\/\/www.clicars.com\/blog\/wp-json\/wp\/v2\/media\/13390"}],"wp:attachment":[{"href":"https:\/\/www.clicars.com\/blog\/wp-json\/wp\/v2\/media?parent=13389"}],"wp:term":[{"taxonomy":"category","embeddable":true,"href":"https:\/\/www.clicars.com\/blog\/wp-json\/wp\/v2\/categories?post=13389"},{"taxonomy":"post_tag","embeddable":true,"href":"https:\/\/www.clicars.com\/blog\/wp-json\/wp\/v2\/tags?post=13389"}],"curies":[{"name":"wp","href":"https:\/\/api.w.org\/{rel}","templated":true}]}}