{"id":13517,"date":"2024-10-09T13:06:38","date_gmt":"2024-10-09T11:06:38","guid":{"rendered":"https:\/\/www.clicars.com\/blog\/?p=13517"},"modified":"2024-10-09T13:10:46","modified_gmt":"2024-10-09T11:10:46","slug":"conoce-la-recarga-del-aire-acondicionado-del-coche","status":"publish","type":"post","link":"https:\/\/www.clicars.com\/blog\/cliconsejos\/conoce-la-recarga-del-aire-acondicionado-del-coche\/","title":{"rendered":"Conoce la recarga del aire acondicionado del coche"},"content":{"rendered":"<div id=\"ez-toc-container\" class=\"ez-toc-v2_0_80 counter-hierarchy ez-toc-counter ez-toc-light-blue ez-toc-container-direction\">\n<p class=\"ez-toc-title\" style=\"cursor:inherit\">\u00cdndice de contenidos<\/p>\n<label for=\"ez-toc-cssicon-toggle-item-69f5d725a2bcb\" class=\"ez-toc-cssicon-toggle-label\"><span class=\"ez-toc-cssicon\"><span class=\"eztoc-hide\" style=\"display:none;\">Toggle<\/span><span class=\"ez-toc-icon-toggle-span\"><svg style=\"fill: #999;color:#999\" xmlns=\"http:\/\/www.w3.org\/2000\/svg\" class=\"list-377408\" width=\"20px\" height=\"20px\" viewBox=\"0 0 24 24\" fill=\"none\"><path d=\"M6 6H4v2h2V6zm14 0H8v2h12V6zM4 11h2v2H4v-2zm16 0H8v2h12v-2zM4 16h2v2H4v-2zm16 0H8v2h12v-2z\" fill=\"currentColor\"><\/path><\/svg><svg style=\"fill: #999;color:#999\" class=\"arrow-unsorted-368013\" xmlns=\"http:\/\/www.w3.org\/2000\/svg\" width=\"10px\" height=\"10px\" viewBox=\"0 0 24 24\" version=\"1.2\" baseProfile=\"tiny\"><path d=\"M18.2 9.3l-6.2-6.3-6.2 6.3c-.2.2-.3.4-.3.7s.1.5.3.7c.2.2.4.3.7.3h11c.3 0 .5-.1.7-.3.2-.2.3-.5.3-.7s-.1-.5-.3-.7zM5.8 14.7l6.2 6.3 6.2-6.3c.2-.2.3-.5.3-.7s-.1-.5-.3-.7c-.2-.2-.4-.3-.7-.3h-11c-.3 0-.5.1-.7.3-.2.2-.3.5-.3.7s.1.5.3.7z\"\/><\/svg><\/span><\/span><\/label><input type=\"checkbox\"  id=\"ez-toc-cssicon-toggle-item-69f5d725a2bcb\"  aria-label=\"Alternar\" \/><nav><ul class='ez-toc-list ez-toc-list-level-1 ' ><li class='ez-toc-page-1 ez-toc-heading-level-2'><a class=\"ez-toc-link ez-toc-heading-1\" href=\"https:\/\/www.clicars.com\/blog\/cliconsejos\/conoce-la-recarga-del-aire-acondicionado-del-coche\/#%C2%BFCuanto_Cuesta_Cargar_el_Aire_Acondicionado_de_un_Coche\" >\u00bfCu\u00e1nto Cuesta Cargar el Aire Acondicionado de un Coche?<\/a><\/li><li class='ez-toc-page-1 ez-toc-heading-level-2'><a class=\"ez-toc-link ez-toc-heading-2\" href=\"https:\/\/www.clicars.com\/blog\/cliconsejos\/conoce-la-recarga-del-aire-acondicionado-del-coche\/#%C2%BFCuanto_Cobran_por_Cargar_Gas_de_Aire_Acondicionado_del_Coche\" >\u00bfCu\u00e1nto Cobran por Cargar Gas de Aire Acondicionado del Coche?<\/a><\/li><li class='ez-toc-page-1 ez-toc-heading-level-2'><a class=\"ez-toc-link ez-toc-heading-3\" href=\"https:\/\/www.clicars.com\/blog\/cliconsejos\/conoce-la-recarga-del-aire-acondicionado-del-coche\/#%C2%BFCuando_debes_recargar_el_Aire_Acondicionado\" >\u00bfCu\u00e1ndo debes recargar el Aire Acondicionado?<\/a><\/li><li class='ez-toc-page-1 ez-toc-heading-level-2'><a class=\"ez-toc-link ez-toc-heading-4\" href=\"https:\/\/www.clicars.com\/blog\/cliconsejos\/conoce-la-recarga-del-aire-acondicionado-del-coche\/#%C2%BFCuanto_Dura_la_Carga_de_Gas_del_Aire_Acondicionado_de_un_Auto\" >\u00bfCu\u00e1nto Dura la Carga de Gas del Aire Acondicionado de un Auto?<\/a><\/li><\/ul><\/nav><\/div>\n\n<p><span style=\"font-weight: 400;\">\u00bfAlguna vez te has imaginado enfrentar una tarde calurosa sin<\/span><b> aire acondicionado en tu coche? <\/b><span style=\"font-weight: 400;\">Afortunadamente, en la actualidad, casi todos los coches disponen de este sistema de refrigeraci\u00f3n para que puedas viajar fresco y c\u00f3modo durante tus trayectos. <\/span><b>Su buen funcionamiento es esencial para la comodidad del conductor <\/b><span style=\"font-weight: 400;\">y los pasajeros, pero tambi\u00e9n para la seguridad y la eficiencia general del veh\u00edculo. Porque, como cualquier otro elemento de un coche, el aire acondicionado requiere un mantenimiento que no debemos pasar por alto.<\/span><\/p>\n<p><span style=\"font-weight: 400;\">Si no han sido precavidos, corren el riesgo de que<\/span><b> su aire acondicionado no act\u00fae con la potencia necesaria <\/b><span style=\"font-weight: 400;\">para enfriar el interior del coche o incluso, que haya dejado de funcionar. Especialmente <\/span><b>un dispositivo de aire acondicionado que no se activa durante mucho tiempo est\u00e1 expuesto a estropearse.<\/b><span style=\"font-weight: 400;\"> Y si quieres evitar sorpresas desagradables con el sistema, es recomendable encenderlo algunas veces durante el invierno para que se conserve su poder refrigerante y tambi\u00e9n, llevar a cabo todas las revisiones y mantenimiento necesarios para que siempre podamos disfrutar de nuestros trayectos sin sobresaltos.<\/span><\/p>\n<h2><span style=\"font-weight: 400;\"><img loading=\"lazy\" decoding=\"async\" class=\"aligncenter size-full wp-image-13520\" src=\"http:\/\/www.clicars.com\/blog\/wp-content\/uploads\/2024\/10\/recarga-aire-acondicionado-coche.jpg\" alt=\"Recarga aire acondicionado coche\" width=\"900\" height=\"600\" srcset=\"https:\/\/www.clicars.com\/blog\/wp-content\/uploads\/2024\/10\/recarga-aire-acondicionado-coche.jpg 900w, https:\/\/www.clicars.com\/blog\/wp-content\/uploads\/2024\/10\/recarga-aire-acondicionado-coche-300x200.jpg 300w, https:\/\/www.clicars.com\/blog\/wp-content\/uploads\/2024\/10\/recarga-aire-acondicionado-coche-768x512.jpg 768w\" sizes=\"auto, (max-width: 900px) 100vw, 900px\" \/><\/span><\/h2>\n<h2><span class=\"ez-toc-section\" id=\"%C2%BFCuanto_Cuesta_Cargar_el_Aire_Acondicionado_de_un_Coche\"><\/span><span style=\"font-weight: 400;\">\u00bfCu\u00e1nto Cuesta Cargar el Aire Acondicionado de un Coche?<\/span><span class=\"ez-toc-section-end\"><\/span><\/h2>\n<p><span style=\"font-weight: 400;\">Uno de los elementos que hacen funcionar nuestro aire acondicionado en el coche es <\/span><b>el gas refrigerante<\/b><span style=\"font-weight: 400;\">. Este elemento, que asegura que el sistema funcione de manera eficiente, se encuentra en un circuito que debemos rellenar y adem\u00e1s, tambi\u00e9n debemos cambiar con cierta frecuencia (cada 10.000 kil\u00f3metros aproximadamente) <\/span><b>el filtro del aire del habit\u00e1culo, <\/b><span style=\"font-weight: 400;\">m\u00e1s conocido como filtro del polen. Todo este mantenimiento, unido a la acci\u00f3n de conectar de vez en cuando el aire acondicionado en invierno, es necesario para mantener el climatizador en condiciones y seguro que te estar\u00e1s preguntando, cu\u00e1l es el precio de todo este proceso.<\/span><\/p>\n<p><span style=\"font-weight: 400;\">Para empezar, lo primero que debes tener claro, es que el costo de cargar el aire acondicionado est\u00e1 relacionado con los siguientes factores:<\/span><\/p>\n<ul>\n<li style=\"font-weight: 400;\" aria-level=\"1\"><b>Tipo de refrigerante<\/b><span style=\"font-weight: 400;\">: Existen diferentes tipos de refrigerantes utilizados en los sistemas de aire acondicionado de los coches. Cuanto m\u00e1s ecol\u00f3gico y m\u00e1s nuevo sea tu veh\u00edculo, el precio ser\u00e1 mayor.<\/span><\/li>\n<li style=\"font-weight: 400;\" aria-level=\"1\"><b>Cantidad de refrigerante necesaria<\/b><span style=\"font-weight: 400;\">: el costo tambi\u00e9n depender\u00e1 de la cantidad de refrigerante que se deba recargar. Como es evidente, a mayor cantidad, mayor ser\u00e1 el importe.<\/span><\/li>\n<li style=\"font-weight: 400;\" aria-level=\"1\"><b>Marca del coche:<\/b><span style=\"font-weight: 400;\"> puesto a que se trata de un proceso que debemos realizar en taller, la marca de tu coche condicionar\u00e1 el costo total de la recarga.<\/span><\/li>\n<li style=\"font-weight: 400;\" aria-level=\"1\"><b>Tarifas del taller<\/b><span style=\"font-weight: 400;\">: Las tarifas de mano de obra var\u00edan entre talleres y regiones. Adem\u00e1s, en algunos talleres el costo de la recarga puede incluir una inspecci\u00f3n del sistema para detectar posibles fugas, por lo que eso incrementar\u00eda el precio final.<\/span><\/li>\n<\/ul>\n<h2><span class=\"ez-toc-section\" id=\"%C2%BFCuanto_Cobran_por_Cargar_Gas_de_Aire_Acondicionado_del_Coche\"><\/span><span style=\"font-weight: 400;\">\u00bfCu\u00e1nto Cobran por Cargar Gas de Aire Acondicionado del Coche?<\/span><span class=\"ez-toc-section-end\"><\/span><\/h2>\n<p><span style=\"font-weight: 400;\">Con el tiempo es normal que <\/span><b>parte del gas refrigerante se pierda<\/b><span style=\"font-weight: 400;\">, debido a fugas peque\u00f1as o al desgaste natural del sistema. Cuando el nivel de refrigerante disminuye, <\/span><b>el aire acondicionado pierde eficiencia<\/b><span style=\"font-weight: 400;\"> y puede incluso dejar de funcionar. Por eso la recarga es necesaria para reponer el gas perdido y asegurar que el sistema funcione correctamente durante tus desplazamientos.<\/span><\/p>\n<p><span style=\"font-weight: 400;\">Como sucede en cualquier otra visita al taller, cargar el gas de aire acondicionado tiene un precio y aunque siempre debes tener en cuenta que<\/span><b> estos costos pueden variar seg\u00fan la regi\u00f3n y el taller <\/b><span style=\"font-weight: 400;\">donde se realice el servicio.\u00a0<\/span><\/p>\n<p><span style=\"font-weight: 400;\">Por lo general,<\/span><b> el precio suele oscilar entre los 50 y los 150 euros (<\/b><span style=\"font-weight: 400;\">siempre dependiendo de los factores mencionados anteriormente). En funci\u00f3n del fluido utilizado y del modelo en cuesti\u00f3n, la recarga tendr\u00e1 un valor u otro<\/span><b>. En los coches m\u00e1s antiguos el importe ser\u00e1 menos costoso<\/b><span style=\"font-weight: 400;\">, pero especialmente en los coches posteriores a<\/span><b> 2017,<\/b><span style=\"font-weight: 400;\"> el importe podr\u00eda alcanzar el valor m\u00e1ximo. \u00bfPor qu\u00e9? Por la necesidad de usar refrigerantes m\u00e1s respetuosos con el medio ambiente.\u00a0<\/span><\/p>\n<h2><span class=\"ez-toc-section\" id=\"%C2%BFCuando_debes_recargar_el_Aire_Acondicionado\"><\/span><span style=\"font-weight: 400;\">\u00bfCu\u00e1ndo debes recargar el Aire Acondicionado?<\/span><span class=\"ez-toc-section-end\"><\/span><\/h2>\n<p><span style=\"font-weight: 400;\">Al contrario que ocurre con el filtro del polen, que s\u00ed tiene una vida estimada y unos kil\u00f3metros exactos en los que se recomienda sustituir, en el caso de la recarga del aire acondicionado<\/span><b> los plazos son m\u00e1s flexibles.<\/b> <b>No existe una regla fija<\/b><span style=\"font-weight: 400;\"> sobre cu\u00e1ndo se debe recargar el aire acondicionado, pero presta atenci\u00f3n a estos signos, que s\u00ed te estar\u00edan indicando que ha llegado el momento de hacerlo:<\/span><\/p>\n<ul>\n<li style=\"font-weight: 400;\" aria-level=\"1\"><b>P\u00e9rdida de eficiencia<\/b><span style=\"font-weight: 400;\">: si notas que el aire acondicionado ya no enfr\u00eda tan bien como antes, es probable que necesite una recarga.<\/span><\/li>\n<li style=\"font-weight: 400;\" aria-level=\"1\"><b>Ruidos inusuales<\/b><span style=\"font-weight: 400;\">: sonidos extra\u00f1os al activar el aire acondicionado pueden indicar que el sistema est\u00e1 funcionando sin suficiente refrigerante.<\/span><\/li>\n<li style=\"font-weight: 400;\" aria-level=\"1\"><b>Mantenimiento regular<\/b><span style=\"font-weight: 400;\">: algunos talleres recomiendan revisar el sistema de aire acondicionado y recargarlo cada dos o tres a\u00f1os para asegurar su funcionamiento \u00f3ptimo.<\/span><\/li>\n<\/ul>\n<h2><span class=\"ez-toc-section\" id=\"%C2%BFCuanto_Dura_la_Carga_de_Gas_del_Aire_Acondicionado_de_un_Auto\"><\/span><span style=\"font-weight: 400;\">\u00bfCu\u00e1nto Dura la Carga de Gas del Aire Acondicionado de un Auto?<\/span><span class=\"ez-toc-section-end\"><\/span><\/h2>\n<p><span style=\"font-weight: 400;\">Como se ha comentado, no existe una directriz exacta para saber cu\u00e1ndo ha llegado el momento de recargar el aire acondicionado de un coche. <\/span><b>Su duraci\u00f3n puede variar en funci\u00f3n de diferentes factores<\/b><span style=\"font-weight: 400;\"> como la marca y el modelo de veh\u00edculo (por la capacidad del dep\u00f3sito), pero tambi\u00e9n estar\u00e1 condicionada a la calidad el sistema de aire acondicionado y <\/span><b>el uso que hacemos de \u00e9l <\/b><span style=\"font-weight: 400;\">durante nuestros trayectos.<\/span><\/p>\n<p><span style=\"font-weight: 400;\">\u00bfQu\u00e9 dice la norma general? Que <\/span><b>una carga de aire acondicionado en tu coche puede durar entre dos y tres a\u00f1os,<\/b><span style=\"font-weight: 400;\"> sin necesidad de llevar a cabo una recarga. Eso s\u00ed, siempre y cuando estemos exentos de alguna fuga o problema en el sistema. Una vez superado ese per\u00edodo de tiempo, la mayor\u00eda de fabricantes recomiendan<\/span><b> revisar c\u00f3mo va la carga y cu\u00e1l es su nivel, <\/b><span style=\"font-weight: 400;\">para saber si ha llegado el momento de la recarga o todo est\u00e1 en orden y podemos prolongar el proceso.\u00a0<\/span><\/p>\n<p><span style=\"font-weight: 400;\">La recarga del aire acondicionado del coche es una<\/span><b> parte esencial del mantenimiento regular que garantiza la comodidad y seguridad<\/b><span style=\"font-weight: 400;\"> del conductor y los pasajeros. Conocer los costos asociados, la frecuencia de recarga y qu\u00e9 esperar durante el proceso ayuda a los conductores a planificar adecuadamente y a mantener su veh\u00edculo en \u00f3ptimas condiciones. <\/span><b>Aseg\u00farate de revisar y recargar el sistema de aire acondicionado<\/b><span style=\"font-weight: 400;\"> seg\u00fan sea necesario para disfrutar de un viaje fresco y confortable en todo momento.<\/span><\/p>\n","protected":false},"excerpt":{"rendered":"<p>\u00bfAlguna vez te has imaginado enfrentar una tarde calurosa sin aire acondicionado en tu coche?&#8230;<\/p>\n","protected":false},"author":11,"featured_media":13519,"comment_status":"closed","ping_status":"closed","sticky":false,"template":"","format":"standard","meta":{"footnotes":""},"categories":[3],"tags":[],"class_list":{"0":"post-13517","1":"post","2":"type-post","3":"status-publish","4":"format-standard","5":"has-post-thumbnail","7":"category-cliconsejos"},"yoast_head":"<!-- This site is optimized with the Yoast SEO plugin v26.8 - https:\/\/yoast.com\/product\/yoast-seo-wordpress\/ -->\n<title>Conoce la recarga del aire acondicionado del coche - Clicars Blog<\/title>\n<meta name=\"description\" content=\"Aqu\u00ed descubrir\u00e1s todo lo que debes saber sobre la recarga del aire acondicionado de tu coche: cu\u00e1nto cuesta, cu\u00e1l es su gasto.\" \/>\n<meta name=\"robots\" content=\"index, follow, max-snippet:-1, max-image-preview:large, max-video-preview:-1\" \/>\n<link rel=\"canonical\" href=\"https:\/\/www.clicars.com\/blog\/cliconsejos\/conoce-la-recarga-del-aire-acondicionado-del-coche\/\" \/>\n<meta property=\"og:locale\" content=\"es_ES\" \/>\n<meta property=\"og:type\" content=\"article\" \/>\n<meta property=\"og:title\" content=\"Conoce la recarga del aire acondicionado del coche - Clicars Blog\" \/>\n<meta property=\"og:description\" content=\"Aqu\u00ed descubrir\u00e1s todo lo que debes saber sobre la recarga del aire acondicionado de tu coche: cu\u00e1nto cuesta, cu\u00e1l es su gasto.\" \/>\n<meta property=\"og:url\" content=\"https:\/\/www.clicars.com\/blog\/cliconsejos\/conoce-la-recarga-del-aire-acondicionado-del-coche\/\" \/>\n<meta property=\"og:site_name\" content=\"Clicars\" \/>\n<meta property=\"article:published_time\" content=\"2024-10-09T11:06:38+00:00\" \/>\n<meta property=\"article:modified_time\" content=\"2024-10-09T11:10:46+00:00\" \/>\n<meta property=\"og:image\" content=\"http:\/\/www.clicars.com\/blog\/wp-content\/uploads\/2024\/10\/Conoce-la-recarga-del-aire-acondicionado-del-coche.jpg\" \/>\n\t<meta property=\"og:image:width\" content=\"900\" \/>\n\t<meta property=\"og:image:height\" content=\"600\" \/>\n\t<meta property=\"og:image:type\" content=\"image\/jpeg\" \/>\n<meta name=\"author\" content=\"Carmen Ruiz\" \/>\n<meta name=\"twitter:card\" content=\"summary_large_image\" \/>\n<meta name=\"twitter:label1\" content=\"Escrito por\" \/>\n\t<meta name=\"twitter:data1\" content=\"Carmen Ruiz\" \/>\n\t<meta name=\"twitter:label2\" content=\"Tiempo de lectura\" \/>\n\t<meta name=\"twitter:data2\" content=\"6 minutos\" \/>\n<script type=\"application\/ld+json\" class=\"yoast-schema-graph\">{\"@context\":\"https:\/\/schema.org\",\"@graph\":[{\"@type\":\"Article\",\"@id\":\"https:\/\/www.clicars.com\/blog\/cliconsejos\/conoce-la-recarga-del-aire-acondicionado-del-coche\/#article\",\"isPartOf\":{\"@id\":\"https:\/\/www.clicars.com\/blog\/cliconsejos\/conoce-la-recarga-del-aire-acondicionado-del-coche\/\"},\"author\":{\"name\":\"Carmen Ruiz\",\"@id\":\"https:\/\/www.clicars.com\/blog\/#\/schema\/person\/479c02bf75aade1cf125545238f39cd8\"},\"headline\":\"Conoce la recarga del aire acondicionado del coche\",\"datePublished\":\"2024-10-09T11:06:38+00:00\",\"dateModified\":\"2024-10-09T11:10:46+00:00\",\"mainEntityOfPage\":{\"@id\":\"https:\/\/www.clicars.com\/blog\/cliconsejos\/conoce-la-recarga-del-aire-acondicionado-del-coche\/\"},\"wordCount\":1071,\"image\":{\"@id\":\"https:\/\/www.clicars.com\/blog\/cliconsejos\/conoce-la-recarga-del-aire-acondicionado-del-coche\/#primaryimage\"},\"thumbnailUrl\":\"https:\/\/www.clicars.com\/blog\/wp-content\/uploads\/2024\/10\/Conoce-la-recarga-del-aire-acondicionado-del-coche.jpg\",\"articleSection\":[\"Cliconsejos\"],\"inLanguage\":\"es\"},{\"@type\":[\"WebPage\",\"ItemPage\"],\"@id\":\"https:\/\/www.clicars.com\/blog\/cliconsejos\/conoce-la-recarga-del-aire-acondicionado-del-coche\/\",\"url\":\"https:\/\/www.clicars.com\/blog\/cliconsejos\/conoce-la-recarga-del-aire-acondicionado-del-coche\/\",\"name\":\"Conoce la recarga del aire acondicionado del coche - Clicars Blog\",\"isPartOf\":{\"@id\":\"https:\/\/www.clicars.com\/blog\/#website\"},\"primaryImageOfPage\":{\"@id\":\"https:\/\/www.clicars.com\/blog\/cliconsejos\/conoce-la-recarga-del-aire-acondicionado-del-coche\/#primaryimage\"},\"image\":{\"@id\":\"https:\/\/www.clicars.com\/blog\/cliconsejos\/conoce-la-recarga-del-aire-acondicionado-del-coche\/#primaryimage\"},\"thumbnailUrl\":\"https:\/\/www.clicars.com\/blog\/wp-content\/uploads\/2024\/10\/Conoce-la-recarga-del-aire-acondicionado-del-coche.jpg\",\"datePublished\":\"2024-10-09T11:06:38+00:00\",\"dateModified\":\"2024-10-09T11:10:46+00:00\",\"author\":{\"@id\":\"https:\/\/www.clicars.com\/blog\/#\/schema\/person\/479c02bf75aade1cf125545238f39cd8\"},\"description\":\"Aqu\u00ed descubrir\u00e1s todo lo que debes saber sobre la recarga del aire acondicionado de tu coche: cu\u00e1nto cuesta, cu\u00e1l es su gasto.\",\"breadcrumb\":{\"@id\":\"https:\/\/www.clicars.com\/blog\/cliconsejos\/conoce-la-recarga-del-aire-acondicionado-del-coche\/#breadcrumb\"},\"inLanguage\":\"es\",\"potentialAction\":[{\"@type\":\"ReadAction\",\"target\":[\"https:\/\/www.clicars.com\/blog\/cliconsejos\/conoce-la-recarga-del-aire-acondicionado-del-coche\/\"]}]},{\"@type\":\"ImageObject\",\"inLanguage\":\"es\",\"@id\":\"https:\/\/www.clicars.com\/blog\/cliconsejos\/conoce-la-recarga-del-aire-acondicionado-del-coche\/#primaryimage\",\"url\":\"https:\/\/www.clicars.com\/blog\/wp-content\/uploads\/2024\/10\/Conoce-la-recarga-del-aire-acondicionado-del-coche.jpg\",\"contentUrl\":\"https:\/\/www.clicars.com\/blog\/wp-content\/uploads\/2024\/10\/Conoce-la-recarga-del-aire-acondicionado-del-coche.jpg\",\"width\":900,\"height\":600,\"caption\":\"Conoce la recarga del aire acondicionado del coche\"},{\"@type\":\"BreadcrumbList\",\"@id\":\"https:\/\/www.clicars.com\/blog\/cliconsejos\/conoce-la-recarga-del-aire-acondicionado-del-coche\/#breadcrumb\",\"itemListElement\":[{\"@type\":\"ListItem\",\"position\":1,\"name\":\"Portada\",\"item\":\"https:\/\/www.clicars.com\/blog\/\"},{\"@type\":\"ListItem\",\"position\":2,\"name\":\"Conoce la recarga del aire acondicionado del coche\"}]},{\"@type\":\"WebSite\",\"@id\":\"https:\/\/www.clicars.com\/blog\/#website\",\"url\":\"https:\/\/www.clicars.com\/blog\/\",\"name\":\"Clicars\",\"description\":\"Compra tu coche de Buena Mano sin moverte de casa\",\"inLanguage\":\"es\"},{\"@type\":\"Person\",\"@id\":\"https:\/\/www.clicars.com\/blog\/#\/schema\/person\/479c02bf75aade1cf125545238f39cd8\",\"name\":\"Carmen Ruiz\",\"image\":{\"@type\":\"ImageObject\",\"inLanguage\":\"es\",\"@id\":\"https:\/\/www.clicars.com\/blog\/#\/schema\/person\/image\/\",\"url\":\"https:\/\/secure.gravatar.com\/avatar\/a0423e471ced02f73a62b5c5f5b49f4431469fa6c61214e7aca040fb6b5a9d62?s=96&d=mm&r=g\",\"contentUrl\":\"https:\/\/secure.gravatar.com\/avatar\/a0423e471ced02f73a62b5c5f5b49f4431469fa6c61214e7aca040fb6b5a9d62?s=96&d=mm&r=g\",\"caption\":\"Carmen Ruiz\"},\"description\":\"Mayo del 97. Empec\u00e9 a escribir sobre motor en El Mundo unos cuantos a\u00f1os m\u00e1s tarde y aunque sent\u00eda que llegaba tarde, supe que era lo que quer\u00eda hacer toda la vida. Me sub\u00ed a muchos asientos en la zona del conductor y despu\u00e9s de probar unos cuantos coches, hice una parada en AS para pasar al lado de la competici\u00f3n. He invertido mucha parte de mi tiempo en los circuitos, pero tambi\u00e9n he podido ver carreras en el desierto como enviada especial al Dakar. Y aunque en la competici\u00f3n todo es m\u00e1s fren\u00e9tico, he comprobado que la adrenalina de pisar un acelerador para descubrir las bondades, nunca desparace.\",\"sameAs\":[\"https:\/\/es.linkedin.com\/in\/carmen-mar\u00eda-ruiz-mart\u00ednez-3440a1116\"],\"url\":\"https:\/\/www.clicars.com\/blog\/author\/carmen-ruiz\/\"}]}<\/script>\n<!-- \/ Yoast SEO plugin. -->","yoast_head_json":{"title":"Conoce la recarga del aire acondicionado del coche - Clicars Blog","description":"Aqu\u00ed descubrir\u00e1s todo lo que debes saber sobre la recarga del aire acondicionado de tu coche: cu\u00e1nto cuesta, cu\u00e1l es su gasto.","robots":{"index":"index","follow":"follow","max-snippet":"max-snippet:-1","max-image-preview":"max-image-preview:large","max-video-preview":"max-video-preview:-1"},"canonical":"https:\/\/www.clicars.com\/blog\/cliconsejos\/conoce-la-recarga-del-aire-acondicionado-del-coche\/","og_locale":"es_ES","og_type":"article","og_title":"Conoce la recarga del aire acondicionado del coche - Clicars Blog","og_description":"Aqu\u00ed descubrir\u00e1s todo lo que debes saber sobre la recarga del aire acondicionado de tu coche: cu\u00e1nto cuesta, cu\u00e1l es su gasto.","og_url":"https:\/\/www.clicars.com\/blog\/cliconsejos\/conoce-la-recarga-del-aire-acondicionado-del-coche\/","og_site_name":"Clicars","article_published_time":"2024-10-09T11:06:38+00:00","article_modified_time":"2024-10-09T11:10:46+00:00","og_image":[{"width":900,"height":600,"url":"http:\/\/www.clicars.com\/blog\/wp-content\/uploads\/2024\/10\/Conoce-la-recarga-del-aire-acondicionado-del-coche.jpg","type":"image\/jpeg"}],"author":"Carmen Ruiz","twitter_card":"summary_large_image","twitter_misc":{"Escrito por":"Carmen Ruiz","Tiempo de lectura":"6 minutos"},"schema":{"@context":"https:\/\/schema.org","@graph":[{"@type":"Article","@id":"https:\/\/www.clicars.com\/blog\/cliconsejos\/conoce-la-recarga-del-aire-acondicionado-del-coche\/#article","isPartOf":{"@id":"https:\/\/www.clicars.com\/blog\/cliconsejos\/conoce-la-recarga-del-aire-acondicionado-del-coche\/"},"author":{"name":"Carmen Ruiz","@id":"https:\/\/www.clicars.com\/blog\/#\/schema\/person\/479c02bf75aade1cf125545238f39cd8"},"headline":"Conoce la recarga del aire acondicionado del coche","datePublished":"2024-10-09T11:06:38+00:00","dateModified":"2024-10-09T11:10:46+00:00","mainEntityOfPage":{"@id":"https:\/\/www.clicars.com\/blog\/cliconsejos\/conoce-la-recarga-del-aire-acondicionado-del-coche\/"},"wordCount":1071,"image":{"@id":"https:\/\/www.clicars.com\/blog\/cliconsejos\/conoce-la-recarga-del-aire-acondicionado-del-coche\/#primaryimage"},"thumbnailUrl":"https:\/\/www.clicars.com\/blog\/wp-content\/uploads\/2024\/10\/Conoce-la-recarga-del-aire-acondicionado-del-coche.jpg","articleSection":["Cliconsejos"],"inLanguage":"es"},{"@type":["WebPage","ItemPage"],"@id":"https:\/\/www.clicars.com\/blog\/cliconsejos\/conoce-la-recarga-del-aire-acondicionado-del-coche\/","url":"https:\/\/www.clicars.com\/blog\/cliconsejos\/conoce-la-recarga-del-aire-acondicionado-del-coche\/","name":"Conoce la recarga del aire acondicionado del coche - Clicars Blog","isPartOf":{"@id":"https:\/\/www.clicars.com\/blog\/#website"},"primaryImageOfPage":{"@id":"https:\/\/www.clicars.com\/blog\/cliconsejos\/conoce-la-recarga-del-aire-acondicionado-del-coche\/#primaryimage"},"image":{"@id":"https:\/\/www.clicars.com\/blog\/cliconsejos\/conoce-la-recarga-del-aire-acondicionado-del-coche\/#primaryimage"},"thumbnailUrl":"https:\/\/www.clicars.com\/blog\/wp-content\/uploads\/2024\/10\/Conoce-la-recarga-del-aire-acondicionado-del-coche.jpg","datePublished":"2024-10-09T11:06:38+00:00","dateModified":"2024-10-09T11:10:46+00:00","author":{"@id":"https:\/\/www.clicars.com\/blog\/#\/schema\/person\/479c02bf75aade1cf125545238f39cd8"},"description":"Aqu\u00ed descubrir\u00e1s todo lo que debes saber sobre la recarga del aire acondicionado de tu coche: cu\u00e1nto cuesta, cu\u00e1l es su gasto.","breadcrumb":{"@id":"https:\/\/www.clicars.com\/blog\/cliconsejos\/conoce-la-recarga-del-aire-acondicionado-del-coche\/#breadcrumb"},"inLanguage":"es","potentialAction":[{"@type":"ReadAction","target":["https:\/\/www.clicars.com\/blog\/cliconsejos\/conoce-la-recarga-del-aire-acondicionado-del-coche\/"]}]},{"@type":"ImageObject","inLanguage":"es","@id":"https:\/\/www.clicars.com\/blog\/cliconsejos\/conoce-la-recarga-del-aire-acondicionado-del-coche\/#primaryimage","url":"https:\/\/www.clicars.com\/blog\/wp-content\/uploads\/2024\/10\/Conoce-la-recarga-del-aire-acondicionado-del-coche.jpg","contentUrl":"https:\/\/www.clicars.com\/blog\/wp-content\/uploads\/2024\/10\/Conoce-la-recarga-del-aire-acondicionado-del-coche.jpg","width":900,"height":600,"caption":"Conoce la recarga del aire acondicionado del coche"},{"@type":"BreadcrumbList","@id":"https:\/\/www.clicars.com\/blog\/cliconsejos\/conoce-la-recarga-del-aire-acondicionado-del-coche\/#breadcrumb","itemListElement":[{"@type":"ListItem","position":1,"name":"Portada","item":"https:\/\/www.clicars.com\/blog\/"},{"@type":"ListItem","position":2,"name":"Conoce la recarga del aire acondicionado del coche"}]},{"@type":"WebSite","@id":"https:\/\/www.clicars.com\/blog\/#website","url":"https:\/\/www.clicars.com\/blog\/","name":"Clicars","description":"Compra tu coche de Buena Mano sin moverte de casa","inLanguage":"es"},{"@type":"Person","@id":"https:\/\/www.clicars.com\/blog\/#\/schema\/person\/479c02bf75aade1cf125545238f39cd8","name":"Carmen Ruiz","image":{"@type":"ImageObject","inLanguage":"es","@id":"https:\/\/www.clicars.com\/blog\/#\/schema\/person\/image\/","url":"https:\/\/secure.gravatar.com\/avatar\/a0423e471ced02f73a62b5c5f5b49f4431469fa6c61214e7aca040fb6b5a9d62?s=96&d=mm&r=g","contentUrl":"https:\/\/secure.gravatar.com\/avatar\/a0423e471ced02f73a62b5c5f5b49f4431469fa6c61214e7aca040fb6b5a9d62?s=96&d=mm&r=g","caption":"Carmen Ruiz"},"description":"Mayo del 97. Empec\u00e9 a escribir sobre motor en El Mundo unos cuantos a\u00f1os m\u00e1s tarde y aunque sent\u00eda que llegaba tarde, supe que era lo que quer\u00eda hacer toda la vida. Me sub\u00ed a muchos asientos en la zona del conductor y despu\u00e9s de probar unos cuantos coches, hice una parada en AS para pasar al lado de la competici\u00f3n. He invertido mucha parte de mi tiempo en los circuitos, pero tambi\u00e9n he podido ver carreras en el desierto como enviada especial al Dakar. Y aunque en la competici\u00f3n todo es m\u00e1s fren\u00e9tico, he comprobado que la adrenalina de pisar un acelerador para descubrir las bondades, nunca desparace.","sameAs":["https:\/\/es.linkedin.com\/in\/carmen-mar\u00eda-ruiz-mart\u00ednez-3440a1116"],"url":"https:\/\/www.clicars.com\/blog\/author\/carmen-ruiz\/"}]}},"_links":{"self":[{"href":"https:\/\/www.clicars.com\/blog\/wp-json\/wp\/v2\/posts\/13517","targetHints":{"allow":["GET"]}}],"collection":[{"href":"https:\/\/www.clicars.com\/blog\/wp-json\/wp\/v2\/posts"}],"about":[{"href":"https:\/\/www.clicars.com\/blog\/wp-json\/wp\/v2\/types\/post"}],"author":[{"embeddable":true,"href":"https:\/\/www.clicars.com\/blog\/wp-json\/wp\/v2\/users\/11"}],"replies":[{"embeddable":true,"href":"https:\/\/www.clicars.com\/blog\/wp-json\/wp\/v2\/comments?post=13517"}],"version-history":[{"count":2,"href":"https:\/\/www.clicars.com\/blog\/wp-json\/wp\/v2\/posts\/13517\/revisions"}],"predecessor-version":[{"id":13522,"href":"https:\/\/www.clicars.com\/blog\/wp-json\/wp\/v2\/posts\/13517\/revisions\/13522"}],"wp:featuredmedia":[{"embeddable":true,"href":"https:\/\/www.clicars.com\/blog\/wp-json\/wp\/v2\/media\/13519"}],"wp:attachment":[{"href":"https:\/\/www.clicars.com\/blog\/wp-json\/wp\/v2\/media?parent=13517"}],"wp:term":[{"taxonomy":"category","embeddable":true,"href":"https:\/\/www.clicars.com\/blog\/wp-json\/wp\/v2\/categories?post=13517"},{"taxonomy":"post_tag","embeddable":true,"href":"https:\/\/www.clicars.com\/blog\/wp-json\/wp\/v2\/tags?post=13517"}],"curies":[{"name":"wp","href":"https:\/\/api.w.org\/{rel}","templated":true}]}}